{"id":17601,"date":"2026-01-23T17:36:51","date_gmt":"2026-01-23T16:36:51","guid":{"rendered":"https:\/\/infos-droitshumains.net\/?p=17601"},"modified":"2026-01-23T18:08:46","modified_gmt":"2026-01-23T17:08:46","slug":"conflit-dagenda-au-sein-des-barreaux-marche-de-sante-ou-assemblee-generale-elective-les-avocats-face-a-un-choix-delicat","status":"publish","type":"post","link":"https:\/\/infos-droitshumains.net\/?p=17601","title":{"rendered":"Conflit d\u2019agenda au sein des Barreaux : marche de sant\u00e9 ou Assembl\u00e9e G\u00e9n\u00e9rale \u00e9lective, les avocats face \u00e0 un choix d\u00e9licat"},"content":{"rendered":"\n<p><strong>R\u00e9daction: +243 817 406 088<\/strong><\/p>\n\n\n\n<h3 class=\"wp-block-heading has-vivid-red-color has-text-color has-link-color wp-elements-84c4d03016f674f69288575010368576\">La journ\u00e9e du samedi 24 janvier 2025 s\u2019annonce particuli\u00e8rement sensible pour la communaut\u00e9 des avocats de la ville de Kinshasa, en raison du chevauchement de deux activit\u00e9s majeures organis\u00e9es simultan\u00e9ment par diff\u00e9rentes structures professionnelles.<\/h3>\n\n\n\n<p>D\u2019une part, l\u2019ASBL Avocats d\u2019Ici et d\u2019Ailleurs, en collaboration avec le Barreau de Kinshasa-Gombe, pr\u00e9voit l\u2019organisation d\u2019une marche de sant\u00e9. D\u2019autre part, le Barreau de Kinshasa-Matete a officiellement annonc\u00e9 la tenue de son Assembl\u00e9e G\u00e9n\u00e9rale \u00c9lective \u00e0 la m\u00eame date.<\/p>\n\n\n\n<figure class=\"wp-block-image alignfull size-large\"><img data-recalc-dims=\"1\" fetchpriority=\"high\" decoding=\"async\" width=\"640\" height=\"802\" src=\"https:\/\/i0.wp.com\/infos-droitshumains.net\/wp-content\/uploads\/2026\/01\/1001094453.jpg?resize=640%2C802&#038;ssl=1\" alt=\"\" class=\"wp-image-17610\" srcset=\"https:\/\/i0.wp.com\/infos-droitshumains.net\/wp-content\/uploads\/2026\/01\/1001094453.jpg?resize=817%2C1024&amp;ssl=1 817w, https:\/\/i0.wp.com\/infos-droitshumains.net\/wp-content\/uploads\/2026\/01\/1001094453.jpg?resize=239%2C300&amp;ssl=1 239w, https:\/\/i0.wp.com\/infos-droitshumains.net\/wp-content\/uploads\/2026\/01\/1001094453.jpg?resize=768%2C963&amp;ssl=1 768w, https:\/\/i0.wp.com\/infos-droitshumains.net\/wp-content\/uploads\/2026\/01\/1001094453.jpg?w=1021&amp;ssl=1 1021w\" sizes=\"(max-width: 640px) 100vw, 640px\" \/><figcaption class=\"wp-element-caption\">Affiche de la marche de sant\u00e9 organis\u00e9e par<br>Avocats d\u2019Ici et d\u2019Ailleurs et le BKG<\/figcaption><\/figure>\n\n\n\n<figure class=\"wp-block-image alignfull size-large\"><img data-recalc-dims=\"1\" decoding=\"async\" width=\"640\" height=\"880\" src=\"https:\/\/i0.wp.com\/infos-droitshumains.net\/wp-content\/uploads\/2026\/01\/1001109556.jpg?resize=640%2C880&#038;ssl=1\" alt=\"\" class=\"wp-image-17607\" srcset=\"https:\/\/i0.wp.com\/infos-droitshumains.net\/wp-content\/uploads\/2026\/01\/1001109556.jpg?resize=745%2C1024&amp;ssl=1 745w, https:\/\/i0.wp.com\/infos-droitshumains.net\/wp-content\/uploads\/2026\/01\/1001109556.jpg?resize=218%2C300&amp;ssl=1 218w, https:\/\/i0.wp.com\/infos-droitshumains.net\/wp-content\/uploads\/2026\/01\/1001109556.jpg?resize=768%2C1056&amp;ssl=1 768w, https:\/\/i0.wp.com\/infos-droitshumains.net\/wp-content\/uploads\/2026\/01\/1001109556.jpg?w=850&amp;ssl=1 850w\" sizes=\"(max-width: 640px) 100vw, 640px\" \/><figcaption class=\"wp-element-caption\">Communiqu\u00e9 portant convocation de l\u2019AGE du<br>Barreau de Kinshasa Matete <\/figcaption><\/figure>\n\n\n\n<p>Si, juridiquement, la tenue de chacune de ces activit\u00e9s ne viole aucune disposition l\u00e9gale, la controverse na\u00eet plut\u00f4t du chevauchement de calendrier, lequel place plusieurs avocats dans une situation inconfortable, voire conflictuelle.<\/p>\n\n\n\n<p>En effet, la loi-cadre du Barreau rend obligatoire la participation des avocats \u00e0 toutes les activit\u00e9s organis\u00e9es par leur Ordre. Or, dans le cas sous examen, l\u2019Assembl\u00e9e G\u00e9n\u00e9rale \u00c9lective constitue une activit\u00e9 statutaire, r\u00e9glementaire et d\u00e9cisive pour la vie institutionnelle d\u2019un Barreau.<\/p>\n\n\n\n<p>\u00c0 l\u2019inverse, l\u2019ASBL Avocats d\u2019Ici et d\u2019Ailleurs est une structure associative regroupant les avocats de l\u2019ensemble des Barreaux de la R\u00e9publique d\u00e9mocratique du Congo, y compris ceux de Kinshasa-Gombe et de Kinshasa-Matete, ainsi que des avocats de plusieurs pays \u00e9trangers.<\/p>\n\n\n\n<p>Face \u00e0 cette situation, une interrogation majeure traverse les rangs des avocats du Barreau de Kinshasa-Matete : \u00e0 quelle activit\u00e9 doivent-ils l\u00e9galement et d\u00e9ontologiquement prendre part ?<\/p>\n\n\n\n<p>Cette pr\u00e9occupation est largement partag\u00e9e au sein de la corporation, comme en t\u00e9moignent plusieurs r\u00e9actions recueillies par la r\u00e9daction du Journal T\u00e9l\u00e9vis\u00e9 des Droits Humains.<\/p>\n\n\n\n<p><em>\u00ab Les Avocats d\u00a0\u00bbIci et d&rsquo;ailleurs ne concernent pas seulement les Avocats du Barreau de Kinshasa-Gombe, il y &lsquo;a aussi les Avocats d&rsquo; autres Barreaux. En ce qui me concerne, je pense que cette activit\u00e9 (marche de sant\u00e9) est \u00e0 revoir surtout qu&rsquo;il y &lsquo;aura aussi l&rsquo;Assembl\u00e9e G\u00e9n\u00e9rale du Barreau de Kinshasa-Matete \u00e0 la m\u00eame date \u00bb<\/em>,<br>nous a confi\u00e9 un membre du Conseil de l\u2019Ordre d\u2019un Barreau du pays.<\/p>\n\n\n\n<p>Une position aussit\u00f4t appuy\u00e9e par un confr\u00e8re issu d\u2019un Barreau de l\u2019int\u00e9rieur de la R\u00e9publique :<\/p>\n\n\n\n<p><em>\u00ab Organis\u00e9 une activit\u00e9 \u00e0 la m\u00eame date que l\u2019Assembl\u00e9e G\u00e9n\u00e9rale du Barreau de Matete pour moi constitue un moyen pour \u00e9carter les avocats d\u2019autres barreaux comme les avocats du Barreau de Matete \u00bb.<\/em><\/p>\n\n\n\n<p>Le d\u00e9bat d\u00e9passe d\u00e9sormais les fronti\u00e8res nationales. En tant qu\u2019association \u00e0 vocation internationale, l\u2019ASBL Avocats d\u2019Ici et d\u2019Ailleurs suscite \u00e9galement des r\u00e9actions parmi les avocats \u00e9trangers membres de la structure.<\/p>\n\n\n\n<p>Un avocat du Barreau du Niger, joint par la r\u00e9daction du Journal T\u00e9l\u00e9vis\u00e9 des Droits Humains, s\u2019est ainsi interrog\u00e9 :<\/p>\n\n\n\n<p><em>\u00ab Les Avocats d\u2019ici et d\u2019ailleurs regorgent en son sein la multiplicit\u00e9 des Barreaux de la RDC, Barreaux \u00c9trangers y compris. Nous devons faire la part des choses. Cette collaboration avec un seul Barreau de la RDC se fonde sur quoi ? \u00bb<\/em><\/p>\n\n\n\n<p>Ces diff\u00e9rentes prises de position mettent en lumi\u00e8re un malaise r\u00e9el li\u00e9 \u00e0 la coordination des activit\u00e9s professionnelles, \u00e0 la hi\u00e9rarchie des normes internes et au respect du caract\u00e8re obligatoire des activit\u00e9s ordinales.<\/p>\n\n\n\n<p>Pour plusieurs observateurs avertis du monde judiciaire, la solution la plus responsable consisterait \u00e0 reprogrammer ou annuler la marche de sant\u00e9, afin de ne pas porter atteinte \u00e0 la tenue de l\u2019Assembl\u00e9e G\u00e9n\u00e9rale \u00c9lective, laquelle demeure une activit\u00e9 fondamentale, r\u00e9glementaire et d\u00e9terminante pour la gouvernance du Barreau de Kinshasa-Matete.<\/p>\n\n\n\n<p>Dans un contexte o\u00f9 la coh\u00e9sion, la solidarit\u00e9 et l\u2019unit\u00e9 du corps des avocats demeurent essentielles, une meilleure harmonisation des calendriers appara\u00eet plus que jamais comme une n\u00e9cessit\u00e9 pour \u00e9viter toute fracture inutile au sein de la profession.<\/p>\n\n\n\n<p>Merlin Kamalandua<\/p>\n","protected":false},"excerpt":{"rendered":"<p>R\u00e9daction: +243 817 406 088 La journ\u00e9e du samedi 24 janvier 2025 s\u2019annonce particuli\u00e8rement sensible&#8230;<\/p>\n","protected":false},"author":2,"featured_media":17606,"comment_status":"open","ping_status":"open","sticky":false,"template":"","format":"standard","meta":{"_jetpack_memberships_contains_paid_content":false,"footnotes":""},"categories":[6],"tags":[],"class_list":["post-17601","post","type-post","status-publish","format-standard","has-post-thumbnail","hentry","category-justice"],"yoast_head":"<!-- This site is optimized with the Yoast SEO plugin v27.5 - https:\/\/yoast.com\/product\/yoast-seo-wordpress\/ -->\n<title>Conflit d\u2019agenda au sein des Barreaux : marche de sant\u00e9 ou Assembl\u00e9e G\u00e9n\u00e9rale \u00e9lective, les avocats face \u00e0 un choix d\u00e9licat - Infos Droits Humains<\/title>\n<meta name=\"robots\" content=\"index, follow, max-snippet:-1, max-image-preview:large, max-video-preview:-1\" \/>\n<link rel=\"canonical\" href=\"https:\/\/infos-droitshumains.net\/?p=17601\" \/>\n<meta property=\"og:locale\" content=\"fr_FR\" \/>\n<meta property=\"og:type\" content=\"article\" \/>\n<meta property=\"og:title\" content=\"Conflit d\u2019agenda au sein des Barreaux : marche de sant\u00e9 ou Assembl\u00e9e G\u00e9n\u00e9rale \u00e9lective, les avocats face \u00e0 un choix d\u00e9licat - Infos Droits Humains\" \/>\n<meta property=\"og:description\" content=\"R\u00e9daction: +243 817 406 088 La journ\u00e9e du samedi 24 janvier 2025 s\u2019annonce particuli\u00e8rement sensible...\" \/>\n<meta property=\"og:url\" content=\"https:\/\/infos-droitshumains.net\/?p=17601\" \/>\n<meta property=\"og:site_name\" content=\"Infos Droits Humains\" \/>\n<meta property=\"article:published_time\" content=\"2026-01-23T16:36:51+00:00\" \/>\n<meta property=\"article:modified_time\" content=\"2026-01-23T17:08:46+00:00\" \/>\n<meta property=\"og:image\" content=\"https:\/\/infos-droitshumains.net\/wp-content\/uploads\/2026\/01\/8VaQPSQmenOx9pMBCJaP-cropped_497x359.jpg\" \/>\n\t<meta property=\"og:image:width\" content=\"497\" \/>\n\t<meta property=\"og:image:height\" content=\"290\" \/>\n\t<meta property=\"og:image:type\" content=\"image\/jpeg\" \/>\n<meta name=\"author\" content=\"Jo\u00ebl Diawa\" \/>\n<meta name=\"twitter:card\" content=\"summary_large_image\" \/>\n<meta name=\"twitter:label1\" content=\"\u00c9crit par\" \/>\n\t<meta name=\"twitter:data1\" content=\"Jo\u00ebl Diawa\" \/>\n\t<meta name=\"twitter:label2\" content=\"Dur\u00e9e de lecture estim\u00e9e\" \/>\n\t<meta name=\"twitter:data2\" content=\"4 minutes\" \/>\n<script type=\"application\/ld+json\" class=\"yoast-schema-graph\">{\"@context\":\"https:\\\/\\\/schema.org\",\"@graph\":[{\"@type\":\"Article\",\"@id\":\"https:\\\/\\\/infos-droitshumains.net\\\/?p=17601#article\",\"isPartOf\":{\"@id\":\"https:\\\/\\\/infos-droitshumains.net\\\/?p=17601\"},\"author\":{\"name\":\"Jo\u00ebl Diawa\",\"@id\":\"https:\\\/\\\/infos-droitshumains.net\\\/#\\\/schema\\\/person\\\/3dc5e921c3302172e0ed4362f96faab7\"},\"headline\":\"Conflit d\u2019agenda au sein des Barreaux : marche de sant\u00e9 ou Assembl\u00e9e G\u00e9n\u00e9rale \u00e9lective, les avocats face \u00e0 un choix d\u00e9licat\",\"datePublished\":\"2026-01-23T16:36:51+00:00\",\"dateModified\":\"2026-01-23T17:08:46+00:00\",\"mainEntityOfPage\":{\"@id\":\"https:\\\/\\\/infos-droitshumains.net\\\/?p=17601\"},\"wordCount\":701,\"commentCount\":0,\"publisher\":{\"@id\":\"https:\\\/\\\/infos-droitshumains.net\\\/#organization\"},\"image\":{\"@id\":\"https:\\\/\\\/infos-droitshumains.net\\\/?p=17601#primaryimage\"},\"thumbnailUrl\":\"https:\\\/\\\/i0.wp.com\\\/infos-droitshumains.net\\\/wp-content\\\/uploads\\\/2026\\\/01\\\/8VaQPSQmenOx9pMBCJaP-cropped_497x359.jpg?fit=497%2C290&ssl=1\",\"articleSection\":[\"Justice\"],\"inLanguage\":\"fr-FR\",\"potentialAction\":[{\"@type\":\"CommentAction\",\"name\":\"Comment\",\"target\":[\"https:\\\/\\\/infos-droitshumains.net\\\/?p=17601#respond\"]}]},{\"@type\":\"WebPage\",\"@id\":\"https:\\\/\\\/infos-droitshumains.net\\\/?p=17601\",\"url\":\"https:\\\/\\\/infos-droitshumains.net\\\/?p=17601\",\"name\":\"Conflit d\u2019agenda au sein des Barreaux : marche de sant\u00e9 ou Assembl\u00e9e G\u00e9n\u00e9rale \u00e9lective, les avocats face \u00e0 un choix d\u00e9licat - Infos Droits Humains\",\"isPartOf\":{\"@id\":\"https:\\\/\\\/infos-droitshumains.net\\\/#website\"},\"primaryImageOfPage\":{\"@id\":\"https:\\\/\\\/infos-droitshumains.net\\\/?p=17601#primaryimage\"},\"image\":{\"@id\":\"https:\\\/\\\/infos-droitshumains.net\\\/?p=17601#primaryimage\"},\"thumbnailUrl\":\"https:\\\/\\\/i0.wp.com\\\/infos-droitshumains.net\\\/wp-content\\\/uploads\\\/2026\\\/01\\\/8VaQPSQmenOx9pMBCJaP-cropped_497x359.jpg?fit=497%2C290&ssl=1\",\"datePublished\":\"2026-01-23T16:36:51+00:00\",\"dateModified\":\"2026-01-23T17:08:46+00:00\",\"breadcrumb\":{\"@id\":\"https:\\\/\\\/infos-droitshumains.net\\\/?p=17601#breadcrumb\"},\"inLanguage\":\"fr-FR\",\"potentialAction\":[{\"@type\":\"ReadAction\",\"target\":[\"https:\\\/\\\/infos-droitshumains.net\\\/?p=17601\"]}]},{\"@type\":\"ImageObject\",\"inLanguage\":\"fr-FR\",\"@id\":\"https:\\\/\\\/infos-droitshumains.net\\\/?p=17601#primaryimage\",\"url\":\"https:\\\/\\\/i0.wp.com\\\/infos-droitshumains.net\\\/wp-content\\\/uploads\\\/2026\\\/01\\\/8VaQPSQmenOx9pMBCJaP-cropped_497x359.jpg?fit=497%2C290&ssl=1\",\"contentUrl\":\"https:\\\/\\\/i0.wp.com\\\/infos-droitshumains.net\\\/wp-content\\\/uploads\\\/2026\\\/01\\\/8VaQPSQmenOx9pMBCJaP-cropped_497x359.jpg?fit=497%2C290&ssl=1\",\"width\":497,\"height\":290},{\"@type\":\"BreadcrumbList\",\"@id\":\"https:\\\/\\\/infos-droitshumains.net\\\/?p=17601#breadcrumb\",\"itemListElement\":[{\"@type\":\"ListItem\",\"position\":1,\"name\":\"Accueil\",\"item\":\"https:\\\/\\\/infos-droitshumains.net\\\/\"},{\"@type\":\"ListItem\",\"position\":2,\"name\":\"Conflit d\u2019agenda au sein des Barreaux : marche de sant\u00e9 ou Assembl\u00e9e G\u00e9n\u00e9rale \u00e9lective, les avocats face \u00e0 un choix d\u00e9licat\"}]},{\"@type\":\"WebSite\",\"@id\":\"https:\\\/\\\/infos-droitshumains.net\\\/#website\",\"url\":\"https:\\\/\\\/infos-droitshumains.net\\\/\",\"name\":\"Infos Droits Humains\",\"description\":\"S&#039;informer est un droit\",\"publisher\":{\"@id\":\"https:\\\/\\\/infos-droitshumains.net\\\/#organization\"},\"potentialAction\":[{\"@type\":\"SearchAction\",\"target\":{\"@type\":\"EntryPoint\",\"urlTemplate\":\"https:\\\/\\\/infos-droitshumains.net\\\/?s={search_term_string}\"},\"query-input\":{\"@type\":\"PropertyValueSpecification\",\"valueRequired\":true,\"valueName\":\"search_term_string\"}}],\"inLanguage\":\"fr-FR\"},{\"@type\":\"Organization\",\"@id\":\"https:\\\/\\\/infos-droitshumains.net\\\/#organization\",\"name\":\"Infos Droits Humains\",\"url\":\"https:\\\/\\\/infos-droitshumains.net\\\/\",\"logo\":{\"@type\":\"ImageObject\",\"inLanguage\":\"fr-FR\",\"@id\":\"https:\\\/\\\/infos-droitshumains.net\\\/#\\\/schema\\\/logo\\\/image\\\/\",\"url\":\"https:\\\/\\\/i0.wp.com\\\/infos-droitshumains.net\\\/wp-content\\\/uploads\\\/2022\\\/05\\\/Logo.png?fit=333%2C129&ssl=1\",\"contentUrl\":\"https:\\\/\\\/i0.wp.com\\\/infos-droitshumains.net\\\/wp-content\\\/uploads\\\/2022\\\/05\\\/Logo.png?fit=333%2C129&ssl=1\",\"width\":333,\"height\":129,\"caption\":\"Infos Droits Humains\"},\"image\":{\"@id\":\"https:\\\/\\\/infos-droitshumains.net\\\/#\\\/schema\\\/logo\\\/image\\\/\"}},{\"@type\":\"Person\",\"@id\":\"https:\\\/\\\/infos-droitshumains.net\\\/#\\\/schema\\\/person\\\/3dc5e921c3302172e0ed4362f96faab7\",\"name\":\"Jo\u00ebl Diawa\",\"image\":{\"@type\":\"ImageObject\",\"inLanguage\":\"fr-FR\",\"@id\":\"https:\\\/\\\/secure.gravatar.com\\\/avatar\\\/729bea6ff4604c624417803c477363be8e3c7186deaa65713313f9b4b820f41c?s=96&d=mm&r=g\",\"url\":\"https:\\\/\\\/secure.gravatar.com\\\/avatar\\\/729bea6ff4604c624417803c477363be8e3c7186deaa65713313f9b4b820f41c?s=96&d=mm&r=g\",\"contentUrl\":\"https:\\\/\\\/secure.gravatar.com\\\/avatar\\\/729bea6ff4604c624417803c477363be8e3c7186deaa65713313f9b4b820f41c?s=96&d=mm&r=g\",\"caption\":\"Jo\u00ebl Diawa\"},\"sameAs\":[\"https:\\\/\\\/www.infos-droitshumains.net\"],\"url\":\"https:\\\/\\\/infos-droitshumains.net\\\/?author=2\"}]}<\/script>\n<!-- \/ Yoast SEO plugin. -->","yoast_head_json":{"title":"Conflit d\u2019agenda au sein des Barreaux : marche de sant\u00e9 ou Assembl\u00e9e G\u00e9n\u00e9rale \u00e9lective, les avocats face \u00e0 un choix d\u00e9licat - Infos Droits Humains","robots":{"index":"index","follow":"follow","max-snippet":"max-snippet:-1","max-image-preview":"max-image-preview:large","max-video-preview":"max-video-preview:-1"},"canonical":"https:\/\/infos-droitshumains.net\/?p=17601","og_locale":"fr_FR","og_type":"article","og_title":"Conflit d\u2019agenda au sein des Barreaux : marche de sant\u00e9 ou Assembl\u00e9e G\u00e9n\u00e9rale \u00e9lective, les avocats face \u00e0 un choix d\u00e9licat - Infos Droits Humains","og_description":"R\u00e9daction: +243 817 406 088 La journ\u00e9e du samedi 24 janvier 2025 s\u2019annonce particuli\u00e8rement sensible...","og_url":"https:\/\/infos-droitshumains.net\/?p=17601","og_site_name":"Infos Droits Humains","article_published_time":"2026-01-23T16:36:51+00:00","article_modified_time":"2026-01-23T17:08:46+00:00","og_image":[{"width":497,"height":290,"url":"https:\/\/infos-droitshumains.net\/wp-content\/uploads\/2026\/01\/8VaQPSQmenOx9pMBCJaP-cropped_497x359.jpg","type":"image\/jpeg"}],"author":"Jo\u00ebl Diawa","twitter_card":"summary_large_image","twitter_misc":{"\u00c9crit par":"Jo\u00ebl Diawa","Dur\u00e9e de lecture estim\u00e9e":"4 minutes"},"schema":{"@context":"https:\/\/schema.org","@graph":[{"@type":"Article","@id":"https:\/\/infos-droitshumains.net\/?p=17601#article","isPartOf":{"@id":"https:\/\/infos-droitshumains.net\/?p=17601"},"author":{"name":"Jo\u00ebl Diawa","@id":"https:\/\/infos-droitshumains.net\/#\/schema\/person\/3dc5e921c3302172e0ed4362f96faab7"},"headline":"Conflit d\u2019agenda au sein des Barreaux : marche de sant\u00e9 ou Assembl\u00e9e G\u00e9n\u00e9rale \u00e9lective, les avocats face \u00e0 un choix d\u00e9licat","datePublished":"2026-01-23T16:36:51+00:00","dateModified":"2026-01-23T17:08:46+00:00","mainEntityOfPage":{"@id":"https:\/\/infos-droitshumains.net\/?p=17601"},"wordCount":701,"commentCount":0,"publisher":{"@id":"https:\/\/infos-droitshumains.net\/#organization"},"image":{"@id":"https:\/\/infos-droitshumains.net\/?p=17601#primaryimage"},"thumbnailUrl":"https:\/\/i0.wp.com\/infos-droitshumains.net\/wp-content\/uploads\/2026\/01\/8VaQPSQmenOx9pMBCJaP-cropped_497x359.jpg?fit=497%2C290&ssl=1","articleSection":["Justice"],"inLanguage":"fr-FR","potentialAction":[{"@type":"CommentAction","name":"Comment","target":["https:\/\/infos-droitshumains.net\/?p=17601#respond"]}]},{"@type":"WebPage","@id":"https:\/\/infos-droitshumains.net\/?p=17601","url":"https:\/\/infos-droitshumains.net\/?p=17601","name":"Conflit d\u2019agenda au sein des Barreaux : marche de sant\u00e9 ou Assembl\u00e9e G\u00e9n\u00e9rale \u00e9lective, les avocats face \u00e0 un choix d\u00e9licat - Infos Droits Humains","isPartOf":{"@id":"https:\/\/infos-droitshumains.net\/#website"},"primaryImageOfPage":{"@id":"https:\/\/infos-droitshumains.net\/?p=17601#primaryimage"},"image":{"@id":"https:\/\/infos-droitshumains.net\/?p=17601#primaryimage"},"thumbnailUrl":"https:\/\/i0.wp.com\/infos-droitshumains.net\/wp-content\/uploads\/2026\/01\/8VaQPSQmenOx9pMBCJaP-cropped_497x359.jpg?fit=497%2C290&ssl=1","datePublished":"2026-01-23T16:36:51+00:00","dateModified":"2026-01-23T17:08:46+00:00","breadcrumb":{"@id":"https:\/\/infos-droitshumains.net\/?p=17601#breadcrumb"},"inLanguage":"fr-FR","potentialAction":[{"@type":"ReadAction","target":["https:\/\/infos-droitshumains.net\/?p=17601"]}]},{"@type":"ImageObject","inLanguage":"fr-FR","@id":"https:\/\/infos-droitshumains.net\/?p=17601#primaryimage","url":"https:\/\/i0.wp.com\/infos-droitshumains.net\/wp-content\/uploads\/2026\/01\/8VaQPSQmenOx9pMBCJaP-cropped_497x359.jpg?fit=497%2C290&ssl=1","contentUrl":"https:\/\/i0.wp.com\/infos-droitshumains.net\/wp-content\/uploads\/2026\/01\/8VaQPSQmenOx9pMBCJaP-cropped_497x359.jpg?fit=497%2C290&ssl=1","width":497,"height":290},{"@type":"BreadcrumbList","@id":"https:\/\/infos-droitshumains.net\/?p=17601#breadcrumb","itemListElement":[{"@type":"ListItem","position":1,"name":"Accueil","item":"https:\/\/infos-droitshumains.net\/"},{"@type":"ListItem","position":2,"name":"Conflit d\u2019agenda au sein des Barreaux : marche de sant\u00e9 ou Assembl\u00e9e G\u00e9n\u00e9rale \u00e9lective, les avocats face \u00e0 un choix d\u00e9licat"}]},{"@type":"WebSite","@id":"https:\/\/infos-droitshumains.net\/#website","url":"https:\/\/infos-droitshumains.net\/","name":"Infos Droits Humains","description":"S&#039;informer est un droit","publisher":{"@id":"https:\/\/infos-droitshumains.net\/#organization"},"potentialAction":[{"@type":"SearchAction","target":{"@type":"EntryPoint","urlTemplate":"https:\/\/infos-droitshumains.net\/?s={search_term_string}"},"query-input":{"@type":"PropertyValueSpecification","valueRequired":true,"valueName":"search_term_string"}}],"inLanguage":"fr-FR"},{"@type":"Organization","@id":"https:\/\/infos-droitshumains.net\/#organization","name":"Infos Droits Humains","url":"https:\/\/infos-droitshumains.net\/","logo":{"@type":"ImageObject","inLanguage":"fr-FR","@id":"https:\/\/infos-droitshumains.net\/#\/schema\/logo\/image\/","url":"https:\/\/i0.wp.com\/infos-droitshumains.net\/wp-content\/uploads\/2022\/05\/Logo.png?fit=333%2C129&ssl=1","contentUrl":"https:\/\/i0.wp.com\/infos-droitshumains.net\/wp-content\/uploads\/2022\/05\/Logo.png?fit=333%2C129&ssl=1","width":333,"height":129,"caption":"Infos Droits Humains"},"image":{"@id":"https:\/\/infos-droitshumains.net\/#\/schema\/logo\/image\/"}},{"@type":"Person","@id":"https:\/\/infos-droitshumains.net\/#\/schema\/person\/3dc5e921c3302172e0ed4362f96faab7","name":"Jo\u00ebl Diawa","image":{"@type":"ImageObject","inLanguage":"fr-FR","@id":"https:\/\/secure.gravatar.com\/avatar\/729bea6ff4604c624417803c477363be8e3c7186deaa65713313f9b4b820f41c?s=96&d=mm&r=g","url":"https:\/\/secure.gravatar.com\/avatar\/729bea6ff4604c624417803c477363be8e3c7186deaa65713313f9b4b820f41c?s=96&d=mm&r=g","contentUrl":"https:\/\/secure.gravatar.com\/avatar\/729bea6ff4604c624417803c477363be8e3c7186deaa65713313f9b4b820f41c?s=96&d=mm&r=g","caption":"Jo\u00ebl Diawa"},"sameAs":["https:\/\/www.infos-droitshumains.net"],"url":"https:\/\/infos-droitshumains.net\/?author=2"}]}},"featured_image_urls":{"full":["https:\/\/i0.wp.com\/infos-droitshumains.net\/wp-content\/uploads\/2026\/01\/8VaQPSQmenOx9pMBCJaP-cropped_497x359.jpg?fit=497%2C290&ssl=1",497,290,false],"thumbnail":["https:\/\/i0.wp.com\/infos-droitshumains.net\/wp-content\/uploads\/2026\/01\/8VaQPSQmenOx9pMBCJaP-cropped_497x359.jpg?resize=150%2C150&ssl=1",150,150,true],"medium":["https:\/\/i0.wp.com\/infos-droitshumains.net\/wp-content\/uploads\/2026\/01\/8VaQPSQmenOx9pMBCJaP-cropped_497x359.jpg?fit=300%2C175&ssl=1",300,175,true],"medium_large":["https:\/\/i0.wp.com\/infos-droitshumains.net\/wp-content\/uploads\/2026\/01\/8VaQPSQmenOx9pMBCJaP-cropped_497x359.jpg?fit=497%2C290&ssl=1",497,290,true],"large":["https:\/\/i0.wp.com\/infos-droitshumains.net\/wp-content\/uploads\/2026\/01\/8VaQPSQmenOx9pMBCJaP-cropped_497x359.jpg?fit=497%2C290&ssl=1",497,290,true],"1536x1536":["https:\/\/i0.wp.com\/infos-droitshumains.net\/wp-content\/uploads\/2026\/01\/8VaQPSQmenOx9pMBCJaP-cropped_497x359.jpg?fit=497%2C290&ssl=1",497,290,true],"2048x2048":["https:\/\/i0.wp.com\/infos-droitshumains.net\/wp-content\/uploads\/2026\/01\/8VaQPSQmenOx9pMBCJaP-cropped_497x359.jpg?fit=497%2C290&ssl=1",497,290,true],"covernews-slider-full":["https:\/\/i0.wp.com\/infos-droitshumains.net\/wp-content\/uploads\/2026\/01\/8VaQPSQmenOx9pMBCJaP-cropped_497x359.jpg?resize=497%2C290&ssl=1",497,290,true],"covernews-slider-center":["https:\/\/i0.wp.com\/infos-droitshumains.net\/wp-content\/uploads\/2026\/01\/8VaQPSQmenOx9pMBCJaP-cropped_497x359.jpg?resize=497%2C290&ssl=1",497,290,true],"covernews-featured":["https:\/\/i0.wp.com\/infos-droitshumains.net\/wp-content\/uploads\/2026\/01\/8VaQPSQmenOx9pMBCJaP-cropped_497x359.jpg?fit=497%2C290&ssl=1",497,290,true],"covernews-medium":["https:\/\/i0.wp.com\/infos-droitshumains.net\/wp-content\/uploads\/2026\/01\/8VaQPSQmenOx9pMBCJaP-cropped_497x359.jpg?resize=497%2C290&ssl=1",497,290,true],"covernews-medium-square":["https:\/\/i0.wp.com\/infos-droitshumains.net\/wp-content\/uploads\/2026\/01\/8VaQPSQmenOx9pMBCJaP-cropped_497x359.jpg?resize=400%2C250&ssl=1",400,250,true]},"author_info":{"display_name":"Jo\u00ebl Diawa","author_link":"https:\/\/infos-droitshumains.net\/?author=2"},"category_info":"<a href=\"https:\/\/infos-droitshumains.net\/?cat=6\" rel=\"category\">Justice<\/a>","tag_info":"Justice","comment_count":"0","jetpack_featured_media_url":"https:\/\/i0.wp.com\/infos-droitshumains.net\/wp-content\/uploads\/2026\/01\/8VaQPSQmenOx9pMBCJaP-cropped_497x359.jpg?fit=497%2C290&ssl=1","jetpack-related-posts":[],"jetpack_sharing_enabled":true,"_links":{"self":[{"href":"https:\/\/infos-droitshumains.net\/index.php?rest_route=\/wp\/v2\/posts\/17601","targetHints":{"allow":["GET"]}}],"collection":[{"href":"https:\/\/infos-droitshumains.net\/index.php?rest_route=\/wp\/v2\/posts"}],"about":[{"href":"https:\/\/infos-droitshumains.net\/index.php?rest_route=\/wp\/v2\/types\/post"}],"author":[{"embeddable":true,"href":"https:\/\/infos-droitshumains.net\/index.php?rest_route=\/wp\/v2\/users\/2"}],"replies":[{"embeddable":true,"href":"https:\/\/infos-droitshumains.net\/index.php?rest_route=%2Fwp%2Fv2%2Fcomments&post=17601"}],"version-history":[{"count":6,"href":"https:\/\/infos-droitshumains.net\/index.php?rest_route=\/wp\/v2\/posts\/17601\/revisions"}],"predecessor-version":[{"id":17613,"href":"https:\/\/infos-droitshumains.net\/index.php?rest_route=\/wp\/v2\/posts\/17601\/revisions\/17613"}],"wp:featuredmedia":[{"embeddable":true,"href":"https:\/\/infos-droitshumains.net\/index.php?rest_route=\/wp\/v2\/media\/17606"}],"wp:attachment":[{"href":"https:\/\/infos-droitshumains.net\/index.php?rest_route=%2Fwp%2Fv2%2Fmedia&parent=17601"}],"wp:term":[{"taxonomy":"category","embeddable":true,"href":"https:\/\/infos-droitshumains.net\/index.php?rest_route=%2Fwp%2Fv2%2Fcategories&post=17601"},{"taxonomy":"post_tag","embeddable":true,"href":"https:\/\/infos-droitshumains.net\/index.php?rest_route=%2Fwp%2Fv2%2Ftags&post=17601"}],"curies":[{"name":"wp","href":"https:\/\/api.w.org\/{rel}","templated":true}]}}