{"id":17545,"date":"2025-11-10T09:30:28","date_gmt":"2025-11-10T08:30:28","guid":{"rendered":"https:\/\/infos-droitshumains.net\/?p=17545"},"modified":"2026-01-21T00:21:58","modified_gmt":"2026-01-20T23:21:58","slug":"itinerance-du-ministre-de-la-justice-a-lemba-quand-une-visite-officielle-devient-un-pretexte-pour-une-campagne-de-denigrement-contre-la-presidente-du-tribunal-de-paix","status":"publish","type":"post","link":"https:\/\/infos-droitshumains.net\/?p=17545","title":{"rendered":"Itin\u00e9rance du ministre de la Justice \u00e0 Lemba : quand une visite officielle devient un pr\u00e9texte pour une campagne de d\u00e9nigrement contre la Pr\u00e9sidente du Tribunal de paix"},"content":{"rendered":"\n<p><strong>R\u00e9daction: +243 817 406 088<\/strong><\/p>\n\n\n\n<h3 class=\"wp-block-heading has-vivid-red-color has-text-color has-link-color wp-elements-cc32670978c67e2b20e9c2d8b21d3ccf\">Le Ministre d\u2019\u00c9tat, Ministre de la Justice et Garde des Sceaux, Guillaume Ngefa, poursuit sa tourn\u00e9e d\u2019itin\u00e9rance \u00e0 travers les cours et tribunaux du pays. Dans le ressort de la Cour d\u2019appel de Kinshasa\/Matete, apr\u00e8s avoir visit\u00e9 les tribunaux de grande instance de N\u2019djili, Kinkole et Matete, le patron de la justice congolaise s\u2019est rendu, ce lundi 03 novembre 2025, au Tribunal de paix de Kinshasa\/Lemba.<\/h3>\n\n\n\n<p>Une visite de travail destin\u00e9e \u00e0 \u00e9valuer les conditions de fonctionnement des juridictions, mais qui a malheureusement \u00e9t\u00e9 d\u00e9tourn\u00e9e par certaines personnes mal intentionn\u00e9es pour ternir l\u2019image de la Pr\u00e9sidente de cette juridiction, Madame Elys\u00e9e Kanjingamba.<\/p>\n\n\n\n<p><strong>Une r\u00e9alit\u00e9 difficile reconnue par le ministre<\/strong><\/p>\n\n\n\n<p>Sur le terrain, le Ministre d\u2019\u00c9tat a lui-m\u00eame constat\u00e9 les conditions mat\u00e9rielles pr\u00e9caires dans lesquelles le Tribunal de paix de Lemba continue de fonctionner. Loin d\u2019incriminer la direction de la juridiction, Guillaume Ngefa a, au contraire, salu\u00e9 la d\u00e9termination, le sens \u00e9lev\u00e9 du devoir et les efforts constants fournis par la Pr\u00e9sidente Elys\u00e9e Kanjingamba pour assurer la continuit\u00e9 du service public de la justice.<\/p>\n\n\n\n<p>Le ministre a particuli\u00e8rement appr\u00e9ci\u00e9 les initiatives locales de r\u00e9habilitation des infrastructures, men\u00e9es avec des moyens limit\u00e9s, dans un contexte g\u00e9n\u00e9ral de sous-financement du secteur judiciaire.<\/p>\n\n\n\n<p><strong>Une campagne de d\u00e9sinformation sur les r\u00e9seaux sociaux<\/strong><\/p>\n\n\n\n<p>Malgr\u00e9 ces constats officiels, des individus anim\u00e9s par des intentions manifestement malveillantes ont choisi de ne retenir que l\u2019angle n\u00e9gatif de la visite minist\u00e9rielle. Sur les r\u00e9seaux sociaux, une campagne de d\u00e9sinformation a \u00e9t\u00e9 lanc\u00e9e, faisant croire \u00e0 l\u2019opinion publique que le tribunal serait mal g\u00e9r\u00e9, insalubre, voire menac\u00e9 de d\u00e9guerpissement, et que sa Pr\u00e9sidente serait incapable d\u2019assurer la gestion de la concession qui abrite la juridiction.<\/p>\n\n\n\n<p>Des all\u00e9gations infond\u00e9es, selon plusieurs observateurs avertis du fonctionnement de l\u2019appareil judiciaire, qui y voient une tentative d\u00e9lib\u00e9r\u00e9e de discr\u00e9dit personnel.<\/p>\n\n\n\n<p><strong>Le prix d\u2019un combat contre les violences bas\u00e9es sur le genre<\/strong><\/p>\n\n\n\n<p>Pour de nombreux analystes, Madame Elys\u00e9e Kanjingamba paierait aujourd\u2019hui le prix de son engagement ferme contre les violences bas\u00e9es sur le genre (VBG) et des crimes de guerre et crimes contre l\u2019humanit\u00e9. D\u00e9j\u00e0 en 2023, elle et sa famille avaient \u00e9t\u00e9 la cible de graves menaces apr\u00e8s la publication d\u2019un rapport d\u00e9non\u00e7ant des r\u00e9seaux impliqu\u00e9s dans ces crimes dans la ville de Bukavu.<\/p>\n\n\n\n<p>Les cons\u00e9quences furent lourdes : Tentatives r\u00e9p\u00e9t\u00e9es d\u2019enl\u00e8vement de ses enfants, Kidnapping de son mari, lib\u00e9r\u00e9 gr\u00e2ce \u00e0 l\u2019intervention de hautes autorit\u00e9s du pays, Menaces persistantes ayant plong\u00e9 toute la famille dans une ins\u00e9curit\u00e9 permanente.<\/p>\n\n\n\n<p>Aujourd\u2019hui la famille vie toujours dans une angoisse caract\u00e9ris\u00e9e par des appels t\u00e9l\u00e9phoniques anonymes avec menaces de mort, des visites diurnes et nocturnes des personnes non autrement identifi\u00e9es souvent \u00e0 la recherche de leurs enfants. Madame Kanjingamba et son mari vivent dans une psychose constante, le mari est m\u00eame contraint de se d\u00e9placer r\u00e9guli\u00e8rement vers son village natal pour \u00e9chapper \u00e0 d\u2019\u00e9ventuelles repr\u00e9sailles. Les enfants ont d\u00fb \u00eatre envoy\u00e9s aux \u00c9tats-Unis pour raison d\u2019\u00e9tude certes, mais aussi pour leur s\u00e9curit\u00e9, tandis que la magistrate elle-m\u00eame exerce ses fonctions dans une atmosph\u00e8re d\u2019angoisse, malgr\u00e9 son statut de Pr\u00e9sidente de juridiction.<\/p>\n\n\n\n<p><strong>La s\u00e9curit\u00e9 des magistrats, un d\u00e9fi national<\/strong><\/p>\n\n\n\n<p>Cette situation remet au centre du d\u00e9bat la question cruciale de la s\u00e9curit\u00e9 des magistrats en R\u00e9publique D\u00e9mocratique du Congo, un probl\u00e8me loin d\u2019\u00eatre isol\u00e9. En juillet 2024, le Procureur de la R\u00e9publique Baudoin Lukoki Matondo a \u00e9t\u00e9 froidement assassin\u00e9 \u00e0 son domicile dans la commune de la N\u2019sele, \u00e0 l\u2019est de Kinshasa. Sa maison avait \u00e9t\u00e9 vandalis\u00e9e, et les assaillants ont agi sans intervention des forces de l\u2019ordre. Un crime qui avait suscit\u00e9 une vive \u00e9motion au sein de la magistrature et de l\u2019opinion publique. La victime \u00e9tait \u00e9galement un magistrat engag\u00e9 dans la lutte contre les violences bas\u00e9es sur le genre, crimes de guerre et crimes contre l\u2019humanit\u00e9. Elle a eu a effectu\u00e9 certaines missions dans la partie Est du pays. Certaines personnes laissent entendre que son assassinat aurait un lien avec le combat qu\u2019il a men\u00e9 dans la lutte contre ces crimes.<\/p>\n\n\n\n<figure class=\"wp-block-embed is-type-video is-provider-youtube wp-block-embed-youtube wp-embed-aspect-16-9 wp-has-aspect-ratio\"><div class=\"wp-block-embed__wrapper\">\n<iframe title=\"Comment le procureur Baudouin Lukoki a \u00e9t\u00e9 assassin\u00e9 \u00e0 Mpasa dans la commune de N\u2019Sele ? 2e partie\" width=\"640\" height=\"360\" src=\"https:\/\/www.youtube.com\/embed\/wrlhp3T69mc?feature=oembed\" frameborder=\"0\" allow=\"accelerometer; autoplay; clipboard-write; encrypted-media; gyroscope; picture-in-picture; web-share\" referrerpolicy=\"strict-origin-when-cross-origin\" allowfullscreen><\/iframe>\n<\/div><\/figure>\n\n\n\n<p><strong>Un cri d\u2019alarme de l\u2019intersyndicale des magistrats<\/strong><\/p>\n\n\n\n<p>Face \u00e0 cette ins\u00e9curit\u00e9 grandissante, l\u2019intersyndicale des magistrats avait d\u00e9nonc\u00e9 cet acte ignoble et appel\u00e9 les autorit\u00e9s \u00e0 prendre des mesures urgentes, allant jusqu\u2019\u00e0 r\u00e9clamer l\u2019autorisation pour les magistrats de se doter d\u2019armes \u00e0 feu afin d\u2019assurer leur propre protection.<\/p>\n\n\n\n<p><br>L\u2019affaire du Tribunal de paix de Kinshasa\/Lemba r\u00e9v\u00e8le non seulement les d\u00e9fis structurels de la justice congolaise, mais aussi les risques personnels encourus par les magistrats engag\u00e9s. Instrumentaliser une visite minist\u00e9rielle pour salir une responsable judiciaire d\u00e9j\u00e0 menac\u00e9e pose une question grave : qui prot\u00e8ge ceux qui rendent la justice ?<\/p>\n\n\n\n<p>Jo\u00ebl Diawa<\/p>\n","protected":false},"excerpt":{"rendered":"<p>R\u00e9daction: +243 817 406 088 Le Ministre d\u2019\u00c9tat, Ministre de la Justice et Garde des&#8230;<\/p>\n","protected":false},"author":3,"featured_media":17584,"comment_status":"open","ping_status":"open","sticky":false,"template":"","format":"standard","meta":{"_jetpack_memberships_contains_paid_content":false,"footnotes":""},"categories":[6],"tags":[],"class_list":["post-17545","post","type-post","status-publish","format-standard","has-post-thumbnail","hentry","category-justice"],"yoast_head":"<!-- This site is optimized with the Yoast SEO plugin v27.5 - https:\/\/yoast.com\/product\/yoast-seo-wordpress\/ -->\n<title>Itin\u00e9rance du ministre de la Justice \u00e0 Lemba : quand une visite officielle devient un pr\u00e9texte pour une campagne de d\u00e9nigrement contre la Pr\u00e9sidente du Tribunal de paix - Infos Droits Humains<\/title>\n<meta name=\"robots\" content=\"index, follow, max-snippet:-1, max-image-preview:large, max-video-preview:-1\" \/>\n<link rel=\"canonical\" href=\"https:\/\/infos-droitshumains.net\/?p=17545\" \/>\n<meta property=\"og:locale\" content=\"fr_FR\" \/>\n<meta property=\"og:type\" content=\"article\" \/>\n<meta property=\"og:title\" content=\"Itin\u00e9rance du ministre de la Justice \u00e0 Lemba : quand une visite officielle devient un pr\u00e9texte pour une campagne de d\u00e9nigrement contre la Pr\u00e9sidente du Tribunal de paix - Infos Droits Humains\" \/>\n<meta property=\"og:description\" content=\"R\u00e9daction: +243 817 406 088 Le Ministre d\u2019\u00c9tat, Ministre de la Justice et Garde des...\" \/>\n<meta property=\"og:url\" content=\"https:\/\/infos-droitshumains.net\/?p=17545\" \/>\n<meta property=\"og:site_name\" content=\"Infos Droits Humains\" \/>\n<meta property=\"article:published_time\" content=\"2025-11-10T08:30:28+00:00\" \/>\n<meta property=\"article:modified_time\" content=\"2026-01-20T23:21:58+00:00\" \/>\n<meta property=\"og:image\" content=\"https:\/\/infos-droitshumains.net\/wp-content\/uploads\/2025\/11\/IMG-20260121-WA0000.jpg\" \/>\n\t<meta property=\"og:image:width\" content=\"2560\" \/>\n\t<meta property=\"og:image:height\" content=\"1586\" \/>\n\t<meta property=\"og:image:type\" content=\"image\/jpeg\" \/>\n<meta name=\"author\" content=\"Super\" \/>\n<meta name=\"twitter:card\" content=\"summary_large_image\" \/>\n<meta name=\"twitter:label1\" content=\"\u00c9crit par\" \/>\n\t<meta name=\"twitter:data1\" content=\"Super\" \/>\n\t<meta name=\"twitter:label2\" content=\"Dur\u00e9e de lecture estim\u00e9e\" \/>\n\t<meta name=\"twitter:data2\" content=\"5 minutes\" \/>\n<script type=\"application\/ld+json\" class=\"yoast-schema-graph\">{\"@context\":\"https:\\\/\\\/schema.org\",\"@graph\":[{\"@type\":\"Article\",\"@id\":\"https:\\\/\\\/infos-droitshumains.net\\\/?p=17545#article\",\"isPartOf\":{\"@id\":\"https:\\\/\\\/infos-droitshumains.net\\\/?p=17545\"},\"author\":{\"name\":\"Super\",\"@id\":\"https:\\\/\\\/infos-droitshumains.net\\\/#\\\/schema\\\/person\\\/db4428dbf83d2d51ecdb0cc0aed0c47f\"},\"headline\":\"Itin\u00e9rance du ministre de la Justice \u00e0 Lemba : quand une visite officielle devient un pr\u00e9texte pour une campagne de d\u00e9nigrement contre la Pr\u00e9sidente du Tribunal de paix\",\"datePublished\":\"2025-11-10T08:30:28+00:00\",\"dateModified\":\"2026-01-20T23:21:58+00:00\",\"mainEntityOfPage\":{\"@id\":\"https:\\\/\\\/infos-droitshumains.net\\\/?p=17545\"},\"wordCount\":914,\"commentCount\":0,\"publisher\":{\"@id\":\"https:\\\/\\\/infos-droitshumains.net\\\/#organization\"},\"image\":{\"@id\":\"https:\\\/\\\/infos-droitshumains.net\\\/?p=17545#primaryimage\"},\"thumbnailUrl\":\"https:\\\/\\\/i0.wp.com\\\/infos-droitshumains.net\\\/wp-content\\\/uploads\\\/2025\\\/11\\\/IMG-20260121-WA0000.jpg?fit=2560%2C1586&ssl=1\",\"articleSection\":[\"Justice\"],\"inLanguage\":\"fr-FR\",\"potentialAction\":[{\"@type\":\"CommentAction\",\"name\":\"Comment\",\"target\":[\"https:\\\/\\\/infos-droitshumains.net\\\/?p=17545#respond\"]}]},{\"@type\":\"WebPage\",\"@id\":\"https:\\\/\\\/infos-droitshumains.net\\\/?p=17545\",\"url\":\"https:\\\/\\\/infos-droitshumains.net\\\/?p=17545\",\"name\":\"Itin\u00e9rance du ministre de la Justice \u00e0 Lemba : quand une visite officielle devient un pr\u00e9texte pour une campagne de d\u00e9nigrement contre la Pr\u00e9sidente du Tribunal de paix - Infos Droits Humains\",\"isPartOf\":{\"@id\":\"https:\\\/\\\/infos-droitshumains.net\\\/#website\"},\"primaryImageOfPage\":{\"@id\":\"https:\\\/\\\/infos-droitshumains.net\\\/?p=17545#primaryimage\"},\"image\":{\"@id\":\"https:\\\/\\\/infos-droitshumains.net\\\/?p=17545#primaryimage\"},\"thumbnailUrl\":\"https:\\\/\\\/i0.wp.com\\\/infos-droitshumains.net\\\/wp-content\\\/uploads\\\/2025\\\/11\\\/IMG-20260121-WA0000.jpg?fit=2560%2C1586&ssl=1\",\"datePublished\":\"2025-11-10T08:30:28+00:00\",\"dateModified\":\"2026-01-20T23:21:58+00:00\",\"breadcrumb\":{\"@id\":\"https:\\\/\\\/infos-droitshumains.net\\\/?p=17545#breadcrumb\"},\"inLanguage\":\"fr-FR\",\"potentialAction\":[{\"@type\":\"ReadAction\",\"target\":[\"https:\\\/\\\/infos-droitshumains.net\\\/?p=17545\"]}]},{\"@type\":\"ImageObject\",\"inLanguage\":\"fr-FR\",\"@id\":\"https:\\\/\\\/infos-droitshumains.net\\\/?p=17545#primaryimage\",\"url\":\"https:\\\/\\\/i0.wp.com\\\/infos-droitshumains.net\\\/wp-content\\\/uploads\\\/2025\\\/11\\\/IMG-20260121-WA0000.jpg?fit=2560%2C1586&ssl=1\",\"contentUrl\":\"https:\\\/\\\/i0.wp.com\\\/infos-droitshumains.net\\\/wp-content\\\/uploads\\\/2025\\\/11\\\/IMG-20260121-WA0000.jpg?fit=2560%2C1586&ssl=1\",\"width\":2560,\"height\":1586},{\"@type\":\"BreadcrumbList\",\"@id\":\"https:\\\/\\\/infos-droitshumains.net\\\/?p=17545#breadcrumb\",\"itemListElement\":[{\"@type\":\"ListItem\",\"position\":1,\"name\":\"Accueil\",\"item\":\"https:\\\/\\\/infos-droitshumains.net\\\/\"},{\"@type\":\"ListItem\",\"position\":2,\"name\":\"Itin\u00e9rance du ministre de la Justice \u00e0 Lemba : quand une visite officielle devient un pr\u00e9texte pour une campagne de d\u00e9nigrement contre la Pr\u00e9sidente du Tribunal de paix\"}]},{\"@type\":\"WebSite\",\"@id\":\"https:\\\/\\\/infos-droitshumains.net\\\/#website\",\"url\":\"https:\\\/\\\/infos-droitshumains.net\\\/\",\"name\":\"Infos Droits Humains\",\"description\":\"S&#039;informer est un droit\",\"publisher\":{\"@id\":\"https:\\\/\\\/infos-droitshumains.net\\\/#organization\"},\"potentialAction\":[{\"@type\":\"SearchAction\",\"target\":{\"@type\":\"EntryPoint\",\"urlTemplate\":\"https:\\\/\\\/infos-droitshumains.net\\\/?s={search_term_string}\"},\"query-input\":{\"@type\":\"PropertyValueSpecification\",\"valueRequired\":true,\"valueName\":\"search_term_string\"}}],\"inLanguage\":\"fr-FR\"},{\"@type\":\"Organization\",\"@id\":\"https:\\\/\\\/infos-droitshumains.net\\\/#organization\",\"name\":\"Infos Droits Humains\",\"url\":\"https:\\\/\\\/infos-droitshumains.net\\\/\",\"logo\":{\"@type\":\"ImageObject\",\"inLanguage\":\"fr-FR\",\"@id\":\"https:\\\/\\\/infos-droitshumains.net\\\/#\\\/schema\\\/logo\\\/image\\\/\",\"url\":\"https:\\\/\\\/i0.wp.com\\\/infos-droitshumains.net\\\/wp-content\\\/uploads\\\/2022\\\/05\\\/Logo.png?fit=333%2C129&ssl=1\",\"contentUrl\":\"https:\\\/\\\/i0.wp.com\\\/infos-droitshumains.net\\\/wp-content\\\/uploads\\\/2022\\\/05\\\/Logo.png?fit=333%2C129&ssl=1\",\"width\":333,\"height\":129,\"caption\":\"Infos Droits Humains\"},\"image\":{\"@id\":\"https:\\\/\\\/infos-droitshumains.net\\\/#\\\/schema\\\/logo\\\/image\\\/\"}},{\"@type\":\"Person\",\"@id\":\"https:\\\/\\\/infos-droitshumains.net\\\/#\\\/schema\\\/person\\\/db4428dbf83d2d51ecdb0cc0aed0c47f\",\"name\":\"Super\",\"image\":{\"@type\":\"ImageObject\",\"inLanguage\":\"fr-FR\",\"@id\":\"https:\\\/\\\/secure.gravatar.com\\\/avatar\\\/a177815e4b161b0d81413b73815c697bc0e3e6e6fe4a06e3147af3c9aa47fd3b?s=96&d=mm&r=g\",\"url\":\"https:\\\/\\\/secure.gravatar.com\\\/avatar\\\/a177815e4b161b0d81413b73815c697bc0e3e6e6fe4a06e3147af3c9aa47fd3b?s=96&d=mm&r=g\",\"contentUrl\":\"https:\\\/\\\/secure.gravatar.com\\\/avatar\\\/a177815e4b161b0d81413b73815c697bc0e3e6e6fe4a06e3147af3c9aa47fd3b?s=96&d=mm&r=g\",\"caption\":\"Super\"},\"url\":\"https:\\\/\\\/infos-droitshumains.net\\\/?author=3\"}]}<\/script>\n<!-- \/ Yoast SEO plugin. -->","yoast_head_json":{"title":"Itin\u00e9rance du ministre de la Justice \u00e0 Lemba : quand une visite officielle devient un pr\u00e9texte pour une campagne de d\u00e9nigrement contre la Pr\u00e9sidente du Tribunal de paix - Infos Droits Humains","robots":{"index":"index","follow":"follow","max-snippet":"max-snippet:-1","max-image-preview":"max-image-preview:large","max-video-preview":"max-video-preview:-1"},"canonical":"https:\/\/infos-droitshumains.net\/?p=17545","og_locale":"fr_FR","og_type":"article","og_title":"Itin\u00e9rance du ministre de la Justice \u00e0 Lemba : quand une visite officielle devient un pr\u00e9texte pour une campagne de d\u00e9nigrement contre la Pr\u00e9sidente du Tribunal de paix - Infos Droits Humains","og_description":"R\u00e9daction: +243 817 406 088 Le Ministre d\u2019\u00c9tat, Ministre de la Justice et Garde des...","og_url":"https:\/\/infos-droitshumains.net\/?p=17545","og_site_name":"Infos Droits Humains","article_published_time":"2025-11-10T08:30:28+00:00","article_modified_time":"2026-01-20T23:21:58+00:00","og_image":[{"width":2560,"height":1586,"url":"https:\/\/infos-droitshumains.net\/wp-content\/uploads\/2025\/11\/IMG-20260121-WA0000.jpg","type":"image\/jpeg"}],"author":"Super","twitter_card":"summary_large_image","twitter_misc":{"\u00c9crit par":"Super","Dur\u00e9e de lecture estim\u00e9e":"5 minutes"},"schema":{"@context":"https:\/\/schema.org","@graph":[{"@type":"Article","@id":"https:\/\/infos-droitshumains.net\/?p=17545#article","isPartOf":{"@id":"https:\/\/infos-droitshumains.net\/?p=17545"},"author":{"name":"Super","@id":"https:\/\/infos-droitshumains.net\/#\/schema\/person\/db4428dbf83d2d51ecdb0cc0aed0c47f"},"headline":"Itin\u00e9rance du ministre de la Justice \u00e0 Lemba : quand une visite officielle devient un pr\u00e9texte pour une campagne de d\u00e9nigrement contre la Pr\u00e9sidente du Tribunal de paix","datePublished":"2025-11-10T08:30:28+00:00","dateModified":"2026-01-20T23:21:58+00:00","mainEntityOfPage":{"@id":"https:\/\/infos-droitshumains.net\/?p=17545"},"wordCount":914,"commentCount":0,"publisher":{"@id":"https:\/\/infos-droitshumains.net\/#organization"},"image":{"@id":"https:\/\/infos-droitshumains.net\/?p=17545#primaryimage"},"thumbnailUrl":"https:\/\/i0.wp.com\/infos-droitshumains.net\/wp-content\/uploads\/2025\/11\/IMG-20260121-WA0000.jpg?fit=2560%2C1586&ssl=1","articleSection":["Justice"],"inLanguage":"fr-FR","potentialAction":[{"@type":"CommentAction","name":"Comment","target":["https:\/\/infos-droitshumains.net\/?p=17545#respond"]}]},{"@type":"WebPage","@id":"https:\/\/infos-droitshumains.net\/?p=17545","url":"https:\/\/infos-droitshumains.net\/?p=17545","name":"Itin\u00e9rance du ministre de la Justice \u00e0 Lemba : quand une visite officielle devient un pr\u00e9texte pour une campagne de d\u00e9nigrement contre la Pr\u00e9sidente du Tribunal de paix - Infos Droits Humains","isPartOf":{"@id":"https:\/\/infos-droitshumains.net\/#website"},"primaryImageOfPage":{"@id":"https:\/\/infos-droitshumains.net\/?p=17545#primaryimage"},"image":{"@id":"https:\/\/infos-droitshumains.net\/?p=17545#primaryimage"},"thumbnailUrl":"https:\/\/i0.wp.com\/infos-droitshumains.net\/wp-content\/uploads\/2025\/11\/IMG-20260121-WA0000.jpg?fit=2560%2C1586&ssl=1","datePublished":"2025-11-10T08:30:28+00:00","dateModified":"2026-01-20T23:21:58+00:00","breadcrumb":{"@id":"https:\/\/infos-droitshumains.net\/?p=17545#breadcrumb"},"inLanguage":"fr-FR","potentialAction":[{"@type":"ReadAction","target":["https:\/\/infos-droitshumains.net\/?p=17545"]}]},{"@type":"ImageObject","inLanguage":"fr-FR","@id":"https:\/\/infos-droitshumains.net\/?p=17545#primaryimage","url":"https:\/\/i0.wp.com\/infos-droitshumains.net\/wp-content\/uploads\/2025\/11\/IMG-20260121-WA0000.jpg?fit=2560%2C1586&ssl=1","contentUrl":"https:\/\/i0.wp.com\/infos-droitshumains.net\/wp-content\/uploads\/2025\/11\/IMG-20260121-WA0000.jpg?fit=2560%2C1586&ssl=1","width":2560,"height":1586},{"@type":"BreadcrumbList","@id":"https:\/\/infos-droitshumains.net\/?p=17545#breadcrumb","itemListElement":[{"@type":"ListItem","position":1,"name":"Accueil","item":"https:\/\/infos-droitshumains.net\/"},{"@type":"ListItem","position":2,"name":"Itin\u00e9rance du ministre de la Justice \u00e0 Lemba : quand une visite officielle devient un pr\u00e9texte pour une campagne de d\u00e9nigrement contre la Pr\u00e9sidente du Tribunal de paix"}]},{"@type":"WebSite","@id":"https:\/\/infos-droitshumains.net\/#website","url":"https:\/\/infos-droitshumains.net\/","name":"Infos Droits Humains","description":"S&#039;informer est un droit","publisher":{"@id":"https:\/\/infos-droitshumains.net\/#organization"},"potentialAction":[{"@type":"SearchAction","target":{"@type":"EntryPoint","urlTemplate":"https:\/\/infos-droitshumains.net\/?s={search_term_string}"},"query-input":{"@type":"PropertyValueSpecification","valueRequired":true,"valueName":"search_term_string"}}],"inLanguage":"fr-FR"},{"@type":"Organization","@id":"https:\/\/infos-droitshumains.net\/#organization","name":"Infos Droits Humains","url":"https:\/\/infos-droitshumains.net\/","logo":{"@type":"ImageObject","inLanguage":"fr-FR","@id":"https:\/\/infos-droitshumains.net\/#\/schema\/logo\/image\/","url":"https:\/\/i0.wp.com\/infos-droitshumains.net\/wp-content\/uploads\/2022\/05\/Logo.png?fit=333%2C129&ssl=1","contentUrl":"https:\/\/i0.wp.com\/infos-droitshumains.net\/wp-content\/uploads\/2022\/05\/Logo.png?fit=333%2C129&ssl=1","width":333,"height":129,"caption":"Infos Droits Humains"},"image":{"@id":"https:\/\/infos-droitshumains.net\/#\/schema\/logo\/image\/"}},{"@type":"Person","@id":"https:\/\/infos-droitshumains.net\/#\/schema\/person\/db4428dbf83d2d51ecdb0cc0aed0c47f","name":"Super","image":{"@type":"ImageObject","inLanguage":"fr-FR","@id":"https:\/\/secure.gravatar.com\/avatar\/a177815e4b161b0d81413b73815c697bc0e3e6e6fe4a06e3147af3c9aa47fd3b?s=96&d=mm&r=g","url":"https:\/\/secure.gravatar.com\/avatar\/a177815e4b161b0d81413b73815c697bc0e3e6e6fe4a06e3147af3c9aa47fd3b?s=96&d=mm&r=g","contentUrl":"https:\/\/secure.gravatar.com\/avatar\/a177815e4b161b0d81413b73815c697bc0e3e6e6fe4a06e3147af3c9aa47fd3b?s=96&d=mm&r=g","caption":"Super"},"url":"https:\/\/infos-droitshumains.net\/?author=3"}]}},"featured_image_urls":{"full":["https:\/\/i0.wp.com\/infos-droitshumains.net\/wp-content\/uploads\/2025\/11\/IMG-20260121-WA0000.jpg?fit=2560%2C1586&ssl=1",2560,1586,false],"thumbnail":["https:\/\/i0.wp.com\/infos-droitshumains.net\/wp-content\/uploads\/2025\/11\/IMG-20260121-WA0000.jpg?resize=150%2C150&ssl=1",150,150,true],"medium":["https:\/\/i0.wp.com\/infos-droitshumains.net\/wp-content\/uploads\/2025\/11\/IMG-20260121-WA0000.jpg?fit=300%2C186&ssl=1",300,186,true],"medium_large":["https:\/\/i0.wp.com\/infos-droitshumains.net\/wp-content\/uploads\/2025\/11\/IMG-20260121-WA0000.jpg?fit=640%2C397&ssl=1",640,397,true],"large":["https:\/\/i0.wp.com\/infos-droitshumains.net\/wp-content\/uploads\/2025\/11\/IMG-20260121-WA0000.jpg?fit=640%2C396&ssl=1",640,396,true],"1536x1536":["https:\/\/i0.wp.com\/infos-droitshumains.net\/wp-content\/uploads\/2025\/11\/IMG-20260121-WA0000.jpg?fit=1536%2C952&ssl=1",1536,952,true],"2048x2048":["https:\/\/i0.wp.com\/infos-droitshumains.net\/wp-content\/uploads\/2025\/11\/IMG-20260121-WA0000.jpg?fit=2048%2C1269&ssl=1",2048,1269,true],"covernews-slider-full":["https:\/\/i0.wp.com\/infos-droitshumains.net\/wp-content\/uploads\/2025\/11\/IMG-20260121-WA0000.jpg?resize=1115%2C715&ssl=1",1115,715,true],"covernews-slider-center":["https:\/\/i0.wp.com\/infos-droitshumains.net\/wp-content\/uploads\/2025\/11\/IMG-20260121-WA0000.jpg?resize=800%2C500&ssl=1",800,500,true],"covernews-featured":["https:\/\/i0.wp.com\/infos-droitshumains.net\/wp-content\/uploads\/2025\/11\/IMG-20260121-WA0000.jpg?fit=1024%2C634&ssl=1",1024,634,true],"covernews-medium":["https:\/\/i0.wp.com\/infos-droitshumains.net\/wp-content\/uploads\/2025\/11\/IMG-20260121-WA0000.jpg?resize=540%2C340&ssl=1",540,340,true],"covernews-medium-square":["https:\/\/i0.wp.com\/infos-droitshumains.net\/wp-content\/uploads\/2025\/11\/IMG-20260121-WA0000.jpg?resize=400%2C250&ssl=1",400,250,true]},"author_info":{"display_name":"Super","author_link":"https:\/\/infos-droitshumains.net\/?author=3"},"category_info":"<a href=\"https:\/\/infos-droitshumains.net\/?cat=6\" rel=\"category\">Justice<\/a>","tag_info":"Justice","comment_count":"0","jetpack_featured_media_url":"https:\/\/i0.wp.com\/infos-droitshumains.net\/wp-content\/uploads\/2025\/11\/IMG-20260121-WA0000.jpg?fit=2560%2C1586&ssl=1","jetpack-related-posts":[],"jetpack_sharing_enabled":true,"_links":{"self":[{"href":"https:\/\/infos-droitshumains.net\/index.php?rest_route=\/wp\/v2\/posts\/17545","targetHints":{"allow":["GET"]}}],"collection":[{"href":"https:\/\/infos-droitshumains.net\/index.php?rest_route=\/wp\/v2\/posts"}],"about":[{"href":"https:\/\/infos-droitshumains.net\/index.php?rest_route=\/wp\/v2\/types\/post"}],"author":[{"embeddable":true,"href":"https:\/\/infos-droitshumains.net\/index.php?rest_route=\/wp\/v2\/users\/3"}],"replies":[{"embeddable":true,"href":"https:\/\/infos-droitshumains.net\/index.php?rest_route=%2Fwp%2Fv2%2Fcomments&post=17545"}],"version-history":[{"count":4,"href":"https:\/\/infos-droitshumains.net\/index.php?rest_route=\/wp\/v2\/posts\/17545\/revisions"}],"predecessor-version":[{"id":17587,"href":"https:\/\/infos-droitshumains.net\/index.php?rest_route=\/wp\/v2\/posts\/17545\/revisions\/17587"}],"wp:featuredmedia":[{"embeddable":true,"href":"https:\/\/infos-droitshumains.net\/index.php?rest_route=\/wp\/v2\/media\/17584"}],"wp:attachment":[{"href":"https:\/\/infos-droitshumains.net\/index.php?rest_route=%2Fwp%2Fv2%2Fmedia&parent=17545"}],"wp:term":[{"taxonomy":"category","embeddable":true,"href":"https:\/\/infos-droitshumains.net\/index.php?rest_route=%2Fwp%2Fv2%2Fcategories&post=17545"},{"taxonomy":"post_tag","embeddable":true,"href":"https:\/\/infos-droitshumains.net\/index.php?rest_route=%2Fwp%2Fv2%2Ftags&post=17545"}],"curies":[{"name":"wp","href":"https:\/\/api.w.org\/{rel}","templated":true}]}}