{"id":17504,"date":"2026-01-16T09:45:00","date_gmt":"2026-01-16T08:45:00","guid":{"rendered":"https:\/\/infos-droitshumains.net\/?p=17504"},"modified":"2026-01-16T10:04:16","modified_gmt":"2026-01-16T09:04:16","slug":"barreau-de-kinshasa-gombe-entre-hausse-des-frais-silence-contraint-et-grogne-feutree-quand-lunification-coute-cher-aux-avocats-le-dossier-de-la-redaction","status":"publish","type":"post","link":"https:\/\/infos-droitshumains.net\/?p=17504","title":{"rendered":"Barreau de Kinshasa\/Gombe : Entre hausse des frais, silence contraint et grogne feutr\u00e9e. Quand l\u2019unification co\u00fbte cher aux avocats (Le dossier de la R\u00e9daction)"},"content":{"rendered":"\n<p><strong>R\u00e9daction: +243 817 406 088<\/strong><\/p>\n\n\n\n<h3 class=\"wp-block-heading has-vivid-red-color has-text-color has-link-color wp-elements-32f486f05f0ee508554d5e25a3c902fb\">\u00c9lu brillamment le 25 octobre dernier \u00e0 la t\u00eate du Barreau de Kinshasa\/Gombe, Andr\u00e9 Kibambe Kikangala avait suscit\u00e9 beaucoup d\u2019espoir. Pour nombre de ses confr\u00e8res, il incarnait le \u00ab B\u00e2tonnier de l\u2019unification \u00bb, celui capable de rassembler une corporation souvent travers\u00e9e par des lignes de fracture internes. Mais quelques mois seulement apr\u00e8s son entr\u00e9e en fonction, certaines d\u00e9cisions du Conseil de l\u2019Ordre sous son mandat peinent \u00e0 faire l\u2019unanimit\u00e9.<\/h3>\n\n\n\n<p>Selon des sources concordantes qui se sont confi\u00e9es \u00e0 la r\u00e9daction du Journal T\u00e9l\u00e9vis\u00e9 des Droits Humains, une majoration substantielle des prix de plusieurs documents administratifs a \u00e9t\u00e9 op\u00e9r\u00e9e au sein du Barreau, provoquant un v\u00e9ritable ras-le-bol dans les rangs des avocats.<\/p>\n\n\n\n<p><strong>Des hausses qui font grincer des dents<\/strong><\/p>\n\n\n\n<p>Une \u00e9tude comparative men\u00e9e par notre r\u00e9daction, couvrant la p\u00e9riode de 2020 \u00e0 2026 confirme ces all\u00e9gations. En effet, des augmentations parfois vertigineuses ont \u00e9t\u00e9 relev\u00e9es.<\/p>\n\n\n\n<p>Concernant la traditionnelle c\u00e9r\u00e9monie d\u2019\u00e9change des v\u0153ux, les frais \u00e9taient rest\u00e9s stables depuis 2020 :<\/p>\n\n\n\n<ul class=\"wp-block-list\">\n<li>60 USD singleton,<\/li>\n\n\n\n<li>100 USD pour un couple.<\/li>\n<\/ul>\n\n\n\n<p>En 2026, ces montants passent respectivement \u00e0 100 USD et 150 USD, soit une hausse oscillant entre 40 et 50 %. Une augmentation jug\u00e9e excessive par de nombreux avocats, d\u2019autant plus qu\u2019elle intervient dans un contexte \u00e9conomique d\u00e9j\u00e0 difficile.<\/p>\n\n\n\n<figure class=\"wp-block-image alignfull size-full\"><img data-recalc-dims=\"1\" fetchpriority=\"high\" decoding=\"async\" width=\"640\" height=\"904\" src=\"https:\/\/i0.wp.com\/infos-droitshumains.net\/wp-content\/uploads\/2026\/01\/1001063988.jpg?resize=640%2C904&#038;ssl=1\" alt=\"\" class=\"wp-image-17516\" srcset=\"https:\/\/i0.wp.com\/infos-droitshumains.net\/wp-content\/uploads\/2026\/01\/1001063988.jpg?w=724&amp;ssl=1 724w, https:\/\/i0.wp.com\/infos-droitshumains.net\/wp-content\/uploads\/2026\/01\/1001063988.jpg?resize=212%2C300&amp;ssl=1 212w\" sizes=\"(max-width: 640px) 100vw, 640px\" \/><figcaption class=\"wp-element-caption\">Communication portant organisation de la c\u00e9r\u00e9monie d\u2019\u00e9change des v\u0153ux 2020<\/figcaption><\/figure>\n\n\n\n<figure class=\"wp-block-image alignfull size-large\"><img data-recalc-dims=\"1\" decoding=\"async\" width=\"631\" height=\"1024\" src=\"https:\/\/i0.wp.com\/infos-droitshumains.net\/wp-content\/uploads\/2026\/01\/1001063933.jpg?resize=631%2C1024&#038;ssl=1\" alt=\"\" class=\"wp-image-17513\" srcset=\"https:\/\/i0.wp.com\/infos-droitshumains.net\/wp-content\/uploads\/2026\/01\/1001063933.jpg?resize=631%2C1024&amp;ssl=1 631w, https:\/\/i0.wp.com\/infos-droitshumains.net\/wp-content\/uploads\/2026\/01\/1001063933.jpg?resize=185%2C300&amp;ssl=1 185w, https:\/\/i0.wp.com\/infos-droitshumains.net\/wp-content\/uploads\/2026\/01\/1001063933.jpg?w=665&amp;ssl=1 665w\" sizes=\"(max-width: 631px) 100vw, 631px\" \/><figcaption class=\"wp-element-caption\">Communication portant organisation de la c\u00e9r\u00e9monie d\u2019\u00e9change des v\u0153ux 2025<\/figcaption><\/figure>\n\n\n\n<figure class=\"wp-block-image alignfull size-large\"><img data-recalc-dims=\"1\" decoding=\"async\" width=\"640\" height=\"842\" src=\"https:\/\/i0.wp.com\/infos-droitshumains.net\/wp-content\/uploads\/2026\/01\/1000806267.jpg?resize=640%2C842&#038;ssl=1\" alt=\"\" class=\"wp-image-17518\" srcset=\"https:\/\/i0.wp.com\/infos-droitshumains.net\/wp-content\/uploads\/2026\/01\/1000806267.jpg?resize=778%2C1024&amp;ssl=1 778w, https:\/\/i0.wp.com\/infos-droitshumains.net\/wp-content\/uploads\/2026\/01\/1000806267.jpg?resize=228%2C300&amp;ssl=1 228w, https:\/\/i0.wp.com\/infos-droitshumains.net\/wp-content\/uploads\/2026\/01\/1000806267.jpg?resize=768%2C1011&amp;ssl=1 768w, https:\/\/i0.wp.com\/infos-droitshumains.net\/wp-content\/uploads\/2026\/01\/1000806267.jpg?resize=1166%2C1536&amp;ssl=1 1166w, https:\/\/i0.wp.com\/infos-droitshumains.net\/wp-content\/uploads\/2026\/01\/1000806267.jpg?resize=1024%2C1348&amp;ssl=1 1024w, https:\/\/i0.wp.com\/infos-droitshumains.net\/wp-content\/uploads\/2026\/01\/1000806267.jpg?w=1215&amp;ssl=1 1215w\" sizes=\"(max-width: 640px) 100vw, 640px\" \/><figcaption class=\"wp-element-caption\">Communication portant organisation de la c\u00e9r\u00e9monie d\u2019\u00e9change des v\u0153ux 2026<\/figcaption><\/figure>\n\n\n\n<p>Mais la surprise ne s\u2019arr\u00eate pas l\u00e0.<\/p>\n\n\n\n<ul class=\"wp-block-list\">\n<li>L\u2019attestation professionnelle, autrefois factur\u00e9e 10 USD, co\u00fbte d\u00e9sormais 30 USD, soit une hausse de 200 %.<\/li>\n\n\n\n<li>L\u2019attestation de voyage, quant \u00e0 elle, passe de 10 \u00e0 50 USD, enregistrant une flamb\u00e9e spectaculaire de 400 %.<\/li>\n<\/ul>\n\n\n\n<p><strong>Silence officiel, col\u00e8re en sourdine<\/strong><\/p>\n\n\n\n<p>Officiellement, <em><strong>\u00abaucune communication d\u00e9taill\u00e9e n\u2019a \u00e9t\u00e9 faite pour justifier cette s\u00e9rie de d\u00e9cisions\u00bb<\/strong><\/em>, nous bri\u00e8vement confi\u00e9 un membre du Conseil de l\u2019Ordre. Officieusement, la col\u00e8re gronde. Tenus par la d\u00e9f\u00e9rence institutionnelle due au B\u00e2tonnier et au Conseil de l\u2019Ordre, plusieurs avocats pr\u00e9f\u00e8rent garder le silence en public. Mais dans les couloirs, les cabinets et les groupes priv\u00e9s, les critiques fusent.<\/p>\n\n\n\n<p><em>\u00ab On nous parle d\u2019unification, mais on commence par nous unifier dans les charges \u00bb,<\/em> confie, sous anonymat, un avocat inscrit au tableau de ce Barreau depuis plusieurs ann\u00e9es.<\/p>\n\n\n\n<p><em>\u00abchez nous toutes les attestations c&rsquo;est 15 USD , les attestations de s\u00e9jour professionnel sont gratuites\u00bb<\/em>, a rapport\u00e9 un avocat d\u2019un autre Barreau du pays.<\/p>\n\n\n\n<p>Certains s\u2019interrogent \u00e9galement sur la destination r\u00e9elle de ces fonds, appelant \u00e0 plus de transparence dans la gestion financi\u00e8re de l\u2019Ordre. D\u2019autres \u00e9voquent la conjoncture \u00e9conomique, mais estiment que celle-ci ne saurait justifier des hausses aussi abruptes, sans concertation pr\u00e9alable avec la base.<\/p>\n\n\n\n<p><strong>Une c\u00e9r\u00e9monie sans faste\u2026 mais pas sans facture<\/strong><\/p>\n\n\n\n<p>Ironie du sort : selon nos sources, la c\u00e9r\u00e9monie d\u2019\u00e9change des v\u0153ux 2026 ne sera pas agr\u00e9ment\u00e9e par artiste musicien de renom, contrairement \u00e0 la tradition des ann\u00e9es pr\u00e9c\u00e9dentes. Une information qui alimente davantage l\u2019incompr\u00e9hension des avocats, qui peinent \u00e0 saisir la logique entre la hausse des contributions et la r\u00e9duction apparente du faste.<\/p>\n\n\n\n<p><strong>Un test pour le \u00ab B\u00e2tonnier de l\u2019unification \u00bb<\/strong><\/p>\n\n\n\n<p>Si le mandat d\u2019Andr\u00e9 Kibambe Kikangala \u00e9tait attendu comme celui du rassemblement, cette controverse pourrait bien constituer son premier grand test de leadership. \u00c0 d\u00e9faut d\u2019une remise en question ou d\u2019une communication claire, le risque est grand de voir s\u2019installer un foss\u00e9 durable entre le Conseil de l\u2019Ordre et la base.<\/p>\n\n\n\n<p>Car au-del\u00e0 des chiffres, c\u2019est une question de gouvernance, de concertation et de confiance qui se pose aujourd\u2019hui au sein du Barreau de Kinshasa\/Gombe. Entre hausse des frais, silence contraint et grogne feutr\u00e9e, le malaise grandit au sein du Barreau m\u00e9tropolitain de Kinshasa\/Gombe.<\/p>\n\n\n\n<p>La R\u00e9daction<\/p>\n","protected":false},"excerpt":{"rendered":"<p>R\u00e9daction: +243 817 406 088 \u00c9lu brillamment le 25 octobre dernier \u00e0 la t\u00eate du&#8230;<\/p>\n","protected":false},"author":3,"featured_media":17521,"comment_status":"open","ping_status":"open","sticky":false,"template":"","format":"standard","meta":{"_jetpack_memberships_contains_paid_content":false,"footnotes":""},"categories":[6],"tags":[],"class_list":["post-17504","post","type-post","status-publish","format-standard","has-post-thumbnail","hentry","category-justice"],"yoast_head":"<!-- This site is optimized with the Yoast SEO plugin v27.5 - https:\/\/yoast.com\/product\/yoast-seo-wordpress\/ -->\n<title>Barreau de Kinshasa\/Gombe : Entre hausse des frais, silence contraint et grogne feutr\u00e9e. Quand l\u2019unification co\u00fbte cher aux avocats (Le dossier de la R\u00e9daction) - Infos Droits Humains<\/title>\n<meta name=\"robots\" content=\"index, follow, max-snippet:-1, max-image-preview:large, max-video-preview:-1\" \/>\n<link rel=\"canonical\" href=\"https:\/\/infos-droitshumains.net\/?p=17504\" \/>\n<meta property=\"og:locale\" content=\"fr_FR\" \/>\n<meta property=\"og:type\" content=\"article\" \/>\n<meta property=\"og:title\" content=\"Barreau de Kinshasa\/Gombe : Entre hausse des frais, silence contraint et grogne feutr\u00e9e. Quand l\u2019unification co\u00fbte cher aux avocats (Le dossier de la R\u00e9daction) - Infos Droits Humains\" \/>\n<meta property=\"og:description\" content=\"R\u00e9daction: +243 817 406 088 \u00c9lu brillamment le 25 octobre dernier \u00e0 la t\u00eate du...\" \/>\n<meta property=\"og:url\" content=\"https:\/\/infos-droitshumains.net\/?p=17504\" \/>\n<meta property=\"og:site_name\" content=\"Infos Droits Humains\" \/>\n<meta property=\"article:published_time\" content=\"2026-01-16T08:45:00+00:00\" \/>\n<meta property=\"article:modified_time\" content=\"2026-01-16T09:04:16+00:00\" \/>\n<meta property=\"og:image\" content=\"https:\/\/infos-droitshumains.net\/wp-content\/uploads\/2026\/01\/IMG-20260115-WA0088.jpg\" \/>\n\t<meta property=\"og:image:width\" content=\"400\" \/>\n\t<meta property=\"og:image:height\" content=\"300\" \/>\n\t<meta property=\"og:image:type\" content=\"image\/jpeg\" \/>\n<meta name=\"author\" content=\"Super\" \/>\n<meta name=\"twitter:card\" content=\"summary_large_image\" \/>\n<meta name=\"twitter:label1\" content=\"\u00c9crit par\" \/>\n\t<meta name=\"twitter:data1\" content=\"Super\" \/>\n\t<meta name=\"twitter:label2\" content=\"Dur\u00e9e de lecture estim\u00e9e\" \/>\n\t<meta name=\"twitter:data2\" content=\"4 minutes\" \/>\n<script type=\"application\/ld+json\" class=\"yoast-schema-graph\">{\"@context\":\"https:\\\/\\\/schema.org\",\"@graph\":[{\"@type\":\"Article\",\"@id\":\"https:\\\/\\\/infos-droitshumains.net\\\/?p=17504#article\",\"isPartOf\":{\"@id\":\"https:\\\/\\\/infos-droitshumains.net\\\/?p=17504\"},\"author\":{\"name\":\"Super\",\"@id\":\"https:\\\/\\\/infos-droitshumains.net\\\/#\\\/schema\\\/person\\\/db4428dbf83d2d51ecdb0cc0aed0c47f\"},\"headline\":\"Barreau de Kinshasa\\\/Gombe : Entre hausse des frais, silence contraint et grogne feutr\u00e9e. Quand l\u2019unification co\u00fbte cher aux avocats (Le dossier de la R\u00e9daction)\",\"datePublished\":\"2026-01-16T08:45:00+00:00\",\"dateModified\":\"2026-01-16T09:04:16+00:00\",\"mainEntityOfPage\":{\"@id\":\"https:\\\/\\\/infos-droitshumains.net\\\/?p=17504\"},\"wordCount\":700,\"commentCount\":0,\"publisher\":{\"@id\":\"https:\\\/\\\/infos-droitshumains.net\\\/#organization\"},\"image\":{\"@id\":\"https:\\\/\\\/infos-droitshumains.net\\\/?p=17504#primaryimage\"},\"thumbnailUrl\":\"https:\\\/\\\/i0.wp.com\\\/infos-droitshumains.net\\\/wp-content\\\/uploads\\\/2026\\\/01\\\/IMG-20260115-WA0088.jpg?fit=400%2C300&ssl=1\",\"articleSection\":[\"Justice\"],\"inLanguage\":\"fr-FR\",\"potentialAction\":[{\"@type\":\"CommentAction\",\"name\":\"Comment\",\"target\":[\"https:\\\/\\\/infos-droitshumains.net\\\/?p=17504#respond\"]}]},{\"@type\":\"WebPage\",\"@id\":\"https:\\\/\\\/infos-droitshumains.net\\\/?p=17504\",\"url\":\"https:\\\/\\\/infos-droitshumains.net\\\/?p=17504\",\"name\":\"Barreau de Kinshasa\\\/Gombe : Entre hausse des frais, silence contraint et grogne feutr\u00e9e. Quand l\u2019unification co\u00fbte cher aux avocats (Le dossier de la R\u00e9daction) - Infos Droits Humains\",\"isPartOf\":{\"@id\":\"https:\\\/\\\/infos-droitshumains.net\\\/#website\"},\"primaryImageOfPage\":{\"@id\":\"https:\\\/\\\/infos-droitshumains.net\\\/?p=17504#primaryimage\"},\"image\":{\"@id\":\"https:\\\/\\\/infos-droitshumains.net\\\/?p=17504#primaryimage\"},\"thumbnailUrl\":\"https:\\\/\\\/i0.wp.com\\\/infos-droitshumains.net\\\/wp-content\\\/uploads\\\/2026\\\/01\\\/IMG-20260115-WA0088.jpg?fit=400%2C300&ssl=1\",\"datePublished\":\"2026-01-16T08:45:00+00:00\",\"dateModified\":\"2026-01-16T09:04:16+00:00\",\"breadcrumb\":{\"@id\":\"https:\\\/\\\/infos-droitshumains.net\\\/?p=17504#breadcrumb\"},\"inLanguage\":\"fr-FR\",\"potentialAction\":[{\"@type\":\"ReadAction\",\"target\":[\"https:\\\/\\\/infos-droitshumains.net\\\/?p=17504\"]}]},{\"@type\":\"ImageObject\",\"inLanguage\":\"fr-FR\",\"@id\":\"https:\\\/\\\/infos-droitshumains.net\\\/?p=17504#primaryimage\",\"url\":\"https:\\\/\\\/i0.wp.com\\\/infos-droitshumains.net\\\/wp-content\\\/uploads\\\/2026\\\/01\\\/IMG-20260115-WA0088.jpg?fit=400%2C300&ssl=1\",\"contentUrl\":\"https:\\\/\\\/i0.wp.com\\\/infos-droitshumains.net\\\/wp-content\\\/uploads\\\/2026\\\/01\\\/IMG-20260115-WA0088.jpg?fit=400%2C300&ssl=1\",\"width\":400,\"height\":300,\"caption\":\"CREATOR: gd-jpeg v1.0 (using IJG JPEG v62), quality = 75?\"},{\"@type\":\"BreadcrumbList\",\"@id\":\"https:\\\/\\\/infos-droitshumains.net\\\/?p=17504#breadcrumb\",\"itemListElement\":[{\"@type\":\"ListItem\",\"position\":1,\"name\":\"Accueil\",\"item\":\"https:\\\/\\\/infos-droitshumains.net\\\/\"},{\"@type\":\"ListItem\",\"position\":2,\"name\":\"Barreau de Kinshasa\\\/Gombe : Entre hausse des frais, silence contraint et grogne feutr\u00e9e. Quand l\u2019unification co\u00fbte cher aux avocats (Le dossier de la R\u00e9daction)\"}]},{\"@type\":\"WebSite\",\"@id\":\"https:\\\/\\\/infos-droitshumains.net\\\/#website\",\"url\":\"https:\\\/\\\/infos-droitshumains.net\\\/\",\"name\":\"Infos Droits Humains\",\"description\":\"S&#039;informer est un droit\",\"publisher\":{\"@id\":\"https:\\\/\\\/infos-droitshumains.net\\\/#organization\"},\"potentialAction\":[{\"@type\":\"SearchAction\",\"target\":{\"@type\":\"EntryPoint\",\"urlTemplate\":\"https:\\\/\\\/infos-droitshumains.net\\\/?s={search_term_string}\"},\"query-input\":{\"@type\":\"PropertyValueSpecification\",\"valueRequired\":true,\"valueName\":\"search_term_string\"}}],\"inLanguage\":\"fr-FR\"},{\"@type\":\"Organization\",\"@id\":\"https:\\\/\\\/infos-droitshumains.net\\\/#organization\",\"name\":\"Infos Droits Humains\",\"url\":\"https:\\\/\\\/infos-droitshumains.net\\\/\",\"logo\":{\"@type\":\"ImageObject\",\"inLanguage\":\"fr-FR\",\"@id\":\"https:\\\/\\\/infos-droitshumains.net\\\/#\\\/schema\\\/logo\\\/image\\\/\",\"url\":\"https:\\\/\\\/i0.wp.com\\\/infos-droitshumains.net\\\/wp-content\\\/uploads\\\/2022\\\/05\\\/Logo.png?fit=333%2C129&ssl=1\",\"contentUrl\":\"https:\\\/\\\/i0.wp.com\\\/infos-droitshumains.net\\\/wp-content\\\/uploads\\\/2022\\\/05\\\/Logo.png?fit=333%2C129&ssl=1\",\"width\":333,\"height\":129,\"caption\":\"Infos Droits Humains\"},\"image\":{\"@id\":\"https:\\\/\\\/infos-droitshumains.net\\\/#\\\/schema\\\/logo\\\/image\\\/\"}},{\"@type\":\"Person\",\"@id\":\"https:\\\/\\\/infos-droitshumains.net\\\/#\\\/schema\\\/person\\\/db4428dbf83d2d51ecdb0cc0aed0c47f\",\"name\":\"Super\",\"image\":{\"@type\":\"ImageObject\",\"inLanguage\":\"fr-FR\",\"@id\":\"https:\\\/\\\/secure.gravatar.com\\\/avatar\\\/a177815e4b161b0d81413b73815c697bc0e3e6e6fe4a06e3147af3c9aa47fd3b?s=96&d=mm&r=g\",\"url\":\"https:\\\/\\\/secure.gravatar.com\\\/avatar\\\/a177815e4b161b0d81413b73815c697bc0e3e6e6fe4a06e3147af3c9aa47fd3b?s=96&d=mm&r=g\",\"contentUrl\":\"https:\\\/\\\/secure.gravatar.com\\\/avatar\\\/a177815e4b161b0d81413b73815c697bc0e3e6e6fe4a06e3147af3c9aa47fd3b?s=96&d=mm&r=g\",\"caption\":\"Super\"},\"url\":\"https:\\\/\\\/infos-droitshumains.net\\\/?author=3\"}]}<\/script>\n<!-- \/ Yoast SEO plugin. -->","yoast_head_json":{"title":"Barreau de Kinshasa\/Gombe : Entre hausse des frais, silence contraint et grogne feutr\u00e9e. Quand l\u2019unification co\u00fbte cher aux avocats (Le dossier de la R\u00e9daction) - Infos Droits Humains","robots":{"index":"index","follow":"follow","max-snippet":"max-snippet:-1","max-image-preview":"max-image-preview:large","max-video-preview":"max-video-preview:-1"},"canonical":"https:\/\/infos-droitshumains.net\/?p=17504","og_locale":"fr_FR","og_type":"article","og_title":"Barreau de Kinshasa\/Gombe : Entre hausse des frais, silence contraint et grogne feutr\u00e9e. Quand l\u2019unification co\u00fbte cher aux avocats (Le dossier de la R\u00e9daction) - Infos Droits Humains","og_description":"R\u00e9daction: +243 817 406 088 \u00c9lu brillamment le 25 octobre dernier \u00e0 la t\u00eate du...","og_url":"https:\/\/infos-droitshumains.net\/?p=17504","og_site_name":"Infos Droits Humains","article_published_time":"2026-01-16T08:45:00+00:00","article_modified_time":"2026-01-16T09:04:16+00:00","og_image":[{"width":400,"height":300,"url":"https:\/\/infos-droitshumains.net\/wp-content\/uploads\/2026\/01\/IMG-20260115-WA0088.jpg","type":"image\/jpeg"}],"author":"Super","twitter_card":"summary_large_image","twitter_misc":{"\u00c9crit par":"Super","Dur\u00e9e de lecture estim\u00e9e":"4 minutes"},"schema":{"@context":"https:\/\/schema.org","@graph":[{"@type":"Article","@id":"https:\/\/infos-droitshumains.net\/?p=17504#article","isPartOf":{"@id":"https:\/\/infos-droitshumains.net\/?p=17504"},"author":{"name":"Super","@id":"https:\/\/infos-droitshumains.net\/#\/schema\/person\/db4428dbf83d2d51ecdb0cc0aed0c47f"},"headline":"Barreau de Kinshasa\/Gombe : Entre hausse des frais, silence contraint et grogne feutr\u00e9e. Quand l\u2019unification co\u00fbte cher aux avocats (Le dossier de la R\u00e9daction)","datePublished":"2026-01-16T08:45:00+00:00","dateModified":"2026-01-16T09:04:16+00:00","mainEntityOfPage":{"@id":"https:\/\/infos-droitshumains.net\/?p=17504"},"wordCount":700,"commentCount":0,"publisher":{"@id":"https:\/\/infos-droitshumains.net\/#organization"},"image":{"@id":"https:\/\/infos-droitshumains.net\/?p=17504#primaryimage"},"thumbnailUrl":"https:\/\/i0.wp.com\/infos-droitshumains.net\/wp-content\/uploads\/2026\/01\/IMG-20260115-WA0088.jpg?fit=400%2C300&ssl=1","articleSection":["Justice"],"inLanguage":"fr-FR","potentialAction":[{"@type":"CommentAction","name":"Comment","target":["https:\/\/infos-droitshumains.net\/?p=17504#respond"]}]},{"@type":"WebPage","@id":"https:\/\/infos-droitshumains.net\/?p=17504","url":"https:\/\/infos-droitshumains.net\/?p=17504","name":"Barreau de Kinshasa\/Gombe : Entre hausse des frais, silence contraint et grogne feutr\u00e9e. Quand l\u2019unification co\u00fbte cher aux avocats (Le dossier de la R\u00e9daction) - Infos Droits Humains","isPartOf":{"@id":"https:\/\/infos-droitshumains.net\/#website"},"primaryImageOfPage":{"@id":"https:\/\/infos-droitshumains.net\/?p=17504#primaryimage"},"image":{"@id":"https:\/\/infos-droitshumains.net\/?p=17504#primaryimage"},"thumbnailUrl":"https:\/\/i0.wp.com\/infos-droitshumains.net\/wp-content\/uploads\/2026\/01\/IMG-20260115-WA0088.jpg?fit=400%2C300&ssl=1","datePublished":"2026-01-16T08:45:00+00:00","dateModified":"2026-01-16T09:04:16+00:00","breadcrumb":{"@id":"https:\/\/infos-droitshumains.net\/?p=17504#breadcrumb"},"inLanguage":"fr-FR","potentialAction":[{"@type":"ReadAction","target":["https:\/\/infos-droitshumains.net\/?p=17504"]}]},{"@type":"ImageObject","inLanguage":"fr-FR","@id":"https:\/\/infos-droitshumains.net\/?p=17504#primaryimage","url":"https:\/\/i0.wp.com\/infos-droitshumains.net\/wp-content\/uploads\/2026\/01\/IMG-20260115-WA0088.jpg?fit=400%2C300&ssl=1","contentUrl":"https:\/\/i0.wp.com\/infos-droitshumains.net\/wp-content\/uploads\/2026\/01\/IMG-20260115-WA0088.jpg?fit=400%2C300&ssl=1","width":400,"height":300,"caption":"CREATOR: gd-jpeg v1.0 (using IJG JPEG v62), quality = 75?"},{"@type":"BreadcrumbList","@id":"https:\/\/infos-droitshumains.net\/?p=17504#breadcrumb","itemListElement":[{"@type":"ListItem","position":1,"name":"Accueil","item":"https:\/\/infos-droitshumains.net\/"},{"@type":"ListItem","position":2,"name":"Barreau de Kinshasa\/Gombe : Entre hausse des frais, silence contraint et grogne feutr\u00e9e. Quand l\u2019unification co\u00fbte cher aux avocats (Le dossier de la R\u00e9daction)"}]},{"@type":"WebSite","@id":"https:\/\/infos-droitshumains.net\/#website","url":"https:\/\/infos-droitshumains.net\/","name":"Infos Droits Humains","description":"S&#039;informer est un droit","publisher":{"@id":"https:\/\/infos-droitshumains.net\/#organization"},"potentialAction":[{"@type":"SearchAction","target":{"@type":"EntryPoint","urlTemplate":"https:\/\/infos-droitshumains.net\/?s={search_term_string}"},"query-input":{"@type":"PropertyValueSpecification","valueRequired":true,"valueName":"search_term_string"}}],"inLanguage":"fr-FR"},{"@type":"Organization","@id":"https:\/\/infos-droitshumains.net\/#organization","name":"Infos Droits Humains","url":"https:\/\/infos-droitshumains.net\/","logo":{"@type":"ImageObject","inLanguage":"fr-FR","@id":"https:\/\/infos-droitshumains.net\/#\/schema\/logo\/image\/","url":"https:\/\/i0.wp.com\/infos-droitshumains.net\/wp-content\/uploads\/2022\/05\/Logo.png?fit=333%2C129&ssl=1","contentUrl":"https:\/\/i0.wp.com\/infos-droitshumains.net\/wp-content\/uploads\/2022\/05\/Logo.png?fit=333%2C129&ssl=1","width":333,"height":129,"caption":"Infos Droits Humains"},"image":{"@id":"https:\/\/infos-droitshumains.net\/#\/schema\/logo\/image\/"}},{"@type":"Person","@id":"https:\/\/infos-droitshumains.net\/#\/schema\/person\/db4428dbf83d2d51ecdb0cc0aed0c47f","name":"Super","image":{"@type":"ImageObject","inLanguage":"fr-FR","@id":"https:\/\/secure.gravatar.com\/avatar\/a177815e4b161b0d81413b73815c697bc0e3e6e6fe4a06e3147af3c9aa47fd3b?s=96&d=mm&r=g","url":"https:\/\/secure.gravatar.com\/avatar\/a177815e4b161b0d81413b73815c697bc0e3e6e6fe4a06e3147af3c9aa47fd3b?s=96&d=mm&r=g","contentUrl":"https:\/\/secure.gravatar.com\/avatar\/a177815e4b161b0d81413b73815c697bc0e3e6e6fe4a06e3147af3c9aa47fd3b?s=96&d=mm&r=g","caption":"Super"},"url":"https:\/\/infos-droitshumains.net\/?author=3"}]}},"featured_image_urls":{"full":["https:\/\/i0.wp.com\/infos-droitshumains.net\/wp-content\/uploads\/2026\/01\/IMG-20260115-WA0088.jpg?fit=400%2C300&ssl=1",400,300,false],"thumbnail":["https:\/\/i0.wp.com\/infos-droitshumains.net\/wp-content\/uploads\/2026\/01\/IMG-20260115-WA0088.jpg?resize=150%2C150&ssl=1",150,150,true],"medium":["https:\/\/i0.wp.com\/infos-droitshumains.net\/wp-content\/uploads\/2026\/01\/IMG-20260115-WA0088.jpg?fit=300%2C225&ssl=1",300,225,true],"medium_large":["https:\/\/i0.wp.com\/infos-droitshumains.net\/wp-content\/uploads\/2026\/01\/IMG-20260115-WA0088.jpg?fit=400%2C300&ssl=1",400,300,true],"large":["https:\/\/i0.wp.com\/infos-droitshumains.net\/wp-content\/uploads\/2026\/01\/IMG-20260115-WA0088.jpg?fit=400%2C300&ssl=1",400,300,true],"1536x1536":["https:\/\/i0.wp.com\/infos-droitshumains.net\/wp-content\/uploads\/2026\/01\/IMG-20260115-WA0088.jpg?fit=400%2C300&ssl=1",400,300,true],"2048x2048":["https:\/\/i0.wp.com\/infos-droitshumains.net\/wp-content\/uploads\/2026\/01\/IMG-20260115-WA0088.jpg?fit=400%2C300&ssl=1",400,300,true],"covernews-slider-full":["https:\/\/i0.wp.com\/infos-droitshumains.net\/wp-content\/uploads\/2026\/01\/IMG-20260115-WA0088.jpg?resize=400%2C300&ssl=1",400,300,true],"covernews-slider-center":["https:\/\/i0.wp.com\/infos-droitshumains.net\/wp-content\/uploads\/2026\/01\/IMG-20260115-WA0088.jpg?resize=400%2C300&ssl=1",400,300,true],"covernews-featured":["https:\/\/i0.wp.com\/infos-droitshumains.net\/wp-content\/uploads\/2026\/01\/IMG-20260115-WA0088.jpg?fit=400%2C300&ssl=1",400,300,true],"covernews-medium":["https:\/\/i0.wp.com\/infos-droitshumains.net\/wp-content\/uploads\/2026\/01\/IMG-20260115-WA0088.jpg?resize=400%2C300&ssl=1",400,300,true],"covernews-medium-square":["https:\/\/i0.wp.com\/infos-droitshumains.net\/wp-content\/uploads\/2026\/01\/IMG-20260115-WA0088.jpg?resize=400%2C250&ssl=1",400,250,true]},"author_info":{"display_name":"Super","author_link":"https:\/\/infos-droitshumains.net\/?author=3"},"category_info":"<a href=\"https:\/\/infos-droitshumains.net\/?cat=6\" rel=\"category\">Justice<\/a>","tag_info":"Justice","comment_count":"0","jetpack_featured_media_url":"https:\/\/i0.wp.com\/infos-droitshumains.net\/wp-content\/uploads\/2026\/01\/IMG-20260115-WA0088.jpg?fit=400%2C300&ssl=1","jetpack-related-posts":[],"jetpack_sharing_enabled":true,"_links":{"self":[{"href":"https:\/\/infos-droitshumains.net\/index.php?rest_route=\/wp\/v2\/posts\/17504","targetHints":{"allow":["GET"]}}],"collection":[{"href":"https:\/\/infos-droitshumains.net\/index.php?rest_route=\/wp\/v2\/posts"}],"about":[{"href":"https:\/\/infos-droitshumains.net\/index.php?rest_route=\/wp\/v2\/types\/post"}],"author":[{"embeddable":true,"href":"https:\/\/infos-droitshumains.net\/index.php?rest_route=\/wp\/v2\/users\/3"}],"replies":[{"embeddable":true,"href":"https:\/\/infos-droitshumains.net\/index.php?rest_route=%2Fwp%2Fv2%2Fcomments&post=17504"}],"version-history":[{"count":9,"href":"https:\/\/infos-droitshumains.net\/index.php?rest_route=\/wp\/v2\/posts\/17504\/revisions"}],"predecessor-version":[{"id":17523,"href":"https:\/\/infos-droitshumains.net\/index.php?rest_route=\/wp\/v2\/posts\/17504\/revisions\/17523"}],"wp:featuredmedia":[{"embeddable":true,"href":"https:\/\/infos-droitshumains.net\/index.php?rest_route=\/wp\/v2\/media\/17521"}],"wp:attachment":[{"href":"https:\/\/infos-droitshumains.net\/index.php?rest_route=%2Fwp%2Fv2%2Fmedia&parent=17504"}],"wp:term":[{"taxonomy":"category","embeddable":true,"href":"https:\/\/infos-droitshumains.net\/index.php?rest_route=%2Fwp%2Fv2%2Fcategories&post=17504"},{"taxonomy":"post_tag","embeddable":true,"href":"https:\/\/infos-droitshumains.net\/index.php?rest_route=%2Fwp%2Fv2%2Ftags&post=17504"}],"curies":[{"name":"wp","href":"https:\/\/api.w.org\/{rel}","templated":true}]}}