{"id":1750,"date":"2022-02-02T23:21:03","date_gmt":"2022-02-02T22:21:03","guid":{"rendered":"https:\/\/infos-droitshumains.net\/?p=1750"},"modified":"2023-04-06T12:10:31","modified_gmt":"2023-04-06T10:10:31","slug":"drame-de-matadi-kibala-la-rdc-rend-hommage-aux-ames-perdues","status":"publish","type":"post","link":"https:\/\/infos-droitshumains.net\/?p=1750","title":{"rendered":"Drame de Matadi Kibala : La RDC rend hommage aux \u00e2mes perdues"},"content":{"rendered":"\n<p><strong>R\u00e9daction :+243817406088<\/strong><\/p>\n\n\n\n<p>Apr\u00e8s la section du c\u00e2ble haute tension de la SNEL sur le march\u00e9 Matadi Kibala, dans la commune de Mont-Ngafula, drame ayant fait 26 morts et 2 bless\u00e9s graves, des voix se sont lev\u00e9es pour rendre des hommages aux victimes.<\/p>\n\n\n\n<p><em>\u00ab\u2026Je partage la douleur immense des familles. Mes pens\u00e9es accompagnent aussi tous les bless\u00e9s\u00bb<\/em> a \u00e9crit le premier ministre Jean-Michel Sama Lukonde sur son compte twitter.<\/p>\n\n\n\n<figure class=\"wp-block-image alignfull size-large\"><img data-recalc-dims=\"1\" decoding=\"async\" src=\"https:\/\/i0.wp.com\/infos-droitshumains.net\/wp-content\/uploads\/2022\/02\/Screenshot_20220202-221844.png?w=640&#038;ssl=1\" alt=\"\" class=\"wp-image-1752\" \/><\/figure>\n\n\n\n<p><em>\u00abUne journ\u00e9e bien sombre et tragique qui restera grav\u00e9e dans nos m\u00e9moires \u00e0 jamais\u00bb<\/em> a regrett\u00e9 Eddy Mundela Kanku, premier vice-pr\u00e9sident du s\u00e9nat. <em>\u00abTous, sommes attrist\u00e9s par cette perte de nos m\u00e8res, nos s\u0153urs, nos fr\u00e8res et nos enfants qui ont perdu la vie ce matin\u00bb<\/em> \u00e0-t-il ajout\u00e9.<\/p>\n\n\n\n<figure class=\"wp-block-image alignfull size-large\"><img data-recalc-dims=\"1\" height=\"531\" width=\"640\" decoding=\"async\" src=\"https:\/\/i0.wp.com\/infos-droitshumains.net\/wp-content\/uploads\/2022\/02\/IMG-20220202-WA0011_1-1024x849.jpg?resize=640%2C531&#038;ssl=1\" alt=\"\" class=\"wp-image-1760\" \/><\/figure>\n\n\n\n<p><div><div><div><div>Martin Fayulu a quant \u00e0 lui, profiter de l\u2019occasion pour exprimer sa compassion \u00e0 tous les congolais qui ont perdu leurs vies lors ces derniers jours :<\/div><\/div><\/div><\/div><\/p>\n\n\n\n<p><em>\u00abJ\u2019exprime ma profonde douleur suite \u00e0 la mort de plusieurs compatriotes, essentiellement des vendeuses du march\u00e9 Matadi-Kibala, provoqu\u00e9e par la chute d\u2019un c\u00e2ble haute tension de la SNEL. Toute ma compassion aux familles \u00e9prouv\u00e9es. Paix aux \u00e2mes des disparus\u00bb.<\/em><\/p>\n\n\n\n<figure class=\"wp-block-image alignfull size-large\"><img data-recalc-dims=\"1\" decoding=\"async\" src=\"https:\/\/i0.wp.com\/infos-droitshumains.net\/wp-content\/uploads\/2022\/02\/Screenshot_20220202-224142.png?w=640&#038;ssl=1\" alt=\"\" class=\"wp-image-1754\" \/><\/figure>\n\n\n\n<p><em>\u00abUne pens\u00e9e pieuse pour nos compatriotes qui ont p\u00e9ri ce matin dans un tragique accident d\u2019\u00e9lectrocution \u00e0 Kinshasa . Mes sinc\u00e8res condol\u00e9ances aux familles \u00e9prouv\u00e9es\u00bb <\/em>a \u00e9crit Jean-Pierre Bemba, pr\u00e9sident du MLC.<\/p>\n\n\n\n<p>Mo\u00efse Katumbi a pour sa part, invit\u00e9 la Soci\u00e9t\u00e9 Nationale d\u2019Electricit\u00e9 \u00e0 prendre ses responsabilit\u00e9s :<\/p>\n\n\n\n<p><em>\u00abLe matin, la mort brutale des mamans du march\u00e9 de Matadi Kibala nous a tous  d\u00e9vast\u00e9s. Le chagrin est immense. Qu\u2019elles reposent en paix! La SNEL doit assumer toutes ses responsabilit\u00e9s et renouveler son r\u00e9seau v\u00e9tuste et dangereux. C\u2019est pour \u00e7a que nous payons nos factures\u00bb.<\/em> <em>\u00abJe suis pein\u00e9e d\u2019apprendre l\u2019incident de Matadi-Kibala qui a caus\u00e9 la mort \u00e0 25 de nos compatriotes. J\u2019implore Dieu Tout-Puissant pour repos de leurs \u00e2mes. Au Gouvernement d\u2019assister les familles \u00e9plor\u00e9es et d\u2019assurer la survie aux descendants d\u00e9pendants. In God we trust\u00bb<\/em> rench\u00e9rit Me. Arlette Odia, coordonnatrice du Collectif pour le D\u00e9veloppement et l\u2019Unit\u00e9 du Congo, CDUC.<\/p>\n\n\n\n<figure class=\"wp-block-image alignfull size-large\"><img data-recalc-dims=\"1\" decoding=\"async\" src=\"https:\/\/i0.wp.com\/infos-droitshumains.net\/wp-content\/uploads\/2022\/02\/Screenshot_20220202-223848.png?w=640&#038;ssl=1\" alt=\"\" class=\"wp-image-1756\" \/><\/figure>\n\n\n\n<p><em>\u00abUne telle catastrophe ne peut nous laisser insensibles. Mes condol\u00e9ances aux familles affect\u00e9es par ces disparitions.\u00bb<\/em> laisse entendre le pasteur Athom\u2019s Mbumba, artiste du gospel congolais.<\/p>\n\n\n\n<p>Le chef de l\u2019\u00c9tat qui \u00e9tait descendu sur le lieu du drame en fin d\u2019apr\u00e8s-midi pour \u00e9valuer la situation, a rassur\u00e9 la prise en charge des obs\u00e8ques par le gouvernement.<\/p>\n\n\n\n<p>Jo\u00ebl Diawa<\/p>\n","protected":false},"excerpt":{"rendered":"<p>R\u00e9daction :+243817406088 Apr\u00e8s la section du c\u00e2ble haute tension de la SNEL sur le march\u00e9&#8230;<\/p>\n","protected":false},"author":2,"featured_media":0,"comment_status":"closed","ping_status":"open","sticky":false,"template":"","format":"standard","meta":{"_jetpack_memberships_contains_paid_content":false,"footnotes":""},"categories":[1],"tags":[],"class_list":["post-1750","post","type-post","status-publish","format-standard","hentry","category-non-classe"],"yoast_head":"<!-- This site is optimized with the Yoast SEO plugin v27.5 - https:\/\/yoast.com\/product\/yoast-seo-wordpress\/ -->\n<title>Drame de Matadi Kibala : La RDC rend hommage aux \u00e2mes perdues - Infos Droits Humains<\/title>\n<meta name=\"robots\" content=\"index, follow, max-snippet:-1, max-image-preview:large, max-video-preview:-1\" \/>\n<link rel=\"canonical\" href=\"https:\/\/infos-droitshumains.net\/?p=1750\" \/>\n<meta property=\"og:locale\" content=\"fr_FR\" \/>\n<meta property=\"og:type\" content=\"article\" \/>\n<meta property=\"og:title\" content=\"Drame de Matadi Kibala : La RDC rend hommage aux \u00e2mes perdues - Infos Droits Humains\" \/>\n<meta property=\"og:description\" content=\"R\u00e9daction :+243817406088 Apr\u00e8s la section du c\u00e2ble haute tension de la SNEL sur le march\u00e9...\" \/>\n<meta property=\"og:url\" content=\"https:\/\/infos-droitshumains.net\/?p=1750\" \/>\n<meta property=\"og:site_name\" content=\"Infos Droits Humains\" \/>\n<meta property=\"article:published_time\" content=\"2022-02-02T22:21:03+00:00\" \/>\n<meta property=\"article:modified_time\" content=\"2023-04-06T10:10:31+00:00\" \/>\n<meta property=\"og:image\" content=\"https:\/\/infos-droitshumains.net\/wp-content\/uploads\/2022\/02\/Screenshot_20220202-221844.png\" \/>\n<meta name=\"author\" content=\"Jo\u00ebl Diawa\" \/>\n<meta name=\"twitter:card\" content=\"summary_large_image\" \/>\n<meta name=\"twitter:label1\" content=\"\u00c9crit par\" \/>\n\t<meta name=\"twitter:data1\" content=\"Jo\u00ebl Diawa\" \/>\n\t<meta name=\"twitter:label2\" content=\"Dur\u00e9e de lecture estim\u00e9e\" \/>\n\t<meta name=\"twitter:data2\" content=\"2 minutes\" \/>\n<script type=\"application\/ld+json\" class=\"yoast-schema-graph\">{\"@context\":\"https:\\\/\\\/schema.org\",\"@graph\":[{\"@type\":\"Article\",\"@id\":\"https:\\\/\\\/infos-droitshumains.net\\\/?p=1750#article\",\"isPartOf\":{\"@id\":\"https:\\\/\\\/infos-droitshumains.net\\\/?p=1750\"},\"author\":{\"name\":\"Jo\u00ebl Diawa\",\"@id\":\"https:\\\/\\\/infos-droitshumains.net\\\/#\\\/schema\\\/person\\\/3dc5e921c3302172e0ed4362f96faab7\"},\"headline\":\"Drame de Matadi Kibala : La RDC rend hommage aux \u00e2mes perdues\",\"datePublished\":\"2022-02-02T22:21:03+00:00\",\"dateModified\":\"2023-04-06T10:10:31+00:00\",\"mainEntityOfPage\":{\"@id\":\"https:\\\/\\\/infos-droitshumains.net\\\/?p=1750\"},\"wordCount\":447,\"publisher\":{\"@id\":\"https:\\\/\\\/infos-droitshumains.net\\\/#organization\"},\"image\":{\"@id\":\"https:\\\/\\\/infos-droitshumains.net\\\/?p=1750#primaryimage\"},\"thumbnailUrl\":\"https:\\\/\\\/infos-droitshumains.net\\\/wp-content\\\/uploads\\\/2022\\\/02\\\/Screenshot_20220202-221844.png\",\"inLanguage\":\"fr-FR\"},{\"@type\":\"WebPage\",\"@id\":\"https:\\\/\\\/infos-droitshumains.net\\\/?p=1750\",\"url\":\"https:\\\/\\\/infos-droitshumains.net\\\/?p=1750\",\"name\":\"Drame de Matadi Kibala : La RDC rend hommage aux \u00e2mes perdues - Infos Droits Humains\",\"isPartOf\":{\"@id\":\"https:\\\/\\\/infos-droitshumains.net\\\/#website\"},\"primaryImageOfPage\":{\"@id\":\"https:\\\/\\\/infos-droitshumains.net\\\/?p=1750#primaryimage\"},\"image\":{\"@id\":\"https:\\\/\\\/infos-droitshumains.net\\\/?p=1750#primaryimage\"},\"thumbnailUrl\":\"https:\\\/\\\/infos-droitshumains.net\\\/wp-content\\\/uploads\\\/2022\\\/02\\\/Screenshot_20220202-221844.png\",\"datePublished\":\"2022-02-02T22:21:03+00:00\",\"dateModified\":\"2023-04-06T10:10:31+00:00\",\"breadcrumb\":{\"@id\":\"https:\\\/\\\/infos-droitshumains.net\\\/?p=1750#breadcrumb\"},\"inLanguage\":\"fr-FR\",\"potentialAction\":[{\"@type\":\"ReadAction\",\"target\":[\"https:\\\/\\\/infos-droitshumains.net\\\/?p=1750\"]}]},{\"@type\":\"ImageObject\",\"inLanguage\":\"fr-FR\",\"@id\":\"https:\\\/\\\/infos-droitshumains.net\\\/?p=1750#primaryimage\",\"url\":\"https:\\\/\\\/infos-droitshumains.net\\\/wp-content\\\/uploads\\\/2022\\\/02\\\/Screenshot_20220202-221844.png\",\"contentUrl\":\"https:\\\/\\\/infos-droitshumains.net\\\/wp-content\\\/uploads\\\/2022\\\/02\\\/Screenshot_20220202-221844.png\"},{\"@type\":\"BreadcrumbList\",\"@id\":\"https:\\\/\\\/infos-droitshumains.net\\\/?p=1750#breadcrumb\",\"itemListElement\":[{\"@type\":\"ListItem\",\"position\":1,\"name\":\"Accueil\",\"item\":\"https:\\\/\\\/infos-droitshumains.net\\\/\"},{\"@type\":\"ListItem\",\"position\":2,\"name\":\"Drame de Matadi Kibala : La RDC rend hommage aux \u00e2mes perdues\"}]},{\"@type\":\"WebSite\",\"@id\":\"https:\\\/\\\/infos-droitshumains.net\\\/#website\",\"url\":\"https:\\\/\\\/infos-droitshumains.net\\\/\",\"name\":\"Infos Droits Humains\",\"description\":\"S&#039;informer est un droit\",\"publisher\":{\"@id\":\"https:\\\/\\\/infos-droitshumains.net\\\/#organization\"},\"potentialAction\":[{\"@type\":\"SearchAction\",\"target\":{\"@type\":\"EntryPoint\",\"urlTemplate\":\"https:\\\/\\\/infos-droitshumains.net\\\/?s={search_term_string}\"},\"query-input\":{\"@type\":\"PropertyValueSpecification\",\"valueRequired\":true,\"valueName\":\"search_term_string\"}}],\"inLanguage\":\"fr-FR\"},{\"@type\":\"Organization\",\"@id\":\"https:\\\/\\\/infos-droitshumains.net\\\/#organization\",\"name\":\"Infos Droits Humains\",\"url\":\"https:\\\/\\\/infos-droitshumains.net\\\/\",\"logo\":{\"@type\":\"ImageObject\",\"inLanguage\":\"fr-FR\",\"@id\":\"https:\\\/\\\/infos-droitshumains.net\\\/#\\\/schema\\\/logo\\\/image\\\/\",\"url\":\"https:\\\/\\\/i0.wp.com\\\/infos-droitshumains.net\\\/wp-content\\\/uploads\\\/2022\\\/05\\\/Logo.png?fit=333%2C129&ssl=1\",\"contentUrl\":\"https:\\\/\\\/i0.wp.com\\\/infos-droitshumains.net\\\/wp-content\\\/uploads\\\/2022\\\/05\\\/Logo.png?fit=333%2C129&ssl=1\",\"width\":333,\"height\":129,\"caption\":\"Infos Droits Humains\"},\"image\":{\"@id\":\"https:\\\/\\\/infos-droitshumains.net\\\/#\\\/schema\\\/logo\\\/image\\\/\"}},{\"@type\":\"Person\",\"@id\":\"https:\\\/\\\/infos-droitshumains.net\\\/#\\\/schema\\\/person\\\/3dc5e921c3302172e0ed4362f96faab7\",\"name\":\"Jo\u00ebl Diawa\",\"image\":{\"@type\":\"ImageObject\",\"inLanguage\":\"fr-FR\",\"@id\":\"https:\\\/\\\/secure.gravatar.com\\\/avatar\\\/729bea6ff4604c624417803c477363be8e3c7186deaa65713313f9b4b820f41c?s=96&d=mm&r=g\",\"url\":\"https:\\\/\\\/secure.gravatar.com\\\/avatar\\\/729bea6ff4604c624417803c477363be8e3c7186deaa65713313f9b4b820f41c?s=96&d=mm&r=g\",\"contentUrl\":\"https:\\\/\\\/secure.gravatar.com\\\/avatar\\\/729bea6ff4604c624417803c477363be8e3c7186deaa65713313f9b4b820f41c?s=96&d=mm&r=g\",\"caption\":\"Jo\u00ebl Diawa\"},\"sameAs\":[\"https:\\\/\\\/www.infos-droitshumains.net\"],\"url\":\"https:\\\/\\\/infos-droitshumains.net\\\/?author=2\"}]}<\/script>\n<!-- \/ Yoast SEO plugin. -->","yoast_head_json":{"title":"Drame de Matadi Kibala : La RDC rend hommage aux \u00e2mes perdues - Infos Droits Humains","robots":{"index":"index","follow":"follow","max-snippet":"max-snippet:-1","max-image-preview":"max-image-preview:large","max-video-preview":"max-video-preview:-1"},"canonical":"https:\/\/infos-droitshumains.net\/?p=1750","og_locale":"fr_FR","og_type":"article","og_title":"Drame de Matadi Kibala : La RDC rend hommage aux \u00e2mes perdues - Infos Droits Humains","og_description":"R\u00e9daction :+243817406088 Apr\u00e8s la section du c\u00e2ble haute tension de la SNEL sur le march\u00e9...","og_url":"https:\/\/infos-droitshumains.net\/?p=1750","og_site_name":"Infos Droits Humains","article_published_time":"2022-02-02T22:21:03+00:00","article_modified_time":"2023-04-06T10:10:31+00:00","og_image":[{"url":"https:\/\/infos-droitshumains.net\/wp-content\/uploads\/2022\/02\/Screenshot_20220202-221844.png","type":"","width":"","height":""}],"author":"Jo\u00ebl Diawa","twitter_card":"summary_large_image","twitter_misc":{"\u00c9crit par":"Jo\u00ebl Diawa","Dur\u00e9e de lecture estim\u00e9e":"2 minutes"},"schema":{"@context":"https:\/\/schema.org","@graph":[{"@type":"Article","@id":"https:\/\/infos-droitshumains.net\/?p=1750#article","isPartOf":{"@id":"https:\/\/infos-droitshumains.net\/?p=1750"},"author":{"name":"Jo\u00ebl Diawa","@id":"https:\/\/infos-droitshumains.net\/#\/schema\/person\/3dc5e921c3302172e0ed4362f96faab7"},"headline":"Drame de Matadi Kibala : La RDC rend hommage aux \u00e2mes perdues","datePublished":"2022-02-02T22:21:03+00:00","dateModified":"2023-04-06T10:10:31+00:00","mainEntityOfPage":{"@id":"https:\/\/infos-droitshumains.net\/?p=1750"},"wordCount":447,"publisher":{"@id":"https:\/\/infos-droitshumains.net\/#organization"},"image":{"@id":"https:\/\/infos-droitshumains.net\/?p=1750#primaryimage"},"thumbnailUrl":"https:\/\/infos-droitshumains.net\/wp-content\/uploads\/2022\/02\/Screenshot_20220202-221844.png","inLanguage":"fr-FR"},{"@type":"WebPage","@id":"https:\/\/infos-droitshumains.net\/?p=1750","url":"https:\/\/infos-droitshumains.net\/?p=1750","name":"Drame de Matadi Kibala : La RDC rend hommage aux \u00e2mes perdues - Infos Droits Humains","isPartOf":{"@id":"https:\/\/infos-droitshumains.net\/#website"},"primaryImageOfPage":{"@id":"https:\/\/infos-droitshumains.net\/?p=1750#primaryimage"},"image":{"@id":"https:\/\/infos-droitshumains.net\/?p=1750#primaryimage"},"thumbnailUrl":"https:\/\/infos-droitshumains.net\/wp-content\/uploads\/2022\/02\/Screenshot_20220202-221844.png","datePublished":"2022-02-02T22:21:03+00:00","dateModified":"2023-04-06T10:10:31+00:00","breadcrumb":{"@id":"https:\/\/infos-droitshumains.net\/?p=1750#breadcrumb"},"inLanguage":"fr-FR","potentialAction":[{"@type":"ReadAction","target":["https:\/\/infos-droitshumains.net\/?p=1750"]}]},{"@type":"ImageObject","inLanguage":"fr-FR","@id":"https:\/\/infos-droitshumains.net\/?p=1750#primaryimage","url":"https:\/\/infos-droitshumains.net\/wp-content\/uploads\/2022\/02\/Screenshot_20220202-221844.png","contentUrl":"https:\/\/infos-droitshumains.net\/wp-content\/uploads\/2022\/02\/Screenshot_20220202-221844.png"},{"@type":"BreadcrumbList","@id":"https:\/\/infos-droitshumains.net\/?p=1750#breadcrumb","itemListElement":[{"@type":"ListItem","position":1,"name":"Accueil","item":"https:\/\/infos-droitshumains.net\/"},{"@type":"ListItem","position":2,"name":"Drame de Matadi Kibala : La RDC rend hommage aux \u00e2mes perdues"}]},{"@type":"WebSite","@id":"https:\/\/infos-droitshumains.net\/#website","url":"https:\/\/infos-droitshumains.net\/","name":"Infos Droits Humains","description":"S&#039;informer est un droit","publisher":{"@id":"https:\/\/infos-droitshumains.net\/#organization"},"potentialAction":[{"@type":"SearchAction","target":{"@type":"EntryPoint","urlTemplate":"https:\/\/infos-droitshumains.net\/?s={search_term_string}"},"query-input":{"@type":"PropertyValueSpecification","valueRequired":true,"valueName":"search_term_string"}}],"inLanguage":"fr-FR"},{"@type":"Organization","@id":"https:\/\/infos-droitshumains.net\/#organization","name":"Infos Droits Humains","url":"https:\/\/infos-droitshumains.net\/","logo":{"@type":"ImageObject","inLanguage":"fr-FR","@id":"https:\/\/infos-droitshumains.net\/#\/schema\/logo\/image\/","url":"https:\/\/i0.wp.com\/infos-droitshumains.net\/wp-content\/uploads\/2022\/05\/Logo.png?fit=333%2C129&ssl=1","contentUrl":"https:\/\/i0.wp.com\/infos-droitshumains.net\/wp-content\/uploads\/2022\/05\/Logo.png?fit=333%2C129&ssl=1","width":333,"height":129,"caption":"Infos Droits Humains"},"image":{"@id":"https:\/\/infos-droitshumains.net\/#\/schema\/logo\/image\/"}},{"@type":"Person","@id":"https:\/\/infos-droitshumains.net\/#\/schema\/person\/3dc5e921c3302172e0ed4362f96faab7","name":"Jo\u00ebl Diawa","image":{"@type":"ImageObject","inLanguage":"fr-FR","@id":"https:\/\/secure.gravatar.com\/avatar\/729bea6ff4604c624417803c477363be8e3c7186deaa65713313f9b4b820f41c?s=96&d=mm&r=g","url":"https:\/\/secure.gravatar.com\/avatar\/729bea6ff4604c624417803c477363be8e3c7186deaa65713313f9b4b820f41c?s=96&d=mm&r=g","contentUrl":"https:\/\/secure.gravatar.com\/avatar\/729bea6ff4604c624417803c477363be8e3c7186deaa65713313f9b4b820f41c?s=96&d=mm&r=g","caption":"Jo\u00ebl Diawa"},"sameAs":["https:\/\/www.infos-droitshumains.net"],"url":"https:\/\/infos-droitshumains.net\/?author=2"}]}},"featured_image_urls":{"full":"","thumbnail":"","medium":"","medium_large":"","large":"","1536x1536":"","2048x2048":"","covernews-slider-full":"","covernews-slider-center":"","covernews-featured":"","covernews-medium":"","covernews-medium-square":""},"author_info":{"display_name":"Jo\u00ebl Diawa","author_link":"https:\/\/infos-droitshumains.net\/?author=2"},"category_info":"<a href=\"https:\/\/infos-droitshumains.net\/?cat=1\" rel=\"category\">Non class\u00e9<\/a>","tag_info":"Non class\u00e9","comment_count":"0","jetpack_featured_media_url":"","jetpack-related-posts":[],"jetpack_sharing_enabled":true,"_links":{"self":[{"href":"https:\/\/infos-droitshumains.net\/index.php?rest_route=\/wp\/v2\/posts\/1750","targetHints":{"allow":["GET"]}}],"collection":[{"href":"https:\/\/infos-droitshumains.net\/index.php?rest_route=\/wp\/v2\/posts"}],"about":[{"href":"https:\/\/infos-droitshumains.net\/index.php?rest_route=\/wp\/v2\/types\/post"}],"author":[{"embeddable":true,"href":"https:\/\/infos-droitshumains.net\/index.php?rest_route=\/wp\/v2\/users\/2"}],"replies":[{"embeddable":true,"href":"https:\/\/infos-droitshumains.net\/index.php?rest_route=%2Fwp%2Fv2%2Fcomments&post=1750"}],"version-history":[{"count":9,"href":"https:\/\/infos-droitshumains.net\/index.php?rest_route=\/wp\/v2\/posts\/1750\/revisions"}],"predecessor-version":[{"id":1764,"href":"https:\/\/infos-droitshumains.net\/index.php?rest_route=\/wp\/v2\/posts\/1750\/revisions\/1764"}],"wp:attachment":[{"href":"https:\/\/infos-droitshumains.net\/index.php?rest_route=%2Fwp%2Fv2%2Fmedia&parent=1750"}],"wp:term":[{"taxonomy":"category","embeddable":true,"href":"https:\/\/infos-droitshumains.net\/index.php?rest_route=%2Fwp%2Fv2%2Fcategories&post=1750"},{"taxonomy":"post_tag","embeddable":true,"href":"https:\/\/infos-droitshumains.net\/index.php?rest_route=%2Fwp%2Fv2%2Ftags&post=1750"}],"curies":[{"name":"wp","href":"https:\/\/api.w.org\/{rel}","templated":true}]}}