{"id":17461,"date":"2026-01-08T13:04:06","date_gmt":"2026-01-08T12:04:06","guid":{"rendered":"https:\/\/infos-droitshumains.net\/?p=17461"},"modified":"2026-01-08T13:13:31","modified_gmt":"2026-01-08T12:13:31","slug":"dialogue-national-et-mandat-presidentiel-quand-la-guerre-reconfigure-le-droit-constitutionnel-lopinion-tranchante-de-me-jean-marie-kabengela-ilunga-relance-le-debat","status":"publish","type":"post","link":"https:\/\/infos-droitshumains.net\/?p=17461","title":{"rendered":"Dialogue national et mandat pr\u00e9sidentiel : quand la guerre reconfigure le droit constitutionnel. L\u2019opinion tranchante de Me Jean-Marie Kabengela Ilunga relance le d\u00e9bat"},"content":{"rendered":"\n<p><strong>R\u00e9daction: +243 817 406 088<\/strong><\/p>\n\n\n\n<h3 class=\"wp-block-heading has-vivid-red-color has-text-color has-link-color wp-elements-b7391be41f702e6d325e3acb36c675a1\">Alors que l\u2019Est de la R\u00e9publique d\u00e9mocratique du Congo demeure enlis\u00e9 dans une ins\u00e9curit\u00e9 persistante marqu\u00e9e par l\u2019occupation de certaines zones par le mouvement rebelle AFC-M23, les \u00c9glises catholique et protestante, rejointes par une partie de l\u2019opposition politique, plaident pour l\u2019organisation d\u2019un dialogue national inclusif afin de restaurer la paix. Dans ce contexte sensible, Me Jean-Marie Kabengela Ilunga, avocat et acteur politique congolais, a livr\u00e9 une lecture \u00e0 la fois politique et juridique des implications d\u2019un tel dialogue, notamment sur le mandat du Pr\u00e9sident de la R\u00e9publique, F\u00e9lix Tshisekedi.<\/h3>\n\n\n\n<p><strong>L&rsquo;adh\u00e9sion au dialogue, mais sous condition de coh\u00e9rence politique<\/strong><\/p>\n\n\n\n<p>De passage \u00e0 l\u2019\u00e9mission Bosolo na politique, Me Kabengela Ilunga se montre clair : <em>\u00ab Comme la classe politique et les pr\u00e9lats catholiques et protestants, ainsi que lui-m\u00eame le Pr\u00e9sident de la R\u00e9publique, ne s\u2019opposent pas au dialogue pour que la paix revienne dans la partie Est du pays, qu\u2019ils soient cons\u00e9quents. \u00bb<\/em><\/p>\n\n\n\n<p>Pour lui, la tenue d\u2019un dialogue pendant que le mandat pr\u00e9sidentiel est encore en cours ne saurait \u00eatre politiquement neutre. Elle ouvrirait n\u00e9cessairement un d\u00e9bat sur <em>\u2018\u2019la pl\u00e9nitude de l\u2019exercice du pouvoir pr\u00e9sidentiel.\u2019\u2019<\/em><\/p>\n\n\n\n<p><strong>Un mandat exerc\u00e9 partiellement<\/strong><\/p>\n\n\n\n<p>L\u2019\u00e9l\u00e9ment central de la th\u00e8se de Me Kabengela repose sur une affirmation forte : le Pr\u00e9sident F\u00e9lix Tshisekedi n\u2019aurait pas exerc\u00e9 pleinement son mandat sur l\u2019ensemble du territoire national, en raison de l\u2019occupation et du contr\u00f4le de certaines zones du Nord-Kivu et du Sud-Kivu par la r\u00e9bellion AFC-M23.<\/p>\n\n\n\n<p><em>\u00ab D\u00e8s lors que le mouvement rebelle AFC-M23 emp\u00eache \u00e0 F\u00e9lix Tshisekedi d\u2019\u00eatre le Chef des populations du Nord et Sud-Kivu, son mandat n\u2019est pas plein \u00bb<\/em>, a-t-il affirm\u00e9.<\/p>\n\n\n\n<p>Selon cette logique, le Pr\u00e9sident, bien qu\u2019\u00e9lu au suffrage universel direct et d\u00e9tenteur de la l\u00e9gitimit\u00e9 nationale, se serait vu <em>\u2018\u2019<strong>emp\u00each\u00e9 de remplir int\u00e9gralement ses fonctions r\u00e9galiennes\u2019\u2019<\/strong><\/em> sur toute l\u2019\u00e9tendue du territoire, ce qui affecterait la substance m\u00eame de son mandat.<\/p>\n\n\n\n<p><strong>La notion de \u201cfait \u00e9tranger\u201d et la suspension du mandat<\/strong><\/p>\n\n\n\n<p>Me Kabengela Ilunga va plus loin en introduisant un raisonnement juridique audacieux, fond\u00e9 sur la notion de \u00a0\u00bb<strong>fait \u00e9tranger<\/strong>\u00a0\u00bb, concept bien connu en droit, notamment lorsqu\u2019un \u00e9v\u00e9nement ind\u00e9pendant de la volont\u00e9 d\u2019un acteur emp\u00eache l\u2019ex\u00e9cution normale d\u2019une obligation.<\/p>\n\n\n\n<p><em>\u00ab \u00c0 partir du moment o\u00f9 l\u2019on a emp\u00each\u00e9 les institutions de la R\u00e9publique de fonctionner dans ces territoires-l\u00e0, le mandat du Pr\u00e9sident est r\u00e9put\u00e9 suspendu parce qu\u2019il y a un fait \u00e9tranger \u00bb<\/em>, soutient ce juriste.<\/p>\n\n\n\n<p>Dans cette perspective, la guerre et l\u2019impossibilit\u00e9 pour les institutions de l\u2019\u00c9tat de fonctionner normalement dans certaines parties du pays auraient pour cons\u00e9quence une <em>\u2018\u2019<strong>interruption de fait de l\u2019exercice du mandat pr\u00e9sidentiel\u2019\u2019<\/strong><\/em>, sans que la responsabilit\u00e9 politique ou personnelle du Chef de l\u2019\u00c9tat ne soit engag\u00e9e.<\/p>\n\n\n\n<p><strong>Une cons\u00e9quence explosive : le droit \u00e0 une nouvelle candidature<\/strong><\/p>\n\n\n\n<p>De cette analyse d\u00e9coule une conclusion qui ne manquera pas de susciter la controverse : <em>\u2018\u2019<strong>F\u00e9lix Tshisekedi conserverait le droit de se repr\u00e9senter \u00e0 un prochain cycle \u00e9lectoral\u2019\u2019<\/strong><\/em>, m\u00eame apr\u00e8s ce qui est formellement consid\u00e9r\u00e9 comme son deuxi\u00e8me mandat.<\/p>\n\n\n\n<p><em>\u00ab D\u00e8s lors qu\u2019il n\u2019a pas exerc\u00e9 compl\u00e8tement son deuxi\u00e8me mandat sur l\u2019ensemble du pays, il a droit de se repr\u00e9senter. Je mets quiconque au d\u00e9fi de me prouver que le deuxi\u00e8me mandat de cinq ans, il l\u2019a exerc\u00e9 sur l\u2019ensemble du pays. \u00bb<\/em><\/p>\n\n\n\n<p>Cette position entre en tension directe avec l\u2019esprit g\u00e9n\u00e9ral de la Constitution congolaise, qui consacre la limitation des mandats pr\u00e9sidentiels, mais elle soul\u00e8ve une <strong>question juridique majeure<\/strong> : <em>\u2018\u2019un mandat peut-il \u00eatre consid\u00e9r\u00e9 comme pleinement accompli lorsque l\u2019autorit\u00e9 de l\u2019\u00c9tat est gravement entrav\u00e9e sur une partie significative du territoire ?\u2019\u2019<\/em><\/p>\n\n\n\n<p>L\u2019opinion de Me Jean-Marie Kabengela Ilunga ne constitue pas une doctrine juridique \u00e9tablie, mais elle met en lumi\u00e8re un \u00a0\u00bb<strong>vide interpr\u00e9tatif<\/strong>\u00a0\u00bb face \u00e0 une situation exceptionnelle, celle d\u2019un \u00c9tat confront\u00e9 \u00e0 une guerre persistante sur son propre sol. Elle pose \u00e9galement une interrogation fondamentale sur l\u2019\u00e9quilibre entre la recherche de la paix, la continuit\u00e9 de l\u2019\u00c9tat et le respect de l\u2019ordre constitutionnel.<\/p>\n\n\n\n<p>\u00c0 mesure que les appels au dialogue national se multiplient, la RDC se retrouve face \u00e0 des dilemmes o\u00f9 le droit constitutionnel, la r\u00e9alit\u00e9 s\u00e9curitaire et les calculs politiques s\u2019entrecroisent. L\u2019analyse de Me Kabengela Ilunga, qu\u2019on y adh\u00e8re ou non, a le m\u00e9rite de forcer le d\u00e9bat et d\u2019interpeller les acteurs politiques, religieux et institutionnels sur les cons\u00e9quences profondes d\u2019un dialogue men\u00e9 dans un contexte de souverainet\u00e9 territoriale viol\u00e9e.<\/p>\n\n\n\n<p>Jo\u00ebl Diawa<\/p>\n","protected":false},"excerpt":{"rendered":"<p>R\u00e9daction: +243 817 406 088 Alors que l\u2019Est de la R\u00e9publique d\u00e9mocratique du Congo demeure&#8230;<\/p>\n","protected":false},"author":2,"featured_media":17474,"comment_status":"open","ping_status":"open","sticky":false,"template":"","format":"standard","meta":{"_jetpack_memberships_contains_paid_content":false,"footnotes":""},"categories":[3],"tags":[],"class_list":["post-17461","post","type-post","status-publish","format-standard","has-post-thumbnail","hentry","category-politique"],"yoast_head":"<!-- This site is optimized with the Yoast SEO plugin v27.5 - https:\/\/yoast.com\/product\/yoast-seo-wordpress\/ -->\n<title>Dialogue national et mandat pr\u00e9sidentiel : quand la guerre reconfigure le droit constitutionnel. L\u2019opinion tranchante de Me Jean-Marie Kabengela Ilunga relance le d\u00e9bat - Infos Droits Humains<\/title>\n<meta name=\"robots\" content=\"index, follow, max-snippet:-1, max-image-preview:large, max-video-preview:-1\" \/>\n<link rel=\"canonical\" href=\"https:\/\/infos-droitshumains.net\/?p=17461\" \/>\n<meta property=\"og:locale\" content=\"fr_FR\" \/>\n<meta property=\"og:type\" content=\"article\" \/>\n<meta property=\"og:title\" content=\"Dialogue national et mandat pr\u00e9sidentiel : quand la guerre reconfigure le droit constitutionnel. L\u2019opinion tranchante de Me Jean-Marie Kabengela Ilunga relance le d\u00e9bat - Infos Droits Humains\" \/>\n<meta property=\"og:description\" content=\"R\u00e9daction: +243 817 406 088 Alors que l\u2019Est de la R\u00e9publique d\u00e9mocratique du Congo demeure...\" \/>\n<meta property=\"og:url\" content=\"https:\/\/infos-droitshumains.net\/?p=17461\" \/>\n<meta property=\"og:site_name\" content=\"Infos Droits Humains\" \/>\n<meta property=\"article:published_time\" content=\"2026-01-08T12:04:06+00:00\" \/>\n<meta property=\"article:modified_time\" content=\"2026-01-08T12:13:31+00:00\" \/>\n<meta property=\"og:image\" content=\"https:\/\/infos-droitshumains.net\/wp-content\/uploads\/2026\/01\/IMG-20250619-WA0096.jpg\" \/>\n\t<meta property=\"og:image:width\" content=\"2378\" \/>\n\t<meta property=\"og:image:height\" content=\"1561\" \/>\n\t<meta property=\"og:image:type\" content=\"image\/jpeg\" \/>\n<meta name=\"author\" content=\"Jo\u00ebl Diawa\" \/>\n<meta name=\"twitter:card\" content=\"summary_large_image\" \/>\n<meta name=\"twitter:label1\" content=\"\u00c9crit par\" \/>\n\t<meta name=\"twitter:data1\" content=\"Jo\u00ebl Diawa\" \/>\n\t<meta name=\"twitter:label2\" content=\"Dur\u00e9e de lecture estim\u00e9e\" \/>\n\t<meta name=\"twitter:data2\" content=\"4 minutes\" \/>\n<script type=\"application\/ld+json\" class=\"yoast-schema-graph\">{\"@context\":\"https:\\\/\\\/schema.org\",\"@graph\":[{\"@type\":\"Article\",\"@id\":\"https:\\\/\\\/infos-droitshumains.net\\\/?p=17461#article\",\"isPartOf\":{\"@id\":\"https:\\\/\\\/infos-droitshumains.net\\\/?p=17461\"},\"author\":{\"name\":\"Jo\u00ebl Diawa\",\"@id\":\"https:\\\/\\\/infos-droitshumains.net\\\/#\\\/schema\\\/person\\\/3dc5e921c3302172e0ed4362f96faab7\"},\"headline\":\"Dialogue national et mandat pr\u00e9sidentiel : quand la guerre reconfigure le droit constitutionnel. L\u2019opinion tranchante de Me Jean-Marie Kabengela Ilunga relance le d\u00e9bat\",\"datePublished\":\"2026-01-08T12:04:06+00:00\",\"dateModified\":\"2026-01-08T12:13:31+00:00\",\"mainEntityOfPage\":{\"@id\":\"https:\\\/\\\/infos-droitshumains.net\\\/?p=17461\"},\"wordCount\":839,\"commentCount\":0,\"publisher\":{\"@id\":\"https:\\\/\\\/infos-droitshumains.net\\\/#organization\"},\"image\":{\"@id\":\"https:\\\/\\\/infos-droitshumains.net\\\/?p=17461#primaryimage\"},\"thumbnailUrl\":\"https:\\\/\\\/i0.wp.com\\\/infos-droitshumains.net\\\/wp-content\\\/uploads\\\/2026\\\/01\\\/IMG-20250619-WA0096.jpg?fit=2378%2C1561&ssl=1\",\"articleSection\":[\"Politique\"],\"inLanguage\":\"fr-FR\",\"potentialAction\":[{\"@type\":\"CommentAction\",\"name\":\"Comment\",\"target\":[\"https:\\\/\\\/infos-droitshumains.net\\\/?p=17461#respond\"]}]},{\"@type\":\"WebPage\",\"@id\":\"https:\\\/\\\/infos-droitshumains.net\\\/?p=17461\",\"url\":\"https:\\\/\\\/infos-droitshumains.net\\\/?p=17461\",\"name\":\"Dialogue national et mandat pr\u00e9sidentiel : quand la guerre reconfigure le droit constitutionnel. L\u2019opinion tranchante de Me Jean-Marie Kabengela Ilunga relance le d\u00e9bat - Infos Droits Humains\",\"isPartOf\":{\"@id\":\"https:\\\/\\\/infos-droitshumains.net\\\/#website\"},\"primaryImageOfPage\":{\"@id\":\"https:\\\/\\\/infos-droitshumains.net\\\/?p=17461#primaryimage\"},\"image\":{\"@id\":\"https:\\\/\\\/infos-droitshumains.net\\\/?p=17461#primaryimage\"},\"thumbnailUrl\":\"https:\\\/\\\/i0.wp.com\\\/infos-droitshumains.net\\\/wp-content\\\/uploads\\\/2026\\\/01\\\/IMG-20250619-WA0096.jpg?fit=2378%2C1561&ssl=1\",\"datePublished\":\"2026-01-08T12:04:06+00:00\",\"dateModified\":\"2026-01-08T12:13:31+00:00\",\"breadcrumb\":{\"@id\":\"https:\\\/\\\/infos-droitshumains.net\\\/?p=17461#breadcrumb\"},\"inLanguage\":\"fr-FR\",\"potentialAction\":[{\"@type\":\"ReadAction\",\"target\":[\"https:\\\/\\\/infos-droitshumains.net\\\/?p=17461\"]}]},{\"@type\":\"ImageObject\",\"inLanguage\":\"fr-FR\",\"@id\":\"https:\\\/\\\/infos-droitshumains.net\\\/?p=17461#primaryimage\",\"url\":\"https:\\\/\\\/i0.wp.com\\\/infos-droitshumains.net\\\/wp-content\\\/uploads\\\/2026\\\/01\\\/IMG-20250619-WA0096.jpg?fit=2378%2C1561&ssl=1\",\"contentUrl\":\"https:\\\/\\\/i0.wp.com\\\/infos-droitshumains.net\\\/wp-content\\\/uploads\\\/2026\\\/01\\\/IMG-20250619-WA0096.jpg?fit=2378%2C1561&ssl=1\",\"width\":2378,\"height\":1561},{\"@type\":\"BreadcrumbList\",\"@id\":\"https:\\\/\\\/infos-droitshumains.net\\\/?p=17461#breadcrumb\",\"itemListElement\":[{\"@type\":\"ListItem\",\"position\":1,\"name\":\"Accueil\",\"item\":\"https:\\\/\\\/infos-droitshumains.net\\\/\"},{\"@type\":\"ListItem\",\"position\":2,\"name\":\"Dialogue national et mandat pr\u00e9sidentiel : quand la guerre reconfigure le droit constitutionnel. L\u2019opinion tranchante de Me Jean-Marie Kabengela Ilunga relance le d\u00e9bat\"}]},{\"@type\":\"WebSite\",\"@id\":\"https:\\\/\\\/infos-droitshumains.net\\\/#website\",\"url\":\"https:\\\/\\\/infos-droitshumains.net\\\/\",\"name\":\"Infos Droits Humains\",\"description\":\"S&#039;informer est un droit\",\"publisher\":{\"@id\":\"https:\\\/\\\/infos-droitshumains.net\\\/#organization\"},\"potentialAction\":[{\"@type\":\"SearchAction\",\"target\":{\"@type\":\"EntryPoint\",\"urlTemplate\":\"https:\\\/\\\/infos-droitshumains.net\\\/?s={search_term_string}\"},\"query-input\":{\"@type\":\"PropertyValueSpecification\",\"valueRequired\":true,\"valueName\":\"search_term_string\"}}],\"inLanguage\":\"fr-FR\"},{\"@type\":\"Organization\",\"@id\":\"https:\\\/\\\/infos-droitshumains.net\\\/#organization\",\"name\":\"Infos Droits Humains\",\"url\":\"https:\\\/\\\/infos-droitshumains.net\\\/\",\"logo\":{\"@type\":\"ImageObject\",\"inLanguage\":\"fr-FR\",\"@id\":\"https:\\\/\\\/infos-droitshumains.net\\\/#\\\/schema\\\/logo\\\/image\\\/\",\"url\":\"https:\\\/\\\/i0.wp.com\\\/infos-droitshumains.net\\\/wp-content\\\/uploads\\\/2022\\\/05\\\/Logo.png?fit=333%2C129&ssl=1\",\"contentUrl\":\"https:\\\/\\\/i0.wp.com\\\/infos-droitshumains.net\\\/wp-content\\\/uploads\\\/2022\\\/05\\\/Logo.png?fit=333%2C129&ssl=1\",\"width\":333,\"height\":129,\"caption\":\"Infos Droits Humains\"},\"image\":{\"@id\":\"https:\\\/\\\/infos-droitshumains.net\\\/#\\\/schema\\\/logo\\\/image\\\/\"}},{\"@type\":\"Person\",\"@id\":\"https:\\\/\\\/infos-droitshumains.net\\\/#\\\/schema\\\/person\\\/3dc5e921c3302172e0ed4362f96faab7\",\"name\":\"Jo\u00ebl Diawa\",\"image\":{\"@type\":\"ImageObject\",\"inLanguage\":\"fr-FR\",\"@id\":\"https:\\\/\\\/secure.gravatar.com\\\/avatar\\\/729bea6ff4604c624417803c477363be8e3c7186deaa65713313f9b4b820f41c?s=96&d=mm&r=g\",\"url\":\"https:\\\/\\\/secure.gravatar.com\\\/avatar\\\/729bea6ff4604c624417803c477363be8e3c7186deaa65713313f9b4b820f41c?s=96&d=mm&r=g\",\"contentUrl\":\"https:\\\/\\\/secure.gravatar.com\\\/avatar\\\/729bea6ff4604c624417803c477363be8e3c7186deaa65713313f9b4b820f41c?s=96&d=mm&r=g\",\"caption\":\"Jo\u00ebl Diawa\"},\"sameAs\":[\"https:\\\/\\\/www.infos-droitshumains.net\"],\"url\":\"https:\\\/\\\/infos-droitshumains.net\\\/?author=2\"}]}<\/script>\n<!-- \/ Yoast SEO plugin. -->","yoast_head_json":{"title":"Dialogue national et mandat pr\u00e9sidentiel : quand la guerre reconfigure le droit constitutionnel. L\u2019opinion tranchante de Me Jean-Marie Kabengela Ilunga relance le d\u00e9bat - Infos Droits Humains","robots":{"index":"index","follow":"follow","max-snippet":"max-snippet:-1","max-image-preview":"max-image-preview:large","max-video-preview":"max-video-preview:-1"},"canonical":"https:\/\/infos-droitshumains.net\/?p=17461","og_locale":"fr_FR","og_type":"article","og_title":"Dialogue national et mandat pr\u00e9sidentiel : quand la guerre reconfigure le droit constitutionnel. L\u2019opinion tranchante de Me Jean-Marie Kabengela Ilunga relance le d\u00e9bat - Infos Droits Humains","og_description":"R\u00e9daction: +243 817 406 088 Alors que l\u2019Est de la R\u00e9publique d\u00e9mocratique du Congo demeure...","og_url":"https:\/\/infos-droitshumains.net\/?p=17461","og_site_name":"Infos Droits Humains","article_published_time":"2026-01-08T12:04:06+00:00","article_modified_time":"2026-01-08T12:13:31+00:00","og_image":[{"width":2378,"height":1561,"url":"https:\/\/infos-droitshumains.net\/wp-content\/uploads\/2026\/01\/IMG-20250619-WA0096.jpg","type":"image\/jpeg"}],"author":"Jo\u00ebl Diawa","twitter_card":"summary_large_image","twitter_misc":{"\u00c9crit par":"Jo\u00ebl Diawa","Dur\u00e9e de lecture estim\u00e9e":"4 minutes"},"schema":{"@context":"https:\/\/schema.org","@graph":[{"@type":"Article","@id":"https:\/\/infos-droitshumains.net\/?p=17461#article","isPartOf":{"@id":"https:\/\/infos-droitshumains.net\/?p=17461"},"author":{"name":"Jo\u00ebl Diawa","@id":"https:\/\/infos-droitshumains.net\/#\/schema\/person\/3dc5e921c3302172e0ed4362f96faab7"},"headline":"Dialogue national et mandat pr\u00e9sidentiel : quand la guerre reconfigure le droit constitutionnel. L\u2019opinion tranchante de Me Jean-Marie Kabengela Ilunga relance le d\u00e9bat","datePublished":"2026-01-08T12:04:06+00:00","dateModified":"2026-01-08T12:13:31+00:00","mainEntityOfPage":{"@id":"https:\/\/infos-droitshumains.net\/?p=17461"},"wordCount":839,"commentCount":0,"publisher":{"@id":"https:\/\/infos-droitshumains.net\/#organization"},"image":{"@id":"https:\/\/infos-droitshumains.net\/?p=17461#primaryimage"},"thumbnailUrl":"https:\/\/i0.wp.com\/infos-droitshumains.net\/wp-content\/uploads\/2026\/01\/IMG-20250619-WA0096.jpg?fit=2378%2C1561&ssl=1","articleSection":["Politique"],"inLanguage":"fr-FR","potentialAction":[{"@type":"CommentAction","name":"Comment","target":["https:\/\/infos-droitshumains.net\/?p=17461#respond"]}]},{"@type":"WebPage","@id":"https:\/\/infos-droitshumains.net\/?p=17461","url":"https:\/\/infos-droitshumains.net\/?p=17461","name":"Dialogue national et mandat pr\u00e9sidentiel : quand la guerre reconfigure le droit constitutionnel. L\u2019opinion tranchante de Me Jean-Marie Kabengela Ilunga relance le d\u00e9bat - Infos Droits Humains","isPartOf":{"@id":"https:\/\/infos-droitshumains.net\/#website"},"primaryImageOfPage":{"@id":"https:\/\/infos-droitshumains.net\/?p=17461#primaryimage"},"image":{"@id":"https:\/\/infos-droitshumains.net\/?p=17461#primaryimage"},"thumbnailUrl":"https:\/\/i0.wp.com\/infos-droitshumains.net\/wp-content\/uploads\/2026\/01\/IMG-20250619-WA0096.jpg?fit=2378%2C1561&ssl=1","datePublished":"2026-01-08T12:04:06+00:00","dateModified":"2026-01-08T12:13:31+00:00","breadcrumb":{"@id":"https:\/\/infos-droitshumains.net\/?p=17461#breadcrumb"},"inLanguage":"fr-FR","potentialAction":[{"@type":"ReadAction","target":["https:\/\/infos-droitshumains.net\/?p=17461"]}]},{"@type":"ImageObject","inLanguage":"fr-FR","@id":"https:\/\/infos-droitshumains.net\/?p=17461#primaryimage","url":"https:\/\/i0.wp.com\/infos-droitshumains.net\/wp-content\/uploads\/2026\/01\/IMG-20250619-WA0096.jpg?fit=2378%2C1561&ssl=1","contentUrl":"https:\/\/i0.wp.com\/infos-droitshumains.net\/wp-content\/uploads\/2026\/01\/IMG-20250619-WA0096.jpg?fit=2378%2C1561&ssl=1","width":2378,"height":1561},{"@type":"BreadcrumbList","@id":"https:\/\/infos-droitshumains.net\/?p=17461#breadcrumb","itemListElement":[{"@type":"ListItem","position":1,"name":"Accueil","item":"https:\/\/infos-droitshumains.net\/"},{"@type":"ListItem","position":2,"name":"Dialogue national et mandat pr\u00e9sidentiel : quand la guerre reconfigure le droit constitutionnel. L\u2019opinion tranchante de Me Jean-Marie Kabengela Ilunga relance le d\u00e9bat"}]},{"@type":"WebSite","@id":"https:\/\/infos-droitshumains.net\/#website","url":"https:\/\/infos-droitshumains.net\/","name":"Infos Droits Humains","description":"S&#039;informer est un droit","publisher":{"@id":"https:\/\/infos-droitshumains.net\/#organization"},"potentialAction":[{"@type":"SearchAction","target":{"@type":"EntryPoint","urlTemplate":"https:\/\/infos-droitshumains.net\/?s={search_term_string}"},"query-input":{"@type":"PropertyValueSpecification","valueRequired":true,"valueName":"search_term_string"}}],"inLanguage":"fr-FR"},{"@type":"Organization","@id":"https:\/\/infos-droitshumains.net\/#organization","name":"Infos Droits Humains","url":"https:\/\/infos-droitshumains.net\/","logo":{"@type":"ImageObject","inLanguage":"fr-FR","@id":"https:\/\/infos-droitshumains.net\/#\/schema\/logo\/image\/","url":"https:\/\/i0.wp.com\/infos-droitshumains.net\/wp-content\/uploads\/2022\/05\/Logo.png?fit=333%2C129&ssl=1","contentUrl":"https:\/\/i0.wp.com\/infos-droitshumains.net\/wp-content\/uploads\/2022\/05\/Logo.png?fit=333%2C129&ssl=1","width":333,"height":129,"caption":"Infos Droits Humains"},"image":{"@id":"https:\/\/infos-droitshumains.net\/#\/schema\/logo\/image\/"}},{"@type":"Person","@id":"https:\/\/infos-droitshumains.net\/#\/schema\/person\/3dc5e921c3302172e0ed4362f96faab7","name":"Jo\u00ebl Diawa","image":{"@type":"ImageObject","inLanguage":"fr-FR","@id":"https:\/\/secure.gravatar.com\/avatar\/729bea6ff4604c624417803c477363be8e3c7186deaa65713313f9b4b820f41c?s=96&d=mm&r=g","url":"https:\/\/secure.gravatar.com\/avatar\/729bea6ff4604c624417803c477363be8e3c7186deaa65713313f9b4b820f41c?s=96&d=mm&r=g","contentUrl":"https:\/\/secure.gravatar.com\/avatar\/729bea6ff4604c624417803c477363be8e3c7186deaa65713313f9b4b820f41c?s=96&d=mm&r=g","caption":"Jo\u00ebl Diawa"},"sameAs":["https:\/\/www.infos-droitshumains.net"],"url":"https:\/\/infos-droitshumains.net\/?author=2"}]}},"featured_image_urls":{"full":["https:\/\/i0.wp.com\/infos-droitshumains.net\/wp-content\/uploads\/2026\/01\/IMG-20250619-WA0096.jpg?fit=2378%2C1561&ssl=1",2378,1561,false],"thumbnail":["https:\/\/i0.wp.com\/infos-droitshumains.net\/wp-content\/uploads\/2026\/01\/IMG-20250619-WA0096.jpg?resize=150%2C150&ssl=1",150,150,true],"medium":["https:\/\/i0.wp.com\/infos-droitshumains.net\/wp-content\/uploads\/2026\/01\/IMG-20250619-WA0096.jpg?fit=300%2C197&ssl=1",300,197,true],"medium_large":["https:\/\/i0.wp.com\/infos-droitshumains.net\/wp-content\/uploads\/2026\/01\/IMG-20250619-WA0096.jpg?fit=640%2C420&ssl=1",640,420,true],"large":["https:\/\/i0.wp.com\/infos-droitshumains.net\/wp-content\/uploads\/2026\/01\/IMG-20250619-WA0096.jpg?fit=640%2C420&ssl=1",640,420,true],"1536x1536":["https:\/\/i0.wp.com\/infos-droitshumains.net\/wp-content\/uploads\/2026\/01\/IMG-20250619-WA0096.jpg?fit=1536%2C1008&ssl=1",1536,1008,true],"2048x2048":["https:\/\/i0.wp.com\/infos-droitshumains.net\/wp-content\/uploads\/2026\/01\/IMG-20250619-WA0096.jpg?fit=2048%2C1344&ssl=1",2048,1344,true],"covernews-slider-full":["https:\/\/i0.wp.com\/infos-droitshumains.net\/wp-content\/uploads\/2026\/01\/IMG-20250619-WA0096.jpg?resize=1115%2C715&ssl=1",1115,715,true],"covernews-slider-center":["https:\/\/i0.wp.com\/infos-droitshumains.net\/wp-content\/uploads\/2026\/01\/IMG-20250619-WA0096.jpg?resize=800%2C500&ssl=1",800,500,true],"covernews-featured":["https:\/\/i0.wp.com\/infos-droitshumains.net\/wp-content\/uploads\/2026\/01\/IMG-20250619-WA0096.jpg?fit=1024%2C672&ssl=1",1024,672,true],"covernews-medium":["https:\/\/i0.wp.com\/infos-droitshumains.net\/wp-content\/uploads\/2026\/01\/IMG-20250619-WA0096.jpg?resize=540%2C340&ssl=1",540,340,true],"covernews-medium-square":["https:\/\/i0.wp.com\/infos-droitshumains.net\/wp-content\/uploads\/2026\/01\/IMG-20250619-WA0096.jpg?resize=400%2C250&ssl=1",400,250,true]},"author_info":{"display_name":"Jo\u00ebl Diawa","author_link":"https:\/\/infos-droitshumains.net\/?author=2"},"category_info":"<a href=\"https:\/\/infos-droitshumains.net\/?cat=3\" rel=\"category\">Politique<\/a>","tag_info":"Politique","comment_count":"0","jetpack_featured_media_url":"https:\/\/i0.wp.com\/infos-droitshumains.net\/wp-content\/uploads\/2026\/01\/IMG-20250619-WA0096.jpg?fit=2378%2C1561&ssl=1","jetpack-related-posts":[],"jetpack_sharing_enabled":true,"_links":{"self":[{"href":"https:\/\/infos-droitshumains.net\/index.php?rest_route=\/wp\/v2\/posts\/17461","targetHints":{"allow":["GET"]}}],"collection":[{"href":"https:\/\/infos-droitshumains.net\/index.php?rest_route=\/wp\/v2\/posts"}],"about":[{"href":"https:\/\/infos-droitshumains.net\/index.php?rest_route=\/wp\/v2\/types\/post"}],"author":[{"embeddable":true,"href":"https:\/\/infos-droitshumains.net\/index.php?rest_route=\/wp\/v2\/users\/2"}],"replies":[{"embeddable":true,"href":"https:\/\/infos-droitshumains.net\/index.php?rest_route=%2Fwp%2Fv2%2Fcomments&post=17461"}],"version-history":[{"count":9,"href":"https:\/\/infos-droitshumains.net\/index.php?rest_route=\/wp\/v2\/posts\/17461\/revisions"}],"predecessor-version":[{"id":17477,"href":"https:\/\/infos-droitshumains.net\/index.php?rest_route=\/wp\/v2\/posts\/17461\/revisions\/17477"}],"wp:featuredmedia":[{"embeddable":true,"href":"https:\/\/infos-droitshumains.net\/index.php?rest_route=\/wp\/v2\/media\/17474"}],"wp:attachment":[{"href":"https:\/\/infos-droitshumains.net\/index.php?rest_route=%2Fwp%2Fv2%2Fmedia&parent=17461"}],"wp:term":[{"taxonomy":"category","embeddable":true,"href":"https:\/\/infos-droitshumains.net\/index.php?rest_route=%2Fwp%2Fv2%2Fcategories&post=17461"},{"taxonomy":"post_tag","embeddable":true,"href":"https:\/\/infos-droitshumains.net\/index.php?rest_route=%2Fwp%2Fv2%2Ftags&post=17461"}],"curies":[{"name":"wp","href":"https:\/\/api.w.org\/{rel}","templated":true}]}}