{"id":17364,"date":"2025-12-17T02:00:14","date_gmt":"2025-12-17T01:00:14","guid":{"rendered":"https:\/\/infos-droitshumains.net\/?p=17364"},"modified":"2025-12-17T02:07:02","modified_gmt":"2025-12-17T01:07:02","slug":"guerre-a-lest-le-procureur-general-firmin-mvonde-declare-la-tolerance-zero-contre-les-faux-bruits-et-la-desinformation","status":"publish","type":"post","link":"https:\/\/infos-droitshumains.net\/?p=17364","title":{"rendered":"Guerre \u00e0 l\u2019Est : le Procureur g\u00e9n\u00e9ral Firmin Mvonde d\u00e9clare la tol\u00e9rance z\u00e9ro contre les faux bruits et la d\u00e9sinformation"},"content":{"rendered":"\n<p><strong>R\u00e9daction: +243 817 406 088<\/strong><\/p>\n\n\n\n<h3 class=\"wp-block-heading has-vivid-red-color has-text-color has-link-color wp-elements-6d6594cfb838bed35a70b5a9eb34ce13\">Face \u00e0 la recrudescence de la d\u00e9sinformation li\u00e9e \u00e0 la guerre dans l\u2019Est de la R\u00e9publique d\u00e9mocratique du Congo, le Procureur g\u00e9n\u00e9ral pr\u00e8s la Cour de cassation, Firmin Mvonde, est mont\u00e9 au cr\u00e9neau. Dans un communiqu\u00e9 officiel publi\u00e9 ce mardi, il met fermement en garde les auteurs et relais de faux bruits susceptibles de porter atteinte \u00e0 la s\u00e9curit\u00e9 nationale et au moral des Forces arm\u00e9es de la RDC (FARDC).<\/h3>\n\n\n\n<p>Selon le Procureur g\u00e9n\u00e9ral, il s\u2019observe ces derniers jours un regain inqui\u00e9tant de rumeurs, d\u2019intox et de fausses informations en rapport avec la guerre <em>\u00ab impos\u00e9e de l\u2019ext\u00e9rieur et de l\u2019int\u00e9rieur par les ennemis de la R\u00e9publique \u00bb<\/em>. Ces informations mensong\u00e8res, largement relay\u00e9es sur les r\u00e9seaux sociaux, certaines plateformes num\u00e9riques et m\u00eame dans des m\u00e9dias non professionnels, viseraient \u00e0 semer la confusion au sein de la population et \u00e0 d\u00e9courager les forces loyalistes engag\u00e9es sur les diff\u00e9rents fronts pour la d\u00e9fense de l\u2019int\u00e9grit\u00e9 territoriale.<\/p>\n\n\n\n<p>Firmin Mvonde souligne que cette campagne de d\u00e9sinformation constitue une menace grave contre la souverainet\u00e9 nationale, en ce qu\u2019elle alimente la psychose, fragilise l\u2019unit\u00e9 nationale et sape les efforts des autorit\u00e9s ainsi que des forces de d\u00e9fense et de s\u00e9curit\u00e9.<\/p>\n\n\n\n<p>Face \u00e0 cette situation, le Procureur g\u00e9n\u00e9ral annonce une r\u00e9ponse judiciaire ferme et imm\u00e9diate. Il met formellement en garde les auteurs, coauteurs et complices de ces actes, et instruit tous les officiers de police judiciaire ainsi que les magistrats du minist\u00e8re public de proc\u00e9der activement \u00e0 leur identification et \u00e0 leur interpellation.<\/p>\n\n\n\n<p><em>\u00ab Les dossiers qui seront ouverts seront trait\u00e9s avec la plus grande c\u00e9l\u00e9rit\u00e9. Le mode de flagrance sera privil\u00e9gi\u00e9 \u00bb,<\/em> pr\u00e9cise le communiqu\u00e9.<\/p>\n\n\n\n<p>Cette annonce s\u2019inscrit dans la volont\u00e9 des autorit\u00e9s judiciaires de faire respecter la loi, notamment les dispositions relatives \u00e0 la propagation de fausses nouvelles, \u00e0 l\u2019atteinte \u00e0 la s\u00fbret\u00e9 de l\u2019\u00c9tat et \u00e0 la participation \u00e0 des entreprises de d\u00e9stabilisation.<\/p>\n\n\n\n<p>Firmin Mvonde appelle enfin la population congolaise \u00e0 faire preuve de vigilance, \u00e0 v\u00e9rifier les sources des informations avant de les relayer et \u00e0 soutenir les efforts de paix et de d\u00e9fense nationale, rappelant que la lutte contre la d\u00e9sinformation est l\u2019affaire de tous.<\/p>\n\n\n\n<p>Merlin Kamalandua<\/p>\n","protected":false},"excerpt":{"rendered":"<p>R\u00e9daction: +243 817 406 088 Face \u00e0 la recrudescence de la d\u00e9sinformation li\u00e9e \u00e0 la&#8230;<\/p>\n","protected":false},"author":2,"featured_media":17367,"comment_status":"open","ping_status":"open","sticky":false,"template":"","format":"standard","meta":{"_jetpack_memberships_contains_paid_content":false,"footnotes":""},"categories":[6],"tags":[],"class_list":["post-17364","post","type-post","status-publish","format-standard","has-post-thumbnail","hentry","category-justice"],"yoast_head":"<!-- This site is optimized with the Yoast SEO plugin v27.5 - https:\/\/yoast.com\/product\/yoast-seo-wordpress\/ -->\n<title>Guerre \u00e0 l\u2019Est : le Procureur g\u00e9n\u00e9ral Firmin Mvonde d\u00e9clare la tol\u00e9rance z\u00e9ro contre les faux bruits et la d\u00e9sinformation - Infos Droits Humains<\/title>\n<meta name=\"robots\" content=\"index, follow, max-snippet:-1, max-image-preview:large, max-video-preview:-1\" \/>\n<link rel=\"canonical\" href=\"https:\/\/infos-droitshumains.net\/?p=17364\" \/>\n<meta property=\"og:locale\" content=\"fr_FR\" \/>\n<meta property=\"og:type\" content=\"article\" \/>\n<meta property=\"og:title\" content=\"Guerre \u00e0 l\u2019Est : le Procureur g\u00e9n\u00e9ral Firmin Mvonde d\u00e9clare la tol\u00e9rance z\u00e9ro contre les faux bruits et la d\u00e9sinformation - Infos Droits Humains\" \/>\n<meta property=\"og:description\" content=\"R\u00e9daction: +243 817 406 088 Face \u00e0 la recrudescence de la d\u00e9sinformation li\u00e9e \u00e0 la...\" \/>\n<meta property=\"og:url\" content=\"https:\/\/infos-droitshumains.net\/?p=17364\" \/>\n<meta property=\"og:site_name\" content=\"Infos Droits Humains\" \/>\n<meta property=\"article:published_time\" content=\"2025-12-17T01:00:14+00:00\" \/>\n<meta property=\"article:modified_time\" content=\"2025-12-17T01:07:02+00:00\" \/>\n<meta property=\"og:image\" content=\"https:\/\/infos-droitshumains.net\/wp-content\/uploads\/2025\/12\/images-22.jpeg\" \/>\n\t<meta property=\"og:image:width\" content=\"602\" \/>\n\t<meta property=\"og:image:height\" content=\"510\" \/>\n\t<meta property=\"og:image:type\" content=\"image\/jpeg\" \/>\n<meta name=\"author\" content=\"Jo\u00ebl Diawa\" \/>\n<meta name=\"twitter:card\" content=\"summary_large_image\" \/>\n<meta name=\"twitter:label1\" content=\"\u00c9crit par\" \/>\n\t<meta name=\"twitter:data1\" content=\"Jo\u00ebl Diawa\" \/>\n\t<meta name=\"twitter:label2\" content=\"Dur\u00e9e de lecture estim\u00e9e\" \/>\n\t<meta name=\"twitter:data2\" content=\"3 minutes\" \/>\n<script type=\"application\/ld+json\" class=\"yoast-schema-graph\">{\"@context\":\"https:\\\/\\\/schema.org\",\"@graph\":[{\"@type\":\"Article\",\"@id\":\"https:\\\/\\\/infos-droitshumains.net\\\/?p=17364#article\",\"isPartOf\":{\"@id\":\"https:\\\/\\\/infos-droitshumains.net\\\/?p=17364\"},\"author\":{\"name\":\"Jo\u00ebl Diawa\",\"@id\":\"https:\\\/\\\/infos-droitshumains.net\\\/#\\\/schema\\\/person\\\/3dc5e921c3302172e0ed4362f96faab7\"},\"headline\":\"Guerre \u00e0 l\u2019Est : le Procureur g\u00e9n\u00e9ral Firmin Mvonde d\u00e9clare la tol\u00e9rance z\u00e9ro contre les faux bruits et la d\u00e9sinformation\",\"datePublished\":\"2025-12-17T01:00:14+00:00\",\"dateModified\":\"2025-12-17T01:07:02+00:00\",\"mainEntityOfPage\":{\"@id\":\"https:\\\/\\\/infos-droitshumains.net\\\/?p=17364\"},\"wordCount\":423,\"commentCount\":0,\"publisher\":{\"@id\":\"https:\\\/\\\/infos-droitshumains.net\\\/#organization\"},\"image\":{\"@id\":\"https:\\\/\\\/infos-droitshumains.net\\\/?p=17364#primaryimage\"},\"thumbnailUrl\":\"https:\\\/\\\/i0.wp.com\\\/infos-droitshumains.net\\\/wp-content\\\/uploads\\\/2025\\\/12\\\/images-22.jpeg?fit=602%2C510&ssl=1\",\"articleSection\":[\"Justice\"],\"inLanguage\":\"fr-FR\",\"potentialAction\":[{\"@type\":\"CommentAction\",\"name\":\"Comment\",\"target\":[\"https:\\\/\\\/infos-droitshumains.net\\\/?p=17364#respond\"]}]},{\"@type\":\"WebPage\",\"@id\":\"https:\\\/\\\/infos-droitshumains.net\\\/?p=17364\",\"url\":\"https:\\\/\\\/infos-droitshumains.net\\\/?p=17364\",\"name\":\"Guerre \u00e0 l\u2019Est : le Procureur g\u00e9n\u00e9ral Firmin Mvonde d\u00e9clare la tol\u00e9rance z\u00e9ro contre les faux bruits et la d\u00e9sinformation - Infos Droits Humains\",\"isPartOf\":{\"@id\":\"https:\\\/\\\/infos-droitshumains.net\\\/#website\"},\"primaryImageOfPage\":{\"@id\":\"https:\\\/\\\/infos-droitshumains.net\\\/?p=17364#primaryimage\"},\"image\":{\"@id\":\"https:\\\/\\\/infos-droitshumains.net\\\/?p=17364#primaryimage\"},\"thumbnailUrl\":\"https:\\\/\\\/i0.wp.com\\\/infos-droitshumains.net\\\/wp-content\\\/uploads\\\/2025\\\/12\\\/images-22.jpeg?fit=602%2C510&ssl=1\",\"datePublished\":\"2025-12-17T01:00:14+00:00\",\"dateModified\":\"2025-12-17T01:07:02+00:00\",\"breadcrumb\":{\"@id\":\"https:\\\/\\\/infos-droitshumains.net\\\/?p=17364#breadcrumb\"},\"inLanguage\":\"fr-FR\",\"potentialAction\":[{\"@type\":\"ReadAction\",\"target\":[\"https:\\\/\\\/infos-droitshumains.net\\\/?p=17364\"]}]},{\"@type\":\"ImageObject\",\"inLanguage\":\"fr-FR\",\"@id\":\"https:\\\/\\\/infos-droitshumains.net\\\/?p=17364#primaryimage\",\"url\":\"https:\\\/\\\/i0.wp.com\\\/infos-droitshumains.net\\\/wp-content\\\/uploads\\\/2025\\\/12\\\/images-22.jpeg?fit=602%2C510&ssl=1\",\"contentUrl\":\"https:\\\/\\\/i0.wp.com\\\/infos-droitshumains.net\\\/wp-content\\\/uploads\\\/2025\\\/12\\\/images-22.jpeg?fit=602%2C510&ssl=1\",\"width\":602,\"height\":510},{\"@type\":\"BreadcrumbList\",\"@id\":\"https:\\\/\\\/infos-droitshumains.net\\\/?p=17364#breadcrumb\",\"itemListElement\":[{\"@type\":\"ListItem\",\"position\":1,\"name\":\"Accueil\",\"item\":\"https:\\\/\\\/infos-droitshumains.net\\\/\"},{\"@type\":\"ListItem\",\"position\":2,\"name\":\"Guerre \u00e0 l\u2019Est : le Procureur g\u00e9n\u00e9ral Firmin Mvonde d\u00e9clare la tol\u00e9rance z\u00e9ro contre les faux bruits et la d\u00e9sinformation\"}]},{\"@type\":\"WebSite\",\"@id\":\"https:\\\/\\\/infos-droitshumains.net\\\/#website\",\"url\":\"https:\\\/\\\/infos-droitshumains.net\\\/\",\"name\":\"Infos Droits Humains\",\"description\":\"S&#039;informer est un droit\",\"publisher\":{\"@id\":\"https:\\\/\\\/infos-droitshumains.net\\\/#organization\"},\"potentialAction\":[{\"@type\":\"SearchAction\",\"target\":{\"@type\":\"EntryPoint\",\"urlTemplate\":\"https:\\\/\\\/infos-droitshumains.net\\\/?s={search_term_string}\"},\"query-input\":{\"@type\":\"PropertyValueSpecification\",\"valueRequired\":true,\"valueName\":\"search_term_string\"}}],\"inLanguage\":\"fr-FR\"},{\"@type\":\"Organization\",\"@id\":\"https:\\\/\\\/infos-droitshumains.net\\\/#organization\",\"name\":\"Infos Droits Humains\",\"url\":\"https:\\\/\\\/infos-droitshumains.net\\\/\",\"logo\":{\"@type\":\"ImageObject\",\"inLanguage\":\"fr-FR\",\"@id\":\"https:\\\/\\\/infos-droitshumains.net\\\/#\\\/schema\\\/logo\\\/image\\\/\",\"url\":\"https:\\\/\\\/i0.wp.com\\\/infos-droitshumains.net\\\/wp-content\\\/uploads\\\/2022\\\/05\\\/Logo.png?fit=333%2C129&ssl=1\",\"contentUrl\":\"https:\\\/\\\/i0.wp.com\\\/infos-droitshumains.net\\\/wp-content\\\/uploads\\\/2022\\\/05\\\/Logo.png?fit=333%2C129&ssl=1\",\"width\":333,\"height\":129,\"caption\":\"Infos Droits Humains\"},\"image\":{\"@id\":\"https:\\\/\\\/infos-droitshumains.net\\\/#\\\/schema\\\/logo\\\/image\\\/\"}},{\"@type\":\"Person\",\"@id\":\"https:\\\/\\\/infos-droitshumains.net\\\/#\\\/schema\\\/person\\\/3dc5e921c3302172e0ed4362f96faab7\",\"name\":\"Jo\u00ebl Diawa\",\"image\":{\"@type\":\"ImageObject\",\"inLanguage\":\"fr-FR\",\"@id\":\"https:\\\/\\\/secure.gravatar.com\\\/avatar\\\/729bea6ff4604c624417803c477363be8e3c7186deaa65713313f9b4b820f41c?s=96&d=mm&r=g\",\"url\":\"https:\\\/\\\/secure.gravatar.com\\\/avatar\\\/729bea6ff4604c624417803c477363be8e3c7186deaa65713313f9b4b820f41c?s=96&d=mm&r=g\",\"contentUrl\":\"https:\\\/\\\/secure.gravatar.com\\\/avatar\\\/729bea6ff4604c624417803c477363be8e3c7186deaa65713313f9b4b820f41c?s=96&d=mm&r=g\",\"caption\":\"Jo\u00ebl Diawa\"},\"sameAs\":[\"https:\\\/\\\/www.infos-droitshumains.net\"],\"url\":\"https:\\\/\\\/infos-droitshumains.net\\\/?author=2\"}]}<\/script>\n<!-- \/ Yoast SEO plugin. -->","yoast_head_json":{"title":"Guerre \u00e0 l\u2019Est : le Procureur g\u00e9n\u00e9ral Firmin Mvonde d\u00e9clare la tol\u00e9rance z\u00e9ro contre les faux bruits et la d\u00e9sinformation - Infos Droits Humains","robots":{"index":"index","follow":"follow","max-snippet":"max-snippet:-1","max-image-preview":"max-image-preview:large","max-video-preview":"max-video-preview:-1"},"canonical":"https:\/\/infos-droitshumains.net\/?p=17364","og_locale":"fr_FR","og_type":"article","og_title":"Guerre \u00e0 l\u2019Est : le Procureur g\u00e9n\u00e9ral Firmin Mvonde d\u00e9clare la tol\u00e9rance z\u00e9ro contre les faux bruits et la d\u00e9sinformation - Infos Droits Humains","og_description":"R\u00e9daction: +243 817 406 088 Face \u00e0 la recrudescence de la d\u00e9sinformation li\u00e9e \u00e0 la...","og_url":"https:\/\/infos-droitshumains.net\/?p=17364","og_site_name":"Infos Droits Humains","article_published_time":"2025-12-17T01:00:14+00:00","article_modified_time":"2025-12-17T01:07:02+00:00","og_image":[{"width":602,"height":510,"url":"https:\/\/infos-droitshumains.net\/wp-content\/uploads\/2025\/12\/images-22.jpeg","type":"image\/jpeg"}],"author":"Jo\u00ebl Diawa","twitter_card":"summary_large_image","twitter_misc":{"\u00c9crit par":"Jo\u00ebl Diawa","Dur\u00e9e de lecture estim\u00e9e":"3 minutes"},"schema":{"@context":"https:\/\/schema.org","@graph":[{"@type":"Article","@id":"https:\/\/infos-droitshumains.net\/?p=17364#article","isPartOf":{"@id":"https:\/\/infos-droitshumains.net\/?p=17364"},"author":{"name":"Jo\u00ebl Diawa","@id":"https:\/\/infos-droitshumains.net\/#\/schema\/person\/3dc5e921c3302172e0ed4362f96faab7"},"headline":"Guerre \u00e0 l\u2019Est : le Procureur g\u00e9n\u00e9ral Firmin Mvonde d\u00e9clare la tol\u00e9rance z\u00e9ro contre les faux bruits et la d\u00e9sinformation","datePublished":"2025-12-17T01:00:14+00:00","dateModified":"2025-12-17T01:07:02+00:00","mainEntityOfPage":{"@id":"https:\/\/infos-droitshumains.net\/?p=17364"},"wordCount":423,"commentCount":0,"publisher":{"@id":"https:\/\/infos-droitshumains.net\/#organization"},"image":{"@id":"https:\/\/infos-droitshumains.net\/?p=17364#primaryimage"},"thumbnailUrl":"https:\/\/i0.wp.com\/infos-droitshumains.net\/wp-content\/uploads\/2025\/12\/images-22.jpeg?fit=602%2C510&ssl=1","articleSection":["Justice"],"inLanguage":"fr-FR","potentialAction":[{"@type":"CommentAction","name":"Comment","target":["https:\/\/infos-droitshumains.net\/?p=17364#respond"]}]},{"@type":"WebPage","@id":"https:\/\/infos-droitshumains.net\/?p=17364","url":"https:\/\/infos-droitshumains.net\/?p=17364","name":"Guerre \u00e0 l\u2019Est : le Procureur g\u00e9n\u00e9ral Firmin Mvonde d\u00e9clare la tol\u00e9rance z\u00e9ro contre les faux bruits et la d\u00e9sinformation - Infos Droits Humains","isPartOf":{"@id":"https:\/\/infos-droitshumains.net\/#website"},"primaryImageOfPage":{"@id":"https:\/\/infos-droitshumains.net\/?p=17364#primaryimage"},"image":{"@id":"https:\/\/infos-droitshumains.net\/?p=17364#primaryimage"},"thumbnailUrl":"https:\/\/i0.wp.com\/infos-droitshumains.net\/wp-content\/uploads\/2025\/12\/images-22.jpeg?fit=602%2C510&ssl=1","datePublished":"2025-12-17T01:00:14+00:00","dateModified":"2025-12-17T01:07:02+00:00","breadcrumb":{"@id":"https:\/\/infos-droitshumains.net\/?p=17364#breadcrumb"},"inLanguage":"fr-FR","potentialAction":[{"@type":"ReadAction","target":["https:\/\/infos-droitshumains.net\/?p=17364"]}]},{"@type":"ImageObject","inLanguage":"fr-FR","@id":"https:\/\/infos-droitshumains.net\/?p=17364#primaryimage","url":"https:\/\/i0.wp.com\/infos-droitshumains.net\/wp-content\/uploads\/2025\/12\/images-22.jpeg?fit=602%2C510&ssl=1","contentUrl":"https:\/\/i0.wp.com\/infos-droitshumains.net\/wp-content\/uploads\/2025\/12\/images-22.jpeg?fit=602%2C510&ssl=1","width":602,"height":510},{"@type":"BreadcrumbList","@id":"https:\/\/infos-droitshumains.net\/?p=17364#breadcrumb","itemListElement":[{"@type":"ListItem","position":1,"name":"Accueil","item":"https:\/\/infos-droitshumains.net\/"},{"@type":"ListItem","position":2,"name":"Guerre \u00e0 l\u2019Est : le Procureur g\u00e9n\u00e9ral Firmin Mvonde d\u00e9clare la tol\u00e9rance z\u00e9ro contre les faux bruits et la d\u00e9sinformation"}]},{"@type":"WebSite","@id":"https:\/\/infos-droitshumains.net\/#website","url":"https:\/\/infos-droitshumains.net\/","name":"Infos Droits Humains","description":"S&#039;informer est un droit","publisher":{"@id":"https:\/\/infos-droitshumains.net\/#organization"},"potentialAction":[{"@type":"SearchAction","target":{"@type":"EntryPoint","urlTemplate":"https:\/\/infos-droitshumains.net\/?s={search_term_string}"},"query-input":{"@type":"PropertyValueSpecification","valueRequired":true,"valueName":"search_term_string"}}],"inLanguage":"fr-FR"},{"@type":"Organization","@id":"https:\/\/infos-droitshumains.net\/#organization","name":"Infos Droits Humains","url":"https:\/\/infos-droitshumains.net\/","logo":{"@type":"ImageObject","inLanguage":"fr-FR","@id":"https:\/\/infos-droitshumains.net\/#\/schema\/logo\/image\/","url":"https:\/\/i0.wp.com\/infos-droitshumains.net\/wp-content\/uploads\/2022\/05\/Logo.png?fit=333%2C129&ssl=1","contentUrl":"https:\/\/i0.wp.com\/infos-droitshumains.net\/wp-content\/uploads\/2022\/05\/Logo.png?fit=333%2C129&ssl=1","width":333,"height":129,"caption":"Infos Droits Humains"},"image":{"@id":"https:\/\/infos-droitshumains.net\/#\/schema\/logo\/image\/"}},{"@type":"Person","@id":"https:\/\/infos-droitshumains.net\/#\/schema\/person\/3dc5e921c3302172e0ed4362f96faab7","name":"Jo\u00ebl Diawa","image":{"@type":"ImageObject","inLanguage":"fr-FR","@id":"https:\/\/secure.gravatar.com\/avatar\/729bea6ff4604c624417803c477363be8e3c7186deaa65713313f9b4b820f41c?s=96&d=mm&r=g","url":"https:\/\/secure.gravatar.com\/avatar\/729bea6ff4604c624417803c477363be8e3c7186deaa65713313f9b4b820f41c?s=96&d=mm&r=g","contentUrl":"https:\/\/secure.gravatar.com\/avatar\/729bea6ff4604c624417803c477363be8e3c7186deaa65713313f9b4b820f41c?s=96&d=mm&r=g","caption":"Jo\u00ebl Diawa"},"sameAs":["https:\/\/www.infos-droitshumains.net"],"url":"https:\/\/infos-droitshumains.net\/?author=2"}]}},"featured_image_urls":{"full":["https:\/\/i0.wp.com\/infos-droitshumains.net\/wp-content\/uploads\/2025\/12\/images-22.jpeg?fit=602%2C510&ssl=1",602,510,false],"thumbnail":["https:\/\/i0.wp.com\/infos-droitshumains.net\/wp-content\/uploads\/2025\/12\/images-22.jpeg?resize=150%2C150&ssl=1",150,150,true],"medium":["https:\/\/i0.wp.com\/infos-droitshumains.net\/wp-content\/uploads\/2025\/12\/images-22.jpeg?fit=300%2C254&ssl=1",300,254,true],"medium_large":["https:\/\/i0.wp.com\/infos-droitshumains.net\/wp-content\/uploads\/2025\/12\/images-22.jpeg?fit=602%2C510&ssl=1",602,510,true],"large":["https:\/\/i0.wp.com\/infos-droitshumains.net\/wp-content\/uploads\/2025\/12\/images-22.jpeg?fit=602%2C510&ssl=1",602,510,true],"1536x1536":["https:\/\/i0.wp.com\/infos-droitshumains.net\/wp-content\/uploads\/2025\/12\/images-22.jpeg?fit=602%2C510&ssl=1",602,510,true],"2048x2048":["https:\/\/i0.wp.com\/infos-droitshumains.net\/wp-content\/uploads\/2025\/12\/images-22.jpeg?fit=602%2C510&ssl=1",602,510,true],"covernews-slider-full":["https:\/\/i0.wp.com\/infos-droitshumains.net\/wp-content\/uploads\/2025\/12\/images-22.jpeg?resize=602%2C510&ssl=1",602,510,true],"covernews-slider-center":["https:\/\/i0.wp.com\/infos-droitshumains.net\/wp-content\/uploads\/2025\/12\/images-22.jpeg?resize=602%2C500&ssl=1",602,500,true],"covernews-featured":["https:\/\/i0.wp.com\/infos-droitshumains.net\/wp-content\/uploads\/2025\/12\/images-22.jpeg?fit=602%2C510&ssl=1",602,510,true],"covernews-medium":["https:\/\/i0.wp.com\/infos-droitshumains.net\/wp-content\/uploads\/2025\/12\/images-22.jpeg?resize=540%2C340&ssl=1",540,340,true],"covernews-medium-square":["https:\/\/i0.wp.com\/infos-droitshumains.net\/wp-content\/uploads\/2025\/12\/images-22.jpeg?resize=400%2C250&ssl=1",400,250,true]},"author_info":{"display_name":"Jo\u00ebl Diawa","author_link":"https:\/\/infos-droitshumains.net\/?author=2"},"category_info":"<a href=\"https:\/\/infos-droitshumains.net\/?cat=6\" rel=\"category\">Justice<\/a>","tag_info":"Justice","comment_count":"0","jetpack_featured_media_url":"https:\/\/i0.wp.com\/infos-droitshumains.net\/wp-content\/uploads\/2025\/12\/images-22.jpeg?fit=602%2C510&ssl=1","jetpack-related-posts":[],"jetpack_sharing_enabled":true,"_links":{"self":[{"href":"https:\/\/infos-droitshumains.net\/index.php?rest_route=\/wp\/v2\/posts\/17364","targetHints":{"allow":["GET"]}}],"collection":[{"href":"https:\/\/infos-droitshumains.net\/index.php?rest_route=\/wp\/v2\/posts"}],"about":[{"href":"https:\/\/infos-droitshumains.net\/index.php?rest_route=\/wp\/v2\/types\/post"}],"author":[{"embeddable":true,"href":"https:\/\/infos-droitshumains.net\/index.php?rest_route=\/wp\/v2\/users\/2"}],"replies":[{"embeddable":true,"href":"https:\/\/infos-droitshumains.net\/index.php?rest_route=%2Fwp%2Fv2%2Fcomments&post=17364"}],"version-history":[{"count":2,"href":"https:\/\/infos-droitshumains.net\/index.php?rest_route=\/wp\/v2\/posts\/17364\/revisions"}],"predecessor-version":[{"id":17366,"href":"https:\/\/infos-droitshumains.net\/index.php?rest_route=\/wp\/v2\/posts\/17364\/revisions\/17366"}],"wp:featuredmedia":[{"embeddable":true,"href":"https:\/\/infos-droitshumains.net\/index.php?rest_route=\/wp\/v2\/media\/17367"}],"wp:attachment":[{"href":"https:\/\/infos-droitshumains.net\/index.php?rest_route=%2Fwp%2Fv2%2Fmedia&parent=17364"}],"wp:term":[{"taxonomy":"category","embeddable":true,"href":"https:\/\/infos-droitshumains.net\/index.php?rest_route=%2Fwp%2Fv2%2Fcategories&post=17364"},{"taxonomy":"post_tag","embeddable":true,"href":"https:\/\/infos-droitshumains.net\/index.php?rest_route=%2Fwp%2Fv2%2Ftags&post=17364"}],"curies":[{"name":"wp","href":"https:\/\/api.w.org\/{rel}","templated":true}]}}