{"id":17304,"date":"2025-12-12T16:19:34","date_gmt":"2025-12-12T15:19:34","guid":{"rendered":"https:\/\/infos-droitshumains.net\/?p=17304"},"modified":"2025-12-12T16:21:58","modified_gmt":"2025-12-12T15:21:58","slug":"kongo-central-le-mysterieux-report-du-prononce-dans-les-affaires-onatra-agemi-intrigue-et-inquiete","status":"publish","type":"post","link":"https:\/\/infos-droitshumains.net\/?p=17304","title":{"rendered":"Kongo-Central : Le myst\u00e9rieux report du prononc\u00e9 dans les affaires ONATRA\u2013AGEMI intrigue et inqui\u00e8te"},"content":{"rendered":"\n<p><strong>R\u00e9daction: +243 817 406 088<\/strong><\/p>\n\n\n\n<h3 class=\"wp-block-heading has-vivid-red-color has-text-color has-link-color wp-elements-5701797d29bcea370d94c9f6105333a4\">Alors que la Cour d\u2019appel du Kongo-Central devait rendre, ce vendredi 12 d\u00e9cembre 2025, ses arr\u00eats dans les deux dossiers opposant l\u2019ONATRA \u00e0 la soci\u00e9t\u00e9 AGEMI SARL, conform\u00e9ment \u00e0 l\u2019extrait de r\u00f4le rendu public deux jours plus t\u00f4t, rien n\u2019a finalement eu lieu. Une situation qui suscite interrogations et pr\u00e9occupations parmi les observateurs avertis du secteur judiciaire.<\/h3>\n\n\n\n<p>Les affaires enregistr\u00e9es sous les num\u00e9ros <strong>RMUA 045<\/strong> et <strong>RMUA 044<\/strong>, opposant respectivement ICTSI DR CONGO \u00e0 AGEMI SARL et consorts, et la SCTP SA (ex-ONATRA) \u00e0 AGEMI, ont \u00e9t\u00e9 instruites et plaid\u00e9es le 3 d\u00e9cembre dernier devant la Cour d\u2019appel du Kongo-Central. \u00c0 l\u2019issue des d\u00e9bats, le juge avait promis de se prononcer dans le d\u00e9lai l\u00e9gal.<\/p>\n\n\n\n<p>La publication de l\u2019extrait de r\u00f4le le mercredi 10 d\u00e9cembre confirmait d\u2019ailleurs la tenue d\u2019une audience publique de prononc\u00e9 ce vendredi \u00e0 9 heures. Pourtant, \u00e0 16 heures, aucune audience n\u2019avait \u00e9t\u00e9 ouverte, aucun arr\u00eat n\u2019avait \u00e9t\u00e9 rendu, et les magistrats ayant si\u00e9g\u00e9 dans ces dossiers sont signal\u00e9s absents du palais de justice.<\/p>\n\n\n\n<p>Ce brusque silence de la juridiction soul\u00e8ve des questions : le prononc\u00e9 aura-t-il lieu&nbsp;? S\u2019agit-il d\u2019un simple contretemps administratif ou d\u2019un dysfonctionnement plus grave de la machine judiciaire ? N\u2019y a-t-il pas une pression exerc\u00e9 sur les juges&nbsp;? Ce flou, dans des affaires aussi sensibles, ouvre la porte \u00e0 toutes les hypoth\u00e8ses et alimente les inqui\u00e9tudes quant \u00e0 la bonne administration de la justice.<\/p>\n\n\n\n<p>Il faut rappeler que ces deux dossiers rev\u00eatent un enjeu financier majeur : l\u2019\u00c9tat congolais, actionnaire unique de l\u2019ONATRA, pourrait voir s\u2019\u00e9vaporer des centaines de millions de dollars en cas de d\u00e9cision d\u00e9favorable ou mal justifi\u00e9e.<\/p>\n\n\n\n<p>Face \u00e0 ces risques, les autorit\u00e9s judiciaires nationales sont vivement encourag\u00e9es \u00e0 assurer un suivi rigoureux de la proc\u00e9dure afin de garantir transparence, c\u00e9l\u00e9rit\u00e9 et impartialit\u00e9, \u00e9l\u00e9ments indispensables \u00e0 la confiance du public dans l\u2019institution judiciaire.<\/p>\n\n\n\n<p>La R\u00e9daction<\/p>\n","protected":false},"excerpt":{"rendered":"<p>R\u00e9daction: +243 817 406 088 Alors que la Cour d\u2019appel du Kongo-Central devait rendre, ce&#8230;<\/p>\n","protected":false},"author":3,"featured_media":17307,"comment_status":"open","ping_status":"open","sticky":false,"template":"","format":"standard","meta":{"_jetpack_memberships_contains_paid_content":false,"footnotes":""},"categories":[6],"tags":[],"class_list":["post-17304","post","type-post","status-publish","format-standard","has-post-thumbnail","hentry","category-justice"],"yoast_head":"<!-- This site is optimized with the Yoast SEO plugin v27.5 - https:\/\/yoast.com\/product\/yoast-seo-wordpress\/ -->\n<title>Kongo-Central : Le myst\u00e9rieux report du prononc\u00e9 dans les affaires ONATRA\u2013AGEMI intrigue et inqui\u00e8te - Infos Droits Humains<\/title>\n<meta name=\"robots\" content=\"index, follow, max-snippet:-1, max-image-preview:large, max-video-preview:-1\" \/>\n<link rel=\"canonical\" href=\"https:\/\/infos-droitshumains.net\/?p=17304\" \/>\n<meta property=\"og:locale\" content=\"fr_FR\" \/>\n<meta property=\"og:type\" content=\"article\" \/>\n<meta property=\"og:title\" content=\"Kongo-Central : Le myst\u00e9rieux report du prononc\u00e9 dans les affaires ONATRA\u2013AGEMI intrigue et inqui\u00e8te - Infos Droits Humains\" \/>\n<meta property=\"og:description\" content=\"R\u00e9daction: +243 817 406 088 Alors que la Cour d\u2019appel du Kongo-Central devait rendre, ce...\" \/>\n<meta property=\"og:url\" content=\"https:\/\/infos-droitshumains.net\/?p=17304\" \/>\n<meta property=\"og:site_name\" content=\"Infos Droits Humains\" \/>\n<meta property=\"article:published_time\" content=\"2025-12-12T15:19:34+00:00\" \/>\n<meta property=\"article:modified_time\" content=\"2025-12-12T15:21:58+00:00\" \/>\n<meta property=\"og:image\" content=\"https:\/\/infos-droitshumains.net\/wp-content\/uploads\/2025\/12\/IMG-20251212-WA0035.jpg\" \/>\n\t<meta property=\"og:image:width\" content=\"810\" \/>\n\t<meta property=\"og:image:height\" content=\"576\" \/>\n\t<meta property=\"og:image:type\" content=\"image\/jpeg\" \/>\n<meta name=\"author\" content=\"Super\" \/>\n<meta name=\"twitter:card\" content=\"summary_large_image\" \/>\n<meta name=\"twitter:label1\" content=\"\u00c9crit par\" \/>\n\t<meta name=\"twitter:data1\" content=\"Super\" \/>\n\t<meta name=\"twitter:label2\" content=\"Dur\u00e9e de lecture estim\u00e9e\" \/>\n\t<meta name=\"twitter:data2\" content=\"2 minutes\" \/>\n<script type=\"application\/ld+json\" class=\"yoast-schema-graph\">{\"@context\":\"https:\\\/\\\/schema.org\",\"@graph\":[{\"@type\":\"Article\",\"@id\":\"https:\\\/\\\/infos-droitshumains.net\\\/?p=17304#article\",\"isPartOf\":{\"@id\":\"https:\\\/\\\/infos-droitshumains.net\\\/?p=17304\"},\"author\":{\"name\":\"Super\",\"@id\":\"https:\\\/\\\/infos-droitshumains.net\\\/#\\\/schema\\\/person\\\/db4428dbf83d2d51ecdb0cc0aed0c47f\"},\"headline\":\"Kongo-Central : Le myst\u00e9rieux report du prononc\u00e9 dans les affaires ONATRA\u2013AGEMI intrigue et inqui\u00e8te\",\"datePublished\":\"2025-12-12T15:19:34+00:00\",\"dateModified\":\"2025-12-12T15:21:58+00:00\",\"mainEntityOfPage\":{\"@id\":\"https:\\\/\\\/infos-droitshumains.net\\\/?p=17304\"},\"wordCount\":355,\"commentCount\":0,\"publisher\":{\"@id\":\"https:\\\/\\\/infos-droitshumains.net\\\/#organization\"},\"image\":{\"@id\":\"https:\\\/\\\/infos-droitshumains.net\\\/?p=17304#primaryimage\"},\"thumbnailUrl\":\"https:\\\/\\\/i0.wp.com\\\/infos-droitshumains.net\\\/wp-content\\\/uploads\\\/2025\\\/12\\\/IMG-20251212-WA0035.jpg?fit=810%2C576&ssl=1\",\"articleSection\":[\"Justice\"],\"inLanguage\":\"fr-FR\",\"potentialAction\":[{\"@type\":\"CommentAction\",\"name\":\"Comment\",\"target\":[\"https:\\\/\\\/infos-droitshumains.net\\\/?p=17304#respond\"]}]},{\"@type\":\"WebPage\",\"@id\":\"https:\\\/\\\/infos-droitshumains.net\\\/?p=17304\",\"url\":\"https:\\\/\\\/infos-droitshumains.net\\\/?p=17304\",\"name\":\"Kongo-Central : Le myst\u00e9rieux report du prononc\u00e9 dans les affaires ONATRA\u2013AGEMI intrigue et inqui\u00e8te - Infos Droits Humains\",\"isPartOf\":{\"@id\":\"https:\\\/\\\/infos-droitshumains.net\\\/#website\"},\"primaryImageOfPage\":{\"@id\":\"https:\\\/\\\/infos-droitshumains.net\\\/?p=17304#primaryimage\"},\"image\":{\"@id\":\"https:\\\/\\\/infos-droitshumains.net\\\/?p=17304#primaryimage\"},\"thumbnailUrl\":\"https:\\\/\\\/i0.wp.com\\\/infos-droitshumains.net\\\/wp-content\\\/uploads\\\/2025\\\/12\\\/IMG-20251212-WA0035.jpg?fit=810%2C576&ssl=1\",\"datePublished\":\"2025-12-12T15:19:34+00:00\",\"dateModified\":\"2025-12-12T15:21:58+00:00\",\"breadcrumb\":{\"@id\":\"https:\\\/\\\/infos-droitshumains.net\\\/?p=17304#breadcrumb\"},\"inLanguage\":\"fr-FR\",\"potentialAction\":[{\"@type\":\"ReadAction\",\"target\":[\"https:\\\/\\\/infos-droitshumains.net\\\/?p=17304\"]}]},{\"@type\":\"ImageObject\",\"inLanguage\":\"fr-FR\",\"@id\":\"https:\\\/\\\/infos-droitshumains.net\\\/?p=17304#primaryimage\",\"url\":\"https:\\\/\\\/i0.wp.com\\\/infos-droitshumains.net\\\/wp-content\\\/uploads\\\/2025\\\/12\\\/IMG-20251212-WA0035.jpg?fit=810%2C576&ssl=1\",\"contentUrl\":\"https:\\\/\\\/i0.wp.com\\\/infos-droitshumains.net\\\/wp-content\\\/uploads\\\/2025\\\/12\\\/IMG-20251212-WA0035.jpg?fit=810%2C576&ssl=1\",\"width\":810,\"height\":576},{\"@type\":\"BreadcrumbList\",\"@id\":\"https:\\\/\\\/infos-droitshumains.net\\\/?p=17304#breadcrumb\",\"itemListElement\":[{\"@type\":\"ListItem\",\"position\":1,\"name\":\"Accueil\",\"item\":\"https:\\\/\\\/infos-droitshumains.net\\\/\"},{\"@type\":\"ListItem\",\"position\":2,\"name\":\"Kongo-Central : Le myst\u00e9rieux report du prononc\u00e9 dans les affaires ONATRA\u2013AGEMI intrigue et inqui\u00e8te\"}]},{\"@type\":\"WebSite\",\"@id\":\"https:\\\/\\\/infos-droitshumains.net\\\/#website\",\"url\":\"https:\\\/\\\/infos-droitshumains.net\\\/\",\"name\":\"Infos Droits Humains\",\"description\":\"S&#039;informer est un droit\",\"publisher\":{\"@id\":\"https:\\\/\\\/infos-droitshumains.net\\\/#organization\"},\"potentialAction\":[{\"@type\":\"SearchAction\",\"target\":{\"@type\":\"EntryPoint\",\"urlTemplate\":\"https:\\\/\\\/infos-droitshumains.net\\\/?s={search_term_string}\"},\"query-input\":{\"@type\":\"PropertyValueSpecification\",\"valueRequired\":true,\"valueName\":\"search_term_string\"}}],\"inLanguage\":\"fr-FR\"},{\"@type\":\"Organization\",\"@id\":\"https:\\\/\\\/infos-droitshumains.net\\\/#organization\",\"name\":\"Infos Droits Humains\",\"url\":\"https:\\\/\\\/infos-droitshumains.net\\\/\",\"logo\":{\"@type\":\"ImageObject\",\"inLanguage\":\"fr-FR\",\"@id\":\"https:\\\/\\\/infos-droitshumains.net\\\/#\\\/schema\\\/logo\\\/image\\\/\",\"url\":\"https:\\\/\\\/i0.wp.com\\\/infos-droitshumains.net\\\/wp-content\\\/uploads\\\/2022\\\/05\\\/Logo.png?fit=333%2C129&ssl=1\",\"contentUrl\":\"https:\\\/\\\/i0.wp.com\\\/infos-droitshumains.net\\\/wp-content\\\/uploads\\\/2022\\\/05\\\/Logo.png?fit=333%2C129&ssl=1\",\"width\":333,\"height\":129,\"caption\":\"Infos Droits Humains\"},\"image\":{\"@id\":\"https:\\\/\\\/infos-droitshumains.net\\\/#\\\/schema\\\/logo\\\/image\\\/\"}},{\"@type\":\"Person\",\"@id\":\"https:\\\/\\\/infos-droitshumains.net\\\/#\\\/schema\\\/person\\\/db4428dbf83d2d51ecdb0cc0aed0c47f\",\"name\":\"Super\",\"image\":{\"@type\":\"ImageObject\",\"inLanguage\":\"fr-FR\",\"@id\":\"https:\\\/\\\/secure.gravatar.com\\\/avatar\\\/a177815e4b161b0d81413b73815c697bc0e3e6e6fe4a06e3147af3c9aa47fd3b?s=96&d=mm&r=g\",\"url\":\"https:\\\/\\\/secure.gravatar.com\\\/avatar\\\/a177815e4b161b0d81413b73815c697bc0e3e6e6fe4a06e3147af3c9aa47fd3b?s=96&d=mm&r=g\",\"contentUrl\":\"https:\\\/\\\/secure.gravatar.com\\\/avatar\\\/a177815e4b161b0d81413b73815c697bc0e3e6e6fe4a06e3147af3c9aa47fd3b?s=96&d=mm&r=g\",\"caption\":\"Super\"},\"url\":\"https:\\\/\\\/infos-droitshumains.net\\\/?author=3\"}]}<\/script>\n<!-- \/ Yoast SEO plugin. -->","yoast_head_json":{"title":"Kongo-Central : Le myst\u00e9rieux report du prononc\u00e9 dans les affaires ONATRA\u2013AGEMI intrigue et inqui\u00e8te - Infos Droits Humains","robots":{"index":"index","follow":"follow","max-snippet":"max-snippet:-1","max-image-preview":"max-image-preview:large","max-video-preview":"max-video-preview:-1"},"canonical":"https:\/\/infos-droitshumains.net\/?p=17304","og_locale":"fr_FR","og_type":"article","og_title":"Kongo-Central : Le myst\u00e9rieux report du prononc\u00e9 dans les affaires ONATRA\u2013AGEMI intrigue et inqui\u00e8te - Infos Droits Humains","og_description":"R\u00e9daction: +243 817 406 088 Alors que la Cour d\u2019appel du Kongo-Central devait rendre, ce...","og_url":"https:\/\/infos-droitshumains.net\/?p=17304","og_site_name":"Infos Droits Humains","article_published_time":"2025-12-12T15:19:34+00:00","article_modified_time":"2025-12-12T15:21:58+00:00","og_image":[{"width":810,"height":576,"url":"https:\/\/infos-droitshumains.net\/wp-content\/uploads\/2025\/12\/IMG-20251212-WA0035.jpg","type":"image\/jpeg"}],"author":"Super","twitter_card":"summary_large_image","twitter_misc":{"\u00c9crit par":"Super","Dur\u00e9e de lecture estim\u00e9e":"2 minutes"},"schema":{"@context":"https:\/\/schema.org","@graph":[{"@type":"Article","@id":"https:\/\/infos-droitshumains.net\/?p=17304#article","isPartOf":{"@id":"https:\/\/infos-droitshumains.net\/?p=17304"},"author":{"name":"Super","@id":"https:\/\/infos-droitshumains.net\/#\/schema\/person\/db4428dbf83d2d51ecdb0cc0aed0c47f"},"headline":"Kongo-Central : Le myst\u00e9rieux report du prononc\u00e9 dans les affaires ONATRA\u2013AGEMI intrigue et inqui\u00e8te","datePublished":"2025-12-12T15:19:34+00:00","dateModified":"2025-12-12T15:21:58+00:00","mainEntityOfPage":{"@id":"https:\/\/infos-droitshumains.net\/?p=17304"},"wordCount":355,"commentCount":0,"publisher":{"@id":"https:\/\/infos-droitshumains.net\/#organization"},"image":{"@id":"https:\/\/infos-droitshumains.net\/?p=17304#primaryimage"},"thumbnailUrl":"https:\/\/i0.wp.com\/infos-droitshumains.net\/wp-content\/uploads\/2025\/12\/IMG-20251212-WA0035.jpg?fit=810%2C576&ssl=1","articleSection":["Justice"],"inLanguage":"fr-FR","potentialAction":[{"@type":"CommentAction","name":"Comment","target":["https:\/\/infos-droitshumains.net\/?p=17304#respond"]}]},{"@type":"WebPage","@id":"https:\/\/infos-droitshumains.net\/?p=17304","url":"https:\/\/infos-droitshumains.net\/?p=17304","name":"Kongo-Central : Le myst\u00e9rieux report du prononc\u00e9 dans les affaires ONATRA\u2013AGEMI intrigue et inqui\u00e8te - Infos Droits Humains","isPartOf":{"@id":"https:\/\/infos-droitshumains.net\/#website"},"primaryImageOfPage":{"@id":"https:\/\/infos-droitshumains.net\/?p=17304#primaryimage"},"image":{"@id":"https:\/\/infos-droitshumains.net\/?p=17304#primaryimage"},"thumbnailUrl":"https:\/\/i0.wp.com\/infos-droitshumains.net\/wp-content\/uploads\/2025\/12\/IMG-20251212-WA0035.jpg?fit=810%2C576&ssl=1","datePublished":"2025-12-12T15:19:34+00:00","dateModified":"2025-12-12T15:21:58+00:00","breadcrumb":{"@id":"https:\/\/infos-droitshumains.net\/?p=17304#breadcrumb"},"inLanguage":"fr-FR","potentialAction":[{"@type":"ReadAction","target":["https:\/\/infos-droitshumains.net\/?p=17304"]}]},{"@type":"ImageObject","inLanguage":"fr-FR","@id":"https:\/\/infos-droitshumains.net\/?p=17304#primaryimage","url":"https:\/\/i0.wp.com\/infos-droitshumains.net\/wp-content\/uploads\/2025\/12\/IMG-20251212-WA0035.jpg?fit=810%2C576&ssl=1","contentUrl":"https:\/\/i0.wp.com\/infos-droitshumains.net\/wp-content\/uploads\/2025\/12\/IMG-20251212-WA0035.jpg?fit=810%2C576&ssl=1","width":810,"height":576},{"@type":"BreadcrumbList","@id":"https:\/\/infos-droitshumains.net\/?p=17304#breadcrumb","itemListElement":[{"@type":"ListItem","position":1,"name":"Accueil","item":"https:\/\/infos-droitshumains.net\/"},{"@type":"ListItem","position":2,"name":"Kongo-Central : Le myst\u00e9rieux report du prononc\u00e9 dans les affaires ONATRA\u2013AGEMI intrigue et inqui\u00e8te"}]},{"@type":"WebSite","@id":"https:\/\/infos-droitshumains.net\/#website","url":"https:\/\/infos-droitshumains.net\/","name":"Infos Droits Humains","description":"S&#039;informer est un droit","publisher":{"@id":"https:\/\/infos-droitshumains.net\/#organization"},"potentialAction":[{"@type":"SearchAction","target":{"@type":"EntryPoint","urlTemplate":"https:\/\/infos-droitshumains.net\/?s={search_term_string}"},"query-input":{"@type":"PropertyValueSpecification","valueRequired":true,"valueName":"search_term_string"}}],"inLanguage":"fr-FR"},{"@type":"Organization","@id":"https:\/\/infos-droitshumains.net\/#organization","name":"Infos Droits Humains","url":"https:\/\/infos-droitshumains.net\/","logo":{"@type":"ImageObject","inLanguage":"fr-FR","@id":"https:\/\/infos-droitshumains.net\/#\/schema\/logo\/image\/","url":"https:\/\/i0.wp.com\/infos-droitshumains.net\/wp-content\/uploads\/2022\/05\/Logo.png?fit=333%2C129&ssl=1","contentUrl":"https:\/\/i0.wp.com\/infos-droitshumains.net\/wp-content\/uploads\/2022\/05\/Logo.png?fit=333%2C129&ssl=1","width":333,"height":129,"caption":"Infos Droits Humains"},"image":{"@id":"https:\/\/infos-droitshumains.net\/#\/schema\/logo\/image\/"}},{"@type":"Person","@id":"https:\/\/infos-droitshumains.net\/#\/schema\/person\/db4428dbf83d2d51ecdb0cc0aed0c47f","name":"Super","image":{"@type":"ImageObject","inLanguage":"fr-FR","@id":"https:\/\/secure.gravatar.com\/avatar\/a177815e4b161b0d81413b73815c697bc0e3e6e6fe4a06e3147af3c9aa47fd3b?s=96&d=mm&r=g","url":"https:\/\/secure.gravatar.com\/avatar\/a177815e4b161b0d81413b73815c697bc0e3e6e6fe4a06e3147af3c9aa47fd3b?s=96&d=mm&r=g","contentUrl":"https:\/\/secure.gravatar.com\/avatar\/a177815e4b161b0d81413b73815c697bc0e3e6e6fe4a06e3147af3c9aa47fd3b?s=96&d=mm&r=g","caption":"Super"},"url":"https:\/\/infos-droitshumains.net\/?author=3"}]}},"featured_image_urls":{"full":["https:\/\/i0.wp.com\/infos-droitshumains.net\/wp-content\/uploads\/2025\/12\/IMG-20251212-WA0035.jpg?fit=810%2C576&ssl=1",810,576,false],"thumbnail":["https:\/\/i0.wp.com\/infos-droitshumains.net\/wp-content\/uploads\/2025\/12\/IMG-20251212-WA0035.jpg?resize=150%2C150&ssl=1",150,150,true],"medium":["https:\/\/i0.wp.com\/infos-droitshumains.net\/wp-content\/uploads\/2025\/12\/IMG-20251212-WA0035.jpg?fit=300%2C213&ssl=1",300,213,true],"medium_large":["https:\/\/i0.wp.com\/infos-droitshumains.net\/wp-content\/uploads\/2025\/12\/IMG-20251212-WA0035.jpg?fit=640%2C455&ssl=1",640,455,true],"large":["https:\/\/i0.wp.com\/infos-droitshumains.net\/wp-content\/uploads\/2025\/12\/IMG-20251212-WA0035.jpg?fit=640%2C455&ssl=1",640,455,true],"1536x1536":["https:\/\/i0.wp.com\/infos-droitshumains.net\/wp-content\/uploads\/2025\/12\/IMG-20251212-WA0035.jpg?fit=810%2C576&ssl=1",810,576,true],"2048x2048":["https:\/\/i0.wp.com\/infos-droitshumains.net\/wp-content\/uploads\/2025\/12\/IMG-20251212-WA0035.jpg?fit=810%2C576&ssl=1",810,576,true],"covernews-slider-full":["https:\/\/i0.wp.com\/infos-droitshumains.net\/wp-content\/uploads\/2025\/12\/IMG-20251212-WA0035.jpg?resize=810%2C576&ssl=1",810,576,true],"covernews-slider-center":["https:\/\/i0.wp.com\/infos-droitshumains.net\/wp-content\/uploads\/2025\/12\/IMG-20251212-WA0035.jpg?resize=800%2C500&ssl=1",800,500,true],"covernews-featured":["https:\/\/i0.wp.com\/infos-droitshumains.net\/wp-content\/uploads\/2025\/12\/IMG-20251212-WA0035.jpg?fit=810%2C576&ssl=1",810,576,true],"covernews-medium":["https:\/\/i0.wp.com\/infos-droitshumains.net\/wp-content\/uploads\/2025\/12\/IMG-20251212-WA0035.jpg?resize=540%2C340&ssl=1",540,340,true],"covernews-medium-square":["https:\/\/i0.wp.com\/infos-droitshumains.net\/wp-content\/uploads\/2025\/12\/IMG-20251212-WA0035.jpg?resize=400%2C250&ssl=1",400,250,true]},"author_info":{"display_name":"Super","author_link":"https:\/\/infos-droitshumains.net\/?author=3"},"category_info":"<a href=\"https:\/\/infos-droitshumains.net\/?cat=6\" rel=\"category\">Justice<\/a>","tag_info":"Justice","comment_count":"0","jetpack_featured_media_url":"https:\/\/i0.wp.com\/infos-droitshumains.net\/wp-content\/uploads\/2025\/12\/IMG-20251212-WA0035.jpg?fit=810%2C576&ssl=1","jetpack-related-posts":[],"jetpack_sharing_enabled":true,"_links":{"self":[{"href":"https:\/\/infos-droitshumains.net\/index.php?rest_route=\/wp\/v2\/posts\/17304","targetHints":{"allow":["GET"]}}],"collection":[{"href":"https:\/\/infos-droitshumains.net\/index.php?rest_route=\/wp\/v2\/posts"}],"about":[{"href":"https:\/\/infos-droitshumains.net\/index.php?rest_route=\/wp\/v2\/types\/post"}],"author":[{"embeddable":true,"href":"https:\/\/infos-droitshumains.net\/index.php?rest_route=\/wp\/v2\/users\/3"}],"replies":[{"embeddable":true,"href":"https:\/\/infos-droitshumains.net\/index.php?rest_route=%2Fwp%2Fv2%2Fcomments&post=17304"}],"version-history":[{"count":2,"href":"https:\/\/infos-droitshumains.net\/index.php?rest_route=\/wp\/v2\/posts\/17304\/revisions"}],"predecessor-version":[{"id":17308,"href":"https:\/\/infos-droitshumains.net\/index.php?rest_route=\/wp\/v2\/posts\/17304\/revisions\/17308"}],"wp:featuredmedia":[{"embeddable":true,"href":"https:\/\/infos-droitshumains.net\/index.php?rest_route=\/wp\/v2\/media\/17307"}],"wp:attachment":[{"href":"https:\/\/infos-droitshumains.net\/index.php?rest_route=%2Fwp%2Fv2%2Fmedia&parent=17304"}],"wp:term":[{"taxonomy":"category","embeddable":true,"href":"https:\/\/infos-droitshumains.net\/index.php?rest_route=%2Fwp%2Fv2%2Fcategories&post=17304"},{"taxonomy":"post_tag","embeddable":true,"href":"https:\/\/infos-droitshumains.net\/index.php?rest_route=%2Fwp%2Fv2%2Ftags&post=17304"}],"curies":[{"name":"wp","href":"https:\/\/api.w.org\/{rel}","templated":true}]}}