{"id":1727,"date":"2022-02-01T00:34:48","date_gmt":"2022-01-31T23:34:48","guid":{"rendered":"https:\/\/infos-droitshumains.net\/?p=1727"},"modified":"2023-04-06T12:10:31","modified_gmt":"2023-04-06T10:10:31","slug":"rdc-lancement-des-travaux-de-construction-du-port-en-eaux-profondes-de-banana-pari-gagne-par-felix-tshisekedi","status":"publish","type":"post","link":"https:\/\/infos-droitshumains.net\/?p=1727","title":{"rendered":"RDC : Lancement des travaux de construction du port en eaux profondes de Banana, Pari gagn\u00e9 par F\u00e9lix Tshisekedi"},"content":{"rendered":"\n<p><strong>R\u00e9daction:+243817406088<\/strong><\/p>\n\n\n\n<p>Au cours d\u2019une c\u00e9r\u00e9monie officielle, le pr\u00e9sident de la R\u00e9publique, F\u00e9lix-Antoine Tshisekedi Tshilombo a pos\u00e9 la premi\u00e8re pierre lan\u00e7ant ainsi les travaux de construction du port en eaux profondes de Banana dans le territoire de Muanda au Kongo-Central.<\/p>\n\n\n\n<figure class=\"wp-block-image alignfull size-large\"><img data-recalc-dims=\"1\" height=\"427\" width=\"640\" decoding=\"async\" src=\"https:\/\/i0.wp.com\/infos-droitshumains.net\/wp-content\/uploads\/2022\/02\/20220201_003906-1024x683.jpg?resize=640%2C427&#038;ssl=1\" alt=\"\" class=\"wp-image-1739\" \/><\/figure>\n\n\n\n<p>Dans son discours, le ministre des Transports, Voies de Communication et D\u00e9senclavement a bross\u00e9 un tableau historique r\u00e9v\u00e9lant les diff\u00e9rentes p\u00e9rip\u00e9ties qui ont parsem\u00e9 le parcours du dossier du port de Banana jusqu\u2019\u00e0 cette c\u00e9r\u00e9monie grandiose qui vient couronner les efforts de tant de compatriotes. Ch\u00e9rubin Okende a termin\u00e9 son mot en livrant certains d\u00e9tails techniques des performances attendues.<\/p>\n\n\n\n<p><strong><em>\u00abLa construction du port en eau profonde de Banana va donc contribuer \u00e0 la r\u00e9duction de la pauvret\u00e9 par la cr\u00e9ation d\u2019emplois directs et indirects, la r\u00e9duction du co\u00fbt de transport maritime congolais, l\u2019am\u00e9lioration de qualit\u00e9 des infrastructures, Promouvoir le transport des Marchandises par contenaires, afin de faciliter la multimodalit\u00e9\u00bb <\/em><\/strong>a conclu Ch\u00e9rubin Okende.<\/p>\n\n\n\n<figure class=\"wp-block-image alignfull size-large\"><img data-recalc-dims=\"1\" height=\"427\" width=\"640\" decoding=\"async\" src=\"https:\/\/i0.wp.com\/infos-droitshumains.net\/wp-content\/uploads\/2022\/02\/IMG-20220131-WA0063_1-1024x683.jpg?resize=640%2C427&#038;ssl=1\" alt=\"\" class=\"wp-image-1732\" \/><\/figure>\n\n\n\n<p>Le chairman de DP WORLD, l\u2019entreprise contractante \u00e9mirati, s\u2019est pour sa part, r\u00e9joui de <em>\u00abl\u2019heureuse issue des d\u00e9marches entreprises depuis belle llurett\u00bb.<\/em> Il  s\u2019est dit honor\u00e9 d\u2019entrer en partenariat avec le gouvernement congolais. Il a aussi relev\u00e9 le fait que <em>\u00abBanana est en passe de devenir une v\u00e9ritable plaque tournante sous-r\u00e9gionale du commerce et d\u2019\u00e9changes divers\u00bb.<\/em><\/p>\n\n\n\n<figure class=\"wp-block-image alignfull size-large\"><img data-recalc-dims=\"1\" height=\"427\" width=\"640\" decoding=\"async\" src=\"https:\/\/i0.wp.com\/infos-droitshumains.net\/wp-content\/uploads\/2022\/02\/20220201_3923-1024x683.jpg?resize=640%2C427&#038;ssl=1\" alt=\"\" class=\"wp-image-1733\" \/><\/figure>\n\n\n\n<p>Le projet se fera en 4 phases dont la premi\u00e8re devra consister \u00e0 la construction d\u2019un quaie de 600 m\u00e8tres avec un co\u00fbt de plus de 300 millions de dollars. Il va permettre d\u2019emmener un volume de trafic de 360 milles contenaires de 20 pieds pour la premi\u00e8re phase qui prendra 2 ans. Le co\u00fbt total du projet est estim\u00e9 \u00e0 plus d\u2019un milliard de dollars am\u00e9ricains.<\/p>\n\n\n\n<figure class=\"wp-block-image alignfull size-large\"><img data-recalc-dims=\"1\" height=\"427\" width=\"640\" decoding=\"async\" src=\"https:\/\/i0.wp.com\/infos-droitshumains.net\/wp-content\/uploads\/2022\/02\/20220201_003928-1024x683.jpg?resize=640%2C427&#038;ssl=1\" alt=\"\" class=\"wp-image-1735\" \/><\/figure>\n\n\n\n<p>Ce coup d\u2019envoi est un signal fort qui traduit la volont\u00e9 du Pr\u00e9sident F\u00e9lix Tshisekedi de respecter son engagement de conditionner l\u2019\u00e9rection du pont route-rail entre Kinshasa et Brazzaville  \u00e0 la construction du port en eaux profondes de Banana.<\/p>\n\n\n\n<figure class=\"wp-block-image alignfull size-large\"><img data-recalc-dims=\"1\" height=\"427\" width=\"640\" decoding=\"async\" src=\"https:\/\/i0.wp.com\/infos-droitshumains.net\/wp-content\/uploads\/2022\/02\/20220201_003949-1024x683.jpg?resize=640%2C427&#038;ssl=1\" alt=\"\" class=\"wp-image-1737\" \/><\/figure>\n\n\n\n<p>Cette date du lundi 31 janvier 2022 sera d\u00e9sormais marqu\u00e9e en lettres d&rsquo;or dans les annales de la R\u00e9publique D\u00e9mocratique du Congo, Car, finalement, le pr\u00e9sident F\u00e9lix Tshisekedi a, par le truchement de son ministre des Transports, Voies de Communication et D\u00e9senclavement, joint l\u2019acte \u00e0 la parole, en mat\u00e9rialisant un projet que la  RDC a tant attendu.<\/p>\n\n\n\n<p>Jo\u00ebl Diawa<\/p>\n","protected":false},"excerpt":{"rendered":"<p>R\u00e9daction:+243817406088 Au cours d\u2019une c\u00e9r\u00e9monie officielle, le pr\u00e9sident de la R\u00e9publique, F\u00e9lix-Antoine Tshisekedi Tshilombo a&#8230;<\/p>\n","protected":false},"author":2,"featured_media":0,"comment_status":"closed","ping_status":"open","sticky":false,"template":"","format":"standard","meta":{"_jetpack_memberships_contains_paid_content":false,"footnotes":""},"categories":[1],"tags":[],"class_list":["post-1727","post","type-post","status-publish","format-standard","hentry","category-non-classe"],"yoast_head":"<!-- This site is optimized with the Yoast SEO plugin v27.5 - https:\/\/yoast.com\/product\/yoast-seo-wordpress\/ -->\n<title>RDC : Lancement des travaux de construction du port en eaux profondes de Banana, Pari gagn\u00e9 par F\u00e9lix Tshisekedi - Infos Droits Humains<\/title>\n<meta name=\"robots\" content=\"index, follow, max-snippet:-1, max-image-preview:large, max-video-preview:-1\" \/>\n<link rel=\"canonical\" href=\"https:\/\/infos-droitshumains.net\/?p=1727\" \/>\n<meta property=\"og:locale\" content=\"fr_FR\" \/>\n<meta property=\"og:type\" content=\"article\" \/>\n<meta property=\"og:title\" content=\"RDC : Lancement des travaux de construction du port en eaux profondes de Banana, Pari gagn\u00e9 par F\u00e9lix Tshisekedi - Infos Droits Humains\" \/>\n<meta property=\"og:description\" content=\"R\u00e9daction:+243817406088 Au cours d\u2019une c\u00e9r\u00e9monie officielle, le pr\u00e9sident de la R\u00e9publique, F\u00e9lix-Antoine Tshisekedi Tshilombo a...\" \/>\n<meta property=\"og:url\" content=\"https:\/\/infos-droitshumains.net\/?p=1727\" \/>\n<meta property=\"og:site_name\" content=\"Infos Droits Humains\" \/>\n<meta property=\"article:published_time\" content=\"2022-01-31T23:34:48+00:00\" \/>\n<meta property=\"article:modified_time\" content=\"2023-04-06T10:10:31+00:00\" \/>\n<meta property=\"og:image\" content=\"https:\/\/infos-droitshumains.net\/wp-content\/uploads\/2022\/02\/20220201_003906-1024x683.jpg\" \/>\n<meta name=\"author\" content=\"Jo\u00ebl Diawa\" \/>\n<meta name=\"twitter:card\" content=\"summary_large_image\" \/>\n<meta name=\"twitter:label1\" content=\"\u00c9crit par\" \/>\n\t<meta name=\"twitter:data1\" content=\"Jo\u00ebl Diawa\" \/>\n\t<meta name=\"twitter:label2\" content=\"Dur\u00e9e de lecture estim\u00e9e\" \/>\n\t<meta name=\"twitter:data2\" content=\"2 minutes\" \/>\n<script type=\"application\/ld+json\" class=\"yoast-schema-graph\">{\"@context\":\"https:\\\/\\\/schema.org\",\"@graph\":[{\"@type\":\"Article\",\"@id\":\"https:\\\/\\\/infos-droitshumains.net\\\/?p=1727#article\",\"isPartOf\":{\"@id\":\"https:\\\/\\\/infos-droitshumains.net\\\/?p=1727\"},\"author\":{\"name\":\"Jo\u00ebl Diawa\",\"@id\":\"https:\\\/\\\/infos-droitshumains.net\\\/#\\\/schema\\\/person\\\/3dc5e921c3302172e0ed4362f96faab7\"},\"headline\":\"RDC : Lancement des travaux de construction du port en eaux profondes de Banana, Pari gagn\u00e9 par F\u00e9lix Tshisekedi\",\"datePublished\":\"2022-01-31T23:34:48+00:00\",\"dateModified\":\"2023-04-06T10:10:31+00:00\",\"mainEntityOfPage\":{\"@id\":\"https:\\\/\\\/infos-droitshumains.net\\\/?p=1727\"},\"wordCount\":439,\"publisher\":{\"@id\":\"https:\\\/\\\/infos-droitshumains.net\\\/#organization\"},\"image\":{\"@id\":\"https:\\\/\\\/infos-droitshumains.net\\\/?p=1727#primaryimage\"},\"thumbnailUrl\":\"https:\\\/\\\/infos-droitshumains.net\\\/wp-content\\\/uploads\\\/2022\\\/02\\\/20220201_003906-1024x683.jpg\",\"inLanguage\":\"fr-FR\"},{\"@type\":\"WebPage\",\"@id\":\"https:\\\/\\\/infos-droitshumains.net\\\/?p=1727\",\"url\":\"https:\\\/\\\/infos-droitshumains.net\\\/?p=1727\",\"name\":\"RDC : Lancement des travaux de construction du port en eaux profondes de Banana, Pari gagn\u00e9 par F\u00e9lix Tshisekedi - Infos Droits Humains\",\"isPartOf\":{\"@id\":\"https:\\\/\\\/infos-droitshumains.net\\\/#website\"},\"primaryImageOfPage\":{\"@id\":\"https:\\\/\\\/infos-droitshumains.net\\\/?p=1727#primaryimage\"},\"image\":{\"@id\":\"https:\\\/\\\/infos-droitshumains.net\\\/?p=1727#primaryimage\"},\"thumbnailUrl\":\"https:\\\/\\\/infos-droitshumains.net\\\/wp-content\\\/uploads\\\/2022\\\/02\\\/20220201_003906-1024x683.jpg\",\"datePublished\":\"2022-01-31T23:34:48+00:00\",\"dateModified\":\"2023-04-06T10:10:31+00:00\",\"breadcrumb\":{\"@id\":\"https:\\\/\\\/infos-droitshumains.net\\\/?p=1727#breadcrumb\"},\"inLanguage\":\"fr-FR\",\"potentialAction\":[{\"@type\":\"ReadAction\",\"target\":[\"https:\\\/\\\/infos-droitshumains.net\\\/?p=1727\"]}]},{\"@type\":\"ImageObject\",\"inLanguage\":\"fr-FR\",\"@id\":\"https:\\\/\\\/infos-droitshumains.net\\\/?p=1727#primaryimage\",\"url\":\"https:\\\/\\\/infos-droitshumains.net\\\/wp-content\\\/uploads\\\/2022\\\/02\\\/20220201_003906-1024x683.jpg\",\"contentUrl\":\"https:\\\/\\\/infos-droitshumains.net\\\/wp-content\\\/uploads\\\/2022\\\/02\\\/20220201_003906-1024x683.jpg\"},{\"@type\":\"BreadcrumbList\",\"@id\":\"https:\\\/\\\/infos-droitshumains.net\\\/?p=1727#breadcrumb\",\"itemListElement\":[{\"@type\":\"ListItem\",\"position\":1,\"name\":\"Accueil\",\"item\":\"https:\\\/\\\/infos-droitshumains.net\\\/\"},{\"@type\":\"ListItem\",\"position\":2,\"name\":\"RDC : Lancement des travaux de construction du port en eaux profondes de Banana, Pari gagn\u00e9 par F\u00e9lix Tshisekedi\"}]},{\"@type\":\"WebSite\",\"@id\":\"https:\\\/\\\/infos-droitshumains.net\\\/#website\",\"url\":\"https:\\\/\\\/infos-droitshumains.net\\\/\",\"name\":\"Infos Droits Humains\",\"description\":\"S&#039;informer est un droit\",\"publisher\":{\"@id\":\"https:\\\/\\\/infos-droitshumains.net\\\/#organization\"},\"potentialAction\":[{\"@type\":\"SearchAction\",\"target\":{\"@type\":\"EntryPoint\",\"urlTemplate\":\"https:\\\/\\\/infos-droitshumains.net\\\/?s={search_term_string}\"},\"query-input\":{\"@type\":\"PropertyValueSpecification\",\"valueRequired\":true,\"valueName\":\"search_term_string\"}}],\"inLanguage\":\"fr-FR\"},{\"@type\":\"Organization\",\"@id\":\"https:\\\/\\\/infos-droitshumains.net\\\/#organization\",\"name\":\"Infos Droits Humains\",\"url\":\"https:\\\/\\\/infos-droitshumains.net\\\/\",\"logo\":{\"@type\":\"ImageObject\",\"inLanguage\":\"fr-FR\",\"@id\":\"https:\\\/\\\/infos-droitshumains.net\\\/#\\\/schema\\\/logo\\\/image\\\/\",\"url\":\"https:\\\/\\\/i0.wp.com\\\/infos-droitshumains.net\\\/wp-content\\\/uploads\\\/2022\\\/05\\\/Logo.png?fit=333%2C129&ssl=1\",\"contentUrl\":\"https:\\\/\\\/i0.wp.com\\\/infos-droitshumains.net\\\/wp-content\\\/uploads\\\/2022\\\/05\\\/Logo.png?fit=333%2C129&ssl=1\",\"width\":333,\"height\":129,\"caption\":\"Infos Droits Humains\"},\"image\":{\"@id\":\"https:\\\/\\\/infos-droitshumains.net\\\/#\\\/schema\\\/logo\\\/image\\\/\"}},{\"@type\":\"Person\",\"@id\":\"https:\\\/\\\/infos-droitshumains.net\\\/#\\\/schema\\\/person\\\/3dc5e921c3302172e0ed4362f96faab7\",\"name\":\"Jo\u00ebl Diawa\",\"image\":{\"@type\":\"ImageObject\",\"inLanguage\":\"fr-FR\",\"@id\":\"https:\\\/\\\/secure.gravatar.com\\\/avatar\\\/729bea6ff4604c624417803c477363be8e3c7186deaa65713313f9b4b820f41c?s=96&d=mm&r=g\",\"url\":\"https:\\\/\\\/secure.gravatar.com\\\/avatar\\\/729bea6ff4604c624417803c477363be8e3c7186deaa65713313f9b4b820f41c?s=96&d=mm&r=g\",\"contentUrl\":\"https:\\\/\\\/secure.gravatar.com\\\/avatar\\\/729bea6ff4604c624417803c477363be8e3c7186deaa65713313f9b4b820f41c?s=96&d=mm&r=g\",\"caption\":\"Jo\u00ebl Diawa\"},\"sameAs\":[\"https:\\\/\\\/www.infos-droitshumains.net\"],\"url\":\"https:\\\/\\\/infos-droitshumains.net\\\/?author=2\"}]}<\/script>\n<!-- \/ Yoast SEO plugin. -->","yoast_head_json":{"title":"RDC : Lancement des travaux de construction du port en eaux profondes de Banana, Pari gagn\u00e9 par F\u00e9lix Tshisekedi - Infos Droits Humains","robots":{"index":"index","follow":"follow","max-snippet":"max-snippet:-1","max-image-preview":"max-image-preview:large","max-video-preview":"max-video-preview:-1"},"canonical":"https:\/\/infos-droitshumains.net\/?p=1727","og_locale":"fr_FR","og_type":"article","og_title":"RDC : Lancement des travaux de construction du port en eaux profondes de Banana, Pari gagn\u00e9 par F\u00e9lix Tshisekedi - Infos Droits Humains","og_description":"R\u00e9daction:+243817406088 Au cours d\u2019une c\u00e9r\u00e9monie officielle, le pr\u00e9sident de la R\u00e9publique, F\u00e9lix-Antoine Tshisekedi Tshilombo a...","og_url":"https:\/\/infos-droitshumains.net\/?p=1727","og_site_name":"Infos Droits Humains","article_published_time":"2022-01-31T23:34:48+00:00","article_modified_time":"2023-04-06T10:10:31+00:00","og_image":[{"url":"https:\/\/infos-droitshumains.net\/wp-content\/uploads\/2022\/02\/20220201_003906-1024x683.jpg","type":"","width":"","height":""}],"author":"Jo\u00ebl Diawa","twitter_card":"summary_large_image","twitter_misc":{"\u00c9crit par":"Jo\u00ebl Diawa","Dur\u00e9e de lecture estim\u00e9e":"2 minutes"},"schema":{"@context":"https:\/\/schema.org","@graph":[{"@type":"Article","@id":"https:\/\/infos-droitshumains.net\/?p=1727#article","isPartOf":{"@id":"https:\/\/infos-droitshumains.net\/?p=1727"},"author":{"name":"Jo\u00ebl Diawa","@id":"https:\/\/infos-droitshumains.net\/#\/schema\/person\/3dc5e921c3302172e0ed4362f96faab7"},"headline":"RDC : Lancement des travaux de construction du port en eaux profondes de Banana, Pari gagn\u00e9 par F\u00e9lix Tshisekedi","datePublished":"2022-01-31T23:34:48+00:00","dateModified":"2023-04-06T10:10:31+00:00","mainEntityOfPage":{"@id":"https:\/\/infos-droitshumains.net\/?p=1727"},"wordCount":439,"publisher":{"@id":"https:\/\/infos-droitshumains.net\/#organization"},"image":{"@id":"https:\/\/infos-droitshumains.net\/?p=1727#primaryimage"},"thumbnailUrl":"https:\/\/infos-droitshumains.net\/wp-content\/uploads\/2022\/02\/20220201_003906-1024x683.jpg","inLanguage":"fr-FR"},{"@type":"WebPage","@id":"https:\/\/infos-droitshumains.net\/?p=1727","url":"https:\/\/infos-droitshumains.net\/?p=1727","name":"RDC : Lancement des travaux de construction du port en eaux profondes de Banana, Pari gagn\u00e9 par F\u00e9lix Tshisekedi - Infos Droits Humains","isPartOf":{"@id":"https:\/\/infos-droitshumains.net\/#website"},"primaryImageOfPage":{"@id":"https:\/\/infos-droitshumains.net\/?p=1727#primaryimage"},"image":{"@id":"https:\/\/infos-droitshumains.net\/?p=1727#primaryimage"},"thumbnailUrl":"https:\/\/infos-droitshumains.net\/wp-content\/uploads\/2022\/02\/20220201_003906-1024x683.jpg","datePublished":"2022-01-31T23:34:48+00:00","dateModified":"2023-04-06T10:10:31+00:00","breadcrumb":{"@id":"https:\/\/infos-droitshumains.net\/?p=1727#breadcrumb"},"inLanguage":"fr-FR","potentialAction":[{"@type":"ReadAction","target":["https:\/\/infos-droitshumains.net\/?p=1727"]}]},{"@type":"ImageObject","inLanguage":"fr-FR","@id":"https:\/\/infos-droitshumains.net\/?p=1727#primaryimage","url":"https:\/\/infos-droitshumains.net\/wp-content\/uploads\/2022\/02\/20220201_003906-1024x683.jpg","contentUrl":"https:\/\/infos-droitshumains.net\/wp-content\/uploads\/2022\/02\/20220201_003906-1024x683.jpg"},{"@type":"BreadcrumbList","@id":"https:\/\/infos-droitshumains.net\/?p=1727#breadcrumb","itemListElement":[{"@type":"ListItem","position":1,"name":"Accueil","item":"https:\/\/infos-droitshumains.net\/"},{"@type":"ListItem","position":2,"name":"RDC : Lancement des travaux de construction du port en eaux profondes de Banana, Pari gagn\u00e9 par F\u00e9lix Tshisekedi"}]},{"@type":"WebSite","@id":"https:\/\/infos-droitshumains.net\/#website","url":"https:\/\/infos-droitshumains.net\/","name":"Infos Droits Humains","description":"S&#039;informer est un droit","publisher":{"@id":"https:\/\/infos-droitshumains.net\/#organization"},"potentialAction":[{"@type":"SearchAction","target":{"@type":"EntryPoint","urlTemplate":"https:\/\/infos-droitshumains.net\/?s={search_term_string}"},"query-input":{"@type":"PropertyValueSpecification","valueRequired":true,"valueName":"search_term_string"}}],"inLanguage":"fr-FR"},{"@type":"Organization","@id":"https:\/\/infos-droitshumains.net\/#organization","name":"Infos Droits Humains","url":"https:\/\/infos-droitshumains.net\/","logo":{"@type":"ImageObject","inLanguage":"fr-FR","@id":"https:\/\/infos-droitshumains.net\/#\/schema\/logo\/image\/","url":"https:\/\/i0.wp.com\/infos-droitshumains.net\/wp-content\/uploads\/2022\/05\/Logo.png?fit=333%2C129&ssl=1","contentUrl":"https:\/\/i0.wp.com\/infos-droitshumains.net\/wp-content\/uploads\/2022\/05\/Logo.png?fit=333%2C129&ssl=1","width":333,"height":129,"caption":"Infos Droits Humains"},"image":{"@id":"https:\/\/infos-droitshumains.net\/#\/schema\/logo\/image\/"}},{"@type":"Person","@id":"https:\/\/infos-droitshumains.net\/#\/schema\/person\/3dc5e921c3302172e0ed4362f96faab7","name":"Jo\u00ebl Diawa","image":{"@type":"ImageObject","inLanguage":"fr-FR","@id":"https:\/\/secure.gravatar.com\/avatar\/729bea6ff4604c624417803c477363be8e3c7186deaa65713313f9b4b820f41c?s=96&d=mm&r=g","url":"https:\/\/secure.gravatar.com\/avatar\/729bea6ff4604c624417803c477363be8e3c7186deaa65713313f9b4b820f41c?s=96&d=mm&r=g","contentUrl":"https:\/\/secure.gravatar.com\/avatar\/729bea6ff4604c624417803c477363be8e3c7186deaa65713313f9b4b820f41c?s=96&d=mm&r=g","caption":"Jo\u00ebl Diawa"},"sameAs":["https:\/\/www.infos-droitshumains.net"],"url":"https:\/\/infos-droitshumains.net\/?author=2"}]}},"featured_image_urls":{"full":"","thumbnail":"","medium":"","medium_large":"","large":"","1536x1536":"","2048x2048":"","covernews-slider-full":"","covernews-slider-center":"","covernews-featured":"","covernews-medium":"","covernews-medium-square":""},"author_info":{"display_name":"Jo\u00ebl Diawa","author_link":"https:\/\/infos-droitshumains.net\/?author=2"},"category_info":"<a href=\"https:\/\/infos-droitshumains.net\/?cat=1\" rel=\"category\">Non class\u00e9<\/a>","tag_info":"Non class\u00e9","comment_count":"0","jetpack_featured_media_url":"","jetpack-related-posts":[],"jetpack_sharing_enabled":true,"_links":{"self":[{"href":"https:\/\/infos-droitshumains.net\/index.php?rest_route=\/wp\/v2\/posts\/1727","targetHints":{"allow":["GET"]}}],"collection":[{"href":"https:\/\/infos-droitshumains.net\/index.php?rest_route=\/wp\/v2\/posts"}],"about":[{"href":"https:\/\/infos-droitshumains.net\/index.php?rest_route=\/wp\/v2\/types\/post"}],"author":[{"embeddable":true,"href":"https:\/\/infos-droitshumains.net\/index.php?rest_route=\/wp\/v2\/users\/2"}],"replies":[{"embeddable":true,"href":"https:\/\/infos-droitshumains.net\/index.php?rest_route=%2Fwp%2Fv2%2Fcomments&post=1727"}],"version-history":[{"count":7,"href":"https:\/\/infos-droitshumains.net\/index.php?rest_route=\/wp\/v2\/posts\/1727\/revisions"}],"predecessor-version":[{"id":1740,"href":"https:\/\/infos-droitshumains.net\/index.php?rest_route=\/wp\/v2\/posts\/1727\/revisions\/1740"}],"wp:attachment":[{"href":"https:\/\/infos-droitshumains.net\/index.php?rest_route=%2Fwp%2Fv2%2Fmedia&parent=1727"}],"wp:term":[{"taxonomy":"category","embeddable":true,"href":"https:\/\/infos-droitshumains.net\/index.php?rest_route=%2Fwp%2Fv2%2Fcategories&post=1727"},{"taxonomy":"post_tag","embeddable":true,"href":"https:\/\/infos-droitshumains.net\/index.php?rest_route=%2Fwp%2Fv2%2Ftags&post=1727"}],"curies":[{"name":"wp","href":"https:\/\/api.w.org\/{rel}","templated":true}]}}