{"id":17155,"date":"2019-08-07T15:18:00","date_gmt":"2019-08-07T13:18:00","guid":{"rendered":"https:\/\/infos-droitshumains.net\/?p=17155"},"modified":"2026-02-02T10:40:58","modified_gmt":"2026-02-02T09:40:58","slug":"rdc-entre-espoirs-democratiques-et-derives-persistantes-le-cas-preoccupant-de-wanguna-samusuiya-luc","status":"publish","type":"post","link":"https:\/\/infos-droitshumains.net\/?p=17155","title":{"rendered":"RDC : Entre espoirs d\u00e9mocratiques et d\u00e9rives persistantes, le cas pr\u00e9occupant de Wanguna Samusuiya Luc (Le dossier de la r\u00e9daction.)"},"content":{"rendered":"\n<p><strong>R\u00e9daction: +243 817 406 088<\/strong><\/p>\n\n\n\n<h3 class=\"wp-block-heading has-vivid-red-color has-text-color has-link-color wp-elements-3e57b5a74726cf31005c9e7cd39396e2\">Malgr\u00e9 l\u2019alternance politique intervenue avec l\u2019\u00e9lection de F\u00e9lix Tshisekedi le 23 d\u00e9cembre 2018, la situation des droits de l\u2019homme en R\u00e9publique D\u00e9mocratique du Congo demeure extr\u00eamement pr\u00e9occupante. Alors que l\u2019arriv\u00e9e au pouvoir du nouveau chef de l\u2019\u00c9tat, issu de l\u2019UDPS, une formation politique historiquement engag\u00e9e contre les injustices sociales, avait suscit\u00e9 un vif espoir au sein de la population, les r\u00e9alit\u00e9s observ\u00e9es sur le terrain traduisent une stagnation inqui\u00e9tante. Arrestations arbitraires, violences, actes d\u2019intimidation et enl\u00e8vements continuent d\u2019\u00eatre document\u00e9s dans plusieurs provinces du pays. Le parcours dramatique du jeune dipl\u00f4m\u00e9 Wanguna Samusuiya Luc en constitue une illustration alarmante.<\/h3>\n\n\n\n<p><strong>Un jeune politologue devenu cible apr\u00e8s un travail acad\u00e9mique<\/strong><\/p>\n\n\n\n<p>Apr\u00e8s cinq ann\u00e9es d\u2019\u00e9tudes \u00e0 l\u2019Universit\u00e9 P\u00e9dagogique Nationale, (UPN), Wanguna Samusuiya Luc a d\u00e9fendu, le 27 juillet 2019, son m\u00e9moire de fin d\u2019\u00e9tudes pour l\u2019obtention du dipl\u00f4me de licence en sciences politiques. Ses cherches ont port\u00e9 sur une <strong><em>\u00ab Analyse critique de la gestion des contentieux \u00e9lectoraux en RDC (Cas des \u00e9lections du 28 novembre 2011) \u00bb<\/em><\/strong>, dans laquelle il d\u00e9non\u00e7ait des processus \u00e9lectoraux jug\u00e9s \u00ab b\u00e2cl\u00e9s \u00bb en 2011 comme en 2018, tout en formulant des pistes de solution pour une organisation plus transparente et d\u00e9mocratique des prochains scrutins.<\/p>\n\n\n\n<p>Selon plusieurs sources familiales, ce m\u00e9moire serait \u00e0 l\u2019origine de graves menaces subies par le jeune politologue dans les jours qui ont suivi sa soutenance. Un mandat d&rsquo;amen\u00e9 a \u00e9t\u00e9 \u00e9mis par la justice contre le jeune licenci\u00e9; et d\u2019apr\u00e8s les t\u00e9moignage, il aurait \u00e9t\u00e9 enlev\u00e9 le 1er ao\u00fbt 2019, puis s\u00e9questr\u00e9 dans un lieu inconnu o\u00f9 il aurait subi des violences physiques, des tortures et m\u00eame un viol, actes qu\u2019un m\u00e9decin militaire aurait constat\u00e9s, si l&rsquo;on en croit ses proches.<\/p>\n\n\n\n<p><strong>Une famille dans l\u2019angoisse et un appareil judiciaire interpell\u00e9<\/strong><\/p>\n\n\n\n<p>Profond\u00e9ment inqui\u00e8te pour la s\u00e9curit\u00e9 de leur fils, la famille de Wanguna Samusuiya Luc a d\u00e9pos\u00e9 une plainte contre inconnu et multipli\u00e9 les avis de recherche dans la presse et aupr\u00e8s des autorit\u00e9s judiciaires afin de le retrouver.<br>Ce cas soul\u00e8ve de nombreuses interrogations sur l\u2019\u00e9tat des libert\u00e9s publiques en RDC, notamment en ce qui concerne la protection des chercheurs, universitaires et intellectuels dont les travaux peuvent toucher \u00e0 des questions sensibles.<\/p>\n\n\n\n<p><strong>Un climat g\u00e9n\u00e9ral marqu\u00e9 par la persistance des violations des droits humains<\/strong><\/p>\n\n\n\n<p>Le cas de Wanguna Samusuiya Luc n\u2019est malheureusement qu\u2019un exemple parmi tant d\u2019autres. Plusieurs organisations de d\u00e9fense des droits humains d\u00e9noncent r\u00e9guli\u00e8rement des actes d\u2019intimidation, des arrestations arbitraires et d\u2019autres formes de violence visant des citoyens, des acteurs politiques, des journalistes ou encore des militants.<\/p>\n\n\n\n<p><br>Le Bureau Conjoint des Nations Unies aux Droits de l\u2019Homme (BCNUDH) rapportait notamment 846 violations des droits humains en juillet 2019, soit une hausse de 41 % par rapport au mois pr\u00e9c\u00e9dent. Ces chiffres traduisent une situation alarmante qui contraste fortement avec l\u2019esp\u00e9rance de renouveau d\u00e9mocratique suscit\u00e9e par l\u2019alternance.<\/p>\n\n\n\n<p><strong>Un appel urgent \u00e0 l\u2019action<\/strong><\/p>\n\n\n\n<p>La situation de Wanguna Samusuiya Luc exige l\u2019attention imm\u00e9diate des organisations nationales et internationales de d\u00e9fense des droits de l\u2019homme. La soci\u00e9t\u00e9 civile, les ONG sp\u00e9cialis\u00e9es, ainsi que les institutions publiques doivent se saisir de ce dossier afin que la lumi\u00e8re soit faite sur ces cas et que justice soit rendue.<br><\/p>\n\n\n\n<p>Au-del\u00e0 de ce cas individuel, c\u2019est la cr\u00e9dibilit\u00e9 des engagements d\u00e9mocratiques de la RDC qui se joue. La protection des libert\u00e9s acad\u00e9miques, de la libert\u00e9 d\u2019expression et de la s\u00e9curit\u00e9 de chaque citoyen demeure une condition essentielle pour l\u2019\u00e9dification d\u2019un v\u00e9ritable \u00c9tat de droit.<\/p>\n\n\n\n<p>La R\u00e9daction<\/p>\n","protected":false},"excerpt":{"rendered":"<p>R\u00e9daction: +243 817 406 088 Malgr\u00e9 l\u2019alternance politique intervenue avec l\u2019\u00e9lection de F\u00e9lix Tshisekedi le&#8230;<\/p>\n","protected":false},"author":3,"featured_media":17158,"comment_status":"open","ping_status":"open","sticky":false,"template":"","format":"standard","meta":{"_jetpack_memberships_contains_paid_content":false,"footnotes":""},"categories":[8],"tags":[],"class_list":["post-17155","post","type-post","status-publish","format-standard","has-post-thumbnail","hentry","category-societe"],"yoast_head":"<!-- This site is optimized with the Yoast SEO plugin v27.5 - https:\/\/yoast.com\/product\/yoast-seo-wordpress\/ -->\n<title>RDC : Entre espoirs d\u00e9mocratiques et d\u00e9rives persistantes, le cas pr\u00e9occupant de Wanguna Samusuiya Luc (Le dossier de la r\u00e9daction.) - Infos Droits Humains<\/title>\n<meta name=\"robots\" content=\"index, follow, max-snippet:-1, max-image-preview:large, max-video-preview:-1\" \/>\n<link rel=\"canonical\" href=\"https:\/\/infos-droitshumains.net\/?p=17155\" \/>\n<meta property=\"og:locale\" content=\"fr_FR\" \/>\n<meta property=\"og:type\" content=\"article\" \/>\n<meta property=\"og:title\" content=\"RDC : Entre espoirs d\u00e9mocratiques et d\u00e9rives persistantes, le cas pr\u00e9occupant de Wanguna Samusuiya Luc (Le dossier de la r\u00e9daction.) - Infos Droits Humains\" \/>\n<meta property=\"og:description\" content=\"R\u00e9daction: +243 817 406 088 Malgr\u00e9 l\u2019alternance politique intervenue avec l\u2019\u00e9lection de F\u00e9lix Tshisekedi le...\" \/>\n<meta property=\"og:url\" content=\"https:\/\/infos-droitshumains.net\/?p=17155\" \/>\n<meta property=\"og:site_name\" content=\"Infos Droits Humains\" \/>\n<meta property=\"article:published_time\" content=\"2019-08-07T13:18:00+00:00\" \/>\n<meta property=\"article:modified_time\" content=\"2026-02-02T09:40:58+00:00\" \/>\n<meta property=\"og:image\" content=\"https:\/\/infos-droitshumains.net\/wp-content\/uploads\/2025\/12\/IMG-20251202-WA0094.jpg\" \/>\n\t<meta property=\"og:image:width\" content=\"960\" \/>\n\t<meta property=\"og:image:height\" content=\"981\" \/>\n\t<meta property=\"og:image:type\" content=\"image\/jpeg\" \/>\n<meta name=\"author\" content=\"Super\" \/>\n<meta name=\"twitter:card\" content=\"summary_large_image\" \/>\n<meta name=\"twitter:label1\" content=\"\u00c9crit par\" \/>\n\t<meta name=\"twitter:data1\" content=\"Super\" \/>\n\t<meta name=\"twitter:label2\" content=\"Dur\u00e9e de lecture estim\u00e9e\" \/>\n\t<meta name=\"twitter:data2\" content=\"4 minutes\" \/>\n<script type=\"application\/ld+json\" class=\"yoast-schema-graph\">{\"@context\":\"https:\\\/\\\/schema.org\",\"@graph\":[{\"@type\":\"Article\",\"@id\":\"https:\\\/\\\/infos-droitshumains.net\\\/?p=17155#article\",\"isPartOf\":{\"@id\":\"https:\\\/\\\/infos-droitshumains.net\\\/?p=17155\"},\"author\":{\"name\":\"Super\",\"@id\":\"https:\\\/\\\/infos-droitshumains.net\\\/#\\\/schema\\\/person\\\/db4428dbf83d2d51ecdb0cc0aed0c47f\"},\"headline\":\"RDC : Entre espoirs d\u00e9mocratiques et d\u00e9rives persistantes, le cas pr\u00e9occupant de Wanguna Samusuiya Luc (Le dossier de la r\u00e9daction.)\",\"datePublished\":\"2019-08-07T13:18:00+00:00\",\"dateModified\":\"2026-02-02T09:40:58+00:00\",\"mainEntityOfPage\":{\"@id\":\"https:\\\/\\\/infos-droitshumains.net\\\/?p=17155\"},\"wordCount\":672,\"commentCount\":0,\"publisher\":{\"@id\":\"https:\\\/\\\/infos-droitshumains.net\\\/#organization\"},\"image\":{\"@id\":\"https:\\\/\\\/infos-droitshumains.net\\\/?p=17155#primaryimage\"},\"thumbnailUrl\":\"https:\\\/\\\/i0.wp.com\\\/infos-droitshumains.net\\\/wp-content\\\/uploads\\\/2025\\\/12\\\/IMG-20251202-WA0094.jpg?fit=960%2C981&ssl=1\",\"articleSection\":[\"Soci\u00e9t\u00e9\"],\"inLanguage\":\"fr-FR\",\"potentialAction\":[{\"@type\":\"CommentAction\",\"name\":\"Comment\",\"target\":[\"https:\\\/\\\/infos-droitshumains.net\\\/?p=17155#respond\"]}]},{\"@type\":\"WebPage\",\"@id\":\"https:\\\/\\\/infos-droitshumains.net\\\/?p=17155\",\"url\":\"https:\\\/\\\/infos-droitshumains.net\\\/?p=17155\",\"name\":\"RDC : Entre espoirs d\u00e9mocratiques et d\u00e9rives persistantes, le cas pr\u00e9occupant de Wanguna Samusuiya Luc (Le dossier de la r\u00e9daction.) - Infos Droits Humains\",\"isPartOf\":{\"@id\":\"https:\\\/\\\/infos-droitshumains.net\\\/#website\"},\"primaryImageOfPage\":{\"@id\":\"https:\\\/\\\/infos-droitshumains.net\\\/?p=17155#primaryimage\"},\"image\":{\"@id\":\"https:\\\/\\\/infos-droitshumains.net\\\/?p=17155#primaryimage\"},\"thumbnailUrl\":\"https:\\\/\\\/i0.wp.com\\\/infos-droitshumains.net\\\/wp-content\\\/uploads\\\/2025\\\/12\\\/IMG-20251202-WA0094.jpg?fit=960%2C981&ssl=1\",\"datePublished\":\"2019-08-07T13:18:00+00:00\",\"dateModified\":\"2026-02-02T09:40:58+00:00\",\"breadcrumb\":{\"@id\":\"https:\\\/\\\/infos-droitshumains.net\\\/?p=17155#breadcrumb\"},\"inLanguage\":\"fr-FR\",\"potentialAction\":[{\"@type\":\"ReadAction\",\"target\":[\"https:\\\/\\\/infos-droitshumains.net\\\/?p=17155\"]}]},{\"@type\":\"ImageObject\",\"inLanguage\":\"fr-FR\",\"@id\":\"https:\\\/\\\/infos-droitshumains.net\\\/?p=17155#primaryimage\",\"url\":\"https:\\\/\\\/i0.wp.com\\\/infos-droitshumains.net\\\/wp-content\\\/uploads\\\/2025\\\/12\\\/IMG-20251202-WA0094.jpg?fit=960%2C981&ssl=1\",\"contentUrl\":\"https:\\\/\\\/i0.wp.com\\\/infos-droitshumains.net\\\/wp-content\\\/uploads\\\/2025\\\/12\\\/IMG-20251202-WA0094.jpg?fit=960%2C981&ssl=1\",\"width\":960,\"height\":981},{\"@type\":\"BreadcrumbList\",\"@id\":\"https:\\\/\\\/infos-droitshumains.net\\\/?p=17155#breadcrumb\",\"itemListElement\":[{\"@type\":\"ListItem\",\"position\":1,\"name\":\"Accueil\",\"item\":\"https:\\\/\\\/infos-droitshumains.net\\\/\"},{\"@type\":\"ListItem\",\"position\":2,\"name\":\"RDC : Entre espoirs d\u00e9mocratiques et d\u00e9rives persistantes, le cas pr\u00e9occupant de Wanguna Samusuiya Luc (Le dossier de la r\u00e9daction.)\"}]},{\"@type\":\"WebSite\",\"@id\":\"https:\\\/\\\/infos-droitshumains.net\\\/#website\",\"url\":\"https:\\\/\\\/infos-droitshumains.net\\\/\",\"name\":\"Infos Droits Humains\",\"description\":\"S&#039;informer est un droit\",\"publisher\":{\"@id\":\"https:\\\/\\\/infos-droitshumains.net\\\/#organization\"},\"potentialAction\":[{\"@type\":\"SearchAction\",\"target\":{\"@type\":\"EntryPoint\",\"urlTemplate\":\"https:\\\/\\\/infos-droitshumains.net\\\/?s={search_term_string}\"},\"query-input\":{\"@type\":\"PropertyValueSpecification\",\"valueRequired\":true,\"valueName\":\"search_term_string\"}}],\"inLanguage\":\"fr-FR\"},{\"@type\":\"Organization\",\"@id\":\"https:\\\/\\\/infos-droitshumains.net\\\/#organization\",\"name\":\"Infos Droits Humains\",\"url\":\"https:\\\/\\\/infos-droitshumains.net\\\/\",\"logo\":{\"@type\":\"ImageObject\",\"inLanguage\":\"fr-FR\",\"@id\":\"https:\\\/\\\/infos-droitshumains.net\\\/#\\\/schema\\\/logo\\\/image\\\/\",\"url\":\"https:\\\/\\\/i0.wp.com\\\/infos-droitshumains.net\\\/wp-content\\\/uploads\\\/2022\\\/05\\\/Logo.png?fit=333%2C129&ssl=1\",\"contentUrl\":\"https:\\\/\\\/i0.wp.com\\\/infos-droitshumains.net\\\/wp-content\\\/uploads\\\/2022\\\/05\\\/Logo.png?fit=333%2C129&ssl=1\",\"width\":333,\"height\":129,\"caption\":\"Infos Droits Humains\"},\"image\":{\"@id\":\"https:\\\/\\\/infos-droitshumains.net\\\/#\\\/schema\\\/logo\\\/image\\\/\"}},{\"@type\":\"Person\",\"@id\":\"https:\\\/\\\/infos-droitshumains.net\\\/#\\\/schema\\\/person\\\/db4428dbf83d2d51ecdb0cc0aed0c47f\",\"name\":\"Super\",\"image\":{\"@type\":\"ImageObject\",\"inLanguage\":\"fr-FR\",\"@id\":\"https:\\\/\\\/secure.gravatar.com\\\/avatar\\\/a177815e4b161b0d81413b73815c697bc0e3e6e6fe4a06e3147af3c9aa47fd3b?s=96&d=mm&r=g\",\"url\":\"https:\\\/\\\/secure.gravatar.com\\\/avatar\\\/a177815e4b161b0d81413b73815c697bc0e3e6e6fe4a06e3147af3c9aa47fd3b?s=96&d=mm&r=g\",\"contentUrl\":\"https:\\\/\\\/secure.gravatar.com\\\/avatar\\\/a177815e4b161b0d81413b73815c697bc0e3e6e6fe4a06e3147af3c9aa47fd3b?s=96&d=mm&r=g\",\"caption\":\"Super\"},\"url\":\"https:\\\/\\\/infos-droitshumains.net\\\/?author=3\"}]}<\/script>\n<!-- \/ Yoast SEO plugin. -->","yoast_head_json":{"title":"RDC : Entre espoirs d\u00e9mocratiques et d\u00e9rives persistantes, le cas pr\u00e9occupant de Wanguna Samusuiya Luc (Le dossier de la r\u00e9daction.) - Infos Droits Humains","robots":{"index":"index","follow":"follow","max-snippet":"max-snippet:-1","max-image-preview":"max-image-preview:large","max-video-preview":"max-video-preview:-1"},"canonical":"https:\/\/infos-droitshumains.net\/?p=17155","og_locale":"fr_FR","og_type":"article","og_title":"RDC : Entre espoirs d\u00e9mocratiques et d\u00e9rives persistantes, le cas pr\u00e9occupant de Wanguna Samusuiya Luc (Le dossier de la r\u00e9daction.) - Infos Droits Humains","og_description":"R\u00e9daction: +243 817 406 088 Malgr\u00e9 l\u2019alternance politique intervenue avec l\u2019\u00e9lection de F\u00e9lix Tshisekedi le...","og_url":"https:\/\/infos-droitshumains.net\/?p=17155","og_site_name":"Infos Droits Humains","article_published_time":"2019-08-07T13:18:00+00:00","article_modified_time":"2026-02-02T09:40:58+00:00","og_image":[{"width":960,"height":981,"url":"https:\/\/infos-droitshumains.net\/wp-content\/uploads\/2025\/12\/IMG-20251202-WA0094.jpg","type":"image\/jpeg"}],"author":"Super","twitter_card":"summary_large_image","twitter_misc":{"\u00c9crit par":"Super","Dur\u00e9e de lecture estim\u00e9e":"4 minutes"},"schema":{"@context":"https:\/\/schema.org","@graph":[{"@type":"Article","@id":"https:\/\/infos-droitshumains.net\/?p=17155#article","isPartOf":{"@id":"https:\/\/infos-droitshumains.net\/?p=17155"},"author":{"name":"Super","@id":"https:\/\/infos-droitshumains.net\/#\/schema\/person\/db4428dbf83d2d51ecdb0cc0aed0c47f"},"headline":"RDC : Entre espoirs d\u00e9mocratiques et d\u00e9rives persistantes, le cas pr\u00e9occupant de Wanguna Samusuiya Luc (Le dossier de la r\u00e9daction.)","datePublished":"2019-08-07T13:18:00+00:00","dateModified":"2026-02-02T09:40:58+00:00","mainEntityOfPage":{"@id":"https:\/\/infos-droitshumains.net\/?p=17155"},"wordCount":672,"commentCount":0,"publisher":{"@id":"https:\/\/infos-droitshumains.net\/#organization"},"image":{"@id":"https:\/\/infos-droitshumains.net\/?p=17155#primaryimage"},"thumbnailUrl":"https:\/\/i0.wp.com\/infos-droitshumains.net\/wp-content\/uploads\/2025\/12\/IMG-20251202-WA0094.jpg?fit=960%2C981&ssl=1","articleSection":["Soci\u00e9t\u00e9"],"inLanguage":"fr-FR","potentialAction":[{"@type":"CommentAction","name":"Comment","target":["https:\/\/infos-droitshumains.net\/?p=17155#respond"]}]},{"@type":"WebPage","@id":"https:\/\/infos-droitshumains.net\/?p=17155","url":"https:\/\/infos-droitshumains.net\/?p=17155","name":"RDC : Entre espoirs d\u00e9mocratiques et d\u00e9rives persistantes, le cas pr\u00e9occupant de Wanguna Samusuiya Luc (Le dossier de la r\u00e9daction.) - Infos Droits Humains","isPartOf":{"@id":"https:\/\/infos-droitshumains.net\/#website"},"primaryImageOfPage":{"@id":"https:\/\/infos-droitshumains.net\/?p=17155#primaryimage"},"image":{"@id":"https:\/\/infos-droitshumains.net\/?p=17155#primaryimage"},"thumbnailUrl":"https:\/\/i0.wp.com\/infos-droitshumains.net\/wp-content\/uploads\/2025\/12\/IMG-20251202-WA0094.jpg?fit=960%2C981&ssl=1","datePublished":"2019-08-07T13:18:00+00:00","dateModified":"2026-02-02T09:40:58+00:00","breadcrumb":{"@id":"https:\/\/infos-droitshumains.net\/?p=17155#breadcrumb"},"inLanguage":"fr-FR","potentialAction":[{"@type":"ReadAction","target":["https:\/\/infos-droitshumains.net\/?p=17155"]}]},{"@type":"ImageObject","inLanguage":"fr-FR","@id":"https:\/\/infos-droitshumains.net\/?p=17155#primaryimage","url":"https:\/\/i0.wp.com\/infos-droitshumains.net\/wp-content\/uploads\/2025\/12\/IMG-20251202-WA0094.jpg?fit=960%2C981&ssl=1","contentUrl":"https:\/\/i0.wp.com\/infos-droitshumains.net\/wp-content\/uploads\/2025\/12\/IMG-20251202-WA0094.jpg?fit=960%2C981&ssl=1","width":960,"height":981},{"@type":"BreadcrumbList","@id":"https:\/\/infos-droitshumains.net\/?p=17155#breadcrumb","itemListElement":[{"@type":"ListItem","position":1,"name":"Accueil","item":"https:\/\/infos-droitshumains.net\/"},{"@type":"ListItem","position":2,"name":"RDC : Entre espoirs d\u00e9mocratiques et d\u00e9rives persistantes, le cas pr\u00e9occupant de Wanguna Samusuiya Luc (Le dossier de la r\u00e9daction.)"}]},{"@type":"WebSite","@id":"https:\/\/infos-droitshumains.net\/#website","url":"https:\/\/infos-droitshumains.net\/","name":"Infos Droits Humains","description":"S&#039;informer est un droit","publisher":{"@id":"https:\/\/infos-droitshumains.net\/#organization"},"potentialAction":[{"@type":"SearchAction","target":{"@type":"EntryPoint","urlTemplate":"https:\/\/infos-droitshumains.net\/?s={search_term_string}"},"query-input":{"@type":"PropertyValueSpecification","valueRequired":true,"valueName":"search_term_string"}}],"inLanguage":"fr-FR"},{"@type":"Organization","@id":"https:\/\/infos-droitshumains.net\/#organization","name":"Infos Droits Humains","url":"https:\/\/infos-droitshumains.net\/","logo":{"@type":"ImageObject","inLanguage":"fr-FR","@id":"https:\/\/infos-droitshumains.net\/#\/schema\/logo\/image\/","url":"https:\/\/i0.wp.com\/infos-droitshumains.net\/wp-content\/uploads\/2022\/05\/Logo.png?fit=333%2C129&ssl=1","contentUrl":"https:\/\/i0.wp.com\/infos-droitshumains.net\/wp-content\/uploads\/2022\/05\/Logo.png?fit=333%2C129&ssl=1","width":333,"height":129,"caption":"Infos Droits Humains"},"image":{"@id":"https:\/\/infos-droitshumains.net\/#\/schema\/logo\/image\/"}},{"@type":"Person","@id":"https:\/\/infos-droitshumains.net\/#\/schema\/person\/db4428dbf83d2d51ecdb0cc0aed0c47f","name":"Super","image":{"@type":"ImageObject","inLanguage":"fr-FR","@id":"https:\/\/secure.gravatar.com\/avatar\/a177815e4b161b0d81413b73815c697bc0e3e6e6fe4a06e3147af3c9aa47fd3b?s=96&d=mm&r=g","url":"https:\/\/secure.gravatar.com\/avatar\/a177815e4b161b0d81413b73815c697bc0e3e6e6fe4a06e3147af3c9aa47fd3b?s=96&d=mm&r=g","contentUrl":"https:\/\/secure.gravatar.com\/avatar\/a177815e4b161b0d81413b73815c697bc0e3e6e6fe4a06e3147af3c9aa47fd3b?s=96&d=mm&r=g","caption":"Super"},"url":"https:\/\/infos-droitshumains.net\/?author=3"}]}},"featured_image_urls":{"full":["https:\/\/i0.wp.com\/infos-droitshumains.net\/wp-content\/uploads\/2025\/12\/IMG-20251202-WA0094.jpg?fit=960%2C981&ssl=1",960,981,false],"thumbnail":["https:\/\/i0.wp.com\/infos-droitshumains.net\/wp-content\/uploads\/2025\/12\/IMG-20251202-WA0094.jpg?resize=150%2C150&ssl=1",150,150,true],"medium":["https:\/\/i0.wp.com\/infos-droitshumains.net\/wp-content\/uploads\/2025\/12\/IMG-20251202-WA0094.jpg?fit=294%2C300&ssl=1",294,300,true],"medium_large":["https:\/\/i0.wp.com\/infos-droitshumains.net\/wp-content\/uploads\/2025\/12\/IMG-20251202-WA0094.jpg?fit=640%2C654&ssl=1",640,654,true],"large":["https:\/\/i0.wp.com\/infos-droitshumains.net\/wp-content\/uploads\/2025\/12\/IMG-20251202-WA0094.jpg?fit=640%2C654&ssl=1",640,654,true],"1536x1536":["https:\/\/i0.wp.com\/infos-droitshumains.net\/wp-content\/uploads\/2025\/12\/IMG-20251202-WA0094.jpg?fit=960%2C981&ssl=1",960,981,true],"2048x2048":["https:\/\/i0.wp.com\/infos-droitshumains.net\/wp-content\/uploads\/2025\/12\/IMG-20251202-WA0094.jpg?fit=960%2C981&ssl=1",960,981,true],"covernews-slider-full":["https:\/\/i0.wp.com\/infos-droitshumains.net\/wp-content\/uploads\/2025\/12\/IMG-20251202-WA0094.jpg?resize=960%2C715&ssl=1",960,715,true],"covernews-slider-center":["https:\/\/i0.wp.com\/infos-droitshumains.net\/wp-content\/uploads\/2025\/12\/IMG-20251202-WA0094.jpg?resize=800%2C500&ssl=1",800,500,true],"covernews-featured":["https:\/\/i0.wp.com\/infos-droitshumains.net\/wp-content\/uploads\/2025\/12\/IMG-20251202-WA0094.jpg?fit=960%2C981&ssl=1",960,981,true],"covernews-medium":["https:\/\/i0.wp.com\/infos-droitshumains.net\/wp-content\/uploads\/2025\/12\/IMG-20251202-WA0094.jpg?resize=540%2C340&ssl=1",540,340,true],"covernews-medium-square":["https:\/\/i0.wp.com\/infos-droitshumains.net\/wp-content\/uploads\/2025\/12\/IMG-20251202-WA0094.jpg?resize=400%2C250&ssl=1",400,250,true]},"author_info":{"display_name":"Super","author_link":"https:\/\/infos-droitshumains.net\/?author=3"},"category_info":"<a href=\"https:\/\/infos-droitshumains.net\/?cat=8\" rel=\"category\">Soci\u00e9t\u00e9<\/a>","tag_info":"Soci\u00e9t\u00e9","comment_count":"0","jetpack_featured_media_url":"https:\/\/i0.wp.com\/infos-droitshumains.net\/wp-content\/uploads\/2025\/12\/IMG-20251202-WA0094.jpg?fit=960%2C981&ssl=1","jetpack-related-posts":[],"jetpack_sharing_enabled":true,"_links":{"self":[{"href":"https:\/\/infos-droitshumains.net\/index.php?rest_route=\/wp\/v2\/posts\/17155","targetHints":{"allow":["GET"]}}],"collection":[{"href":"https:\/\/infos-droitshumains.net\/index.php?rest_route=\/wp\/v2\/posts"}],"about":[{"href":"https:\/\/infos-droitshumains.net\/index.php?rest_route=\/wp\/v2\/types\/post"}],"author":[{"embeddable":true,"href":"https:\/\/infos-droitshumains.net\/index.php?rest_route=\/wp\/v2\/users\/3"}],"replies":[{"embeddable":true,"href":"https:\/\/infos-droitshumains.net\/index.php?rest_route=%2Fwp%2Fv2%2Fcomments&post=17155"}],"version-history":[{"count":11,"href":"https:\/\/infos-droitshumains.net\/index.php?rest_route=\/wp\/v2\/posts\/17155\/revisions"}],"predecessor-version":[{"id":17656,"href":"https:\/\/infos-droitshumains.net\/index.php?rest_route=\/wp\/v2\/posts\/17155\/revisions\/17656"}],"wp:featuredmedia":[{"embeddable":true,"href":"https:\/\/infos-droitshumains.net\/index.php?rest_route=\/wp\/v2\/media\/17158"}],"wp:attachment":[{"href":"https:\/\/infos-droitshumains.net\/index.php?rest_route=%2Fwp%2Fv2%2Fmedia&parent=17155"}],"wp:term":[{"taxonomy":"category","embeddable":true,"href":"https:\/\/infos-droitshumains.net\/index.php?rest_route=%2Fwp%2Fv2%2Fcategories&post=17155"},{"taxonomy":"post_tag","embeddable":true,"href":"https:\/\/infos-droitshumains.net\/index.php?rest_route=%2Fwp%2Fv2%2Ftags&post=17155"}],"curies":[{"name":"wp","href":"https:\/\/api.w.org\/{rel}","templated":true}]}}