{"id":17107,"date":"2025-12-01T14:49:59","date_gmt":"2025-12-01T13:49:59","guid":{"rendered":"https:\/\/infos-droitshumains.net\/?p=17107"},"modified":"2025-12-01T17:22:46","modified_gmt":"2025-12-01T16:22:46","slug":"saisie-des-dividendes-onatra-par-pele-mongo-le-motif-ayant-justifie-la-decision-attaquee-par-lonatra-devant-la-cour-dappel-du-kongo-central-mis-a-decouvert","status":"publish","type":"post","link":"https:\/\/infos-droitshumains.net\/?p=17107","title":{"rendered":"Saisie des dividendes de l\u2019ONATRA par Pel\u00e9 Mongo\u00a0: Le motif ayant justifi\u00e9 la d\u00e9cision attaqu\u00e9e par l\u2019ONATRA devant la Cour d\u2019appel du Kongo Central mis \u00e0 d\u00e9couvert"},"content":{"rendered":"\n<p><strong>R\u00e9daction: +243 817 406 088<\/strong><\/p>\n\n\n\n<h3 class=\"wp-block-heading\">Dans l\u2019attente de l\u2019audience pr\u00e9vue ce mercredi 3 d\u00e9cembre 2025 devant la Cour d\u2019appel du Kongo Central, la r\u00e9daction du Journal T\u00e9l\u00e9vis\u00e9 des Droits humains est entr\u00e9e en possession de la uni\u00e8me d\u00e9cision de justice sous RMU 190 rendue par la juridiction pr\u00e9sidentielle du tribunal de commerce de Matadi ayant rejet\u00e9 la contestation de l&rsquo;ONATRA en rapport avec la saisie de ses dividendes aupr\u00e8s de la soci\u00e9t\u00e9 ICTSI commun\u00e9ment appel\u00e9e MGT.<\/h3>\n\n\n\n<p>De la lecture de la d\u00e9cision dont appel actuellement devant la cour d\u2019appel du Kongo Central, il ressort que le juge qui l\u2019a rendu a donn\u00e9 raison \u00e0 la soci\u00e9t\u00e9 AGEMI de Pel\u00e9 Mongo en refusant de lever la saisie au motif notamment que le nantissement des dividendes de l\u2019ONATRA au profit de la banque Equity BCDC n&rsquo;aurait pas fait l&rsquo;objet d&rsquo;une inscription au&nbsp; RCCM.<\/p>\n\n\n\n<p>La pi\u00e8ce ci-jointe \u00e0 notre possession d\u00e9montre clairement le contraire de ce que le juge affirme pour donner raison \u00e0 la partie AGEMI de Pele Mongo.<\/p>\n\n\n\n<figure class=\"wp-block-image alignfull size-large\"><img data-recalc-dims=\"1\" fetchpriority=\"high\" decoding=\"async\" width=\"640\" height=\"906\" src=\"https:\/\/i0.wp.com\/infos-droitshumains.net\/wp-content\/uploads\/2025\/12\/1000792908.jpg?resize=640%2C906&#038;ssl=1\" alt=\"\" class=\"wp-image-17117\" srcset=\"https:\/\/i0.wp.com\/infos-droitshumains.net\/wp-content\/uploads\/2025\/12\/1000792908.jpg?resize=723%2C1024&amp;ssl=1 723w, https:\/\/i0.wp.com\/infos-droitshumains.net\/wp-content\/uploads\/2025\/12\/1000792908.jpg?resize=212%2C300&amp;ssl=1 212w, https:\/\/i0.wp.com\/infos-droitshumains.net\/wp-content\/uploads\/2025\/12\/1000792908.jpg?resize=768%2C1088&amp;ssl=1 768w, https:\/\/i0.wp.com\/infos-droitshumains.net\/wp-content\/uploads\/2025\/12\/1000792908.jpg?resize=1024%2C1450&amp;ssl=1 1024w, https:\/\/i0.wp.com\/infos-droitshumains.net\/wp-content\/uploads\/2025\/12\/1000792908.jpg?w=1079&amp;ssl=1 1079w\" sizes=\"(max-width: 640px) 100vw, 640px\" \/><\/figure>\n\n\n\n<figure class=\"wp-block-image alignfull size-large\"><img data-recalc-dims=\"1\" decoding=\"async\" width=\"640\" height=\"905\" src=\"https:\/\/i0.wp.com\/infos-droitshumains.net\/wp-content\/uploads\/2025\/12\/1000792912.jpg?resize=640%2C905&#038;ssl=1\" alt=\"\" class=\"wp-image-17118\" srcset=\"https:\/\/i0.wp.com\/infos-droitshumains.net\/wp-content\/uploads\/2025\/12\/1000792912.jpg?resize=724%2C1024&amp;ssl=1 724w, https:\/\/i0.wp.com\/infos-droitshumains.net\/wp-content\/uploads\/2025\/12\/1000792912.jpg?resize=212%2C300&amp;ssl=1 212w, https:\/\/i0.wp.com\/infos-droitshumains.net\/wp-content\/uploads\/2025\/12\/1000792912.jpg?resize=768%2C1087&amp;ssl=1 768w, https:\/\/i0.wp.com\/infos-droitshumains.net\/wp-content\/uploads\/2025\/12\/1000792912.jpg?resize=1024%2C1449&amp;ssl=1 1024w, https:\/\/i0.wp.com\/infos-droitshumains.net\/wp-content\/uploads\/2025\/12\/1000792912.jpg?w=1079&amp;ssl=1 1079w\" sizes=\"(max-width: 640px) 100vw, 640px\" \/><\/figure>\n\n\n\n<figure class=\"wp-block-image alignfull size-large\"><img data-recalc-dims=\"1\" decoding=\"async\" width=\"640\" height=\"905\" src=\"https:\/\/i0.wp.com\/infos-droitshumains.net\/wp-content\/uploads\/2025\/12\/1000792917.jpg?resize=640%2C905&#038;ssl=1\" alt=\"\" class=\"wp-image-17119\" srcset=\"https:\/\/i0.wp.com\/infos-droitshumains.net\/wp-content\/uploads\/2025\/12\/1000792917.jpg?resize=724%2C1024&amp;ssl=1 724w, https:\/\/i0.wp.com\/infos-droitshumains.net\/wp-content\/uploads\/2025\/12\/1000792917.jpg?resize=212%2C300&amp;ssl=1 212w, https:\/\/i0.wp.com\/infos-droitshumains.net\/wp-content\/uploads\/2025\/12\/1000792917.jpg?resize=768%2C1087&amp;ssl=1 768w, https:\/\/i0.wp.com\/infos-droitshumains.net\/wp-content\/uploads\/2025\/12\/1000792917.jpg?resize=1024%2C1449&amp;ssl=1 1024w, https:\/\/i0.wp.com\/infos-droitshumains.net\/wp-content\/uploads\/2025\/12\/1000792917.jpg?w=1080&amp;ssl=1 1080w\" sizes=\"(max-width: 640px) 100vw, 640px\" \/><\/figure>\n\n\n\n<figure class=\"wp-block-image alignfull size-large\"><img data-recalc-dims=\"1\" loading=\"lazy\" decoding=\"async\" width=\"640\" height=\"905\" src=\"https:\/\/i0.wp.com\/infos-droitshumains.net\/wp-content\/uploads\/2025\/12\/1000792919.jpg?resize=640%2C905&#038;ssl=1\" alt=\"\" class=\"wp-image-17120\" srcset=\"https:\/\/i0.wp.com\/infos-droitshumains.net\/wp-content\/uploads\/2025\/12\/1000792919.jpg?resize=724%2C1024&amp;ssl=1 724w, https:\/\/i0.wp.com\/infos-droitshumains.net\/wp-content\/uploads\/2025\/12\/1000792919.jpg?resize=212%2C300&amp;ssl=1 212w, https:\/\/i0.wp.com\/infos-droitshumains.net\/wp-content\/uploads\/2025\/12\/1000792919.jpg?resize=768%2C1087&amp;ssl=1 768w, https:\/\/i0.wp.com\/infos-droitshumains.net\/wp-content\/uploads\/2025\/12\/1000792919.jpg?resize=1024%2C1449&amp;ssl=1 1024w, https:\/\/i0.wp.com\/infos-droitshumains.net\/wp-content\/uploads\/2025\/12\/1000792919.jpg?w=1080&amp;ssl=1 1080w\" sizes=\"(max-width: 640px) 100vw, 640px\" \/><\/figure>\n\n\n\n<figure class=\"wp-block-image alignfull size-large\"><img data-recalc-dims=\"1\" loading=\"lazy\" decoding=\"async\" width=\"640\" height=\"905\" src=\"https:\/\/i0.wp.com\/infos-droitshumains.net\/wp-content\/uploads\/2025\/12\/1000792929.jpg?resize=640%2C905&#038;ssl=1\" alt=\"\" class=\"wp-image-17121\" srcset=\"https:\/\/i0.wp.com\/infos-droitshumains.net\/wp-content\/uploads\/2025\/12\/1000792929.jpg?resize=724%2C1024&amp;ssl=1 724w, https:\/\/i0.wp.com\/infos-droitshumains.net\/wp-content\/uploads\/2025\/12\/1000792929.jpg?resize=212%2C300&amp;ssl=1 212w, https:\/\/i0.wp.com\/infos-droitshumains.net\/wp-content\/uploads\/2025\/12\/1000792929.jpg?resize=768%2C1087&amp;ssl=1 768w, https:\/\/i0.wp.com\/infos-droitshumains.net\/wp-content\/uploads\/2025\/12\/1000792929.jpg?resize=1024%2C1449&amp;ssl=1 1024w, https:\/\/i0.wp.com\/infos-droitshumains.net\/wp-content\/uploads\/2025\/12\/1000792929.jpg?w=1080&amp;ssl=1 1080w\" sizes=\"(max-width: 640px) 100vw, 640px\" \/><\/figure>\n\n\n\n<figure class=\"wp-block-image alignfull size-large\"><img data-recalc-dims=\"1\" loading=\"lazy\" decoding=\"async\" width=\"640\" height=\"905\" src=\"https:\/\/i0.wp.com\/infos-droitshumains.net\/wp-content\/uploads\/2025\/12\/1000792931.jpg?resize=640%2C905&#038;ssl=1\" alt=\"\" class=\"wp-image-17122\" srcset=\"https:\/\/i0.wp.com\/infos-droitshumains.net\/wp-content\/uploads\/2025\/12\/1000792931.jpg?resize=724%2C1024&amp;ssl=1 724w, https:\/\/i0.wp.com\/infos-droitshumains.net\/wp-content\/uploads\/2025\/12\/1000792931.jpg?resize=212%2C300&amp;ssl=1 212w, https:\/\/i0.wp.com\/infos-droitshumains.net\/wp-content\/uploads\/2025\/12\/1000792931.jpg?resize=768%2C1087&amp;ssl=1 768w, https:\/\/i0.wp.com\/infos-droitshumains.net\/wp-content\/uploads\/2025\/12\/1000792931.jpg?resize=1024%2C1449&amp;ssl=1 1024w, https:\/\/i0.wp.com\/infos-droitshumains.net\/wp-content\/uploads\/2025\/12\/1000792931.jpg?w=1080&amp;ssl=1 1080w\" sizes=\"(max-width: 640px) 100vw, 640px\" \/><\/figure>\n\n\n\n<figure class=\"wp-block-image alignfull size-large\"><img data-recalc-dims=\"1\" loading=\"lazy\" decoding=\"async\" width=\"640\" height=\"905\" src=\"https:\/\/i0.wp.com\/infos-droitshumains.net\/wp-content\/uploads\/2025\/12\/1000792933.jpg?resize=640%2C905&#038;ssl=1\" alt=\"\" class=\"wp-image-17123\" srcset=\"https:\/\/i0.wp.com\/infos-droitshumains.net\/wp-content\/uploads\/2025\/12\/1000792933.jpg?resize=724%2C1024&amp;ssl=1 724w, https:\/\/i0.wp.com\/infos-droitshumains.net\/wp-content\/uploads\/2025\/12\/1000792933.jpg?resize=212%2C300&amp;ssl=1 212w, https:\/\/i0.wp.com\/infos-droitshumains.net\/wp-content\/uploads\/2025\/12\/1000792933.jpg?resize=768%2C1087&amp;ssl=1 768w, https:\/\/i0.wp.com\/infos-droitshumains.net\/wp-content\/uploads\/2025\/12\/1000792933.jpg?resize=1024%2C1449&amp;ssl=1 1024w, https:\/\/i0.wp.com\/infos-droitshumains.net\/wp-content\/uploads\/2025\/12\/1000792933.jpg?w=1080&amp;ssl=1 1080w\" sizes=\"(max-width: 640px) 100vw, 640px\" \/><\/figure>\n\n\n\n<figure class=\"wp-block-image alignfull size-large\"><img data-recalc-dims=\"1\" loading=\"lazy\" decoding=\"async\" width=\"640\" height=\"825\" src=\"https:\/\/i0.wp.com\/infos-droitshumains.net\/wp-content\/uploads\/2025\/12\/1000792937.jpg?resize=640%2C825&#038;ssl=1\" alt=\"\" class=\"wp-image-17126\" srcset=\"https:\/\/i0.wp.com\/infos-droitshumains.net\/wp-content\/uploads\/2025\/12\/1000792937.jpg?resize=794%2C1024&amp;ssl=1 794w, https:\/\/i0.wp.com\/infos-droitshumains.net\/wp-content\/uploads\/2025\/12\/1000792937.jpg?resize=233%2C300&amp;ssl=1 233w, https:\/\/i0.wp.com\/infos-droitshumains.net\/wp-content\/uploads\/2025\/12\/1000792937.jpg?resize=768%2C991&amp;ssl=1 768w, https:\/\/i0.wp.com\/infos-droitshumains.net\/wp-content\/uploads\/2025\/12\/1000792937.jpg?resize=1024%2C1321&amp;ssl=1 1024w, https:\/\/i0.wp.com\/infos-droitshumains.net\/wp-content\/uploads\/2025\/12\/1000792937.jpg?w=1080&amp;ssl=1 1080w\" sizes=\"(max-width: 640px) 100vw, 640px\" \/><\/figure>\n\n\n\n<p>Pour rappel, tout est partie d\u2019une r\u00e9clamation de la somme 218.500 USD suivant le jugement sous RCE 0015 du Tribunal de Commerce de Matadi au titre de manque \u00e0 gagner, cette somme a \u00e9t\u00e9 multipli\u00e9e par 16 aux termes de l\u2019arr\u00eat rendu neuf mois apr\u00e8s par la Cour d\u2019Appel du Kongo-Central sous RCEA 013, soit \u00e0 la somme de 3.417.000 USD au profit de la soci\u00e9t\u00e9 AGEMI. La particularit\u00e9 de cette condamnation est qu\u2019elle est assortie d\u2019une astreinte de 25.000 USD par jour de retard \u00e0 dater de l\u2019assignation, et qu\u2019\u00e0 ce jour, AGEMI a r\u00e9ussi \u00e0 obtenir de la justice congolaise une colossale somme de 61.000.000 USD, apr\u00e8s avoir per\u00e7u 5.250.000 USD aux d\u00e9pens de l\u2019ONATRA.<\/p>\n\n\n\n<p>D\u00e9cid\u00e9ment, Pele Mongo est d\u00e9cid\u00e9 \u00e0 poursuivre sa bessonne malgr\u00e9 les \u00e9claircissements apport\u00e9s au Premier Pr\u00e9sident de la Cour de Cassation qui a r\u00e9uni en son temps toutes les parties en cause et que des sources proches du dossier, les informations requises de la BGFI BANK par le Parquet G\u00e9n\u00e9ral de Kinshasa\/Gombe confirment que l\u2019ONATRA avait d\u00e9j\u00e0 ex\u00e9cut\u00e9 l\u2019acte transactionnel de 2015 sign\u00e9 entre parties par le virement de la somme de 2.500.000 USD au profit de Pele Mongo, l\u2019affaire devait donc s\u2019arr\u00eater.<\/p>\n\n\n\n<p>&nbsp;L\u2019affaire sous RMU 0 44\/0 45 \u00e9tant fix\u00e9 au 03 d\u00e9cembre 2025, attendons voir ce que sera le comportement de la cour d&rsquo;appel du Kongo Central que nos cam\u00e9ras surveillent.<\/p>\n\n\n\n<p>&nbsp;Affaire \u00e0 suivre \u2026<\/p>\n\n\n\n<p>La R\u00e9daction<\/p>\n","protected":false},"excerpt":{"rendered":"<p>R\u00e9daction: +243 817 406 088 Dans l\u2019attente de l\u2019audience pr\u00e9vue ce mercredi 3 d\u00e9cembre 2025&#8230;<\/p>\n","protected":false},"author":3,"featured_media":17113,"comment_status":"open","ping_status":"open","sticky":false,"template":"","format":"standard","meta":{"_jetpack_memberships_contains_paid_content":false,"footnotes":""},"categories":[6],"tags":[],"class_list":["post-17107","post","type-post","status-publish","format-standard","has-post-thumbnail","hentry","category-justice"],"yoast_head":"<!-- This site is optimized with the Yoast SEO plugin v27.5 - https:\/\/yoast.com\/product\/yoast-seo-wordpress\/ -->\n<title>Saisie des dividendes de l\u2019ONATRA par Pel\u00e9 Mongo\u00a0: Le motif ayant justifi\u00e9 la d\u00e9cision attaqu\u00e9e par l\u2019ONATRA devant la Cour d\u2019appel du Kongo Central mis \u00e0 d\u00e9couvert - Infos Droits Humains<\/title>\n<meta name=\"robots\" content=\"index, follow, max-snippet:-1, max-image-preview:large, max-video-preview:-1\" \/>\n<link rel=\"canonical\" href=\"https:\/\/infos-droitshumains.net\/?p=17107\" \/>\n<meta property=\"og:locale\" content=\"fr_FR\" \/>\n<meta property=\"og:type\" content=\"article\" \/>\n<meta property=\"og:title\" content=\"Saisie des dividendes de l\u2019ONATRA par Pel\u00e9 Mongo\u00a0: Le motif ayant justifi\u00e9 la d\u00e9cision attaqu\u00e9e par l\u2019ONATRA devant la Cour d\u2019appel du Kongo Central mis \u00e0 d\u00e9couvert - Infos Droits Humains\" \/>\n<meta property=\"og:description\" content=\"R\u00e9daction: +243 817 406 088 Dans l\u2019attente de l\u2019audience pr\u00e9vue ce mercredi 3 d\u00e9cembre 2025...\" \/>\n<meta property=\"og:url\" content=\"https:\/\/infos-droitshumains.net\/?p=17107\" \/>\n<meta property=\"og:site_name\" content=\"Infos Droits Humains\" \/>\n<meta property=\"article:published_time\" content=\"2025-12-01T13:49:59+00:00\" \/>\n<meta property=\"article:modified_time\" content=\"2025-12-01T16:22:46+00:00\" \/>\n<meta property=\"og:image\" content=\"https:\/\/infos-droitshumains.net\/wp-content\/uploads\/2025\/12\/20251112_002828.jpg\" \/>\n\t<meta property=\"og:image:width\" content=\"1080\" \/>\n\t<meta property=\"og:image:height\" content=\"720\" \/>\n\t<meta property=\"og:image:type\" content=\"image\/jpeg\" \/>\n<meta name=\"author\" content=\"Super\" \/>\n<meta name=\"twitter:card\" content=\"summary_large_image\" \/>\n<meta name=\"twitter:label1\" content=\"\u00c9crit par\" \/>\n\t<meta name=\"twitter:data1\" content=\"Super\" \/>\n\t<meta name=\"twitter:label2\" content=\"Dur\u00e9e de lecture estim\u00e9e\" \/>\n\t<meta name=\"twitter:data2\" content=\"4 minutes\" \/>\n<script type=\"application\/ld+json\" class=\"yoast-schema-graph\">{\"@context\":\"https:\\\/\\\/schema.org\",\"@graph\":[{\"@type\":\"Article\",\"@id\":\"https:\\\/\\\/infos-droitshumains.net\\\/?p=17107#article\",\"isPartOf\":{\"@id\":\"https:\\\/\\\/infos-droitshumains.net\\\/?p=17107\"},\"author\":{\"name\":\"Super\",\"@id\":\"https:\\\/\\\/infos-droitshumains.net\\\/#\\\/schema\\\/person\\\/db4428dbf83d2d51ecdb0cc0aed0c47f\"},\"headline\":\"Saisie des dividendes de l\u2019ONATRA par Pel\u00e9 Mongo\u00a0: Le motif ayant justifi\u00e9 la d\u00e9cision attaqu\u00e9e par l\u2019ONATRA devant la Cour d\u2019appel du Kongo Central mis \u00e0 d\u00e9couvert\",\"datePublished\":\"2025-12-01T13:49:59+00:00\",\"dateModified\":\"2025-12-01T16:22:46+00:00\",\"mainEntityOfPage\":{\"@id\":\"https:\\\/\\\/infos-droitshumains.net\\\/?p=17107\"},\"wordCount\":466,\"commentCount\":0,\"publisher\":{\"@id\":\"https:\\\/\\\/infos-droitshumains.net\\\/#organization\"},\"image\":{\"@id\":\"https:\\\/\\\/infos-droitshumains.net\\\/?p=17107#primaryimage\"},\"thumbnailUrl\":\"https:\\\/\\\/i0.wp.com\\\/infos-droitshumains.net\\\/wp-content\\\/uploads\\\/2025\\\/12\\\/20251112_002828.jpg?fit=1080%2C720&ssl=1\",\"articleSection\":[\"Justice\"],\"inLanguage\":\"fr-FR\",\"potentialAction\":[{\"@type\":\"CommentAction\",\"name\":\"Comment\",\"target\":[\"https:\\\/\\\/infos-droitshumains.net\\\/?p=17107#respond\"]}]},{\"@type\":\"WebPage\",\"@id\":\"https:\\\/\\\/infos-droitshumains.net\\\/?p=17107\",\"url\":\"https:\\\/\\\/infos-droitshumains.net\\\/?p=17107\",\"name\":\"Saisie des dividendes de l\u2019ONATRA par Pel\u00e9 Mongo\u00a0: Le motif ayant justifi\u00e9 la d\u00e9cision attaqu\u00e9e par l\u2019ONATRA devant la Cour d\u2019appel du Kongo Central mis \u00e0 d\u00e9couvert - Infos Droits Humains\",\"isPartOf\":{\"@id\":\"https:\\\/\\\/infos-droitshumains.net\\\/#website\"},\"primaryImageOfPage\":{\"@id\":\"https:\\\/\\\/infos-droitshumains.net\\\/?p=17107#primaryimage\"},\"image\":{\"@id\":\"https:\\\/\\\/infos-droitshumains.net\\\/?p=17107#primaryimage\"},\"thumbnailUrl\":\"https:\\\/\\\/i0.wp.com\\\/infos-droitshumains.net\\\/wp-content\\\/uploads\\\/2025\\\/12\\\/20251112_002828.jpg?fit=1080%2C720&ssl=1\",\"datePublished\":\"2025-12-01T13:49:59+00:00\",\"dateModified\":\"2025-12-01T16:22:46+00:00\",\"breadcrumb\":{\"@id\":\"https:\\\/\\\/infos-droitshumains.net\\\/?p=17107#breadcrumb\"},\"inLanguage\":\"fr-FR\",\"potentialAction\":[{\"@type\":\"ReadAction\",\"target\":[\"https:\\\/\\\/infos-droitshumains.net\\\/?p=17107\"]}]},{\"@type\":\"ImageObject\",\"inLanguage\":\"fr-FR\",\"@id\":\"https:\\\/\\\/infos-droitshumains.net\\\/?p=17107#primaryimage\",\"url\":\"https:\\\/\\\/i0.wp.com\\\/infos-droitshumains.net\\\/wp-content\\\/uploads\\\/2025\\\/12\\\/20251112_002828.jpg?fit=1080%2C720&ssl=1\",\"contentUrl\":\"https:\\\/\\\/i0.wp.com\\\/infos-droitshumains.net\\\/wp-content\\\/uploads\\\/2025\\\/12\\\/20251112_002828.jpg?fit=1080%2C720&ssl=1\",\"width\":1080,\"height\":720},{\"@type\":\"BreadcrumbList\",\"@id\":\"https:\\\/\\\/infos-droitshumains.net\\\/?p=17107#breadcrumb\",\"itemListElement\":[{\"@type\":\"ListItem\",\"position\":1,\"name\":\"Accueil\",\"item\":\"https:\\\/\\\/infos-droitshumains.net\\\/\"},{\"@type\":\"ListItem\",\"position\":2,\"name\":\"Saisie des dividendes de l\u2019ONATRA par Pel\u00e9 Mongo\u00a0: Le motif ayant justifi\u00e9 la d\u00e9cision attaqu\u00e9e par l\u2019ONATRA devant la Cour d\u2019appel du Kongo Central mis \u00e0 d\u00e9couvert\"}]},{\"@type\":\"WebSite\",\"@id\":\"https:\\\/\\\/infos-droitshumains.net\\\/#website\",\"url\":\"https:\\\/\\\/infos-droitshumains.net\\\/\",\"name\":\"Infos Droits Humains\",\"description\":\"S&#039;informer est un droit\",\"publisher\":{\"@id\":\"https:\\\/\\\/infos-droitshumains.net\\\/#organization\"},\"potentialAction\":[{\"@type\":\"SearchAction\",\"target\":{\"@type\":\"EntryPoint\",\"urlTemplate\":\"https:\\\/\\\/infos-droitshumains.net\\\/?s={search_term_string}\"},\"query-input\":{\"@type\":\"PropertyValueSpecification\",\"valueRequired\":true,\"valueName\":\"search_term_string\"}}],\"inLanguage\":\"fr-FR\"},{\"@type\":\"Organization\",\"@id\":\"https:\\\/\\\/infos-droitshumains.net\\\/#organization\",\"name\":\"Infos Droits Humains\",\"url\":\"https:\\\/\\\/infos-droitshumains.net\\\/\",\"logo\":{\"@type\":\"ImageObject\",\"inLanguage\":\"fr-FR\",\"@id\":\"https:\\\/\\\/infos-droitshumains.net\\\/#\\\/schema\\\/logo\\\/image\\\/\",\"url\":\"https:\\\/\\\/i0.wp.com\\\/infos-droitshumains.net\\\/wp-content\\\/uploads\\\/2022\\\/05\\\/Logo.png?fit=333%2C129&ssl=1\",\"contentUrl\":\"https:\\\/\\\/i0.wp.com\\\/infos-droitshumains.net\\\/wp-content\\\/uploads\\\/2022\\\/05\\\/Logo.png?fit=333%2C129&ssl=1\",\"width\":333,\"height\":129,\"caption\":\"Infos Droits Humains\"},\"image\":{\"@id\":\"https:\\\/\\\/infos-droitshumains.net\\\/#\\\/schema\\\/logo\\\/image\\\/\"}},{\"@type\":\"Person\",\"@id\":\"https:\\\/\\\/infos-droitshumains.net\\\/#\\\/schema\\\/person\\\/db4428dbf83d2d51ecdb0cc0aed0c47f\",\"name\":\"Super\",\"image\":{\"@type\":\"ImageObject\",\"inLanguage\":\"fr-FR\",\"@id\":\"https:\\\/\\\/secure.gravatar.com\\\/avatar\\\/a177815e4b161b0d81413b73815c697bc0e3e6e6fe4a06e3147af3c9aa47fd3b?s=96&d=mm&r=g\",\"url\":\"https:\\\/\\\/secure.gravatar.com\\\/avatar\\\/a177815e4b161b0d81413b73815c697bc0e3e6e6fe4a06e3147af3c9aa47fd3b?s=96&d=mm&r=g\",\"contentUrl\":\"https:\\\/\\\/secure.gravatar.com\\\/avatar\\\/a177815e4b161b0d81413b73815c697bc0e3e6e6fe4a06e3147af3c9aa47fd3b?s=96&d=mm&r=g\",\"caption\":\"Super\"},\"url\":\"https:\\\/\\\/infos-droitshumains.net\\\/?author=3\"}]}<\/script>\n<!-- \/ Yoast SEO plugin. -->","yoast_head_json":{"title":"Saisie des dividendes de l\u2019ONATRA par Pel\u00e9 Mongo\u00a0: Le motif ayant justifi\u00e9 la d\u00e9cision attaqu\u00e9e par l\u2019ONATRA devant la Cour d\u2019appel du Kongo Central mis \u00e0 d\u00e9couvert - Infos Droits Humains","robots":{"index":"index","follow":"follow","max-snippet":"max-snippet:-1","max-image-preview":"max-image-preview:large","max-video-preview":"max-video-preview:-1"},"canonical":"https:\/\/infos-droitshumains.net\/?p=17107","og_locale":"fr_FR","og_type":"article","og_title":"Saisie des dividendes de l\u2019ONATRA par Pel\u00e9 Mongo\u00a0: Le motif ayant justifi\u00e9 la d\u00e9cision attaqu\u00e9e par l\u2019ONATRA devant la Cour d\u2019appel du Kongo Central mis \u00e0 d\u00e9couvert - Infos Droits Humains","og_description":"R\u00e9daction: +243 817 406 088 Dans l\u2019attente de l\u2019audience pr\u00e9vue ce mercredi 3 d\u00e9cembre 2025...","og_url":"https:\/\/infos-droitshumains.net\/?p=17107","og_site_name":"Infos Droits Humains","article_published_time":"2025-12-01T13:49:59+00:00","article_modified_time":"2025-12-01T16:22:46+00:00","og_image":[{"width":1080,"height":720,"url":"https:\/\/infos-droitshumains.net\/wp-content\/uploads\/2025\/12\/20251112_002828.jpg","type":"image\/jpeg"}],"author":"Super","twitter_card":"summary_large_image","twitter_misc":{"\u00c9crit par":"Super","Dur\u00e9e de lecture estim\u00e9e":"4 minutes"},"schema":{"@context":"https:\/\/schema.org","@graph":[{"@type":"Article","@id":"https:\/\/infos-droitshumains.net\/?p=17107#article","isPartOf":{"@id":"https:\/\/infos-droitshumains.net\/?p=17107"},"author":{"name":"Super","@id":"https:\/\/infos-droitshumains.net\/#\/schema\/person\/db4428dbf83d2d51ecdb0cc0aed0c47f"},"headline":"Saisie des dividendes de l\u2019ONATRA par Pel\u00e9 Mongo\u00a0: Le motif ayant justifi\u00e9 la d\u00e9cision attaqu\u00e9e par l\u2019ONATRA devant la Cour d\u2019appel du Kongo Central mis \u00e0 d\u00e9couvert","datePublished":"2025-12-01T13:49:59+00:00","dateModified":"2025-12-01T16:22:46+00:00","mainEntityOfPage":{"@id":"https:\/\/infos-droitshumains.net\/?p=17107"},"wordCount":466,"commentCount":0,"publisher":{"@id":"https:\/\/infos-droitshumains.net\/#organization"},"image":{"@id":"https:\/\/infos-droitshumains.net\/?p=17107#primaryimage"},"thumbnailUrl":"https:\/\/i0.wp.com\/infos-droitshumains.net\/wp-content\/uploads\/2025\/12\/20251112_002828.jpg?fit=1080%2C720&ssl=1","articleSection":["Justice"],"inLanguage":"fr-FR","potentialAction":[{"@type":"CommentAction","name":"Comment","target":["https:\/\/infos-droitshumains.net\/?p=17107#respond"]}]},{"@type":"WebPage","@id":"https:\/\/infos-droitshumains.net\/?p=17107","url":"https:\/\/infos-droitshumains.net\/?p=17107","name":"Saisie des dividendes de l\u2019ONATRA par Pel\u00e9 Mongo\u00a0: Le motif ayant justifi\u00e9 la d\u00e9cision attaqu\u00e9e par l\u2019ONATRA devant la Cour d\u2019appel du Kongo Central mis \u00e0 d\u00e9couvert - Infos Droits Humains","isPartOf":{"@id":"https:\/\/infos-droitshumains.net\/#website"},"primaryImageOfPage":{"@id":"https:\/\/infos-droitshumains.net\/?p=17107#primaryimage"},"image":{"@id":"https:\/\/infos-droitshumains.net\/?p=17107#primaryimage"},"thumbnailUrl":"https:\/\/i0.wp.com\/infos-droitshumains.net\/wp-content\/uploads\/2025\/12\/20251112_002828.jpg?fit=1080%2C720&ssl=1","datePublished":"2025-12-01T13:49:59+00:00","dateModified":"2025-12-01T16:22:46+00:00","breadcrumb":{"@id":"https:\/\/infos-droitshumains.net\/?p=17107#breadcrumb"},"inLanguage":"fr-FR","potentialAction":[{"@type":"ReadAction","target":["https:\/\/infos-droitshumains.net\/?p=17107"]}]},{"@type":"ImageObject","inLanguage":"fr-FR","@id":"https:\/\/infos-droitshumains.net\/?p=17107#primaryimage","url":"https:\/\/i0.wp.com\/infos-droitshumains.net\/wp-content\/uploads\/2025\/12\/20251112_002828.jpg?fit=1080%2C720&ssl=1","contentUrl":"https:\/\/i0.wp.com\/infos-droitshumains.net\/wp-content\/uploads\/2025\/12\/20251112_002828.jpg?fit=1080%2C720&ssl=1","width":1080,"height":720},{"@type":"BreadcrumbList","@id":"https:\/\/infos-droitshumains.net\/?p=17107#breadcrumb","itemListElement":[{"@type":"ListItem","position":1,"name":"Accueil","item":"https:\/\/infos-droitshumains.net\/"},{"@type":"ListItem","position":2,"name":"Saisie des dividendes de l\u2019ONATRA par Pel\u00e9 Mongo\u00a0: Le motif ayant justifi\u00e9 la d\u00e9cision attaqu\u00e9e par l\u2019ONATRA devant la Cour d\u2019appel du Kongo Central mis \u00e0 d\u00e9couvert"}]},{"@type":"WebSite","@id":"https:\/\/infos-droitshumains.net\/#website","url":"https:\/\/infos-droitshumains.net\/","name":"Infos Droits Humains","description":"S&#039;informer est un droit","publisher":{"@id":"https:\/\/infos-droitshumains.net\/#organization"},"potentialAction":[{"@type":"SearchAction","target":{"@type":"EntryPoint","urlTemplate":"https:\/\/infos-droitshumains.net\/?s={search_term_string}"},"query-input":{"@type":"PropertyValueSpecification","valueRequired":true,"valueName":"search_term_string"}}],"inLanguage":"fr-FR"},{"@type":"Organization","@id":"https:\/\/infos-droitshumains.net\/#organization","name":"Infos Droits Humains","url":"https:\/\/infos-droitshumains.net\/","logo":{"@type":"ImageObject","inLanguage":"fr-FR","@id":"https:\/\/infos-droitshumains.net\/#\/schema\/logo\/image\/","url":"https:\/\/i0.wp.com\/infos-droitshumains.net\/wp-content\/uploads\/2022\/05\/Logo.png?fit=333%2C129&ssl=1","contentUrl":"https:\/\/i0.wp.com\/infos-droitshumains.net\/wp-content\/uploads\/2022\/05\/Logo.png?fit=333%2C129&ssl=1","width":333,"height":129,"caption":"Infos Droits Humains"},"image":{"@id":"https:\/\/infos-droitshumains.net\/#\/schema\/logo\/image\/"}},{"@type":"Person","@id":"https:\/\/infos-droitshumains.net\/#\/schema\/person\/db4428dbf83d2d51ecdb0cc0aed0c47f","name":"Super","image":{"@type":"ImageObject","inLanguage":"fr-FR","@id":"https:\/\/secure.gravatar.com\/avatar\/a177815e4b161b0d81413b73815c697bc0e3e6e6fe4a06e3147af3c9aa47fd3b?s=96&d=mm&r=g","url":"https:\/\/secure.gravatar.com\/avatar\/a177815e4b161b0d81413b73815c697bc0e3e6e6fe4a06e3147af3c9aa47fd3b?s=96&d=mm&r=g","contentUrl":"https:\/\/secure.gravatar.com\/avatar\/a177815e4b161b0d81413b73815c697bc0e3e6e6fe4a06e3147af3c9aa47fd3b?s=96&d=mm&r=g","caption":"Super"},"url":"https:\/\/infos-droitshumains.net\/?author=3"}]}},"featured_image_urls":{"full":["https:\/\/i0.wp.com\/infos-droitshumains.net\/wp-content\/uploads\/2025\/12\/20251112_002828.jpg?fit=1080%2C720&ssl=1",1080,720,false],"thumbnail":["https:\/\/i0.wp.com\/infos-droitshumains.net\/wp-content\/uploads\/2025\/12\/20251112_002828.jpg?resize=150%2C150&ssl=1",150,150,true],"medium":["https:\/\/i0.wp.com\/infos-droitshumains.net\/wp-content\/uploads\/2025\/12\/20251112_002828.jpg?fit=300%2C200&ssl=1",300,200,true],"medium_large":["https:\/\/i0.wp.com\/infos-droitshumains.net\/wp-content\/uploads\/2025\/12\/20251112_002828.jpg?fit=640%2C427&ssl=1",640,427,true],"large":["https:\/\/i0.wp.com\/infos-droitshumains.net\/wp-content\/uploads\/2025\/12\/20251112_002828.jpg?fit=640%2C427&ssl=1",640,427,true],"1536x1536":["https:\/\/i0.wp.com\/infos-droitshumains.net\/wp-content\/uploads\/2025\/12\/20251112_002828.jpg?fit=1080%2C720&ssl=1",1080,720,true],"2048x2048":["https:\/\/i0.wp.com\/infos-droitshumains.net\/wp-content\/uploads\/2025\/12\/20251112_002828.jpg?fit=1080%2C720&ssl=1",1080,720,true],"covernews-slider-full":["https:\/\/i0.wp.com\/infos-droitshumains.net\/wp-content\/uploads\/2025\/12\/20251112_002828.jpg?resize=1080%2C715&ssl=1",1080,715,true],"covernews-slider-center":["https:\/\/i0.wp.com\/infos-droitshumains.net\/wp-content\/uploads\/2025\/12\/20251112_002828.jpg?resize=800%2C500&ssl=1",800,500,true],"covernews-featured":["https:\/\/i0.wp.com\/infos-droitshumains.net\/wp-content\/uploads\/2025\/12\/20251112_002828.jpg?fit=1024%2C683&ssl=1",1024,683,true],"covernews-medium":["https:\/\/i0.wp.com\/infos-droitshumains.net\/wp-content\/uploads\/2025\/12\/20251112_002828.jpg?resize=540%2C340&ssl=1",540,340,true],"covernews-medium-square":["https:\/\/i0.wp.com\/infos-droitshumains.net\/wp-content\/uploads\/2025\/12\/20251112_002828.jpg?resize=400%2C250&ssl=1",400,250,true]},"author_info":{"display_name":"Super","author_link":"https:\/\/infos-droitshumains.net\/?author=3"},"category_info":"<a href=\"https:\/\/infos-droitshumains.net\/?cat=6\" rel=\"category\">Justice<\/a>","tag_info":"Justice","comment_count":"0","jetpack_featured_media_url":"https:\/\/i0.wp.com\/infos-droitshumains.net\/wp-content\/uploads\/2025\/12\/20251112_002828.jpg?fit=1080%2C720&ssl=1","jetpack-related-posts":[],"jetpack_sharing_enabled":true,"_links":{"self":[{"href":"https:\/\/infos-droitshumains.net\/index.php?rest_route=\/wp\/v2\/posts\/17107","targetHints":{"allow":["GET"]}}],"collection":[{"href":"https:\/\/infos-droitshumains.net\/index.php?rest_route=\/wp\/v2\/posts"}],"about":[{"href":"https:\/\/infos-droitshumains.net\/index.php?rest_route=\/wp\/v2\/types\/post"}],"author":[{"embeddable":true,"href":"https:\/\/infos-droitshumains.net\/index.php?rest_route=\/wp\/v2\/users\/3"}],"replies":[{"embeddable":true,"href":"https:\/\/infos-droitshumains.net\/index.php?rest_route=%2Fwp%2Fv2%2Fcomments&post=17107"}],"version-history":[{"count":18,"href":"https:\/\/infos-droitshumains.net\/index.php?rest_route=\/wp\/v2\/posts\/17107\/revisions"}],"predecessor-version":[{"id":17143,"href":"https:\/\/infos-droitshumains.net\/index.php?rest_route=\/wp\/v2\/posts\/17107\/revisions\/17143"}],"wp:featuredmedia":[{"embeddable":true,"href":"https:\/\/infos-droitshumains.net\/index.php?rest_route=\/wp\/v2\/media\/17113"}],"wp:attachment":[{"href":"https:\/\/infos-droitshumains.net\/index.php?rest_route=%2Fwp%2Fv2%2Fmedia&parent=17107"}],"wp:term":[{"taxonomy":"category","embeddable":true,"href":"https:\/\/infos-droitshumains.net\/index.php?rest_route=%2Fwp%2Fv2%2Fcategories&post=17107"},{"taxonomy":"post_tag","embeddable":true,"href":"https:\/\/infos-droitshumains.net\/index.php?rest_route=%2Fwp%2Fv2%2Ftags&post=17107"}],"curies":[{"name":"wp","href":"https:\/\/api.w.org\/{rel}","templated":true}]}}