{"id":17091,"date":"2025-12-02T08:30:00","date_gmt":"2025-12-02T07:30:00","guid":{"rendered":"https:\/\/infos-droitshumains.net\/?p=17091"},"modified":"2025-12-01T14:24:46","modified_gmt":"2025-12-01T13:24:46","slug":"prix-floribert-chebeya-2025-le-journal-televise-des-droits-humains-nomine-dans-la-categorie-liberte-dexpression-et-vigilance-citoyenne-pour-la-justice","status":"publish","type":"post","link":"https:\/\/infos-droitshumains.net\/?p=17091","title":{"rendered":"Prix Floribert Chebeya 2025 : Le Journal T\u00e9l\u00e9vis\u00e9 des Droits Humains nomin\u00e9 dans la cat\u00e9gorie \u201cLibert\u00e9 d\u2019expression et vigilance citoyenne pour la justice\u201d"},"content":{"rendered":"\n<p><strong>R\u00e9daction: +243 817 406 088<\/strong><\/p>\n\n\n\n<h3 class=\"wp-block-heading has-vivid-red-color has-text-color has-link-color wp-elements-079f355a063c4b0f3f08a26df1590976\">La premi\u00e8re \u00e9dition du Prix Floribert Chebeya se tiendra le 11 d\u00e9cembre 2025 \u00e0 Kinshasa. Port\u00e9e par Congo Facilit\u00e9s Agence, cette initiative vise \u00e0 honorer les voix que l\u2019on a voulu r\u00e9duire au silence, \u00e0 renforcer les engagements citoyens et institutionnels, et \u00e0 faire du respect des droits humains une <strong>culture partag\u00e9e<\/strong>, et non plus une exception courageuse. Elle ambitionne \u00e9galement de transmettre aux g\u00e9n\u00e9rations futures l\u2019h\u00e9ritage moral, \u00e9thique et citoyen laiss\u00e9 par Floribert Chebeya, figure embl\u00e9matique de la d\u00e9fense des droits humains en RDC.<\/h3>\n\n\n\n<p>Parmi les nomin\u00e9s figure le Journal T\u00e9l\u00e9vis\u00e9 des Droits Humains (JTDH), s\u00e9lectionn\u00e9 dans la prestigieuse cat\u00e9gorie<em><strong> \u201cLibert\u00e9 d\u2019expression et vigilance citoyenne pour la justice\u201d<\/strong><\/em>. Selon les organisateurs, cette nomination consacre <em>\u00ab l\u2019engagement constant \u00bb<\/em> de ce m\u00e9dia dans la documentation des proc\u00e8s sensibles, la mise en lumi\u00e8re des violations des droits humains, et la promotion d\u2019une justice transparente, ind\u00e9pendante et accessible pour tous.<\/p>\n\n\n\n<p>Congo Facilit\u00e9s Agence souligne que, par ses reportages rigoureux, ses enqu\u00eates approfondies, et sa pr\u00e9sence num\u00e9rique dynamique, le JTDH joue un r\u00f4le essentiel en \u00e9veillant les consciences, en mobilisant les citoyens, et en pr\u00e9servant la m\u00e9moire des luttes pour la dignit\u00e9 humaine. Le m\u00e9dia contribue ainsi \u00e0 consolider un espace public o\u00f9 la v\u00e9rit\u00e9 peut circuler et o\u00f9 les injustices peuvent \u00eatre d\u00e9nonc\u00e9es avec professionnalisme.<\/p>\n\n\n\n<p>D\u00e9di\u00e9 \u00e0 la m\u00e9moire de Floribert Chebeya, le prix qui porte son nom rend hommage aux individus et aux organisations dont le courage, la pers\u00e9v\u00e9rance et la rigueur contribuent \u00e0 d\u00e9fendre la v\u00e9rit\u00e9 dans les institutions, les communaut\u00e9s et les consciences. Il s\u2019agit d\u2019une distinction qui valorise des actions concr\u00e8tes en faveur de la justice, de la transparence, de la r\u00e9sistance pacifique et du droit \u00e0 la parole.<\/p>\n\n\n\n<p>Le Journal T\u00e9l\u00e9vis\u00e9 des Droits Humains, \u00e9dit\u00e9 par l\u2019agence 2H00 Congo, s\u2019est impos\u00e9 comme l\u2019un des rares m\u00e9dias congolais sp\u00e9cialis\u00e9s dans les questions de justice et de droits humains. Fid\u00e8le \u00e0 sa ligne \u00e9ditoriale, il se distingue par des analyses document\u00e9es, des reportages de terrain, et des enqu\u00eates minutieuses qui donnent acc\u00e8s \u00e0 une information claire, structur\u00e9e et citoyenne. \u00c0 travers ses contenus, le JTDH aspire \u00e0 rapprocher les citoyens du fonctionnement du syst\u00e8me judiciaire, \u00e0 promouvoir la bonne administration de la justice, et \u00e0 encourager une culture de redevabilit\u00e9 dans les institutions.<\/p>\n\n\n\n<p>Cette nomination constitue ainsi une reconnaissance de la pertinence, de l\u2019utilit\u00e9 sociale et de l\u2019impact du JTDH dans un contexte o\u00f9 la d\u00e9fense des droits humains demeure un enjeu crucial pour la d\u00e9mocratie congolaise.<\/p>\n\n\n\n<p>Jo\u00ebl Diawa<\/p>\n\n\n\n<p><\/p>\n","protected":false},"excerpt":{"rendered":"<p>R\u00e9daction: +243 817 406 088 La premi\u00e8re \u00e9dition du Prix Floribert Chebeya se tiendra le&#8230;<\/p>\n","protected":false},"author":2,"featured_media":17104,"comment_status":"open","ping_status":"open","sticky":false,"template":"","format":"standard","meta":{"_jetpack_memberships_contains_paid_content":false,"footnotes":""},"categories":[8],"tags":[],"class_list":["post-17091","post","type-post","status-publish","format-standard","has-post-thumbnail","hentry","category-societe"],"yoast_head":"<!-- This site is optimized with the Yoast SEO plugin v27.5 - https:\/\/yoast.com\/product\/yoast-seo-wordpress\/ -->\n<title>Prix Floribert Chebeya 2025 : Le Journal T\u00e9l\u00e9vis\u00e9 des Droits Humains nomin\u00e9 dans la cat\u00e9gorie \u201cLibert\u00e9 d\u2019expression et vigilance citoyenne pour la justice\u201d - Infos Droits Humains<\/title>\n<meta name=\"robots\" content=\"index, follow, max-snippet:-1, max-image-preview:large, max-video-preview:-1\" \/>\n<link rel=\"canonical\" href=\"https:\/\/infos-droitshumains.net\/?p=17091\" \/>\n<meta property=\"og:locale\" content=\"fr_FR\" \/>\n<meta property=\"og:type\" content=\"article\" \/>\n<meta property=\"og:title\" content=\"Prix Floribert Chebeya 2025 : Le Journal T\u00e9l\u00e9vis\u00e9 des Droits Humains nomin\u00e9 dans la cat\u00e9gorie \u201cLibert\u00e9 d\u2019expression et vigilance citoyenne pour la justice\u201d - Infos Droits Humains\" \/>\n<meta property=\"og:description\" content=\"R\u00e9daction: +243 817 406 088 La premi\u00e8re \u00e9dition du Prix Floribert Chebeya se tiendra le...\" \/>\n<meta property=\"og:url\" content=\"https:\/\/infos-droitshumains.net\/?p=17091\" \/>\n<meta property=\"og:site_name\" content=\"Infos Droits Humains\" \/>\n<meta property=\"article:published_time\" content=\"2025-12-02T07:30:00+00:00\" \/>\n<meta property=\"og:image\" content=\"https:\/\/i0.wp.com\/infos-droitshumains.net\/wp-content\/uploads\/2025\/11\/IMG-20240820-WA0090.jpg?fit=553%2C554&ssl=1\" \/>\n\t<meta property=\"og:image:width\" content=\"553\" \/>\n\t<meta property=\"og:image:height\" content=\"554\" \/>\n\t<meta property=\"og:image:type\" content=\"image\/jpeg\" \/>\n<meta name=\"author\" content=\"Jo\u00ebl Diawa\" \/>\n<meta name=\"twitter:card\" content=\"summary_large_image\" \/>\n<meta name=\"twitter:label1\" content=\"\u00c9crit par\" \/>\n\t<meta name=\"twitter:data1\" content=\"Jo\u00ebl Diawa\" \/>\n\t<meta name=\"twitter:label2\" content=\"Dur\u00e9e de lecture estim\u00e9e\" \/>\n\t<meta name=\"twitter:data2\" content=\"3 minutes\" \/>\n<script type=\"application\/ld+json\" class=\"yoast-schema-graph\">{\"@context\":\"https:\\\/\\\/schema.org\",\"@graph\":[{\"@type\":\"Article\",\"@id\":\"https:\\\/\\\/infos-droitshumains.net\\\/?p=17091#article\",\"isPartOf\":{\"@id\":\"https:\\\/\\\/infos-droitshumains.net\\\/?p=17091\"},\"author\":{\"name\":\"Jo\u00ebl Diawa\",\"@id\":\"https:\\\/\\\/infos-droitshumains.net\\\/#\\\/schema\\\/person\\\/3dc5e921c3302172e0ed4362f96faab7\"},\"headline\":\"Prix Floribert Chebeya 2025 : Le Journal T\u00e9l\u00e9vis\u00e9 des Droits Humains nomin\u00e9 dans la cat\u00e9gorie \u201cLibert\u00e9 d\u2019expression et vigilance citoyenne pour la justice\u201d\",\"datePublished\":\"2025-12-02T07:30:00+00:00\",\"mainEntityOfPage\":{\"@id\":\"https:\\\/\\\/infos-droitshumains.net\\\/?p=17091\"},\"wordCount\":485,\"commentCount\":0,\"publisher\":{\"@id\":\"https:\\\/\\\/infos-droitshumains.net\\\/#organization\"},\"image\":{\"@id\":\"https:\\\/\\\/infos-droitshumains.net\\\/?p=17091#primaryimage\"},\"thumbnailUrl\":\"https:\\\/\\\/i0.wp.com\\\/infos-droitshumains.net\\\/wp-content\\\/uploads\\\/2025\\\/11\\\/IMG-20240820-WA0090.jpg?fit=553%2C554&ssl=1\",\"articleSection\":[\"Soci\u00e9t\u00e9\"],\"inLanguage\":\"fr-FR\",\"potentialAction\":[{\"@type\":\"CommentAction\",\"name\":\"Comment\",\"target\":[\"https:\\\/\\\/infos-droitshumains.net\\\/?p=17091#respond\"]}]},{\"@type\":\"WebPage\",\"@id\":\"https:\\\/\\\/infos-droitshumains.net\\\/?p=17091\",\"url\":\"https:\\\/\\\/infos-droitshumains.net\\\/?p=17091\",\"name\":\"Prix Floribert Chebeya 2025 : Le Journal T\u00e9l\u00e9vis\u00e9 des Droits Humains nomin\u00e9 dans la cat\u00e9gorie \u201cLibert\u00e9 d\u2019expression et vigilance citoyenne pour la justice\u201d - Infos Droits Humains\",\"isPartOf\":{\"@id\":\"https:\\\/\\\/infos-droitshumains.net\\\/#website\"},\"primaryImageOfPage\":{\"@id\":\"https:\\\/\\\/infos-droitshumains.net\\\/?p=17091#primaryimage\"},\"image\":{\"@id\":\"https:\\\/\\\/infos-droitshumains.net\\\/?p=17091#primaryimage\"},\"thumbnailUrl\":\"https:\\\/\\\/i0.wp.com\\\/infos-droitshumains.net\\\/wp-content\\\/uploads\\\/2025\\\/11\\\/IMG-20240820-WA0090.jpg?fit=553%2C554&ssl=1\",\"datePublished\":\"2025-12-02T07:30:00+00:00\",\"breadcrumb\":{\"@id\":\"https:\\\/\\\/infos-droitshumains.net\\\/?p=17091#breadcrumb\"},\"inLanguage\":\"fr-FR\",\"potentialAction\":[{\"@type\":\"ReadAction\",\"target\":[\"https:\\\/\\\/infos-droitshumains.net\\\/?p=17091\"]}]},{\"@type\":\"ImageObject\",\"inLanguage\":\"fr-FR\",\"@id\":\"https:\\\/\\\/infos-droitshumains.net\\\/?p=17091#primaryimage\",\"url\":\"https:\\\/\\\/i0.wp.com\\\/infos-droitshumains.net\\\/wp-content\\\/uploads\\\/2025\\\/11\\\/IMG-20240820-WA0090.jpg?fit=553%2C554&ssl=1\",\"contentUrl\":\"https:\\\/\\\/i0.wp.com\\\/infos-droitshumains.net\\\/wp-content\\\/uploads\\\/2025\\\/11\\\/IMG-20240820-WA0090.jpg?fit=553%2C554&ssl=1\",\"width\":553,\"height\":554},{\"@type\":\"BreadcrumbList\",\"@id\":\"https:\\\/\\\/infos-droitshumains.net\\\/?p=17091#breadcrumb\",\"itemListElement\":[{\"@type\":\"ListItem\",\"position\":1,\"name\":\"Accueil\",\"item\":\"https:\\\/\\\/infos-droitshumains.net\\\/\"},{\"@type\":\"ListItem\",\"position\":2,\"name\":\"Prix Floribert Chebeya 2025 : Le Journal T\u00e9l\u00e9vis\u00e9 des Droits Humains nomin\u00e9 dans la cat\u00e9gorie \u201cLibert\u00e9 d\u2019expression et vigilance citoyenne pour la justice\u201d\"}]},{\"@type\":\"WebSite\",\"@id\":\"https:\\\/\\\/infos-droitshumains.net\\\/#website\",\"url\":\"https:\\\/\\\/infos-droitshumains.net\\\/\",\"name\":\"Infos Droits Humains\",\"description\":\"S&#039;informer est un droit\",\"publisher\":{\"@id\":\"https:\\\/\\\/infos-droitshumains.net\\\/#organization\"},\"potentialAction\":[{\"@type\":\"SearchAction\",\"target\":{\"@type\":\"EntryPoint\",\"urlTemplate\":\"https:\\\/\\\/infos-droitshumains.net\\\/?s={search_term_string}\"},\"query-input\":{\"@type\":\"PropertyValueSpecification\",\"valueRequired\":true,\"valueName\":\"search_term_string\"}}],\"inLanguage\":\"fr-FR\"},{\"@type\":\"Organization\",\"@id\":\"https:\\\/\\\/infos-droitshumains.net\\\/#organization\",\"name\":\"Infos Droits Humains\",\"url\":\"https:\\\/\\\/infos-droitshumains.net\\\/\",\"logo\":{\"@type\":\"ImageObject\",\"inLanguage\":\"fr-FR\",\"@id\":\"https:\\\/\\\/infos-droitshumains.net\\\/#\\\/schema\\\/logo\\\/image\\\/\",\"url\":\"https:\\\/\\\/i0.wp.com\\\/infos-droitshumains.net\\\/wp-content\\\/uploads\\\/2022\\\/05\\\/Logo.png?fit=333%2C129&ssl=1\",\"contentUrl\":\"https:\\\/\\\/i0.wp.com\\\/infos-droitshumains.net\\\/wp-content\\\/uploads\\\/2022\\\/05\\\/Logo.png?fit=333%2C129&ssl=1\",\"width\":333,\"height\":129,\"caption\":\"Infos Droits Humains\"},\"image\":{\"@id\":\"https:\\\/\\\/infos-droitshumains.net\\\/#\\\/schema\\\/logo\\\/image\\\/\"}},{\"@type\":\"Person\",\"@id\":\"https:\\\/\\\/infos-droitshumains.net\\\/#\\\/schema\\\/person\\\/3dc5e921c3302172e0ed4362f96faab7\",\"name\":\"Jo\u00ebl Diawa\",\"image\":{\"@type\":\"ImageObject\",\"inLanguage\":\"fr-FR\",\"@id\":\"https:\\\/\\\/secure.gravatar.com\\\/avatar\\\/729bea6ff4604c624417803c477363be8e3c7186deaa65713313f9b4b820f41c?s=96&d=mm&r=g\",\"url\":\"https:\\\/\\\/secure.gravatar.com\\\/avatar\\\/729bea6ff4604c624417803c477363be8e3c7186deaa65713313f9b4b820f41c?s=96&d=mm&r=g\",\"contentUrl\":\"https:\\\/\\\/secure.gravatar.com\\\/avatar\\\/729bea6ff4604c624417803c477363be8e3c7186deaa65713313f9b4b820f41c?s=96&d=mm&r=g\",\"caption\":\"Jo\u00ebl Diawa\"},\"sameAs\":[\"https:\\\/\\\/www.infos-droitshumains.net\"],\"url\":\"https:\\\/\\\/infos-droitshumains.net\\\/?author=2\"}]}<\/script>\n<!-- \/ Yoast SEO plugin. -->","yoast_head_json":{"title":"Prix Floribert Chebeya 2025 : Le Journal T\u00e9l\u00e9vis\u00e9 des Droits Humains nomin\u00e9 dans la cat\u00e9gorie \u201cLibert\u00e9 d\u2019expression et vigilance citoyenne pour la justice\u201d - Infos Droits Humains","robots":{"index":"index","follow":"follow","max-snippet":"max-snippet:-1","max-image-preview":"max-image-preview:large","max-video-preview":"max-video-preview:-1"},"canonical":"https:\/\/infos-droitshumains.net\/?p=17091","og_locale":"fr_FR","og_type":"article","og_title":"Prix Floribert Chebeya 2025 : Le Journal T\u00e9l\u00e9vis\u00e9 des Droits Humains nomin\u00e9 dans la cat\u00e9gorie \u201cLibert\u00e9 d\u2019expression et vigilance citoyenne pour la justice\u201d - Infos Droits Humains","og_description":"R\u00e9daction: +243 817 406 088 La premi\u00e8re \u00e9dition du Prix Floribert Chebeya se tiendra le...","og_url":"https:\/\/infos-droitshumains.net\/?p=17091","og_site_name":"Infos Droits Humains","article_published_time":"2025-12-02T07:30:00+00:00","og_image":[{"width":553,"height":554,"url":"https:\/\/i0.wp.com\/infos-droitshumains.net\/wp-content\/uploads\/2025\/11\/IMG-20240820-WA0090.jpg?fit=553%2C554&ssl=1","type":"image\/jpeg"}],"author":"Jo\u00ebl Diawa","twitter_card":"summary_large_image","twitter_misc":{"\u00c9crit par":"Jo\u00ebl Diawa","Dur\u00e9e de lecture estim\u00e9e":"3 minutes"},"schema":{"@context":"https:\/\/schema.org","@graph":[{"@type":"Article","@id":"https:\/\/infos-droitshumains.net\/?p=17091#article","isPartOf":{"@id":"https:\/\/infos-droitshumains.net\/?p=17091"},"author":{"name":"Jo\u00ebl Diawa","@id":"https:\/\/infos-droitshumains.net\/#\/schema\/person\/3dc5e921c3302172e0ed4362f96faab7"},"headline":"Prix Floribert Chebeya 2025 : Le Journal T\u00e9l\u00e9vis\u00e9 des Droits Humains nomin\u00e9 dans la cat\u00e9gorie \u201cLibert\u00e9 d\u2019expression et vigilance citoyenne pour la justice\u201d","datePublished":"2025-12-02T07:30:00+00:00","mainEntityOfPage":{"@id":"https:\/\/infos-droitshumains.net\/?p=17091"},"wordCount":485,"commentCount":0,"publisher":{"@id":"https:\/\/infos-droitshumains.net\/#organization"},"image":{"@id":"https:\/\/infos-droitshumains.net\/?p=17091#primaryimage"},"thumbnailUrl":"https:\/\/i0.wp.com\/infos-droitshumains.net\/wp-content\/uploads\/2025\/11\/IMG-20240820-WA0090.jpg?fit=553%2C554&ssl=1","articleSection":["Soci\u00e9t\u00e9"],"inLanguage":"fr-FR","potentialAction":[{"@type":"CommentAction","name":"Comment","target":["https:\/\/infos-droitshumains.net\/?p=17091#respond"]}]},{"@type":"WebPage","@id":"https:\/\/infos-droitshumains.net\/?p=17091","url":"https:\/\/infos-droitshumains.net\/?p=17091","name":"Prix Floribert Chebeya 2025 : Le Journal T\u00e9l\u00e9vis\u00e9 des Droits Humains nomin\u00e9 dans la cat\u00e9gorie \u201cLibert\u00e9 d\u2019expression et vigilance citoyenne pour la justice\u201d - Infos Droits Humains","isPartOf":{"@id":"https:\/\/infos-droitshumains.net\/#website"},"primaryImageOfPage":{"@id":"https:\/\/infos-droitshumains.net\/?p=17091#primaryimage"},"image":{"@id":"https:\/\/infos-droitshumains.net\/?p=17091#primaryimage"},"thumbnailUrl":"https:\/\/i0.wp.com\/infos-droitshumains.net\/wp-content\/uploads\/2025\/11\/IMG-20240820-WA0090.jpg?fit=553%2C554&ssl=1","datePublished":"2025-12-02T07:30:00+00:00","breadcrumb":{"@id":"https:\/\/infos-droitshumains.net\/?p=17091#breadcrumb"},"inLanguage":"fr-FR","potentialAction":[{"@type":"ReadAction","target":["https:\/\/infos-droitshumains.net\/?p=17091"]}]},{"@type":"ImageObject","inLanguage":"fr-FR","@id":"https:\/\/infos-droitshumains.net\/?p=17091#primaryimage","url":"https:\/\/i0.wp.com\/infos-droitshumains.net\/wp-content\/uploads\/2025\/11\/IMG-20240820-WA0090.jpg?fit=553%2C554&ssl=1","contentUrl":"https:\/\/i0.wp.com\/infos-droitshumains.net\/wp-content\/uploads\/2025\/11\/IMG-20240820-WA0090.jpg?fit=553%2C554&ssl=1","width":553,"height":554},{"@type":"BreadcrumbList","@id":"https:\/\/infos-droitshumains.net\/?p=17091#breadcrumb","itemListElement":[{"@type":"ListItem","position":1,"name":"Accueil","item":"https:\/\/infos-droitshumains.net\/"},{"@type":"ListItem","position":2,"name":"Prix Floribert Chebeya 2025 : Le Journal T\u00e9l\u00e9vis\u00e9 des Droits Humains nomin\u00e9 dans la cat\u00e9gorie \u201cLibert\u00e9 d\u2019expression et vigilance citoyenne pour la justice\u201d"}]},{"@type":"WebSite","@id":"https:\/\/infos-droitshumains.net\/#website","url":"https:\/\/infos-droitshumains.net\/","name":"Infos Droits Humains","description":"S&#039;informer est un droit","publisher":{"@id":"https:\/\/infos-droitshumains.net\/#organization"},"potentialAction":[{"@type":"SearchAction","target":{"@type":"EntryPoint","urlTemplate":"https:\/\/infos-droitshumains.net\/?s={search_term_string}"},"query-input":{"@type":"PropertyValueSpecification","valueRequired":true,"valueName":"search_term_string"}}],"inLanguage":"fr-FR"},{"@type":"Organization","@id":"https:\/\/infos-droitshumains.net\/#organization","name":"Infos Droits Humains","url":"https:\/\/infos-droitshumains.net\/","logo":{"@type":"ImageObject","inLanguage":"fr-FR","@id":"https:\/\/infos-droitshumains.net\/#\/schema\/logo\/image\/","url":"https:\/\/i0.wp.com\/infos-droitshumains.net\/wp-content\/uploads\/2022\/05\/Logo.png?fit=333%2C129&ssl=1","contentUrl":"https:\/\/i0.wp.com\/infos-droitshumains.net\/wp-content\/uploads\/2022\/05\/Logo.png?fit=333%2C129&ssl=1","width":333,"height":129,"caption":"Infos Droits Humains"},"image":{"@id":"https:\/\/infos-droitshumains.net\/#\/schema\/logo\/image\/"}},{"@type":"Person","@id":"https:\/\/infos-droitshumains.net\/#\/schema\/person\/3dc5e921c3302172e0ed4362f96faab7","name":"Jo\u00ebl Diawa","image":{"@type":"ImageObject","inLanguage":"fr-FR","@id":"https:\/\/secure.gravatar.com\/avatar\/729bea6ff4604c624417803c477363be8e3c7186deaa65713313f9b4b820f41c?s=96&d=mm&r=g","url":"https:\/\/secure.gravatar.com\/avatar\/729bea6ff4604c624417803c477363be8e3c7186deaa65713313f9b4b820f41c?s=96&d=mm&r=g","contentUrl":"https:\/\/secure.gravatar.com\/avatar\/729bea6ff4604c624417803c477363be8e3c7186deaa65713313f9b4b820f41c?s=96&d=mm&r=g","caption":"Jo\u00ebl Diawa"},"sameAs":["https:\/\/www.infos-droitshumains.net"],"url":"https:\/\/infos-droitshumains.net\/?author=2"}]}},"featured_image_urls":{"full":["https:\/\/i0.wp.com\/infos-droitshumains.net\/wp-content\/uploads\/2025\/11\/IMG-20240820-WA0090.jpg?fit=553%2C554&ssl=1",553,554,false],"thumbnail":["https:\/\/i0.wp.com\/infos-droitshumains.net\/wp-content\/uploads\/2025\/11\/IMG-20240820-WA0090.jpg?resize=150%2C150&ssl=1",150,150,true],"medium":["https:\/\/i0.wp.com\/infos-droitshumains.net\/wp-content\/uploads\/2025\/11\/IMG-20240820-WA0090.jpg?fit=300%2C300&ssl=1",300,300,true],"medium_large":["https:\/\/i0.wp.com\/infos-droitshumains.net\/wp-content\/uploads\/2025\/11\/IMG-20240820-WA0090.jpg?fit=553%2C554&ssl=1",553,554,true],"large":["https:\/\/i0.wp.com\/infos-droitshumains.net\/wp-content\/uploads\/2025\/11\/IMG-20240820-WA0090.jpg?fit=553%2C554&ssl=1",553,554,true],"1536x1536":["https:\/\/i0.wp.com\/infos-droitshumains.net\/wp-content\/uploads\/2025\/11\/IMG-20240820-WA0090.jpg?fit=553%2C554&ssl=1",553,554,true],"2048x2048":["https:\/\/i0.wp.com\/infos-droitshumains.net\/wp-content\/uploads\/2025\/11\/IMG-20240820-WA0090.jpg?fit=553%2C554&ssl=1",553,554,true],"covernews-slider-full":["https:\/\/i0.wp.com\/infos-droitshumains.net\/wp-content\/uploads\/2025\/11\/IMG-20240820-WA0090.jpg?resize=553%2C554&ssl=1",553,554,true],"covernews-slider-center":["https:\/\/i0.wp.com\/infos-droitshumains.net\/wp-content\/uploads\/2025\/11\/IMG-20240820-WA0090.jpg?resize=553%2C500&ssl=1",553,500,true],"covernews-featured":["https:\/\/i0.wp.com\/infos-droitshumains.net\/wp-content\/uploads\/2025\/11\/IMG-20240820-WA0090.jpg?fit=553%2C554&ssl=1",553,554,true],"covernews-medium":["https:\/\/i0.wp.com\/infos-droitshumains.net\/wp-content\/uploads\/2025\/11\/IMG-20240820-WA0090.jpg?resize=540%2C340&ssl=1",540,340,true],"covernews-medium-square":["https:\/\/i0.wp.com\/infos-droitshumains.net\/wp-content\/uploads\/2025\/11\/IMG-20240820-WA0090.jpg?resize=400%2C250&ssl=1",400,250,true]},"author_info":{"display_name":"Jo\u00ebl Diawa","author_link":"https:\/\/infos-droitshumains.net\/?author=2"},"category_info":"<a href=\"https:\/\/infos-droitshumains.net\/?cat=8\" rel=\"category\">Soci\u00e9t\u00e9<\/a>","tag_info":"Soci\u00e9t\u00e9","comment_count":"0","jetpack_featured_media_url":"https:\/\/i0.wp.com\/infos-droitshumains.net\/wp-content\/uploads\/2025\/11\/IMG-20240820-WA0090.jpg?fit=553%2C554&ssl=1","jetpack-related-posts":[],"jetpack_sharing_enabled":true,"_links":{"self":[{"href":"https:\/\/infos-droitshumains.net\/index.php?rest_route=\/wp\/v2\/posts\/17091","targetHints":{"allow":["GET"]}}],"collection":[{"href":"https:\/\/infos-droitshumains.net\/index.php?rest_route=\/wp\/v2\/posts"}],"about":[{"href":"https:\/\/infos-droitshumains.net\/index.php?rest_route=\/wp\/v2\/types\/post"}],"author":[{"embeddable":true,"href":"https:\/\/infos-droitshumains.net\/index.php?rest_route=\/wp\/v2\/users\/2"}],"replies":[{"embeddable":true,"href":"https:\/\/infos-droitshumains.net\/index.php?rest_route=%2Fwp%2Fv2%2Fcomments&post=17091"}],"version-history":[{"count":2,"href":"https:\/\/infos-droitshumains.net\/index.php?rest_route=\/wp\/v2\/posts\/17091\/revisions"}],"predecessor-version":[{"id":17105,"href":"https:\/\/infos-droitshumains.net\/index.php?rest_route=\/wp\/v2\/posts\/17091\/revisions\/17105"}],"wp:featuredmedia":[{"embeddable":true,"href":"https:\/\/infos-droitshumains.net\/index.php?rest_route=\/wp\/v2\/media\/17104"}],"wp:attachment":[{"href":"https:\/\/infos-droitshumains.net\/index.php?rest_route=%2Fwp%2Fv2%2Fmedia&parent=17091"}],"wp:term":[{"taxonomy":"category","embeddable":true,"href":"https:\/\/infos-droitshumains.net\/index.php?rest_route=%2Fwp%2Fv2%2Fcategories&post=17091"},{"taxonomy":"post_tag","embeddable":true,"href":"https:\/\/infos-droitshumains.net\/index.php?rest_route=%2Fwp%2Fv2%2Ftags&post=17091"}],"curies":[{"name":"wp","href":"https:\/\/api.w.org\/{rel}","templated":true}]}}