{"id":17082,"date":"2025-11-29T18:37:27","date_gmt":"2025-11-29T17:37:27","guid":{"rendered":"https:\/\/infos-droitshumains.net\/?p=17082"},"modified":"2025-11-29T18:40:33","modified_gmt":"2025-11-29T17:40:33","slug":"ouverture-de-lannee-judiciaire-2025-2026-a-la-cour-dappel-de-kinshasa-matete-le-premier-president-jean-kabangu-rappelle-les-fondements-de-lexecution-des-condamnations-pen","status":"publish","type":"post","link":"https:\/\/infos-droitshumains.net\/?p=17082","title":{"rendered":"Ouverture de l\u2019ann\u00e9e judiciaire 2025-2026 \u00e0 la Cour d\u2019Appel de Kinshasa \/Matete : Le Premier Pr\u00e9sident Jean Kabangu rappelle les fondements de l\u2019ex\u00e9cution des condamnations p\u00e9nales et civiles"},"content":{"rendered":"\n<p><strong>R\u00e9daction: +243 817 406 088<\/strong><\/p>\n\n\n\n<h3 class=\"wp-block-heading has-vivid-red-color has-text-color has-link-color wp-elements-090a4f442a93a3caa50a801539e5378c\">Conform\u00e9ment \u00e0 l\u2019article 64, alin\u00e9a 1er, de la loi organique n\u00b013\/011-B du 11 avril 2013 portant organisation, fonctionnement et comp\u00e9tences des juridictions de l\u2019ordre judiciaire, la Cour d\u2019Appel de Kinshasa\/Matete a tenu, ce vendredi 28 novembre 2025, son audience publique et solennelle de rentr\u00e9e judiciaire pour l\u2019exercice 2025-2026. La c\u00e9r\u00e9monie, rehauss\u00e9e par la pr\u00e9sence de nombreuses autorit\u00e9s politico-administratives, de plusieurs magistrats du ressort, des avocats et de nombreux invit\u00e9s, a \u00e9t\u00e9 marqu\u00e9e par le discours du Premier Pr\u00e9sident de la Cour, ax\u00e9 sur un th\u00e8me d\u2019une pertinence renouvel\u00e9e : <strong><em>\u00ab De l\u2019ex\u00e9cution des condamnations p\u00e9nales et civiles dans un proc\u00e8s p\u00e9nal \u00bb<\/em><\/strong><em>.<\/em><\/h3>\n\n\n\n<p>Dans son allocution, Jean Kabangu Tshiondo a rappel\u00e9 une v\u00e9rit\u00e9 fondamentale : <em>\u00ab&nbsp;une d\u00e9cision de justice n\u2019a de sens que si elle est ex\u00e9cut\u00e9e.&nbsp;\u00bb <\/em>Il a relev\u00e9 les interrogations r\u00e9currentes du public, notamment dans les dossiers de d\u00e9tournement de deniers publics :<br><em>\u00ab On a condamn\u00e9 le pr\u00e9venu, oui ? Mais on ne voit pas l\u2019argent d\u00e9tourn\u00e9 ! O\u00f9 est-il parti ? \u00bb<\/em><br>Une conclusion trop souvent tir\u00e9e est que la justice ou les juges <strong><em>\u00ab ne font rien \u00bb.<\/em><\/strong> Or, souligne-t-il, la v\u00e9ritable question est ailleurs : <em>\u00ab&nbsp;qui doit ex\u00e9cuter une d\u00e9cision coul\u00e9e en force de chose jug\u00e9e et comment le doit-il ?&nbsp;\u00bb<\/em><\/p>\n\n\n\n<p>Se r\u00e9f\u00e9rant \u00e0 l\u2019article 149, alin\u00e9as 3 et 4 de la Constitution, le Premier Pr\u00e9sident Jean Kabangu a rappel\u00e9 que : <em>\u00ab&nbsp;La justice est rendue au nom du peuple. Les d\u00e9cisions judiciaires sont ex\u00e9cut\u00e9es au nom du Pr\u00e9sident de la R\u00e9publique.&nbsp;\u00bb<\/em><\/p>\n\n\n\n<p>L\u2019article 66 de la loi organique portant organisation, fonctionnement et comp\u00e9tence des juridictions de l\u2019ordre judiciaire compl\u00e8te ce dispositif en pr\u00e9cisant que : <em>\u00ab&nbsp;le Minist\u00e8re public surveille l\u2019ex\u00e9cution des d\u00e9cisions de justice et en poursuit l\u2019application dans toutes les mati\u00e8res touchant l\u2019ordre public.&nbsp;\u00bb<\/em><\/p>\n\n\n\n<p>Enfin, l\u2019article 109 du Code de proc\u00e9dure p\u00e9nale d\u00e9termine les acteurs comp\u00e9tents dans l\u2019ex\u00e9cution des peines qui sont :<\/p>\n\n\n\n<ul class=\"wp-block-list\">\n<li>Le Minist\u00e8re public : peine de mort, servitude p\u00e9nale, travaux forc\u00e9s, dommages-int\u00e9r\u00eats allou\u00e9s d\u2019office, contrainte par corps ;<\/li>\n\n\n\n<li>La partie civile : ex\u00e9cution des condamnations civiles prononc\u00e9es \u00e0 sa demande ;<\/li>\n\n\n\n<li>Le greffier : recouvrement des amendes, frais de justice et droits proportionnels.<\/li>\n<\/ul>\n\n\n\n<p>Le num\u00e9ro un du ressort de la Cour d\u2019Appel de Kinshasa\/Matete a en outre d\u00e9taill\u00e9 les principales formes d\u2019ex\u00e9cution applicables aux condamnations p\u00e9nales. Il en ressort, a-t-il rench\u00e9ri, que <em>\u00ab&nbsp;la mise en \u0153uvre de la sanction n\u2019appartient pas au juge, mais essentiellement au Minist\u00e8re public et aux autres organes l\u00e9galement d\u00e9sign\u00e9s.&nbsp;\u00bb<\/em><\/p>\n\n\n\n<p>En ce qui concerne l\u2019ex\u00e9cution des condamnations civiles, Jean Kabangu a rappel\u00e9 que c\u2019est un r\u00f4le qui incombe d\u2019abord \u00e0 la victime&nbsp;; et s\u2019agissant des dommages-int\u00e9r\u00eats accord\u00e9s \u00e0 la victime d\u2019une infraction, il a clarifi\u00e9 une m\u00e9prise tenace :<br><br><\/p>\n\n\n\n<p><em>\u00ab&nbsp;Le juge ne peut pas ordonner la saisie des biens du condamn\u00e9, sauf lorsqu\u2019il s\u2019agit d\u2019objets ayant servi \u00e0 la commission de l\u2019infraction ou constituant une peine compl\u00e9mentaire.&nbsp;\u00bb<\/em><\/p>\n\n\n\n<p>Dans la grande majorit\u00e9 des cas, c\u2019est \u00e0 la partie civile elle-m\u00eame (personne physique, entreprise, province ou \u00c9tat) qu\u2019il revient d\u2019activer les proc\u00e9dures de saisie pour obtenir paiement, notamment.<\/p>\n\n\n\n<p>Le Premier Pr\u00e9sident a, en d\u00e9finitive, r\u00e9affirm\u00e9 que le juge, une fois sa d\u00e9cision rendue, est dessaisi du dossier, sauf pour l\u2019interpr\u00e9tation de son jugement ou la correction d\u2019erreurs mat\u00e9rielles.<\/p>\n\n\n\n<p><em>\u00ab&nbsp;Les critiques imputant aux magistrats l\u2019absence de r\u00e9cup\u00e9ration des fonds d\u00e9tourn\u00e9s ou l\u2019inex\u00e9cution de d\u00e9cisions civiles reposent donc sur une m\u00e9connaissance des m\u00e9canismes juridiques&nbsp;\u00bb<\/em> selon Jean Kabangu car pr\u00e9cise-t-il, <em>\u00ab&nbsp;le fonctionnement de la justice repose sur une coordination entre plusieurs acteurs notamment, le juge, le minist\u00e8re public, la partie civile, le greffier, les huissiers de justice et les services de recouvrement&nbsp;\u00bb<\/em> o\u00f9 chaque institution doit assumer sa part de responsabilit\u00e9 dans l\u2019ex\u00e9cution des d\u00e9cisions rendues au nom du peuple.<\/p>\n\n\n\n<p>Jo\u00ebl Diawa<\/p>\n","protected":false},"excerpt":{"rendered":"<p>R\u00e9daction: +243 817 406 088 Conform\u00e9ment \u00e0 l\u2019article 64, alin\u00e9a 1er, de la loi organique&#8230;<\/p>\n","protected":false},"author":2,"featured_media":17084,"comment_status":"open","ping_status":"open","sticky":false,"template":"","format":"standard","meta":{"_jetpack_memberships_contains_paid_content":false,"footnotes":""},"categories":[6],"tags":[],"class_list":["post-17082","post","type-post","status-publish","format-standard","has-post-thumbnail","hentry","category-justice"],"yoast_head":"<!-- This site is optimized with the Yoast SEO plugin v27.5 - https:\/\/yoast.com\/product\/yoast-seo-wordpress\/ -->\n<title>Ouverture de l\u2019ann\u00e9e judiciaire 2025-2026 \u00e0 la Cour d\u2019Appel de Kinshasa \/Matete : Le Premier Pr\u00e9sident Jean Kabangu rappelle les fondements de l\u2019ex\u00e9cution des condamnations p\u00e9nales et civiles - Infos Droits Humains<\/title>\n<meta name=\"robots\" content=\"index, follow, max-snippet:-1, max-image-preview:large, max-video-preview:-1\" \/>\n<link rel=\"canonical\" href=\"https:\/\/infos-droitshumains.net\/?p=17082\" \/>\n<meta property=\"og:locale\" content=\"fr_FR\" \/>\n<meta property=\"og:type\" content=\"article\" \/>\n<meta property=\"og:title\" content=\"Ouverture de l\u2019ann\u00e9e judiciaire 2025-2026 \u00e0 la Cour d\u2019Appel de Kinshasa \/Matete : Le Premier Pr\u00e9sident Jean Kabangu rappelle les fondements de l\u2019ex\u00e9cution des condamnations p\u00e9nales et civiles - Infos Droits Humains\" \/>\n<meta property=\"og:description\" content=\"R\u00e9daction: +243 817 406 088 Conform\u00e9ment \u00e0 l\u2019article 64, alin\u00e9a 1er, de la loi organique...\" \/>\n<meta property=\"og:url\" content=\"https:\/\/infos-droitshumains.net\/?p=17082\" \/>\n<meta property=\"og:site_name\" content=\"Infos Droits Humains\" \/>\n<meta property=\"article:published_time\" content=\"2025-11-29T17:37:27+00:00\" \/>\n<meta property=\"article:modified_time\" content=\"2025-11-29T17:40:33+00:00\" \/>\n<meta property=\"og:image\" content=\"https:\/\/infos-droitshumains.net\/wp-content\/uploads\/2025\/11\/DSC_1389-scaled.jpg\" \/>\n\t<meta property=\"og:image:width\" content=\"2560\" \/>\n\t<meta property=\"og:image:height\" content=\"1707\" \/>\n\t<meta property=\"og:image:type\" content=\"image\/jpeg\" \/>\n<meta name=\"author\" content=\"Jo\u00ebl Diawa\" \/>\n<meta name=\"twitter:card\" content=\"summary_large_image\" \/>\n<meta name=\"twitter:label1\" content=\"\u00c9crit par\" \/>\n\t<meta name=\"twitter:data1\" content=\"Jo\u00ebl Diawa\" \/>\n\t<meta name=\"twitter:label2\" content=\"Dur\u00e9e de lecture estim\u00e9e\" \/>\n\t<meta name=\"twitter:data2\" content=\"4 minutes\" \/>\n<script type=\"application\/ld+json\" class=\"yoast-schema-graph\">{\"@context\":\"https:\\\/\\\/schema.org\",\"@graph\":[{\"@type\":\"Article\",\"@id\":\"https:\\\/\\\/infos-droitshumains.net\\\/?p=17082#article\",\"isPartOf\":{\"@id\":\"https:\\\/\\\/infos-droitshumains.net\\\/?p=17082\"},\"author\":{\"name\":\"Jo\u00ebl Diawa\",\"@id\":\"https:\\\/\\\/infos-droitshumains.net\\\/#\\\/schema\\\/person\\\/3dc5e921c3302172e0ed4362f96faab7\"},\"headline\":\"Ouverture de l\u2019ann\u00e9e judiciaire 2025-2026 \u00e0 la Cour d\u2019Appel de Kinshasa \\\/Matete : Le Premier Pr\u00e9sident Jean Kabangu rappelle les fondements de l\u2019ex\u00e9cution des condamnations p\u00e9nales et civiles\",\"datePublished\":\"2025-11-29T17:37:27+00:00\",\"dateModified\":\"2025-11-29T17:40:33+00:00\",\"mainEntityOfPage\":{\"@id\":\"https:\\\/\\\/infos-droitshumains.net\\\/?p=17082\"},\"wordCount\":760,\"commentCount\":0,\"publisher\":{\"@id\":\"https:\\\/\\\/infos-droitshumains.net\\\/#organization\"},\"image\":{\"@id\":\"https:\\\/\\\/infos-droitshumains.net\\\/?p=17082#primaryimage\"},\"thumbnailUrl\":\"https:\\\/\\\/i0.wp.com\\\/infos-droitshumains.net\\\/wp-content\\\/uploads\\\/2025\\\/11\\\/DSC_1389-scaled.jpg?fit=2560%2C1707&ssl=1\",\"articleSection\":[\"Justice\"],\"inLanguage\":\"fr-FR\",\"potentialAction\":[{\"@type\":\"CommentAction\",\"name\":\"Comment\",\"target\":[\"https:\\\/\\\/infos-droitshumains.net\\\/?p=17082#respond\"]}]},{\"@type\":\"WebPage\",\"@id\":\"https:\\\/\\\/infos-droitshumains.net\\\/?p=17082\",\"url\":\"https:\\\/\\\/infos-droitshumains.net\\\/?p=17082\",\"name\":\"Ouverture de l\u2019ann\u00e9e judiciaire 2025-2026 \u00e0 la Cour d\u2019Appel de Kinshasa \\\/Matete : Le Premier Pr\u00e9sident Jean Kabangu rappelle les fondements de l\u2019ex\u00e9cution des condamnations p\u00e9nales et civiles - Infos Droits Humains\",\"isPartOf\":{\"@id\":\"https:\\\/\\\/infos-droitshumains.net\\\/#website\"},\"primaryImageOfPage\":{\"@id\":\"https:\\\/\\\/infos-droitshumains.net\\\/?p=17082#primaryimage\"},\"image\":{\"@id\":\"https:\\\/\\\/infos-droitshumains.net\\\/?p=17082#primaryimage\"},\"thumbnailUrl\":\"https:\\\/\\\/i0.wp.com\\\/infos-droitshumains.net\\\/wp-content\\\/uploads\\\/2025\\\/11\\\/DSC_1389-scaled.jpg?fit=2560%2C1707&ssl=1\",\"datePublished\":\"2025-11-29T17:37:27+00:00\",\"dateModified\":\"2025-11-29T17:40:33+00:00\",\"breadcrumb\":{\"@id\":\"https:\\\/\\\/infos-droitshumains.net\\\/?p=17082#breadcrumb\"},\"inLanguage\":\"fr-FR\",\"potentialAction\":[{\"@type\":\"ReadAction\",\"target\":[\"https:\\\/\\\/infos-droitshumains.net\\\/?p=17082\"]}]},{\"@type\":\"ImageObject\",\"inLanguage\":\"fr-FR\",\"@id\":\"https:\\\/\\\/infos-droitshumains.net\\\/?p=17082#primaryimage\",\"url\":\"https:\\\/\\\/i0.wp.com\\\/infos-droitshumains.net\\\/wp-content\\\/uploads\\\/2025\\\/11\\\/DSC_1389-scaled.jpg?fit=2560%2C1707&ssl=1\",\"contentUrl\":\"https:\\\/\\\/i0.wp.com\\\/infos-droitshumains.net\\\/wp-content\\\/uploads\\\/2025\\\/11\\\/DSC_1389-scaled.jpg?fit=2560%2C1707&ssl=1\",\"width\":2560,\"height\":1707},{\"@type\":\"BreadcrumbList\",\"@id\":\"https:\\\/\\\/infos-droitshumains.net\\\/?p=17082#breadcrumb\",\"itemListElement\":[{\"@type\":\"ListItem\",\"position\":1,\"name\":\"Accueil\",\"item\":\"https:\\\/\\\/infos-droitshumains.net\\\/\"},{\"@type\":\"ListItem\",\"position\":2,\"name\":\"Ouverture de l\u2019ann\u00e9e judiciaire 2025-2026 \u00e0 la Cour d\u2019Appel de Kinshasa \\\/Matete : Le Premier Pr\u00e9sident Jean Kabangu rappelle les fondements de l\u2019ex\u00e9cution des condamnations p\u00e9nales et civiles\"}]},{\"@type\":\"WebSite\",\"@id\":\"https:\\\/\\\/infos-droitshumains.net\\\/#website\",\"url\":\"https:\\\/\\\/infos-droitshumains.net\\\/\",\"name\":\"Infos Droits Humains\",\"description\":\"S&#039;informer est un droit\",\"publisher\":{\"@id\":\"https:\\\/\\\/infos-droitshumains.net\\\/#organization\"},\"potentialAction\":[{\"@type\":\"SearchAction\",\"target\":{\"@type\":\"EntryPoint\",\"urlTemplate\":\"https:\\\/\\\/infos-droitshumains.net\\\/?s={search_term_string}\"},\"query-input\":{\"@type\":\"PropertyValueSpecification\",\"valueRequired\":true,\"valueName\":\"search_term_string\"}}],\"inLanguage\":\"fr-FR\"},{\"@type\":\"Organization\",\"@id\":\"https:\\\/\\\/infos-droitshumains.net\\\/#organization\",\"name\":\"Infos Droits Humains\",\"url\":\"https:\\\/\\\/infos-droitshumains.net\\\/\",\"logo\":{\"@type\":\"ImageObject\",\"inLanguage\":\"fr-FR\",\"@id\":\"https:\\\/\\\/infos-droitshumains.net\\\/#\\\/schema\\\/logo\\\/image\\\/\",\"url\":\"https:\\\/\\\/i0.wp.com\\\/infos-droitshumains.net\\\/wp-content\\\/uploads\\\/2022\\\/05\\\/Logo.png?fit=333%2C129&ssl=1\",\"contentUrl\":\"https:\\\/\\\/i0.wp.com\\\/infos-droitshumains.net\\\/wp-content\\\/uploads\\\/2022\\\/05\\\/Logo.png?fit=333%2C129&ssl=1\",\"width\":333,\"height\":129,\"caption\":\"Infos Droits Humains\"},\"image\":{\"@id\":\"https:\\\/\\\/infos-droitshumains.net\\\/#\\\/schema\\\/logo\\\/image\\\/\"}},{\"@type\":\"Person\",\"@id\":\"https:\\\/\\\/infos-droitshumains.net\\\/#\\\/schema\\\/person\\\/3dc5e921c3302172e0ed4362f96faab7\",\"name\":\"Jo\u00ebl Diawa\",\"image\":{\"@type\":\"ImageObject\",\"inLanguage\":\"fr-FR\",\"@id\":\"https:\\\/\\\/secure.gravatar.com\\\/avatar\\\/729bea6ff4604c624417803c477363be8e3c7186deaa65713313f9b4b820f41c?s=96&d=mm&r=g\",\"url\":\"https:\\\/\\\/secure.gravatar.com\\\/avatar\\\/729bea6ff4604c624417803c477363be8e3c7186deaa65713313f9b4b820f41c?s=96&d=mm&r=g\",\"contentUrl\":\"https:\\\/\\\/secure.gravatar.com\\\/avatar\\\/729bea6ff4604c624417803c477363be8e3c7186deaa65713313f9b4b820f41c?s=96&d=mm&r=g\",\"caption\":\"Jo\u00ebl Diawa\"},\"sameAs\":[\"https:\\\/\\\/www.infos-droitshumains.net\"],\"url\":\"https:\\\/\\\/infos-droitshumains.net\\\/?author=2\"}]}<\/script>\n<!-- \/ Yoast SEO plugin. -->","yoast_head_json":{"title":"Ouverture de l\u2019ann\u00e9e judiciaire 2025-2026 \u00e0 la Cour d\u2019Appel de Kinshasa \/Matete : Le Premier Pr\u00e9sident Jean Kabangu rappelle les fondements de l\u2019ex\u00e9cution des condamnations p\u00e9nales et civiles - Infos Droits Humains","robots":{"index":"index","follow":"follow","max-snippet":"max-snippet:-1","max-image-preview":"max-image-preview:large","max-video-preview":"max-video-preview:-1"},"canonical":"https:\/\/infos-droitshumains.net\/?p=17082","og_locale":"fr_FR","og_type":"article","og_title":"Ouverture de l\u2019ann\u00e9e judiciaire 2025-2026 \u00e0 la Cour d\u2019Appel de Kinshasa \/Matete : Le Premier Pr\u00e9sident Jean Kabangu rappelle les fondements de l\u2019ex\u00e9cution des condamnations p\u00e9nales et civiles - Infos Droits Humains","og_description":"R\u00e9daction: +243 817 406 088 Conform\u00e9ment \u00e0 l\u2019article 64, alin\u00e9a 1er, de la loi organique...","og_url":"https:\/\/infos-droitshumains.net\/?p=17082","og_site_name":"Infos Droits Humains","article_published_time":"2025-11-29T17:37:27+00:00","article_modified_time":"2025-11-29T17:40:33+00:00","og_image":[{"width":2560,"height":1707,"url":"https:\/\/infos-droitshumains.net\/wp-content\/uploads\/2025\/11\/DSC_1389-scaled.jpg","type":"image\/jpeg"}],"author":"Jo\u00ebl Diawa","twitter_card":"summary_large_image","twitter_misc":{"\u00c9crit par":"Jo\u00ebl Diawa","Dur\u00e9e de lecture estim\u00e9e":"4 minutes"},"schema":{"@context":"https:\/\/schema.org","@graph":[{"@type":"Article","@id":"https:\/\/infos-droitshumains.net\/?p=17082#article","isPartOf":{"@id":"https:\/\/infos-droitshumains.net\/?p=17082"},"author":{"name":"Jo\u00ebl Diawa","@id":"https:\/\/infos-droitshumains.net\/#\/schema\/person\/3dc5e921c3302172e0ed4362f96faab7"},"headline":"Ouverture de l\u2019ann\u00e9e judiciaire 2025-2026 \u00e0 la Cour d\u2019Appel de Kinshasa \/Matete : Le Premier Pr\u00e9sident Jean Kabangu rappelle les fondements de l\u2019ex\u00e9cution des condamnations p\u00e9nales et civiles","datePublished":"2025-11-29T17:37:27+00:00","dateModified":"2025-11-29T17:40:33+00:00","mainEntityOfPage":{"@id":"https:\/\/infos-droitshumains.net\/?p=17082"},"wordCount":760,"commentCount":0,"publisher":{"@id":"https:\/\/infos-droitshumains.net\/#organization"},"image":{"@id":"https:\/\/infos-droitshumains.net\/?p=17082#primaryimage"},"thumbnailUrl":"https:\/\/i0.wp.com\/infos-droitshumains.net\/wp-content\/uploads\/2025\/11\/DSC_1389-scaled.jpg?fit=2560%2C1707&ssl=1","articleSection":["Justice"],"inLanguage":"fr-FR","potentialAction":[{"@type":"CommentAction","name":"Comment","target":["https:\/\/infos-droitshumains.net\/?p=17082#respond"]}]},{"@type":"WebPage","@id":"https:\/\/infos-droitshumains.net\/?p=17082","url":"https:\/\/infos-droitshumains.net\/?p=17082","name":"Ouverture de l\u2019ann\u00e9e judiciaire 2025-2026 \u00e0 la Cour d\u2019Appel de Kinshasa \/Matete : Le Premier Pr\u00e9sident Jean Kabangu rappelle les fondements de l\u2019ex\u00e9cution des condamnations p\u00e9nales et civiles - Infos Droits Humains","isPartOf":{"@id":"https:\/\/infos-droitshumains.net\/#website"},"primaryImageOfPage":{"@id":"https:\/\/infos-droitshumains.net\/?p=17082#primaryimage"},"image":{"@id":"https:\/\/infos-droitshumains.net\/?p=17082#primaryimage"},"thumbnailUrl":"https:\/\/i0.wp.com\/infos-droitshumains.net\/wp-content\/uploads\/2025\/11\/DSC_1389-scaled.jpg?fit=2560%2C1707&ssl=1","datePublished":"2025-11-29T17:37:27+00:00","dateModified":"2025-11-29T17:40:33+00:00","breadcrumb":{"@id":"https:\/\/infos-droitshumains.net\/?p=17082#breadcrumb"},"inLanguage":"fr-FR","potentialAction":[{"@type":"ReadAction","target":["https:\/\/infos-droitshumains.net\/?p=17082"]}]},{"@type":"ImageObject","inLanguage":"fr-FR","@id":"https:\/\/infos-droitshumains.net\/?p=17082#primaryimage","url":"https:\/\/i0.wp.com\/infos-droitshumains.net\/wp-content\/uploads\/2025\/11\/DSC_1389-scaled.jpg?fit=2560%2C1707&ssl=1","contentUrl":"https:\/\/i0.wp.com\/infos-droitshumains.net\/wp-content\/uploads\/2025\/11\/DSC_1389-scaled.jpg?fit=2560%2C1707&ssl=1","width":2560,"height":1707},{"@type":"BreadcrumbList","@id":"https:\/\/infos-droitshumains.net\/?p=17082#breadcrumb","itemListElement":[{"@type":"ListItem","position":1,"name":"Accueil","item":"https:\/\/infos-droitshumains.net\/"},{"@type":"ListItem","position":2,"name":"Ouverture de l\u2019ann\u00e9e judiciaire 2025-2026 \u00e0 la Cour d\u2019Appel de Kinshasa \/Matete : Le Premier Pr\u00e9sident Jean Kabangu rappelle les fondements de l\u2019ex\u00e9cution des condamnations p\u00e9nales et civiles"}]},{"@type":"WebSite","@id":"https:\/\/infos-droitshumains.net\/#website","url":"https:\/\/infos-droitshumains.net\/","name":"Infos Droits Humains","description":"S&#039;informer est un droit","publisher":{"@id":"https:\/\/infos-droitshumains.net\/#organization"},"potentialAction":[{"@type":"SearchAction","target":{"@type":"EntryPoint","urlTemplate":"https:\/\/infos-droitshumains.net\/?s={search_term_string}"},"query-input":{"@type":"PropertyValueSpecification","valueRequired":true,"valueName":"search_term_string"}}],"inLanguage":"fr-FR"},{"@type":"Organization","@id":"https:\/\/infos-droitshumains.net\/#organization","name":"Infos Droits Humains","url":"https:\/\/infos-droitshumains.net\/","logo":{"@type":"ImageObject","inLanguage":"fr-FR","@id":"https:\/\/infos-droitshumains.net\/#\/schema\/logo\/image\/","url":"https:\/\/i0.wp.com\/infos-droitshumains.net\/wp-content\/uploads\/2022\/05\/Logo.png?fit=333%2C129&ssl=1","contentUrl":"https:\/\/i0.wp.com\/infos-droitshumains.net\/wp-content\/uploads\/2022\/05\/Logo.png?fit=333%2C129&ssl=1","width":333,"height":129,"caption":"Infos Droits Humains"},"image":{"@id":"https:\/\/infos-droitshumains.net\/#\/schema\/logo\/image\/"}},{"@type":"Person","@id":"https:\/\/infos-droitshumains.net\/#\/schema\/person\/3dc5e921c3302172e0ed4362f96faab7","name":"Jo\u00ebl Diawa","image":{"@type":"ImageObject","inLanguage":"fr-FR","@id":"https:\/\/secure.gravatar.com\/avatar\/729bea6ff4604c624417803c477363be8e3c7186deaa65713313f9b4b820f41c?s=96&d=mm&r=g","url":"https:\/\/secure.gravatar.com\/avatar\/729bea6ff4604c624417803c477363be8e3c7186deaa65713313f9b4b820f41c?s=96&d=mm&r=g","contentUrl":"https:\/\/secure.gravatar.com\/avatar\/729bea6ff4604c624417803c477363be8e3c7186deaa65713313f9b4b820f41c?s=96&d=mm&r=g","caption":"Jo\u00ebl Diawa"},"sameAs":["https:\/\/www.infos-droitshumains.net"],"url":"https:\/\/infos-droitshumains.net\/?author=2"}]}},"featured_image_urls":{"full":["https:\/\/i0.wp.com\/infos-droitshumains.net\/wp-content\/uploads\/2025\/11\/DSC_1389-scaled.jpg?fit=2560%2C1707&ssl=1",2560,1707,false],"thumbnail":["https:\/\/i0.wp.com\/infos-droitshumains.net\/wp-content\/uploads\/2025\/11\/DSC_1389-scaled.jpg?resize=150%2C150&ssl=1",150,150,true],"medium":["https:\/\/i0.wp.com\/infos-droitshumains.net\/wp-content\/uploads\/2025\/11\/DSC_1389-scaled.jpg?fit=300%2C200&ssl=1",300,200,true],"medium_large":["https:\/\/i0.wp.com\/infos-droitshumains.net\/wp-content\/uploads\/2025\/11\/DSC_1389-scaled.jpg?fit=640%2C427&ssl=1",640,427,true],"large":["https:\/\/i0.wp.com\/infos-droitshumains.net\/wp-content\/uploads\/2025\/11\/DSC_1389-scaled.jpg?fit=640%2C427&ssl=1",640,427,true],"1536x1536":["https:\/\/i0.wp.com\/infos-droitshumains.net\/wp-content\/uploads\/2025\/11\/DSC_1389-scaled.jpg?fit=1536%2C1024&ssl=1",1536,1024,true],"2048x2048":["https:\/\/i0.wp.com\/infos-droitshumains.net\/wp-content\/uploads\/2025\/11\/DSC_1389-scaled.jpg?fit=2048%2C1365&ssl=1",2048,1365,true],"covernews-slider-full":["https:\/\/i0.wp.com\/infos-droitshumains.net\/wp-content\/uploads\/2025\/11\/DSC_1389-scaled.jpg?resize=1115%2C715&ssl=1",1115,715,true],"covernews-slider-center":["https:\/\/i0.wp.com\/infos-droitshumains.net\/wp-content\/uploads\/2025\/11\/DSC_1389-scaled.jpg?resize=800%2C500&ssl=1",800,500,true],"covernews-featured":["https:\/\/i0.wp.com\/infos-droitshumains.net\/wp-content\/uploads\/2025\/11\/DSC_1389-scaled.jpg?fit=1024%2C683&ssl=1",1024,683,true],"covernews-medium":["https:\/\/i0.wp.com\/infos-droitshumains.net\/wp-content\/uploads\/2025\/11\/DSC_1389-scaled.jpg?resize=540%2C340&ssl=1",540,340,true],"covernews-medium-square":["https:\/\/i0.wp.com\/infos-droitshumains.net\/wp-content\/uploads\/2025\/11\/DSC_1389-scaled.jpg?resize=400%2C250&ssl=1",400,250,true]},"author_info":{"display_name":"Jo\u00ebl Diawa","author_link":"https:\/\/infos-droitshumains.net\/?author=2"},"category_info":"<a href=\"https:\/\/infos-droitshumains.net\/?cat=6\" rel=\"category\">Justice<\/a>","tag_info":"Justice","comment_count":"0","jetpack_featured_media_url":"https:\/\/i0.wp.com\/infos-droitshumains.net\/wp-content\/uploads\/2025\/11\/DSC_1389-scaled.jpg?fit=2560%2C1707&ssl=1","jetpack-related-posts":[],"jetpack_sharing_enabled":true,"_links":{"self":[{"href":"https:\/\/infos-droitshumains.net\/index.php?rest_route=\/wp\/v2\/posts\/17082","targetHints":{"allow":["GET"]}}],"collection":[{"href":"https:\/\/infos-droitshumains.net\/index.php?rest_route=\/wp\/v2\/posts"}],"about":[{"href":"https:\/\/infos-droitshumains.net\/index.php?rest_route=\/wp\/v2\/types\/post"}],"author":[{"embeddable":true,"href":"https:\/\/infos-droitshumains.net\/index.php?rest_route=\/wp\/v2\/users\/2"}],"replies":[{"embeddable":true,"href":"https:\/\/infos-droitshumains.net\/index.php?rest_route=%2Fwp%2Fv2%2Fcomments&post=17082"}],"version-history":[{"count":2,"href":"https:\/\/infos-droitshumains.net\/index.php?rest_route=\/wp\/v2\/posts\/17082\/revisions"}],"predecessor-version":[{"id":17086,"href":"https:\/\/infos-droitshumains.net\/index.php?rest_route=\/wp\/v2\/posts\/17082\/revisions\/17086"}],"wp:featuredmedia":[{"embeddable":true,"href":"https:\/\/infos-droitshumains.net\/index.php?rest_route=\/wp\/v2\/media\/17084"}],"wp:attachment":[{"href":"https:\/\/infos-droitshumains.net\/index.php?rest_route=%2Fwp%2Fv2%2Fmedia&parent=17082"}],"wp:term":[{"taxonomy":"category","embeddable":true,"href":"https:\/\/infos-droitshumains.net\/index.php?rest_route=%2Fwp%2Fv2%2Fcategories&post=17082"},{"taxonomy":"post_tag","embeddable":true,"href":"https:\/\/infos-droitshumains.net\/index.php?rest_route=%2Fwp%2Fv2%2Ftags&post=17082"}],"curies":[{"name":"wp","href":"https:\/\/api.w.org\/{rel}","templated":true}]}}