{"id":1706,"date":"2022-01-31T12:35:42","date_gmt":"2022-01-31T11:35:42","guid":{"rendered":"https:\/\/infos-droitshumains.net\/?p=1706"},"modified":"2023-04-06T12:10:31","modified_gmt":"2023-04-06T10:10:31","slug":"culture-a-travers-deux-projets-maitre-gims-et-dadju-disposes-a-accompagner-la-vision-du-chef-de-letat","status":"publish","type":"post","link":"https:\/\/infos-droitshumains.net\/?p=1706","title":{"rendered":"Culture : A-travers deux projets Ma\u00eetre Gims et Dadju dispos\u00e9s \u00e0 accompagner la vision du chef de l\u2019\u00c9tat."},"content":{"rendered":"\n<p><strong>R\u00e9daction :+243817406088<\/strong><\/p>\n\n\n\n<p>Le chef de l\u2019\u00c9tat F\u00e9lix Tshisekedi Tshilombo a re\u00e7u ce dimanche, \u00e0 la cit\u00e9 de l\u2019OUA, deux g\u00e9ants de la musique congolaise dans la diaspora. Gandhi Djuna dit Ma\u00eetre Gims et son fr\u00e8re Dadju Djuna. Pour ces deux artistes musiciens,<strong><em> \u00able moment est venu de s\u2019investir afin de booster la culture congolaise \u00e0 travers un apport cons\u00e9quent\u00bb.<\/em><\/strong><\/p>\n\n\n\n<figure class=\"wp-block-image alignfull size-large\"><img data-recalc-dims=\"1\" height=\"427\" width=\"640\" decoding=\"async\" src=\"https:\/\/i0.wp.com\/infos-droitshumains.net\/wp-content\/uploads\/2022\/01\/20220131_113450-1024x683.jpg?resize=640%2C427&#038;ssl=1\" alt=\"\" class=\"wp-image-1714\" \/><\/figure>\n\n\n\n<p>Quelques temps seulement apr\u00e8s l\u2019inscription de la rumba congolaise dans le patrimoine culturel immat\u00e9riel de l\u2019Unesco, Ma\u00eetre Gims et Dadju ont annonc\u00e9 \u00e0 F\u00e9lix Tshisekedi leur volont\u00e9 de <strong><em>\u00abse porter ambassadeur de la musique congolaise pour faire rayonner l\u2019image de la RDC dans le monde\u00bb.<\/em><\/strong><\/p>\n\n\n\n<p>Hors mis cette volont\u00e9 manifeste de se faire ambassadeur de la culture congolaise, Ma\u00eetre Gims et Dadju \u00e9taient \u00e9galement porteurs d\u2019un m\u00e9ga-projet dont le contenu a \u00e9t\u00e9 partag\u00e9 avec le chef de l\u2019\u00c9tat. Il s\u2019agit du<strong> \u00abFestival annuel et des studios d\u2019enregistrement\u00bb<\/strong>.<\/p>\n\n\n\n<p>\u00c0-travers ce projet, Gims et Dadju entendent s\u2019investir dor\u00e9navant dans la cr\u00e9ation des studios d\u2019enregistrement de standard international en RDC. Dans le m\u00eame temps, ils projettent de capitaliser leurs diff\u00e9rentes connexions \u00e0-travers le monde en vue de la tenue, en RDC, <em>\u00abd\u2019un festival annuel susceptible d\u2019attirer des grands producteurs et autres acteurs du show buzz international\u00bb.<\/em><\/p>\n\n\n\n<figure class=\"wp-block-image alignfull size-large\"><img data-recalc-dims=\"1\" height=\"426\" width=\"640\" decoding=\"async\" src=\"https:\/\/i0.wp.com\/infos-droitshumains.net\/wp-content\/uploads\/2022\/01\/20220131_113532-1024x682.jpg?resize=640%2C426&#038;ssl=1\" alt=\"\" class=\"wp-image-1715\" \/><\/figure>\n\n\n\n<p>Les deux fr\u00e8res ont eu des mots justes pour appr\u00e9cier l\u2019attention leur accord\u00e9e par le Garant de la nation :<\/p>\n\n\n\n<p><strong><em>\u00abC\u2019est la premi\u00e8re fois que je le rencontre(pr\u00e9sident de la R\u00e9publique). C\u2019est quelqu\u2019un de tr\u00e8s charismatique. Honn\u00eatement, nous avons parl\u00e9 de choses qui vont faire avancer le pays sur le plan culturel. C\u2019est pour la musique. Vous n\u2019\u00eates pas sans savoir que le Congo a \u00e9t\u00e9 immortalis\u00e9 \u00e0 l\u2019UNESCO avec la rumba. Donc, je pense que nous avons une carte \u00e0 jouer. Je pense que c\u2019est notre r\u00f4le aujourd\u2019hui en tant qu\u2019ambassadeur de la musique congolaise \u00e0 travers le monde m\u00eame si on a \u00e9volu\u00e9 en France\u00bb <\/em><\/strong>a laiss\u00e9 entendre Ma\u00eetre Gims.<\/p>\n\n\n\n<figure class=\"wp-block-image alignfull size-large\"><img data-recalc-dims=\"1\" height=\"427\" width=\"640\" decoding=\"async\" src=\"https:\/\/i0.wp.com\/infos-droitshumains.net\/wp-content\/uploads\/2022\/01\/20220131_122403-1024x683.jpg?resize=640%2C427&#038;ssl=1\" alt=\"\" class=\"wp-image-1709\" \/><figcaption>Ma\u00eetre Gims au sortir de l&rsquo;audience leur accord\u00e9e par le chef de l&rsquo;\u00c9tat le 30\/01\/2022<\/figcaption><\/figure>\n\n\n\n<p>Pour sa part, Dadju a salu\u00e9 <strong><em>\u00abla vision du Pr\u00e9sident de la R\u00e9publique\u00bb <\/em><\/strong>qui rejoint la leur avec, en soubassement, <strong><em>\u00abl\u2019envie, ou mieux, le d\u00e9sir de faire avancer la culture congolaise en surfant sur sa meilleure repr\u00e9sentativit\u00e9 \u00e0 l\u2019international\u00bb.<\/em><\/strong><\/p>\n\n\n\n<figure class=\"wp-block-image alignfull size-large\"><img data-recalc-dims=\"1\" height=\"960\" width=\"640\" decoding=\"async\" src=\"https:\/\/i0.wp.com\/infos-droitshumains.net\/wp-content\/uploads\/2022\/01\/20220131_122412-683x1024.jpg?resize=640%2C960&#038;ssl=1\" alt=\"\" class=\"wp-image-1712\" \/><figcaption>Dadju au sortir de l&rsquo;audience leur accord\u00e9e par le chef de l&rsquo;\u00c9tat le 30\/01\/2022<\/figcaption><\/figure>\n\n\n\n<p>Au sortir des leurs \u00e9changes avec le premier des congolais, l\u2019auteur de Subliminal et son fr\u00e8re ont \u00e9t\u00e9 tout heureux d\u2019avoir \u00e9t\u00e9 d\u00e9cor\u00e9s, et re\u00e7us chacun un passeport diplomatique pour mieux repr\u00e9senter la R\u00e9publique D\u00e9mocratique du Congo \u00e0 l\u2019ext\u00e9rieur.<\/p>\n\n\n\n<p>Jo\u00ebl Diawa<\/p>\n","protected":false},"excerpt":{"rendered":"<p>R\u00e9daction :+243817406088 Le chef de l\u2019\u00c9tat F\u00e9lix Tshisekedi Tshilombo a re\u00e7u ce dimanche, \u00e0 la&#8230;<\/p>\n","protected":false},"author":2,"featured_media":0,"comment_status":"closed","ping_status":"open","sticky":false,"template":"","format":"standard","meta":{"_jetpack_memberships_contains_paid_content":false,"footnotes":""},"categories":[1],"tags":[],"class_list":["post-1706","post","type-post","status-publish","format-standard","hentry","category-non-classe"],"yoast_head":"<!-- This site is optimized with the Yoast SEO plugin v27.5 - https:\/\/yoast.com\/product\/yoast-seo-wordpress\/ -->\n<title>Culture : A-travers deux projets Ma\u00eetre Gims et Dadju dispos\u00e9s \u00e0 accompagner la vision du chef de l\u2019\u00c9tat. - Infos Droits Humains<\/title>\n<meta name=\"robots\" content=\"index, follow, max-snippet:-1, max-image-preview:large, max-video-preview:-1\" \/>\n<link rel=\"canonical\" href=\"https:\/\/infos-droitshumains.net\/?p=1706\" \/>\n<meta property=\"og:locale\" content=\"fr_FR\" \/>\n<meta property=\"og:type\" content=\"article\" \/>\n<meta property=\"og:title\" content=\"Culture : A-travers deux projets Ma\u00eetre Gims et Dadju dispos\u00e9s \u00e0 accompagner la vision du chef de l\u2019\u00c9tat. - Infos Droits Humains\" \/>\n<meta property=\"og:description\" content=\"R\u00e9daction :+243817406088 Le chef de l\u2019\u00c9tat F\u00e9lix Tshisekedi Tshilombo a re\u00e7u ce dimanche, \u00e0 la...\" \/>\n<meta property=\"og:url\" content=\"https:\/\/infos-droitshumains.net\/?p=1706\" \/>\n<meta property=\"og:site_name\" content=\"Infos Droits Humains\" \/>\n<meta property=\"article:published_time\" content=\"2022-01-31T11:35:42+00:00\" \/>\n<meta property=\"article:modified_time\" content=\"2023-04-06T10:10:31+00:00\" \/>\n<meta property=\"og:image\" content=\"https:\/\/infos-droitshumains.net\/wp-content\/uploads\/2022\/01\/20220131_113450-1024x683.jpg\" \/>\n<meta name=\"author\" content=\"Jo\u00ebl Diawa\" \/>\n<meta name=\"twitter:card\" content=\"summary_large_image\" \/>\n<meta name=\"twitter:label1\" content=\"\u00c9crit par\" \/>\n\t<meta name=\"twitter:data1\" content=\"Jo\u00ebl Diawa\" \/>\n\t<meta name=\"twitter:label2\" content=\"Dur\u00e9e de lecture estim\u00e9e\" \/>\n\t<meta name=\"twitter:data2\" content=\"2 minutes\" \/>\n<script type=\"application\/ld+json\" class=\"yoast-schema-graph\">{\"@context\":\"https:\\\/\\\/schema.org\",\"@graph\":[{\"@type\":\"Article\",\"@id\":\"https:\\\/\\\/infos-droitshumains.net\\\/?p=1706#article\",\"isPartOf\":{\"@id\":\"https:\\\/\\\/infos-droitshumains.net\\\/?p=1706\"},\"author\":{\"name\":\"Jo\u00ebl Diawa\",\"@id\":\"https:\\\/\\\/infos-droitshumains.net\\\/#\\\/schema\\\/person\\\/3dc5e921c3302172e0ed4362f96faab7\"},\"headline\":\"Culture : A-travers deux projets Ma\u00eetre Gims et Dadju dispos\u00e9s \u00e0 accompagner la vision du chef de l\u2019\u00c9tat.\",\"datePublished\":\"2022-01-31T11:35:42+00:00\",\"dateModified\":\"2023-04-06T10:10:31+00:00\",\"mainEntityOfPage\":{\"@id\":\"https:\\\/\\\/infos-droitshumains.net\\\/?p=1706\"},\"wordCount\":506,\"publisher\":{\"@id\":\"https:\\\/\\\/infos-droitshumains.net\\\/#organization\"},\"image\":{\"@id\":\"https:\\\/\\\/infos-droitshumains.net\\\/?p=1706#primaryimage\"},\"thumbnailUrl\":\"https:\\\/\\\/infos-droitshumains.net\\\/wp-content\\\/uploads\\\/2022\\\/01\\\/20220131_113450-1024x683.jpg\",\"inLanguage\":\"fr-FR\"},{\"@type\":\"WebPage\",\"@id\":\"https:\\\/\\\/infos-droitshumains.net\\\/?p=1706\",\"url\":\"https:\\\/\\\/infos-droitshumains.net\\\/?p=1706\",\"name\":\"Culture : A-travers deux projets Ma\u00eetre Gims et Dadju dispos\u00e9s \u00e0 accompagner la vision du chef de l\u2019\u00c9tat. - Infos Droits Humains\",\"isPartOf\":{\"@id\":\"https:\\\/\\\/infos-droitshumains.net\\\/#website\"},\"primaryImageOfPage\":{\"@id\":\"https:\\\/\\\/infos-droitshumains.net\\\/?p=1706#primaryimage\"},\"image\":{\"@id\":\"https:\\\/\\\/infos-droitshumains.net\\\/?p=1706#primaryimage\"},\"thumbnailUrl\":\"https:\\\/\\\/infos-droitshumains.net\\\/wp-content\\\/uploads\\\/2022\\\/01\\\/20220131_113450-1024x683.jpg\",\"datePublished\":\"2022-01-31T11:35:42+00:00\",\"dateModified\":\"2023-04-06T10:10:31+00:00\",\"breadcrumb\":{\"@id\":\"https:\\\/\\\/infos-droitshumains.net\\\/?p=1706#breadcrumb\"},\"inLanguage\":\"fr-FR\",\"potentialAction\":[{\"@type\":\"ReadAction\",\"target\":[\"https:\\\/\\\/infos-droitshumains.net\\\/?p=1706\"]}]},{\"@type\":\"ImageObject\",\"inLanguage\":\"fr-FR\",\"@id\":\"https:\\\/\\\/infos-droitshumains.net\\\/?p=1706#primaryimage\",\"url\":\"https:\\\/\\\/infos-droitshumains.net\\\/wp-content\\\/uploads\\\/2022\\\/01\\\/20220131_113450-1024x683.jpg\",\"contentUrl\":\"https:\\\/\\\/infos-droitshumains.net\\\/wp-content\\\/uploads\\\/2022\\\/01\\\/20220131_113450-1024x683.jpg\"},{\"@type\":\"BreadcrumbList\",\"@id\":\"https:\\\/\\\/infos-droitshumains.net\\\/?p=1706#breadcrumb\",\"itemListElement\":[{\"@type\":\"ListItem\",\"position\":1,\"name\":\"Accueil\",\"item\":\"https:\\\/\\\/infos-droitshumains.net\\\/\"},{\"@type\":\"ListItem\",\"position\":2,\"name\":\"Culture : A-travers deux projets Ma\u00eetre Gims et Dadju dispos\u00e9s \u00e0 accompagner la vision du chef de l\u2019\u00c9tat.\"}]},{\"@type\":\"WebSite\",\"@id\":\"https:\\\/\\\/infos-droitshumains.net\\\/#website\",\"url\":\"https:\\\/\\\/infos-droitshumains.net\\\/\",\"name\":\"Infos Droits Humains\",\"description\":\"S&#039;informer est un droit\",\"publisher\":{\"@id\":\"https:\\\/\\\/infos-droitshumains.net\\\/#organization\"},\"potentialAction\":[{\"@type\":\"SearchAction\",\"target\":{\"@type\":\"EntryPoint\",\"urlTemplate\":\"https:\\\/\\\/infos-droitshumains.net\\\/?s={search_term_string}\"},\"query-input\":{\"@type\":\"PropertyValueSpecification\",\"valueRequired\":true,\"valueName\":\"search_term_string\"}}],\"inLanguage\":\"fr-FR\"},{\"@type\":\"Organization\",\"@id\":\"https:\\\/\\\/infos-droitshumains.net\\\/#organization\",\"name\":\"Infos Droits Humains\",\"url\":\"https:\\\/\\\/infos-droitshumains.net\\\/\",\"logo\":{\"@type\":\"ImageObject\",\"inLanguage\":\"fr-FR\",\"@id\":\"https:\\\/\\\/infos-droitshumains.net\\\/#\\\/schema\\\/logo\\\/image\\\/\",\"url\":\"https:\\\/\\\/i0.wp.com\\\/infos-droitshumains.net\\\/wp-content\\\/uploads\\\/2022\\\/05\\\/Logo.png?fit=333%2C129&ssl=1\",\"contentUrl\":\"https:\\\/\\\/i0.wp.com\\\/infos-droitshumains.net\\\/wp-content\\\/uploads\\\/2022\\\/05\\\/Logo.png?fit=333%2C129&ssl=1\",\"width\":333,\"height\":129,\"caption\":\"Infos Droits Humains\"},\"image\":{\"@id\":\"https:\\\/\\\/infos-droitshumains.net\\\/#\\\/schema\\\/logo\\\/image\\\/\"}},{\"@type\":\"Person\",\"@id\":\"https:\\\/\\\/infos-droitshumains.net\\\/#\\\/schema\\\/person\\\/3dc5e921c3302172e0ed4362f96faab7\",\"name\":\"Jo\u00ebl Diawa\",\"image\":{\"@type\":\"ImageObject\",\"inLanguage\":\"fr-FR\",\"@id\":\"https:\\\/\\\/secure.gravatar.com\\\/avatar\\\/729bea6ff4604c624417803c477363be8e3c7186deaa65713313f9b4b820f41c?s=96&d=mm&r=g\",\"url\":\"https:\\\/\\\/secure.gravatar.com\\\/avatar\\\/729bea6ff4604c624417803c477363be8e3c7186deaa65713313f9b4b820f41c?s=96&d=mm&r=g\",\"contentUrl\":\"https:\\\/\\\/secure.gravatar.com\\\/avatar\\\/729bea6ff4604c624417803c477363be8e3c7186deaa65713313f9b4b820f41c?s=96&d=mm&r=g\",\"caption\":\"Jo\u00ebl Diawa\"},\"sameAs\":[\"https:\\\/\\\/www.infos-droitshumains.net\"],\"url\":\"https:\\\/\\\/infos-droitshumains.net\\\/?author=2\"}]}<\/script>\n<!-- \/ Yoast SEO plugin. -->","yoast_head_json":{"title":"Culture : A-travers deux projets Ma\u00eetre Gims et Dadju dispos\u00e9s \u00e0 accompagner la vision du chef de l\u2019\u00c9tat. - Infos Droits Humains","robots":{"index":"index","follow":"follow","max-snippet":"max-snippet:-1","max-image-preview":"max-image-preview:large","max-video-preview":"max-video-preview:-1"},"canonical":"https:\/\/infos-droitshumains.net\/?p=1706","og_locale":"fr_FR","og_type":"article","og_title":"Culture : A-travers deux projets Ma\u00eetre Gims et Dadju dispos\u00e9s \u00e0 accompagner la vision du chef de l\u2019\u00c9tat. - Infos Droits Humains","og_description":"R\u00e9daction :+243817406088 Le chef de l\u2019\u00c9tat F\u00e9lix Tshisekedi Tshilombo a re\u00e7u ce dimanche, \u00e0 la...","og_url":"https:\/\/infos-droitshumains.net\/?p=1706","og_site_name":"Infos Droits Humains","article_published_time":"2022-01-31T11:35:42+00:00","article_modified_time":"2023-04-06T10:10:31+00:00","og_image":[{"url":"https:\/\/infos-droitshumains.net\/wp-content\/uploads\/2022\/01\/20220131_113450-1024x683.jpg","type":"","width":"","height":""}],"author":"Jo\u00ebl Diawa","twitter_card":"summary_large_image","twitter_misc":{"\u00c9crit par":"Jo\u00ebl Diawa","Dur\u00e9e de lecture estim\u00e9e":"2 minutes"},"schema":{"@context":"https:\/\/schema.org","@graph":[{"@type":"Article","@id":"https:\/\/infos-droitshumains.net\/?p=1706#article","isPartOf":{"@id":"https:\/\/infos-droitshumains.net\/?p=1706"},"author":{"name":"Jo\u00ebl Diawa","@id":"https:\/\/infos-droitshumains.net\/#\/schema\/person\/3dc5e921c3302172e0ed4362f96faab7"},"headline":"Culture : A-travers deux projets Ma\u00eetre Gims et Dadju dispos\u00e9s \u00e0 accompagner la vision du chef de l\u2019\u00c9tat.","datePublished":"2022-01-31T11:35:42+00:00","dateModified":"2023-04-06T10:10:31+00:00","mainEntityOfPage":{"@id":"https:\/\/infos-droitshumains.net\/?p=1706"},"wordCount":506,"publisher":{"@id":"https:\/\/infos-droitshumains.net\/#organization"},"image":{"@id":"https:\/\/infos-droitshumains.net\/?p=1706#primaryimage"},"thumbnailUrl":"https:\/\/infos-droitshumains.net\/wp-content\/uploads\/2022\/01\/20220131_113450-1024x683.jpg","inLanguage":"fr-FR"},{"@type":"WebPage","@id":"https:\/\/infos-droitshumains.net\/?p=1706","url":"https:\/\/infos-droitshumains.net\/?p=1706","name":"Culture : A-travers deux projets Ma\u00eetre Gims et Dadju dispos\u00e9s \u00e0 accompagner la vision du chef de l\u2019\u00c9tat. - Infos Droits Humains","isPartOf":{"@id":"https:\/\/infos-droitshumains.net\/#website"},"primaryImageOfPage":{"@id":"https:\/\/infos-droitshumains.net\/?p=1706#primaryimage"},"image":{"@id":"https:\/\/infos-droitshumains.net\/?p=1706#primaryimage"},"thumbnailUrl":"https:\/\/infos-droitshumains.net\/wp-content\/uploads\/2022\/01\/20220131_113450-1024x683.jpg","datePublished":"2022-01-31T11:35:42+00:00","dateModified":"2023-04-06T10:10:31+00:00","breadcrumb":{"@id":"https:\/\/infos-droitshumains.net\/?p=1706#breadcrumb"},"inLanguage":"fr-FR","potentialAction":[{"@type":"ReadAction","target":["https:\/\/infos-droitshumains.net\/?p=1706"]}]},{"@type":"ImageObject","inLanguage":"fr-FR","@id":"https:\/\/infos-droitshumains.net\/?p=1706#primaryimage","url":"https:\/\/infos-droitshumains.net\/wp-content\/uploads\/2022\/01\/20220131_113450-1024x683.jpg","contentUrl":"https:\/\/infos-droitshumains.net\/wp-content\/uploads\/2022\/01\/20220131_113450-1024x683.jpg"},{"@type":"BreadcrumbList","@id":"https:\/\/infos-droitshumains.net\/?p=1706#breadcrumb","itemListElement":[{"@type":"ListItem","position":1,"name":"Accueil","item":"https:\/\/infos-droitshumains.net\/"},{"@type":"ListItem","position":2,"name":"Culture : A-travers deux projets Ma\u00eetre Gims et Dadju dispos\u00e9s \u00e0 accompagner la vision du chef de l\u2019\u00c9tat."}]},{"@type":"WebSite","@id":"https:\/\/infos-droitshumains.net\/#website","url":"https:\/\/infos-droitshumains.net\/","name":"Infos Droits Humains","description":"S&#039;informer est un droit","publisher":{"@id":"https:\/\/infos-droitshumains.net\/#organization"},"potentialAction":[{"@type":"SearchAction","target":{"@type":"EntryPoint","urlTemplate":"https:\/\/infos-droitshumains.net\/?s={search_term_string}"},"query-input":{"@type":"PropertyValueSpecification","valueRequired":true,"valueName":"search_term_string"}}],"inLanguage":"fr-FR"},{"@type":"Organization","@id":"https:\/\/infos-droitshumains.net\/#organization","name":"Infos Droits Humains","url":"https:\/\/infos-droitshumains.net\/","logo":{"@type":"ImageObject","inLanguage":"fr-FR","@id":"https:\/\/infos-droitshumains.net\/#\/schema\/logo\/image\/","url":"https:\/\/i0.wp.com\/infos-droitshumains.net\/wp-content\/uploads\/2022\/05\/Logo.png?fit=333%2C129&ssl=1","contentUrl":"https:\/\/i0.wp.com\/infos-droitshumains.net\/wp-content\/uploads\/2022\/05\/Logo.png?fit=333%2C129&ssl=1","width":333,"height":129,"caption":"Infos Droits Humains"},"image":{"@id":"https:\/\/infos-droitshumains.net\/#\/schema\/logo\/image\/"}},{"@type":"Person","@id":"https:\/\/infos-droitshumains.net\/#\/schema\/person\/3dc5e921c3302172e0ed4362f96faab7","name":"Jo\u00ebl Diawa","image":{"@type":"ImageObject","inLanguage":"fr-FR","@id":"https:\/\/secure.gravatar.com\/avatar\/729bea6ff4604c624417803c477363be8e3c7186deaa65713313f9b4b820f41c?s=96&d=mm&r=g","url":"https:\/\/secure.gravatar.com\/avatar\/729bea6ff4604c624417803c477363be8e3c7186deaa65713313f9b4b820f41c?s=96&d=mm&r=g","contentUrl":"https:\/\/secure.gravatar.com\/avatar\/729bea6ff4604c624417803c477363be8e3c7186deaa65713313f9b4b820f41c?s=96&d=mm&r=g","caption":"Jo\u00ebl Diawa"},"sameAs":["https:\/\/www.infos-droitshumains.net"],"url":"https:\/\/infos-droitshumains.net\/?author=2"}]}},"featured_image_urls":{"full":"","thumbnail":"","medium":"","medium_large":"","large":"","1536x1536":"","2048x2048":"","covernews-slider-full":"","covernews-slider-center":"","covernews-featured":"","covernews-medium":"","covernews-medium-square":""},"author_info":{"display_name":"Jo\u00ebl Diawa","author_link":"https:\/\/infos-droitshumains.net\/?author=2"},"category_info":"<a href=\"https:\/\/infos-droitshumains.net\/?cat=1\" rel=\"category\">Non class\u00e9<\/a>","tag_info":"Non class\u00e9","comment_count":"0","jetpack_featured_media_url":"","jetpack-related-posts":[],"jetpack_sharing_enabled":true,"_links":{"self":[{"href":"https:\/\/infos-droitshumains.net\/index.php?rest_route=\/wp\/v2\/posts\/1706","targetHints":{"allow":["GET"]}}],"collection":[{"href":"https:\/\/infos-droitshumains.net\/index.php?rest_route=\/wp\/v2\/posts"}],"about":[{"href":"https:\/\/infos-droitshumains.net\/index.php?rest_route=\/wp\/v2\/types\/post"}],"author":[{"embeddable":true,"href":"https:\/\/infos-droitshumains.net\/index.php?rest_route=\/wp\/v2\/users\/2"}],"replies":[{"embeddable":true,"href":"https:\/\/infos-droitshumains.net\/index.php?rest_route=%2Fwp%2Fv2%2Fcomments&post=1706"}],"version-history":[{"count":6,"href":"https:\/\/infos-droitshumains.net\/index.php?rest_route=\/wp\/v2\/posts\/1706\/revisions"}],"predecessor-version":[{"id":1716,"href":"https:\/\/infos-droitshumains.net\/index.php?rest_route=\/wp\/v2\/posts\/1706\/revisions\/1716"}],"wp:attachment":[{"href":"https:\/\/infos-droitshumains.net\/index.php?rest_route=%2Fwp%2Fv2%2Fmedia&parent=1706"}],"wp:term":[{"taxonomy":"category","embeddable":true,"href":"https:\/\/infos-droitshumains.net\/index.php?rest_route=%2Fwp%2Fv2%2Fcategories&post=1706"},{"taxonomy":"post_tag","embeddable":true,"href":"https:\/\/infos-droitshumains.net\/index.php?rest_route=%2Fwp%2Fv2%2Ftags&post=1706"}],"curies":[{"name":"wp","href":"https:\/\/api.w.org\/{rel}","templated":true}]}}