{"id":17059,"date":"2025-11-27T00:58:42","date_gmt":"2025-11-26T23:58:42","guid":{"rendered":"https:\/\/infos-droitshumains.net\/?p=17059"},"modified":"2025-11-27T00:58:43","modified_gmt":"2025-11-26T23:58:43","slug":"a-durban-aime-boji-recadre-retablir-la-verite-pour-retablir-la-paix","status":"publish","type":"post","link":"https:\/\/infos-droitshumains.net\/?p=17059","title":{"rendered":"\u00c0 Durban, Aim\u00e9 Boji recadre : \u00ab R\u00e9tablir la v\u00e9rit\u00e9 pour r\u00e9tablir la paix \u00bb"},"content":{"rendered":"\n<p><strong>R\u00e9daction: +243 817 406 088<\/strong><\/p>\n\n\n\n<h3 class=\"wp-block-heading has-vivid-red-color has-text-color has-link-color wp-elements-238b18625c5ae5ebecd3cd2820dd96b7\">En marge de la r\u00e9union du Comit\u00e9 ex\u00e9cutif du Forum parlementaire de la SADC qui s\u2019est ouverte \u00e0 Durban, en Afrique du Sud, le Pr\u00e9sident de l\u2019Assembl\u00e9e nationale de la R\u00e9publique d\u00e9mocratique du Congo, Aim\u00e9 Boji, a livr\u00e9 une intervention d\u2019une rare clart\u00e9 politique et diplomatique.<\/h3>\n\n\n\n<p>Arriv\u00e9 dans la matin\u00e9e \u00e0 Durban, le speaker de la chambre basse du parlement congolais a replac\u00e9 au centre des discussions la qu\u00eate de paix dans l\u2019Est de la RDC, rappelant que le pays demeure engag\u00e9 dans plusieurs processus diplomatiques majeurs destin\u00e9s \u00e0 mettre fin \u00e0 une guerre qui frappe son peuple depuis des d\u00e9cennies.<\/p>\n\n\n\n<p>Devant ses pairs parlementaires de la SADC, Aim\u00e9 Boji a tenu \u00e0 clarifier un point fondamental concernant l\u2019accord de paix sign\u00e9 le 27 juin 2025 entre la RDC et le Rwanda. Il a notamment attir\u00e9 l\u2019attention sur le paragraphe 6.6.1.1 du rapport soumis au Comit\u00e9 ex\u00e9cutif, qui laisse entendre que les FDLR et le M23 auraient conjointement d\u00e9stabilis\u00e9 le Rwanda et l\u2019Est de la RDC. Une interpr\u00e9tation <em>\u00ab&nbsp;inexacte&nbsp;\u00bb<\/em>, a-t-il insist\u00e9.<\/p>\n\n\n\n<figure class=\"wp-block-image alignfull size-large\"><img data-recalc-dims=\"1\" fetchpriority=\"high\" decoding=\"async\" width=\"640\" height=\"360\" src=\"https:\/\/i0.wp.com\/infos-droitshumains.net\/wp-content\/uploads\/2025\/11\/IMG-20251127-WA0005.jpg?resize=640%2C360&#038;ssl=1\" alt=\"\" class=\"wp-image-17064\" srcset=\"https:\/\/i0.wp.com\/infos-droitshumains.net\/wp-content\/uploads\/2025\/11\/IMG-20251127-WA0005.jpg?resize=1024%2C576&amp;ssl=1 1024w, https:\/\/i0.wp.com\/infos-droitshumains.net\/wp-content\/uploads\/2025\/11\/IMG-20251127-WA0005.jpg?resize=300%2C169&amp;ssl=1 300w, https:\/\/i0.wp.com\/infos-droitshumains.net\/wp-content\/uploads\/2025\/11\/IMG-20251127-WA0005.jpg?resize=768%2C432&amp;ssl=1 768w, https:\/\/i0.wp.com\/infos-droitshumains.net\/wp-content\/uploads\/2025\/11\/IMG-20251127-WA0005.jpg?w=1080&amp;ssl=1 1080w\" sizes=\"(max-width: 640px) 100vw, 640px\" \/><\/figure>\n\n\n\n<p><em>\u00ab Il n\u2019y a eu aucune incursion ni action arm\u00e9e des FDLR sur le sol rwandais depuis plusieurs d\u00e9cennies. Les quelques centaines de miliciens encore actifs op\u00e8rent exclusivement en R\u00e9publique d\u00e9mocratique du Congo, et contre ses int\u00e9r\u00eats. Les FDLR servent aujourd\u2019hui de pr\u00e9texte pour justifier les agressions contre notre pays, tandis que le M23 est utilis\u00e9 comme un v\u00e9ritable cheval de Troie. \u00bb<\/em><\/p>\n\n\n\n<p>Tout en reconnaissant que les FDLR constituent bel et bien une force n\u00e9gative \u00e0 d\u00e9manteler, conform\u00e9ment \u00e0 l\u2019Accord de Washington, Aim\u00e9 Boji a exig\u00e9 que les documents officiels refl\u00e8tent rigoureusement la r\u00e9alit\u00e9 des faits, sans approximation ni confusion volontaire ou involontaire.<\/p>\n\n\n\n<p>Il a \u00e9galement rappel\u00e9 que l\u2019accord de Washington s\u2019inscrit dans la continuit\u00e9 des processus de Nairobi et de Luanda, port\u00e9s notamment par l\u2019implication personnelle du Pr\u00e9sident angolais Jo\u00e3o Louren\u00e7o. En parall\u00e8le, a-t-il rench\u00e9ri, <em>\u00ab les pourparlers de Doha, engag\u00e9s entre le Gouvernement congolais et le M23, ont abouti le 15 novembre dernier \u00e0 la signature d\u2019un Accord-Cadre, premi\u00e8re \u00e9tape vers un accord global visant la paix, la stabilit\u00e9 et la restauration de l\u2019int\u00e9grit\u00e9 territoriale de la RDC. \u00bb<\/em><\/p>\n\n\n\n<figure class=\"wp-block-image alignfull size-large\"><img data-recalc-dims=\"1\" decoding=\"async\" width=\"640\" height=\"427\" src=\"https:\/\/i0.wp.com\/infos-droitshumains.net\/wp-content\/uploads\/2025\/11\/IMG-20251127-WA0002.jpg?resize=640%2C427&#038;ssl=1\" alt=\"\" class=\"wp-image-17065\" srcset=\"https:\/\/i0.wp.com\/infos-droitshumains.net\/wp-content\/uploads\/2025\/11\/IMG-20251127-WA0002.jpg?resize=1024%2C683&amp;ssl=1 1024w, https:\/\/i0.wp.com\/infos-droitshumains.net\/wp-content\/uploads\/2025\/11\/IMG-20251127-WA0002.jpg?resize=300%2C200&amp;ssl=1 300w, https:\/\/i0.wp.com\/infos-droitshumains.net\/wp-content\/uploads\/2025\/11\/IMG-20251127-WA0002.jpg?resize=768%2C512&amp;ssl=1 768w, https:\/\/i0.wp.com\/infos-droitshumains.net\/wp-content\/uploads\/2025\/11\/IMG-20251127-WA0002.jpg?w=1075&amp;ssl=1 1075w\" sizes=\"(max-width: 640px) 100vw, 640px\" \/><\/figure>\n\n\n\n<p>Malgr\u00e9 ces avanc\u00e9es diplomatiques, les d\u00e9fis restent colossaux. <em>\u00ab Les tensions demeurent fortes, notamment du fait de violations graves des droits humains dans les zones actuellement occup\u00e9es par les forces arm\u00e9es rwandaises et leurs suppl\u00e9tifs du M23 \u00bb<\/em>, a martel\u00e9 le Pr\u00e9sident de l\u2019Assembl\u00e9e nationale.<\/p>\n\n\n\n<p>Cette intervention s\u2019inscrit dans la dynamique renouvel\u00e9e d\u2019une diplomatie parlementaire proactive, devenue l\u2019un des piliers centraux de l\u2019action du Parlement congolais. Laquelle diplomatie qui vise \u00e0 soutenir les efforts du Pr\u00e9sident de la R\u00e9publique, engag\u00e9 depuis son accession au pouvoir dans un combat de longue haleine pour mettre fin d\u00e9finitivement \u00e0 cette guerre qui dure depuis plus de deux d\u00e9cennies.<\/p>\n\n\n\n<figure class=\"wp-block-image alignfull size-large\"><img data-recalc-dims=\"1\" decoding=\"async\" width=\"640\" height=\"361\" src=\"https:\/\/i0.wp.com\/infos-droitshumains.net\/wp-content\/uploads\/2025\/11\/IMG-20251127-WA0004.jpg?resize=640%2C361&#038;ssl=1\" alt=\"\" class=\"wp-image-17066\" srcset=\"https:\/\/i0.wp.com\/infos-droitshumains.net\/wp-content\/uploads\/2025\/11\/IMG-20251127-WA0004.jpg?resize=1024%2C577&amp;ssl=1 1024w, https:\/\/i0.wp.com\/infos-droitshumains.net\/wp-content\/uploads\/2025\/11\/IMG-20251127-WA0004.jpg?resize=300%2C169&amp;ssl=1 300w, https:\/\/i0.wp.com\/infos-droitshumains.net\/wp-content\/uploads\/2025\/11\/IMG-20251127-WA0004.jpg?resize=768%2C433&amp;ssl=1 768w, https:\/\/i0.wp.com\/infos-droitshumains.net\/wp-content\/uploads\/2025\/11\/IMG-20251127-WA0004.jpg?w=1080&amp;ssl=1 1080w\" sizes=\"(max-width: 640px) 100vw, 640px\" \/><\/figure>\n\n\n\n<p>En portant la voix de la RDC dans les instances r\u00e9gionales, Aim\u00e9 Boji contribue \u00e0 r\u00e9tablir la v\u00e9rit\u00e9, renforcer la solidarit\u00e9 africaine et mobiliser les partenaires de la SADC autour d\u2019une exigence commune : la paix, la justice et la protection de la souverainet\u00e9 congolaise.<\/p>\n\n\n\n<p>Jo\u00ebl Diawa<\/p>\n","protected":false},"excerpt":{"rendered":"<p>R\u00e9daction: +243 817 406 088 En marge de la r\u00e9union du Comit\u00e9 ex\u00e9cutif du Forum&#8230;<\/p>\n","protected":false},"author":2,"featured_media":17063,"comment_status":"open","ping_status":"open","sticky":false,"template":"","format":"standard","meta":{"_jetpack_memberships_contains_paid_content":false,"footnotes":""},"categories":[3],"tags":[],"class_list":["post-17059","post","type-post","status-publish","format-standard","has-post-thumbnail","hentry","category-politique"],"yoast_head":"<!-- This site is optimized with the Yoast SEO plugin v27.5 - https:\/\/yoast.com\/product\/yoast-seo-wordpress\/ -->\n<title>\u00c0 Durban, Aim\u00e9 Boji recadre : \u00ab R\u00e9tablir la v\u00e9rit\u00e9 pour r\u00e9tablir la paix \u00bb - Infos Droits Humains<\/title>\n<meta name=\"robots\" content=\"index, follow, max-snippet:-1, max-image-preview:large, max-video-preview:-1\" \/>\n<link rel=\"canonical\" href=\"https:\/\/infos-droitshumains.net\/?p=17059\" \/>\n<meta property=\"og:locale\" content=\"fr_FR\" \/>\n<meta property=\"og:type\" content=\"article\" \/>\n<meta property=\"og:title\" content=\"\u00c0 Durban, Aim\u00e9 Boji recadre : \u00ab R\u00e9tablir la v\u00e9rit\u00e9 pour r\u00e9tablir la paix \u00bb - Infos Droits Humains\" \/>\n<meta property=\"og:description\" content=\"R\u00e9daction: +243 817 406 088 En marge de la r\u00e9union du Comit\u00e9 ex\u00e9cutif du Forum...\" \/>\n<meta property=\"og:url\" content=\"https:\/\/infos-droitshumains.net\/?p=17059\" \/>\n<meta property=\"og:site_name\" content=\"Infos Droits Humains\" \/>\n<meta property=\"article:published_time\" content=\"2025-11-26T23:58:42+00:00\" \/>\n<meta property=\"article:modified_time\" content=\"2025-11-26T23:58:43+00:00\" \/>\n<meta property=\"og:image\" content=\"https:\/\/infos-droitshumains.net\/wp-content\/uploads\/2025\/11\/IMG-20251127-WA0001.jpg\" \/>\n\t<meta property=\"og:image:width\" content=\"1080\" \/>\n\t<meta property=\"og:image:height\" content=\"617\" \/>\n\t<meta property=\"og:image:type\" content=\"image\/jpeg\" \/>\n<meta name=\"author\" content=\"Jo\u00ebl Diawa\" \/>\n<meta name=\"twitter:card\" content=\"summary_large_image\" \/>\n<meta name=\"twitter:label1\" content=\"\u00c9crit par\" \/>\n\t<meta name=\"twitter:data1\" content=\"Jo\u00ebl Diawa\" \/>\n\t<meta name=\"twitter:label2\" content=\"Dur\u00e9e de lecture estim\u00e9e\" \/>\n\t<meta name=\"twitter:data2\" content=\"3 minutes\" \/>\n<script type=\"application\/ld+json\" class=\"yoast-schema-graph\">{\"@context\":\"https:\\\/\\\/schema.org\",\"@graph\":[{\"@type\":\"Article\",\"@id\":\"https:\\\/\\\/infos-droitshumains.net\\\/?p=17059#article\",\"isPartOf\":{\"@id\":\"https:\\\/\\\/infos-droitshumains.net\\\/?p=17059\"},\"author\":{\"name\":\"Jo\u00ebl Diawa\",\"@id\":\"https:\\\/\\\/infos-droitshumains.net\\\/#\\\/schema\\\/person\\\/3dc5e921c3302172e0ed4362f96faab7\"},\"headline\":\"\u00c0 Durban, Aim\u00e9 Boji recadre : \u00ab R\u00e9tablir la v\u00e9rit\u00e9 pour r\u00e9tablir la paix \u00bb\",\"datePublished\":\"2025-11-26T23:58:42+00:00\",\"dateModified\":\"2025-11-26T23:58:43+00:00\",\"mainEntityOfPage\":{\"@id\":\"https:\\\/\\\/infos-droitshumains.net\\\/?p=17059\"},\"wordCount\":574,\"commentCount\":0,\"publisher\":{\"@id\":\"https:\\\/\\\/infos-droitshumains.net\\\/#organization\"},\"image\":{\"@id\":\"https:\\\/\\\/infos-droitshumains.net\\\/?p=17059#primaryimage\"},\"thumbnailUrl\":\"https:\\\/\\\/i0.wp.com\\\/infos-droitshumains.net\\\/wp-content\\\/uploads\\\/2025\\\/11\\\/IMG-20251127-WA0001.jpg?fit=1080%2C617&ssl=1\",\"articleSection\":[\"Politique\"],\"inLanguage\":\"fr-FR\",\"potentialAction\":[{\"@type\":\"CommentAction\",\"name\":\"Comment\",\"target\":[\"https:\\\/\\\/infos-droitshumains.net\\\/?p=17059#respond\"]}]},{\"@type\":\"WebPage\",\"@id\":\"https:\\\/\\\/infos-droitshumains.net\\\/?p=17059\",\"url\":\"https:\\\/\\\/infos-droitshumains.net\\\/?p=17059\",\"name\":\"\u00c0 Durban, Aim\u00e9 Boji recadre : \u00ab R\u00e9tablir la v\u00e9rit\u00e9 pour r\u00e9tablir la paix \u00bb - Infos Droits Humains\",\"isPartOf\":{\"@id\":\"https:\\\/\\\/infos-droitshumains.net\\\/#website\"},\"primaryImageOfPage\":{\"@id\":\"https:\\\/\\\/infos-droitshumains.net\\\/?p=17059#primaryimage\"},\"image\":{\"@id\":\"https:\\\/\\\/infos-droitshumains.net\\\/?p=17059#primaryimage\"},\"thumbnailUrl\":\"https:\\\/\\\/i0.wp.com\\\/infos-droitshumains.net\\\/wp-content\\\/uploads\\\/2025\\\/11\\\/IMG-20251127-WA0001.jpg?fit=1080%2C617&ssl=1\",\"datePublished\":\"2025-11-26T23:58:42+00:00\",\"dateModified\":\"2025-11-26T23:58:43+00:00\",\"breadcrumb\":{\"@id\":\"https:\\\/\\\/infos-droitshumains.net\\\/?p=17059#breadcrumb\"},\"inLanguage\":\"fr-FR\",\"potentialAction\":[{\"@type\":\"ReadAction\",\"target\":[\"https:\\\/\\\/infos-droitshumains.net\\\/?p=17059\"]}]},{\"@type\":\"ImageObject\",\"inLanguage\":\"fr-FR\",\"@id\":\"https:\\\/\\\/infos-droitshumains.net\\\/?p=17059#primaryimage\",\"url\":\"https:\\\/\\\/i0.wp.com\\\/infos-droitshumains.net\\\/wp-content\\\/uploads\\\/2025\\\/11\\\/IMG-20251127-WA0001.jpg?fit=1080%2C617&ssl=1\",\"contentUrl\":\"https:\\\/\\\/i0.wp.com\\\/infos-droitshumains.net\\\/wp-content\\\/uploads\\\/2025\\\/11\\\/IMG-20251127-WA0001.jpg?fit=1080%2C617&ssl=1\",\"width\":1080,\"height\":617},{\"@type\":\"BreadcrumbList\",\"@id\":\"https:\\\/\\\/infos-droitshumains.net\\\/?p=17059#breadcrumb\",\"itemListElement\":[{\"@type\":\"ListItem\",\"position\":1,\"name\":\"Accueil\",\"item\":\"https:\\\/\\\/infos-droitshumains.net\\\/\"},{\"@type\":\"ListItem\",\"position\":2,\"name\":\"\u00c0 Durban, Aim\u00e9 Boji recadre : \u00ab R\u00e9tablir la v\u00e9rit\u00e9 pour r\u00e9tablir la paix \u00bb\"}]},{\"@type\":\"WebSite\",\"@id\":\"https:\\\/\\\/infos-droitshumains.net\\\/#website\",\"url\":\"https:\\\/\\\/infos-droitshumains.net\\\/\",\"name\":\"Infos Droits Humains\",\"description\":\"S&#039;informer est un droit\",\"publisher\":{\"@id\":\"https:\\\/\\\/infos-droitshumains.net\\\/#organization\"},\"potentialAction\":[{\"@type\":\"SearchAction\",\"target\":{\"@type\":\"EntryPoint\",\"urlTemplate\":\"https:\\\/\\\/infos-droitshumains.net\\\/?s={search_term_string}\"},\"query-input\":{\"@type\":\"PropertyValueSpecification\",\"valueRequired\":true,\"valueName\":\"search_term_string\"}}],\"inLanguage\":\"fr-FR\"},{\"@type\":\"Organization\",\"@id\":\"https:\\\/\\\/infos-droitshumains.net\\\/#organization\",\"name\":\"Infos Droits Humains\",\"url\":\"https:\\\/\\\/infos-droitshumains.net\\\/\",\"logo\":{\"@type\":\"ImageObject\",\"inLanguage\":\"fr-FR\",\"@id\":\"https:\\\/\\\/infos-droitshumains.net\\\/#\\\/schema\\\/logo\\\/image\\\/\",\"url\":\"https:\\\/\\\/i0.wp.com\\\/infos-droitshumains.net\\\/wp-content\\\/uploads\\\/2022\\\/05\\\/Logo.png?fit=333%2C129&ssl=1\",\"contentUrl\":\"https:\\\/\\\/i0.wp.com\\\/infos-droitshumains.net\\\/wp-content\\\/uploads\\\/2022\\\/05\\\/Logo.png?fit=333%2C129&ssl=1\",\"width\":333,\"height\":129,\"caption\":\"Infos Droits Humains\"},\"image\":{\"@id\":\"https:\\\/\\\/infos-droitshumains.net\\\/#\\\/schema\\\/logo\\\/image\\\/\"}},{\"@type\":\"Person\",\"@id\":\"https:\\\/\\\/infos-droitshumains.net\\\/#\\\/schema\\\/person\\\/3dc5e921c3302172e0ed4362f96faab7\",\"name\":\"Jo\u00ebl Diawa\",\"image\":{\"@type\":\"ImageObject\",\"inLanguage\":\"fr-FR\",\"@id\":\"https:\\\/\\\/secure.gravatar.com\\\/avatar\\\/729bea6ff4604c624417803c477363be8e3c7186deaa65713313f9b4b820f41c?s=96&d=mm&r=g\",\"url\":\"https:\\\/\\\/secure.gravatar.com\\\/avatar\\\/729bea6ff4604c624417803c477363be8e3c7186deaa65713313f9b4b820f41c?s=96&d=mm&r=g\",\"contentUrl\":\"https:\\\/\\\/secure.gravatar.com\\\/avatar\\\/729bea6ff4604c624417803c477363be8e3c7186deaa65713313f9b4b820f41c?s=96&d=mm&r=g\",\"caption\":\"Jo\u00ebl Diawa\"},\"sameAs\":[\"https:\\\/\\\/www.infos-droitshumains.net\"],\"url\":\"https:\\\/\\\/infos-droitshumains.net\\\/?author=2\"}]}<\/script>\n<!-- \/ Yoast SEO plugin. -->","yoast_head_json":{"title":"\u00c0 Durban, Aim\u00e9 Boji recadre : \u00ab R\u00e9tablir la v\u00e9rit\u00e9 pour r\u00e9tablir la paix \u00bb - Infos Droits Humains","robots":{"index":"index","follow":"follow","max-snippet":"max-snippet:-1","max-image-preview":"max-image-preview:large","max-video-preview":"max-video-preview:-1"},"canonical":"https:\/\/infos-droitshumains.net\/?p=17059","og_locale":"fr_FR","og_type":"article","og_title":"\u00c0 Durban, Aim\u00e9 Boji recadre : \u00ab R\u00e9tablir la v\u00e9rit\u00e9 pour r\u00e9tablir la paix \u00bb - Infos Droits Humains","og_description":"R\u00e9daction: +243 817 406 088 En marge de la r\u00e9union du Comit\u00e9 ex\u00e9cutif du Forum...","og_url":"https:\/\/infos-droitshumains.net\/?p=17059","og_site_name":"Infos Droits Humains","article_published_time":"2025-11-26T23:58:42+00:00","article_modified_time":"2025-11-26T23:58:43+00:00","og_image":[{"width":1080,"height":617,"url":"https:\/\/infos-droitshumains.net\/wp-content\/uploads\/2025\/11\/IMG-20251127-WA0001.jpg","type":"image\/jpeg"}],"author":"Jo\u00ebl Diawa","twitter_card":"summary_large_image","twitter_misc":{"\u00c9crit par":"Jo\u00ebl Diawa","Dur\u00e9e de lecture estim\u00e9e":"3 minutes"},"schema":{"@context":"https:\/\/schema.org","@graph":[{"@type":"Article","@id":"https:\/\/infos-droitshumains.net\/?p=17059#article","isPartOf":{"@id":"https:\/\/infos-droitshumains.net\/?p=17059"},"author":{"name":"Jo\u00ebl Diawa","@id":"https:\/\/infos-droitshumains.net\/#\/schema\/person\/3dc5e921c3302172e0ed4362f96faab7"},"headline":"\u00c0 Durban, Aim\u00e9 Boji recadre : \u00ab R\u00e9tablir la v\u00e9rit\u00e9 pour r\u00e9tablir la paix \u00bb","datePublished":"2025-11-26T23:58:42+00:00","dateModified":"2025-11-26T23:58:43+00:00","mainEntityOfPage":{"@id":"https:\/\/infos-droitshumains.net\/?p=17059"},"wordCount":574,"commentCount":0,"publisher":{"@id":"https:\/\/infos-droitshumains.net\/#organization"},"image":{"@id":"https:\/\/infos-droitshumains.net\/?p=17059#primaryimage"},"thumbnailUrl":"https:\/\/i0.wp.com\/infos-droitshumains.net\/wp-content\/uploads\/2025\/11\/IMG-20251127-WA0001.jpg?fit=1080%2C617&ssl=1","articleSection":["Politique"],"inLanguage":"fr-FR","potentialAction":[{"@type":"CommentAction","name":"Comment","target":["https:\/\/infos-droitshumains.net\/?p=17059#respond"]}]},{"@type":"WebPage","@id":"https:\/\/infos-droitshumains.net\/?p=17059","url":"https:\/\/infos-droitshumains.net\/?p=17059","name":"\u00c0 Durban, Aim\u00e9 Boji recadre : \u00ab R\u00e9tablir la v\u00e9rit\u00e9 pour r\u00e9tablir la paix \u00bb - Infos Droits Humains","isPartOf":{"@id":"https:\/\/infos-droitshumains.net\/#website"},"primaryImageOfPage":{"@id":"https:\/\/infos-droitshumains.net\/?p=17059#primaryimage"},"image":{"@id":"https:\/\/infos-droitshumains.net\/?p=17059#primaryimage"},"thumbnailUrl":"https:\/\/i0.wp.com\/infos-droitshumains.net\/wp-content\/uploads\/2025\/11\/IMG-20251127-WA0001.jpg?fit=1080%2C617&ssl=1","datePublished":"2025-11-26T23:58:42+00:00","dateModified":"2025-11-26T23:58:43+00:00","breadcrumb":{"@id":"https:\/\/infos-droitshumains.net\/?p=17059#breadcrumb"},"inLanguage":"fr-FR","potentialAction":[{"@type":"ReadAction","target":["https:\/\/infos-droitshumains.net\/?p=17059"]}]},{"@type":"ImageObject","inLanguage":"fr-FR","@id":"https:\/\/infos-droitshumains.net\/?p=17059#primaryimage","url":"https:\/\/i0.wp.com\/infos-droitshumains.net\/wp-content\/uploads\/2025\/11\/IMG-20251127-WA0001.jpg?fit=1080%2C617&ssl=1","contentUrl":"https:\/\/i0.wp.com\/infos-droitshumains.net\/wp-content\/uploads\/2025\/11\/IMG-20251127-WA0001.jpg?fit=1080%2C617&ssl=1","width":1080,"height":617},{"@type":"BreadcrumbList","@id":"https:\/\/infos-droitshumains.net\/?p=17059#breadcrumb","itemListElement":[{"@type":"ListItem","position":1,"name":"Accueil","item":"https:\/\/infos-droitshumains.net\/"},{"@type":"ListItem","position":2,"name":"\u00c0 Durban, Aim\u00e9 Boji recadre : \u00ab R\u00e9tablir la v\u00e9rit\u00e9 pour r\u00e9tablir la paix \u00bb"}]},{"@type":"WebSite","@id":"https:\/\/infos-droitshumains.net\/#website","url":"https:\/\/infos-droitshumains.net\/","name":"Infos Droits Humains","description":"S&#039;informer est un droit","publisher":{"@id":"https:\/\/infos-droitshumains.net\/#organization"},"potentialAction":[{"@type":"SearchAction","target":{"@type":"EntryPoint","urlTemplate":"https:\/\/infos-droitshumains.net\/?s={search_term_string}"},"query-input":{"@type":"PropertyValueSpecification","valueRequired":true,"valueName":"search_term_string"}}],"inLanguage":"fr-FR"},{"@type":"Organization","@id":"https:\/\/infos-droitshumains.net\/#organization","name":"Infos Droits Humains","url":"https:\/\/infos-droitshumains.net\/","logo":{"@type":"ImageObject","inLanguage":"fr-FR","@id":"https:\/\/infos-droitshumains.net\/#\/schema\/logo\/image\/","url":"https:\/\/i0.wp.com\/infos-droitshumains.net\/wp-content\/uploads\/2022\/05\/Logo.png?fit=333%2C129&ssl=1","contentUrl":"https:\/\/i0.wp.com\/infos-droitshumains.net\/wp-content\/uploads\/2022\/05\/Logo.png?fit=333%2C129&ssl=1","width":333,"height":129,"caption":"Infos Droits Humains"},"image":{"@id":"https:\/\/infos-droitshumains.net\/#\/schema\/logo\/image\/"}},{"@type":"Person","@id":"https:\/\/infos-droitshumains.net\/#\/schema\/person\/3dc5e921c3302172e0ed4362f96faab7","name":"Jo\u00ebl Diawa","image":{"@type":"ImageObject","inLanguage":"fr-FR","@id":"https:\/\/secure.gravatar.com\/avatar\/729bea6ff4604c624417803c477363be8e3c7186deaa65713313f9b4b820f41c?s=96&d=mm&r=g","url":"https:\/\/secure.gravatar.com\/avatar\/729bea6ff4604c624417803c477363be8e3c7186deaa65713313f9b4b820f41c?s=96&d=mm&r=g","contentUrl":"https:\/\/secure.gravatar.com\/avatar\/729bea6ff4604c624417803c477363be8e3c7186deaa65713313f9b4b820f41c?s=96&d=mm&r=g","caption":"Jo\u00ebl Diawa"},"sameAs":["https:\/\/www.infos-droitshumains.net"],"url":"https:\/\/infos-droitshumains.net\/?author=2"}]}},"featured_image_urls":{"full":["https:\/\/i0.wp.com\/infos-droitshumains.net\/wp-content\/uploads\/2025\/11\/IMG-20251127-WA0001.jpg?fit=1080%2C617&ssl=1",1080,617,false],"thumbnail":["https:\/\/i0.wp.com\/infos-droitshumains.net\/wp-content\/uploads\/2025\/11\/IMG-20251127-WA0001.jpg?resize=150%2C150&ssl=1",150,150,true],"medium":["https:\/\/i0.wp.com\/infos-droitshumains.net\/wp-content\/uploads\/2025\/11\/IMG-20251127-WA0001.jpg?fit=300%2C171&ssl=1",300,171,true],"medium_large":["https:\/\/i0.wp.com\/infos-droitshumains.net\/wp-content\/uploads\/2025\/11\/IMG-20251127-WA0001.jpg?fit=640%2C366&ssl=1",640,366,true],"large":["https:\/\/i0.wp.com\/infos-droitshumains.net\/wp-content\/uploads\/2025\/11\/IMG-20251127-WA0001.jpg?fit=640%2C366&ssl=1",640,366,true],"1536x1536":["https:\/\/i0.wp.com\/infos-droitshumains.net\/wp-content\/uploads\/2025\/11\/IMG-20251127-WA0001.jpg?fit=1080%2C617&ssl=1",1080,617,true],"2048x2048":["https:\/\/i0.wp.com\/infos-droitshumains.net\/wp-content\/uploads\/2025\/11\/IMG-20251127-WA0001.jpg?fit=1080%2C617&ssl=1",1080,617,true],"covernews-slider-full":["https:\/\/i0.wp.com\/infos-droitshumains.net\/wp-content\/uploads\/2025\/11\/IMG-20251127-WA0001.jpg?resize=1080%2C617&ssl=1",1080,617,true],"covernews-slider-center":["https:\/\/i0.wp.com\/infos-droitshumains.net\/wp-content\/uploads\/2025\/11\/IMG-20251127-WA0001.jpg?resize=800%2C500&ssl=1",800,500,true],"covernews-featured":["https:\/\/i0.wp.com\/infos-droitshumains.net\/wp-content\/uploads\/2025\/11\/IMG-20251127-WA0001.jpg?fit=1024%2C585&ssl=1",1024,585,true],"covernews-medium":["https:\/\/i0.wp.com\/infos-droitshumains.net\/wp-content\/uploads\/2025\/11\/IMG-20251127-WA0001.jpg?resize=540%2C340&ssl=1",540,340,true],"covernews-medium-square":["https:\/\/i0.wp.com\/infos-droitshumains.net\/wp-content\/uploads\/2025\/11\/IMG-20251127-WA0001.jpg?resize=400%2C250&ssl=1",400,250,true]},"author_info":{"display_name":"Jo\u00ebl Diawa","author_link":"https:\/\/infos-droitshumains.net\/?author=2"},"category_info":"<a href=\"https:\/\/infos-droitshumains.net\/?cat=3\" rel=\"category\">Politique<\/a>","tag_info":"Politique","comment_count":"0","jetpack_featured_media_url":"https:\/\/i0.wp.com\/infos-droitshumains.net\/wp-content\/uploads\/2025\/11\/IMG-20251127-WA0001.jpg?fit=1080%2C617&ssl=1","jetpack-related-posts":[],"jetpack_sharing_enabled":true,"_links":{"self":[{"href":"https:\/\/infos-droitshumains.net\/index.php?rest_route=\/wp\/v2\/posts\/17059","targetHints":{"allow":["GET"]}}],"collection":[{"href":"https:\/\/infos-droitshumains.net\/index.php?rest_route=\/wp\/v2\/posts"}],"about":[{"href":"https:\/\/infos-droitshumains.net\/index.php?rest_route=\/wp\/v2\/types\/post"}],"author":[{"embeddable":true,"href":"https:\/\/infos-droitshumains.net\/index.php?rest_route=\/wp\/v2\/users\/2"}],"replies":[{"embeddable":true,"href":"https:\/\/infos-droitshumains.net\/index.php?rest_route=%2Fwp%2Fv2%2Fcomments&post=17059"}],"version-history":[{"count":1,"href":"https:\/\/infos-droitshumains.net\/index.php?rest_route=\/wp\/v2\/posts\/17059\/revisions"}],"predecessor-version":[{"id":17067,"href":"https:\/\/infos-droitshumains.net\/index.php?rest_route=\/wp\/v2\/posts\/17059\/revisions\/17067"}],"wp:featuredmedia":[{"embeddable":true,"href":"https:\/\/infos-droitshumains.net\/index.php?rest_route=\/wp\/v2\/media\/17063"}],"wp:attachment":[{"href":"https:\/\/infos-droitshumains.net\/index.php?rest_route=%2Fwp%2Fv2%2Fmedia&parent=17059"}],"wp:term":[{"taxonomy":"category","embeddable":true,"href":"https:\/\/infos-droitshumains.net\/index.php?rest_route=%2Fwp%2Fv2%2Fcategories&post=17059"},{"taxonomy":"post_tag","embeddable":true,"href":"https:\/\/infos-droitshumains.net\/index.php?rest_route=%2Fwp%2Fv2%2Ftags&post=17059"}],"curies":[{"name":"wp","href":"https:\/\/api.w.org\/{rel}","templated":true}]}}