{"id":17023,"date":"2025-11-25T09:38:58","date_gmt":"2025-11-25T08:38:58","guid":{"rendered":"https:\/\/infos-droitshumains.net\/?p=17023"},"modified":"2025-11-26T12:27:54","modified_gmt":"2025-11-26T11:27:54","slug":"rentree-judiciaire-2025-2026-la-1ere-presidente-de-la-cour-dappel-de-kinshasa-gombe-appelle-a-une-reforme-structurelle-de-la-saisie-immobiliere","status":"publish","type":"post","link":"https:\/\/infos-droitshumains.net\/?p=17023","title":{"rendered":"Rentr\u00e9e judiciaire 2025-2026 : La 1\u00e8re Pr\u00e9sidente de la Cour d\u2019Appel de Kinshasa\/Gombe appelle \u00e0 une r\u00e9forme structurelle de la saisie immobili\u00e8re"},"content":{"rendered":"\n<p><strong>R\u00e9daction: +243 817 406 088<\/strong><\/p>\n\n\n\n<h3 class=\"wp-block-heading has-vivid-red-color has-text-color has-link-color wp-elements-6c083a9ca7dac0d5bcc60867c1cc4a62\">La Cour d\u2019Appel de Kinshasa\/Gombe a proc\u00e9d\u00e9, lundi 24 novembre, \u00e0 sa rentr\u00e9e judiciaire pour l\u2019exercice 2025-2026, au cours d\u2019une audience solennelle et publique marqu\u00e9e par une r\u00e9flexion de haut niveau sur les d\u00e9fis contemporains de la justice d\u2019ex\u00e9cution en R\u00e9publique D\u00e9mocratique du Congo. Conform\u00e9ment \u00e0 l\u2019article 64 de la loi organique n\u00b013\/011-B du 11 avril 2013, cette c\u00e9r\u00e9monie a c\u00e9l\u00e9br\u00e9 la continuit\u00e9 institutionnelle tout en ouvrant une nouvelle ann\u00e9e d\u2019exigence, de responsabilit\u00e9 et de renouvellement pour les acteurs judiciaires.<\/h3>\n\n\n\n<p><strong>Humaniser la rigueur du droit d\u2019ex\u00e9cution<\/strong><\/p>\n\n\n\n<p>La Premi\u00e8re Pr\u00e9sidente de la Cour,<strong> Esp\u00e9rance Dia Akir Akir<\/strong>, a fond\u00e9 son discours sur un th\u00e8me d\u2019une br\u00fblante actualit\u00e9 : <strong>\u00ab Le contr\u00f4le juridictionnel de la saisie immobili\u00e8re en droit OHADA : entre protection du d\u00e9biteur et garantie des droits du cr\u00e9ancier \u00bb<\/strong>.<\/p>\n\n\n\n<p>Un th\u00e8me qui plonge au c\u0153ur de la mission du juge, appel\u00e9 \u00e0 concilier <strong>s\u00e9curit\u00e9 juridique<\/strong> et <strong>justice sociale<\/strong>, rigueur proc\u00e9durale et humanit\u00e9, en particulier lorsque l\u2019ex\u00e9cution forc\u00e9e touche au patrimoine immobilier du d\u00e9biteur, souvent le logement familial ou le lieu d\u2019activit\u00e9s essentielles.<\/p>\n\n\n\n<p>Avant d\u2019entrer dans le vif du sujet, la Premi\u00e8re Pr\u00e9sidente a rendu un hommage appuy\u00e9 au Pr\u00e9sident de la R\u00e9publique, F\u00e9lix Antoine Tshisekedi Tshilombo, saluant son engagement en faveur d\u2019une justice \u00ab ind\u00e9pendante, cr\u00e9dible et attach\u00e9e aux valeurs r\u00e9publicaines \u00bb.<\/p>\n\n\n\n<p><strong>La saisie immobili\u00e8re : une voie d\u2019ex\u00e9cution grave, n\u00e9cessitant un contr\u00f4le vigilant<\/strong><\/p>\n\n\n\n<p>Madame Dia Akir Akir a rappel\u00e9 la nature intrusive de la saisie immobili\u00e8re, v\u00e9ritable atteinte \u00e0 la stabilit\u00e9 du d\u00e9biteur lorsqu\u2019elle porte sur des biens indispensables \u00e0 la vie familiale. Dans ce contexte, le juge doit jouer un r\u00f4le d\u2019<strong>\u2018\u2019\u00e9quilibriste\u2019\u2019<\/strong> : <em>\u00ab&nbsp;prot\u00e9ger sans paralyser, ex\u00e9cuter sans brutaliser, garantir sans affaiblir.&nbsp;\u00bb<\/em><\/p>\n\n\n\n<p>Elle a par ailleurs soulign\u00e9 que le contr\u00f4le juridictionnel de la saisie immobili\u00e8re est ancr\u00e9 dans le principe de l\u00e9galit\u00e9 des voies d\u2019ex\u00e9cution, consacr\u00e9 \u00e0 la fois par la Constitution, la l\u00e9gislation nationale et l\u2019Acte uniforme OHADA relatif aux proc\u00e9dures simplifi\u00e9es de recouvrement et des voies d\u2019ex\u00e9cution.<\/p>\n\n\n\n<p><em>\u00ab&nbsp;Entre les n\u00e9cessit\u00e9s du cr\u00e9ancier et la dignit\u00e9 du d\u00e9biteur, le juge est tenu d\u2019exercer un <strong>contr\u00f4le de proportionnalit\u00e9<\/strong> pour \u00e9viter que l\u2019ex\u00e9cution ne devienne une atteinte excessive aux droits fondamentaux.&nbsp;\u00bb, <\/em>a-t-elle soulign\u00e9. Cette <em>\u00ab humanisation progressive \u00bb<\/em> du droit d\u2019ex\u00e9cution se manifeste dans la jurisprudence OHADA, les exp\u00e9riences \u00e9trang\u00e8res et la pratique congolaise.<\/p>\n\n\n\n<p><strong>Des d\u00e9fis persistants dans les juridictions congolaises<\/strong><\/p>\n\n\n\n<p>La Premi\u00e8re Pr\u00e9sidente a list\u00e9 plusieurs difficult\u00e9s majeures entravant une application \u00e9quilibr\u00e9e et efficace du droit d\u2019ex\u00e9cution :<\/p>\n\n\n\n<ul class=\"wp-block-list\">\n<li>L\u2019articulation complexe entre la l\u00e9gislation nationale et le droit OHADA, faute d\u2019un document d\u2019harmonisation.<\/li>\n\n\n\n<li>Le manque de garanties proc\u00e9durales pour prot\u00e9ger le droit au logement et la dignit\u00e9 du d\u00e9biteur.<\/li>\n\n\n\n<li>Une formation encore insuffisante des magistrats et praticiens en mati\u00e8re de saisie immobili\u00e8re.<\/li>\n\n\n\n<li>L\u2019absence de chambres sp\u00e9cialis\u00e9es d\u2019ex\u00e9cution dans les juridictions congolaises.<\/li>\n\n\n\n<li>Le d\u00e9ficit d\u2019un cadre l\u00e9gal clair prot\u00e9geant le domicile familial.<\/li>\n\n\n\n<li>La raret\u00e9 de documentation actualis\u00e9e en droit OHADA des voies d\u2019ex\u00e9cution.<\/li>\n\n\n\n<li>Les pressions politiques et \u00e9conomiques compromettant l\u2019ind\u00e9pendance du juge.<\/li>\n\n\n\n<li>Le manque d\u2019expertise en saisie immobili\u00e8re dans les institutions de cr\u00e9dit et certains cabinets d\u2019avocats.<\/li>\n<\/ul>\n\n\n\n<p>Des obstacles qui, selon elle, <em>\u00ab&nbsp;menacent la s\u00e9curit\u00e9 juridique, ralentissent la justice et fragilisent la protection des droits fondamentaux.&nbsp;\u00bb<\/em><\/p>\n\n\n\n<p><strong>Vers des r\u00e9formes structurelles : un appel \u00e0 un \u201cCode des voies d\u2019ex\u00e9cution\u201d<\/strong><\/p>\n\n\n\n<p>Face \u00e0 ces d\u00e9fis, la Premi\u00e8re Pr\u00e9sidente a propos\u00e9 un ensemble d\u2019approches de solution ambitieuses, parmi lesquelles :<\/p>\n\n\n\n<ul class=\"wp-block-list\">\n<li><strong>L\u2019adoption d\u2019une protection l\u00e9gale du logement familial<\/strong>, afin de concilier dignit\u00e9 du d\u00e9biteur et droits du cr\u00e9ancier.<\/li>\n\n\n\n<li><strong>Le renforcement de la formation continue<\/strong> de tous les acteurs de la cha\u00eene d\u2019ex\u00e9cution (magistrats, avocats, huissiers, juristes d\u2019entreprise).<\/li>\n\n\n\n<li><strong>La cr\u00e9ation de chambres sp\u00e9cialis\u00e9es en mati\u00e8re d\u2019ex\u00e9cution<\/strong>, pour professionnaliser le traitement du contentieux.<\/li>\n\n\n\n<li><strong>L\u2019harmonisation dans un \u201cCode des voies d\u2019ex\u00e9cution\u201d<\/strong>, int\u00e9grant l\u2019Acte uniforme OHADA et les dispositions nationales compatibles.<\/li>\n\n\n\n<li><strong>La modernisation et la num\u00e9risation du registre foncier<\/strong>, ainsi qu\u2019une meilleure transparence dans la publicit\u00e9 des ventes immobili\u00e8res.<\/li>\n\n\n\n<li><strong>Une collaboration renforc\u00e9e<\/strong> entre magistrats, huissiers et conservateurs de titres immobiliers.<\/li>\n<\/ul>\n\n\n\n<p>Ces r\u00e9formes constituent, selon elle, <em>\u00ab&nbsp;la condition indispensable pour garantir une justice d\u2019ex\u00e9cution cr\u00e9dible, \u00e9quilibr\u00e9e et conforme aux standards internationaux.&nbsp;\u00bb<\/em><\/p>\n\n\n\n<p><strong>Deux allocutions compl\u00e9mentaires pour enrichir le d\u00e9bat judiciaire<\/strong><\/p>\n\n\n\n<p>La c\u00e9r\u00e9monie a \u00e9galement \u00e9t\u00e9 marqu\u00e9e par deux interventions de haut niveau :<\/p>\n\n\n\n<ul class=\"wp-block-list\">\n<li><strong>Le B\u00e2tonnier Andr\u00e9 Kibambe<\/strong>, qui a analys\u00e9 : <em>\u00ab L\u2019exercice par l\u2019avocat de sa profession dans les ressorts du barreau autre que celui de son appartenance : r\u00e8gle de droit ou simple question d\u00e9ontologique ? \u00bb<\/em><\/li>\n\n\n\n<li><strong>Le Procureur G\u00e9n\u00e9ral Placide Lusamba<\/strong>, dont la mercuriale portait sur : <em>\u00ab la comp\u00e9tence de la Cour d\u2019Appel en mati\u00e8re des crimes de masse \u00bb<\/em>.<\/li>\n<\/ul>\n\n\n\n<p>Des contributions qui ont enrichi le caract\u00e8re r\u00e9flexif et institutionnel de cette rentr\u00e9e judiciaire.<\/p>\n\n\n\n<p>Cette rentr\u00e9e judiciaire aura ainsi \u00e9t\u00e9 l\u2019occasion pour la Cour d\u2019Appel de Kinshasa\/Gombe de tracer des perspectives claires : professionnaliser le contentieux d\u2019ex\u00e9cution, moderniser la cha\u00eene immobili\u00e8re, prot\u00e9ger la dignit\u00e9 du d\u00e9biteur tout en garantissant l\u2019efficacit\u00e9 des poursuites. Un appel \u00e0 une justice plus humaine, plus structur\u00e9e et mieux adapt\u00e9e aux exigences du droit contemporain.<\/p>\n\n\n\n<p>Jo\u00ebl Diawa<\/p>\n","protected":false},"excerpt":{"rendered":"<p>R\u00e9daction: +243 817 406 088 La Cour d\u2019Appel de Kinshasa\/Gombe a proc\u00e9d\u00e9, lundi 24 novembre,&#8230;<\/p>\n","protected":false},"author":2,"featured_media":17026,"comment_status":"open","ping_status":"open","sticky":false,"template":"","format":"standard","meta":{"_jetpack_memberships_contains_paid_content":false,"footnotes":""},"categories":[6],"tags":[],"class_list":["post-17023","post","type-post","status-publish","format-standard","has-post-thumbnail","hentry","category-justice"],"yoast_head":"<!-- This site is optimized with the Yoast SEO plugin v27.5 - https:\/\/yoast.com\/product\/yoast-seo-wordpress\/ -->\n<title>Rentr\u00e9e judiciaire 2025-2026 : La 1\u00e8re Pr\u00e9sidente de la Cour d\u2019Appel de Kinshasa\/Gombe appelle \u00e0 une r\u00e9forme structurelle de la saisie immobili\u00e8re - Infos Droits Humains<\/title>\n<meta name=\"robots\" content=\"index, follow, max-snippet:-1, max-image-preview:large, max-video-preview:-1\" \/>\n<link rel=\"canonical\" href=\"https:\/\/infos-droitshumains.net\/?p=17023\" \/>\n<meta property=\"og:locale\" content=\"fr_FR\" \/>\n<meta property=\"og:type\" content=\"article\" \/>\n<meta property=\"og:title\" content=\"Rentr\u00e9e judiciaire 2025-2026 : La 1\u00e8re Pr\u00e9sidente de la Cour d\u2019Appel de Kinshasa\/Gombe appelle \u00e0 une r\u00e9forme structurelle de la saisie immobili\u00e8re - Infos Droits Humains\" \/>\n<meta property=\"og:description\" content=\"R\u00e9daction: +243 817 406 088 La Cour d\u2019Appel de Kinshasa\/Gombe a proc\u00e9d\u00e9, lundi 24 novembre,...\" \/>\n<meta property=\"og:url\" content=\"https:\/\/infos-droitshumains.net\/?p=17023\" \/>\n<meta property=\"og:site_name\" content=\"Infos Droits Humains\" \/>\n<meta property=\"article:published_time\" content=\"2025-11-25T08:38:58+00:00\" \/>\n<meta property=\"article:modified_time\" content=\"2025-11-26T11:27:54+00:00\" \/>\n<meta property=\"og:image\" content=\"https:\/\/infos-droitshumains.net\/wp-content\/uploads\/2025\/11\/Screenshot_20251125_093702_Phoenix.jpg\" \/>\n\t<meta property=\"og:image:width\" content=\"1080\" \/>\n\t<meta property=\"og:image:height\" content=\"761\" \/>\n\t<meta property=\"og:image:type\" content=\"image\/jpeg\" \/>\n<meta name=\"author\" content=\"Jo\u00ebl Diawa\" \/>\n<meta name=\"twitter:card\" content=\"summary_large_image\" \/>\n<meta name=\"twitter:label1\" content=\"\u00c9crit par\" \/>\n\t<meta name=\"twitter:data1\" content=\"Jo\u00ebl Diawa\" \/>\n\t<meta name=\"twitter:label2\" content=\"Dur\u00e9e de lecture estim\u00e9e\" \/>\n\t<meta name=\"twitter:data2\" content=\"5 minutes\" \/>\n<script type=\"application\/ld+json\" class=\"yoast-schema-graph\">{\"@context\":\"https:\\\/\\\/schema.org\",\"@graph\":[{\"@type\":\"Article\",\"@id\":\"https:\\\/\\\/infos-droitshumains.net\\\/?p=17023#article\",\"isPartOf\":{\"@id\":\"https:\\\/\\\/infos-droitshumains.net\\\/?p=17023\"},\"author\":{\"name\":\"Jo\u00ebl Diawa\",\"@id\":\"https:\\\/\\\/infos-droitshumains.net\\\/#\\\/schema\\\/person\\\/3dc5e921c3302172e0ed4362f96faab7\"},\"headline\":\"Rentr\u00e9e judiciaire 2025-2026 : La 1\u00e8re Pr\u00e9sidente de la Cour d\u2019Appel de Kinshasa\\\/Gombe appelle \u00e0 une r\u00e9forme structurelle de la saisie immobili\u00e8re\",\"datePublished\":\"2025-11-25T08:38:58+00:00\",\"dateModified\":\"2025-11-26T11:27:54+00:00\",\"mainEntityOfPage\":{\"@id\":\"https:\\\/\\\/infos-droitshumains.net\\\/?p=17023\"},\"wordCount\":1010,\"commentCount\":0,\"publisher\":{\"@id\":\"https:\\\/\\\/infos-droitshumains.net\\\/#organization\"},\"image\":{\"@id\":\"https:\\\/\\\/infos-droitshumains.net\\\/?p=17023#primaryimage\"},\"thumbnailUrl\":\"https:\\\/\\\/i0.wp.com\\\/infos-droitshumains.net\\\/wp-content\\\/uploads\\\/2025\\\/11\\\/Screenshot_20251125_093702_Phoenix.jpg?fit=1080%2C761&ssl=1\",\"articleSection\":[\"Justice\"],\"inLanguage\":\"fr-FR\",\"potentialAction\":[{\"@type\":\"CommentAction\",\"name\":\"Comment\",\"target\":[\"https:\\\/\\\/infos-droitshumains.net\\\/?p=17023#respond\"]}]},{\"@type\":\"WebPage\",\"@id\":\"https:\\\/\\\/infos-droitshumains.net\\\/?p=17023\",\"url\":\"https:\\\/\\\/infos-droitshumains.net\\\/?p=17023\",\"name\":\"Rentr\u00e9e judiciaire 2025-2026 : La 1\u00e8re Pr\u00e9sidente de la Cour d\u2019Appel de Kinshasa\\\/Gombe appelle \u00e0 une r\u00e9forme structurelle de la saisie immobili\u00e8re - Infos Droits Humains\",\"isPartOf\":{\"@id\":\"https:\\\/\\\/infos-droitshumains.net\\\/#website\"},\"primaryImageOfPage\":{\"@id\":\"https:\\\/\\\/infos-droitshumains.net\\\/?p=17023#primaryimage\"},\"image\":{\"@id\":\"https:\\\/\\\/infos-droitshumains.net\\\/?p=17023#primaryimage\"},\"thumbnailUrl\":\"https:\\\/\\\/i0.wp.com\\\/infos-droitshumains.net\\\/wp-content\\\/uploads\\\/2025\\\/11\\\/Screenshot_20251125_093702_Phoenix.jpg?fit=1080%2C761&ssl=1\",\"datePublished\":\"2025-11-25T08:38:58+00:00\",\"dateModified\":\"2025-11-26T11:27:54+00:00\",\"breadcrumb\":{\"@id\":\"https:\\\/\\\/infos-droitshumains.net\\\/?p=17023#breadcrumb\"},\"inLanguage\":\"fr-FR\",\"potentialAction\":[{\"@type\":\"ReadAction\",\"target\":[\"https:\\\/\\\/infos-droitshumains.net\\\/?p=17023\"]}]},{\"@type\":\"ImageObject\",\"inLanguage\":\"fr-FR\",\"@id\":\"https:\\\/\\\/infos-droitshumains.net\\\/?p=17023#primaryimage\",\"url\":\"https:\\\/\\\/i0.wp.com\\\/infos-droitshumains.net\\\/wp-content\\\/uploads\\\/2025\\\/11\\\/Screenshot_20251125_093702_Phoenix.jpg?fit=1080%2C761&ssl=1\",\"contentUrl\":\"https:\\\/\\\/i0.wp.com\\\/infos-droitshumains.net\\\/wp-content\\\/uploads\\\/2025\\\/11\\\/Screenshot_20251125_093702_Phoenix.jpg?fit=1080%2C761&ssl=1\",\"width\":1080,\"height\":761},{\"@type\":\"BreadcrumbList\",\"@id\":\"https:\\\/\\\/infos-droitshumains.net\\\/?p=17023#breadcrumb\",\"itemListElement\":[{\"@type\":\"ListItem\",\"position\":1,\"name\":\"Accueil\",\"item\":\"https:\\\/\\\/infos-droitshumains.net\\\/\"},{\"@type\":\"ListItem\",\"position\":2,\"name\":\"Rentr\u00e9e judiciaire 2025-2026 : La 1\u00e8re Pr\u00e9sidente de la Cour d\u2019Appel de Kinshasa\\\/Gombe appelle \u00e0 une r\u00e9forme structurelle de la saisie immobili\u00e8re\"}]},{\"@type\":\"WebSite\",\"@id\":\"https:\\\/\\\/infos-droitshumains.net\\\/#website\",\"url\":\"https:\\\/\\\/infos-droitshumains.net\\\/\",\"name\":\"Infos Droits Humains\",\"description\":\"S&#039;informer est un droit\",\"publisher\":{\"@id\":\"https:\\\/\\\/infos-droitshumains.net\\\/#organization\"},\"potentialAction\":[{\"@type\":\"SearchAction\",\"target\":{\"@type\":\"EntryPoint\",\"urlTemplate\":\"https:\\\/\\\/infos-droitshumains.net\\\/?s={search_term_string}\"},\"query-input\":{\"@type\":\"PropertyValueSpecification\",\"valueRequired\":true,\"valueName\":\"search_term_string\"}}],\"inLanguage\":\"fr-FR\"},{\"@type\":\"Organization\",\"@id\":\"https:\\\/\\\/infos-droitshumains.net\\\/#organization\",\"name\":\"Infos Droits Humains\",\"url\":\"https:\\\/\\\/infos-droitshumains.net\\\/\",\"logo\":{\"@type\":\"ImageObject\",\"inLanguage\":\"fr-FR\",\"@id\":\"https:\\\/\\\/infos-droitshumains.net\\\/#\\\/schema\\\/logo\\\/image\\\/\",\"url\":\"https:\\\/\\\/i0.wp.com\\\/infos-droitshumains.net\\\/wp-content\\\/uploads\\\/2022\\\/05\\\/Logo.png?fit=333%2C129&ssl=1\",\"contentUrl\":\"https:\\\/\\\/i0.wp.com\\\/infos-droitshumains.net\\\/wp-content\\\/uploads\\\/2022\\\/05\\\/Logo.png?fit=333%2C129&ssl=1\",\"width\":333,\"height\":129,\"caption\":\"Infos Droits Humains\"},\"image\":{\"@id\":\"https:\\\/\\\/infos-droitshumains.net\\\/#\\\/schema\\\/logo\\\/image\\\/\"}},{\"@type\":\"Person\",\"@id\":\"https:\\\/\\\/infos-droitshumains.net\\\/#\\\/schema\\\/person\\\/3dc5e921c3302172e0ed4362f96faab7\",\"name\":\"Jo\u00ebl Diawa\",\"image\":{\"@type\":\"ImageObject\",\"inLanguage\":\"fr-FR\",\"@id\":\"https:\\\/\\\/secure.gravatar.com\\\/avatar\\\/729bea6ff4604c624417803c477363be8e3c7186deaa65713313f9b4b820f41c?s=96&d=mm&r=g\",\"url\":\"https:\\\/\\\/secure.gravatar.com\\\/avatar\\\/729bea6ff4604c624417803c477363be8e3c7186deaa65713313f9b4b820f41c?s=96&d=mm&r=g\",\"contentUrl\":\"https:\\\/\\\/secure.gravatar.com\\\/avatar\\\/729bea6ff4604c624417803c477363be8e3c7186deaa65713313f9b4b820f41c?s=96&d=mm&r=g\",\"caption\":\"Jo\u00ebl Diawa\"},\"sameAs\":[\"https:\\\/\\\/www.infos-droitshumains.net\"],\"url\":\"https:\\\/\\\/infos-droitshumains.net\\\/?author=2\"}]}<\/script>\n<!-- \/ Yoast SEO plugin. -->","yoast_head_json":{"title":"Rentr\u00e9e judiciaire 2025-2026 : La 1\u00e8re Pr\u00e9sidente de la Cour d\u2019Appel de Kinshasa\/Gombe appelle \u00e0 une r\u00e9forme structurelle de la saisie immobili\u00e8re - Infos Droits Humains","robots":{"index":"index","follow":"follow","max-snippet":"max-snippet:-1","max-image-preview":"max-image-preview:large","max-video-preview":"max-video-preview:-1"},"canonical":"https:\/\/infos-droitshumains.net\/?p=17023","og_locale":"fr_FR","og_type":"article","og_title":"Rentr\u00e9e judiciaire 2025-2026 : La 1\u00e8re Pr\u00e9sidente de la Cour d\u2019Appel de Kinshasa\/Gombe appelle \u00e0 une r\u00e9forme structurelle de la saisie immobili\u00e8re - Infos Droits Humains","og_description":"R\u00e9daction: +243 817 406 088 La Cour d\u2019Appel de Kinshasa\/Gombe a proc\u00e9d\u00e9, lundi 24 novembre,...","og_url":"https:\/\/infos-droitshumains.net\/?p=17023","og_site_name":"Infos Droits Humains","article_published_time":"2025-11-25T08:38:58+00:00","article_modified_time":"2025-11-26T11:27:54+00:00","og_image":[{"width":1080,"height":761,"url":"https:\/\/infos-droitshumains.net\/wp-content\/uploads\/2025\/11\/Screenshot_20251125_093702_Phoenix.jpg","type":"image\/jpeg"}],"author":"Jo\u00ebl Diawa","twitter_card":"summary_large_image","twitter_misc":{"\u00c9crit par":"Jo\u00ebl Diawa","Dur\u00e9e de lecture estim\u00e9e":"5 minutes"},"schema":{"@context":"https:\/\/schema.org","@graph":[{"@type":"Article","@id":"https:\/\/infos-droitshumains.net\/?p=17023#article","isPartOf":{"@id":"https:\/\/infos-droitshumains.net\/?p=17023"},"author":{"name":"Jo\u00ebl Diawa","@id":"https:\/\/infos-droitshumains.net\/#\/schema\/person\/3dc5e921c3302172e0ed4362f96faab7"},"headline":"Rentr\u00e9e judiciaire 2025-2026 : La 1\u00e8re Pr\u00e9sidente de la Cour d\u2019Appel de Kinshasa\/Gombe appelle \u00e0 une r\u00e9forme structurelle de la saisie immobili\u00e8re","datePublished":"2025-11-25T08:38:58+00:00","dateModified":"2025-11-26T11:27:54+00:00","mainEntityOfPage":{"@id":"https:\/\/infos-droitshumains.net\/?p=17023"},"wordCount":1010,"commentCount":0,"publisher":{"@id":"https:\/\/infos-droitshumains.net\/#organization"},"image":{"@id":"https:\/\/infos-droitshumains.net\/?p=17023#primaryimage"},"thumbnailUrl":"https:\/\/i0.wp.com\/infos-droitshumains.net\/wp-content\/uploads\/2025\/11\/Screenshot_20251125_093702_Phoenix.jpg?fit=1080%2C761&ssl=1","articleSection":["Justice"],"inLanguage":"fr-FR","potentialAction":[{"@type":"CommentAction","name":"Comment","target":["https:\/\/infos-droitshumains.net\/?p=17023#respond"]}]},{"@type":"WebPage","@id":"https:\/\/infos-droitshumains.net\/?p=17023","url":"https:\/\/infos-droitshumains.net\/?p=17023","name":"Rentr\u00e9e judiciaire 2025-2026 : La 1\u00e8re Pr\u00e9sidente de la Cour d\u2019Appel de Kinshasa\/Gombe appelle \u00e0 une r\u00e9forme structurelle de la saisie immobili\u00e8re - Infos Droits Humains","isPartOf":{"@id":"https:\/\/infos-droitshumains.net\/#website"},"primaryImageOfPage":{"@id":"https:\/\/infos-droitshumains.net\/?p=17023#primaryimage"},"image":{"@id":"https:\/\/infos-droitshumains.net\/?p=17023#primaryimage"},"thumbnailUrl":"https:\/\/i0.wp.com\/infos-droitshumains.net\/wp-content\/uploads\/2025\/11\/Screenshot_20251125_093702_Phoenix.jpg?fit=1080%2C761&ssl=1","datePublished":"2025-11-25T08:38:58+00:00","dateModified":"2025-11-26T11:27:54+00:00","breadcrumb":{"@id":"https:\/\/infos-droitshumains.net\/?p=17023#breadcrumb"},"inLanguage":"fr-FR","potentialAction":[{"@type":"ReadAction","target":["https:\/\/infos-droitshumains.net\/?p=17023"]}]},{"@type":"ImageObject","inLanguage":"fr-FR","@id":"https:\/\/infos-droitshumains.net\/?p=17023#primaryimage","url":"https:\/\/i0.wp.com\/infos-droitshumains.net\/wp-content\/uploads\/2025\/11\/Screenshot_20251125_093702_Phoenix.jpg?fit=1080%2C761&ssl=1","contentUrl":"https:\/\/i0.wp.com\/infos-droitshumains.net\/wp-content\/uploads\/2025\/11\/Screenshot_20251125_093702_Phoenix.jpg?fit=1080%2C761&ssl=1","width":1080,"height":761},{"@type":"BreadcrumbList","@id":"https:\/\/infos-droitshumains.net\/?p=17023#breadcrumb","itemListElement":[{"@type":"ListItem","position":1,"name":"Accueil","item":"https:\/\/infos-droitshumains.net\/"},{"@type":"ListItem","position":2,"name":"Rentr\u00e9e judiciaire 2025-2026 : La 1\u00e8re Pr\u00e9sidente de la Cour d\u2019Appel de Kinshasa\/Gombe appelle \u00e0 une r\u00e9forme structurelle de la saisie immobili\u00e8re"}]},{"@type":"WebSite","@id":"https:\/\/infos-droitshumains.net\/#website","url":"https:\/\/infos-droitshumains.net\/","name":"Infos Droits Humains","description":"S&#039;informer est un droit","publisher":{"@id":"https:\/\/infos-droitshumains.net\/#organization"},"potentialAction":[{"@type":"SearchAction","target":{"@type":"EntryPoint","urlTemplate":"https:\/\/infos-droitshumains.net\/?s={search_term_string}"},"query-input":{"@type":"PropertyValueSpecification","valueRequired":true,"valueName":"search_term_string"}}],"inLanguage":"fr-FR"},{"@type":"Organization","@id":"https:\/\/infos-droitshumains.net\/#organization","name":"Infos Droits Humains","url":"https:\/\/infos-droitshumains.net\/","logo":{"@type":"ImageObject","inLanguage":"fr-FR","@id":"https:\/\/infos-droitshumains.net\/#\/schema\/logo\/image\/","url":"https:\/\/i0.wp.com\/infos-droitshumains.net\/wp-content\/uploads\/2022\/05\/Logo.png?fit=333%2C129&ssl=1","contentUrl":"https:\/\/i0.wp.com\/infos-droitshumains.net\/wp-content\/uploads\/2022\/05\/Logo.png?fit=333%2C129&ssl=1","width":333,"height":129,"caption":"Infos Droits Humains"},"image":{"@id":"https:\/\/infos-droitshumains.net\/#\/schema\/logo\/image\/"}},{"@type":"Person","@id":"https:\/\/infos-droitshumains.net\/#\/schema\/person\/3dc5e921c3302172e0ed4362f96faab7","name":"Jo\u00ebl Diawa","image":{"@type":"ImageObject","inLanguage":"fr-FR","@id":"https:\/\/secure.gravatar.com\/avatar\/729bea6ff4604c624417803c477363be8e3c7186deaa65713313f9b4b820f41c?s=96&d=mm&r=g","url":"https:\/\/secure.gravatar.com\/avatar\/729bea6ff4604c624417803c477363be8e3c7186deaa65713313f9b4b820f41c?s=96&d=mm&r=g","contentUrl":"https:\/\/secure.gravatar.com\/avatar\/729bea6ff4604c624417803c477363be8e3c7186deaa65713313f9b4b820f41c?s=96&d=mm&r=g","caption":"Jo\u00ebl Diawa"},"sameAs":["https:\/\/www.infos-droitshumains.net"],"url":"https:\/\/infos-droitshumains.net\/?author=2"}]}},"featured_image_urls":{"full":["https:\/\/i0.wp.com\/infos-droitshumains.net\/wp-content\/uploads\/2025\/11\/Screenshot_20251125_093702_Phoenix.jpg?fit=1080%2C761&ssl=1",1080,761,false],"thumbnail":["https:\/\/i0.wp.com\/infos-droitshumains.net\/wp-content\/uploads\/2025\/11\/Screenshot_20251125_093702_Phoenix.jpg?resize=150%2C150&ssl=1",150,150,true],"medium":["https:\/\/i0.wp.com\/infos-droitshumains.net\/wp-content\/uploads\/2025\/11\/Screenshot_20251125_093702_Phoenix.jpg?fit=300%2C211&ssl=1",300,211,true],"medium_large":["https:\/\/i0.wp.com\/infos-droitshumains.net\/wp-content\/uploads\/2025\/11\/Screenshot_20251125_093702_Phoenix.jpg?fit=640%2C451&ssl=1",640,451,true],"large":["https:\/\/i0.wp.com\/infos-droitshumains.net\/wp-content\/uploads\/2025\/11\/Screenshot_20251125_093702_Phoenix.jpg?fit=640%2C451&ssl=1",640,451,true],"1536x1536":["https:\/\/i0.wp.com\/infos-droitshumains.net\/wp-content\/uploads\/2025\/11\/Screenshot_20251125_093702_Phoenix.jpg?fit=1080%2C761&ssl=1",1080,761,true],"2048x2048":["https:\/\/i0.wp.com\/infos-droitshumains.net\/wp-content\/uploads\/2025\/11\/Screenshot_20251125_093702_Phoenix.jpg?fit=1080%2C761&ssl=1",1080,761,true],"covernews-slider-full":["https:\/\/i0.wp.com\/infos-droitshumains.net\/wp-content\/uploads\/2025\/11\/Screenshot_20251125_093702_Phoenix.jpg?resize=1080%2C715&ssl=1",1080,715,true],"covernews-slider-center":["https:\/\/i0.wp.com\/infos-droitshumains.net\/wp-content\/uploads\/2025\/11\/Screenshot_20251125_093702_Phoenix.jpg?resize=800%2C500&ssl=1",800,500,true],"covernews-featured":["https:\/\/i0.wp.com\/infos-droitshumains.net\/wp-content\/uploads\/2025\/11\/Screenshot_20251125_093702_Phoenix.jpg?fit=1024%2C722&ssl=1",1024,722,true],"covernews-medium":["https:\/\/i0.wp.com\/infos-droitshumains.net\/wp-content\/uploads\/2025\/11\/Screenshot_20251125_093702_Phoenix.jpg?resize=540%2C340&ssl=1",540,340,true],"covernews-medium-square":["https:\/\/i0.wp.com\/infos-droitshumains.net\/wp-content\/uploads\/2025\/11\/Screenshot_20251125_093702_Phoenix.jpg?resize=400%2C250&ssl=1",400,250,true]},"author_info":{"display_name":"Jo\u00ebl Diawa","author_link":"https:\/\/infos-droitshumains.net\/?author=2"},"category_info":"<a href=\"https:\/\/infos-droitshumains.net\/?cat=6\" rel=\"category\">Justice<\/a>","tag_info":"Justice","comment_count":"0","jetpack_featured_media_url":"https:\/\/i0.wp.com\/infos-droitshumains.net\/wp-content\/uploads\/2025\/11\/Screenshot_20251125_093702_Phoenix.jpg?fit=1080%2C761&ssl=1","jetpack-related-posts":[],"jetpack_sharing_enabled":true,"_links":{"self":[{"href":"https:\/\/infos-droitshumains.net\/index.php?rest_route=\/wp\/v2\/posts\/17023","targetHints":{"allow":["GET"]}}],"collection":[{"href":"https:\/\/infos-droitshumains.net\/index.php?rest_route=\/wp\/v2\/posts"}],"about":[{"href":"https:\/\/infos-droitshumains.net\/index.php?rest_route=\/wp\/v2\/types\/post"}],"author":[{"embeddable":true,"href":"https:\/\/infos-droitshumains.net\/index.php?rest_route=\/wp\/v2\/users\/2"}],"replies":[{"embeddable":true,"href":"https:\/\/infos-droitshumains.net\/index.php?rest_route=%2Fwp%2Fv2%2Fcomments&post=17023"}],"version-history":[{"count":2,"href":"https:\/\/infos-droitshumains.net\/index.php?rest_route=\/wp\/v2\/posts\/17023\/revisions"}],"predecessor-version":[{"id":17025,"href":"https:\/\/infos-droitshumains.net\/index.php?rest_route=\/wp\/v2\/posts\/17023\/revisions\/17025"}],"wp:featuredmedia":[{"embeddable":true,"href":"https:\/\/infos-droitshumains.net\/index.php?rest_route=\/wp\/v2\/media\/17026"}],"wp:attachment":[{"href":"https:\/\/infos-droitshumains.net\/index.php?rest_route=%2Fwp%2Fv2%2Fmedia&parent=17023"}],"wp:term":[{"taxonomy":"category","embeddable":true,"href":"https:\/\/infos-droitshumains.net\/index.php?rest_route=%2Fwp%2Fv2%2Fcategories&post=17023"},{"taxonomy":"post_tag","embeddable":true,"href":"https:\/\/infos-droitshumains.net\/index.php?rest_route=%2Fwp%2Fv2%2Ftags&post=17023"}],"curies":[{"name":"wp","href":"https:\/\/api.w.org\/{rel}","templated":true}]}}