{"id":16996,"date":"2025-11-23T15:01:23","date_gmt":"2025-11-23T14:01:23","guid":{"rendered":"https:\/\/infos-droitshumains.net\/?p=16996"},"modified":"2025-11-23T23:58:33","modified_gmt":"2025-11-23T22:58:33","slug":"marche-de-sante-de-luja-bkg-me-junior-kapuya-meleka-montre-lexemple-et-appelle-a-la-cohesion","status":"publish","type":"post","link":"https:\/\/infos-droitshumains.net\/?p=16996","title":{"rendered":"Marche de sant\u00e9 de l\u2019UJA\/BKG : Me Junior Kapuya Meleka montre l\u2019exemple et appelle \u00e0 p\u00e9renniser la dynamique"},"content":{"rendered":"\n<p><strong>R\u00e9daction: +243 817 406 088<\/strong><\/p>\n\n\n\n<h3 class=\"wp-block-heading has-vivid-red-color has-text-color has-link-color wp-elements-3516fd0a8cda3ce10093075a265311a9\">L\u2019Union des Jeunes Avocats (UJA) du Barreau de Kinshasa\/Gombe a organis\u00e9, ce samedi 22 novembre 2025, une grande marche de sant\u00e9 r\u00e9unissant de nombreux avocats r\u00e9sidant dans la capitale. Cette activit\u00e9, \u00e0 la fois sportive et conviviale, avait pour objectif de renforcer les liens entre membres du Barreau et d\u2019encourager une meilleure hygi\u00e8ne de vie au sein de la profession. Parmi les participants figurait notamment Me <strong>Junior Kapuya Meleka<\/strong>, ancien Secr\u00e9taire de l\u2019Ordre et figure reconnue du Barreau. Fid\u00e8le \u00e0 son engagement d\u2019accompagner la jeune g\u00e9n\u00e9ration, il a salu\u00e9 l\u2019initiative port\u00e9e par l\u2019UJA, estimant qu\u2019elle s\u2019inscrit dans une dynamique n\u00e9cessaire de rapprochement et d\u2019encadrement.<\/h3>\n\n\n\n<p><strong>&nbsp;<\/strong><em>\u00ab Je suis totalement satisfait. La marche s\u2019est d\u00e9roul\u00e9e sous les auspices du Barreau de Kinshasa\/Gombe et nous sommes tous tr\u00e8s heureux des r\u00e9sultats obtenus \u00bb, <\/em>a-t-il indiqu\u00e9.<\/p>\n\n\n\n<p>Insistant sur l\u2019importance de l\u2019attachement \u00e0 la profession et du respect des normes d\u00e9ontologiques&nbsp;; pour Me Kapuya, la participation massive des jeunes avocats d\u00e9montre leur d\u00e9termination \u00e0 s\u2019investir dans la vie corporative:<\/p>\n\n\n\n<p><em>\u00abRien de plus normal que de consacrer beaucoup d\u2019efforts \u00e0 l\u2019encadrement des jeunes confr\u00e8res et \u00e0 leur accompagnement pour qu\u2019ils s\u2019\u00e9panouissent dans la profession Je leur demande d\u2019aimer la profession et de l\u2019exercer dans le respect des r\u00e8gles car ils constituent l\u2019avenir de notre Barreau. \u00bb<\/em><em><\/em><\/p>\n\n\n\n<p>Me Kapuya a par ailleurs appel\u00e9 ses jeunes confr\u00e8res \u00e0 s\u2019investir davantage dans les activit\u00e9s corporatives, qui sont selon lui des espaces essentiels de solidarit\u00e9 et de formation continue.<\/p>\n\n\n\n<p>Cette marche de sant\u00e9 \u00e9tait la premi\u00e8re activit\u00e9 officielle du mandat du nouveau B\u00e2tonnier, Me Andr\u00e9 Kibambe, \u00e9lu le 25 octobre dernier. Me Kapuya, qui avait \u00e9t\u00e9 son challenger lors de ce scrutin, a tenu \u00e0 saluer l\u2019initiative :<\/p>\n\n\n\n<p><em>\u00ab Nous souhaitons que cette dynamique se poursuive et se p\u00e9rennise. Ce genre d\u2019activit\u00e9s consolide les liens de confraternit\u00e9 et de convivialit\u00e9 entre avocats. Nous encourageons Monsieur le B\u00e2tonnier \u00e0 aller de l\u2019avant. \u00bb<\/em><em><\/em><\/p>\n\n\n\n<p>Sa pr\u00e9sence \u00e0 cette activit\u00e9, malgr\u00e9 sa d\u00e9faite lors de l\u2019\u00e9lection, a \u00e9t\u00e9 remarqu\u00e9e et salu\u00e9e par les observateurs comme un geste de grandeur et de l\u2019\u00e9l\u00e9gance implacable. Sur ce point, Me Kapuya a r\u00e9pondu avec s\u00e9r\u00e9nit\u00e9 :<\/p>\n\n\n\n<p><em>\u00ab Le Barreau est au-dessus de nous tous. Nous ne sommes que des avocats au service de ce Barreau. Il est tout \u00e0 fait normal de respecter le choix des confr\u00e8res. Le Barreau de la Gombe comptait sept candidats de haute facture ; peu importe celui qui devait \u00eatre \u00e9lu, j\u2019\u00e9tais convaincu qu\u2019il serait entre de bonnes mains. \u00bb<\/em><em><\/em><\/p>\n\n\n\n<p>La r\u00e9ussite de cette marche ouvre la voie \u00e0 d\u2019autres initiatives visant \u00e0 renforcer la coh\u00e9sion professionnelle et \u00e0 promouvoir le bien-\u00eatre des avocats. Pour l\u2019UJA comme pour le nouveau Conseil de l\u2019Ordre, cette mobilisation est un signal fort d\u2019un mandat qui entend placer l\u2019unit\u00e9 et la collaboration au centre de ses priorit\u00e9s.<\/p>\n\n\n\n<p>Jo\u00ebl Diawa<\/p>\n","protected":false},"excerpt":{"rendered":"<p>R\u00e9daction: +243 817 406 088 L\u2019Union des Jeunes Avocats (UJA) du Barreau de Kinshasa\/Gombe a&#8230;<\/p>\n","protected":false},"author":2,"featured_media":17012,"comment_status":"open","ping_status":"open","sticky":false,"template":"","format":"standard","meta":{"_jetpack_memberships_contains_paid_content":false,"footnotes":""},"categories":[6],"tags":[],"class_list":["post-16996","post","type-post","status-publish","format-standard","has-post-thumbnail","hentry","category-justice"],"yoast_head":"<!-- This site is optimized with the Yoast SEO plugin v27.5 - https:\/\/yoast.com\/product\/yoast-seo-wordpress\/ -->\n<title>Marche de sant\u00e9 de l\u2019UJA\/BKG : Me Junior Kapuya Meleka montre l\u2019exemple et appelle \u00e0 p\u00e9renniser la dynamique - Infos Droits Humains<\/title>\n<meta name=\"robots\" content=\"index, follow, max-snippet:-1, max-image-preview:large, max-video-preview:-1\" \/>\n<link rel=\"canonical\" href=\"https:\/\/infos-droitshumains.net\/?p=16996\" \/>\n<meta property=\"og:locale\" content=\"fr_FR\" \/>\n<meta property=\"og:type\" content=\"article\" \/>\n<meta property=\"og:title\" content=\"Marche de sant\u00e9 de l\u2019UJA\/BKG : Me Junior Kapuya Meleka montre l\u2019exemple et appelle \u00e0 p\u00e9renniser la dynamique - Infos Droits Humains\" \/>\n<meta property=\"og:description\" content=\"R\u00e9daction: +243 817 406 088 L\u2019Union des Jeunes Avocats (UJA) du Barreau de Kinshasa\/Gombe a...\" \/>\n<meta property=\"og:url\" content=\"https:\/\/infos-droitshumains.net\/?p=16996\" \/>\n<meta property=\"og:site_name\" content=\"Infos Droits Humains\" \/>\n<meta property=\"article:published_time\" content=\"2025-11-23T14:01:23+00:00\" \/>\n<meta property=\"article:modified_time\" content=\"2025-11-23T22:58:33+00:00\" \/>\n<meta property=\"og:image\" content=\"https:\/\/infos-droitshumains.net\/wp-content\/uploads\/2025\/11\/vlcsnap-2025-11-23-15h17m09s9251-1024x576.png\" \/>\n\t<meta property=\"og:image:width\" content=\"1024\" \/>\n\t<meta property=\"og:image:height\" content=\"576\" \/>\n\t<meta property=\"og:image:type\" content=\"image\/png\" \/>\n<meta name=\"author\" content=\"Jo\u00ebl Diawa\" \/>\n<meta name=\"twitter:card\" content=\"summary_large_image\" \/>\n<meta name=\"twitter:label1\" content=\"\u00c9crit par\" \/>\n\t<meta name=\"twitter:data1\" content=\"Jo\u00ebl Diawa\" \/>\n\t<meta name=\"twitter:label2\" content=\"Dur\u00e9e de lecture estim\u00e9e\" \/>\n\t<meta name=\"twitter:data2\" content=\"3 minutes\" \/>\n<script type=\"application\/ld+json\" class=\"yoast-schema-graph\">{\"@context\":\"https:\\\/\\\/schema.org\",\"@graph\":[{\"@type\":\"Article\",\"@id\":\"https:\\\/\\\/infos-droitshumains.net\\\/?p=16996#article\",\"isPartOf\":{\"@id\":\"https:\\\/\\\/infos-droitshumains.net\\\/?p=16996\"},\"author\":{\"name\":\"Jo\u00ebl Diawa\",\"@id\":\"https:\\\/\\\/infos-droitshumains.net\\\/#\\\/schema\\\/person\\\/3dc5e921c3302172e0ed4362f96faab7\"},\"headline\":\"Marche de sant\u00e9 de l\u2019UJA\\\/BKG : Me Junior Kapuya Meleka montre l\u2019exemple et appelle \u00e0 p\u00e9renniser la dynamique\",\"datePublished\":\"2025-11-23T14:01:23+00:00\",\"dateModified\":\"2025-11-23T22:58:33+00:00\",\"mainEntityOfPage\":{\"@id\":\"https:\\\/\\\/infos-droitshumains.net\\\/?p=16996\"},\"wordCount\":535,\"commentCount\":0,\"publisher\":{\"@id\":\"https:\\\/\\\/infos-droitshumains.net\\\/#organization\"},\"image\":{\"@id\":\"https:\\\/\\\/infos-droitshumains.net\\\/?p=16996#primaryimage\"},\"thumbnailUrl\":\"https:\\\/\\\/i0.wp.com\\\/infos-droitshumains.net\\\/wp-content\\\/uploads\\\/2025\\\/11\\\/vlcsnap-2025-11-23-15h17m09s9251.png?fit=1920%2C1080&ssl=1\",\"articleSection\":[\"Justice\"],\"inLanguage\":\"fr-FR\",\"potentialAction\":[{\"@type\":\"CommentAction\",\"name\":\"Comment\",\"target\":[\"https:\\\/\\\/infos-droitshumains.net\\\/?p=16996#respond\"]}]},{\"@type\":\"WebPage\",\"@id\":\"https:\\\/\\\/infos-droitshumains.net\\\/?p=16996\",\"url\":\"https:\\\/\\\/infos-droitshumains.net\\\/?p=16996\",\"name\":\"Marche de sant\u00e9 de l\u2019UJA\\\/BKG : Me Junior Kapuya Meleka montre l\u2019exemple et appelle \u00e0 p\u00e9renniser la dynamique - Infos Droits Humains\",\"isPartOf\":{\"@id\":\"https:\\\/\\\/infos-droitshumains.net\\\/#website\"},\"primaryImageOfPage\":{\"@id\":\"https:\\\/\\\/infos-droitshumains.net\\\/?p=16996#primaryimage\"},\"image\":{\"@id\":\"https:\\\/\\\/infos-droitshumains.net\\\/?p=16996#primaryimage\"},\"thumbnailUrl\":\"https:\\\/\\\/i0.wp.com\\\/infos-droitshumains.net\\\/wp-content\\\/uploads\\\/2025\\\/11\\\/vlcsnap-2025-11-23-15h17m09s9251.png?fit=1920%2C1080&ssl=1\",\"datePublished\":\"2025-11-23T14:01:23+00:00\",\"dateModified\":\"2025-11-23T22:58:33+00:00\",\"breadcrumb\":{\"@id\":\"https:\\\/\\\/infos-droitshumains.net\\\/?p=16996#breadcrumb\"},\"inLanguage\":\"fr-FR\",\"potentialAction\":[{\"@type\":\"ReadAction\",\"target\":[\"https:\\\/\\\/infos-droitshumains.net\\\/?p=16996\"]}]},{\"@type\":\"ImageObject\",\"inLanguage\":\"fr-FR\",\"@id\":\"https:\\\/\\\/infos-droitshumains.net\\\/?p=16996#primaryimage\",\"url\":\"https:\\\/\\\/i0.wp.com\\\/infos-droitshumains.net\\\/wp-content\\\/uploads\\\/2025\\\/11\\\/vlcsnap-2025-11-23-15h17m09s9251.png?fit=1920%2C1080&ssl=1\",\"contentUrl\":\"https:\\\/\\\/i0.wp.com\\\/infos-droitshumains.net\\\/wp-content\\\/uploads\\\/2025\\\/11\\\/vlcsnap-2025-11-23-15h17m09s9251.png?fit=1920%2C1080&ssl=1\",\"width\":1920,\"height\":1080},{\"@type\":\"BreadcrumbList\",\"@id\":\"https:\\\/\\\/infos-droitshumains.net\\\/?p=16996#breadcrumb\",\"itemListElement\":[{\"@type\":\"ListItem\",\"position\":1,\"name\":\"Accueil\",\"item\":\"https:\\\/\\\/infos-droitshumains.net\\\/\"},{\"@type\":\"ListItem\",\"position\":2,\"name\":\"Marche de sant\u00e9 de l\u2019UJA\\\/BKG : Me Junior Kapuya Meleka montre l\u2019exemple et appelle \u00e0 p\u00e9renniser la dynamique\"}]},{\"@type\":\"WebSite\",\"@id\":\"https:\\\/\\\/infos-droitshumains.net\\\/#website\",\"url\":\"https:\\\/\\\/infos-droitshumains.net\\\/\",\"name\":\"Infos Droits Humains\",\"description\":\"S&#039;informer est un droit\",\"publisher\":{\"@id\":\"https:\\\/\\\/infos-droitshumains.net\\\/#organization\"},\"potentialAction\":[{\"@type\":\"SearchAction\",\"target\":{\"@type\":\"EntryPoint\",\"urlTemplate\":\"https:\\\/\\\/infos-droitshumains.net\\\/?s={search_term_string}\"},\"query-input\":{\"@type\":\"PropertyValueSpecification\",\"valueRequired\":true,\"valueName\":\"search_term_string\"}}],\"inLanguage\":\"fr-FR\"},{\"@type\":\"Organization\",\"@id\":\"https:\\\/\\\/infos-droitshumains.net\\\/#organization\",\"name\":\"Infos Droits Humains\",\"url\":\"https:\\\/\\\/infos-droitshumains.net\\\/\",\"logo\":{\"@type\":\"ImageObject\",\"inLanguage\":\"fr-FR\",\"@id\":\"https:\\\/\\\/infos-droitshumains.net\\\/#\\\/schema\\\/logo\\\/image\\\/\",\"url\":\"https:\\\/\\\/i0.wp.com\\\/infos-droitshumains.net\\\/wp-content\\\/uploads\\\/2022\\\/05\\\/Logo.png?fit=333%2C129&ssl=1\",\"contentUrl\":\"https:\\\/\\\/i0.wp.com\\\/infos-droitshumains.net\\\/wp-content\\\/uploads\\\/2022\\\/05\\\/Logo.png?fit=333%2C129&ssl=1\",\"width\":333,\"height\":129,\"caption\":\"Infos Droits Humains\"},\"image\":{\"@id\":\"https:\\\/\\\/infos-droitshumains.net\\\/#\\\/schema\\\/logo\\\/image\\\/\"}},{\"@type\":\"Person\",\"@id\":\"https:\\\/\\\/infos-droitshumains.net\\\/#\\\/schema\\\/person\\\/3dc5e921c3302172e0ed4362f96faab7\",\"name\":\"Jo\u00ebl Diawa\",\"image\":{\"@type\":\"ImageObject\",\"inLanguage\":\"fr-FR\",\"@id\":\"https:\\\/\\\/secure.gravatar.com\\\/avatar\\\/729bea6ff4604c624417803c477363be8e3c7186deaa65713313f9b4b820f41c?s=96&d=mm&r=g\",\"url\":\"https:\\\/\\\/secure.gravatar.com\\\/avatar\\\/729bea6ff4604c624417803c477363be8e3c7186deaa65713313f9b4b820f41c?s=96&d=mm&r=g\",\"contentUrl\":\"https:\\\/\\\/secure.gravatar.com\\\/avatar\\\/729bea6ff4604c624417803c477363be8e3c7186deaa65713313f9b4b820f41c?s=96&d=mm&r=g\",\"caption\":\"Jo\u00ebl Diawa\"},\"sameAs\":[\"https:\\\/\\\/www.infos-droitshumains.net\"],\"url\":\"https:\\\/\\\/infos-droitshumains.net\\\/?author=2\"}]}<\/script>\n<!-- \/ Yoast SEO plugin. -->","yoast_head_json":{"title":"Marche de sant\u00e9 de l\u2019UJA\/BKG : Me Junior Kapuya Meleka montre l\u2019exemple et appelle \u00e0 p\u00e9renniser la dynamique - Infos Droits Humains","robots":{"index":"index","follow":"follow","max-snippet":"max-snippet:-1","max-image-preview":"max-image-preview:large","max-video-preview":"max-video-preview:-1"},"canonical":"https:\/\/infos-droitshumains.net\/?p=16996","og_locale":"fr_FR","og_type":"article","og_title":"Marche de sant\u00e9 de l\u2019UJA\/BKG : Me Junior Kapuya Meleka montre l\u2019exemple et appelle \u00e0 p\u00e9renniser la dynamique - Infos Droits Humains","og_description":"R\u00e9daction: +243 817 406 088 L\u2019Union des Jeunes Avocats (UJA) du Barreau de Kinshasa\/Gombe a...","og_url":"https:\/\/infos-droitshumains.net\/?p=16996","og_site_name":"Infos Droits Humains","article_published_time":"2025-11-23T14:01:23+00:00","article_modified_time":"2025-11-23T22:58:33+00:00","og_image":[{"width":1024,"height":576,"url":"https:\/\/infos-droitshumains.net\/wp-content\/uploads\/2025\/11\/vlcsnap-2025-11-23-15h17m09s9251-1024x576.png","type":"image\/png"}],"author":"Jo\u00ebl Diawa","twitter_card":"summary_large_image","twitter_misc":{"\u00c9crit par":"Jo\u00ebl Diawa","Dur\u00e9e de lecture estim\u00e9e":"3 minutes"},"schema":{"@context":"https:\/\/schema.org","@graph":[{"@type":"Article","@id":"https:\/\/infos-droitshumains.net\/?p=16996#article","isPartOf":{"@id":"https:\/\/infos-droitshumains.net\/?p=16996"},"author":{"name":"Jo\u00ebl Diawa","@id":"https:\/\/infos-droitshumains.net\/#\/schema\/person\/3dc5e921c3302172e0ed4362f96faab7"},"headline":"Marche de sant\u00e9 de l\u2019UJA\/BKG : Me Junior Kapuya Meleka montre l\u2019exemple et appelle \u00e0 p\u00e9renniser la dynamique","datePublished":"2025-11-23T14:01:23+00:00","dateModified":"2025-11-23T22:58:33+00:00","mainEntityOfPage":{"@id":"https:\/\/infos-droitshumains.net\/?p=16996"},"wordCount":535,"commentCount":0,"publisher":{"@id":"https:\/\/infos-droitshumains.net\/#organization"},"image":{"@id":"https:\/\/infos-droitshumains.net\/?p=16996#primaryimage"},"thumbnailUrl":"https:\/\/i0.wp.com\/infos-droitshumains.net\/wp-content\/uploads\/2025\/11\/vlcsnap-2025-11-23-15h17m09s9251.png?fit=1920%2C1080&ssl=1","articleSection":["Justice"],"inLanguage":"fr-FR","potentialAction":[{"@type":"CommentAction","name":"Comment","target":["https:\/\/infos-droitshumains.net\/?p=16996#respond"]}]},{"@type":"WebPage","@id":"https:\/\/infos-droitshumains.net\/?p=16996","url":"https:\/\/infos-droitshumains.net\/?p=16996","name":"Marche de sant\u00e9 de l\u2019UJA\/BKG : Me Junior Kapuya Meleka montre l\u2019exemple et appelle \u00e0 p\u00e9renniser la dynamique - Infos Droits Humains","isPartOf":{"@id":"https:\/\/infos-droitshumains.net\/#website"},"primaryImageOfPage":{"@id":"https:\/\/infos-droitshumains.net\/?p=16996#primaryimage"},"image":{"@id":"https:\/\/infos-droitshumains.net\/?p=16996#primaryimage"},"thumbnailUrl":"https:\/\/i0.wp.com\/infos-droitshumains.net\/wp-content\/uploads\/2025\/11\/vlcsnap-2025-11-23-15h17m09s9251.png?fit=1920%2C1080&ssl=1","datePublished":"2025-11-23T14:01:23+00:00","dateModified":"2025-11-23T22:58:33+00:00","breadcrumb":{"@id":"https:\/\/infos-droitshumains.net\/?p=16996#breadcrumb"},"inLanguage":"fr-FR","potentialAction":[{"@type":"ReadAction","target":["https:\/\/infos-droitshumains.net\/?p=16996"]}]},{"@type":"ImageObject","inLanguage":"fr-FR","@id":"https:\/\/infos-droitshumains.net\/?p=16996#primaryimage","url":"https:\/\/i0.wp.com\/infos-droitshumains.net\/wp-content\/uploads\/2025\/11\/vlcsnap-2025-11-23-15h17m09s9251.png?fit=1920%2C1080&ssl=1","contentUrl":"https:\/\/i0.wp.com\/infos-droitshumains.net\/wp-content\/uploads\/2025\/11\/vlcsnap-2025-11-23-15h17m09s9251.png?fit=1920%2C1080&ssl=1","width":1920,"height":1080},{"@type":"BreadcrumbList","@id":"https:\/\/infos-droitshumains.net\/?p=16996#breadcrumb","itemListElement":[{"@type":"ListItem","position":1,"name":"Accueil","item":"https:\/\/infos-droitshumains.net\/"},{"@type":"ListItem","position":2,"name":"Marche de sant\u00e9 de l\u2019UJA\/BKG : Me Junior Kapuya Meleka montre l\u2019exemple et appelle \u00e0 p\u00e9renniser la dynamique"}]},{"@type":"WebSite","@id":"https:\/\/infos-droitshumains.net\/#website","url":"https:\/\/infos-droitshumains.net\/","name":"Infos Droits Humains","description":"S&#039;informer est un droit","publisher":{"@id":"https:\/\/infos-droitshumains.net\/#organization"},"potentialAction":[{"@type":"SearchAction","target":{"@type":"EntryPoint","urlTemplate":"https:\/\/infos-droitshumains.net\/?s={search_term_string}"},"query-input":{"@type":"PropertyValueSpecification","valueRequired":true,"valueName":"search_term_string"}}],"inLanguage":"fr-FR"},{"@type":"Organization","@id":"https:\/\/infos-droitshumains.net\/#organization","name":"Infos Droits Humains","url":"https:\/\/infos-droitshumains.net\/","logo":{"@type":"ImageObject","inLanguage":"fr-FR","@id":"https:\/\/infos-droitshumains.net\/#\/schema\/logo\/image\/","url":"https:\/\/i0.wp.com\/infos-droitshumains.net\/wp-content\/uploads\/2022\/05\/Logo.png?fit=333%2C129&ssl=1","contentUrl":"https:\/\/i0.wp.com\/infos-droitshumains.net\/wp-content\/uploads\/2022\/05\/Logo.png?fit=333%2C129&ssl=1","width":333,"height":129,"caption":"Infos Droits Humains"},"image":{"@id":"https:\/\/infos-droitshumains.net\/#\/schema\/logo\/image\/"}},{"@type":"Person","@id":"https:\/\/infos-droitshumains.net\/#\/schema\/person\/3dc5e921c3302172e0ed4362f96faab7","name":"Jo\u00ebl Diawa","image":{"@type":"ImageObject","inLanguage":"fr-FR","@id":"https:\/\/secure.gravatar.com\/avatar\/729bea6ff4604c624417803c477363be8e3c7186deaa65713313f9b4b820f41c?s=96&d=mm&r=g","url":"https:\/\/secure.gravatar.com\/avatar\/729bea6ff4604c624417803c477363be8e3c7186deaa65713313f9b4b820f41c?s=96&d=mm&r=g","contentUrl":"https:\/\/secure.gravatar.com\/avatar\/729bea6ff4604c624417803c477363be8e3c7186deaa65713313f9b4b820f41c?s=96&d=mm&r=g","caption":"Jo\u00ebl Diawa"},"sameAs":["https:\/\/www.infos-droitshumains.net"],"url":"https:\/\/infos-droitshumains.net\/?author=2"}]}},"featured_image_urls":{"full":["https:\/\/i0.wp.com\/infos-droitshumains.net\/wp-content\/uploads\/2025\/11\/vlcsnap-2025-11-23-15h17m09s9251.png?fit=1920%2C1080&ssl=1",1920,1080,false],"thumbnail":["https:\/\/i0.wp.com\/infos-droitshumains.net\/wp-content\/uploads\/2025\/11\/vlcsnap-2025-11-23-15h17m09s9251.png?resize=150%2C150&ssl=1",150,150,true],"medium":["https:\/\/i0.wp.com\/infos-droitshumains.net\/wp-content\/uploads\/2025\/11\/vlcsnap-2025-11-23-15h17m09s9251.png?fit=300%2C169&ssl=1",300,169,true],"medium_large":["https:\/\/i0.wp.com\/infos-droitshumains.net\/wp-content\/uploads\/2025\/11\/vlcsnap-2025-11-23-15h17m09s9251.png?fit=640%2C360&ssl=1",640,360,true],"large":["https:\/\/i0.wp.com\/infos-droitshumains.net\/wp-content\/uploads\/2025\/11\/vlcsnap-2025-11-23-15h17m09s9251.png?fit=640%2C360&ssl=1",640,360,true],"1536x1536":["https:\/\/i0.wp.com\/infos-droitshumains.net\/wp-content\/uploads\/2025\/11\/vlcsnap-2025-11-23-15h17m09s9251.png?fit=1536%2C864&ssl=1",1536,864,true],"2048x2048":["https:\/\/i0.wp.com\/infos-droitshumains.net\/wp-content\/uploads\/2025\/11\/vlcsnap-2025-11-23-15h17m09s9251.png?fit=1920%2C1080&ssl=1",1920,1080,true],"covernews-slider-full":["https:\/\/i0.wp.com\/infos-droitshumains.net\/wp-content\/uploads\/2025\/11\/vlcsnap-2025-11-23-15h17m09s9251.png?resize=1115%2C715&ssl=1",1115,715,true],"covernews-slider-center":["https:\/\/i0.wp.com\/infos-droitshumains.net\/wp-content\/uploads\/2025\/11\/vlcsnap-2025-11-23-15h17m09s9251.png?resize=800%2C500&ssl=1",800,500,true],"covernews-featured":["https:\/\/i0.wp.com\/infos-droitshumains.net\/wp-content\/uploads\/2025\/11\/vlcsnap-2025-11-23-15h17m09s9251.png?fit=1024%2C576&ssl=1",1024,576,true],"covernews-medium":["https:\/\/i0.wp.com\/infos-droitshumains.net\/wp-content\/uploads\/2025\/11\/vlcsnap-2025-11-23-15h17m09s9251.png?resize=540%2C340&ssl=1",540,340,true],"covernews-medium-square":["https:\/\/i0.wp.com\/infos-droitshumains.net\/wp-content\/uploads\/2025\/11\/vlcsnap-2025-11-23-15h17m09s9251.png?resize=400%2C250&ssl=1",400,250,true]},"author_info":{"display_name":"Jo\u00ebl Diawa","author_link":"https:\/\/infos-droitshumains.net\/?author=2"},"category_info":"<a href=\"https:\/\/infos-droitshumains.net\/?cat=6\" rel=\"category\">Justice<\/a>","tag_info":"Justice","comment_count":"0","jetpack_featured_media_url":"https:\/\/i0.wp.com\/infos-droitshumains.net\/wp-content\/uploads\/2025\/11\/vlcsnap-2025-11-23-15h17m09s9251.png?fit=1920%2C1080&ssl=1","jetpack-related-posts":[],"jetpack_sharing_enabled":true,"_links":{"self":[{"href":"https:\/\/infos-droitshumains.net\/index.php?rest_route=\/wp\/v2\/posts\/16996","targetHints":{"allow":["GET"]}}],"collection":[{"href":"https:\/\/infos-droitshumains.net\/index.php?rest_route=\/wp\/v2\/posts"}],"about":[{"href":"https:\/\/infos-droitshumains.net\/index.php?rest_route=\/wp\/v2\/types\/post"}],"author":[{"embeddable":true,"href":"https:\/\/infos-droitshumains.net\/index.php?rest_route=\/wp\/v2\/users\/2"}],"replies":[{"embeddable":true,"href":"https:\/\/infos-droitshumains.net\/index.php?rest_route=%2Fwp%2Fv2%2Fcomments&post=16996"}],"version-history":[{"count":2,"href":"https:\/\/infos-droitshumains.net\/index.php?rest_route=\/wp\/v2\/posts\/16996\/revisions"}],"predecessor-version":[{"id":17011,"href":"https:\/\/infos-droitshumains.net\/index.php?rest_route=\/wp\/v2\/posts\/16996\/revisions\/17011"}],"wp:featuredmedia":[{"embeddable":true,"href":"https:\/\/infos-droitshumains.net\/index.php?rest_route=\/wp\/v2\/media\/17012"}],"wp:attachment":[{"href":"https:\/\/infos-droitshumains.net\/index.php?rest_route=%2Fwp%2Fv2%2Fmedia&parent=16996"}],"wp:term":[{"taxonomy":"category","embeddable":true,"href":"https:\/\/infos-droitshumains.net\/index.php?rest_route=%2Fwp%2Fv2%2Fcategories&post=16996"},{"taxonomy":"post_tag","embeddable":true,"href":"https:\/\/infos-droitshumains.net\/index.php?rest_route=%2Fwp%2Fv2%2Ftags&post=16996"}],"curies":[{"name":"wp","href":"https:\/\/api.w.org\/{rel}","templated":true}]}}