{"id":1699,"date":"2022-01-30T12:42:36","date_gmt":"2022-01-30T11:42:36","guid":{"rendered":"https:\/\/infos-droitshumains.net\/?p=1699"},"modified":"2023-04-06T12:10:31","modified_gmt":"2023-04-06T10:10:31","slug":"lancement-des-travaux-de-construction-du-port-en-eau-profonde-de-banana-felix-tshisekedi-attendu-a-moanda","status":"publish","type":"post","link":"https:\/\/infos-droitshumains.net\/?p=1699","title":{"rendered":"Lancement des travaux de construction du port en eau profonde de Banana : F\u00e9lix Tshisekedi attendu \u00e0 Moanda."},"content":{"rendered":"\n<p><strong>R\u00e9daction:+243817406088<\/strong><\/p>\n\n\n\n<p>La construction du port en eau profonde de Banana qui est longtemps rest\u00e9 dans l\u2019empire chim\u00e9rique devient de plus en plus une r\u00e9alit\u00e9. Le pr\u00e9sident de la R\u00e9publique F\u00e9lix Tshisekedi est attendu ce lundi 31 janvier \u00e0 Moanda dans le Kongo-Central pour proc\u00e9der \u00e0 la pose de la premi\u00e8re pri\u00e8re de cet \u00e9difice d\u2019une importance incommensurable pour l\u2019\u00e9conomie de la R\u00e9publique D\u00e9mocratique du Congo.<\/p>\n\n\n\n<p>Le ministre des transports, voies de communication et de d\u00e9senclavement qui conduit l\u2019\u00e9quipe d\u2019avance, a rassembl\u00e9 toute la province du Kongo central en g\u00e9n\u00e9ral et  Moanda en particulier pour s\u2019approprier ce projet int\u00e9grateur. Il est \u00e9galement revenu sur le bien-fond\u00e9 de ce port en eau profonde:<\/p>\n\n\n\n<p><strong><em>\u00abJe suis tr\u00e8s engag\u00e9 en suivant les instructions de son excellence, monsieur le Pr\u00e9sident de la R\u00e9publique, Chef de l\u2019\u00c9tat, parce- nous devons changer l\u2019image de ce pays. La construction du port en eaux profondes de banana est un enjeu fondamental pour le d\u00e9veloppement \u00e9conomique de notre pays. Le chef de l\u2019\u00c9tat lui-m\u00eame avait dit que les infrastructures de transport doivent constituer la locomotive pour le d\u00e9veloppement de notre pays\u00bb<\/em><\/strong><\/p>\n\n\n\n<p>Actuellement, tout le territoire de Moanda est d\u00e9cor\u00e9 aux effigies en l&rsquo;honneur du chef de l&rsquo;\u00c9tat F\u00e9lix Tshisekedi qui vient de concr\u00e9tiser une promesse faite par son pr\u00e9d\u00e9cesseur il y a plusieurs d\u00e9cennies :<\/p>\n\n\n\n<p><strong><em>\u00abLorsqu\u2019il avait promis la construction du port en eaux profondes, et aujourd\u2019hui nous sommes ici pour la pose de la premi\u00e8re pierre, nous le gouvernement, nous devons \u00eatre totalement engag\u00e9s pour poursuivre les travaux jusqu\u2019au bout. Le signal doit \u00eatre fort \u00e0 l\u2019instar de ce que disait Papa Simon Kimbangu, \u00able Congo devra \u00eatre la locomotive de l\u2019Afrique, lorsque nous voyons aujourd\u2019hui F\u00e9lix Tshisekedi donner l\u2019ampleur pour l\u2019effectivit\u00e9 de ce projet tr\u00e8s novateur dans notre pays, nous ne pouvons qu\u2019\u00e0 ce stade, pas nous r\u00e9jouir, mais nous pr\u00e9parer \u00e0 travailler tr\u00e8s dur pour la mat\u00e9rialisation de ce projet tr\u00e8s ambitieux\u00bb<\/em><\/strong> a poursuivi le ministre des transports.<\/p>\n\n\n\n<p>La RDC va \u00e0-travers ce port, rem\u00e9dier \u00e0 sa d\u00e9pendance vis-\u00e0-vis des voisins pour la r\u00e9alisation de certaines transactions commerciales via voie maritime.<\/p>\n\n\n\n<p>Annonc\u00e9 depuis 2018, ce projet attribu\u00e9 \u00e0 l\u2019Emirati DP World a connu des retards dans la finalisation des \u00e9tapes pr\u00e9liminaires au lancement physique des travaux. La cause, un d\u00e9faut d\u2019accord concernant les int\u00e9r\u00eats des parties, l\u2019Etat congolais estimant que certaines clauses ne lui \u00e9taient pas favorables.<\/p>\n\n\n\n<p>D\u2019apr\u00e8s certaines sources proches du dossier, il y aurait des soup\u00e7ons de corruption quant \u00e0 la constitution de l\u2019actionnariat de la soci\u00e9t\u00e9 charg\u00e9e de construire et d\u2019exploiter le port. Gr\u00e2ce au pr\u00e9sident F\u00e9lix Tshisekedi, le contrat initial avait \u00e9t\u00e9 ren\u00e9goci\u00e9 en mai 2021. Le chef de l\u2019\u00c9tat d\u00e9clarait alors que le r\u00e9ajustement op\u00e9r\u00e9 \u00abreconsid\u00e8re les int\u00e9r\u00eats de chaque partie au contrat et permet de r\u00e9\u00e9quilibrer leurs avantages respectifs.<\/p>\n\n\n\n<p>Jo\u00ebl Diawa<\/p>\n","protected":false},"excerpt":{"rendered":"<p>R\u00e9daction:+243817406088 La construction du port en eau profonde de Banana qui est longtemps rest\u00e9 dans&#8230;<\/p>\n","protected":false},"author":2,"featured_media":0,"comment_status":"closed","ping_status":"open","sticky":false,"template":"","format":"standard","meta":{"_jetpack_memberships_contains_paid_content":false,"footnotes":""},"categories":[1],"tags":[],"class_list":["post-1699","post","type-post","status-publish","format-standard","hentry","category-non-classe"],"yoast_head":"<!-- This site is optimized with the Yoast SEO plugin v27.5 - https:\/\/yoast.com\/product\/yoast-seo-wordpress\/ -->\n<title>Lancement des travaux de construction du port en eau profonde de Banana : F\u00e9lix Tshisekedi attendu \u00e0 Moanda. - Infos Droits Humains<\/title>\n<meta name=\"robots\" content=\"index, follow, max-snippet:-1, max-image-preview:large, max-video-preview:-1\" \/>\n<link rel=\"canonical\" href=\"https:\/\/infos-droitshumains.net\/?p=1699\" \/>\n<meta property=\"og:locale\" content=\"fr_FR\" \/>\n<meta property=\"og:type\" content=\"article\" \/>\n<meta property=\"og:title\" content=\"Lancement des travaux de construction du port en eau profonde de Banana : F\u00e9lix Tshisekedi attendu \u00e0 Moanda. - Infos Droits Humains\" \/>\n<meta property=\"og:description\" content=\"R\u00e9daction:+243817406088 La construction du port en eau profonde de Banana qui est longtemps rest\u00e9 dans...\" \/>\n<meta property=\"og:url\" content=\"https:\/\/infos-droitshumains.net\/?p=1699\" \/>\n<meta property=\"og:site_name\" content=\"Infos Droits Humains\" \/>\n<meta property=\"article:published_time\" content=\"2022-01-30T11:42:36+00:00\" \/>\n<meta property=\"article:modified_time\" content=\"2023-04-06T10:10:31+00:00\" \/>\n<meta name=\"author\" content=\"Jo\u00ebl Diawa\" \/>\n<meta name=\"twitter:card\" content=\"summary_large_image\" \/>\n<meta name=\"twitter:label1\" content=\"\u00c9crit par\" \/>\n\t<meta name=\"twitter:data1\" content=\"Jo\u00ebl Diawa\" \/>\n\t<meta name=\"twitter:label2\" content=\"Dur\u00e9e de lecture estim\u00e9e\" \/>\n\t<meta name=\"twitter:data2\" content=\"3 minutes\" \/>\n<script type=\"application\/ld+json\" class=\"yoast-schema-graph\">{\"@context\":\"https:\\\/\\\/schema.org\",\"@graph\":[{\"@type\":\"Article\",\"@id\":\"https:\\\/\\\/infos-droitshumains.net\\\/?p=1699#article\",\"isPartOf\":{\"@id\":\"https:\\\/\\\/infos-droitshumains.net\\\/?p=1699\"},\"author\":{\"name\":\"Jo\u00ebl Diawa\",\"@id\":\"https:\\\/\\\/infos-droitshumains.net\\\/#\\\/schema\\\/person\\\/3dc5e921c3302172e0ed4362f96faab7\"},\"headline\":\"Lancement des travaux de construction du port en eau profonde de Banana : F\u00e9lix Tshisekedi attendu \u00e0 Moanda.\",\"datePublished\":\"2022-01-30T11:42:36+00:00\",\"dateModified\":\"2023-04-06T10:10:31+00:00\",\"mainEntityOfPage\":{\"@id\":\"https:\\\/\\\/infos-droitshumains.net\\\/?p=1699\"},\"wordCount\":551,\"publisher\":{\"@id\":\"https:\\\/\\\/infos-droitshumains.net\\\/#organization\"},\"inLanguage\":\"fr-FR\"},{\"@type\":\"WebPage\",\"@id\":\"https:\\\/\\\/infos-droitshumains.net\\\/?p=1699\",\"url\":\"https:\\\/\\\/infos-droitshumains.net\\\/?p=1699\",\"name\":\"Lancement des travaux de construction du port en eau profonde de Banana : F\u00e9lix Tshisekedi attendu \u00e0 Moanda. - Infos Droits Humains\",\"isPartOf\":{\"@id\":\"https:\\\/\\\/infos-droitshumains.net\\\/#website\"},\"datePublished\":\"2022-01-30T11:42:36+00:00\",\"dateModified\":\"2023-04-06T10:10:31+00:00\",\"breadcrumb\":{\"@id\":\"https:\\\/\\\/infos-droitshumains.net\\\/?p=1699#breadcrumb\"},\"inLanguage\":\"fr-FR\",\"potentialAction\":[{\"@type\":\"ReadAction\",\"target\":[\"https:\\\/\\\/infos-droitshumains.net\\\/?p=1699\"]}]},{\"@type\":\"BreadcrumbList\",\"@id\":\"https:\\\/\\\/infos-droitshumains.net\\\/?p=1699#breadcrumb\",\"itemListElement\":[{\"@type\":\"ListItem\",\"position\":1,\"name\":\"Accueil\",\"item\":\"https:\\\/\\\/infos-droitshumains.net\\\/\"},{\"@type\":\"ListItem\",\"position\":2,\"name\":\"Lancement des travaux de construction du port en eau profonde de Banana : F\u00e9lix Tshisekedi attendu \u00e0 Moanda.\"}]},{\"@type\":\"WebSite\",\"@id\":\"https:\\\/\\\/infos-droitshumains.net\\\/#website\",\"url\":\"https:\\\/\\\/infos-droitshumains.net\\\/\",\"name\":\"Infos Droits Humains\",\"description\":\"S&#039;informer est un droit\",\"publisher\":{\"@id\":\"https:\\\/\\\/infos-droitshumains.net\\\/#organization\"},\"potentialAction\":[{\"@type\":\"SearchAction\",\"target\":{\"@type\":\"EntryPoint\",\"urlTemplate\":\"https:\\\/\\\/infos-droitshumains.net\\\/?s={search_term_string}\"},\"query-input\":{\"@type\":\"PropertyValueSpecification\",\"valueRequired\":true,\"valueName\":\"search_term_string\"}}],\"inLanguage\":\"fr-FR\"},{\"@type\":\"Organization\",\"@id\":\"https:\\\/\\\/infos-droitshumains.net\\\/#organization\",\"name\":\"Infos Droits Humains\",\"url\":\"https:\\\/\\\/infos-droitshumains.net\\\/\",\"logo\":{\"@type\":\"ImageObject\",\"inLanguage\":\"fr-FR\",\"@id\":\"https:\\\/\\\/infos-droitshumains.net\\\/#\\\/schema\\\/logo\\\/image\\\/\",\"url\":\"https:\\\/\\\/i0.wp.com\\\/infos-droitshumains.net\\\/wp-content\\\/uploads\\\/2022\\\/05\\\/Logo.png?fit=333%2C129&ssl=1\",\"contentUrl\":\"https:\\\/\\\/i0.wp.com\\\/infos-droitshumains.net\\\/wp-content\\\/uploads\\\/2022\\\/05\\\/Logo.png?fit=333%2C129&ssl=1\",\"width\":333,\"height\":129,\"caption\":\"Infos Droits Humains\"},\"image\":{\"@id\":\"https:\\\/\\\/infos-droitshumains.net\\\/#\\\/schema\\\/logo\\\/image\\\/\"}},{\"@type\":\"Person\",\"@id\":\"https:\\\/\\\/infos-droitshumains.net\\\/#\\\/schema\\\/person\\\/3dc5e921c3302172e0ed4362f96faab7\",\"name\":\"Jo\u00ebl Diawa\",\"image\":{\"@type\":\"ImageObject\",\"inLanguage\":\"fr-FR\",\"@id\":\"https:\\\/\\\/secure.gravatar.com\\\/avatar\\\/729bea6ff4604c624417803c477363be8e3c7186deaa65713313f9b4b820f41c?s=96&d=mm&r=g\",\"url\":\"https:\\\/\\\/secure.gravatar.com\\\/avatar\\\/729bea6ff4604c624417803c477363be8e3c7186deaa65713313f9b4b820f41c?s=96&d=mm&r=g\",\"contentUrl\":\"https:\\\/\\\/secure.gravatar.com\\\/avatar\\\/729bea6ff4604c624417803c477363be8e3c7186deaa65713313f9b4b820f41c?s=96&d=mm&r=g\",\"caption\":\"Jo\u00ebl Diawa\"},\"sameAs\":[\"https:\\\/\\\/www.infos-droitshumains.net\"],\"url\":\"https:\\\/\\\/infos-droitshumains.net\\\/?author=2\"}]}<\/script>\n<!-- \/ Yoast SEO plugin. -->","yoast_head_json":{"title":"Lancement des travaux de construction du port en eau profonde de Banana : F\u00e9lix Tshisekedi attendu \u00e0 Moanda. - Infos Droits Humains","robots":{"index":"index","follow":"follow","max-snippet":"max-snippet:-1","max-image-preview":"max-image-preview:large","max-video-preview":"max-video-preview:-1"},"canonical":"https:\/\/infos-droitshumains.net\/?p=1699","og_locale":"fr_FR","og_type":"article","og_title":"Lancement des travaux de construction du port en eau profonde de Banana : F\u00e9lix Tshisekedi attendu \u00e0 Moanda. - Infos Droits Humains","og_description":"R\u00e9daction:+243817406088 La construction du port en eau profonde de Banana qui est longtemps rest\u00e9 dans...","og_url":"https:\/\/infos-droitshumains.net\/?p=1699","og_site_name":"Infos Droits Humains","article_published_time":"2022-01-30T11:42:36+00:00","article_modified_time":"2023-04-06T10:10:31+00:00","author":"Jo\u00ebl Diawa","twitter_card":"summary_large_image","twitter_misc":{"\u00c9crit par":"Jo\u00ebl Diawa","Dur\u00e9e de lecture estim\u00e9e":"3 minutes"},"schema":{"@context":"https:\/\/schema.org","@graph":[{"@type":"Article","@id":"https:\/\/infos-droitshumains.net\/?p=1699#article","isPartOf":{"@id":"https:\/\/infos-droitshumains.net\/?p=1699"},"author":{"name":"Jo\u00ebl Diawa","@id":"https:\/\/infos-droitshumains.net\/#\/schema\/person\/3dc5e921c3302172e0ed4362f96faab7"},"headline":"Lancement des travaux de construction du port en eau profonde de Banana : F\u00e9lix Tshisekedi attendu \u00e0 Moanda.","datePublished":"2022-01-30T11:42:36+00:00","dateModified":"2023-04-06T10:10:31+00:00","mainEntityOfPage":{"@id":"https:\/\/infos-droitshumains.net\/?p=1699"},"wordCount":551,"publisher":{"@id":"https:\/\/infos-droitshumains.net\/#organization"},"inLanguage":"fr-FR"},{"@type":"WebPage","@id":"https:\/\/infos-droitshumains.net\/?p=1699","url":"https:\/\/infos-droitshumains.net\/?p=1699","name":"Lancement des travaux de construction du port en eau profonde de Banana : F\u00e9lix Tshisekedi attendu \u00e0 Moanda. - Infos Droits Humains","isPartOf":{"@id":"https:\/\/infos-droitshumains.net\/#website"},"datePublished":"2022-01-30T11:42:36+00:00","dateModified":"2023-04-06T10:10:31+00:00","breadcrumb":{"@id":"https:\/\/infos-droitshumains.net\/?p=1699#breadcrumb"},"inLanguage":"fr-FR","potentialAction":[{"@type":"ReadAction","target":["https:\/\/infos-droitshumains.net\/?p=1699"]}]},{"@type":"BreadcrumbList","@id":"https:\/\/infos-droitshumains.net\/?p=1699#breadcrumb","itemListElement":[{"@type":"ListItem","position":1,"name":"Accueil","item":"https:\/\/infos-droitshumains.net\/"},{"@type":"ListItem","position":2,"name":"Lancement des travaux de construction du port en eau profonde de Banana : F\u00e9lix Tshisekedi attendu \u00e0 Moanda."}]},{"@type":"WebSite","@id":"https:\/\/infos-droitshumains.net\/#website","url":"https:\/\/infos-droitshumains.net\/","name":"Infos Droits Humains","description":"S&#039;informer est un droit","publisher":{"@id":"https:\/\/infos-droitshumains.net\/#organization"},"potentialAction":[{"@type":"SearchAction","target":{"@type":"EntryPoint","urlTemplate":"https:\/\/infos-droitshumains.net\/?s={search_term_string}"},"query-input":{"@type":"PropertyValueSpecification","valueRequired":true,"valueName":"search_term_string"}}],"inLanguage":"fr-FR"},{"@type":"Organization","@id":"https:\/\/infos-droitshumains.net\/#organization","name":"Infos Droits Humains","url":"https:\/\/infos-droitshumains.net\/","logo":{"@type":"ImageObject","inLanguage":"fr-FR","@id":"https:\/\/infos-droitshumains.net\/#\/schema\/logo\/image\/","url":"https:\/\/i0.wp.com\/infos-droitshumains.net\/wp-content\/uploads\/2022\/05\/Logo.png?fit=333%2C129&ssl=1","contentUrl":"https:\/\/i0.wp.com\/infos-droitshumains.net\/wp-content\/uploads\/2022\/05\/Logo.png?fit=333%2C129&ssl=1","width":333,"height":129,"caption":"Infos Droits Humains"},"image":{"@id":"https:\/\/infos-droitshumains.net\/#\/schema\/logo\/image\/"}},{"@type":"Person","@id":"https:\/\/infos-droitshumains.net\/#\/schema\/person\/3dc5e921c3302172e0ed4362f96faab7","name":"Jo\u00ebl Diawa","image":{"@type":"ImageObject","inLanguage":"fr-FR","@id":"https:\/\/secure.gravatar.com\/avatar\/729bea6ff4604c624417803c477363be8e3c7186deaa65713313f9b4b820f41c?s=96&d=mm&r=g","url":"https:\/\/secure.gravatar.com\/avatar\/729bea6ff4604c624417803c477363be8e3c7186deaa65713313f9b4b820f41c?s=96&d=mm&r=g","contentUrl":"https:\/\/secure.gravatar.com\/avatar\/729bea6ff4604c624417803c477363be8e3c7186deaa65713313f9b4b820f41c?s=96&d=mm&r=g","caption":"Jo\u00ebl Diawa"},"sameAs":["https:\/\/www.infos-droitshumains.net"],"url":"https:\/\/infos-droitshumains.net\/?author=2"}]}},"featured_image_urls":{"full":"","thumbnail":"","medium":"","medium_large":"","large":"","1536x1536":"","2048x2048":"","covernews-slider-full":"","covernews-slider-center":"","covernews-featured":"","covernews-medium":"","covernews-medium-square":""},"author_info":{"display_name":"Jo\u00ebl Diawa","author_link":"https:\/\/infos-droitshumains.net\/?author=2"},"category_info":"<a href=\"https:\/\/infos-droitshumains.net\/?cat=1\" rel=\"category\">Non class\u00e9<\/a>","tag_info":"Non class\u00e9","comment_count":"0","jetpack_featured_media_url":"","jetpack-related-posts":[],"jetpack_sharing_enabled":true,"_links":{"self":[{"href":"https:\/\/infos-droitshumains.net\/index.php?rest_route=\/wp\/v2\/posts\/1699","targetHints":{"allow":["GET"]}}],"collection":[{"href":"https:\/\/infos-droitshumains.net\/index.php?rest_route=\/wp\/v2\/posts"}],"about":[{"href":"https:\/\/infos-droitshumains.net\/index.php?rest_route=\/wp\/v2\/types\/post"}],"author":[{"embeddable":true,"href":"https:\/\/infos-droitshumains.net\/index.php?rest_route=\/wp\/v2\/users\/2"}],"replies":[{"embeddable":true,"href":"https:\/\/infos-droitshumains.net\/index.php?rest_route=%2Fwp%2Fv2%2Fcomments&post=1699"}],"version-history":[{"count":3,"href":"https:\/\/infos-droitshumains.net\/index.php?rest_route=\/wp\/v2\/posts\/1699\/revisions"}],"predecessor-version":[{"id":1703,"href":"https:\/\/infos-droitshumains.net\/index.php?rest_route=\/wp\/v2\/posts\/1699\/revisions\/1703"}],"wp:attachment":[{"href":"https:\/\/infos-droitshumains.net\/index.php?rest_route=%2Fwp%2Fv2%2Fmedia&parent=1699"}],"wp:term":[{"taxonomy":"category","embeddable":true,"href":"https:\/\/infos-droitshumains.net\/index.php?rest_route=%2Fwp%2Fv2%2Fcategories&post=1699"},{"taxonomy":"post_tag","embeddable":true,"href":"https:\/\/infos-droitshumains.net\/index.php?rest_route=%2Fwp%2Fv2%2Ftags&post=1699"}],"curies":[{"name":"wp","href":"https:\/\/api.w.org\/{rel}","templated":true}]}}