{"id":16983,"date":"2025-11-23T00:05:01","date_gmt":"2025-11-22T23:05:01","guid":{"rendered":"https:\/\/infos-droitshumains.net\/?p=16983"},"modified":"2025-11-23T09:02:12","modified_gmt":"2025-11-23T08:02:12","slug":"tgi-ndjili-la-presidente-fikilini-adopte-un-train-de-mesures-pour-renforcer-la-bonne-administration-de-la-justice","status":"publish","type":"post","link":"https:\/\/infos-droitshumains.net\/?p=16983","title":{"rendered":"TGI\/N\u2019djili : La Pr\u00e9sidente Fikilini adopte un train de mesures pour renforcer la bonne administration de la justice"},"content":{"rendered":"\n<p><strong>R\u00e9daction: +243 817 406 088<\/strong><\/p>\n\n\n\n<h3 class=\"wp-block-heading has-vivid-red-color has-text-color has-link-color wp-elements-b785d2238c17fc3c72e431b8f850eba3\">La Pr\u00e9sidente du Tribunal de grande instance (TGI) de Kinshasa\/N\u2019djili, Marthe <strong>Fikilini<\/strong> Kankolongo, vient d\u2019adopter une s\u00e9rie de mesures destin\u00e9es \u00e0 am\u00e9liorer le fonctionnement interne de la juridiction et \u00e0 renforcer la qualit\u00e9 du service public de la justice. Ces dispositions sont contenues dans une note de service dont copie est parvenue \u00e0 la r\u00e9daction du Journal T\u00e9l\u00e9vis\u00e9 des Droits Humains.<\/h3>\n\n\n\n<p>S\u2019appuyant sur l\u2019arr\u00eat\u00e9 d\u2019organisation judiciaire n\u00b0299\/79 du 20 ao\u00fbt 1979 portant r\u00e8glement int\u00e9rieur des cours, tribunaux et parquets, la Pr\u00e9sidente rappelle que le chef de juridiction dispose de pr\u00e9rogatives lui permettant de prendre toutes mesures favorisant une gestion efficace des audiences et une administration saine de la justice rendue au nom du peuple.<\/p>\n\n\n\n<p>Cette note vise ainsi \u00e0 instaurer une gestion plus souple, structur\u00e9e et ordonn\u00e9e du tribunal, afin d\u2019am\u00e9liorer le rendement dans le traitement des dossiers et la c\u00e9l\u00e9rit\u00e9 de la justice.<\/p>\n\n\n\n<p><strong> Organisation et tenue des audiences<\/strong><\/p>\n\n\n\n<p>Les audiences ordinaires commencent \u00e0 9h00 et se poursuivent jusqu\u2019\u00e0 l\u2019\u00e9puisement du r\u00f4le. Elles sont d\u00e9sormais r\u00e9parties comme suit :<\/p>\n\n\n\n<ul class=\"wp-block-list\">\n<li><strong>Lundi :<\/strong> mati\u00e8res civiles<\/li>\n\n\n\n<li><strong>Mardi :<\/strong> mati\u00e8res p\u00e9nales avec pr\u00e9venus en d\u00e9tention au CPRK<\/li>\n\n\n\n<li><strong>Mercredi :<\/strong> mati\u00e8res du travail (1er degr\u00e9), mati\u00e8res civiles (2e degr\u00e9) et descentes sur les lieux<\/li>\n\n\n\n<li><strong>Jeudi :<\/strong> mati\u00e8res p\u00e9nales au 2e degr\u00e9<\/li>\n\n\n\n<li><strong>Vendredi :<\/strong> mati\u00e8res p\u00e9nales avec pr\u00e9venus en libert\u00e9, mati\u00e8res urgentes et descentes sur les lieux<\/li>\n<\/ul>\n\n\n\n<p>\u00c0 cet effet, les membres des diff\u00e9rentes compositions doivent se pr\u00e9senter au tribunal <strong>une heure avant le d\u00e9but de l\u2019audience<\/strong> afin de prendre connaissance des dossiers.<br>Tout emp\u00eachement doit \u00eatre signal\u00e9 24 heures \u00e0 l\u2019avance au chef de juridiction, au pr\u00e9sident de chambre ainsi qu\u2019au suppl\u00e9ant d\u00e9sign\u00e9, lequel doit \u00e9galement \u00eatre pr\u00e9sent une heure avant l\u2019audience pour parer \u00e0 toute \u00e9ventualit\u00e9.<\/p>\n\n\n\n<p><strong>Audiences de descente<\/strong><\/p>\n\n\n\n<p>Les greffiers concern\u00e9s par les descentes sur les lieux doivent informer au pr\u00e9alable le chef de juridiction en lui transmettant l\u2019extrait de r\u00f4le et en mettant les dossiers concern\u00e9s \u00e0 disposition. Cette organisation vise notamment \u00e0 permettre la prise de mesures s\u00e9curitaires n\u00e9cessaires.<\/p>\n\n\n\n<p><strong>D\u00e9lib\u00e9r\u00e9 et assembl\u00e9e pl\u00e9ni\u00e8re<\/strong><\/p>\n\n\n\n<p>La Pr\u00e9sidente rappelle le caract\u00e8re <strong>strictement secret<\/strong> du d\u00e9lib\u00e9r\u00e9, conform\u00e9ment aux textes en vigueur.<br>Toute divergence persistante entre les membres de la composition sur une question de droit conduira \u00e0 la convocation d\u2019une <strong>assembl\u00e9e pl\u00e9ni\u00e8re<\/strong>, conform\u00e9ment aux articles 16 \u00e0 18 de l\u2019arr\u00eat\u00e9 n\u00b0299\/79, afin de d\u00e9battre et d\u2019harmoniser les positions.<\/p>\n\n\n\n<p><strong>Prononc\u00e9 des jugements<\/strong><\/p>\n\n\n\n<p>Les prononc\u00e9s interviendront :<\/p>\n\n\n\n<ul class=\"wp-block-list\">\n<li><strong>Lundi :<\/strong> jugements civils (1er et 2e degr\u00e9s)<\/li>\n\n\n\n<li><strong>Jeudi :<\/strong> jugements p\u00e9naux (1er et 2e degr\u00e9s)<\/li>\n<\/ul>\n\n\n\n<p>Avant tout prononc\u00e9, plusieurs conditions doivent \u00eatre strictement respect\u00e9es :<\/p>\n\n\n\n<ol class=\"wp-block-list\">\n<li>Information pr\u00e9alable au chef de juridiction pour l\u2019\u00e9laboration de l\u2019extrait de r\u00f4le d\u00fbment sign\u00e9;<\/li>\n\n\n\n<li>Enregistrement du dispositif dans le registre y relatif ;<\/li>\n\n\n\n<li>Prononc\u00e9 en audience publique, en pr\u00e9sence ou avec le concours du minist\u00e8re public et l\u2019assistance du greffier.<\/li>\n<\/ol>\n\n\n\n<p><strong>Devoirs des juges<\/strong><\/p>\n\n\n\n<p>La Pr\u00e9sidente insiste sur plusieurs obligations :<\/p>\n\n\n\n<ul class=\"wp-block-list\">\n<li>Veiller \u00e0 ce que les dossiers remis apr\u00e8s d\u00e9lib\u00e9r\u00e9 soient contiennent des pi\u00e8ces cot\u00e9s avec inventaires,<\/li>\n\n\n\n<li>Respecter scrupuleusement les d\u00e9lais de prononc\u00e9, sous peine de sanction disciplinaire (article 47, point 2, de la Loi organique sur le statut des magistrats)<\/li>\n\n\n\n<li>Produire, \u00e0 la fin de chaque roulement, un <strong>rapport d\u00e9taill\u00e9<\/strong> sur les activit\u00e9s de la chambre :<ul><li>les dossiers pris en d\u00e9lib\u00e9r\u00e9,<\/li><\/ul><\/li>\n\n\n\n<li><ul><li>Ceux ayant re\u00e7u jugements ainsi que l\u2019indication des juges r\u00e9dacteurs afin d\u2019avoir un aper\u00e7u sur le rendement de chaque juge,<\/li><\/ul><\/li>\n\n\n\n<li>Tenir obligatoirement les registres en vue d\u2019une bonne tra\u00e7abilit\u00e9 de leurs dossiers<\/li>\n\n\n\n<li>Signaler dans un classeur sp\u00e9cial tout incident survenu en audience, afin qu\u2019il soit examin\u00e9 en pl\u00e9ni\u00e8re en vue d\u2019arr\u00eater les dispositions utiles. <\/li>\n<\/ul>\n\n\n\n<p><strong>Devoirs des greffiers<\/strong><\/p>\n\n\n\n<p>Le service du greffe est \u00e9galement soumis \u00e0 de nouvelles exigences visant \u00e0 renforcer la qualit\u00e9 de son fonctionnement :<\/p>\n\n\n\n<ul class=\"wp-block-list\">\n<li>Assurer une coordination rigoureuse entre les diff\u00e9rents greffiers<\/li>\n\n\n\n<li>Tenir correctement la feuille d\u2019audience et transmettre rapidement les dossiers cot\u00e9s et inventori\u00e9s aux pr\u00e9sidents des chambres<\/li>\n\n\n\n<li>Apr\u00e8s prononc\u00e9, d\u00e9charger le pr\u00e9sident de chambre par la signature dans son registre, conform\u00e9ment aux articles 37 et 38 de l\u2019arr\u00eat\u00e9 n\u00b0299\/79<\/li>\n\n\n\n<li>Transcrire imm\u00e9diatement les dispositifs dans les registres du greffe<\/li>\n<\/ul>\n\n\n\n<p>La Pr\u00e9sidente souligne que toutes ces mesures doivent \u00eatre scrupuleusement observ\u00e9es, sans pr\u00e9judice des autres obligations pr\u00e9vues par les articles 10 et 11 de l\u2019arr\u00eat\u00e9 d\u2019organisation judiciaire.<\/p>\n\n\n\n<p>Par ces dispositions, la Pr\u00e9sidente M arthe Fikilini entend poursuivre ce qu\u2019elle avait entam\u00e9 d\u00e8s sa prise des fonctions\u00a0: moderniser et assainir le fonctionnement du TGI\/N\u2019djili, accro\u00eetre le rendement, am\u00e9liorer la transparence, assurer la discipline interne et garantir une justice plus efficace et accessible, conforme aux attentes du peuple congolais.<\/p>\n\n\n\n<p>Jo\u00ebl Diawa<\/p>\n","protected":false},"excerpt":{"rendered":"<p>R\u00e9daction: +243 817 406 088 La Pr\u00e9sidente du Tribunal de grande instance (TGI) de Kinshasa\/N\u2019djili,&#8230;<\/p>\n","protected":false},"author":2,"featured_media":16990,"comment_status":"open","ping_status":"open","sticky":false,"template":"","format":"standard","meta":{"_jetpack_memberships_contains_paid_content":false,"footnotes":""},"categories":[6],"tags":[],"class_list":["post-16983","post","type-post","status-publish","format-standard","has-post-thumbnail","hentry","category-justice"],"yoast_head":"<!-- This site is optimized with the Yoast SEO plugin v27.5 - https:\/\/yoast.com\/product\/yoast-seo-wordpress\/ -->\n<title>TGI\/N\u2019djili : La Pr\u00e9sidente Fikilini adopte un train de mesures pour renforcer la bonne administration de la justice - Infos Droits Humains<\/title>\n<meta name=\"robots\" content=\"index, follow, max-snippet:-1, max-image-preview:large, max-video-preview:-1\" \/>\n<link rel=\"canonical\" href=\"https:\/\/infos-droitshumains.net\/?p=16983\" \/>\n<meta property=\"og:locale\" content=\"fr_FR\" \/>\n<meta property=\"og:type\" content=\"article\" \/>\n<meta property=\"og:title\" content=\"TGI\/N\u2019djili : La Pr\u00e9sidente Fikilini adopte un train de mesures pour renforcer la bonne administration de la justice - Infos Droits Humains\" \/>\n<meta property=\"og:description\" content=\"R\u00e9daction: +243 817 406 088 La Pr\u00e9sidente du Tribunal de grande instance (TGI) de Kinshasa\/N\u2019djili,...\" \/>\n<meta property=\"og:url\" content=\"https:\/\/infos-droitshumains.net\/?p=16983\" \/>\n<meta property=\"og:site_name\" content=\"Infos Droits Humains\" \/>\n<meta property=\"article:published_time\" content=\"2025-11-22T23:05:01+00:00\" \/>\n<meta property=\"article:modified_time\" content=\"2025-11-23T08:02:12+00:00\" \/>\n<meta property=\"og:image\" content=\"https:\/\/infos-droitshumains.net\/wp-content\/uploads\/2025\/11\/IMG-20251021-WA0089.jpg\" \/>\n\t<meta property=\"og:image:width\" content=\"1080\" \/>\n\t<meta property=\"og:image:height\" content=\"714\" \/>\n\t<meta property=\"og:image:type\" content=\"image\/jpeg\" \/>\n<meta name=\"author\" content=\"Jo\u00ebl Diawa\" \/>\n<meta name=\"twitter:card\" content=\"summary_large_image\" \/>\n<meta name=\"twitter:label1\" content=\"\u00c9crit par\" \/>\n\t<meta name=\"twitter:data1\" content=\"Jo\u00ebl Diawa\" \/>\n\t<meta name=\"twitter:label2\" content=\"Dur\u00e9e de lecture estim\u00e9e\" \/>\n\t<meta name=\"twitter:data2\" content=\"4 minutes\" \/>\n<script type=\"application\/ld+json\" class=\"yoast-schema-graph\">{\"@context\":\"https:\\\/\\\/schema.org\",\"@graph\":[{\"@type\":\"Article\",\"@id\":\"https:\\\/\\\/infos-droitshumains.net\\\/?p=16983#article\",\"isPartOf\":{\"@id\":\"https:\\\/\\\/infos-droitshumains.net\\\/?p=16983\"},\"author\":{\"name\":\"Jo\u00ebl Diawa\",\"@id\":\"https:\\\/\\\/infos-droitshumains.net\\\/#\\\/schema\\\/person\\\/3dc5e921c3302172e0ed4362f96faab7\"},\"headline\":\"TGI\\\/N\u2019djili : La Pr\u00e9sidente Fikilini adopte un train de mesures pour renforcer la bonne administration de la justice\",\"datePublished\":\"2025-11-22T23:05:01+00:00\",\"dateModified\":\"2025-11-23T08:02:12+00:00\",\"mainEntityOfPage\":{\"@id\":\"https:\\\/\\\/infos-droitshumains.net\\\/?p=16983\"},\"wordCount\":865,\"commentCount\":0,\"publisher\":{\"@id\":\"https:\\\/\\\/infos-droitshumains.net\\\/#organization\"},\"image\":{\"@id\":\"https:\\\/\\\/infos-droitshumains.net\\\/?p=16983#primaryimage\"},\"thumbnailUrl\":\"https:\\\/\\\/i0.wp.com\\\/infos-droitshumains.net\\\/wp-content\\\/uploads\\\/2025\\\/11\\\/IMG-20251021-WA0089.jpg?fit=1080%2C714&ssl=1\",\"articleSection\":[\"Justice\"],\"inLanguage\":\"fr-FR\",\"potentialAction\":[{\"@type\":\"CommentAction\",\"name\":\"Comment\",\"target\":[\"https:\\\/\\\/infos-droitshumains.net\\\/?p=16983#respond\"]}]},{\"@type\":\"WebPage\",\"@id\":\"https:\\\/\\\/infos-droitshumains.net\\\/?p=16983\",\"url\":\"https:\\\/\\\/infos-droitshumains.net\\\/?p=16983\",\"name\":\"TGI\\\/N\u2019djili : La Pr\u00e9sidente Fikilini adopte un train de mesures pour renforcer la bonne administration de la justice - Infos Droits Humains\",\"isPartOf\":{\"@id\":\"https:\\\/\\\/infos-droitshumains.net\\\/#website\"},\"primaryImageOfPage\":{\"@id\":\"https:\\\/\\\/infos-droitshumains.net\\\/?p=16983#primaryimage\"},\"image\":{\"@id\":\"https:\\\/\\\/infos-droitshumains.net\\\/?p=16983#primaryimage\"},\"thumbnailUrl\":\"https:\\\/\\\/i0.wp.com\\\/infos-droitshumains.net\\\/wp-content\\\/uploads\\\/2025\\\/11\\\/IMG-20251021-WA0089.jpg?fit=1080%2C714&ssl=1\",\"datePublished\":\"2025-11-22T23:05:01+00:00\",\"dateModified\":\"2025-11-23T08:02:12+00:00\",\"breadcrumb\":{\"@id\":\"https:\\\/\\\/infos-droitshumains.net\\\/?p=16983#breadcrumb\"},\"inLanguage\":\"fr-FR\",\"potentialAction\":[{\"@type\":\"ReadAction\",\"target\":[\"https:\\\/\\\/infos-droitshumains.net\\\/?p=16983\"]}]},{\"@type\":\"ImageObject\",\"inLanguage\":\"fr-FR\",\"@id\":\"https:\\\/\\\/infos-droitshumains.net\\\/?p=16983#primaryimage\",\"url\":\"https:\\\/\\\/i0.wp.com\\\/infos-droitshumains.net\\\/wp-content\\\/uploads\\\/2025\\\/11\\\/IMG-20251021-WA0089.jpg?fit=1080%2C714&ssl=1\",\"contentUrl\":\"https:\\\/\\\/i0.wp.com\\\/infos-droitshumains.net\\\/wp-content\\\/uploads\\\/2025\\\/11\\\/IMG-20251021-WA0089.jpg?fit=1080%2C714&ssl=1\",\"width\":1080,\"height\":714},{\"@type\":\"BreadcrumbList\",\"@id\":\"https:\\\/\\\/infos-droitshumains.net\\\/?p=16983#breadcrumb\",\"itemListElement\":[{\"@type\":\"ListItem\",\"position\":1,\"name\":\"Accueil\",\"item\":\"https:\\\/\\\/infos-droitshumains.net\\\/\"},{\"@type\":\"ListItem\",\"position\":2,\"name\":\"TGI\\\/N\u2019djili : La Pr\u00e9sidente Fikilini adopte un train de mesures pour renforcer la bonne administration de la justice\"}]},{\"@type\":\"WebSite\",\"@id\":\"https:\\\/\\\/infos-droitshumains.net\\\/#website\",\"url\":\"https:\\\/\\\/infos-droitshumains.net\\\/\",\"name\":\"Infos Droits Humains\",\"description\":\"S&#039;informer est un droit\",\"publisher\":{\"@id\":\"https:\\\/\\\/infos-droitshumains.net\\\/#organization\"},\"potentialAction\":[{\"@type\":\"SearchAction\",\"target\":{\"@type\":\"EntryPoint\",\"urlTemplate\":\"https:\\\/\\\/infos-droitshumains.net\\\/?s={search_term_string}\"},\"query-input\":{\"@type\":\"PropertyValueSpecification\",\"valueRequired\":true,\"valueName\":\"search_term_string\"}}],\"inLanguage\":\"fr-FR\"},{\"@type\":\"Organization\",\"@id\":\"https:\\\/\\\/infos-droitshumains.net\\\/#organization\",\"name\":\"Infos Droits Humains\",\"url\":\"https:\\\/\\\/infos-droitshumains.net\\\/\",\"logo\":{\"@type\":\"ImageObject\",\"inLanguage\":\"fr-FR\",\"@id\":\"https:\\\/\\\/infos-droitshumains.net\\\/#\\\/schema\\\/logo\\\/image\\\/\",\"url\":\"https:\\\/\\\/i0.wp.com\\\/infos-droitshumains.net\\\/wp-content\\\/uploads\\\/2022\\\/05\\\/Logo.png?fit=333%2C129&ssl=1\",\"contentUrl\":\"https:\\\/\\\/i0.wp.com\\\/infos-droitshumains.net\\\/wp-content\\\/uploads\\\/2022\\\/05\\\/Logo.png?fit=333%2C129&ssl=1\",\"width\":333,\"height\":129,\"caption\":\"Infos Droits Humains\"},\"image\":{\"@id\":\"https:\\\/\\\/infos-droitshumains.net\\\/#\\\/schema\\\/logo\\\/image\\\/\"}},{\"@type\":\"Person\",\"@id\":\"https:\\\/\\\/infos-droitshumains.net\\\/#\\\/schema\\\/person\\\/3dc5e921c3302172e0ed4362f96faab7\",\"name\":\"Jo\u00ebl Diawa\",\"image\":{\"@type\":\"ImageObject\",\"inLanguage\":\"fr-FR\",\"@id\":\"https:\\\/\\\/secure.gravatar.com\\\/avatar\\\/729bea6ff4604c624417803c477363be8e3c7186deaa65713313f9b4b820f41c?s=96&d=mm&r=g\",\"url\":\"https:\\\/\\\/secure.gravatar.com\\\/avatar\\\/729bea6ff4604c624417803c477363be8e3c7186deaa65713313f9b4b820f41c?s=96&d=mm&r=g\",\"contentUrl\":\"https:\\\/\\\/secure.gravatar.com\\\/avatar\\\/729bea6ff4604c624417803c477363be8e3c7186deaa65713313f9b4b820f41c?s=96&d=mm&r=g\",\"caption\":\"Jo\u00ebl Diawa\"},\"sameAs\":[\"https:\\\/\\\/www.infos-droitshumains.net\"],\"url\":\"https:\\\/\\\/infos-droitshumains.net\\\/?author=2\"}]}<\/script>\n<!-- \/ Yoast SEO plugin. -->","yoast_head_json":{"title":"TGI\/N\u2019djili : La Pr\u00e9sidente Fikilini adopte un train de mesures pour renforcer la bonne administration de la justice - Infos Droits Humains","robots":{"index":"index","follow":"follow","max-snippet":"max-snippet:-1","max-image-preview":"max-image-preview:large","max-video-preview":"max-video-preview:-1"},"canonical":"https:\/\/infos-droitshumains.net\/?p=16983","og_locale":"fr_FR","og_type":"article","og_title":"TGI\/N\u2019djili : La Pr\u00e9sidente Fikilini adopte un train de mesures pour renforcer la bonne administration de la justice - Infos Droits Humains","og_description":"R\u00e9daction: +243 817 406 088 La Pr\u00e9sidente du Tribunal de grande instance (TGI) de Kinshasa\/N\u2019djili,...","og_url":"https:\/\/infos-droitshumains.net\/?p=16983","og_site_name":"Infos Droits Humains","article_published_time":"2025-11-22T23:05:01+00:00","article_modified_time":"2025-11-23T08:02:12+00:00","og_image":[{"width":1080,"height":714,"url":"https:\/\/infos-droitshumains.net\/wp-content\/uploads\/2025\/11\/IMG-20251021-WA0089.jpg","type":"image\/jpeg"}],"author":"Jo\u00ebl Diawa","twitter_card":"summary_large_image","twitter_misc":{"\u00c9crit par":"Jo\u00ebl Diawa","Dur\u00e9e de lecture estim\u00e9e":"4 minutes"},"schema":{"@context":"https:\/\/schema.org","@graph":[{"@type":"Article","@id":"https:\/\/infos-droitshumains.net\/?p=16983#article","isPartOf":{"@id":"https:\/\/infos-droitshumains.net\/?p=16983"},"author":{"name":"Jo\u00ebl Diawa","@id":"https:\/\/infos-droitshumains.net\/#\/schema\/person\/3dc5e921c3302172e0ed4362f96faab7"},"headline":"TGI\/N\u2019djili : La Pr\u00e9sidente Fikilini adopte un train de mesures pour renforcer la bonne administration de la justice","datePublished":"2025-11-22T23:05:01+00:00","dateModified":"2025-11-23T08:02:12+00:00","mainEntityOfPage":{"@id":"https:\/\/infos-droitshumains.net\/?p=16983"},"wordCount":865,"commentCount":0,"publisher":{"@id":"https:\/\/infos-droitshumains.net\/#organization"},"image":{"@id":"https:\/\/infos-droitshumains.net\/?p=16983#primaryimage"},"thumbnailUrl":"https:\/\/i0.wp.com\/infos-droitshumains.net\/wp-content\/uploads\/2025\/11\/IMG-20251021-WA0089.jpg?fit=1080%2C714&ssl=1","articleSection":["Justice"],"inLanguage":"fr-FR","potentialAction":[{"@type":"CommentAction","name":"Comment","target":["https:\/\/infos-droitshumains.net\/?p=16983#respond"]}]},{"@type":"WebPage","@id":"https:\/\/infos-droitshumains.net\/?p=16983","url":"https:\/\/infos-droitshumains.net\/?p=16983","name":"TGI\/N\u2019djili : La Pr\u00e9sidente Fikilini adopte un train de mesures pour renforcer la bonne administration de la justice - Infos Droits Humains","isPartOf":{"@id":"https:\/\/infos-droitshumains.net\/#website"},"primaryImageOfPage":{"@id":"https:\/\/infos-droitshumains.net\/?p=16983#primaryimage"},"image":{"@id":"https:\/\/infos-droitshumains.net\/?p=16983#primaryimage"},"thumbnailUrl":"https:\/\/i0.wp.com\/infos-droitshumains.net\/wp-content\/uploads\/2025\/11\/IMG-20251021-WA0089.jpg?fit=1080%2C714&ssl=1","datePublished":"2025-11-22T23:05:01+00:00","dateModified":"2025-11-23T08:02:12+00:00","breadcrumb":{"@id":"https:\/\/infos-droitshumains.net\/?p=16983#breadcrumb"},"inLanguage":"fr-FR","potentialAction":[{"@type":"ReadAction","target":["https:\/\/infos-droitshumains.net\/?p=16983"]}]},{"@type":"ImageObject","inLanguage":"fr-FR","@id":"https:\/\/infos-droitshumains.net\/?p=16983#primaryimage","url":"https:\/\/i0.wp.com\/infos-droitshumains.net\/wp-content\/uploads\/2025\/11\/IMG-20251021-WA0089.jpg?fit=1080%2C714&ssl=1","contentUrl":"https:\/\/i0.wp.com\/infos-droitshumains.net\/wp-content\/uploads\/2025\/11\/IMG-20251021-WA0089.jpg?fit=1080%2C714&ssl=1","width":1080,"height":714},{"@type":"BreadcrumbList","@id":"https:\/\/infos-droitshumains.net\/?p=16983#breadcrumb","itemListElement":[{"@type":"ListItem","position":1,"name":"Accueil","item":"https:\/\/infos-droitshumains.net\/"},{"@type":"ListItem","position":2,"name":"TGI\/N\u2019djili : La Pr\u00e9sidente Fikilini adopte un train de mesures pour renforcer la bonne administration de la justice"}]},{"@type":"WebSite","@id":"https:\/\/infos-droitshumains.net\/#website","url":"https:\/\/infos-droitshumains.net\/","name":"Infos Droits Humains","description":"S&#039;informer est un droit","publisher":{"@id":"https:\/\/infos-droitshumains.net\/#organization"},"potentialAction":[{"@type":"SearchAction","target":{"@type":"EntryPoint","urlTemplate":"https:\/\/infos-droitshumains.net\/?s={search_term_string}"},"query-input":{"@type":"PropertyValueSpecification","valueRequired":true,"valueName":"search_term_string"}}],"inLanguage":"fr-FR"},{"@type":"Organization","@id":"https:\/\/infos-droitshumains.net\/#organization","name":"Infos Droits Humains","url":"https:\/\/infos-droitshumains.net\/","logo":{"@type":"ImageObject","inLanguage":"fr-FR","@id":"https:\/\/infos-droitshumains.net\/#\/schema\/logo\/image\/","url":"https:\/\/i0.wp.com\/infos-droitshumains.net\/wp-content\/uploads\/2022\/05\/Logo.png?fit=333%2C129&ssl=1","contentUrl":"https:\/\/i0.wp.com\/infos-droitshumains.net\/wp-content\/uploads\/2022\/05\/Logo.png?fit=333%2C129&ssl=1","width":333,"height":129,"caption":"Infos Droits Humains"},"image":{"@id":"https:\/\/infos-droitshumains.net\/#\/schema\/logo\/image\/"}},{"@type":"Person","@id":"https:\/\/infos-droitshumains.net\/#\/schema\/person\/3dc5e921c3302172e0ed4362f96faab7","name":"Jo\u00ebl Diawa","image":{"@type":"ImageObject","inLanguage":"fr-FR","@id":"https:\/\/secure.gravatar.com\/avatar\/729bea6ff4604c624417803c477363be8e3c7186deaa65713313f9b4b820f41c?s=96&d=mm&r=g","url":"https:\/\/secure.gravatar.com\/avatar\/729bea6ff4604c624417803c477363be8e3c7186deaa65713313f9b4b820f41c?s=96&d=mm&r=g","contentUrl":"https:\/\/secure.gravatar.com\/avatar\/729bea6ff4604c624417803c477363be8e3c7186deaa65713313f9b4b820f41c?s=96&d=mm&r=g","caption":"Jo\u00ebl Diawa"},"sameAs":["https:\/\/www.infos-droitshumains.net"],"url":"https:\/\/infos-droitshumains.net\/?author=2"}]}},"featured_image_urls":{"full":["https:\/\/i0.wp.com\/infos-droitshumains.net\/wp-content\/uploads\/2025\/11\/IMG-20251021-WA0089.jpg?fit=1080%2C714&ssl=1",1080,714,false],"thumbnail":["https:\/\/i0.wp.com\/infos-droitshumains.net\/wp-content\/uploads\/2025\/11\/IMG-20251021-WA0089.jpg?resize=150%2C150&ssl=1",150,150,true],"medium":["https:\/\/i0.wp.com\/infos-droitshumains.net\/wp-content\/uploads\/2025\/11\/IMG-20251021-WA0089.jpg?fit=300%2C198&ssl=1",300,198,true],"medium_large":["https:\/\/i0.wp.com\/infos-droitshumains.net\/wp-content\/uploads\/2025\/11\/IMG-20251021-WA0089.jpg?fit=640%2C423&ssl=1",640,423,true],"large":["https:\/\/i0.wp.com\/infos-droitshumains.net\/wp-content\/uploads\/2025\/11\/IMG-20251021-WA0089.jpg?fit=640%2C423&ssl=1",640,423,true],"1536x1536":["https:\/\/i0.wp.com\/infos-droitshumains.net\/wp-content\/uploads\/2025\/11\/IMG-20251021-WA0089.jpg?fit=1080%2C714&ssl=1",1080,714,true],"2048x2048":["https:\/\/i0.wp.com\/infos-droitshumains.net\/wp-content\/uploads\/2025\/11\/IMG-20251021-WA0089.jpg?fit=1080%2C714&ssl=1",1080,714,true],"covernews-slider-full":["https:\/\/i0.wp.com\/infos-droitshumains.net\/wp-content\/uploads\/2025\/11\/IMG-20251021-WA0089.jpg?resize=1080%2C714&ssl=1",1080,714,true],"covernews-slider-center":["https:\/\/i0.wp.com\/infos-droitshumains.net\/wp-content\/uploads\/2025\/11\/IMG-20251021-WA0089.jpg?resize=800%2C500&ssl=1",800,500,true],"covernews-featured":["https:\/\/i0.wp.com\/infos-droitshumains.net\/wp-content\/uploads\/2025\/11\/IMG-20251021-WA0089.jpg?fit=1024%2C677&ssl=1",1024,677,true],"covernews-medium":["https:\/\/i0.wp.com\/infos-droitshumains.net\/wp-content\/uploads\/2025\/11\/IMG-20251021-WA0089.jpg?resize=540%2C340&ssl=1",540,340,true],"covernews-medium-square":["https:\/\/i0.wp.com\/infos-droitshumains.net\/wp-content\/uploads\/2025\/11\/IMG-20251021-WA0089.jpg?resize=400%2C250&ssl=1",400,250,true]},"author_info":{"display_name":"Jo\u00ebl Diawa","author_link":"https:\/\/infos-droitshumains.net\/?author=2"},"category_info":"<a href=\"https:\/\/infos-droitshumains.net\/?cat=6\" rel=\"category\">Justice<\/a>","tag_info":"Justice","comment_count":"0","jetpack_featured_media_url":"https:\/\/i0.wp.com\/infos-droitshumains.net\/wp-content\/uploads\/2025\/11\/IMG-20251021-WA0089.jpg?fit=1080%2C714&ssl=1","jetpack-related-posts":[],"jetpack_sharing_enabled":true,"_links":{"self":[{"href":"https:\/\/infos-droitshumains.net\/index.php?rest_route=\/wp\/v2\/posts\/16983","targetHints":{"allow":["GET"]}}],"collection":[{"href":"https:\/\/infos-droitshumains.net\/index.php?rest_route=\/wp\/v2\/posts"}],"about":[{"href":"https:\/\/infos-droitshumains.net\/index.php?rest_route=\/wp\/v2\/types\/post"}],"author":[{"embeddable":true,"href":"https:\/\/infos-droitshumains.net\/index.php?rest_route=\/wp\/v2\/users\/2"}],"replies":[{"embeddable":true,"href":"https:\/\/infos-droitshumains.net\/index.php?rest_route=%2Fwp%2Fv2%2Fcomments&post=16983"}],"version-history":[{"count":4,"href":"https:\/\/infos-droitshumains.net\/index.php?rest_route=\/wp\/v2\/posts\/16983\/revisions"}],"predecessor-version":[{"id":16989,"href":"https:\/\/infos-droitshumains.net\/index.php?rest_route=\/wp\/v2\/posts\/16983\/revisions\/16989"}],"wp:featuredmedia":[{"embeddable":true,"href":"https:\/\/infos-droitshumains.net\/index.php?rest_route=\/wp\/v2\/media\/16990"}],"wp:attachment":[{"href":"https:\/\/infos-droitshumains.net\/index.php?rest_route=%2Fwp%2Fv2%2Fmedia&parent=16983"}],"wp:term":[{"taxonomy":"category","embeddable":true,"href":"https:\/\/infos-droitshumains.net\/index.php?rest_route=%2Fwp%2Fv2%2Fcategories&post=16983"},{"taxonomy":"post_tag","embeddable":true,"href":"https:\/\/infos-droitshumains.net\/index.php?rest_route=%2Fwp%2Fv2%2Ftags&post=16983"}],"curies":[{"name":"wp","href":"https:\/\/api.w.org\/{rel}","templated":true}]}}