{"id":16953,"date":"2025-11-20T19:18:20","date_gmt":"2025-11-20T18:18:20","guid":{"rendered":"https:\/\/infos-droitshumains.net\/?p=16953"},"modified":"2025-11-20T23:46:36","modified_gmt":"2025-11-20T22:46:36","slug":"megestion-et-incompetence-au-tribunal-de-paix-de-kinshasa-matete-josephine-mukonkole-un-recidivisme-ahurissant-2","status":"publish","type":"post","link":"https:\/\/infos-droitshumains.net\/?p=16953","title":{"rendered":"M\u00e9gestion et incomp\u00e9tence au Tribunal de paix de Kinshasa\/Matete : Jos\u00e9phine Mukonkole, un r\u00e9cidivisme ahurissant"},"content":{"rendered":"\n<p><strong>R\u00e9daction: +243 817 406 088<\/strong><\/p>\n\n\n\n<h3 class=\"wp-block-heading has-vivid-red-color has-text-color has-link-color wp-elements-bc8510517d2b6412ab76384c11008637\">\u00c0 plusieurs reprises, le Pr\u00e9sident de la R\u00e9publique a d\u00e9nonc\u00e9 le dysfonctionnement chronique de l\u2019appareil judiciaire, qu\u2019il n\u2019a pas h\u00e9sit\u00e9 \u00e0 qualifier de syst\u00e8me <em>\u00ab malade \u00bb<\/em>. Et comment lui donner tort lorsque certains magistrats, y compris des chefs de juridiction cens\u00e9s incarner la rigueur et l\u2019\u00e9thique, se livrent, selon de nombreux t\u00e9moignages, \u00e0 des pratiques qui sapent les efforts de r\u00e9forme men\u00e9s par la hi\u00e9rarchie judiciaire ? C\u2019est pr\u00e9cis\u00e9ment le cas de la Pr\u00e9sidente du Tribunal de paix de Kinshasa-Matete, Jos\u00e9phine Mukonkole. Au terme de cette investigation men\u00e9e par la r\u00e9daction du Journal T\u00e9l\u00e9vis\u00e9 des Droits Humains, des cadavres ont \u00e9t\u00e9 d\u00e9couverts dans les placards de cette juridiction au cours de  sa gestion.<\/h3>\n\n\n\n<p><strong>Une gestion chaotique des audiences<\/strong><\/p>\n\n\n\n<p>Au Tribunal de paix de Kinshasa-Matete, C\u2019est tout sauf la bonne administration. Les audiences, cens\u00e9es d\u00e9buter \u00e0 8 h, commenceraient r\u00e9guli\u00e8rement \u00e0 midi. Et lorsque c\u2019est la Pr\u00e9sidente Mukonkole qui si\u00e8ge, plusieurs t\u00e9moins affirment que les audiences ne d\u00e9marrent parfois qu&rsquo;\u00e0 14 h pour se prolonger jusqu&rsquo;\u00e0 22 h.<\/p>\n\n\n\n<p><em>\u00ab Ce n\u2019est pas normal ! Je suis arriv\u00e9 \u00e0 8 h, l\u2019audience n\u2019a commenc\u00e9 qu\u2019\u00e0 14 h. Mon affaire a \u00e9t\u00e9 appel\u00e9e vers 21 h. On a d\u00fb renvoyer, vu que nous \u00e9tions \u00e9puis\u00e9s \u00bb<\/em>, s\u2019\u00e9tait indign\u00e9 un avocat interrog\u00e9 par le Journal T\u00e9l\u00e9vis\u00e9 des Droits Humains.<br><em>\u00ab En d\u00e9pit de tout le respect d\u00fb aux magistrats, cette dame ne m\u00e9rite pas notre respect parce qu\u2019elle-m\u00eame, elle ne respecte pas les avocats \u00bb<\/em>, avait rench\u00e9ri un autre, exasp\u00e9r\u00e9 par ce qu\u2019il qualifie <em>\u2018\u2019d\u2019abus r\u00e9p\u00e9t\u00e9s.\u2019\u2019<\/em><\/p>\n\n\n\n<p>Ces t\u00e9moignages illustrent parfaitement la d\u00e9rive organisationnelle qui caract\u00e9riserait cette juridiction sous madame Mukonkole.<\/p>\n\n\n\n<p><strong>Une libert\u00e9 provisoire controvers\u00e9e<\/strong><\/p>\n\n\n\n<p>\u00c0 cela s\u2019ajoute un dossier qui a provoqu\u00e9 un v\u00e9ritable toll\u00e9 : Jos\u00e9phine Mukonkole a accord\u00e9 une libert\u00e9 provisoire jug\u00e9e <strong><em>\u00ab fantaisiste \u00bb<\/em><\/strong> par plusieurs sources judiciaires, \u00e0 un pr\u00e9venu impliqu\u00e9 dans une affaire de cr\u00e9ance de plus d\u2019un million USD.<br>Selon ces m\u00eames sources, la d\u00e9cision aurait \u00e9t\u00e9 rendue sans fondement l\u00e9gal apparent alors que l\u2019affaire a \u00e9t\u00e9 instruite au parquet g\u00e9n\u00e9ral et fix\u00e9e. Depuis sa remise en libert\u00e9, le pr\u00e9venu serait introuvable, ce qui accentue les interrogations sur la l\u00e9g\u00e8ret\u00e9 suppos\u00e9e de cette mesure et l\u2019int\u00e9r\u00eat pour elle d\u2019accorder la libert\u00e9 provisoire \u00e0 une personne qui aurait m\u00eame reconnu les faits mis \u00e0 sa charge.<\/p>\n\n\n\n<p><strong>Des sanctions face \u00e0 la gouvernance d\u00e9cri\u00e9e<\/strong><\/p>\n\n\n\n<p>Ces faits, ajout\u00e9s \u00e0 ce que certains d\u00e9crivent comme une gestion d\u00e9faillante du Tribunal de paix de Matete, qu\u2019elle dirigeait auparavant, ont conduit \u00e0 une nouvelle sanction disciplinaire. Jos\u00e9phine Mukonkole est d\u00e9sormais interdite d\u2019exercer pour une dur\u00e9e ind\u00e9termin\u00e9e.<br>Une d\u00e9cision salu\u00e9e par de nombreux avocats et justiciables, qui y voient enfin une r\u00e9ponse \u00e0 ce qu\u2019ils qualifient de manque de leadership et de m\u00e9gestion persistante.<\/p>\n\n\n\n<p>D\u2019apr\u00e8s des acteurs judiciaires interrog\u00e9s, cette mesure marque peut-\u00eatre la fin du <em>\u00ab gangst\u00e9risme judiciaire \u00bb<\/em> qui, selon eux, aurait prosp\u00e9r\u00e9 au sein de cette juridiction depuis quelques ann\u00e9es, en attendant une probable saisine de la chambre de discipline pour examiner son dossier.<\/p>\n\n\n\n<p><strong>Un pr\u00e9c\u00e9dent r\u00e9v\u00e9lateur<\/strong><\/p>\n\n\n\n<p>On n\u2019a pas oubli\u00e9 non plus l\u2019incident o\u00f9 la Pr\u00e9sidente avait suspendu l\u2019audience pour ordonner l\u2019expulsion d\u2019un journaliste du <em>Journal T\u00e9l\u00e9vis\u00e9 des Droits Humains<\/em>, pourtant muni d\u2019une autorisation r\u00e9guli\u00e8re de couverture m\u00e9diatique.<br>Une question demeure : <strong>qu\u2019avait-elle donc int\u00e9r\u00eat \u00e0 emp\u00eacher la couverture m\u00e9diatique de ladite audience ?<\/strong><\/p>\n\n\n\n<p><strong>Une r\u00e9cidive inqui\u00e9tante<\/strong><\/p>\n\n\n\n<p>Depuis son affectation \u00e0 la t\u00eate du Tribunal de Paix de Kinshasa-Matete en ao\u00fbt 2023, Jos\u00e9phine Mukonkole a d\u00e9j\u00e0 \u00e9t\u00e9 sanctionn\u00e9e \u00e0 deux reprises. Dans un corps hautement hi\u00e9rarchis\u00e9 comme la magistrature, ce cumul de sanctions laisse planer de lourds doutes sur son rapport avec ses autorit\u00e9s et au respect de la discipline interne. Cette seconde interdiction en moins de deux ans appara\u00eet comme une preuve suppl\u00e9mentaire d\u2019un comportement jug\u00e9 incompatible avec la fonction qu\u2019elle occupe.<\/p>\n\n\n\n<p>La R\u00e9daction<\/p>\n","protected":false},"excerpt":{"rendered":"<p>R\u00e9daction: +243 817 406 088 \u00c0 plusieurs reprises, le Pr\u00e9sident de la R\u00e9publique a d\u00e9nonc\u00e9&#8230;<\/p>\n","protected":false},"author":3,"featured_media":16948,"comment_status":"open","ping_status":"open","sticky":false,"template":"","format":"standard","meta":{"_jetpack_memberships_contains_paid_content":false,"footnotes":""},"categories":[6],"tags":[],"class_list":["post-16953","post","type-post","status-publish","format-standard","has-post-thumbnail","hentry","category-justice"],"yoast_head":"<!-- This site is optimized with the Yoast SEO plugin v27.5 - https:\/\/yoast.com\/product\/yoast-seo-wordpress\/ -->\n<title>M\u00e9gestion et incomp\u00e9tence au Tribunal de paix de Kinshasa\/Matete : Jos\u00e9phine Mukonkole, un r\u00e9cidivisme ahurissant - Infos Droits Humains<\/title>\n<meta name=\"robots\" content=\"index, follow, max-snippet:-1, max-image-preview:large, max-video-preview:-1\" \/>\n<link rel=\"canonical\" href=\"https:\/\/infos-droitshumains.net\/?p=16953\" \/>\n<meta property=\"og:locale\" content=\"fr_FR\" \/>\n<meta property=\"og:type\" content=\"article\" \/>\n<meta property=\"og:title\" content=\"M\u00e9gestion et incomp\u00e9tence au Tribunal de paix de Kinshasa\/Matete : Jos\u00e9phine Mukonkole, un r\u00e9cidivisme ahurissant - Infos Droits Humains\" \/>\n<meta property=\"og:description\" content=\"R\u00e9daction: +243 817 406 088 \u00c0 plusieurs reprises, le Pr\u00e9sident de la R\u00e9publique a d\u00e9nonc\u00e9...\" \/>\n<meta property=\"og:url\" content=\"https:\/\/infos-droitshumains.net\/?p=16953\" \/>\n<meta property=\"og:site_name\" content=\"Infos Droits Humains\" \/>\n<meta property=\"article:published_time\" content=\"2025-11-20T18:18:20+00:00\" \/>\n<meta property=\"article:modified_time\" content=\"2025-11-20T22:46:36+00:00\" \/>\n<meta property=\"og:image\" content=\"https:\/\/infos-droitshumains.net\/wp-content\/uploads\/2025\/11\/20251120_181038.jpg\" \/>\n\t<meta property=\"og:image:width\" content=\"1408\" \/>\n\t<meta property=\"og:image:height\" content=\"1018\" \/>\n\t<meta property=\"og:image:type\" content=\"image\/jpeg\" \/>\n<meta name=\"author\" content=\"Super\" \/>\n<meta name=\"twitter:card\" content=\"summary_large_image\" \/>\n<meta name=\"twitter:label1\" content=\"\u00c9crit par\" \/>\n\t<meta name=\"twitter:data1\" content=\"Super\" \/>\n\t<meta name=\"twitter:label2\" content=\"Dur\u00e9e de lecture estim\u00e9e\" \/>\n\t<meta name=\"twitter:data2\" content=\"4 minutes\" \/>\n<script type=\"application\/ld+json\" class=\"yoast-schema-graph\">{\"@context\":\"https:\\\/\\\/schema.org\",\"@graph\":[{\"@type\":\"Article\",\"@id\":\"https:\\\/\\\/infos-droitshumains.net\\\/?p=16953#article\",\"isPartOf\":{\"@id\":\"https:\\\/\\\/infos-droitshumains.net\\\/?p=16953\"},\"author\":{\"name\":\"Super\",\"@id\":\"https:\\\/\\\/infos-droitshumains.net\\\/#\\\/schema\\\/person\\\/db4428dbf83d2d51ecdb0cc0aed0c47f\"},\"headline\":\"M\u00e9gestion et incomp\u00e9tence au Tribunal de paix de Kinshasa\\\/Matete : Jos\u00e9phine Mukonkole, un r\u00e9cidivisme ahurissant\",\"datePublished\":\"2025-11-20T18:18:20+00:00\",\"dateModified\":\"2025-11-20T22:46:36+00:00\",\"mainEntityOfPage\":{\"@id\":\"https:\\\/\\\/infos-droitshumains.net\\\/?p=16953\"},\"wordCount\":746,\"commentCount\":0,\"publisher\":{\"@id\":\"https:\\\/\\\/infos-droitshumains.net\\\/#organization\"},\"image\":{\"@id\":\"https:\\\/\\\/infos-droitshumains.net\\\/?p=16953#primaryimage\"},\"thumbnailUrl\":\"https:\\\/\\\/i0.wp.com\\\/infos-droitshumains.net\\\/wp-content\\\/uploads\\\/2025\\\/11\\\/20251120_181038.jpg?fit=1408%2C1018&ssl=1\",\"articleSection\":[\"Justice\"],\"inLanguage\":\"fr-FR\",\"potentialAction\":[{\"@type\":\"CommentAction\",\"name\":\"Comment\",\"target\":[\"https:\\\/\\\/infos-droitshumains.net\\\/?p=16953#respond\"]}]},{\"@type\":\"WebPage\",\"@id\":\"https:\\\/\\\/infos-droitshumains.net\\\/?p=16953\",\"url\":\"https:\\\/\\\/infos-droitshumains.net\\\/?p=16953\",\"name\":\"M\u00e9gestion et incomp\u00e9tence au Tribunal de paix de Kinshasa\\\/Matete : Jos\u00e9phine Mukonkole, un r\u00e9cidivisme ahurissant - Infos Droits Humains\",\"isPartOf\":{\"@id\":\"https:\\\/\\\/infos-droitshumains.net\\\/#website\"},\"primaryImageOfPage\":{\"@id\":\"https:\\\/\\\/infos-droitshumains.net\\\/?p=16953#primaryimage\"},\"image\":{\"@id\":\"https:\\\/\\\/infos-droitshumains.net\\\/?p=16953#primaryimage\"},\"thumbnailUrl\":\"https:\\\/\\\/i0.wp.com\\\/infos-droitshumains.net\\\/wp-content\\\/uploads\\\/2025\\\/11\\\/20251120_181038.jpg?fit=1408%2C1018&ssl=1\",\"datePublished\":\"2025-11-20T18:18:20+00:00\",\"dateModified\":\"2025-11-20T22:46:36+00:00\",\"breadcrumb\":{\"@id\":\"https:\\\/\\\/infos-droitshumains.net\\\/?p=16953#breadcrumb\"},\"inLanguage\":\"fr-FR\",\"potentialAction\":[{\"@type\":\"ReadAction\",\"target\":[\"https:\\\/\\\/infos-droitshumains.net\\\/?p=16953\"]}]},{\"@type\":\"ImageObject\",\"inLanguage\":\"fr-FR\",\"@id\":\"https:\\\/\\\/infos-droitshumains.net\\\/?p=16953#primaryimage\",\"url\":\"https:\\\/\\\/i0.wp.com\\\/infos-droitshumains.net\\\/wp-content\\\/uploads\\\/2025\\\/11\\\/20251120_181038.jpg?fit=1408%2C1018&ssl=1\",\"contentUrl\":\"https:\\\/\\\/i0.wp.com\\\/infos-droitshumains.net\\\/wp-content\\\/uploads\\\/2025\\\/11\\\/20251120_181038.jpg?fit=1408%2C1018&ssl=1\",\"width\":1408,\"height\":1018},{\"@type\":\"BreadcrumbList\",\"@id\":\"https:\\\/\\\/infos-droitshumains.net\\\/?p=16953#breadcrumb\",\"itemListElement\":[{\"@type\":\"ListItem\",\"position\":1,\"name\":\"Accueil\",\"item\":\"https:\\\/\\\/infos-droitshumains.net\\\/\"},{\"@type\":\"ListItem\",\"position\":2,\"name\":\"M\u00e9gestion et incomp\u00e9tence au Tribunal de paix de Kinshasa\\\/Matete : Jos\u00e9phine Mukonkole, un r\u00e9cidivisme ahurissant\"}]},{\"@type\":\"WebSite\",\"@id\":\"https:\\\/\\\/infos-droitshumains.net\\\/#website\",\"url\":\"https:\\\/\\\/infos-droitshumains.net\\\/\",\"name\":\"Infos Droits Humains\",\"description\":\"S&#039;informer est un droit\",\"publisher\":{\"@id\":\"https:\\\/\\\/infos-droitshumains.net\\\/#organization\"},\"potentialAction\":[{\"@type\":\"SearchAction\",\"target\":{\"@type\":\"EntryPoint\",\"urlTemplate\":\"https:\\\/\\\/infos-droitshumains.net\\\/?s={search_term_string}\"},\"query-input\":{\"@type\":\"PropertyValueSpecification\",\"valueRequired\":true,\"valueName\":\"search_term_string\"}}],\"inLanguage\":\"fr-FR\"},{\"@type\":\"Organization\",\"@id\":\"https:\\\/\\\/infos-droitshumains.net\\\/#organization\",\"name\":\"Infos Droits Humains\",\"url\":\"https:\\\/\\\/infos-droitshumains.net\\\/\",\"logo\":{\"@type\":\"ImageObject\",\"inLanguage\":\"fr-FR\",\"@id\":\"https:\\\/\\\/infos-droitshumains.net\\\/#\\\/schema\\\/logo\\\/image\\\/\",\"url\":\"https:\\\/\\\/i0.wp.com\\\/infos-droitshumains.net\\\/wp-content\\\/uploads\\\/2022\\\/05\\\/Logo.png?fit=333%2C129&ssl=1\",\"contentUrl\":\"https:\\\/\\\/i0.wp.com\\\/infos-droitshumains.net\\\/wp-content\\\/uploads\\\/2022\\\/05\\\/Logo.png?fit=333%2C129&ssl=1\",\"width\":333,\"height\":129,\"caption\":\"Infos Droits Humains\"},\"image\":{\"@id\":\"https:\\\/\\\/infos-droitshumains.net\\\/#\\\/schema\\\/logo\\\/image\\\/\"}},{\"@type\":\"Person\",\"@id\":\"https:\\\/\\\/infos-droitshumains.net\\\/#\\\/schema\\\/person\\\/db4428dbf83d2d51ecdb0cc0aed0c47f\",\"name\":\"Super\",\"image\":{\"@type\":\"ImageObject\",\"inLanguage\":\"fr-FR\",\"@id\":\"https:\\\/\\\/secure.gravatar.com\\\/avatar\\\/a177815e4b161b0d81413b73815c697bc0e3e6e6fe4a06e3147af3c9aa47fd3b?s=96&d=mm&r=g\",\"url\":\"https:\\\/\\\/secure.gravatar.com\\\/avatar\\\/a177815e4b161b0d81413b73815c697bc0e3e6e6fe4a06e3147af3c9aa47fd3b?s=96&d=mm&r=g\",\"contentUrl\":\"https:\\\/\\\/secure.gravatar.com\\\/avatar\\\/a177815e4b161b0d81413b73815c697bc0e3e6e6fe4a06e3147af3c9aa47fd3b?s=96&d=mm&r=g\",\"caption\":\"Super\"},\"url\":\"https:\\\/\\\/infos-droitshumains.net\\\/?author=3\"}]}<\/script>\n<!-- \/ Yoast SEO plugin. -->","yoast_head_json":{"title":"M\u00e9gestion et incomp\u00e9tence au Tribunal de paix de Kinshasa\/Matete : Jos\u00e9phine Mukonkole, un r\u00e9cidivisme ahurissant - Infos Droits Humains","robots":{"index":"index","follow":"follow","max-snippet":"max-snippet:-1","max-image-preview":"max-image-preview:large","max-video-preview":"max-video-preview:-1"},"canonical":"https:\/\/infos-droitshumains.net\/?p=16953","og_locale":"fr_FR","og_type":"article","og_title":"M\u00e9gestion et incomp\u00e9tence au Tribunal de paix de Kinshasa\/Matete : Jos\u00e9phine Mukonkole, un r\u00e9cidivisme ahurissant - Infos Droits Humains","og_description":"R\u00e9daction: +243 817 406 088 \u00c0 plusieurs reprises, le Pr\u00e9sident de la R\u00e9publique a d\u00e9nonc\u00e9...","og_url":"https:\/\/infos-droitshumains.net\/?p=16953","og_site_name":"Infos Droits Humains","article_published_time":"2025-11-20T18:18:20+00:00","article_modified_time":"2025-11-20T22:46:36+00:00","og_image":[{"width":1408,"height":1018,"url":"https:\/\/infos-droitshumains.net\/wp-content\/uploads\/2025\/11\/20251120_181038.jpg","type":"image\/jpeg"}],"author":"Super","twitter_card":"summary_large_image","twitter_misc":{"\u00c9crit par":"Super","Dur\u00e9e de lecture estim\u00e9e":"4 minutes"},"schema":{"@context":"https:\/\/schema.org","@graph":[{"@type":"Article","@id":"https:\/\/infos-droitshumains.net\/?p=16953#article","isPartOf":{"@id":"https:\/\/infos-droitshumains.net\/?p=16953"},"author":{"name":"Super","@id":"https:\/\/infos-droitshumains.net\/#\/schema\/person\/db4428dbf83d2d51ecdb0cc0aed0c47f"},"headline":"M\u00e9gestion et incomp\u00e9tence au Tribunal de paix de Kinshasa\/Matete : Jos\u00e9phine Mukonkole, un r\u00e9cidivisme ahurissant","datePublished":"2025-11-20T18:18:20+00:00","dateModified":"2025-11-20T22:46:36+00:00","mainEntityOfPage":{"@id":"https:\/\/infos-droitshumains.net\/?p=16953"},"wordCount":746,"commentCount":0,"publisher":{"@id":"https:\/\/infos-droitshumains.net\/#organization"},"image":{"@id":"https:\/\/infos-droitshumains.net\/?p=16953#primaryimage"},"thumbnailUrl":"https:\/\/i0.wp.com\/infos-droitshumains.net\/wp-content\/uploads\/2025\/11\/20251120_181038.jpg?fit=1408%2C1018&ssl=1","articleSection":["Justice"],"inLanguage":"fr-FR","potentialAction":[{"@type":"CommentAction","name":"Comment","target":["https:\/\/infos-droitshumains.net\/?p=16953#respond"]}]},{"@type":"WebPage","@id":"https:\/\/infos-droitshumains.net\/?p=16953","url":"https:\/\/infos-droitshumains.net\/?p=16953","name":"M\u00e9gestion et incomp\u00e9tence au Tribunal de paix de Kinshasa\/Matete : Jos\u00e9phine Mukonkole, un r\u00e9cidivisme ahurissant - Infos Droits Humains","isPartOf":{"@id":"https:\/\/infos-droitshumains.net\/#website"},"primaryImageOfPage":{"@id":"https:\/\/infos-droitshumains.net\/?p=16953#primaryimage"},"image":{"@id":"https:\/\/infos-droitshumains.net\/?p=16953#primaryimage"},"thumbnailUrl":"https:\/\/i0.wp.com\/infos-droitshumains.net\/wp-content\/uploads\/2025\/11\/20251120_181038.jpg?fit=1408%2C1018&ssl=1","datePublished":"2025-11-20T18:18:20+00:00","dateModified":"2025-11-20T22:46:36+00:00","breadcrumb":{"@id":"https:\/\/infos-droitshumains.net\/?p=16953#breadcrumb"},"inLanguage":"fr-FR","potentialAction":[{"@type":"ReadAction","target":["https:\/\/infos-droitshumains.net\/?p=16953"]}]},{"@type":"ImageObject","inLanguage":"fr-FR","@id":"https:\/\/infos-droitshumains.net\/?p=16953#primaryimage","url":"https:\/\/i0.wp.com\/infos-droitshumains.net\/wp-content\/uploads\/2025\/11\/20251120_181038.jpg?fit=1408%2C1018&ssl=1","contentUrl":"https:\/\/i0.wp.com\/infos-droitshumains.net\/wp-content\/uploads\/2025\/11\/20251120_181038.jpg?fit=1408%2C1018&ssl=1","width":1408,"height":1018},{"@type":"BreadcrumbList","@id":"https:\/\/infos-droitshumains.net\/?p=16953#breadcrumb","itemListElement":[{"@type":"ListItem","position":1,"name":"Accueil","item":"https:\/\/infos-droitshumains.net\/"},{"@type":"ListItem","position":2,"name":"M\u00e9gestion et incomp\u00e9tence au Tribunal de paix de Kinshasa\/Matete : Jos\u00e9phine Mukonkole, un r\u00e9cidivisme ahurissant"}]},{"@type":"WebSite","@id":"https:\/\/infos-droitshumains.net\/#website","url":"https:\/\/infos-droitshumains.net\/","name":"Infos Droits Humains","description":"S&#039;informer est un droit","publisher":{"@id":"https:\/\/infos-droitshumains.net\/#organization"},"potentialAction":[{"@type":"SearchAction","target":{"@type":"EntryPoint","urlTemplate":"https:\/\/infos-droitshumains.net\/?s={search_term_string}"},"query-input":{"@type":"PropertyValueSpecification","valueRequired":true,"valueName":"search_term_string"}}],"inLanguage":"fr-FR"},{"@type":"Organization","@id":"https:\/\/infos-droitshumains.net\/#organization","name":"Infos Droits Humains","url":"https:\/\/infos-droitshumains.net\/","logo":{"@type":"ImageObject","inLanguage":"fr-FR","@id":"https:\/\/infos-droitshumains.net\/#\/schema\/logo\/image\/","url":"https:\/\/i0.wp.com\/infos-droitshumains.net\/wp-content\/uploads\/2022\/05\/Logo.png?fit=333%2C129&ssl=1","contentUrl":"https:\/\/i0.wp.com\/infos-droitshumains.net\/wp-content\/uploads\/2022\/05\/Logo.png?fit=333%2C129&ssl=1","width":333,"height":129,"caption":"Infos Droits Humains"},"image":{"@id":"https:\/\/infos-droitshumains.net\/#\/schema\/logo\/image\/"}},{"@type":"Person","@id":"https:\/\/infos-droitshumains.net\/#\/schema\/person\/db4428dbf83d2d51ecdb0cc0aed0c47f","name":"Super","image":{"@type":"ImageObject","inLanguage":"fr-FR","@id":"https:\/\/secure.gravatar.com\/avatar\/a177815e4b161b0d81413b73815c697bc0e3e6e6fe4a06e3147af3c9aa47fd3b?s=96&d=mm&r=g","url":"https:\/\/secure.gravatar.com\/avatar\/a177815e4b161b0d81413b73815c697bc0e3e6e6fe4a06e3147af3c9aa47fd3b?s=96&d=mm&r=g","contentUrl":"https:\/\/secure.gravatar.com\/avatar\/a177815e4b161b0d81413b73815c697bc0e3e6e6fe4a06e3147af3c9aa47fd3b?s=96&d=mm&r=g","caption":"Super"},"url":"https:\/\/infos-droitshumains.net\/?author=3"}]}},"featured_image_urls":{"full":["https:\/\/i0.wp.com\/infos-droitshumains.net\/wp-content\/uploads\/2025\/11\/20251120_181038.jpg?fit=1408%2C1018&ssl=1",1408,1018,false],"thumbnail":["https:\/\/i0.wp.com\/infos-droitshumains.net\/wp-content\/uploads\/2025\/11\/20251120_181038.jpg?resize=150%2C150&ssl=1",150,150,true],"medium":["https:\/\/i0.wp.com\/infos-droitshumains.net\/wp-content\/uploads\/2025\/11\/20251120_181038.jpg?fit=300%2C217&ssl=1",300,217,true],"medium_large":["https:\/\/i0.wp.com\/infos-droitshumains.net\/wp-content\/uploads\/2025\/11\/20251120_181038.jpg?fit=640%2C463&ssl=1",640,463,true],"large":["https:\/\/i0.wp.com\/infos-droitshumains.net\/wp-content\/uploads\/2025\/11\/20251120_181038.jpg?fit=640%2C463&ssl=1",640,463,true],"1536x1536":["https:\/\/i0.wp.com\/infos-droitshumains.net\/wp-content\/uploads\/2025\/11\/20251120_181038.jpg?fit=1408%2C1018&ssl=1",1408,1018,true],"2048x2048":["https:\/\/i0.wp.com\/infos-droitshumains.net\/wp-content\/uploads\/2025\/11\/20251120_181038.jpg?fit=1408%2C1018&ssl=1",1408,1018,true],"covernews-slider-full":["https:\/\/i0.wp.com\/infos-droitshumains.net\/wp-content\/uploads\/2025\/11\/20251120_181038.jpg?resize=1115%2C715&ssl=1",1115,715,true],"covernews-slider-center":["https:\/\/i0.wp.com\/infos-droitshumains.net\/wp-content\/uploads\/2025\/11\/20251120_181038.jpg?resize=800%2C500&ssl=1",800,500,true],"covernews-featured":["https:\/\/i0.wp.com\/infos-droitshumains.net\/wp-content\/uploads\/2025\/11\/20251120_181038.jpg?fit=1024%2C740&ssl=1",1024,740,true],"covernews-medium":["https:\/\/i0.wp.com\/infos-droitshumains.net\/wp-content\/uploads\/2025\/11\/20251120_181038.jpg?resize=540%2C340&ssl=1",540,340,true],"covernews-medium-square":["https:\/\/i0.wp.com\/infos-droitshumains.net\/wp-content\/uploads\/2025\/11\/20251120_181038.jpg?resize=400%2C250&ssl=1",400,250,true]},"author_info":{"display_name":"Super","author_link":"https:\/\/infos-droitshumains.net\/?author=3"},"category_info":"<a href=\"https:\/\/infos-droitshumains.net\/?cat=6\" rel=\"category\">Justice<\/a>","tag_info":"Justice","comment_count":"0","jetpack_featured_media_url":"https:\/\/i0.wp.com\/infos-droitshumains.net\/wp-content\/uploads\/2025\/11\/20251120_181038.jpg?fit=1408%2C1018&ssl=1","jetpack-related-posts":[],"jetpack_sharing_enabled":true,"_links":{"self":[{"href":"https:\/\/infos-droitshumains.net\/index.php?rest_route=\/wp\/v2\/posts\/16953","targetHints":{"allow":["GET"]}}],"collection":[{"href":"https:\/\/infos-droitshumains.net\/index.php?rest_route=\/wp\/v2\/posts"}],"about":[{"href":"https:\/\/infos-droitshumains.net\/index.php?rest_route=\/wp\/v2\/types\/post"}],"author":[{"embeddable":true,"href":"https:\/\/infos-droitshumains.net\/index.php?rest_route=\/wp\/v2\/users\/3"}],"replies":[{"embeddable":true,"href":"https:\/\/infos-droitshumains.net\/index.php?rest_route=%2Fwp%2Fv2%2Fcomments&post=16953"}],"version-history":[{"count":9,"href":"https:\/\/infos-droitshumains.net\/index.php?rest_route=\/wp\/v2\/posts\/16953\/revisions"}],"predecessor-version":[{"id":17016,"href":"https:\/\/infos-droitshumains.net\/index.php?rest_route=\/wp\/v2\/posts\/16953\/revisions\/17016"}],"wp:featuredmedia":[{"embeddable":true,"href":"https:\/\/infos-droitshumains.net\/index.php?rest_route=\/wp\/v2\/media\/16948"}],"wp:attachment":[{"href":"https:\/\/infos-droitshumains.net\/index.php?rest_route=%2Fwp%2Fv2%2Fmedia&parent=16953"}],"wp:term":[{"taxonomy":"category","embeddable":true,"href":"https:\/\/infos-droitshumains.net\/index.php?rest_route=%2Fwp%2Fv2%2Fcategories&post=16953"},{"taxonomy":"post_tag","embeddable":true,"href":"https:\/\/infos-droitshumains.net\/index.php?rest_route=%2Fwp%2Fv2%2Ftags&post=16953"}],"curies":[{"name":"wp","href":"https:\/\/api.w.org\/{rel}","templated":true}]}}