{"id":16902,"date":"2025-11-19T08:21:27","date_gmt":"2025-11-19T07:21:27","guid":{"rendered":"https:\/\/infos-droitshumains.net\/?p=16902"},"modified":"2025-11-26T12:31:39","modified_gmt":"2025-11-26T11:31:39","slug":"tgi-gombe-le-directeur-general-du-journal-televise-des-droits-humains-felicite-ali-konde-pour-sa-nomination-comme-greffier-divisionnaire","status":"publish","type":"post","link":"https:\/\/infos-droitshumains.net\/?p=16902","title":{"rendered":"TGI\/Gombe : Le Directeur G\u00e9n\u00e9ral du Journal T\u00e9l\u00e9vis\u00e9 des Droits Humains f\u00e9licite Ali Konde pour sa nomination au poste de greffier divisionnaire"},"content":{"rendered":"\n<p><strong>R\u00e9daction: +243 817 406 088<\/strong><\/p>\n\n\n\n<h3 class=\"wp-block-heading has-vivid-red-color has-text-color has-link-color wp-elements-af233a58e2688b45c82dec4b3fd2a402\">Promu r\u00e9cemment Chef de division et affect\u00e9 comme greffier divisionnaire au Tribunal de Grande Instance de Kinshasa\/Gombe, Ali Konde Mbambi a re\u00e7u, ce mardi 18 novembre, la visite de Merlin Kamalandua, Directeur G\u00e9n\u00e9ral du Journal T\u00e9l\u00e9vis\u00e9 des Droits Humains (JTDH). Une visite plac\u00e9e sous le signe de la courtoisie, de la reconnaissance et d\u2019une fraternit\u00e9 professionnelle manifeste.<\/h3>\n\n\n\n<p>En se rendant personnellement au Tribunal de Grande Instance de Kinshasa\/Gombe, Merlin Kamalandua a tenu \u00e0 adresser ses f\u00e9licitations au nouveau greffier divisionnaire. Il lui a souhait\u00e9 un mandat fructueux et empreint de r\u00e9ussite, tout en louant la confiance plac\u00e9e en lui par la haute hi\u00e9rarchie judiciaire.<\/p>\n\n\n\n<p>Le Directeur G\u00e9n\u00e9ral du JTDH a \u00e9galement r\u00e9affirm\u00e9 l\u2019importance de la collaboration entre son institution et les juridictions du pays, soulignant que la nomination d\u2019Ali Konde repr\u00e9sente un gage de rigueur et de continuit\u00e9 dans la coop\u00e9ration entre le secteur m\u00e9diatique sp\u00e9cialis\u00e9 en droits humains et la justice congolaise.<\/p>\n\n\n\n<p>Le Tribunal de Grande Instance de Kinshasa\/Gombe dirig\u00e9 par le Pr\u00e9sident Charly Kasunda est reconnu comme l\u2019une des plus importantes juridictions de la R\u00e9publique d\u00e9mocratique du Congo, tant par son rayonnement que par le volume consid\u00e9rable de dossiers qu\u2019il traite quotidiennement. Dans cette structure, le greffe occupe un r\u00f4le administratif crucial : gestion des dossiers, organisation des activit\u00e9s juridictionnelles, coordination avec les magistrats et suivi des proc\u00e9dures.<\/p>\n\n\n\n<p>Le greffier divisionnaire, en particulier, porte une responsabilit\u00e9 de premier plan. Il supervise l\u2019ensemble des op\u00e9rations administratives de sa division et garantit la fluidit\u00e9 du travail judiciaire. La nomination d\u2019Ali Konde \u00e0 cette fonction t\u00e9moigne de la confiance accord\u00e9e \u00e0 ses comp\u00e9tences, \u00e0 son professionnalisme et \u00e0 sa rigueur administrative.<\/p>\n\n\n\n<p>Avant cette promotion, Ali Konde exer\u00e7ait comme greffier titulaire au Tribunal de paix de Kinshasa\/Lemba, un poste qu\u2019il a marqu\u00e9 par son s\u00e9rieux, son efficacit\u00e9 et sa ma\u00eetrise des proc\u00e9dures. Son parcours au sein de l\u2019appareil judiciaire congolais, salu\u00e9 par plusieurs de ses collaborateurs, montre un engagement constant pour une justice organis\u00e9e, accessible et respectueuse des droits de toutes les parties.<\/p>\n\n\n\n<p>Le Journal T\u00e9l\u00e9vis\u00e9 des Droits Humains, acteur reconnu dans la promotion et la vulgarisation de la justice en RDC, s\u2019est d\u00e9clar\u00e9 satisfait de voir un cadre comp\u00e9tent acc\u00e9der \u00e0 un poste aussi sensible. Pour l\u2019institution, cette nomination renforce les perspectives de collaboration en mati\u00e8re de communication judiciaire et de sensibilisation du public aux droits humains.<\/p>\n\n\n\n<p>Avec son expertise, son sens de l\u2019organisation et son exp\u00e9rience accumul\u00e9e, Ali Konde appara\u00eet comme un choix judicieux pour conduire avec succ\u00e8s la mission qui lui a \u00e9t\u00e9 confi\u00e9e. Sa prise de fonction ouvre la voie \u00e0 une nouvelle dynamique administrative au sein du TGI\/Gombe, au b\u00e9n\u00e9fice d\u2019une justice plus fluide et mieux structur\u00e9e.<\/p>\n\n\n\n<p>Jo\u00ebl Diawa<\/p>\n","protected":false},"excerpt":{"rendered":"<p>R\u00e9daction: +243 817 406 088 Promu r\u00e9cemment Chef de division et affect\u00e9 comme greffier divisionnaire&#8230;<\/p>\n","protected":false},"author":2,"featured_media":16905,"comment_status":"open","ping_status":"open","sticky":false,"template":"","format":"standard","meta":{"_jetpack_memberships_contains_paid_content":false,"footnotes":""},"categories":[6],"tags":[],"class_list":["post-16902","post","type-post","status-publish","format-standard","has-post-thumbnail","hentry","category-justice"],"yoast_head":"<!-- This site is optimized with the Yoast SEO plugin v27.5 - https:\/\/yoast.com\/product\/yoast-seo-wordpress\/ -->\n<title>TGI\/Gombe : Le Directeur G\u00e9n\u00e9ral du Journal T\u00e9l\u00e9vis\u00e9 des Droits Humains f\u00e9licite Ali Konde pour sa nomination au poste de greffier divisionnaire - Infos Droits Humains<\/title>\n<meta name=\"robots\" content=\"index, follow, max-snippet:-1, max-image-preview:large, max-video-preview:-1\" \/>\n<link rel=\"canonical\" href=\"https:\/\/infos-droitshumains.net\/?p=16902\" \/>\n<meta property=\"og:locale\" content=\"fr_FR\" \/>\n<meta property=\"og:type\" content=\"article\" \/>\n<meta property=\"og:title\" content=\"TGI\/Gombe : Le Directeur G\u00e9n\u00e9ral du Journal T\u00e9l\u00e9vis\u00e9 des Droits Humains f\u00e9licite Ali Konde pour sa nomination au poste de greffier divisionnaire - Infos Droits Humains\" \/>\n<meta property=\"og:description\" content=\"R\u00e9daction: +243 817 406 088 Promu r\u00e9cemment Chef de division et affect\u00e9 comme greffier divisionnaire...\" \/>\n<meta property=\"og:url\" content=\"https:\/\/infos-droitshumains.net\/?p=16902\" \/>\n<meta property=\"og:site_name\" content=\"Infos Droits Humains\" \/>\n<meta property=\"article:published_time\" content=\"2025-11-19T07:21:27+00:00\" \/>\n<meta property=\"article:modified_time\" content=\"2025-11-26T11:31:39+00:00\" \/>\n<meta property=\"og:image\" content=\"https:\/\/infos-droitshumains.net\/wp-content\/uploads\/2025\/11\/IMG-20251118-WA0060.jpg\" \/>\n\t<meta property=\"og:image:width\" content=\"924\" \/>\n\t<meta property=\"og:image:height\" content=\"802\" \/>\n\t<meta property=\"og:image:type\" content=\"image\/jpeg\" \/>\n<meta name=\"author\" content=\"Jo\u00ebl Diawa\" \/>\n<meta name=\"twitter:card\" content=\"summary_large_image\" \/>\n<meta name=\"twitter:label1\" content=\"\u00c9crit par\" \/>\n\t<meta name=\"twitter:data1\" content=\"Jo\u00ebl Diawa\" \/>\n\t<meta name=\"twitter:label2\" content=\"Dur\u00e9e de lecture estim\u00e9e\" \/>\n\t<meta name=\"twitter:data2\" content=\"3 minutes\" \/>\n<script type=\"application\/ld+json\" class=\"yoast-schema-graph\">{\"@context\":\"https:\\\/\\\/schema.org\",\"@graph\":[{\"@type\":\"Article\",\"@id\":\"https:\\\/\\\/infos-droitshumains.net\\\/?p=16902#article\",\"isPartOf\":{\"@id\":\"https:\\\/\\\/infos-droitshumains.net\\\/?p=16902\"},\"author\":{\"name\":\"Jo\u00ebl Diawa\",\"@id\":\"https:\\\/\\\/infos-droitshumains.net\\\/#\\\/schema\\\/person\\\/3dc5e921c3302172e0ed4362f96faab7\"},\"headline\":\"TGI\\\/Gombe : Le Directeur G\u00e9n\u00e9ral du Journal T\u00e9l\u00e9vis\u00e9 des Droits Humains f\u00e9licite Ali Konde pour sa nomination au poste de greffier divisionnaire\",\"datePublished\":\"2025-11-19T07:21:27+00:00\",\"dateModified\":\"2025-11-26T11:31:39+00:00\",\"mainEntityOfPage\":{\"@id\":\"https:\\\/\\\/infos-droitshumains.net\\\/?p=16902\"},\"wordCount\":529,\"commentCount\":0,\"publisher\":{\"@id\":\"https:\\\/\\\/infos-droitshumains.net\\\/#organization\"},\"image\":{\"@id\":\"https:\\\/\\\/infos-droitshumains.net\\\/?p=16902#primaryimage\"},\"thumbnailUrl\":\"https:\\\/\\\/i0.wp.com\\\/infos-droitshumains.net\\\/wp-content\\\/uploads\\\/2025\\\/11\\\/IMG-20251118-WA0060.jpg?fit=924%2C802&ssl=1\",\"articleSection\":[\"Justice\"],\"inLanguage\":\"fr-FR\",\"potentialAction\":[{\"@type\":\"CommentAction\",\"name\":\"Comment\",\"target\":[\"https:\\\/\\\/infos-droitshumains.net\\\/?p=16902#respond\"]}]},{\"@type\":\"WebPage\",\"@id\":\"https:\\\/\\\/infos-droitshumains.net\\\/?p=16902\",\"url\":\"https:\\\/\\\/infos-droitshumains.net\\\/?p=16902\",\"name\":\"TGI\\\/Gombe : Le Directeur G\u00e9n\u00e9ral du Journal T\u00e9l\u00e9vis\u00e9 des Droits Humains f\u00e9licite Ali Konde pour sa nomination au poste de greffier divisionnaire - Infos Droits Humains\",\"isPartOf\":{\"@id\":\"https:\\\/\\\/infos-droitshumains.net\\\/#website\"},\"primaryImageOfPage\":{\"@id\":\"https:\\\/\\\/infos-droitshumains.net\\\/?p=16902#primaryimage\"},\"image\":{\"@id\":\"https:\\\/\\\/infos-droitshumains.net\\\/?p=16902#primaryimage\"},\"thumbnailUrl\":\"https:\\\/\\\/i0.wp.com\\\/infos-droitshumains.net\\\/wp-content\\\/uploads\\\/2025\\\/11\\\/IMG-20251118-WA0060.jpg?fit=924%2C802&ssl=1\",\"datePublished\":\"2025-11-19T07:21:27+00:00\",\"dateModified\":\"2025-11-26T11:31:39+00:00\",\"breadcrumb\":{\"@id\":\"https:\\\/\\\/infos-droitshumains.net\\\/?p=16902#breadcrumb\"},\"inLanguage\":\"fr-FR\",\"potentialAction\":[{\"@type\":\"ReadAction\",\"target\":[\"https:\\\/\\\/infos-droitshumains.net\\\/?p=16902\"]}]},{\"@type\":\"ImageObject\",\"inLanguage\":\"fr-FR\",\"@id\":\"https:\\\/\\\/infos-droitshumains.net\\\/?p=16902#primaryimage\",\"url\":\"https:\\\/\\\/i0.wp.com\\\/infos-droitshumains.net\\\/wp-content\\\/uploads\\\/2025\\\/11\\\/IMG-20251118-WA0060.jpg?fit=924%2C802&ssl=1\",\"contentUrl\":\"https:\\\/\\\/i0.wp.com\\\/infos-droitshumains.net\\\/wp-content\\\/uploads\\\/2025\\\/11\\\/IMG-20251118-WA0060.jpg?fit=924%2C802&ssl=1\",\"width\":924,\"height\":802},{\"@type\":\"BreadcrumbList\",\"@id\":\"https:\\\/\\\/infos-droitshumains.net\\\/?p=16902#breadcrumb\",\"itemListElement\":[{\"@type\":\"ListItem\",\"position\":1,\"name\":\"Accueil\",\"item\":\"https:\\\/\\\/infos-droitshumains.net\\\/\"},{\"@type\":\"ListItem\",\"position\":2,\"name\":\"TGI\\\/Gombe : Le Directeur G\u00e9n\u00e9ral du Journal T\u00e9l\u00e9vis\u00e9 des Droits Humains f\u00e9licite Ali Konde pour sa nomination au poste de greffier divisionnaire\"}]},{\"@type\":\"WebSite\",\"@id\":\"https:\\\/\\\/infos-droitshumains.net\\\/#website\",\"url\":\"https:\\\/\\\/infos-droitshumains.net\\\/\",\"name\":\"Infos Droits Humains\",\"description\":\"S&#039;informer est un droit\",\"publisher\":{\"@id\":\"https:\\\/\\\/infos-droitshumains.net\\\/#organization\"},\"potentialAction\":[{\"@type\":\"SearchAction\",\"target\":{\"@type\":\"EntryPoint\",\"urlTemplate\":\"https:\\\/\\\/infos-droitshumains.net\\\/?s={search_term_string}\"},\"query-input\":{\"@type\":\"PropertyValueSpecification\",\"valueRequired\":true,\"valueName\":\"search_term_string\"}}],\"inLanguage\":\"fr-FR\"},{\"@type\":\"Organization\",\"@id\":\"https:\\\/\\\/infos-droitshumains.net\\\/#organization\",\"name\":\"Infos Droits Humains\",\"url\":\"https:\\\/\\\/infos-droitshumains.net\\\/\",\"logo\":{\"@type\":\"ImageObject\",\"inLanguage\":\"fr-FR\",\"@id\":\"https:\\\/\\\/infos-droitshumains.net\\\/#\\\/schema\\\/logo\\\/image\\\/\",\"url\":\"https:\\\/\\\/i0.wp.com\\\/infos-droitshumains.net\\\/wp-content\\\/uploads\\\/2022\\\/05\\\/Logo.png?fit=333%2C129&ssl=1\",\"contentUrl\":\"https:\\\/\\\/i0.wp.com\\\/infos-droitshumains.net\\\/wp-content\\\/uploads\\\/2022\\\/05\\\/Logo.png?fit=333%2C129&ssl=1\",\"width\":333,\"height\":129,\"caption\":\"Infos Droits Humains\"},\"image\":{\"@id\":\"https:\\\/\\\/infos-droitshumains.net\\\/#\\\/schema\\\/logo\\\/image\\\/\"}},{\"@type\":\"Person\",\"@id\":\"https:\\\/\\\/infos-droitshumains.net\\\/#\\\/schema\\\/person\\\/3dc5e921c3302172e0ed4362f96faab7\",\"name\":\"Jo\u00ebl Diawa\",\"image\":{\"@type\":\"ImageObject\",\"inLanguage\":\"fr-FR\",\"@id\":\"https:\\\/\\\/secure.gravatar.com\\\/avatar\\\/729bea6ff4604c624417803c477363be8e3c7186deaa65713313f9b4b820f41c?s=96&d=mm&r=g\",\"url\":\"https:\\\/\\\/secure.gravatar.com\\\/avatar\\\/729bea6ff4604c624417803c477363be8e3c7186deaa65713313f9b4b820f41c?s=96&d=mm&r=g\",\"contentUrl\":\"https:\\\/\\\/secure.gravatar.com\\\/avatar\\\/729bea6ff4604c624417803c477363be8e3c7186deaa65713313f9b4b820f41c?s=96&d=mm&r=g\",\"caption\":\"Jo\u00ebl Diawa\"},\"sameAs\":[\"https:\\\/\\\/www.infos-droitshumains.net\"],\"url\":\"https:\\\/\\\/infos-droitshumains.net\\\/?author=2\"}]}<\/script>\n<!-- \/ Yoast SEO plugin. -->","yoast_head_json":{"title":"TGI\/Gombe : Le Directeur G\u00e9n\u00e9ral du Journal T\u00e9l\u00e9vis\u00e9 des Droits Humains f\u00e9licite Ali Konde pour sa nomination au poste de greffier divisionnaire - Infos Droits Humains","robots":{"index":"index","follow":"follow","max-snippet":"max-snippet:-1","max-image-preview":"max-image-preview:large","max-video-preview":"max-video-preview:-1"},"canonical":"https:\/\/infos-droitshumains.net\/?p=16902","og_locale":"fr_FR","og_type":"article","og_title":"TGI\/Gombe : Le Directeur G\u00e9n\u00e9ral du Journal T\u00e9l\u00e9vis\u00e9 des Droits Humains f\u00e9licite Ali Konde pour sa nomination au poste de greffier divisionnaire - Infos Droits Humains","og_description":"R\u00e9daction: +243 817 406 088 Promu r\u00e9cemment Chef de division et affect\u00e9 comme greffier divisionnaire...","og_url":"https:\/\/infos-droitshumains.net\/?p=16902","og_site_name":"Infos Droits Humains","article_published_time":"2025-11-19T07:21:27+00:00","article_modified_time":"2025-11-26T11:31:39+00:00","og_image":[{"width":924,"height":802,"url":"https:\/\/infos-droitshumains.net\/wp-content\/uploads\/2025\/11\/IMG-20251118-WA0060.jpg","type":"image\/jpeg"}],"author":"Jo\u00ebl Diawa","twitter_card":"summary_large_image","twitter_misc":{"\u00c9crit par":"Jo\u00ebl Diawa","Dur\u00e9e de lecture estim\u00e9e":"3 minutes"},"schema":{"@context":"https:\/\/schema.org","@graph":[{"@type":"Article","@id":"https:\/\/infos-droitshumains.net\/?p=16902#article","isPartOf":{"@id":"https:\/\/infos-droitshumains.net\/?p=16902"},"author":{"name":"Jo\u00ebl Diawa","@id":"https:\/\/infos-droitshumains.net\/#\/schema\/person\/3dc5e921c3302172e0ed4362f96faab7"},"headline":"TGI\/Gombe : Le Directeur G\u00e9n\u00e9ral du Journal T\u00e9l\u00e9vis\u00e9 des Droits Humains f\u00e9licite Ali Konde pour sa nomination au poste de greffier divisionnaire","datePublished":"2025-11-19T07:21:27+00:00","dateModified":"2025-11-26T11:31:39+00:00","mainEntityOfPage":{"@id":"https:\/\/infos-droitshumains.net\/?p=16902"},"wordCount":529,"commentCount":0,"publisher":{"@id":"https:\/\/infos-droitshumains.net\/#organization"},"image":{"@id":"https:\/\/infos-droitshumains.net\/?p=16902#primaryimage"},"thumbnailUrl":"https:\/\/i0.wp.com\/infos-droitshumains.net\/wp-content\/uploads\/2025\/11\/IMG-20251118-WA0060.jpg?fit=924%2C802&ssl=1","articleSection":["Justice"],"inLanguage":"fr-FR","potentialAction":[{"@type":"CommentAction","name":"Comment","target":["https:\/\/infos-droitshumains.net\/?p=16902#respond"]}]},{"@type":"WebPage","@id":"https:\/\/infos-droitshumains.net\/?p=16902","url":"https:\/\/infos-droitshumains.net\/?p=16902","name":"TGI\/Gombe : Le Directeur G\u00e9n\u00e9ral du Journal T\u00e9l\u00e9vis\u00e9 des Droits Humains f\u00e9licite Ali Konde pour sa nomination au poste de greffier divisionnaire - Infos Droits Humains","isPartOf":{"@id":"https:\/\/infos-droitshumains.net\/#website"},"primaryImageOfPage":{"@id":"https:\/\/infos-droitshumains.net\/?p=16902#primaryimage"},"image":{"@id":"https:\/\/infos-droitshumains.net\/?p=16902#primaryimage"},"thumbnailUrl":"https:\/\/i0.wp.com\/infos-droitshumains.net\/wp-content\/uploads\/2025\/11\/IMG-20251118-WA0060.jpg?fit=924%2C802&ssl=1","datePublished":"2025-11-19T07:21:27+00:00","dateModified":"2025-11-26T11:31:39+00:00","breadcrumb":{"@id":"https:\/\/infos-droitshumains.net\/?p=16902#breadcrumb"},"inLanguage":"fr-FR","potentialAction":[{"@type":"ReadAction","target":["https:\/\/infos-droitshumains.net\/?p=16902"]}]},{"@type":"ImageObject","inLanguage":"fr-FR","@id":"https:\/\/infos-droitshumains.net\/?p=16902#primaryimage","url":"https:\/\/i0.wp.com\/infos-droitshumains.net\/wp-content\/uploads\/2025\/11\/IMG-20251118-WA0060.jpg?fit=924%2C802&ssl=1","contentUrl":"https:\/\/i0.wp.com\/infos-droitshumains.net\/wp-content\/uploads\/2025\/11\/IMG-20251118-WA0060.jpg?fit=924%2C802&ssl=1","width":924,"height":802},{"@type":"BreadcrumbList","@id":"https:\/\/infos-droitshumains.net\/?p=16902#breadcrumb","itemListElement":[{"@type":"ListItem","position":1,"name":"Accueil","item":"https:\/\/infos-droitshumains.net\/"},{"@type":"ListItem","position":2,"name":"TGI\/Gombe : Le Directeur G\u00e9n\u00e9ral du Journal T\u00e9l\u00e9vis\u00e9 des Droits Humains f\u00e9licite Ali Konde pour sa nomination au poste de greffier divisionnaire"}]},{"@type":"WebSite","@id":"https:\/\/infos-droitshumains.net\/#website","url":"https:\/\/infos-droitshumains.net\/","name":"Infos Droits Humains","description":"S&#039;informer est un droit","publisher":{"@id":"https:\/\/infos-droitshumains.net\/#organization"},"potentialAction":[{"@type":"SearchAction","target":{"@type":"EntryPoint","urlTemplate":"https:\/\/infos-droitshumains.net\/?s={search_term_string}"},"query-input":{"@type":"PropertyValueSpecification","valueRequired":true,"valueName":"search_term_string"}}],"inLanguage":"fr-FR"},{"@type":"Organization","@id":"https:\/\/infos-droitshumains.net\/#organization","name":"Infos Droits Humains","url":"https:\/\/infos-droitshumains.net\/","logo":{"@type":"ImageObject","inLanguage":"fr-FR","@id":"https:\/\/infos-droitshumains.net\/#\/schema\/logo\/image\/","url":"https:\/\/i0.wp.com\/infos-droitshumains.net\/wp-content\/uploads\/2022\/05\/Logo.png?fit=333%2C129&ssl=1","contentUrl":"https:\/\/i0.wp.com\/infos-droitshumains.net\/wp-content\/uploads\/2022\/05\/Logo.png?fit=333%2C129&ssl=1","width":333,"height":129,"caption":"Infos Droits Humains"},"image":{"@id":"https:\/\/infos-droitshumains.net\/#\/schema\/logo\/image\/"}},{"@type":"Person","@id":"https:\/\/infos-droitshumains.net\/#\/schema\/person\/3dc5e921c3302172e0ed4362f96faab7","name":"Jo\u00ebl Diawa","image":{"@type":"ImageObject","inLanguage":"fr-FR","@id":"https:\/\/secure.gravatar.com\/avatar\/729bea6ff4604c624417803c477363be8e3c7186deaa65713313f9b4b820f41c?s=96&d=mm&r=g","url":"https:\/\/secure.gravatar.com\/avatar\/729bea6ff4604c624417803c477363be8e3c7186deaa65713313f9b4b820f41c?s=96&d=mm&r=g","contentUrl":"https:\/\/secure.gravatar.com\/avatar\/729bea6ff4604c624417803c477363be8e3c7186deaa65713313f9b4b820f41c?s=96&d=mm&r=g","caption":"Jo\u00ebl Diawa"},"sameAs":["https:\/\/www.infos-droitshumains.net"],"url":"https:\/\/infos-droitshumains.net\/?author=2"}]}},"featured_image_urls":{"full":["https:\/\/i0.wp.com\/infos-droitshumains.net\/wp-content\/uploads\/2025\/11\/IMG-20251118-WA0060.jpg?fit=924%2C802&ssl=1",924,802,false],"thumbnail":["https:\/\/i0.wp.com\/infos-droitshumains.net\/wp-content\/uploads\/2025\/11\/IMG-20251118-WA0060.jpg?resize=150%2C150&ssl=1",150,150,true],"medium":["https:\/\/i0.wp.com\/infos-droitshumains.net\/wp-content\/uploads\/2025\/11\/IMG-20251118-WA0060.jpg?fit=300%2C260&ssl=1",300,260,true],"medium_large":["https:\/\/i0.wp.com\/infos-droitshumains.net\/wp-content\/uploads\/2025\/11\/IMG-20251118-WA0060.jpg?fit=640%2C556&ssl=1",640,556,true],"large":["https:\/\/i0.wp.com\/infos-droitshumains.net\/wp-content\/uploads\/2025\/11\/IMG-20251118-WA0060.jpg?fit=640%2C555&ssl=1",640,555,true],"1536x1536":["https:\/\/i0.wp.com\/infos-droitshumains.net\/wp-content\/uploads\/2025\/11\/IMG-20251118-WA0060.jpg?fit=924%2C802&ssl=1",924,802,true],"2048x2048":["https:\/\/i0.wp.com\/infos-droitshumains.net\/wp-content\/uploads\/2025\/11\/IMG-20251118-WA0060.jpg?fit=924%2C802&ssl=1",924,802,true],"covernews-slider-full":["https:\/\/i0.wp.com\/infos-droitshumains.net\/wp-content\/uploads\/2025\/11\/IMG-20251118-WA0060.jpg?resize=924%2C715&ssl=1",924,715,true],"covernews-slider-center":["https:\/\/i0.wp.com\/infos-droitshumains.net\/wp-content\/uploads\/2025\/11\/IMG-20251118-WA0060.jpg?resize=800%2C500&ssl=1",800,500,true],"covernews-featured":["https:\/\/i0.wp.com\/infos-droitshumains.net\/wp-content\/uploads\/2025\/11\/IMG-20251118-WA0060.jpg?fit=924%2C802&ssl=1",924,802,true],"covernews-medium":["https:\/\/i0.wp.com\/infos-droitshumains.net\/wp-content\/uploads\/2025\/11\/IMG-20251118-WA0060.jpg?resize=540%2C340&ssl=1",540,340,true],"covernews-medium-square":["https:\/\/i0.wp.com\/infos-droitshumains.net\/wp-content\/uploads\/2025\/11\/IMG-20251118-WA0060.jpg?resize=400%2C250&ssl=1",400,250,true]},"author_info":{"display_name":"Jo\u00ebl Diawa","author_link":"https:\/\/infos-droitshumains.net\/?author=2"},"category_info":"<a href=\"https:\/\/infos-droitshumains.net\/?cat=6\" rel=\"category\">Justice<\/a>","tag_info":"Justice","comment_count":"0","jetpack_featured_media_url":"https:\/\/i0.wp.com\/infos-droitshumains.net\/wp-content\/uploads\/2025\/11\/IMG-20251118-WA0060.jpg?fit=924%2C802&ssl=1","jetpack-related-posts":[],"jetpack_sharing_enabled":true,"_links":{"self":[{"href":"https:\/\/infos-droitshumains.net\/index.php?rest_route=\/wp\/v2\/posts\/16902","targetHints":{"allow":["GET"]}}],"collection":[{"href":"https:\/\/infos-droitshumains.net\/index.php?rest_route=\/wp\/v2\/posts"}],"about":[{"href":"https:\/\/infos-droitshumains.net\/index.php?rest_route=\/wp\/v2\/types\/post"}],"author":[{"embeddable":true,"href":"https:\/\/infos-droitshumains.net\/index.php?rest_route=\/wp\/v2\/users\/2"}],"replies":[{"embeddable":true,"href":"https:\/\/infos-droitshumains.net\/index.php?rest_route=%2Fwp%2Fv2%2Fcomments&post=16902"}],"version-history":[{"count":5,"href":"https:\/\/infos-droitshumains.net\/index.php?rest_route=\/wp\/v2\/posts\/16902\/revisions"}],"predecessor-version":[{"id":16908,"href":"https:\/\/infos-droitshumains.net\/index.php?rest_route=\/wp\/v2\/posts\/16902\/revisions\/16908"}],"wp:featuredmedia":[{"embeddable":true,"href":"https:\/\/infos-droitshumains.net\/index.php?rest_route=\/wp\/v2\/media\/16905"}],"wp:attachment":[{"href":"https:\/\/infos-droitshumains.net\/index.php?rest_route=%2Fwp%2Fv2%2Fmedia&parent=16902"}],"wp:term":[{"taxonomy":"category","embeddable":true,"href":"https:\/\/infos-droitshumains.net\/index.php?rest_route=%2Fwp%2Fv2%2Fcategories&post=16902"},{"taxonomy":"post_tag","embeddable":true,"href":"https:\/\/infos-droitshumains.net\/index.php?rest_route=%2Fwp%2Fv2%2Ftags&post=16902"}],"curies":[{"name":"wp","href":"https:\/\/api.w.org\/{rel}","templated":true}]}}