{"id":16877,"date":"2025-11-19T07:04:57","date_gmt":"2025-11-19T06:04:57","guid":{"rendered":"https:\/\/infos-droitshumains.net\/?p=16877"},"modified":"2025-11-19T07:08:47","modified_gmt":"2025-11-19T06:08:47","slug":"budget-2026-a-lassemblee-nationale-judith-suminwa-devoile-un-projet-de-59-021-milliards-fc","status":"publish","type":"post","link":"https:\/\/infos-droitshumains.net\/?p=16877","title":{"rendered":"Budget 2026 : A l\u2019Assembl\u00e9e nationale, Judith Suminwa d\u00e9voile un projet de 59.021 milliards FC"},"content":{"rendered":"\n<p><strong>R\u00e9daction: +243 817 406 088<\/strong><\/p>\n\n\n\n<h3 class=\"wp-block-heading has-vivid-red-color has-text-color has-link-color wp-elements-fb27dfd2ebe73cd556f61bb12b754cbb\">Sous la pr\u00e9sidence d\u2019Aim\u00e9 Boji Sangara, l\u2019Assembl\u00e9e nationale a tenu ce mardi 18 novembre 2025 une pl\u00e9ni\u00e8re consacr\u00e9e \u00e0 la pr\u00e9sentation, par la Premi\u00e8re Ministre Judith Suminwa Tuluka, de l\u2019\u00e9conomie du Projet de Loi de Finances exercice 2026. Chiffr\u00e9 \u00e0 59.021 milliards de francs congolais, ce budget affiche une progression de 16 % par rapport \u00e0 l\u2019exercice 2025 et se pr\u00e9sente en \u00e9quilibre, tant en recettes qu\u2019en d\u00e9penses.<\/h3>\n\n\n\n<figure class=\"wp-block-image alignfull size-full\"><img data-recalc-dims=\"1\" fetchpriority=\"high\" decoding=\"async\" width=\"640\" height=\"427\" src=\"https:\/\/i0.wp.com\/infos-droitshumains.net\/wp-content\/uploads\/2025\/11\/IMG-20251119-WA0008.jpg?resize=640%2C427&#038;ssl=1\" alt=\"\" class=\"wp-image-16885\" srcset=\"https:\/\/i0.wp.com\/infos-droitshumains.net\/wp-content\/uploads\/2025\/11\/IMG-20251119-WA0008.jpg?w=920&amp;ssl=1 920w, https:\/\/i0.wp.com\/infos-droitshumains.net\/wp-content\/uploads\/2025\/11\/IMG-20251119-WA0008.jpg?resize=300%2C200&amp;ssl=1 300w, https:\/\/i0.wp.com\/infos-droitshumains.net\/wp-content\/uploads\/2025\/11\/IMG-20251119-WA0008.jpg?resize=768%2C513&amp;ssl=1 768w\" sizes=\"(max-width: 640px) 100vw, 640px\" \/><\/figure>\n\n\n\n<p>Dans son allocution, la Premi\u00e8re Ministre a salu\u00e9 l\u2019\u00e9lection du Pr\u00e9sident de l\u2019Assembl\u00e9e nationale avant de rendre un vibrant hommage aux FARDC et aux Wazalendo, r\u00e9affirmant la d\u00e9termination du Gouvernement \u00e0 r\u00e9cup\u00e9rer l\u2019int\u00e9gralit\u00e9 du territoire national encore sous occupation des groupes arm\u00e9s.<\/p>\n\n\n\n<figure class=\"wp-block-image alignfull size-full\"><img data-recalc-dims=\"1\" decoding=\"async\" width=\"640\" height=\"427\" src=\"https:\/\/i0.wp.com\/infos-droitshumains.net\/wp-content\/uploads\/2025\/11\/IMG-20251119-WA0014.jpg?resize=640%2C427&#038;ssl=1\" alt=\"\" class=\"wp-image-16881\" srcset=\"https:\/\/i0.wp.com\/infos-droitshumains.net\/wp-content\/uploads\/2025\/11\/IMG-20251119-WA0014.jpg?w=920&amp;ssl=1 920w, https:\/\/i0.wp.com\/infos-droitshumains.net\/wp-content\/uploads\/2025\/11\/IMG-20251119-WA0014.jpg?resize=300%2C200&amp;ssl=1 300w, https:\/\/i0.wp.com\/infos-droitshumains.net\/wp-content\/uploads\/2025\/11\/IMG-20251119-WA0014.jpg?resize=768%2C513&amp;ssl=1 768w\" sizes=\"(max-width: 640px) 100vw, 640px\" \/><\/figure>\n\n\n\n<p>Elle a \u00e9galement soulign\u00e9 la stabilisation du taux de change autour de 2 300 FC pour 1 dollar, contre 2 800 FC auparavant, malgr\u00e9 la baisse des recettes enregistr\u00e9e dans l\u2019Est du pays.<\/p>\n\n\n\n<p>Le Budget 2026 s\u2019articule autour de cinq priorit\u00e9s majeures :<\/p>\n\n\n\n<ul class=\"wp-block-list\">\n<li>S\u00e9curit\u00e9 et d\u00e9fense: 11.896 milliards FC<\/li>\n\n\n\n<li>D\u00e9veloppement \u00e9conomique, agriculture, industrie et infrastructures : 11.972 milliards FC<\/li>\n\n\n\n<li>\u00c9ducation, avec la poursuite de la gratuit\u00e9 scolaire : 6.657 milliards FC<\/li>\n\n\n\n<li>Couverture Sant\u00e9 Universelle : 5.579 milliards FC<\/li>\n\n\n\n<li>Protection sociale : 1.211 milliards FC.<\/li>\n<\/ul>\n\n\n\n<figure class=\"wp-block-image alignfull size-full\"><img data-recalc-dims=\"1\" decoding=\"async\" width=\"640\" height=\"427\" src=\"https:\/\/i0.wp.com\/infos-droitshumains.net\/wp-content\/uploads\/2025\/11\/IMG-20251119-WA0016.jpg?resize=640%2C427&#038;ssl=1\" alt=\"\" class=\"wp-image-16884\" srcset=\"https:\/\/i0.wp.com\/infos-droitshumains.net\/wp-content\/uploads\/2025\/11\/IMG-20251119-WA0016.jpg?w=920&amp;ssl=1 920w, https:\/\/i0.wp.com\/infos-droitshumains.net\/wp-content\/uploads\/2025\/11\/IMG-20251119-WA0016.jpg?resize=300%2C200&amp;ssl=1 300w, https:\/\/i0.wp.com\/infos-droitshumains.net\/wp-content\/uploads\/2025\/11\/IMG-20251119-WA0016.jpg?resize=768%2C513&amp;ssl=1 768w\" sizes=\"(max-width: 640px) 100vw, 640px\" \/><\/figure>\n\n\n\n<p>La cheffe du Gouvernement a \u00e9galement d\u00e9taill\u00e9 la structure globale du budget :<\/p>\n\n\n\n<ul class=\"wp-block-list\">\n<li>Budget g\u00e9n\u00e9ral : 53.654 milliards FC<\/li>\n\n\n\n<li>Budgets annexes : 962 milliards FC<\/li>\n\n\n\n<li>Comptes sp\u00e9ciaux : 4.404 milliards FC<\/li>\n<\/ul>\n\n\n\n<p>Apr\u00e8s cette pr\u00e9sentation, le Pr\u00e9sident Aim\u00e9 Boji a ouvert la suite de la proc\u00e9dure parlementaire, lan\u00e7ant l\u2019\u00e9tape de l\u2019examen du projet de loi. Durant plus de quatre heures d\u2019\u00e9changes, les d\u00e9put\u00e9s nationaux ont interrog\u00e9 l\u2019Ex\u00e9cutif afin d\u2019\u00e9claircir tous les aspects techniques et strat\u00e9giques de ce budget.<\/p>\n\n\n\n<figure class=\"wp-block-image alignfull size-full\"><img data-recalc-dims=\"1\" loading=\"lazy\" decoding=\"async\" width=\"640\" height=\"428\" src=\"https:\/\/i0.wp.com\/infos-droitshumains.net\/wp-content\/uploads\/2025\/11\/IMG-20251119-WA0013.jpg?resize=640%2C428&#038;ssl=1\" alt=\"\" class=\"wp-image-16886\" srcset=\"https:\/\/i0.wp.com\/infos-droitshumains.net\/wp-content\/uploads\/2025\/11\/IMG-20251119-WA0013.jpg?w=886&amp;ssl=1 886w, https:\/\/i0.wp.com\/infos-droitshumains.net\/wp-content\/uploads\/2025\/11\/IMG-20251119-WA0013.jpg?resize=300%2C200&amp;ssl=1 300w, https:\/\/i0.wp.com\/infos-droitshumains.net\/wp-content\/uploads\/2025\/11\/IMG-20251119-WA0013.jpg?resize=768%2C513&amp;ssl=1 768w\" sizes=\"(max-width: 640px) 100vw, 640px\" \/><\/figure>\n\n\n\n<p>Les d\u00e9bats se poursuivent au sein de l\u2019h\u00e9micycle, en attendant les conclusions des \u00e9lus. Le projet pourrait ensuite \u00eatre transmis \u00e0 la Commission \u00c9conomique et Financi\u00e8re pour analyse approfondie, avant une \u00e9ventuelle adoption.<\/p>\n\n\n\n<p>Jo\u00ebl Diawa<\/p>\n","protected":false},"excerpt":{"rendered":"<p>R\u00e9daction: +243 817 406 088 Sous la pr\u00e9sidence d\u2019Aim\u00e9 Boji Sangara, l\u2019Assembl\u00e9e nationale a tenu&#8230;<\/p>\n","protected":false},"author":2,"featured_media":16878,"comment_status":"open","ping_status":"open","sticky":false,"template":"","format":"standard","meta":{"_jetpack_memberships_contains_paid_content":false,"footnotes":""},"categories":[3],"tags":[],"class_list":["post-16877","post","type-post","status-publish","format-standard","has-post-thumbnail","hentry","category-politique"],"yoast_head":"<!-- This site is optimized with the Yoast SEO plugin v27.5 - https:\/\/yoast.com\/product\/yoast-seo-wordpress\/ -->\n<title>Budget 2026 : A l\u2019Assembl\u00e9e nationale, Judith Suminwa d\u00e9voile un projet de 59.021 milliards FC - Infos Droits Humains<\/title>\n<meta name=\"robots\" content=\"index, follow, max-snippet:-1, max-image-preview:large, max-video-preview:-1\" \/>\n<link rel=\"canonical\" href=\"https:\/\/infos-droitshumains.net\/?p=16877\" \/>\n<meta property=\"og:locale\" content=\"fr_FR\" \/>\n<meta property=\"og:type\" content=\"article\" \/>\n<meta property=\"og:title\" content=\"Budget 2026 : A l\u2019Assembl\u00e9e nationale, Judith Suminwa d\u00e9voile un projet de 59.021 milliards FC - Infos Droits Humains\" \/>\n<meta property=\"og:description\" content=\"R\u00e9daction: +243 817 406 088 Sous la pr\u00e9sidence d\u2019Aim\u00e9 Boji Sangara, l\u2019Assembl\u00e9e nationale a tenu...\" \/>\n<meta property=\"og:url\" content=\"https:\/\/infos-droitshumains.net\/?p=16877\" \/>\n<meta property=\"og:site_name\" content=\"Infos Droits Humains\" \/>\n<meta property=\"article:published_time\" content=\"2025-11-19T06:04:57+00:00\" \/>\n<meta property=\"article:modified_time\" content=\"2025-11-19T06:08:47+00:00\" \/>\n<meta property=\"og:image\" content=\"https:\/\/infos-droitshumains.net\/wp-content\/uploads\/2025\/11\/IMG-20251119-WA0018.jpg\" \/>\n\t<meta property=\"og:image:width\" content=\"658\" \/>\n\t<meta property=\"og:image:height\" content=\"552\" \/>\n\t<meta property=\"og:image:type\" content=\"image\/jpeg\" \/>\n<meta name=\"author\" content=\"Jo\u00ebl Diawa\" \/>\n<meta name=\"twitter:card\" content=\"summary_large_image\" \/>\n<meta name=\"twitter:label1\" content=\"\u00c9crit par\" \/>\n\t<meta name=\"twitter:data1\" content=\"Jo\u00ebl Diawa\" \/>\n\t<meta name=\"twitter:label2\" content=\"Dur\u00e9e de lecture estim\u00e9e\" \/>\n\t<meta name=\"twitter:data2\" content=\"3 minutes\" \/>\n<script type=\"application\/ld+json\" class=\"yoast-schema-graph\">{\"@context\":\"https:\\\/\\\/schema.org\",\"@graph\":[{\"@type\":\"Article\",\"@id\":\"https:\\\/\\\/infos-droitshumains.net\\\/?p=16877#article\",\"isPartOf\":{\"@id\":\"https:\\\/\\\/infos-droitshumains.net\\\/?p=16877\"},\"author\":{\"name\":\"Jo\u00ebl Diawa\",\"@id\":\"https:\\\/\\\/infos-droitshumains.net\\\/#\\\/schema\\\/person\\\/3dc5e921c3302172e0ed4362f96faab7\"},\"headline\":\"Budget 2026 : A l\u2019Assembl\u00e9e nationale, Judith Suminwa d\u00e9voile un projet de 59.021 milliards FC\",\"datePublished\":\"2025-11-19T06:04:57+00:00\",\"dateModified\":\"2025-11-19T06:08:47+00:00\",\"mainEntityOfPage\":{\"@id\":\"https:\\\/\\\/infos-droitshumains.net\\\/?p=16877\"},\"wordCount\":344,\"commentCount\":0,\"publisher\":{\"@id\":\"https:\\\/\\\/infos-droitshumains.net\\\/#organization\"},\"image\":{\"@id\":\"https:\\\/\\\/infos-droitshumains.net\\\/?p=16877#primaryimage\"},\"thumbnailUrl\":\"https:\\\/\\\/i0.wp.com\\\/infos-droitshumains.net\\\/wp-content\\\/uploads\\\/2025\\\/11\\\/IMG-20251119-WA0018.jpg?fit=658%2C552&ssl=1\",\"articleSection\":[\"Politique\"],\"inLanguage\":\"fr-FR\",\"potentialAction\":[{\"@type\":\"CommentAction\",\"name\":\"Comment\",\"target\":[\"https:\\\/\\\/infos-droitshumains.net\\\/?p=16877#respond\"]}]},{\"@type\":\"WebPage\",\"@id\":\"https:\\\/\\\/infos-droitshumains.net\\\/?p=16877\",\"url\":\"https:\\\/\\\/infos-droitshumains.net\\\/?p=16877\",\"name\":\"Budget 2026 : A l\u2019Assembl\u00e9e nationale, Judith Suminwa d\u00e9voile un projet de 59.021 milliards FC - Infos Droits Humains\",\"isPartOf\":{\"@id\":\"https:\\\/\\\/infos-droitshumains.net\\\/#website\"},\"primaryImageOfPage\":{\"@id\":\"https:\\\/\\\/infos-droitshumains.net\\\/?p=16877#primaryimage\"},\"image\":{\"@id\":\"https:\\\/\\\/infos-droitshumains.net\\\/?p=16877#primaryimage\"},\"thumbnailUrl\":\"https:\\\/\\\/i0.wp.com\\\/infos-droitshumains.net\\\/wp-content\\\/uploads\\\/2025\\\/11\\\/IMG-20251119-WA0018.jpg?fit=658%2C552&ssl=1\",\"datePublished\":\"2025-11-19T06:04:57+00:00\",\"dateModified\":\"2025-11-19T06:08:47+00:00\",\"breadcrumb\":{\"@id\":\"https:\\\/\\\/infos-droitshumains.net\\\/?p=16877#breadcrumb\"},\"inLanguage\":\"fr-FR\",\"potentialAction\":[{\"@type\":\"ReadAction\",\"target\":[\"https:\\\/\\\/infos-droitshumains.net\\\/?p=16877\"]}]},{\"@type\":\"ImageObject\",\"inLanguage\":\"fr-FR\",\"@id\":\"https:\\\/\\\/infos-droitshumains.net\\\/?p=16877#primaryimage\",\"url\":\"https:\\\/\\\/i0.wp.com\\\/infos-droitshumains.net\\\/wp-content\\\/uploads\\\/2025\\\/11\\\/IMG-20251119-WA0018.jpg?fit=658%2C552&ssl=1\",\"contentUrl\":\"https:\\\/\\\/i0.wp.com\\\/infos-droitshumains.net\\\/wp-content\\\/uploads\\\/2025\\\/11\\\/IMG-20251119-WA0018.jpg?fit=658%2C552&ssl=1\",\"width\":658,\"height\":552},{\"@type\":\"BreadcrumbList\",\"@id\":\"https:\\\/\\\/infos-droitshumains.net\\\/?p=16877#breadcrumb\",\"itemListElement\":[{\"@type\":\"ListItem\",\"position\":1,\"name\":\"Accueil\",\"item\":\"https:\\\/\\\/infos-droitshumains.net\\\/\"},{\"@type\":\"ListItem\",\"position\":2,\"name\":\"Budget 2026 : A l\u2019Assembl\u00e9e nationale, Judith Suminwa d\u00e9voile un projet de 59.021 milliards FC\"}]},{\"@type\":\"WebSite\",\"@id\":\"https:\\\/\\\/infos-droitshumains.net\\\/#website\",\"url\":\"https:\\\/\\\/infos-droitshumains.net\\\/\",\"name\":\"Infos Droits Humains\",\"description\":\"S&#039;informer est un droit\",\"publisher\":{\"@id\":\"https:\\\/\\\/infos-droitshumains.net\\\/#organization\"},\"potentialAction\":[{\"@type\":\"SearchAction\",\"target\":{\"@type\":\"EntryPoint\",\"urlTemplate\":\"https:\\\/\\\/infos-droitshumains.net\\\/?s={search_term_string}\"},\"query-input\":{\"@type\":\"PropertyValueSpecification\",\"valueRequired\":true,\"valueName\":\"search_term_string\"}}],\"inLanguage\":\"fr-FR\"},{\"@type\":\"Organization\",\"@id\":\"https:\\\/\\\/infos-droitshumains.net\\\/#organization\",\"name\":\"Infos Droits Humains\",\"url\":\"https:\\\/\\\/infos-droitshumains.net\\\/\",\"logo\":{\"@type\":\"ImageObject\",\"inLanguage\":\"fr-FR\",\"@id\":\"https:\\\/\\\/infos-droitshumains.net\\\/#\\\/schema\\\/logo\\\/image\\\/\",\"url\":\"https:\\\/\\\/i0.wp.com\\\/infos-droitshumains.net\\\/wp-content\\\/uploads\\\/2022\\\/05\\\/Logo.png?fit=333%2C129&ssl=1\",\"contentUrl\":\"https:\\\/\\\/i0.wp.com\\\/infos-droitshumains.net\\\/wp-content\\\/uploads\\\/2022\\\/05\\\/Logo.png?fit=333%2C129&ssl=1\",\"width\":333,\"height\":129,\"caption\":\"Infos Droits Humains\"},\"image\":{\"@id\":\"https:\\\/\\\/infos-droitshumains.net\\\/#\\\/schema\\\/logo\\\/image\\\/\"}},{\"@type\":\"Person\",\"@id\":\"https:\\\/\\\/infos-droitshumains.net\\\/#\\\/schema\\\/person\\\/3dc5e921c3302172e0ed4362f96faab7\",\"name\":\"Jo\u00ebl Diawa\",\"image\":{\"@type\":\"ImageObject\",\"inLanguage\":\"fr-FR\",\"@id\":\"https:\\\/\\\/secure.gravatar.com\\\/avatar\\\/729bea6ff4604c624417803c477363be8e3c7186deaa65713313f9b4b820f41c?s=96&d=mm&r=g\",\"url\":\"https:\\\/\\\/secure.gravatar.com\\\/avatar\\\/729bea6ff4604c624417803c477363be8e3c7186deaa65713313f9b4b820f41c?s=96&d=mm&r=g\",\"contentUrl\":\"https:\\\/\\\/secure.gravatar.com\\\/avatar\\\/729bea6ff4604c624417803c477363be8e3c7186deaa65713313f9b4b820f41c?s=96&d=mm&r=g\",\"caption\":\"Jo\u00ebl Diawa\"},\"sameAs\":[\"https:\\\/\\\/www.infos-droitshumains.net\"],\"url\":\"https:\\\/\\\/infos-droitshumains.net\\\/?author=2\"}]}<\/script>\n<!-- \/ Yoast SEO plugin. -->","yoast_head_json":{"title":"Budget 2026 : A l\u2019Assembl\u00e9e nationale, Judith Suminwa d\u00e9voile un projet de 59.021 milliards FC - Infos Droits Humains","robots":{"index":"index","follow":"follow","max-snippet":"max-snippet:-1","max-image-preview":"max-image-preview:large","max-video-preview":"max-video-preview:-1"},"canonical":"https:\/\/infos-droitshumains.net\/?p=16877","og_locale":"fr_FR","og_type":"article","og_title":"Budget 2026 : A l\u2019Assembl\u00e9e nationale, Judith Suminwa d\u00e9voile un projet de 59.021 milliards FC - Infos Droits Humains","og_description":"R\u00e9daction: +243 817 406 088 Sous la pr\u00e9sidence d\u2019Aim\u00e9 Boji Sangara, l\u2019Assembl\u00e9e nationale a tenu...","og_url":"https:\/\/infos-droitshumains.net\/?p=16877","og_site_name":"Infos Droits Humains","article_published_time":"2025-11-19T06:04:57+00:00","article_modified_time":"2025-11-19T06:08:47+00:00","og_image":[{"width":658,"height":552,"url":"https:\/\/infos-droitshumains.net\/wp-content\/uploads\/2025\/11\/IMG-20251119-WA0018.jpg","type":"image\/jpeg"}],"author":"Jo\u00ebl Diawa","twitter_card":"summary_large_image","twitter_misc":{"\u00c9crit par":"Jo\u00ebl Diawa","Dur\u00e9e de lecture estim\u00e9e":"3 minutes"},"schema":{"@context":"https:\/\/schema.org","@graph":[{"@type":"Article","@id":"https:\/\/infos-droitshumains.net\/?p=16877#article","isPartOf":{"@id":"https:\/\/infos-droitshumains.net\/?p=16877"},"author":{"name":"Jo\u00ebl Diawa","@id":"https:\/\/infos-droitshumains.net\/#\/schema\/person\/3dc5e921c3302172e0ed4362f96faab7"},"headline":"Budget 2026 : A l\u2019Assembl\u00e9e nationale, Judith Suminwa d\u00e9voile un projet de 59.021 milliards FC","datePublished":"2025-11-19T06:04:57+00:00","dateModified":"2025-11-19T06:08:47+00:00","mainEntityOfPage":{"@id":"https:\/\/infos-droitshumains.net\/?p=16877"},"wordCount":344,"commentCount":0,"publisher":{"@id":"https:\/\/infos-droitshumains.net\/#organization"},"image":{"@id":"https:\/\/infos-droitshumains.net\/?p=16877#primaryimage"},"thumbnailUrl":"https:\/\/i0.wp.com\/infos-droitshumains.net\/wp-content\/uploads\/2025\/11\/IMG-20251119-WA0018.jpg?fit=658%2C552&ssl=1","articleSection":["Politique"],"inLanguage":"fr-FR","potentialAction":[{"@type":"CommentAction","name":"Comment","target":["https:\/\/infos-droitshumains.net\/?p=16877#respond"]}]},{"@type":"WebPage","@id":"https:\/\/infos-droitshumains.net\/?p=16877","url":"https:\/\/infos-droitshumains.net\/?p=16877","name":"Budget 2026 : A l\u2019Assembl\u00e9e nationale, Judith Suminwa d\u00e9voile un projet de 59.021 milliards FC - Infos Droits Humains","isPartOf":{"@id":"https:\/\/infos-droitshumains.net\/#website"},"primaryImageOfPage":{"@id":"https:\/\/infos-droitshumains.net\/?p=16877#primaryimage"},"image":{"@id":"https:\/\/infos-droitshumains.net\/?p=16877#primaryimage"},"thumbnailUrl":"https:\/\/i0.wp.com\/infos-droitshumains.net\/wp-content\/uploads\/2025\/11\/IMG-20251119-WA0018.jpg?fit=658%2C552&ssl=1","datePublished":"2025-11-19T06:04:57+00:00","dateModified":"2025-11-19T06:08:47+00:00","breadcrumb":{"@id":"https:\/\/infos-droitshumains.net\/?p=16877#breadcrumb"},"inLanguage":"fr-FR","potentialAction":[{"@type":"ReadAction","target":["https:\/\/infos-droitshumains.net\/?p=16877"]}]},{"@type":"ImageObject","inLanguage":"fr-FR","@id":"https:\/\/infos-droitshumains.net\/?p=16877#primaryimage","url":"https:\/\/i0.wp.com\/infos-droitshumains.net\/wp-content\/uploads\/2025\/11\/IMG-20251119-WA0018.jpg?fit=658%2C552&ssl=1","contentUrl":"https:\/\/i0.wp.com\/infos-droitshumains.net\/wp-content\/uploads\/2025\/11\/IMG-20251119-WA0018.jpg?fit=658%2C552&ssl=1","width":658,"height":552},{"@type":"BreadcrumbList","@id":"https:\/\/infos-droitshumains.net\/?p=16877#breadcrumb","itemListElement":[{"@type":"ListItem","position":1,"name":"Accueil","item":"https:\/\/infos-droitshumains.net\/"},{"@type":"ListItem","position":2,"name":"Budget 2026 : A l\u2019Assembl\u00e9e nationale, Judith Suminwa d\u00e9voile un projet de 59.021 milliards FC"}]},{"@type":"WebSite","@id":"https:\/\/infos-droitshumains.net\/#website","url":"https:\/\/infos-droitshumains.net\/","name":"Infos Droits Humains","description":"S&#039;informer est un droit","publisher":{"@id":"https:\/\/infos-droitshumains.net\/#organization"},"potentialAction":[{"@type":"SearchAction","target":{"@type":"EntryPoint","urlTemplate":"https:\/\/infos-droitshumains.net\/?s={search_term_string}"},"query-input":{"@type":"PropertyValueSpecification","valueRequired":true,"valueName":"search_term_string"}}],"inLanguage":"fr-FR"},{"@type":"Organization","@id":"https:\/\/infos-droitshumains.net\/#organization","name":"Infos Droits Humains","url":"https:\/\/infos-droitshumains.net\/","logo":{"@type":"ImageObject","inLanguage":"fr-FR","@id":"https:\/\/infos-droitshumains.net\/#\/schema\/logo\/image\/","url":"https:\/\/i0.wp.com\/infos-droitshumains.net\/wp-content\/uploads\/2022\/05\/Logo.png?fit=333%2C129&ssl=1","contentUrl":"https:\/\/i0.wp.com\/infos-droitshumains.net\/wp-content\/uploads\/2022\/05\/Logo.png?fit=333%2C129&ssl=1","width":333,"height":129,"caption":"Infos Droits Humains"},"image":{"@id":"https:\/\/infos-droitshumains.net\/#\/schema\/logo\/image\/"}},{"@type":"Person","@id":"https:\/\/infos-droitshumains.net\/#\/schema\/person\/3dc5e921c3302172e0ed4362f96faab7","name":"Jo\u00ebl Diawa","image":{"@type":"ImageObject","inLanguage":"fr-FR","@id":"https:\/\/secure.gravatar.com\/avatar\/729bea6ff4604c624417803c477363be8e3c7186deaa65713313f9b4b820f41c?s=96&d=mm&r=g","url":"https:\/\/secure.gravatar.com\/avatar\/729bea6ff4604c624417803c477363be8e3c7186deaa65713313f9b4b820f41c?s=96&d=mm&r=g","contentUrl":"https:\/\/secure.gravatar.com\/avatar\/729bea6ff4604c624417803c477363be8e3c7186deaa65713313f9b4b820f41c?s=96&d=mm&r=g","caption":"Jo\u00ebl Diawa"},"sameAs":["https:\/\/www.infos-droitshumains.net"],"url":"https:\/\/infos-droitshumains.net\/?author=2"}]}},"featured_image_urls":{"full":["https:\/\/i0.wp.com\/infos-droitshumains.net\/wp-content\/uploads\/2025\/11\/IMG-20251119-WA0018.jpg?fit=658%2C552&ssl=1",658,552,false],"thumbnail":["https:\/\/i0.wp.com\/infos-droitshumains.net\/wp-content\/uploads\/2025\/11\/IMG-20251119-WA0018.jpg?resize=150%2C150&ssl=1",150,150,true],"medium":["https:\/\/i0.wp.com\/infos-droitshumains.net\/wp-content\/uploads\/2025\/11\/IMG-20251119-WA0018.jpg?fit=300%2C252&ssl=1",300,252,true],"medium_large":["https:\/\/i0.wp.com\/infos-droitshumains.net\/wp-content\/uploads\/2025\/11\/IMG-20251119-WA0018.jpg?fit=640%2C537&ssl=1",640,537,true],"large":["https:\/\/i0.wp.com\/infos-droitshumains.net\/wp-content\/uploads\/2025\/11\/IMG-20251119-WA0018.jpg?fit=640%2C537&ssl=1",640,537,true],"1536x1536":["https:\/\/i0.wp.com\/infos-droitshumains.net\/wp-content\/uploads\/2025\/11\/IMG-20251119-WA0018.jpg?fit=658%2C552&ssl=1",658,552,true],"2048x2048":["https:\/\/i0.wp.com\/infos-droitshumains.net\/wp-content\/uploads\/2025\/11\/IMG-20251119-WA0018.jpg?fit=658%2C552&ssl=1",658,552,true],"covernews-slider-full":["https:\/\/i0.wp.com\/infos-droitshumains.net\/wp-content\/uploads\/2025\/11\/IMG-20251119-WA0018.jpg?resize=658%2C552&ssl=1",658,552,true],"covernews-slider-center":["https:\/\/i0.wp.com\/infos-droitshumains.net\/wp-content\/uploads\/2025\/11\/IMG-20251119-WA0018.jpg?resize=658%2C500&ssl=1",658,500,true],"covernews-featured":["https:\/\/i0.wp.com\/infos-droitshumains.net\/wp-content\/uploads\/2025\/11\/IMG-20251119-WA0018.jpg?fit=658%2C552&ssl=1",658,552,true],"covernews-medium":["https:\/\/i0.wp.com\/infos-droitshumains.net\/wp-content\/uploads\/2025\/11\/IMG-20251119-WA0018.jpg?resize=540%2C340&ssl=1",540,340,true],"covernews-medium-square":["https:\/\/i0.wp.com\/infos-droitshumains.net\/wp-content\/uploads\/2025\/11\/IMG-20251119-WA0018.jpg?resize=400%2C250&ssl=1",400,250,true]},"author_info":{"display_name":"Jo\u00ebl Diawa","author_link":"https:\/\/infos-droitshumains.net\/?author=2"},"category_info":"<a href=\"https:\/\/infos-droitshumains.net\/?cat=3\" rel=\"category\">Politique<\/a>","tag_info":"Politique","comment_count":"0","jetpack_featured_media_url":"https:\/\/i0.wp.com\/infos-droitshumains.net\/wp-content\/uploads\/2025\/11\/IMG-20251119-WA0018.jpg?fit=658%2C552&ssl=1","jetpack-related-posts":[],"jetpack_sharing_enabled":true,"_links":{"self":[{"href":"https:\/\/infos-droitshumains.net\/index.php?rest_route=\/wp\/v2\/posts\/16877","targetHints":{"allow":["GET"]}}],"collection":[{"href":"https:\/\/infos-droitshumains.net\/index.php?rest_route=\/wp\/v2\/posts"}],"about":[{"href":"https:\/\/infos-droitshumains.net\/index.php?rest_route=\/wp\/v2\/types\/post"}],"author":[{"embeddable":true,"href":"https:\/\/infos-droitshumains.net\/index.php?rest_route=\/wp\/v2\/users\/2"}],"replies":[{"embeddable":true,"href":"https:\/\/infos-droitshumains.net\/index.php?rest_route=%2Fwp%2Fv2%2Fcomments&post=16877"}],"version-history":[{"count":3,"href":"https:\/\/infos-droitshumains.net\/index.php?rest_route=\/wp\/v2\/posts\/16877\/revisions"}],"predecessor-version":[{"id":16887,"href":"https:\/\/infos-droitshumains.net\/index.php?rest_route=\/wp\/v2\/posts\/16877\/revisions\/16887"}],"wp:featuredmedia":[{"embeddable":true,"href":"https:\/\/infos-droitshumains.net\/index.php?rest_route=\/wp\/v2\/media\/16878"}],"wp:attachment":[{"href":"https:\/\/infos-droitshumains.net\/index.php?rest_route=%2Fwp%2Fv2%2Fmedia&parent=16877"}],"wp:term":[{"taxonomy":"category","embeddable":true,"href":"https:\/\/infos-droitshumains.net\/index.php?rest_route=%2Fwp%2Fv2%2Fcategories&post=16877"},{"taxonomy":"post_tag","embeddable":true,"href":"https:\/\/infos-droitshumains.net\/index.php?rest_route=%2Fwp%2Fv2%2Ftags&post=16877"}],"curies":[{"name":"wp","href":"https:\/\/api.w.org\/{rel}","templated":true}]}}