{"id":16863,"date":"2025-11-18T18:03:47","date_gmt":"2025-11-18T17:03:47","guid":{"rendered":"https:\/\/infos-droitshumains.net\/?p=16863"},"modified":"2025-11-18T21:47:47","modified_gmt":"2025-11-18T20:47:47","slug":"kinshasa-le-tgi-matete-soumet-les-vehicules-de-ses-magistrats-au-controle-technique-a-la-veille-du-bouclage-general","status":"publish","type":"post","link":"https:\/\/infos-droitshumains.net\/?p=16863","title":{"rendered":"Kinshasa : Le TGI\/Matete soumet les v\u00e9hicules de ses magistrats au contr\u00f4le technique \u00e0 la veille du bouclage g\u00e9n\u00e9ral"},"content":{"rendered":"\n<p><strong>R\u00e9daction: +243 817 406 088<\/strong><\/p>\n\n\n\n<h3 class=\"wp-block-heading has-vivid-red-color has-text-color has-link-color wp-elements-cff2ede68cfd866f1fbc50b238e382a3\">\u00c0 la veille du bouclage g\u00e9n\u00e9ral annonc\u00e9 pour ce mercredi 19 novembre sur toute l\u2019\u00e9tendue de la ville de Kinshasa dans le cadre du contr\u00f4le technique obligatoire des v\u00e9hicules, le Pr\u00e9sident du Tribunal de Grande Instance de Kinshasa\/Matete, le Professeur Samutondi Ikomba Samy, a donn\u00e9 un signal fort en invitant la R\u00e9gie des Fourri\u00e8res et de Contr\u00f4le Technique de Kinshasa (RFCK) \u00e0 proc\u00e9der au contr\u00f4le technique des v\u00e9hicules de tous les magistrats de sa juridiction.<\/h3>\n\n\n\n<p>Une d\u00e9l\u00e9gation de la RFCK, conduite par son Directeur G\u00e9n\u00e9ral adjoint, Me David Tshimamnga, s\u2019est ainsi rendue dans l\u2019enceinte du tribunal pour mener cette op\u00e9ration. Symboliquement, Me Tshimamnga a lui-m\u00eame appos\u00e9 la vignette sur le v\u00e9hicule du Pr\u00e9sident du TGI\/Matete, apr\u00e8s que celui-ci a \u00e9t\u00e9 soumis \u00e0 l\u2019inspection technique comme l\u2019exige la loi.<\/p>\n\n\n\n<p>L\u2019initiative n\u2019a pas concern\u00e9 uniquement les magistrats du TGI. Les v\u00e9hicules des magistrats du Parquet pr\u00e8s le Tribunal de Paix de Kinshasa\/Matete, ainsi que ceux de quelques avocats pr\u00e9sents pour les audiences, ont \u00e9galement \u00e9t\u00e9 pris en charge.<br>Au total, plus de 60 v\u00e9hicules ont \u00e9t\u00e9 soumis au contr\u00f4le technique au cours de cette op\u00e9ration sp\u00e9ciale.<\/p>\n\n\n\n<p>Pour Me David Tshimamnga, cette d\u00e9marche exemplaire du TGI\/Matete tombe \u00e0 point nomm\u00e9, alors que la ville s\u2019appr\u00eate \u00e0 intensifier les contr\u00f4les :<\/p>\n\n\n\n<p><em>\u00ab Depuis le 29 septembre, son Excellence le Gouverneur de Kinshasa a lanc\u00e9 le processus du contr\u00f4le technique obligatoire. Tous les v\u00e9hicules, sans exception&nbsp;; administratifs comme priv\u00e9s, doivent passer au contr\u00f4le technique pour garantir la s\u00e9curit\u00e9 routi\u00e8re. Vu le nombre important de magistrats et les contraintes li\u00e9es aux audiences, il leur \u00e9tait difficile de se d\u00e9placer vers les centres. Ils ont donc sollicit\u00e9 un centre avanc\u00e9, et c\u2019est sur instruction du Directeur G\u00e9n\u00e9ral, Kajos Kasinzi Mafolo, que nous sommes descendus pour assurer ce service.\u00bb<\/em>, a-t-il rappel\u00e9.<\/p>\n\n\n\n<p>Le DGA de la RFCK a par ailleurs tenu \u00e0 lever une confusion persistante :<\/p>\n\n\n\n<p><em>\u00ab Certains pensent que les v\u00e9hicules de l\u2019administration ou des autorit\u00e9s judiciaires sont exon\u00e9r\u00e9s. C\u2019est faux : ce sont les v\u00e9hicules qui passent au contr\u00f4le technique, pas les autorit\u00e9s. \u00bb<\/em><\/p>\n\n\n\n<p>Pour le Pr\u00e9sident du TGI\/Matete, cette initiative vise avant tout \u00e0 montrer l\u2019exemple, conform\u00e9ment au r\u00f4le moral et institutionnel des magistrats :<\/p>\n\n\n\n<p><em>\u00ab Nous les avons invit\u00e9s pour servir d\u2019exemple. Il ne s\u2019agit pas des magistrats qui passent au contr\u00f4le technique, mais de leurs v\u00e9hicules. Lorsque des mesures de s\u00e9curit\u00e9 sont prises, tout le monde doit s\u2019y conformer. Nous ne pouvons pas violer la loi que nous appliquons nous-m\u00eames \u00bb<\/em>, a d\u00e9clar\u00e9 le Professeur Samutondi qui insiste \u00e9galement sur la dimension civique et citoyenne :<\/p>\n\n\n\n<p><em>\u00ab Payer la vignette, c\u2019est participer \u00e0 la r\u00e9habilitation des routes. Ceux qui h\u00e9sitent encore doivent comprendre qu\u2019un magistrat n\u2019est pas au-dessus de la loi. Il doit \u00eatre strict envers lui-m\u00eame. Je serais mal \u00e0 l\u2019aise d\u2019apprendre qu\u2019un magistrat de ma juridiction a \u00e9t\u00e9 interpell\u00e9 sur la voie publique pour d\u00e9faut de contr\u00f4le technique. \u00bb<\/em><\/p>\n\n\n\n<p>Alors que la ville s\u2019appr\u00eate \u00e0 lancer son op\u00e9ration de bouclage, le Pr\u00e9sident du TGI\/Matete appelle l\u2019ensemble de la population, magistrats, fonctionnaires ou conducteurs priv\u00e9s \u00e0 se conformer rapidement :<\/p>\n\n\n\n<p><em>\u00ab La haute hi\u00e9rarchie l\u2019a d\u00e9j\u00e0 fait. Pour nous, juridictions inf\u00e9rieures, c\u2019est une obligation. Nous appelons chacun au civisme pour \u00e9viter de perturber l\u2019ordre public. \u00bb<\/em><\/p>\n\n\n\n<p>Cette action concert\u00e9e entre le TGI\/Matete et la RFCK est per\u00e7ue comme un acte de responsabilit\u00e9 institutionnelle \u00e0 un moment o\u00f9 les autorit\u00e9s urbaines intensifient les mesures destin\u00e9es \u00e0 renforcer la s\u00e9curit\u00e9 routi\u00e8re et la discipline publique.<\/p>\n\n\n\n<p>Jo\u00ebl Diawa<\/p>\n","protected":false},"excerpt":{"rendered":"<p>R\u00e9daction: +243 817 406 088 \u00c0 la veille du bouclage g\u00e9n\u00e9ral annonc\u00e9 pour ce mercredi&#8230;<\/p>\n","protected":false},"author":2,"featured_media":16869,"comment_status":"open","ping_status":"open","sticky":false,"template":"","format":"standard","meta":{"_jetpack_memberships_contains_paid_content":false,"footnotes":""},"categories":[6],"tags":[],"class_list":["post-16863","post","type-post","status-publish","format-standard","has-post-thumbnail","hentry","category-justice"],"yoast_head":"<!-- This site is optimized with the Yoast SEO plugin v27.5 - https:\/\/yoast.com\/product\/yoast-seo-wordpress\/ -->\n<title>Kinshasa : Le TGI\/Matete soumet les v\u00e9hicules de ses magistrats au contr\u00f4le technique \u00e0 la veille du bouclage g\u00e9n\u00e9ral - Infos Droits Humains<\/title>\n<meta name=\"robots\" content=\"index, follow, max-snippet:-1, max-image-preview:large, max-video-preview:-1\" \/>\n<link rel=\"canonical\" href=\"https:\/\/infos-droitshumains.net\/?p=16863\" \/>\n<meta property=\"og:locale\" content=\"fr_FR\" \/>\n<meta property=\"og:type\" content=\"article\" \/>\n<meta property=\"og:title\" content=\"Kinshasa : Le TGI\/Matete soumet les v\u00e9hicules de ses magistrats au contr\u00f4le technique \u00e0 la veille du bouclage g\u00e9n\u00e9ral - Infos Droits Humains\" \/>\n<meta property=\"og:description\" content=\"R\u00e9daction: +243 817 406 088 \u00c0 la veille du bouclage g\u00e9n\u00e9ral annonc\u00e9 pour ce mercredi...\" \/>\n<meta property=\"og:url\" content=\"https:\/\/infos-droitshumains.net\/?p=16863\" \/>\n<meta property=\"og:site_name\" content=\"Infos Droits Humains\" \/>\n<meta property=\"article:published_time\" content=\"2025-11-18T17:03:47+00:00\" \/>\n<meta property=\"article:modified_time\" content=\"2025-11-18T20:47:47+00:00\" \/>\n<meta property=\"og:image\" content=\"https:\/\/infos-droitshumains.net\/wp-content\/uploads\/2025\/11\/vlcsnap-2025-11-18-20h33m50s9591-1-1024x576.png\" \/>\n\t<meta property=\"og:image:width\" content=\"1024\" \/>\n\t<meta property=\"og:image:height\" content=\"576\" \/>\n\t<meta property=\"og:image:type\" content=\"image\/png\" \/>\n<meta name=\"author\" content=\"Jo\u00ebl Diawa\" \/>\n<meta name=\"twitter:card\" content=\"summary_large_image\" \/>\n<meta name=\"twitter:label1\" content=\"\u00c9crit par\" \/>\n\t<meta name=\"twitter:data1\" content=\"Jo\u00ebl Diawa\" \/>\n\t<meta name=\"twitter:label2\" content=\"Dur\u00e9e de lecture estim\u00e9e\" \/>\n\t<meta name=\"twitter:data2\" content=\"3 minutes\" \/>\n<script type=\"application\/ld+json\" class=\"yoast-schema-graph\">{\"@context\":\"https:\\\/\\\/schema.org\",\"@graph\":[{\"@type\":\"Article\",\"@id\":\"https:\\\/\\\/infos-droitshumains.net\\\/?p=16863#article\",\"isPartOf\":{\"@id\":\"https:\\\/\\\/infos-droitshumains.net\\\/?p=16863\"},\"author\":{\"name\":\"Jo\u00ebl Diawa\",\"@id\":\"https:\\\/\\\/infos-droitshumains.net\\\/#\\\/schema\\\/person\\\/3dc5e921c3302172e0ed4362f96faab7\"},\"headline\":\"Kinshasa : Le TGI\\\/Matete soumet les v\u00e9hicules de ses magistrats au contr\u00f4le technique \u00e0 la veille du bouclage g\u00e9n\u00e9ral\",\"datePublished\":\"2025-11-18T17:03:47+00:00\",\"dateModified\":\"2025-11-18T20:47:47+00:00\",\"mainEntityOfPage\":{\"@id\":\"https:\\\/\\\/infos-droitshumains.net\\\/?p=16863\"},\"wordCount\":675,\"commentCount\":0,\"publisher\":{\"@id\":\"https:\\\/\\\/infos-droitshumains.net\\\/#organization\"},\"image\":{\"@id\":\"https:\\\/\\\/infos-droitshumains.net\\\/?p=16863#primaryimage\"},\"thumbnailUrl\":\"https:\\\/\\\/i0.wp.com\\\/infos-droitshumains.net\\\/wp-content\\\/uploads\\\/2025\\\/11\\\/vlcsnap-2025-11-18-20h33m50s9591-1.png?fit=1920%2C1080&ssl=1\",\"articleSection\":[\"Justice\"],\"inLanguage\":\"fr-FR\",\"potentialAction\":[{\"@type\":\"CommentAction\",\"name\":\"Comment\",\"target\":[\"https:\\\/\\\/infos-droitshumains.net\\\/?p=16863#respond\"]}]},{\"@type\":\"WebPage\",\"@id\":\"https:\\\/\\\/infos-droitshumains.net\\\/?p=16863\",\"url\":\"https:\\\/\\\/infos-droitshumains.net\\\/?p=16863\",\"name\":\"Kinshasa : Le TGI\\\/Matete soumet les v\u00e9hicules de ses magistrats au contr\u00f4le technique \u00e0 la veille du bouclage g\u00e9n\u00e9ral - Infos Droits Humains\",\"isPartOf\":{\"@id\":\"https:\\\/\\\/infos-droitshumains.net\\\/#website\"},\"primaryImageOfPage\":{\"@id\":\"https:\\\/\\\/infos-droitshumains.net\\\/?p=16863#primaryimage\"},\"image\":{\"@id\":\"https:\\\/\\\/infos-droitshumains.net\\\/?p=16863#primaryimage\"},\"thumbnailUrl\":\"https:\\\/\\\/i0.wp.com\\\/infos-droitshumains.net\\\/wp-content\\\/uploads\\\/2025\\\/11\\\/vlcsnap-2025-11-18-20h33m50s9591-1.png?fit=1920%2C1080&ssl=1\",\"datePublished\":\"2025-11-18T17:03:47+00:00\",\"dateModified\":\"2025-11-18T20:47:47+00:00\",\"breadcrumb\":{\"@id\":\"https:\\\/\\\/infos-droitshumains.net\\\/?p=16863#breadcrumb\"},\"inLanguage\":\"fr-FR\",\"potentialAction\":[{\"@type\":\"ReadAction\",\"target\":[\"https:\\\/\\\/infos-droitshumains.net\\\/?p=16863\"]}]},{\"@type\":\"ImageObject\",\"inLanguage\":\"fr-FR\",\"@id\":\"https:\\\/\\\/infos-droitshumains.net\\\/?p=16863#primaryimage\",\"url\":\"https:\\\/\\\/i0.wp.com\\\/infos-droitshumains.net\\\/wp-content\\\/uploads\\\/2025\\\/11\\\/vlcsnap-2025-11-18-20h33m50s9591-1.png?fit=1920%2C1080&ssl=1\",\"contentUrl\":\"https:\\\/\\\/i0.wp.com\\\/infos-droitshumains.net\\\/wp-content\\\/uploads\\\/2025\\\/11\\\/vlcsnap-2025-11-18-20h33m50s9591-1.png?fit=1920%2C1080&ssl=1\",\"width\":1920,\"height\":1080},{\"@type\":\"BreadcrumbList\",\"@id\":\"https:\\\/\\\/infos-droitshumains.net\\\/?p=16863#breadcrumb\",\"itemListElement\":[{\"@type\":\"ListItem\",\"position\":1,\"name\":\"Accueil\",\"item\":\"https:\\\/\\\/infos-droitshumains.net\\\/\"},{\"@type\":\"ListItem\",\"position\":2,\"name\":\"Kinshasa : Le TGI\\\/Matete soumet les v\u00e9hicules de ses magistrats au contr\u00f4le technique \u00e0 la veille du bouclage g\u00e9n\u00e9ral\"}]},{\"@type\":\"WebSite\",\"@id\":\"https:\\\/\\\/infos-droitshumains.net\\\/#website\",\"url\":\"https:\\\/\\\/infos-droitshumains.net\\\/\",\"name\":\"Infos Droits Humains\",\"description\":\"S&#039;informer est un droit\",\"publisher\":{\"@id\":\"https:\\\/\\\/infos-droitshumains.net\\\/#organization\"},\"potentialAction\":[{\"@type\":\"SearchAction\",\"target\":{\"@type\":\"EntryPoint\",\"urlTemplate\":\"https:\\\/\\\/infos-droitshumains.net\\\/?s={search_term_string}\"},\"query-input\":{\"@type\":\"PropertyValueSpecification\",\"valueRequired\":true,\"valueName\":\"search_term_string\"}}],\"inLanguage\":\"fr-FR\"},{\"@type\":\"Organization\",\"@id\":\"https:\\\/\\\/infos-droitshumains.net\\\/#organization\",\"name\":\"Infos Droits Humains\",\"url\":\"https:\\\/\\\/infos-droitshumains.net\\\/\",\"logo\":{\"@type\":\"ImageObject\",\"inLanguage\":\"fr-FR\",\"@id\":\"https:\\\/\\\/infos-droitshumains.net\\\/#\\\/schema\\\/logo\\\/image\\\/\",\"url\":\"https:\\\/\\\/i0.wp.com\\\/infos-droitshumains.net\\\/wp-content\\\/uploads\\\/2022\\\/05\\\/Logo.png?fit=333%2C129&ssl=1\",\"contentUrl\":\"https:\\\/\\\/i0.wp.com\\\/infos-droitshumains.net\\\/wp-content\\\/uploads\\\/2022\\\/05\\\/Logo.png?fit=333%2C129&ssl=1\",\"width\":333,\"height\":129,\"caption\":\"Infos Droits Humains\"},\"image\":{\"@id\":\"https:\\\/\\\/infos-droitshumains.net\\\/#\\\/schema\\\/logo\\\/image\\\/\"}},{\"@type\":\"Person\",\"@id\":\"https:\\\/\\\/infos-droitshumains.net\\\/#\\\/schema\\\/person\\\/3dc5e921c3302172e0ed4362f96faab7\",\"name\":\"Jo\u00ebl Diawa\",\"image\":{\"@type\":\"ImageObject\",\"inLanguage\":\"fr-FR\",\"@id\":\"https:\\\/\\\/secure.gravatar.com\\\/avatar\\\/729bea6ff4604c624417803c477363be8e3c7186deaa65713313f9b4b820f41c?s=96&d=mm&r=g\",\"url\":\"https:\\\/\\\/secure.gravatar.com\\\/avatar\\\/729bea6ff4604c624417803c477363be8e3c7186deaa65713313f9b4b820f41c?s=96&d=mm&r=g\",\"contentUrl\":\"https:\\\/\\\/secure.gravatar.com\\\/avatar\\\/729bea6ff4604c624417803c477363be8e3c7186deaa65713313f9b4b820f41c?s=96&d=mm&r=g\",\"caption\":\"Jo\u00ebl Diawa\"},\"sameAs\":[\"https:\\\/\\\/www.infos-droitshumains.net\"],\"url\":\"https:\\\/\\\/infos-droitshumains.net\\\/?author=2\"}]}<\/script>\n<!-- \/ Yoast SEO plugin. -->","yoast_head_json":{"title":"Kinshasa : Le TGI\/Matete soumet les v\u00e9hicules de ses magistrats au contr\u00f4le technique \u00e0 la veille du bouclage g\u00e9n\u00e9ral - Infos Droits Humains","robots":{"index":"index","follow":"follow","max-snippet":"max-snippet:-1","max-image-preview":"max-image-preview:large","max-video-preview":"max-video-preview:-1"},"canonical":"https:\/\/infos-droitshumains.net\/?p=16863","og_locale":"fr_FR","og_type":"article","og_title":"Kinshasa : Le TGI\/Matete soumet les v\u00e9hicules de ses magistrats au contr\u00f4le technique \u00e0 la veille du bouclage g\u00e9n\u00e9ral - Infos Droits Humains","og_description":"R\u00e9daction: +243 817 406 088 \u00c0 la veille du bouclage g\u00e9n\u00e9ral annonc\u00e9 pour ce mercredi...","og_url":"https:\/\/infos-droitshumains.net\/?p=16863","og_site_name":"Infos Droits Humains","article_published_time":"2025-11-18T17:03:47+00:00","article_modified_time":"2025-11-18T20:47:47+00:00","og_image":[{"width":1024,"height":576,"url":"https:\/\/infos-droitshumains.net\/wp-content\/uploads\/2025\/11\/vlcsnap-2025-11-18-20h33m50s9591-1-1024x576.png","type":"image\/png"}],"author":"Jo\u00ebl Diawa","twitter_card":"summary_large_image","twitter_misc":{"\u00c9crit par":"Jo\u00ebl Diawa","Dur\u00e9e de lecture estim\u00e9e":"3 minutes"},"schema":{"@context":"https:\/\/schema.org","@graph":[{"@type":"Article","@id":"https:\/\/infos-droitshumains.net\/?p=16863#article","isPartOf":{"@id":"https:\/\/infos-droitshumains.net\/?p=16863"},"author":{"name":"Jo\u00ebl Diawa","@id":"https:\/\/infos-droitshumains.net\/#\/schema\/person\/3dc5e921c3302172e0ed4362f96faab7"},"headline":"Kinshasa : Le TGI\/Matete soumet les v\u00e9hicules de ses magistrats au contr\u00f4le technique \u00e0 la veille du bouclage g\u00e9n\u00e9ral","datePublished":"2025-11-18T17:03:47+00:00","dateModified":"2025-11-18T20:47:47+00:00","mainEntityOfPage":{"@id":"https:\/\/infos-droitshumains.net\/?p=16863"},"wordCount":675,"commentCount":0,"publisher":{"@id":"https:\/\/infos-droitshumains.net\/#organization"},"image":{"@id":"https:\/\/infos-droitshumains.net\/?p=16863#primaryimage"},"thumbnailUrl":"https:\/\/i0.wp.com\/infos-droitshumains.net\/wp-content\/uploads\/2025\/11\/vlcsnap-2025-11-18-20h33m50s9591-1.png?fit=1920%2C1080&ssl=1","articleSection":["Justice"],"inLanguage":"fr-FR","potentialAction":[{"@type":"CommentAction","name":"Comment","target":["https:\/\/infos-droitshumains.net\/?p=16863#respond"]}]},{"@type":"WebPage","@id":"https:\/\/infos-droitshumains.net\/?p=16863","url":"https:\/\/infos-droitshumains.net\/?p=16863","name":"Kinshasa : Le TGI\/Matete soumet les v\u00e9hicules de ses magistrats au contr\u00f4le technique \u00e0 la veille du bouclage g\u00e9n\u00e9ral - Infos Droits Humains","isPartOf":{"@id":"https:\/\/infos-droitshumains.net\/#website"},"primaryImageOfPage":{"@id":"https:\/\/infos-droitshumains.net\/?p=16863#primaryimage"},"image":{"@id":"https:\/\/infos-droitshumains.net\/?p=16863#primaryimage"},"thumbnailUrl":"https:\/\/i0.wp.com\/infos-droitshumains.net\/wp-content\/uploads\/2025\/11\/vlcsnap-2025-11-18-20h33m50s9591-1.png?fit=1920%2C1080&ssl=1","datePublished":"2025-11-18T17:03:47+00:00","dateModified":"2025-11-18T20:47:47+00:00","breadcrumb":{"@id":"https:\/\/infos-droitshumains.net\/?p=16863#breadcrumb"},"inLanguage":"fr-FR","potentialAction":[{"@type":"ReadAction","target":["https:\/\/infos-droitshumains.net\/?p=16863"]}]},{"@type":"ImageObject","inLanguage":"fr-FR","@id":"https:\/\/infos-droitshumains.net\/?p=16863#primaryimage","url":"https:\/\/i0.wp.com\/infos-droitshumains.net\/wp-content\/uploads\/2025\/11\/vlcsnap-2025-11-18-20h33m50s9591-1.png?fit=1920%2C1080&ssl=1","contentUrl":"https:\/\/i0.wp.com\/infos-droitshumains.net\/wp-content\/uploads\/2025\/11\/vlcsnap-2025-11-18-20h33m50s9591-1.png?fit=1920%2C1080&ssl=1","width":1920,"height":1080},{"@type":"BreadcrumbList","@id":"https:\/\/infos-droitshumains.net\/?p=16863#breadcrumb","itemListElement":[{"@type":"ListItem","position":1,"name":"Accueil","item":"https:\/\/infos-droitshumains.net\/"},{"@type":"ListItem","position":2,"name":"Kinshasa : Le TGI\/Matete soumet les v\u00e9hicules de ses magistrats au contr\u00f4le technique \u00e0 la veille du bouclage g\u00e9n\u00e9ral"}]},{"@type":"WebSite","@id":"https:\/\/infos-droitshumains.net\/#website","url":"https:\/\/infos-droitshumains.net\/","name":"Infos Droits Humains","description":"S&#039;informer est un droit","publisher":{"@id":"https:\/\/infos-droitshumains.net\/#organization"},"potentialAction":[{"@type":"SearchAction","target":{"@type":"EntryPoint","urlTemplate":"https:\/\/infos-droitshumains.net\/?s={search_term_string}"},"query-input":{"@type":"PropertyValueSpecification","valueRequired":true,"valueName":"search_term_string"}}],"inLanguage":"fr-FR"},{"@type":"Organization","@id":"https:\/\/infos-droitshumains.net\/#organization","name":"Infos Droits Humains","url":"https:\/\/infos-droitshumains.net\/","logo":{"@type":"ImageObject","inLanguage":"fr-FR","@id":"https:\/\/infos-droitshumains.net\/#\/schema\/logo\/image\/","url":"https:\/\/i0.wp.com\/infos-droitshumains.net\/wp-content\/uploads\/2022\/05\/Logo.png?fit=333%2C129&ssl=1","contentUrl":"https:\/\/i0.wp.com\/infos-droitshumains.net\/wp-content\/uploads\/2022\/05\/Logo.png?fit=333%2C129&ssl=1","width":333,"height":129,"caption":"Infos Droits Humains"},"image":{"@id":"https:\/\/infos-droitshumains.net\/#\/schema\/logo\/image\/"}},{"@type":"Person","@id":"https:\/\/infos-droitshumains.net\/#\/schema\/person\/3dc5e921c3302172e0ed4362f96faab7","name":"Jo\u00ebl Diawa","image":{"@type":"ImageObject","inLanguage":"fr-FR","@id":"https:\/\/secure.gravatar.com\/avatar\/729bea6ff4604c624417803c477363be8e3c7186deaa65713313f9b4b820f41c?s=96&d=mm&r=g","url":"https:\/\/secure.gravatar.com\/avatar\/729bea6ff4604c624417803c477363be8e3c7186deaa65713313f9b4b820f41c?s=96&d=mm&r=g","contentUrl":"https:\/\/secure.gravatar.com\/avatar\/729bea6ff4604c624417803c477363be8e3c7186deaa65713313f9b4b820f41c?s=96&d=mm&r=g","caption":"Jo\u00ebl Diawa"},"sameAs":["https:\/\/www.infos-droitshumains.net"],"url":"https:\/\/infos-droitshumains.net\/?author=2"}]}},"featured_image_urls":{"full":["https:\/\/i0.wp.com\/infos-droitshumains.net\/wp-content\/uploads\/2025\/11\/vlcsnap-2025-11-18-20h33m50s9591-1.png?fit=1920%2C1080&ssl=1",1920,1080,false],"thumbnail":["https:\/\/i0.wp.com\/infos-droitshumains.net\/wp-content\/uploads\/2025\/11\/vlcsnap-2025-11-18-20h33m50s9591-1.png?resize=150%2C150&ssl=1",150,150,true],"medium":["https:\/\/i0.wp.com\/infos-droitshumains.net\/wp-content\/uploads\/2025\/11\/vlcsnap-2025-11-18-20h33m50s9591-1.png?fit=300%2C169&ssl=1",300,169,true],"medium_large":["https:\/\/i0.wp.com\/infos-droitshumains.net\/wp-content\/uploads\/2025\/11\/vlcsnap-2025-11-18-20h33m50s9591-1.png?fit=640%2C360&ssl=1",640,360,true],"large":["https:\/\/i0.wp.com\/infos-droitshumains.net\/wp-content\/uploads\/2025\/11\/vlcsnap-2025-11-18-20h33m50s9591-1.png?fit=640%2C360&ssl=1",640,360,true],"1536x1536":["https:\/\/i0.wp.com\/infos-droitshumains.net\/wp-content\/uploads\/2025\/11\/vlcsnap-2025-11-18-20h33m50s9591-1.png?fit=1536%2C864&ssl=1",1536,864,true],"2048x2048":["https:\/\/i0.wp.com\/infos-droitshumains.net\/wp-content\/uploads\/2025\/11\/vlcsnap-2025-11-18-20h33m50s9591-1.png?fit=1920%2C1080&ssl=1",1920,1080,true],"covernews-slider-full":["https:\/\/i0.wp.com\/infos-droitshumains.net\/wp-content\/uploads\/2025\/11\/vlcsnap-2025-11-18-20h33m50s9591-1.png?resize=1115%2C715&ssl=1",1115,715,true],"covernews-slider-center":["https:\/\/i0.wp.com\/infos-droitshumains.net\/wp-content\/uploads\/2025\/11\/vlcsnap-2025-11-18-20h33m50s9591-1.png?resize=800%2C500&ssl=1",800,500,true],"covernews-featured":["https:\/\/i0.wp.com\/infos-droitshumains.net\/wp-content\/uploads\/2025\/11\/vlcsnap-2025-11-18-20h33m50s9591-1.png?fit=1024%2C576&ssl=1",1024,576,true],"covernews-medium":["https:\/\/i0.wp.com\/infos-droitshumains.net\/wp-content\/uploads\/2025\/11\/vlcsnap-2025-11-18-20h33m50s9591-1.png?resize=540%2C340&ssl=1",540,340,true],"covernews-medium-square":["https:\/\/i0.wp.com\/infos-droitshumains.net\/wp-content\/uploads\/2025\/11\/vlcsnap-2025-11-18-20h33m50s9591-1.png?resize=400%2C250&ssl=1",400,250,true]},"author_info":{"display_name":"Jo\u00ebl Diawa","author_link":"https:\/\/infos-droitshumains.net\/?author=2"},"category_info":"<a href=\"https:\/\/infos-droitshumains.net\/?cat=6\" rel=\"category\">Justice<\/a>","tag_info":"Justice","comment_count":"0","jetpack_featured_media_url":"https:\/\/i0.wp.com\/infos-droitshumains.net\/wp-content\/uploads\/2025\/11\/vlcsnap-2025-11-18-20h33m50s9591-1.png?fit=1920%2C1080&ssl=1","jetpack-related-posts":[],"jetpack_sharing_enabled":true,"_links":{"self":[{"href":"https:\/\/infos-droitshumains.net\/index.php?rest_route=\/wp\/v2\/posts\/16863","targetHints":{"allow":["GET"]}}],"collection":[{"href":"https:\/\/infos-droitshumains.net\/index.php?rest_route=\/wp\/v2\/posts"}],"about":[{"href":"https:\/\/infos-droitshumains.net\/index.php?rest_route=\/wp\/v2\/types\/post"}],"author":[{"embeddable":true,"href":"https:\/\/infos-droitshumains.net\/index.php?rest_route=\/wp\/v2\/users\/2"}],"replies":[{"embeddable":true,"href":"https:\/\/infos-droitshumains.net\/index.php?rest_route=%2Fwp%2Fv2%2Fcomments&post=16863"}],"version-history":[{"count":4,"href":"https:\/\/infos-droitshumains.net\/index.php?rest_route=\/wp\/v2\/posts\/16863\/revisions"}],"predecessor-version":[{"id":16871,"href":"https:\/\/infos-droitshumains.net\/index.php?rest_route=\/wp\/v2\/posts\/16863\/revisions\/16871"}],"wp:featuredmedia":[{"embeddable":true,"href":"https:\/\/infos-droitshumains.net\/index.php?rest_route=\/wp\/v2\/media\/16869"}],"wp:attachment":[{"href":"https:\/\/infos-droitshumains.net\/index.php?rest_route=%2Fwp%2Fv2%2Fmedia&parent=16863"}],"wp:term":[{"taxonomy":"category","embeddable":true,"href":"https:\/\/infos-droitshumains.net\/index.php?rest_route=%2Fwp%2Fv2%2Fcategories&post=16863"},{"taxonomy":"post_tag","embeddable":true,"href":"https:\/\/infos-droitshumains.net\/index.php?rest_route=%2Fwp%2Fv2%2Ftags&post=16863"}],"curies":[{"name":"wp","href":"https:\/\/api.w.org\/{rel}","templated":true}]}}