{"id":16846,"date":"2025-11-17T11:18:00","date_gmt":"2025-11-17T10:18:00","guid":{"rendered":"https:\/\/infos-droitshumains.net\/?p=16846"},"modified":"2025-11-17T14:33:05","modified_gmt":"2025-11-17T13:33:05","slug":"barreau-de-kinshasa-matete-je-reste-dispose-a-apporter-ma-petite-pierre-a-ledification-de-notre-barreau-me-cedric-kabanangi","status":"publish","type":"post","link":"https:\/\/infos-droitshumains.net\/?p=16846","title":{"rendered":"Barreau de Kinshasa\/Matete : \u00ab Je reste pleinement engag\u00e9 \u00e0 contribuer au rayonnement de notre Barreau et au bien-\u00eatre de ses avocats. \u00bb (Me C\u00e9dric Kabanangi)"},"content":{"rendered":"\n<p><strong>R\u00e9daction: +243 817 406 088<\/strong><\/p>\n\n\n\n<h3 class=\"wp-block-heading has-vivid-red-color has-text-color has-link-color wp-elements-ecc0679ea87f5cf8d4fc033613447a36\">L\u2019Assembl\u00e9e G\u00e9n\u00e9rale ordinaire du Barreau de Kinshasa\/Matete a rendu son verdict ce dimanche 16 novembre 2025, au terme de deux journ\u00e9es marqu\u00e9es par un fort taux de participation et un climat \u00e9lectoral salu\u00e9 pour sa s\u00e9r\u00e9nit\u00e9. \u00c0 l\u2019issue de ces assises, le B\u00e2tonnier \u00c9mile Mutshembe Wembo a \u00e9t\u00e9 r\u00e9\u00e9lu pour un nouveau mandat de trois ans \u00e0 la t\u00eate de l\u2019Ordre, consolidant ainsi la confiance que lui accordent ses pairs.<\/h3>\n\n\n\n<p>Le second tour de scrutin a oppos\u00e9 le B\u00e2tonnier sortant \u00e0 Me C\u00e9dric Kabanangi Balela, figure montante du barreau et candidat ayant men\u00e9 une campagne jug\u00e9e dynamique et f\u00e9d\u00e9ratrice. Le B\u00e2tonnier Mutshembe a remport\u00e9 ce duel avec 1 093 voix, contre 881 voix obtenues par Me Kabanangi. Une comp\u00e9tition \u00e9lectorale serr\u00e9e, que le vainqueur a salu\u00e9e en soulignant la qualit\u00e9 du d\u00e9bat confraternel et l\u2019engagement des candidats.<\/p>\n\n\n\n<p>En d\u00e9mocrate convaincu, Me C\u00e9dric Kabanangi a sportivement reconnu les r\u00e9sultats comme on peut le lire sur son statut et adress\u00e9 un message de f\u00e9licitations empreint d\u2019\u00e9l\u00e9gance et de maturit\u00e9 institutionnelle \u00e0 son challenger. Il y r\u00e9affirme notamment son attachement aux valeurs de l\u2019Ordre et sa volont\u00e9 de continuer \u00e0 contribuer, au-del\u00e0 de cette \u00e9lection, au progr\u00e8s collectif :<\/p>\n\n\n\n<p><em>\u00ab Mes chaleureuses f\u00e9licitations \u00e0 Monsieur le B\u00e2tonnier Emile MUTSHEMBE WEMBO pour sa r\u00e9\u00e9lection \u00e0 la t\u00eate de notre Barreau \u00e0 l&rsquo;issue de ces \u00e9ch\u00e9ances \u00e9lectorales qui nous ont oppos\u00e9s. Tous mes v\u0153ux de succ\u00e8s pour les d\u00e9fis \u00e0 relever en faveur de notre corporation. Je reste pleinement engag\u00e9 \u00e0 contribuer au progr\u00e8s et au rayonnement de notre Barreau de Kinshasa\/Matete ainsi qu&rsquo;au bien-\u00eatre de ses avocats. \u00bb<\/em>, a-t-il \u00e9crit sur ses r\u00e9seaux sociaux.<\/p>\n\n\n\n<p>Ce message, re\u00e7u avec beaucoup d\u2019estime dans les milieux confraternels, t\u00e9moigne non seulement du fair-play de Me Kabanangi mais aussi d\u2019une vision constructive de la vie ordinale. Plusieurs avocats ont d\u2019ailleurs salu\u00e9 cette attitude, qui renforce l\u2019image d\u2019un barreau soucieux de consolidation d\u00e9mocratique, d\u2019unit\u00e9 et de responsabilit\u00e9 collective.<\/p>\n\n\n\n<p>Au lendemain de cette \u00e9lection, les attentes sont nombreuses : renforcement des m\u00e9canismes disciplinaires, protection des droits de la d\u00e9fense, am\u00e9lioration des conditions de travail des avocats, promotion de la formation continue, sans oublier les grands d\u00e9fis li\u00e9s \u00e0 la modernisation de l\u2019administration du barreau. La r\u00e9\u00e9lection du B\u00e2tonnier Mutshembe ouvre ainsi un nouveau cycle durant lequel l\u2019implication de toutes les forces vives sera essentielle.<\/p>\n\n\n\n<p>Me C\u00e9dric Kabanangi envoie un signal fort : celui d\u2019un Barreau de Kinshasa\/Matete m\u00fbr, attach\u00e9 \u00e0 la confraternit\u00e9 et r\u00e9solument tourn\u00e9 vers l\u2019avenir.<\/p>\n\n\n\n<p>Jo\u00ebl Diawa<\/p>\n","protected":false},"excerpt":{"rendered":"<p>R\u00e9daction: +243 817 406 088 L\u2019Assembl\u00e9e G\u00e9n\u00e9rale ordinaire du Barreau de Kinshasa\/Matete a rendu son&#8230;<\/p>\n","protected":false},"author":2,"featured_media":16848,"comment_status":"open","ping_status":"open","sticky":false,"template":"","format":"standard","meta":{"_jetpack_memberships_contains_paid_content":false,"footnotes":""},"categories":[6],"tags":[],"class_list":["post-16846","post","type-post","status-publish","format-standard","has-post-thumbnail","hentry","category-justice"],"yoast_head":"<!-- This site is optimized with the Yoast SEO plugin v27.5 - https:\/\/yoast.com\/product\/yoast-seo-wordpress\/ -->\n<title>Barreau de Kinshasa\/Matete : \u00ab Je reste pleinement engag\u00e9 \u00e0 contribuer au rayonnement de notre Barreau et au bien-\u00eatre de ses avocats. \u00bb (Me C\u00e9dric Kabanangi) - Infos Droits Humains<\/title>\n<meta name=\"robots\" content=\"index, follow, max-snippet:-1, max-image-preview:large, max-video-preview:-1\" \/>\n<link rel=\"canonical\" href=\"https:\/\/infos-droitshumains.net\/?p=16846\" \/>\n<meta property=\"og:locale\" content=\"fr_FR\" \/>\n<meta property=\"og:type\" content=\"article\" \/>\n<meta property=\"og:title\" content=\"Barreau de Kinshasa\/Matete : \u00ab Je reste pleinement engag\u00e9 \u00e0 contribuer au rayonnement de notre Barreau et au bien-\u00eatre de ses avocats. \u00bb (Me C\u00e9dric Kabanangi) - Infos Droits Humains\" \/>\n<meta property=\"og:description\" content=\"R\u00e9daction: +243 817 406 088 L\u2019Assembl\u00e9e G\u00e9n\u00e9rale ordinaire du Barreau de Kinshasa\/Matete a rendu son...\" \/>\n<meta property=\"og:url\" content=\"https:\/\/infos-droitshumains.net\/?p=16846\" \/>\n<meta property=\"og:site_name\" content=\"Infos Droits Humains\" \/>\n<meta property=\"article:published_time\" content=\"2025-11-17T10:18:00+00:00\" \/>\n<meta property=\"article:modified_time\" content=\"2025-11-17T13:33:05+00:00\" \/>\n<meta property=\"og:image\" content=\"https:\/\/infos-droitshumains.net\/wp-content\/uploads\/2025\/11\/IMG-20250925-WA0013.jpg\" \/>\n\t<meta property=\"og:image:width\" content=\"852\" \/>\n\t<meta property=\"og:image:height\" content=\"1035\" \/>\n\t<meta property=\"og:image:type\" content=\"image\/jpeg\" \/>\n<meta name=\"author\" content=\"Jo\u00ebl Diawa\" \/>\n<meta name=\"twitter:card\" content=\"summary_large_image\" \/>\n<meta name=\"twitter:label1\" content=\"\u00c9crit par\" \/>\n\t<meta name=\"twitter:data1\" content=\"Jo\u00ebl Diawa\" \/>\n\t<meta name=\"twitter:label2\" content=\"Dur\u00e9e de lecture estim\u00e9e\" \/>\n\t<meta name=\"twitter:data2\" content=\"3 minutes\" \/>\n<script type=\"application\/ld+json\" class=\"yoast-schema-graph\">{\"@context\":\"https:\\\/\\\/schema.org\",\"@graph\":[{\"@type\":\"Article\",\"@id\":\"https:\\\/\\\/infos-droitshumains.net\\\/?p=16846#article\",\"isPartOf\":{\"@id\":\"https:\\\/\\\/infos-droitshumains.net\\\/?p=16846\"},\"author\":{\"name\":\"Jo\u00ebl Diawa\",\"@id\":\"https:\\\/\\\/infos-droitshumains.net\\\/#\\\/schema\\\/person\\\/3dc5e921c3302172e0ed4362f96faab7\"},\"headline\":\"Barreau de Kinshasa\\\/Matete : \u00ab Je reste pleinement engag\u00e9 \u00e0 contribuer au rayonnement de notre Barreau et au bien-\u00eatre de ses avocats. \u00bb (Me C\u00e9dric Kabanangi)\",\"datePublished\":\"2025-11-17T10:18:00+00:00\",\"dateModified\":\"2025-11-17T13:33:05+00:00\",\"mainEntityOfPage\":{\"@id\":\"https:\\\/\\\/infos-droitshumains.net\\\/?p=16846\"},\"wordCount\":485,\"commentCount\":0,\"publisher\":{\"@id\":\"https:\\\/\\\/infos-droitshumains.net\\\/#organization\"},\"image\":{\"@id\":\"https:\\\/\\\/infos-droitshumains.net\\\/?p=16846#primaryimage\"},\"thumbnailUrl\":\"https:\\\/\\\/i0.wp.com\\\/infos-droitshumains.net\\\/wp-content\\\/uploads\\\/2025\\\/11\\\/IMG-20250925-WA0013.jpg?fit=852%2C1035&ssl=1\",\"articleSection\":[\"Justice\"],\"inLanguage\":\"fr-FR\",\"potentialAction\":[{\"@type\":\"CommentAction\",\"name\":\"Comment\",\"target\":[\"https:\\\/\\\/infos-droitshumains.net\\\/?p=16846#respond\"]}]},{\"@type\":\"WebPage\",\"@id\":\"https:\\\/\\\/infos-droitshumains.net\\\/?p=16846\",\"url\":\"https:\\\/\\\/infos-droitshumains.net\\\/?p=16846\",\"name\":\"Barreau de Kinshasa\\\/Matete : \u00ab Je reste pleinement engag\u00e9 \u00e0 contribuer au rayonnement de notre Barreau et au bien-\u00eatre de ses avocats. \u00bb (Me C\u00e9dric Kabanangi) - Infos Droits Humains\",\"isPartOf\":{\"@id\":\"https:\\\/\\\/infos-droitshumains.net\\\/#website\"},\"primaryImageOfPage\":{\"@id\":\"https:\\\/\\\/infos-droitshumains.net\\\/?p=16846#primaryimage\"},\"image\":{\"@id\":\"https:\\\/\\\/infos-droitshumains.net\\\/?p=16846#primaryimage\"},\"thumbnailUrl\":\"https:\\\/\\\/i0.wp.com\\\/infos-droitshumains.net\\\/wp-content\\\/uploads\\\/2025\\\/11\\\/IMG-20250925-WA0013.jpg?fit=852%2C1035&ssl=1\",\"datePublished\":\"2025-11-17T10:18:00+00:00\",\"dateModified\":\"2025-11-17T13:33:05+00:00\",\"breadcrumb\":{\"@id\":\"https:\\\/\\\/infos-droitshumains.net\\\/?p=16846#breadcrumb\"},\"inLanguage\":\"fr-FR\",\"potentialAction\":[{\"@type\":\"ReadAction\",\"target\":[\"https:\\\/\\\/infos-droitshumains.net\\\/?p=16846\"]}]},{\"@type\":\"ImageObject\",\"inLanguage\":\"fr-FR\",\"@id\":\"https:\\\/\\\/infos-droitshumains.net\\\/?p=16846#primaryimage\",\"url\":\"https:\\\/\\\/i0.wp.com\\\/infos-droitshumains.net\\\/wp-content\\\/uploads\\\/2025\\\/11\\\/IMG-20250925-WA0013.jpg?fit=852%2C1035&ssl=1\",\"contentUrl\":\"https:\\\/\\\/i0.wp.com\\\/infos-droitshumains.net\\\/wp-content\\\/uploads\\\/2025\\\/11\\\/IMG-20250925-WA0013.jpg?fit=852%2C1035&ssl=1\",\"width\":852,\"height\":1035},{\"@type\":\"BreadcrumbList\",\"@id\":\"https:\\\/\\\/infos-droitshumains.net\\\/?p=16846#breadcrumb\",\"itemListElement\":[{\"@type\":\"ListItem\",\"position\":1,\"name\":\"Accueil\",\"item\":\"https:\\\/\\\/infos-droitshumains.net\\\/\"},{\"@type\":\"ListItem\",\"position\":2,\"name\":\"Barreau de Kinshasa\\\/Matete : \u00ab Je reste pleinement engag\u00e9 \u00e0 contribuer au rayonnement de notre Barreau et au bien-\u00eatre de ses avocats. \u00bb (Me C\u00e9dric Kabanangi)\"}]},{\"@type\":\"WebSite\",\"@id\":\"https:\\\/\\\/infos-droitshumains.net\\\/#website\",\"url\":\"https:\\\/\\\/infos-droitshumains.net\\\/\",\"name\":\"Infos Droits Humains\",\"description\":\"S&#039;informer est un droit\",\"publisher\":{\"@id\":\"https:\\\/\\\/infos-droitshumains.net\\\/#organization\"},\"potentialAction\":[{\"@type\":\"SearchAction\",\"target\":{\"@type\":\"EntryPoint\",\"urlTemplate\":\"https:\\\/\\\/infos-droitshumains.net\\\/?s={search_term_string}\"},\"query-input\":{\"@type\":\"PropertyValueSpecification\",\"valueRequired\":true,\"valueName\":\"search_term_string\"}}],\"inLanguage\":\"fr-FR\"},{\"@type\":\"Organization\",\"@id\":\"https:\\\/\\\/infos-droitshumains.net\\\/#organization\",\"name\":\"Infos Droits Humains\",\"url\":\"https:\\\/\\\/infos-droitshumains.net\\\/\",\"logo\":{\"@type\":\"ImageObject\",\"inLanguage\":\"fr-FR\",\"@id\":\"https:\\\/\\\/infos-droitshumains.net\\\/#\\\/schema\\\/logo\\\/image\\\/\",\"url\":\"https:\\\/\\\/i0.wp.com\\\/infos-droitshumains.net\\\/wp-content\\\/uploads\\\/2022\\\/05\\\/Logo.png?fit=333%2C129&ssl=1\",\"contentUrl\":\"https:\\\/\\\/i0.wp.com\\\/infos-droitshumains.net\\\/wp-content\\\/uploads\\\/2022\\\/05\\\/Logo.png?fit=333%2C129&ssl=1\",\"width\":333,\"height\":129,\"caption\":\"Infos Droits Humains\"},\"image\":{\"@id\":\"https:\\\/\\\/infos-droitshumains.net\\\/#\\\/schema\\\/logo\\\/image\\\/\"}},{\"@type\":\"Person\",\"@id\":\"https:\\\/\\\/infos-droitshumains.net\\\/#\\\/schema\\\/person\\\/3dc5e921c3302172e0ed4362f96faab7\",\"name\":\"Jo\u00ebl Diawa\",\"image\":{\"@type\":\"ImageObject\",\"inLanguage\":\"fr-FR\",\"@id\":\"https:\\\/\\\/secure.gravatar.com\\\/avatar\\\/729bea6ff4604c624417803c477363be8e3c7186deaa65713313f9b4b820f41c?s=96&d=mm&r=g\",\"url\":\"https:\\\/\\\/secure.gravatar.com\\\/avatar\\\/729bea6ff4604c624417803c477363be8e3c7186deaa65713313f9b4b820f41c?s=96&d=mm&r=g\",\"contentUrl\":\"https:\\\/\\\/secure.gravatar.com\\\/avatar\\\/729bea6ff4604c624417803c477363be8e3c7186deaa65713313f9b4b820f41c?s=96&d=mm&r=g\",\"caption\":\"Jo\u00ebl Diawa\"},\"sameAs\":[\"https:\\\/\\\/www.infos-droitshumains.net\"],\"url\":\"https:\\\/\\\/infos-droitshumains.net\\\/?author=2\"}]}<\/script>\n<!-- \/ Yoast SEO plugin. -->","yoast_head_json":{"title":"Barreau de Kinshasa\/Matete : \u00ab Je reste pleinement engag\u00e9 \u00e0 contribuer au rayonnement de notre Barreau et au bien-\u00eatre de ses avocats. \u00bb (Me C\u00e9dric Kabanangi) - Infos Droits Humains","robots":{"index":"index","follow":"follow","max-snippet":"max-snippet:-1","max-image-preview":"max-image-preview:large","max-video-preview":"max-video-preview:-1"},"canonical":"https:\/\/infos-droitshumains.net\/?p=16846","og_locale":"fr_FR","og_type":"article","og_title":"Barreau de Kinshasa\/Matete : \u00ab Je reste pleinement engag\u00e9 \u00e0 contribuer au rayonnement de notre Barreau et au bien-\u00eatre de ses avocats. \u00bb (Me C\u00e9dric Kabanangi) - Infos Droits Humains","og_description":"R\u00e9daction: +243 817 406 088 L\u2019Assembl\u00e9e G\u00e9n\u00e9rale ordinaire du Barreau de Kinshasa\/Matete a rendu son...","og_url":"https:\/\/infos-droitshumains.net\/?p=16846","og_site_name":"Infos Droits Humains","article_published_time":"2025-11-17T10:18:00+00:00","article_modified_time":"2025-11-17T13:33:05+00:00","og_image":[{"width":852,"height":1035,"url":"https:\/\/infos-droitshumains.net\/wp-content\/uploads\/2025\/11\/IMG-20250925-WA0013.jpg","type":"image\/jpeg"}],"author":"Jo\u00ebl Diawa","twitter_card":"summary_large_image","twitter_misc":{"\u00c9crit par":"Jo\u00ebl Diawa","Dur\u00e9e de lecture estim\u00e9e":"3 minutes"},"schema":{"@context":"https:\/\/schema.org","@graph":[{"@type":"Article","@id":"https:\/\/infos-droitshumains.net\/?p=16846#article","isPartOf":{"@id":"https:\/\/infos-droitshumains.net\/?p=16846"},"author":{"name":"Jo\u00ebl Diawa","@id":"https:\/\/infos-droitshumains.net\/#\/schema\/person\/3dc5e921c3302172e0ed4362f96faab7"},"headline":"Barreau de Kinshasa\/Matete : \u00ab Je reste pleinement engag\u00e9 \u00e0 contribuer au rayonnement de notre Barreau et au bien-\u00eatre de ses avocats. \u00bb (Me C\u00e9dric Kabanangi)","datePublished":"2025-11-17T10:18:00+00:00","dateModified":"2025-11-17T13:33:05+00:00","mainEntityOfPage":{"@id":"https:\/\/infos-droitshumains.net\/?p=16846"},"wordCount":485,"commentCount":0,"publisher":{"@id":"https:\/\/infos-droitshumains.net\/#organization"},"image":{"@id":"https:\/\/infos-droitshumains.net\/?p=16846#primaryimage"},"thumbnailUrl":"https:\/\/i0.wp.com\/infos-droitshumains.net\/wp-content\/uploads\/2025\/11\/IMG-20250925-WA0013.jpg?fit=852%2C1035&ssl=1","articleSection":["Justice"],"inLanguage":"fr-FR","potentialAction":[{"@type":"CommentAction","name":"Comment","target":["https:\/\/infos-droitshumains.net\/?p=16846#respond"]}]},{"@type":"WebPage","@id":"https:\/\/infos-droitshumains.net\/?p=16846","url":"https:\/\/infos-droitshumains.net\/?p=16846","name":"Barreau de Kinshasa\/Matete : \u00ab Je reste pleinement engag\u00e9 \u00e0 contribuer au rayonnement de notre Barreau et au bien-\u00eatre de ses avocats. \u00bb (Me C\u00e9dric Kabanangi) - Infos Droits Humains","isPartOf":{"@id":"https:\/\/infos-droitshumains.net\/#website"},"primaryImageOfPage":{"@id":"https:\/\/infos-droitshumains.net\/?p=16846#primaryimage"},"image":{"@id":"https:\/\/infos-droitshumains.net\/?p=16846#primaryimage"},"thumbnailUrl":"https:\/\/i0.wp.com\/infos-droitshumains.net\/wp-content\/uploads\/2025\/11\/IMG-20250925-WA0013.jpg?fit=852%2C1035&ssl=1","datePublished":"2025-11-17T10:18:00+00:00","dateModified":"2025-11-17T13:33:05+00:00","breadcrumb":{"@id":"https:\/\/infos-droitshumains.net\/?p=16846#breadcrumb"},"inLanguage":"fr-FR","potentialAction":[{"@type":"ReadAction","target":["https:\/\/infos-droitshumains.net\/?p=16846"]}]},{"@type":"ImageObject","inLanguage":"fr-FR","@id":"https:\/\/infos-droitshumains.net\/?p=16846#primaryimage","url":"https:\/\/i0.wp.com\/infos-droitshumains.net\/wp-content\/uploads\/2025\/11\/IMG-20250925-WA0013.jpg?fit=852%2C1035&ssl=1","contentUrl":"https:\/\/i0.wp.com\/infos-droitshumains.net\/wp-content\/uploads\/2025\/11\/IMG-20250925-WA0013.jpg?fit=852%2C1035&ssl=1","width":852,"height":1035},{"@type":"BreadcrumbList","@id":"https:\/\/infos-droitshumains.net\/?p=16846#breadcrumb","itemListElement":[{"@type":"ListItem","position":1,"name":"Accueil","item":"https:\/\/infos-droitshumains.net\/"},{"@type":"ListItem","position":2,"name":"Barreau de Kinshasa\/Matete : \u00ab Je reste pleinement engag\u00e9 \u00e0 contribuer au rayonnement de notre Barreau et au bien-\u00eatre de ses avocats. \u00bb (Me C\u00e9dric Kabanangi)"}]},{"@type":"WebSite","@id":"https:\/\/infos-droitshumains.net\/#website","url":"https:\/\/infos-droitshumains.net\/","name":"Infos Droits Humains","description":"S&#039;informer est un droit","publisher":{"@id":"https:\/\/infos-droitshumains.net\/#organization"},"potentialAction":[{"@type":"SearchAction","target":{"@type":"EntryPoint","urlTemplate":"https:\/\/infos-droitshumains.net\/?s={search_term_string}"},"query-input":{"@type":"PropertyValueSpecification","valueRequired":true,"valueName":"search_term_string"}}],"inLanguage":"fr-FR"},{"@type":"Organization","@id":"https:\/\/infos-droitshumains.net\/#organization","name":"Infos Droits Humains","url":"https:\/\/infos-droitshumains.net\/","logo":{"@type":"ImageObject","inLanguage":"fr-FR","@id":"https:\/\/infos-droitshumains.net\/#\/schema\/logo\/image\/","url":"https:\/\/i0.wp.com\/infos-droitshumains.net\/wp-content\/uploads\/2022\/05\/Logo.png?fit=333%2C129&ssl=1","contentUrl":"https:\/\/i0.wp.com\/infos-droitshumains.net\/wp-content\/uploads\/2022\/05\/Logo.png?fit=333%2C129&ssl=1","width":333,"height":129,"caption":"Infos Droits Humains"},"image":{"@id":"https:\/\/infos-droitshumains.net\/#\/schema\/logo\/image\/"}},{"@type":"Person","@id":"https:\/\/infos-droitshumains.net\/#\/schema\/person\/3dc5e921c3302172e0ed4362f96faab7","name":"Jo\u00ebl Diawa","image":{"@type":"ImageObject","inLanguage":"fr-FR","@id":"https:\/\/secure.gravatar.com\/avatar\/729bea6ff4604c624417803c477363be8e3c7186deaa65713313f9b4b820f41c?s=96&d=mm&r=g","url":"https:\/\/secure.gravatar.com\/avatar\/729bea6ff4604c624417803c477363be8e3c7186deaa65713313f9b4b820f41c?s=96&d=mm&r=g","contentUrl":"https:\/\/secure.gravatar.com\/avatar\/729bea6ff4604c624417803c477363be8e3c7186deaa65713313f9b4b820f41c?s=96&d=mm&r=g","caption":"Jo\u00ebl Diawa"},"sameAs":["https:\/\/www.infos-droitshumains.net"],"url":"https:\/\/infos-droitshumains.net\/?author=2"}]}},"featured_image_urls":{"full":["https:\/\/i0.wp.com\/infos-droitshumains.net\/wp-content\/uploads\/2025\/11\/IMG-20250925-WA0013.jpg?fit=852%2C1035&ssl=1",852,1035,false],"thumbnail":["https:\/\/i0.wp.com\/infos-droitshumains.net\/wp-content\/uploads\/2025\/11\/IMG-20250925-WA0013.jpg?resize=150%2C150&ssl=1",150,150,true],"medium":["https:\/\/i0.wp.com\/infos-droitshumains.net\/wp-content\/uploads\/2025\/11\/IMG-20250925-WA0013.jpg?fit=247%2C300&ssl=1",247,300,true],"medium_large":["https:\/\/i0.wp.com\/infos-droitshumains.net\/wp-content\/uploads\/2025\/11\/IMG-20250925-WA0013.jpg?fit=640%2C778&ssl=1",640,778,true],"large":["https:\/\/i0.wp.com\/infos-droitshumains.net\/wp-content\/uploads\/2025\/11\/IMG-20250925-WA0013.jpg?fit=640%2C777&ssl=1",640,777,true],"1536x1536":["https:\/\/i0.wp.com\/infos-droitshumains.net\/wp-content\/uploads\/2025\/11\/IMG-20250925-WA0013.jpg?fit=852%2C1035&ssl=1",852,1035,true],"2048x2048":["https:\/\/i0.wp.com\/infos-droitshumains.net\/wp-content\/uploads\/2025\/11\/IMG-20250925-WA0013.jpg?fit=852%2C1035&ssl=1",852,1035,true],"covernews-slider-full":["https:\/\/i0.wp.com\/infos-droitshumains.net\/wp-content\/uploads\/2025\/11\/IMG-20250925-WA0013.jpg?resize=852%2C715&ssl=1",852,715,true],"covernews-slider-center":["https:\/\/i0.wp.com\/infos-droitshumains.net\/wp-content\/uploads\/2025\/11\/IMG-20250925-WA0013.jpg?resize=800%2C500&ssl=1",800,500,true],"covernews-featured":["https:\/\/i0.wp.com\/infos-droitshumains.net\/wp-content\/uploads\/2025\/11\/IMG-20250925-WA0013.jpg?fit=852%2C1035&ssl=1",852,1035,true],"covernews-medium":["https:\/\/i0.wp.com\/infos-droitshumains.net\/wp-content\/uploads\/2025\/11\/IMG-20250925-WA0013.jpg?resize=540%2C340&ssl=1",540,340,true],"covernews-medium-square":["https:\/\/i0.wp.com\/infos-droitshumains.net\/wp-content\/uploads\/2025\/11\/IMG-20250925-WA0013.jpg?resize=400%2C250&ssl=1",400,250,true]},"author_info":{"display_name":"Jo\u00ebl Diawa","author_link":"https:\/\/infos-droitshumains.net\/?author=2"},"category_info":"<a href=\"https:\/\/infos-droitshumains.net\/?cat=6\" rel=\"category\">Justice<\/a>","tag_info":"Justice","comment_count":"0","jetpack_featured_media_url":"https:\/\/i0.wp.com\/infos-droitshumains.net\/wp-content\/uploads\/2025\/11\/IMG-20250925-WA0013.jpg?fit=852%2C1035&ssl=1","jetpack-related-posts":[],"jetpack_sharing_enabled":true,"_links":{"self":[{"href":"https:\/\/infos-droitshumains.net\/index.php?rest_route=\/wp\/v2\/posts\/16846","targetHints":{"allow":["GET"]}}],"collection":[{"href":"https:\/\/infos-droitshumains.net\/index.php?rest_route=\/wp\/v2\/posts"}],"about":[{"href":"https:\/\/infos-droitshumains.net\/index.php?rest_route=\/wp\/v2\/types\/post"}],"author":[{"embeddable":true,"href":"https:\/\/infos-droitshumains.net\/index.php?rest_route=\/wp\/v2\/users\/2"}],"replies":[{"embeddable":true,"href":"https:\/\/infos-droitshumains.net\/index.php?rest_route=%2Fwp%2Fv2%2Fcomments&post=16846"}],"version-history":[{"count":10,"href":"https:\/\/infos-droitshumains.net\/index.php?rest_route=\/wp\/v2\/posts\/16846\/revisions"}],"predecessor-version":[{"id":16862,"href":"https:\/\/infos-droitshumains.net\/index.php?rest_route=\/wp\/v2\/posts\/16846\/revisions\/16862"}],"wp:featuredmedia":[{"embeddable":true,"href":"https:\/\/infos-droitshumains.net\/index.php?rest_route=\/wp\/v2\/media\/16848"}],"wp:attachment":[{"href":"https:\/\/infos-droitshumains.net\/index.php?rest_route=%2Fwp%2Fv2%2Fmedia&parent=16846"}],"wp:term":[{"taxonomy":"category","embeddable":true,"href":"https:\/\/infos-droitshumains.net\/index.php?rest_route=%2Fwp%2Fv2%2Fcategories&post=16846"},{"taxonomy":"post_tag","embeddable":true,"href":"https:\/\/infos-droitshumains.net\/index.php?rest_route=%2Fwp%2Fv2%2Ftags&post=16846"}],"curies":[{"name":"wp","href":"https:\/\/api.w.org\/{rel}","templated":true}]}}