{"id":16842,"date":"2025-11-17T00:36:18","date_gmt":"2025-11-16T23:36:18","guid":{"rendered":"https:\/\/infos-droitshumains.net\/?p=16842"},"modified":"2025-11-17T00:57:01","modified_gmt":"2025-11-16T23:57:01","slug":"barreau-de-kinshasa-matete-le-batonnier-emile-mutshembe-wembo-reelu-pour-un-second-mandat","status":"publish","type":"post","link":"https:\/\/infos-droitshumains.net\/?p=16842","title":{"rendered":"Barreau de Kinshasa\/Matete : le B\u00e2tonnier \u00c9mile Mutshembe Wembo r\u00e9\u00e9lu pour un second mandat"},"content":{"rendered":"\n<p><strong>R\u00e9daction: +243 817 406 088<\/strong><\/p>\n\n\n\n<h3 class=\"wp-block-heading has-vivid-red-color has-text-color has-link-color wp-elements-b3cb1921b2b98f6bcbf7f651a3b5cac0\">La fum\u00e9e blanche s\u2019est enfin \u00e9lev\u00e9e au-dessus de la maison du Barreau de Kinshasa\/Matete. \u00c0 l\u2019issue d\u2019une Assembl\u00e9e g\u00e9n\u00e9rale marqu\u00e9e par un suspense intense, les avocats ont reconduit, ce dimanche 16 novembre 2025, le B\u00e2tonnier sortant, Me \u00c9mile Mutshembe Wembo, pour un deuxi\u00e8me mandat du Conseil de l\u2019Ordre.<\/h3>\n\n\n\n<p>Sur les 2013 suffrages exprim\u00e9s, Me Mutshembe Wembo a obtenu 1 093 voix, devan\u00e7ant ainsi son challenger, Me C\u00e9dric Kabanangi Balela, cr\u00e9dit\u00e9 de 881 voix, tandis que 39 bulletins ont \u00e9t\u00e9 d\u00e9clar\u00e9s nuls.<\/p>\n\n\n\n<p><strong>Un second mandat plac\u00e9 sous le signe de la continuit\u00e9<\/strong><\/p>\n\n\n\n<p>D\u00e9termin\u00e9 \u00e0 achever les chantiers entam\u00e9s lors de son premier mandat, le B\u00e2tonnier r\u00e9\u00e9lu a r\u00e9affirm\u00e9 sa volont\u00e9 de poursuivre les r\u00e9formes initi\u00e9es :<\/p>\n\n\n\n<p><em>\u00ab \u00c7a n\u2019a pas \u00e9t\u00e9 facile pour un Barreau comme celui de Kinshasa\/Matete o\u00f9 les sollicitations sont nombreuses. Par la gr\u00e2ce de Dieu, nous y sommes arriv\u00e9s ; nous ne pouvons rien faire sans lui. Il a trac\u00e9 un chemin que nous suivons. Apr\u00e8s un premier mandat, je connais les attentes des avocats. J\u2019ai \u00e9labor\u00e9 un projet, dont certains points ont d\u00e9j\u00e0 \u00e9t\u00e9 ex\u00e9cut\u00e9s. Je vais poursuivre ce projet afin de le parachever \u00bb,<\/em> a confi\u00e9 Me Mutshembe lors d\u2019une interview exclusive accord\u00e9e au Journal T\u00e9l\u00e9vis\u00e9 des Droits Humains.<\/p>\n\n\n\n<p><strong>Un hommage \u00e0 la d\u00e9mocratie interne<\/strong><\/p>\n\n\n\n<p>Le B\u00e2tonnier Mutshembe a \u00e9galement salu\u00e9 la qualit\u00e9 de la comp\u00e9tition \u00e9lectorale et l\u2019esprit d\u00e9mocratique incarn\u00e9 par son adversaire, Me. C\u00e9dric Kabanagi :<\/p>\n\n\n\n<p><em>\u00ab Je le remercie, car sans lui, la d\u00e9mocratie n\u2019aurait pas tout son sens dans notre Barreau. Je lui souhaite de revenir plus tard pour tenter \u00e0 nouveau sa chance. C\u2019est un ami, un confr\u00e8re, et il le restera. \u00bb<\/em><\/p>\n\n\n\n<p><strong>Une Assembl\u00e9e g\u00e9n\u00e9rale sous tension, mais conclue dans un esprit confraternel<\/strong><\/p>\n\n\n\n<p>Initialement pr\u00e9vue le 25 octobre, l\u2019Assembl\u00e9e g\u00e9n\u00e9rale ordinaire avait \u00e9t\u00e9 renvoy\u00e9e au 15 novembre pour permettre au Conseil de l\u2019Ordre de r\u00e9gler la d\u00e9licate question des procurations sp\u00e9ciales. Les travaux ont d\u00e9marr\u00e9 le samedi 15 novembre \u00e0 8h et ne se sont achev\u00e9s que le dimanche 16 novembre \u00e0 18h, un record dans l\u2019histoire du Barreau.<\/p>\n\n\n\n<p>Cette dur\u00e9e exceptionnelle s\u2019explique \u00e0 la fois par le fait que le Barreau de Kinshasa\/Matete est le plus grand d\u2019Afrique centrale en nombre d\u2019avocats inscrits au tableau, et par la volont\u00e9 du Conseil de l\u2019Ordre de garantir la transparence et la cr\u00e9dibilit\u00e9 du processus \u00e9lectoral.<\/p>\n\n\n\n<p>Jo\u00ebl Diawa<\/p>\n","protected":false},"excerpt":{"rendered":"<p>R\u00e9daction: +243 817 406 088 La fum\u00e9e blanche s\u2019est enfin \u00e9lev\u00e9e au-dessus de la maison&#8230;<\/p>\n","protected":false},"author":2,"featured_media":16845,"comment_status":"open","ping_status":"open","sticky":false,"template":"","format":"standard","meta":{"_jetpack_memberships_contains_paid_content":false,"footnotes":""},"categories":[6],"tags":[],"class_list":["post-16842","post","type-post","status-publish","format-standard","has-post-thumbnail","hentry","category-justice"],"yoast_head":"<!-- This site is optimized with the Yoast SEO plugin v27.5 - https:\/\/yoast.com\/product\/yoast-seo-wordpress\/ -->\n<title>Barreau de Kinshasa\/Matete : le B\u00e2tonnier \u00c9mile Mutshembe Wembo r\u00e9\u00e9lu pour un second mandat - Infos Droits Humains<\/title>\n<meta name=\"robots\" content=\"index, follow, max-snippet:-1, max-image-preview:large, max-video-preview:-1\" \/>\n<link rel=\"canonical\" href=\"https:\/\/infos-droitshumains.net\/?p=16842\" \/>\n<meta property=\"og:locale\" content=\"fr_FR\" \/>\n<meta property=\"og:type\" content=\"article\" \/>\n<meta property=\"og:title\" content=\"Barreau de Kinshasa\/Matete : le B\u00e2tonnier \u00c9mile Mutshembe Wembo r\u00e9\u00e9lu pour un second mandat - Infos Droits Humains\" \/>\n<meta property=\"og:description\" content=\"R\u00e9daction: +243 817 406 088 La fum\u00e9e blanche s\u2019est enfin \u00e9lev\u00e9e au-dessus de la maison...\" \/>\n<meta property=\"og:url\" content=\"https:\/\/infos-droitshumains.net\/?p=16842\" \/>\n<meta property=\"og:site_name\" content=\"Infos Droits Humains\" \/>\n<meta property=\"article:published_time\" content=\"2025-11-16T23:36:18+00:00\" \/>\n<meta property=\"article:modified_time\" content=\"2025-11-16T23:57:01+00:00\" \/>\n<meta property=\"og:image\" content=\"https:\/\/infos-droitshumains.net\/wp-content\/uploads\/2025\/11\/20251117_005259.jpg\" \/>\n\t<meta property=\"og:image:width\" content=\"1080\" \/>\n\t<meta property=\"og:image:height\" content=\"580\" \/>\n\t<meta property=\"og:image:type\" content=\"image\/jpeg\" \/>\n<meta name=\"author\" content=\"Jo\u00ebl Diawa\" \/>\n<meta name=\"twitter:card\" content=\"summary_large_image\" \/>\n<meta name=\"twitter:label1\" content=\"\u00c9crit par\" \/>\n\t<meta name=\"twitter:data1\" content=\"Jo\u00ebl Diawa\" \/>\n\t<meta name=\"twitter:label2\" content=\"Dur\u00e9e de lecture estim\u00e9e\" \/>\n\t<meta name=\"twitter:data2\" content=\"3 minutes\" \/>\n<script type=\"application\/ld+json\" class=\"yoast-schema-graph\">{\"@context\":\"https:\\\/\\\/schema.org\",\"@graph\":[{\"@type\":\"Article\",\"@id\":\"https:\\\/\\\/infos-droitshumains.net\\\/?p=16842#article\",\"isPartOf\":{\"@id\":\"https:\\\/\\\/infos-droitshumains.net\\\/?p=16842\"},\"author\":{\"name\":\"Jo\u00ebl Diawa\",\"@id\":\"https:\\\/\\\/infos-droitshumains.net\\\/#\\\/schema\\\/person\\\/3dc5e921c3302172e0ed4362f96faab7\"},\"headline\":\"Barreau de Kinshasa\\\/Matete : le B\u00e2tonnier \u00c9mile Mutshembe Wembo r\u00e9\u00e9lu pour un second mandat\",\"datePublished\":\"2025-11-16T23:36:18+00:00\",\"dateModified\":\"2025-11-16T23:57:01+00:00\",\"mainEntityOfPage\":{\"@id\":\"https:\\\/\\\/infos-droitshumains.net\\\/?p=16842\"},\"wordCount\":453,\"commentCount\":0,\"publisher\":{\"@id\":\"https:\\\/\\\/infos-droitshumains.net\\\/#organization\"},\"image\":{\"@id\":\"https:\\\/\\\/infos-droitshumains.net\\\/?p=16842#primaryimage\"},\"thumbnailUrl\":\"https:\\\/\\\/i0.wp.com\\\/infos-droitshumains.net\\\/wp-content\\\/uploads\\\/2025\\\/11\\\/20251117_005259.jpg?fit=1080%2C580&ssl=1\",\"articleSection\":[\"Justice\"],\"inLanguage\":\"fr-FR\",\"potentialAction\":[{\"@type\":\"CommentAction\",\"name\":\"Comment\",\"target\":[\"https:\\\/\\\/infos-droitshumains.net\\\/?p=16842#respond\"]}]},{\"@type\":\"WebPage\",\"@id\":\"https:\\\/\\\/infos-droitshumains.net\\\/?p=16842\",\"url\":\"https:\\\/\\\/infos-droitshumains.net\\\/?p=16842\",\"name\":\"Barreau de Kinshasa\\\/Matete : le B\u00e2tonnier \u00c9mile Mutshembe Wembo r\u00e9\u00e9lu pour un second mandat - Infos Droits Humains\",\"isPartOf\":{\"@id\":\"https:\\\/\\\/infos-droitshumains.net\\\/#website\"},\"primaryImageOfPage\":{\"@id\":\"https:\\\/\\\/infos-droitshumains.net\\\/?p=16842#primaryimage\"},\"image\":{\"@id\":\"https:\\\/\\\/infos-droitshumains.net\\\/?p=16842#primaryimage\"},\"thumbnailUrl\":\"https:\\\/\\\/i0.wp.com\\\/infos-droitshumains.net\\\/wp-content\\\/uploads\\\/2025\\\/11\\\/20251117_005259.jpg?fit=1080%2C580&ssl=1\",\"datePublished\":\"2025-11-16T23:36:18+00:00\",\"dateModified\":\"2025-11-16T23:57:01+00:00\",\"breadcrumb\":{\"@id\":\"https:\\\/\\\/infos-droitshumains.net\\\/?p=16842#breadcrumb\"},\"inLanguage\":\"fr-FR\",\"potentialAction\":[{\"@type\":\"ReadAction\",\"target\":[\"https:\\\/\\\/infos-droitshumains.net\\\/?p=16842\"]}]},{\"@type\":\"ImageObject\",\"inLanguage\":\"fr-FR\",\"@id\":\"https:\\\/\\\/infos-droitshumains.net\\\/?p=16842#primaryimage\",\"url\":\"https:\\\/\\\/i0.wp.com\\\/infos-droitshumains.net\\\/wp-content\\\/uploads\\\/2025\\\/11\\\/20251117_005259.jpg?fit=1080%2C580&ssl=1\",\"contentUrl\":\"https:\\\/\\\/i0.wp.com\\\/infos-droitshumains.net\\\/wp-content\\\/uploads\\\/2025\\\/11\\\/20251117_005259.jpg?fit=1080%2C580&ssl=1\",\"width\":1080,\"height\":580},{\"@type\":\"BreadcrumbList\",\"@id\":\"https:\\\/\\\/infos-droitshumains.net\\\/?p=16842#breadcrumb\",\"itemListElement\":[{\"@type\":\"ListItem\",\"position\":1,\"name\":\"Accueil\",\"item\":\"https:\\\/\\\/infos-droitshumains.net\\\/\"},{\"@type\":\"ListItem\",\"position\":2,\"name\":\"Barreau de Kinshasa\\\/Matete : le B\u00e2tonnier \u00c9mile Mutshembe Wembo r\u00e9\u00e9lu pour un second mandat\"}]},{\"@type\":\"WebSite\",\"@id\":\"https:\\\/\\\/infos-droitshumains.net\\\/#website\",\"url\":\"https:\\\/\\\/infos-droitshumains.net\\\/\",\"name\":\"Infos Droits Humains\",\"description\":\"S&#039;informer est un droit\",\"publisher\":{\"@id\":\"https:\\\/\\\/infos-droitshumains.net\\\/#organization\"},\"potentialAction\":[{\"@type\":\"SearchAction\",\"target\":{\"@type\":\"EntryPoint\",\"urlTemplate\":\"https:\\\/\\\/infos-droitshumains.net\\\/?s={search_term_string}\"},\"query-input\":{\"@type\":\"PropertyValueSpecification\",\"valueRequired\":true,\"valueName\":\"search_term_string\"}}],\"inLanguage\":\"fr-FR\"},{\"@type\":\"Organization\",\"@id\":\"https:\\\/\\\/infos-droitshumains.net\\\/#organization\",\"name\":\"Infos Droits Humains\",\"url\":\"https:\\\/\\\/infos-droitshumains.net\\\/\",\"logo\":{\"@type\":\"ImageObject\",\"inLanguage\":\"fr-FR\",\"@id\":\"https:\\\/\\\/infos-droitshumains.net\\\/#\\\/schema\\\/logo\\\/image\\\/\",\"url\":\"https:\\\/\\\/i0.wp.com\\\/infos-droitshumains.net\\\/wp-content\\\/uploads\\\/2022\\\/05\\\/Logo.png?fit=333%2C129&ssl=1\",\"contentUrl\":\"https:\\\/\\\/i0.wp.com\\\/infos-droitshumains.net\\\/wp-content\\\/uploads\\\/2022\\\/05\\\/Logo.png?fit=333%2C129&ssl=1\",\"width\":333,\"height\":129,\"caption\":\"Infos Droits Humains\"},\"image\":{\"@id\":\"https:\\\/\\\/infos-droitshumains.net\\\/#\\\/schema\\\/logo\\\/image\\\/\"}},{\"@type\":\"Person\",\"@id\":\"https:\\\/\\\/infos-droitshumains.net\\\/#\\\/schema\\\/person\\\/3dc5e921c3302172e0ed4362f96faab7\",\"name\":\"Jo\u00ebl Diawa\",\"image\":{\"@type\":\"ImageObject\",\"inLanguage\":\"fr-FR\",\"@id\":\"https:\\\/\\\/secure.gravatar.com\\\/avatar\\\/729bea6ff4604c624417803c477363be8e3c7186deaa65713313f9b4b820f41c?s=96&d=mm&r=g\",\"url\":\"https:\\\/\\\/secure.gravatar.com\\\/avatar\\\/729bea6ff4604c624417803c477363be8e3c7186deaa65713313f9b4b820f41c?s=96&d=mm&r=g\",\"contentUrl\":\"https:\\\/\\\/secure.gravatar.com\\\/avatar\\\/729bea6ff4604c624417803c477363be8e3c7186deaa65713313f9b4b820f41c?s=96&d=mm&r=g\",\"caption\":\"Jo\u00ebl Diawa\"},\"sameAs\":[\"https:\\\/\\\/www.infos-droitshumains.net\"],\"url\":\"https:\\\/\\\/infos-droitshumains.net\\\/?author=2\"}]}<\/script>\n<!-- \/ Yoast SEO plugin. -->","yoast_head_json":{"title":"Barreau de Kinshasa\/Matete : le B\u00e2tonnier \u00c9mile Mutshembe Wembo r\u00e9\u00e9lu pour un second mandat - Infos Droits Humains","robots":{"index":"index","follow":"follow","max-snippet":"max-snippet:-1","max-image-preview":"max-image-preview:large","max-video-preview":"max-video-preview:-1"},"canonical":"https:\/\/infos-droitshumains.net\/?p=16842","og_locale":"fr_FR","og_type":"article","og_title":"Barreau de Kinshasa\/Matete : le B\u00e2tonnier \u00c9mile Mutshembe Wembo r\u00e9\u00e9lu pour un second mandat - Infos Droits Humains","og_description":"R\u00e9daction: +243 817 406 088 La fum\u00e9e blanche s\u2019est enfin \u00e9lev\u00e9e au-dessus de la maison...","og_url":"https:\/\/infos-droitshumains.net\/?p=16842","og_site_name":"Infos Droits Humains","article_published_time":"2025-11-16T23:36:18+00:00","article_modified_time":"2025-11-16T23:57:01+00:00","og_image":[{"width":1080,"height":580,"url":"https:\/\/infos-droitshumains.net\/wp-content\/uploads\/2025\/11\/20251117_005259.jpg","type":"image\/jpeg"}],"author":"Jo\u00ebl Diawa","twitter_card":"summary_large_image","twitter_misc":{"\u00c9crit par":"Jo\u00ebl Diawa","Dur\u00e9e de lecture estim\u00e9e":"3 minutes"},"schema":{"@context":"https:\/\/schema.org","@graph":[{"@type":"Article","@id":"https:\/\/infos-droitshumains.net\/?p=16842#article","isPartOf":{"@id":"https:\/\/infos-droitshumains.net\/?p=16842"},"author":{"name":"Jo\u00ebl Diawa","@id":"https:\/\/infos-droitshumains.net\/#\/schema\/person\/3dc5e921c3302172e0ed4362f96faab7"},"headline":"Barreau de Kinshasa\/Matete : le B\u00e2tonnier \u00c9mile Mutshembe Wembo r\u00e9\u00e9lu pour un second mandat","datePublished":"2025-11-16T23:36:18+00:00","dateModified":"2025-11-16T23:57:01+00:00","mainEntityOfPage":{"@id":"https:\/\/infos-droitshumains.net\/?p=16842"},"wordCount":453,"commentCount":0,"publisher":{"@id":"https:\/\/infos-droitshumains.net\/#organization"},"image":{"@id":"https:\/\/infos-droitshumains.net\/?p=16842#primaryimage"},"thumbnailUrl":"https:\/\/i0.wp.com\/infos-droitshumains.net\/wp-content\/uploads\/2025\/11\/20251117_005259.jpg?fit=1080%2C580&ssl=1","articleSection":["Justice"],"inLanguage":"fr-FR","potentialAction":[{"@type":"CommentAction","name":"Comment","target":["https:\/\/infos-droitshumains.net\/?p=16842#respond"]}]},{"@type":"WebPage","@id":"https:\/\/infos-droitshumains.net\/?p=16842","url":"https:\/\/infos-droitshumains.net\/?p=16842","name":"Barreau de Kinshasa\/Matete : le B\u00e2tonnier \u00c9mile Mutshembe Wembo r\u00e9\u00e9lu pour un second mandat - Infos Droits Humains","isPartOf":{"@id":"https:\/\/infos-droitshumains.net\/#website"},"primaryImageOfPage":{"@id":"https:\/\/infos-droitshumains.net\/?p=16842#primaryimage"},"image":{"@id":"https:\/\/infos-droitshumains.net\/?p=16842#primaryimage"},"thumbnailUrl":"https:\/\/i0.wp.com\/infos-droitshumains.net\/wp-content\/uploads\/2025\/11\/20251117_005259.jpg?fit=1080%2C580&ssl=1","datePublished":"2025-11-16T23:36:18+00:00","dateModified":"2025-11-16T23:57:01+00:00","breadcrumb":{"@id":"https:\/\/infos-droitshumains.net\/?p=16842#breadcrumb"},"inLanguage":"fr-FR","potentialAction":[{"@type":"ReadAction","target":["https:\/\/infos-droitshumains.net\/?p=16842"]}]},{"@type":"ImageObject","inLanguage":"fr-FR","@id":"https:\/\/infos-droitshumains.net\/?p=16842#primaryimage","url":"https:\/\/i0.wp.com\/infos-droitshumains.net\/wp-content\/uploads\/2025\/11\/20251117_005259.jpg?fit=1080%2C580&ssl=1","contentUrl":"https:\/\/i0.wp.com\/infos-droitshumains.net\/wp-content\/uploads\/2025\/11\/20251117_005259.jpg?fit=1080%2C580&ssl=1","width":1080,"height":580},{"@type":"BreadcrumbList","@id":"https:\/\/infos-droitshumains.net\/?p=16842#breadcrumb","itemListElement":[{"@type":"ListItem","position":1,"name":"Accueil","item":"https:\/\/infos-droitshumains.net\/"},{"@type":"ListItem","position":2,"name":"Barreau de Kinshasa\/Matete : le B\u00e2tonnier \u00c9mile Mutshembe Wembo r\u00e9\u00e9lu pour un second mandat"}]},{"@type":"WebSite","@id":"https:\/\/infos-droitshumains.net\/#website","url":"https:\/\/infos-droitshumains.net\/","name":"Infos Droits Humains","description":"S&#039;informer est un droit","publisher":{"@id":"https:\/\/infos-droitshumains.net\/#organization"},"potentialAction":[{"@type":"SearchAction","target":{"@type":"EntryPoint","urlTemplate":"https:\/\/infos-droitshumains.net\/?s={search_term_string}"},"query-input":{"@type":"PropertyValueSpecification","valueRequired":true,"valueName":"search_term_string"}}],"inLanguage":"fr-FR"},{"@type":"Organization","@id":"https:\/\/infos-droitshumains.net\/#organization","name":"Infos Droits Humains","url":"https:\/\/infos-droitshumains.net\/","logo":{"@type":"ImageObject","inLanguage":"fr-FR","@id":"https:\/\/infos-droitshumains.net\/#\/schema\/logo\/image\/","url":"https:\/\/i0.wp.com\/infos-droitshumains.net\/wp-content\/uploads\/2022\/05\/Logo.png?fit=333%2C129&ssl=1","contentUrl":"https:\/\/i0.wp.com\/infos-droitshumains.net\/wp-content\/uploads\/2022\/05\/Logo.png?fit=333%2C129&ssl=1","width":333,"height":129,"caption":"Infos Droits Humains"},"image":{"@id":"https:\/\/infos-droitshumains.net\/#\/schema\/logo\/image\/"}},{"@type":"Person","@id":"https:\/\/infos-droitshumains.net\/#\/schema\/person\/3dc5e921c3302172e0ed4362f96faab7","name":"Jo\u00ebl Diawa","image":{"@type":"ImageObject","inLanguage":"fr-FR","@id":"https:\/\/secure.gravatar.com\/avatar\/729bea6ff4604c624417803c477363be8e3c7186deaa65713313f9b4b820f41c?s=96&d=mm&r=g","url":"https:\/\/secure.gravatar.com\/avatar\/729bea6ff4604c624417803c477363be8e3c7186deaa65713313f9b4b820f41c?s=96&d=mm&r=g","contentUrl":"https:\/\/secure.gravatar.com\/avatar\/729bea6ff4604c624417803c477363be8e3c7186deaa65713313f9b4b820f41c?s=96&d=mm&r=g","caption":"Jo\u00ebl Diawa"},"sameAs":["https:\/\/www.infos-droitshumains.net"],"url":"https:\/\/infos-droitshumains.net\/?author=2"}]}},"featured_image_urls":{"full":["https:\/\/i0.wp.com\/infos-droitshumains.net\/wp-content\/uploads\/2025\/11\/20251117_005259.jpg?fit=1080%2C580&ssl=1",1080,580,false],"thumbnail":["https:\/\/i0.wp.com\/infos-droitshumains.net\/wp-content\/uploads\/2025\/11\/20251117_005259.jpg?resize=150%2C150&ssl=1",150,150,true],"medium":["https:\/\/i0.wp.com\/infos-droitshumains.net\/wp-content\/uploads\/2025\/11\/20251117_005259.jpg?fit=300%2C161&ssl=1",300,161,true],"medium_large":["https:\/\/i0.wp.com\/infos-droitshumains.net\/wp-content\/uploads\/2025\/11\/20251117_005259.jpg?fit=640%2C343&ssl=1",640,343,true],"large":["https:\/\/i0.wp.com\/infos-droitshumains.net\/wp-content\/uploads\/2025\/11\/20251117_005259.jpg?fit=640%2C344&ssl=1",640,344,true],"1536x1536":["https:\/\/i0.wp.com\/infos-droitshumains.net\/wp-content\/uploads\/2025\/11\/20251117_005259.jpg?fit=1080%2C580&ssl=1",1080,580,true],"2048x2048":["https:\/\/i0.wp.com\/infos-droitshumains.net\/wp-content\/uploads\/2025\/11\/20251117_005259.jpg?fit=1080%2C580&ssl=1",1080,580,true],"covernews-slider-full":["https:\/\/i0.wp.com\/infos-droitshumains.net\/wp-content\/uploads\/2025\/11\/20251117_005259.jpg?resize=1080%2C580&ssl=1",1080,580,true],"covernews-slider-center":["https:\/\/i0.wp.com\/infos-droitshumains.net\/wp-content\/uploads\/2025\/11\/20251117_005259.jpg?resize=800%2C500&ssl=1",800,500,true],"covernews-featured":["https:\/\/i0.wp.com\/infos-droitshumains.net\/wp-content\/uploads\/2025\/11\/20251117_005259.jpg?fit=1024%2C550&ssl=1",1024,550,true],"covernews-medium":["https:\/\/i0.wp.com\/infos-droitshumains.net\/wp-content\/uploads\/2025\/11\/20251117_005259.jpg?resize=540%2C340&ssl=1",540,340,true],"covernews-medium-square":["https:\/\/i0.wp.com\/infos-droitshumains.net\/wp-content\/uploads\/2025\/11\/20251117_005259.jpg?resize=400%2C250&ssl=1",400,250,true]},"author_info":{"display_name":"Jo\u00ebl Diawa","author_link":"https:\/\/infos-droitshumains.net\/?author=2"},"category_info":"<a href=\"https:\/\/infos-droitshumains.net\/?cat=6\" rel=\"category\">Justice<\/a>","tag_info":"Justice","comment_count":"0","jetpack_featured_media_url":"https:\/\/i0.wp.com\/infos-droitshumains.net\/wp-content\/uploads\/2025\/11\/20251117_005259.jpg?fit=1080%2C580&ssl=1","jetpack-related-posts":[],"jetpack_sharing_enabled":true,"_links":{"self":[{"href":"https:\/\/infos-droitshumains.net\/index.php?rest_route=\/wp\/v2\/posts\/16842","targetHints":{"allow":["GET"]}}],"collection":[{"href":"https:\/\/infos-droitshumains.net\/index.php?rest_route=\/wp\/v2\/posts"}],"about":[{"href":"https:\/\/infos-droitshumains.net\/index.php?rest_route=\/wp\/v2\/types\/post"}],"author":[{"embeddable":true,"href":"https:\/\/infos-droitshumains.net\/index.php?rest_route=\/wp\/v2\/users\/2"}],"replies":[{"embeddable":true,"href":"https:\/\/infos-droitshumains.net\/index.php?rest_route=%2Fwp%2Fv2%2Fcomments&post=16842"}],"version-history":[{"count":2,"href":"https:\/\/infos-droitshumains.net\/index.php?rest_route=\/wp\/v2\/posts\/16842\/revisions"}],"predecessor-version":[{"id":16844,"href":"https:\/\/infos-droitshumains.net\/index.php?rest_route=\/wp\/v2\/posts\/16842\/revisions\/16844"}],"wp:featuredmedia":[{"embeddable":true,"href":"https:\/\/infos-droitshumains.net\/index.php?rest_route=\/wp\/v2\/media\/16845"}],"wp:attachment":[{"href":"https:\/\/infos-droitshumains.net\/index.php?rest_route=%2Fwp%2Fv2%2Fmedia&parent=16842"}],"wp:term":[{"taxonomy":"category","embeddable":true,"href":"https:\/\/infos-droitshumains.net\/index.php?rest_route=%2Fwp%2Fv2%2Fcategories&post=16842"},{"taxonomy":"post_tag","embeddable":true,"href":"https:\/\/infos-droitshumains.net\/index.php?rest_route=%2Fwp%2Fv2%2Ftags&post=16842"}],"curies":[{"name":"wp","href":"https:\/\/api.w.org\/{rel}","templated":true}]}}