{"id":16819,"date":"2025-11-14T17:59:18","date_gmt":"2025-11-14T16:59:18","guid":{"rendered":"https:\/\/infos-droitshumains.net\/?p=16819"},"modified":"2025-11-14T17:59:35","modified_gmt":"2025-11-14T16:59:35","slug":"aime-boji-a-la-tete-de-lassemblee-nationale-un-plebiscite-qui-marque-un-tournant-politique-en-rdc","status":"publish","type":"post","link":"https:\/\/infos-droitshumains.net\/?p=16819","title":{"rendered":"Aim\u00e9 Boji \u00e0 la t\u00eate de l\u2019Assembl\u00e9e nationale : un pl\u00e9biscite qui marque un tournant politique en RDC"},"content":{"rendered":"\n<p><strong>R\u00e9daction: +243 817 406 088<\/strong><\/p>\n\n\n\n<h3 class=\"wp-block-heading has-vivid-red-color has-text-color has-link-color wp-elements-822bf7f9557ee92b3081730716768f3f\">La pl\u00e9ni\u00e8re de l\u2019Assembl\u00e9e nationale a proc\u00e9d\u00e9 ce jeudi 13 novembre \u00e0 l\u2019\u00e9lection et \u00e0 l\u2019installation du nouveau pr\u00e9sident de cette institution. Sans surprise, Aim\u00e9 Boji Sangara, candidat unique de l\u2019Union sacr\u00e9e, a \u00e9t\u00e9 largement pl\u00e9biscit\u00e9, obtenant 413 voix sur les 423 suffrages exprim\u00e9s, contre seulement 10 bulletins nuls.<\/h3>\n\n\n\n<p>Dans son discours inaugural, le nouveau speaker de la Chambre basse du parlement a d\u2019abord exprim\u00e9 une profonde gratitude au Pr\u00e9sident de la R\u00e9publique, F\u00e9lix-Antoine Tshisekedi, haute autorit\u00e9 de r\u00e9f\u00e9rence de l\u2019Union sacr\u00e9e \u00ab&nbsp;<em>pour le d\u00e9volu jet\u00e9 sur sa modeste personne. \u00bb<\/em><em><\/em><\/p>\n\n\n\n<p>Aim\u00e9 Boji a ensuite invit\u00e9 les d\u00e9put\u00e9s \u00e0 garder \u00e0 l\u2019esprit les souffrances des populations de l\u2019Est de la RDC, confront\u00e9es \u00e0 une ins\u00e9curit\u00e9 persistante.<\/p>\n\n\n\n<p><em>\u00ab Je vous invite, en ce moment particulier, \u00e0 avoir une pens\u00e9e pieuse pour nos compatriotes qui continuent de souffrir dans l\u2019Est de notre pays\u2026 Il en est de m\u00eame pour ceux touch\u00e9s par les conflits au Ma\u00ef-Ndombe, au Katanga et en Ituri. \u00bb<\/em><\/p>\n\n\n\n<p>D\u00e9termin\u00e9 \u00e0 impulser une nouvelle dynamique institutionnelle, le nouveau Pr\u00e9sident de l\u2019Assembl\u00e9e Nationale a promis d\u2019am\u00e9liorer les conditions de travail des d\u00e9put\u00e9s, de renforcer la collaboration avec le gouvernement et de garantir un contr\u00f4le parlementaire rigoureux, dans l\u2019int\u00e9r\u00eat sup\u00e9rieur de la nation.<\/p>\n\n\n\n<p>Apr\u00e8s son installation, Aim\u00e9 Boji a renouvel\u00e9 ses remerciements au Chef de l\u2019\u00c9tat, aux membres du bureau, aux d\u00e9put\u00e9s nationaux ainsi qu\u2019au peuple congolais pour le soutien apport\u00e9 tout au long du processus ayant abouti \u00e0 son \u00e9lection.<\/p>\n\n\n\n<p>\u00c9conomiste de formation, Aim\u00e9 Boji dispose par ailleurs d\u2019une solide exp\u00e9rience parlementaire : \u00e9lu d\u00e9put\u00e9 national \u00e0 trois reprises (2006, 2011 et 2023), toujours avec plus de 25.000 voix. Son parcours au sein de l\u2019ex\u00e9cutif national notamment aux minist\u00e8res du Commerce ext\u00e9rieur, du Budget et de l\u2019Industrie t\u00e9moigne d\u2019une rigueur et d\u2019un engagement constants en faveur de la transparence et de la performance de la gestion publique. Son passage au minist\u00e8re du Budget a d\u2019ailleurs \u00e9t\u00e9 marqu\u00e9 par l\u2019instauration de nouvelles pratiques visant \u00e0 cr\u00e9dibiliser les finances de l\u2019\u00c9tat. Il est reconnu pour sa mod\u00e9ration, sa sobri\u00e9t\u00e9 et son efficacit\u00e9.<\/p>\n\n\n\n<p>Apr\u00e8s la d\u00e9mission de Vital Kamerhe, sa candidature s\u2019\u00e9tait impos\u00e9e comme un choix consensuel. Son \u00e9lection intervient \u00e0 un moment crucial pour la RDC, dans un contexte o\u00f9 la stabilit\u00e9 institutionnelle et la r\u00e9solution de la crise \u00e0 l\u2019Est demeurent des priorit\u00e9s nationales.<\/p>\n\n\n\n<p>Jo\u00ebl Diawa<\/p>\n","protected":false},"excerpt":{"rendered":"<p>R\u00e9daction: +243 817 406 088 La pl\u00e9ni\u00e8re de l\u2019Assembl\u00e9e nationale a proc\u00e9d\u00e9 ce jeudi 13&#8230;<\/p>\n","protected":false},"author":2,"featured_media":16820,"comment_status":"open","ping_status":"open","sticky":false,"template":"","format":"standard","meta":{"_jetpack_memberships_contains_paid_content":false,"footnotes":""},"categories":[3],"tags":[],"class_list":["post-16819","post","type-post","status-publish","format-standard","has-post-thumbnail","hentry","category-politique"],"yoast_head":"<!-- This site is optimized with the Yoast SEO plugin v27.5 - https:\/\/yoast.com\/product\/yoast-seo-wordpress\/ -->\n<title>Aim\u00e9 Boji \u00e0 la t\u00eate de l\u2019Assembl\u00e9e nationale : un pl\u00e9biscite qui marque un tournant politique en RDC - Infos Droits Humains<\/title>\n<meta name=\"robots\" content=\"index, follow, max-snippet:-1, max-image-preview:large, max-video-preview:-1\" \/>\n<link rel=\"canonical\" href=\"https:\/\/infos-droitshumains.net\/?p=16819\" \/>\n<meta property=\"og:locale\" content=\"fr_FR\" \/>\n<meta property=\"og:type\" content=\"article\" \/>\n<meta property=\"og:title\" content=\"Aim\u00e9 Boji \u00e0 la t\u00eate de l\u2019Assembl\u00e9e nationale : un pl\u00e9biscite qui marque un tournant politique en RDC - Infos Droits Humains\" \/>\n<meta property=\"og:description\" content=\"R\u00e9daction: +243 817 406 088 La pl\u00e9ni\u00e8re de l\u2019Assembl\u00e9e nationale a proc\u00e9d\u00e9 ce jeudi 13...\" \/>\n<meta property=\"og:url\" content=\"https:\/\/infos-droitshumains.net\/?p=16819\" \/>\n<meta property=\"og:site_name\" content=\"Infos Droits Humains\" \/>\n<meta property=\"article:published_time\" content=\"2025-11-14T16:59:18+00:00\" \/>\n<meta property=\"article:modified_time\" content=\"2025-11-14T16:59:35+00:00\" \/>\n<meta property=\"og:image\" content=\"https:\/\/infos-droitshumains.net\/wp-content\/uploads\/2025\/11\/IMG-20251114-WA0047.jpg\" \/>\n\t<meta property=\"og:image:width\" content=\"2560\" \/>\n\t<meta property=\"og:image:height\" content=\"1706\" \/>\n\t<meta property=\"og:image:type\" content=\"image\/jpeg\" \/>\n<meta name=\"author\" content=\"Jo\u00ebl Diawa\" \/>\n<meta name=\"twitter:card\" content=\"summary_large_image\" \/>\n<meta name=\"twitter:label1\" content=\"\u00c9crit par\" \/>\n\t<meta name=\"twitter:data1\" content=\"Jo\u00ebl Diawa\" \/>\n\t<meta name=\"twitter:label2\" content=\"Dur\u00e9e de lecture estim\u00e9e\" \/>\n\t<meta name=\"twitter:data2\" content=\"2 minutes\" \/>\n<script type=\"application\/ld+json\" class=\"yoast-schema-graph\">{\"@context\":\"https:\\\/\\\/schema.org\",\"@graph\":[{\"@type\":\"Article\",\"@id\":\"https:\\\/\\\/infos-droitshumains.net\\\/?p=16819#article\",\"isPartOf\":{\"@id\":\"https:\\\/\\\/infos-droitshumains.net\\\/?p=16819\"},\"author\":{\"name\":\"Jo\u00ebl Diawa\",\"@id\":\"https:\\\/\\\/infos-droitshumains.net\\\/#\\\/schema\\\/person\\\/3dc5e921c3302172e0ed4362f96faab7\"},\"headline\":\"Aim\u00e9 Boji \u00e0 la t\u00eate de l\u2019Assembl\u00e9e nationale : un pl\u00e9biscite qui marque un tournant politique en RDC\",\"datePublished\":\"2025-11-14T16:59:18+00:00\",\"dateModified\":\"2025-11-14T16:59:35+00:00\",\"mainEntityOfPage\":{\"@id\":\"https:\\\/\\\/infos-droitshumains.net\\\/?p=16819\"},\"wordCount\":460,\"commentCount\":0,\"publisher\":{\"@id\":\"https:\\\/\\\/infos-droitshumains.net\\\/#organization\"},\"image\":{\"@id\":\"https:\\\/\\\/infos-droitshumains.net\\\/?p=16819#primaryimage\"},\"thumbnailUrl\":\"https:\\\/\\\/i0.wp.com\\\/infos-droitshumains.net\\\/wp-content\\\/uploads\\\/2025\\\/11\\\/IMG-20251114-WA0047.jpg?fit=2560%2C1706&ssl=1\",\"articleSection\":[\"Politique\"],\"inLanguage\":\"fr-FR\",\"potentialAction\":[{\"@type\":\"CommentAction\",\"name\":\"Comment\",\"target\":[\"https:\\\/\\\/infos-droitshumains.net\\\/?p=16819#respond\"]}]},{\"@type\":\"WebPage\",\"@id\":\"https:\\\/\\\/infos-droitshumains.net\\\/?p=16819\",\"url\":\"https:\\\/\\\/infos-droitshumains.net\\\/?p=16819\",\"name\":\"Aim\u00e9 Boji \u00e0 la t\u00eate de l\u2019Assembl\u00e9e nationale : un pl\u00e9biscite qui marque un tournant politique en RDC - Infos Droits Humains\",\"isPartOf\":{\"@id\":\"https:\\\/\\\/infos-droitshumains.net\\\/#website\"},\"primaryImageOfPage\":{\"@id\":\"https:\\\/\\\/infos-droitshumains.net\\\/?p=16819#primaryimage\"},\"image\":{\"@id\":\"https:\\\/\\\/infos-droitshumains.net\\\/?p=16819#primaryimage\"},\"thumbnailUrl\":\"https:\\\/\\\/i0.wp.com\\\/infos-droitshumains.net\\\/wp-content\\\/uploads\\\/2025\\\/11\\\/IMG-20251114-WA0047.jpg?fit=2560%2C1706&ssl=1\",\"datePublished\":\"2025-11-14T16:59:18+00:00\",\"dateModified\":\"2025-11-14T16:59:35+00:00\",\"breadcrumb\":{\"@id\":\"https:\\\/\\\/infos-droitshumains.net\\\/?p=16819#breadcrumb\"},\"inLanguage\":\"fr-FR\",\"potentialAction\":[{\"@type\":\"ReadAction\",\"target\":[\"https:\\\/\\\/infos-droitshumains.net\\\/?p=16819\"]}]},{\"@type\":\"ImageObject\",\"inLanguage\":\"fr-FR\",\"@id\":\"https:\\\/\\\/infos-droitshumains.net\\\/?p=16819#primaryimage\",\"url\":\"https:\\\/\\\/i0.wp.com\\\/infos-droitshumains.net\\\/wp-content\\\/uploads\\\/2025\\\/11\\\/IMG-20251114-WA0047.jpg?fit=2560%2C1706&ssl=1\",\"contentUrl\":\"https:\\\/\\\/i0.wp.com\\\/infos-droitshumains.net\\\/wp-content\\\/uploads\\\/2025\\\/11\\\/IMG-20251114-WA0047.jpg?fit=2560%2C1706&ssl=1\",\"width\":2560,\"height\":1706},{\"@type\":\"BreadcrumbList\",\"@id\":\"https:\\\/\\\/infos-droitshumains.net\\\/?p=16819#breadcrumb\",\"itemListElement\":[{\"@type\":\"ListItem\",\"position\":1,\"name\":\"Accueil\",\"item\":\"https:\\\/\\\/infos-droitshumains.net\\\/\"},{\"@type\":\"ListItem\",\"position\":2,\"name\":\"Aim\u00e9 Boji \u00e0 la t\u00eate de l\u2019Assembl\u00e9e nationale : un pl\u00e9biscite qui marque un tournant politique en RDC\"}]},{\"@type\":\"WebSite\",\"@id\":\"https:\\\/\\\/infos-droitshumains.net\\\/#website\",\"url\":\"https:\\\/\\\/infos-droitshumains.net\\\/\",\"name\":\"Infos Droits Humains\",\"description\":\"S&#039;informer est un droit\",\"publisher\":{\"@id\":\"https:\\\/\\\/infos-droitshumains.net\\\/#organization\"},\"potentialAction\":[{\"@type\":\"SearchAction\",\"target\":{\"@type\":\"EntryPoint\",\"urlTemplate\":\"https:\\\/\\\/infos-droitshumains.net\\\/?s={search_term_string}\"},\"query-input\":{\"@type\":\"PropertyValueSpecification\",\"valueRequired\":true,\"valueName\":\"search_term_string\"}}],\"inLanguage\":\"fr-FR\"},{\"@type\":\"Organization\",\"@id\":\"https:\\\/\\\/infos-droitshumains.net\\\/#organization\",\"name\":\"Infos Droits Humains\",\"url\":\"https:\\\/\\\/infos-droitshumains.net\\\/\",\"logo\":{\"@type\":\"ImageObject\",\"inLanguage\":\"fr-FR\",\"@id\":\"https:\\\/\\\/infos-droitshumains.net\\\/#\\\/schema\\\/logo\\\/image\\\/\",\"url\":\"https:\\\/\\\/i0.wp.com\\\/infos-droitshumains.net\\\/wp-content\\\/uploads\\\/2022\\\/05\\\/Logo.png?fit=333%2C129&ssl=1\",\"contentUrl\":\"https:\\\/\\\/i0.wp.com\\\/infos-droitshumains.net\\\/wp-content\\\/uploads\\\/2022\\\/05\\\/Logo.png?fit=333%2C129&ssl=1\",\"width\":333,\"height\":129,\"caption\":\"Infos Droits Humains\"},\"image\":{\"@id\":\"https:\\\/\\\/infos-droitshumains.net\\\/#\\\/schema\\\/logo\\\/image\\\/\"}},{\"@type\":\"Person\",\"@id\":\"https:\\\/\\\/infos-droitshumains.net\\\/#\\\/schema\\\/person\\\/3dc5e921c3302172e0ed4362f96faab7\",\"name\":\"Jo\u00ebl Diawa\",\"image\":{\"@type\":\"ImageObject\",\"inLanguage\":\"fr-FR\",\"@id\":\"https:\\\/\\\/secure.gravatar.com\\\/avatar\\\/729bea6ff4604c624417803c477363be8e3c7186deaa65713313f9b4b820f41c?s=96&d=mm&r=g\",\"url\":\"https:\\\/\\\/secure.gravatar.com\\\/avatar\\\/729bea6ff4604c624417803c477363be8e3c7186deaa65713313f9b4b820f41c?s=96&d=mm&r=g\",\"contentUrl\":\"https:\\\/\\\/secure.gravatar.com\\\/avatar\\\/729bea6ff4604c624417803c477363be8e3c7186deaa65713313f9b4b820f41c?s=96&d=mm&r=g\",\"caption\":\"Jo\u00ebl Diawa\"},\"sameAs\":[\"https:\\\/\\\/www.infos-droitshumains.net\"],\"url\":\"https:\\\/\\\/infos-droitshumains.net\\\/?author=2\"}]}<\/script>\n<!-- \/ Yoast SEO plugin. -->","yoast_head_json":{"title":"Aim\u00e9 Boji \u00e0 la t\u00eate de l\u2019Assembl\u00e9e nationale : un pl\u00e9biscite qui marque un tournant politique en RDC - Infos Droits Humains","robots":{"index":"index","follow":"follow","max-snippet":"max-snippet:-1","max-image-preview":"max-image-preview:large","max-video-preview":"max-video-preview:-1"},"canonical":"https:\/\/infos-droitshumains.net\/?p=16819","og_locale":"fr_FR","og_type":"article","og_title":"Aim\u00e9 Boji \u00e0 la t\u00eate de l\u2019Assembl\u00e9e nationale : un pl\u00e9biscite qui marque un tournant politique en RDC - Infos Droits Humains","og_description":"R\u00e9daction: +243 817 406 088 La pl\u00e9ni\u00e8re de l\u2019Assembl\u00e9e nationale a proc\u00e9d\u00e9 ce jeudi 13...","og_url":"https:\/\/infos-droitshumains.net\/?p=16819","og_site_name":"Infos Droits Humains","article_published_time":"2025-11-14T16:59:18+00:00","article_modified_time":"2025-11-14T16:59:35+00:00","og_image":[{"width":2560,"height":1706,"url":"https:\/\/infos-droitshumains.net\/wp-content\/uploads\/2025\/11\/IMG-20251114-WA0047.jpg","type":"image\/jpeg"}],"author":"Jo\u00ebl Diawa","twitter_card":"summary_large_image","twitter_misc":{"\u00c9crit par":"Jo\u00ebl Diawa","Dur\u00e9e de lecture estim\u00e9e":"2 minutes"},"schema":{"@context":"https:\/\/schema.org","@graph":[{"@type":"Article","@id":"https:\/\/infos-droitshumains.net\/?p=16819#article","isPartOf":{"@id":"https:\/\/infos-droitshumains.net\/?p=16819"},"author":{"name":"Jo\u00ebl Diawa","@id":"https:\/\/infos-droitshumains.net\/#\/schema\/person\/3dc5e921c3302172e0ed4362f96faab7"},"headline":"Aim\u00e9 Boji \u00e0 la t\u00eate de l\u2019Assembl\u00e9e nationale : un pl\u00e9biscite qui marque un tournant politique en RDC","datePublished":"2025-11-14T16:59:18+00:00","dateModified":"2025-11-14T16:59:35+00:00","mainEntityOfPage":{"@id":"https:\/\/infos-droitshumains.net\/?p=16819"},"wordCount":460,"commentCount":0,"publisher":{"@id":"https:\/\/infos-droitshumains.net\/#organization"},"image":{"@id":"https:\/\/infos-droitshumains.net\/?p=16819#primaryimage"},"thumbnailUrl":"https:\/\/i0.wp.com\/infos-droitshumains.net\/wp-content\/uploads\/2025\/11\/IMG-20251114-WA0047.jpg?fit=2560%2C1706&ssl=1","articleSection":["Politique"],"inLanguage":"fr-FR","potentialAction":[{"@type":"CommentAction","name":"Comment","target":["https:\/\/infos-droitshumains.net\/?p=16819#respond"]}]},{"@type":"WebPage","@id":"https:\/\/infos-droitshumains.net\/?p=16819","url":"https:\/\/infos-droitshumains.net\/?p=16819","name":"Aim\u00e9 Boji \u00e0 la t\u00eate de l\u2019Assembl\u00e9e nationale : un pl\u00e9biscite qui marque un tournant politique en RDC - Infos Droits Humains","isPartOf":{"@id":"https:\/\/infos-droitshumains.net\/#website"},"primaryImageOfPage":{"@id":"https:\/\/infos-droitshumains.net\/?p=16819#primaryimage"},"image":{"@id":"https:\/\/infos-droitshumains.net\/?p=16819#primaryimage"},"thumbnailUrl":"https:\/\/i0.wp.com\/infos-droitshumains.net\/wp-content\/uploads\/2025\/11\/IMG-20251114-WA0047.jpg?fit=2560%2C1706&ssl=1","datePublished":"2025-11-14T16:59:18+00:00","dateModified":"2025-11-14T16:59:35+00:00","breadcrumb":{"@id":"https:\/\/infos-droitshumains.net\/?p=16819#breadcrumb"},"inLanguage":"fr-FR","potentialAction":[{"@type":"ReadAction","target":["https:\/\/infos-droitshumains.net\/?p=16819"]}]},{"@type":"ImageObject","inLanguage":"fr-FR","@id":"https:\/\/infos-droitshumains.net\/?p=16819#primaryimage","url":"https:\/\/i0.wp.com\/infos-droitshumains.net\/wp-content\/uploads\/2025\/11\/IMG-20251114-WA0047.jpg?fit=2560%2C1706&ssl=1","contentUrl":"https:\/\/i0.wp.com\/infos-droitshumains.net\/wp-content\/uploads\/2025\/11\/IMG-20251114-WA0047.jpg?fit=2560%2C1706&ssl=1","width":2560,"height":1706},{"@type":"BreadcrumbList","@id":"https:\/\/infos-droitshumains.net\/?p=16819#breadcrumb","itemListElement":[{"@type":"ListItem","position":1,"name":"Accueil","item":"https:\/\/infos-droitshumains.net\/"},{"@type":"ListItem","position":2,"name":"Aim\u00e9 Boji \u00e0 la t\u00eate de l\u2019Assembl\u00e9e nationale : un pl\u00e9biscite qui marque un tournant politique en RDC"}]},{"@type":"WebSite","@id":"https:\/\/infos-droitshumains.net\/#website","url":"https:\/\/infos-droitshumains.net\/","name":"Infos Droits Humains","description":"S&#039;informer est un droit","publisher":{"@id":"https:\/\/infos-droitshumains.net\/#organization"},"potentialAction":[{"@type":"SearchAction","target":{"@type":"EntryPoint","urlTemplate":"https:\/\/infos-droitshumains.net\/?s={search_term_string}"},"query-input":{"@type":"PropertyValueSpecification","valueRequired":true,"valueName":"search_term_string"}}],"inLanguage":"fr-FR"},{"@type":"Organization","@id":"https:\/\/infos-droitshumains.net\/#organization","name":"Infos Droits Humains","url":"https:\/\/infos-droitshumains.net\/","logo":{"@type":"ImageObject","inLanguage":"fr-FR","@id":"https:\/\/infos-droitshumains.net\/#\/schema\/logo\/image\/","url":"https:\/\/i0.wp.com\/infos-droitshumains.net\/wp-content\/uploads\/2022\/05\/Logo.png?fit=333%2C129&ssl=1","contentUrl":"https:\/\/i0.wp.com\/infos-droitshumains.net\/wp-content\/uploads\/2022\/05\/Logo.png?fit=333%2C129&ssl=1","width":333,"height":129,"caption":"Infos Droits Humains"},"image":{"@id":"https:\/\/infos-droitshumains.net\/#\/schema\/logo\/image\/"}},{"@type":"Person","@id":"https:\/\/infos-droitshumains.net\/#\/schema\/person\/3dc5e921c3302172e0ed4362f96faab7","name":"Jo\u00ebl Diawa","image":{"@type":"ImageObject","inLanguage":"fr-FR","@id":"https:\/\/secure.gravatar.com\/avatar\/729bea6ff4604c624417803c477363be8e3c7186deaa65713313f9b4b820f41c?s=96&d=mm&r=g","url":"https:\/\/secure.gravatar.com\/avatar\/729bea6ff4604c624417803c477363be8e3c7186deaa65713313f9b4b820f41c?s=96&d=mm&r=g","contentUrl":"https:\/\/secure.gravatar.com\/avatar\/729bea6ff4604c624417803c477363be8e3c7186deaa65713313f9b4b820f41c?s=96&d=mm&r=g","caption":"Jo\u00ebl Diawa"},"sameAs":["https:\/\/www.infos-droitshumains.net"],"url":"https:\/\/infos-droitshumains.net\/?author=2"}]}},"featured_image_urls":{"full":["https:\/\/i0.wp.com\/infos-droitshumains.net\/wp-content\/uploads\/2025\/11\/IMG-20251114-WA0047.jpg?fit=2560%2C1706&ssl=1",2560,1706,false],"thumbnail":["https:\/\/i0.wp.com\/infos-droitshumains.net\/wp-content\/uploads\/2025\/11\/IMG-20251114-WA0047.jpg?resize=150%2C150&ssl=1",150,150,true],"medium":["https:\/\/i0.wp.com\/infos-droitshumains.net\/wp-content\/uploads\/2025\/11\/IMG-20251114-WA0047.jpg?fit=300%2C200&ssl=1",300,200,true],"medium_large":["https:\/\/i0.wp.com\/infos-droitshumains.net\/wp-content\/uploads\/2025\/11\/IMG-20251114-WA0047.jpg?fit=640%2C427&ssl=1",640,427,true],"large":["https:\/\/i0.wp.com\/infos-droitshumains.net\/wp-content\/uploads\/2025\/11\/IMG-20251114-WA0047.jpg?fit=640%2C426&ssl=1",640,426,true],"1536x1536":["https:\/\/i0.wp.com\/infos-droitshumains.net\/wp-content\/uploads\/2025\/11\/IMG-20251114-WA0047.jpg?fit=1536%2C1024&ssl=1",1536,1024,true],"2048x2048":["https:\/\/i0.wp.com\/infos-droitshumains.net\/wp-content\/uploads\/2025\/11\/IMG-20251114-WA0047.jpg?fit=2048%2C1365&ssl=1",2048,1365,true],"covernews-slider-full":["https:\/\/i0.wp.com\/infos-droitshumains.net\/wp-content\/uploads\/2025\/11\/IMG-20251114-WA0047.jpg?resize=1115%2C715&ssl=1",1115,715,true],"covernews-slider-center":["https:\/\/i0.wp.com\/infos-droitshumains.net\/wp-content\/uploads\/2025\/11\/IMG-20251114-WA0047.jpg?resize=800%2C500&ssl=1",800,500,true],"covernews-featured":["https:\/\/i0.wp.com\/infos-droitshumains.net\/wp-content\/uploads\/2025\/11\/IMG-20251114-WA0047.jpg?fit=1024%2C682&ssl=1",1024,682,true],"covernews-medium":["https:\/\/i0.wp.com\/infos-droitshumains.net\/wp-content\/uploads\/2025\/11\/IMG-20251114-WA0047.jpg?resize=540%2C340&ssl=1",540,340,true],"covernews-medium-square":["https:\/\/i0.wp.com\/infos-droitshumains.net\/wp-content\/uploads\/2025\/11\/IMG-20251114-WA0047.jpg?resize=400%2C250&ssl=1",400,250,true]},"author_info":{"display_name":"Jo\u00ebl Diawa","author_link":"https:\/\/infos-droitshumains.net\/?author=2"},"category_info":"<a href=\"https:\/\/infos-droitshumains.net\/?cat=3\" rel=\"category\">Politique<\/a>","tag_info":"Politique","comment_count":"0","jetpack_featured_media_url":"https:\/\/i0.wp.com\/infos-droitshumains.net\/wp-content\/uploads\/2025\/11\/IMG-20251114-WA0047.jpg?fit=2560%2C1706&ssl=1","jetpack-related-posts":[],"jetpack_sharing_enabled":true,"_links":{"self":[{"href":"https:\/\/infos-droitshumains.net\/index.php?rest_route=\/wp\/v2\/posts\/16819","targetHints":{"allow":["GET"]}}],"collection":[{"href":"https:\/\/infos-droitshumains.net\/index.php?rest_route=\/wp\/v2\/posts"}],"about":[{"href":"https:\/\/infos-droitshumains.net\/index.php?rest_route=\/wp\/v2\/types\/post"}],"author":[{"embeddable":true,"href":"https:\/\/infos-droitshumains.net\/index.php?rest_route=\/wp\/v2\/users\/2"}],"replies":[{"embeddable":true,"href":"https:\/\/infos-droitshumains.net\/index.php?rest_route=%2Fwp%2Fv2%2Fcomments&post=16819"}],"version-history":[{"count":2,"href":"https:\/\/infos-droitshumains.net\/index.php?rest_route=\/wp\/v2\/posts\/16819\/revisions"}],"predecessor-version":[{"id":16822,"href":"https:\/\/infos-droitshumains.net\/index.php?rest_route=\/wp\/v2\/posts\/16819\/revisions\/16822"}],"wp:featuredmedia":[{"embeddable":true,"href":"https:\/\/infos-droitshumains.net\/index.php?rest_route=\/wp\/v2\/media\/16820"}],"wp:attachment":[{"href":"https:\/\/infos-droitshumains.net\/index.php?rest_route=%2Fwp%2Fv2%2Fmedia&parent=16819"}],"wp:term":[{"taxonomy":"category","embeddable":true,"href":"https:\/\/infos-droitshumains.net\/index.php?rest_route=%2Fwp%2Fv2%2Fcategories&post=16819"},{"taxonomy":"post_tag","embeddable":true,"href":"https:\/\/infos-droitshumains.net\/index.php?rest_route=%2Fwp%2Fv2%2Ftags&post=16819"}],"curies":[{"name":"wp","href":"https:\/\/api.w.org\/{rel}","templated":true}]}}