{"id":16774,"date":"2025-11-12T13:35:16","date_gmt":"2025-11-12T12:35:16","guid":{"rendered":"https:\/\/infos-droitshumains.net\/?p=16774"},"modified":"2025-11-12T13:37:40","modified_gmt":"2025-11-12T12:37:40","slug":"gangsterisme-judiciaire-a-la-cour-dappel-du-kongo-central-le-premier-president-calixe-bekanga-defie-ouvertement-sa-hierarchie","status":"publish","type":"post","link":"https:\/\/infos-droitshumains.net\/?p=16774","title":{"rendered":"Gangst\u00e9risme judiciaire \u00e0 la Cour d\u2019Appel du Kongo-Central : le Premier Pr\u00e9sident Calixe Bekanga d\u00e9fie ouvertement sa hi\u00e9rarchie"},"content":{"rendered":"\n<p><strong>R\u00e9daction: +243 817 406 088<\/strong><\/p>\n\n\n\n<h3 class=\"wp-block-heading has-vivid-red-color has-text-color has-link-color wp-elements-1acceba03a7ae3695d6daea1fd42a643\">Une sc\u00e8ne inhabituelle s\u2019est produite \u00e0 la Cour d\u2019Appel du Kongo-Central. Suspendu de ses fonctions par la Chambre nationale de discipline du Conseil sup\u00e9rieur de la magistrature, le Premier Pr\u00e9sident de ladite Cour, Calixe Bekanga, semble pourtant refuser de se conformer \u00e0 cette d\u00e9cision.<\/h3>\n\n\n\n<p>En effet, selon nos informations, le juge Laurent Lukela, d\u00e9sign\u00e9 pour assurer l\u2019int\u00e9rim, avait r\u00e9guli\u00e8rement autoris\u00e9 l\u2019\u00e9quipe du Journal T\u00e9l\u00e9vis\u00e9 des Droits Humains (JTDH) \u00e0 assurer la couverture m\u00e9diatique de l\u2019audience de ce mercredi 13 novembre. Mais, contre toute attente, le magistrat suspendu Calixe Bekanga s\u2019est pr\u00e9sent\u00e9 personnellement dans la salle d\u2019audience et a interdit la couverture m\u00e9diatique, annulant de facto la d\u00e9cision prise par son int\u00e9rimaire.<\/p>\n\n\n\n<p>Ce comportement a suscit\u00e9 de vives interrogations parmi les observateurs :<\/p>\n\n\n\n<p><em>\u00ab Quel int\u00e9r\u00eat pousse le Premier Pr\u00e9sident BEKANGA \u00e0 s\u2019inviter \u00e0 une audience alors qu\u2019il est suspendu de ses fonctions ? Pourquoi cette opposition \u00e0 la pr\u00e9sence des m\u00e9dias, pr\u00e9cis\u00e9ment le jour o\u00f9 est examin\u00e9e l\u2019affaire opposant l\u2019ONATRA \u00e0 la Soci\u00e9t\u00e9 AGEMI SARL de Pel\u00e9 Mongo ? \u00bb<\/em><\/p>\n\n\n\n<p>Dans la pratique judiciaire congolaise, une suspension signifie l\u2019interdiction formelle de poser tout acte de gestion ou d\u2019autorit\u00e9. Le fait pour un magistrat suspendu de s\u2019immiscer dans une audience constitue une violation flagrante des r\u00e8gles hi\u00e9rarchiques et disciplinaires.<\/p>\n\n\n\n<p>Pour plusieurs analystes, cette attitude de d\u00e9fiance de Calixe Bekanga pourrait traduire des int\u00e9r\u00eats personnels dans l\u2019affaire pr\u00e9cit\u00e9e. D\u2019autres y voient un sympt\u00f4me du mal profond qui gangr\u00e8ne la justice congolaise, o\u00f9 certains magistrats s\u2019\u00e9rigent en intouchables, d\u00e9fiant ouvertement les institutions cens\u00e9es les encadrer.<\/p>\n\n\n\n<p>Dans un corps hi\u00e9rarchis\u00e9 comme la magistrature, un tel manquement ne saurait passer inaper\u00e7u.<\/p>\n\n\n\n<p>Allez-y comprendre\u2026<\/p>\n\n\n\n<p>La R\u00e9daction<\/p>\n","protected":false},"excerpt":{"rendered":"<p>R\u00e9daction: +243 817 406 088 Une sc\u00e8ne inhabituelle s\u2019est produite \u00e0 la Cour d\u2019Appel du&#8230;<\/p>\n","protected":false},"author":2,"featured_media":16777,"comment_status":"open","ping_status":"open","sticky":false,"template":"","format":"standard","meta":{"_jetpack_memberships_contains_paid_content":false,"footnotes":""},"categories":[6],"tags":[],"class_list":["post-16774","post","type-post","status-publish","format-standard","has-post-thumbnail","hentry","category-justice"],"yoast_head":"<!-- This site is optimized with the Yoast SEO plugin v27.5 - https:\/\/yoast.com\/product\/yoast-seo-wordpress\/ -->\n<title>Gangst\u00e9risme judiciaire \u00e0 la Cour d\u2019Appel du Kongo-Central : le Premier Pr\u00e9sident Calixe Bekanga d\u00e9fie ouvertement sa hi\u00e9rarchie - Infos Droits Humains<\/title>\n<meta name=\"robots\" content=\"index, follow, max-snippet:-1, max-image-preview:large, max-video-preview:-1\" \/>\n<link rel=\"canonical\" href=\"https:\/\/infos-droitshumains.net\/?p=16774\" \/>\n<meta property=\"og:locale\" content=\"fr_FR\" \/>\n<meta property=\"og:type\" content=\"article\" \/>\n<meta property=\"og:title\" content=\"Gangst\u00e9risme judiciaire \u00e0 la Cour d\u2019Appel du Kongo-Central : le Premier Pr\u00e9sident Calixe Bekanga d\u00e9fie ouvertement sa hi\u00e9rarchie - Infos Droits Humains\" \/>\n<meta property=\"og:description\" content=\"R\u00e9daction: +243 817 406 088 Une sc\u00e8ne inhabituelle s\u2019est produite \u00e0 la Cour d\u2019Appel du...\" \/>\n<meta property=\"og:url\" content=\"https:\/\/infos-droitshumains.net\/?p=16774\" \/>\n<meta property=\"og:site_name\" content=\"Infos Droits Humains\" \/>\n<meta property=\"article:published_time\" content=\"2025-11-12T12:35:16+00:00\" \/>\n<meta property=\"article:modified_time\" content=\"2025-11-12T12:37:40+00:00\" \/>\n<meta property=\"og:image\" content=\"https:\/\/infos-droitshumains.net\/wp-content\/uploads\/2025\/11\/IMG-20251112-WA0020.jpg\" \/>\n\t<meta property=\"og:image:width\" content=\"635\" \/>\n\t<meta property=\"og:image:height\" content=\"439\" \/>\n\t<meta property=\"og:image:type\" content=\"image\/jpeg\" \/>\n<meta name=\"author\" content=\"Jo\u00ebl Diawa\" \/>\n<meta name=\"twitter:card\" content=\"summary_large_image\" \/>\n<meta name=\"twitter:label1\" content=\"\u00c9crit par\" \/>\n\t<meta name=\"twitter:data1\" content=\"Jo\u00ebl Diawa\" \/>\n\t<meta name=\"twitter:label2\" content=\"Dur\u00e9e de lecture estim\u00e9e\" \/>\n\t<meta name=\"twitter:data2\" content=\"2 minutes\" \/>\n<script type=\"application\/ld+json\" class=\"yoast-schema-graph\">{\"@context\":\"https:\\\/\\\/schema.org\",\"@graph\":[{\"@type\":\"Article\",\"@id\":\"https:\\\/\\\/infos-droitshumains.net\\\/?p=16774#article\",\"isPartOf\":{\"@id\":\"https:\\\/\\\/infos-droitshumains.net\\\/?p=16774\"},\"author\":{\"name\":\"Jo\u00ebl Diawa\",\"@id\":\"https:\\\/\\\/infos-droitshumains.net\\\/#\\\/schema\\\/person\\\/3dc5e921c3302172e0ed4362f96faab7\"},\"headline\":\"Gangst\u00e9risme judiciaire \u00e0 la Cour d\u2019Appel du Kongo-Central : le Premier Pr\u00e9sident Calixe Bekanga d\u00e9fie ouvertement sa hi\u00e9rarchie\",\"datePublished\":\"2025-11-12T12:35:16+00:00\",\"dateModified\":\"2025-11-12T12:37:40+00:00\",\"mainEntityOfPage\":{\"@id\":\"https:\\\/\\\/infos-droitshumains.net\\\/?p=16774\"},\"wordCount\":335,\"commentCount\":0,\"publisher\":{\"@id\":\"https:\\\/\\\/infos-droitshumains.net\\\/#organization\"},\"image\":{\"@id\":\"https:\\\/\\\/infos-droitshumains.net\\\/?p=16774#primaryimage\"},\"thumbnailUrl\":\"https:\\\/\\\/i0.wp.com\\\/infos-droitshumains.net\\\/wp-content\\\/uploads\\\/2025\\\/11\\\/IMG-20251112-WA0020.jpg?fit=635%2C439&ssl=1\",\"articleSection\":[\"Justice\"],\"inLanguage\":\"fr-FR\",\"potentialAction\":[{\"@type\":\"CommentAction\",\"name\":\"Comment\",\"target\":[\"https:\\\/\\\/infos-droitshumains.net\\\/?p=16774#respond\"]}]},{\"@type\":\"WebPage\",\"@id\":\"https:\\\/\\\/infos-droitshumains.net\\\/?p=16774\",\"url\":\"https:\\\/\\\/infos-droitshumains.net\\\/?p=16774\",\"name\":\"Gangst\u00e9risme judiciaire \u00e0 la Cour d\u2019Appel du Kongo-Central : le Premier Pr\u00e9sident Calixe Bekanga d\u00e9fie ouvertement sa hi\u00e9rarchie - Infos Droits Humains\",\"isPartOf\":{\"@id\":\"https:\\\/\\\/infos-droitshumains.net\\\/#website\"},\"primaryImageOfPage\":{\"@id\":\"https:\\\/\\\/infos-droitshumains.net\\\/?p=16774#primaryimage\"},\"image\":{\"@id\":\"https:\\\/\\\/infos-droitshumains.net\\\/?p=16774#primaryimage\"},\"thumbnailUrl\":\"https:\\\/\\\/i0.wp.com\\\/infos-droitshumains.net\\\/wp-content\\\/uploads\\\/2025\\\/11\\\/IMG-20251112-WA0020.jpg?fit=635%2C439&ssl=1\",\"datePublished\":\"2025-11-12T12:35:16+00:00\",\"dateModified\":\"2025-11-12T12:37:40+00:00\",\"breadcrumb\":{\"@id\":\"https:\\\/\\\/infos-droitshumains.net\\\/?p=16774#breadcrumb\"},\"inLanguage\":\"fr-FR\",\"potentialAction\":[{\"@type\":\"ReadAction\",\"target\":[\"https:\\\/\\\/infos-droitshumains.net\\\/?p=16774\"]}]},{\"@type\":\"ImageObject\",\"inLanguage\":\"fr-FR\",\"@id\":\"https:\\\/\\\/infos-droitshumains.net\\\/?p=16774#primaryimage\",\"url\":\"https:\\\/\\\/i0.wp.com\\\/infos-droitshumains.net\\\/wp-content\\\/uploads\\\/2025\\\/11\\\/IMG-20251112-WA0020.jpg?fit=635%2C439&ssl=1\",\"contentUrl\":\"https:\\\/\\\/i0.wp.com\\\/infos-droitshumains.net\\\/wp-content\\\/uploads\\\/2025\\\/11\\\/IMG-20251112-WA0020.jpg?fit=635%2C439&ssl=1\",\"width\":635,\"height\":439},{\"@type\":\"BreadcrumbList\",\"@id\":\"https:\\\/\\\/infos-droitshumains.net\\\/?p=16774#breadcrumb\",\"itemListElement\":[{\"@type\":\"ListItem\",\"position\":1,\"name\":\"Accueil\",\"item\":\"https:\\\/\\\/infos-droitshumains.net\\\/\"},{\"@type\":\"ListItem\",\"position\":2,\"name\":\"Gangst\u00e9risme judiciaire \u00e0 la Cour d\u2019Appel du Kongo-Central : le Premier Pr\u00e9sident Calixe Bekanga d\u00e9fie ouvertement sa hi\u00e9rarchie\"}]},{\"@type\":\"WebSite\",\"@id\":\"https:\\\/\\\/infos-droitshumains.net\\\/#website\",\"url\":\"https:\\\/\\\/infos-droitshumains.net\\\/\",\"name\":\"Infos Droits Humains\",\"description\":\"S&#039;informer est un droit\",\"publisher\":{\"@id\":\"https:\\\/\\\/infos-droitshumains.net\\\/#organization\"},\"potentialAction\":[{\"@type\":\"SearchAction\",\"target\":{\"@type\":\"EntryPoint\",\"urlTemplate\":\"https:\\\/\\\/infos-droitshumains.net\\\/?s={search_term_string}\"},\"query-input\":{\"@type\":\"PropertyValueSpecification\",\"valueRequired\":true,\"valueName\":\"search_term_string\"}}],\"inLanguage\":\"fr-FR\"},{\"@type\":\"Organization\",\"@id\":\"https:\\\/\\\/infos-droitshumains.net\\\/#organization\",\"name\":\"Infos Droits Humains\",\"url\":\"https:\\\/\\\/infos-droitshumains.net\\\/\",\"logo\":{\"@type\":\"ImageObject\",\"inLanguage\":\"fr-FR\",\"@id\":\"https:\\\/\\\/infos-droitshumains.net\\\/#\\\/schema\\\/logo\\\/image\\\/\",\"url\":\"https:\\\/\\\/i0.wp.com\\\/infos-droitshumains.net\\\/wp-content\\\/uploads\\\/2022\\\/05\\\/Logo.png?fit=333%2C129&ssl=1\",\"contentUrl\":\"https:\\\/\\\/i0.wp.com\\\/infos-droitshumains.net\\\/wp-content\\\/uploads\\\/2022\\\/05\\\/Logo.png?fit=333%2C129&ssl=1\",\"width\":333,\"height\":129,\"caption\":\"Infos Droits Humains\"},\"image\":{\"@id\":\"https:\\\/\\\/infos-droitshumains.net\\\/#\\\/schema\\\/logo\\\/image\\\/\"}},{\"@type\":\"Person\",\"@id\":\"https:\\\/\\\/infos-droitshumains.net\\\/#\\\/schema\\\/person\\\/3dc5e921c3302172e0ed4362f96faab7\",\"name\":\"Jo\u00ebl Diawa\",\"image\":{\"@type\":\"ImageObject\",\"inLanguage\":\"fr-FR\",\"@id\":\"https:\\\/\\\/secure.gravatar.com\\\/avatar\\\/729bea6ff4604c624417803c477363be8e3c7186deaa65713313f9b4b820f41c?s=96&d=mm&r=g\",\"url\":\"https:\\\/\\\/secure.gravatar.com\\\/avatar\\\/729bea6ff4604c624417803c477363be8e3c7186deaa65713313f9b4b820f41c?s=96&d=mm&r=g\",\"contentUrl\":\"https:\\\/\\\/secure.gravatar.com\\\/avatar\\\/729bea6ff4604c624417803c477363be8e3c7186deaa65713313f9b4b820f41c?s=96&d=mm&r=g\",\"caption\":\"Jo\u00ebl Diawa\"},\"sameAs\":[\"https:\\\/\\\/www.infos-droitshumains.net\"],\"url\":\"https:\\\/\\\/infos-droitshumains.net\\\/?author=2\"}]}<\/script>\n<!-- \/ Yoast SEO plugin. -->","yoast_head_json":{"title":"Gangst\u00e9risme judiciaire \u00e0 la Cour d\u2019Appel du Kongo-Central : le Premier Pr\u00e9sident Calixe Bekanga d\u00e9fie ouvertement sa hi\u00e9rarchie - Infos Droits Humains","robots":{"index":"index","follow":"follow","max-snippet":"max-snippet:-1","max-image-preview":"max-image-preview:large","max-video-preview":"max-video-preview:-1"},"canonical":"https:\/\/infos-droitshumains.net\/?p=16774","og_locale":"fr_FR","og_type":"article","og_title":"Gangst\u00e9risme judiciaire \u00e0 la Cour d\u2019Appel du Kongo-Central : le Premier Pr\u00e9sident Calixe Bekanga d\u00e9fie ouvertement sa hi\u00e9rarchie - Infos Droits Humains","og_description":"R\u00e9daction: +243 817 406 088 Une sc\u00e8ne inhabituelle s\u2019est produite \u00e0 la Cour d\u2019Appel du...","og_url":"https:\/\/infos-droitshumains.net\/?p=16774","og_site_name":"Infos Droits Humains","article_published_time":"2025-11-12T12:35:16+00:00","article_modified_time":"2025-11-12T12:37:40+00:00","og_image":[{"width":635,"height":439,"url":"https:\/\/infos-droitshumains.net\/wp-content\/uploads\/2025\/11\/IMG-20251112-WA0020.jpg","type":"image\/jpeg"}],"author":"Jo\u00ebl Diawa","twitter_card":"summary_large_image","twitter_misc":{"\u00c9crit par":"Jo\u00ebl Diawa","Dur\u00e9e de lecture estim\u00e9e":"2 minutes"},"schema":{"@context":"https:\/\/schema.org","@graph":[{"@type":"Article","@id":"https:\/\/infos-droitshumains.net\/?p=16774#article","isPartOf":{"@id":"https:\/\/infos-droitshumains.net\/?p=16774"},"author":{"name":"Jo\u00ebl Diawa","@id":"https:\/\/infos-droitshumains.net\/#\/schema\/person\/3dc5e921c3302172e0ed4362f96faab7"},"headline":"Gangst\u00e9risme judiciaire \u00e0 la Cour d\u2019Appel du Kongo-Central : le Premier Pr\u00e9sident Calixe Bekanga d\u00e9fie ouvertement sa hi\u00e9rarchie","datePublished":"2025-11-12T12:35:16+00:00","dateModified":"2025-11-12T12:37:40+00:00","mainEntityOfPage":{"@id":"https:\/\/infos-droitshumains.net\/?p=16774"},"wordCount":335,"commentCount":0,"publisher":{"@id":"https:\/\/infos-droitshumains.net\/#organization"},"image":{"@id":"https:\/\/infos-droitshumains.net\/?p=16774#primaryimage"},"thumbnailUrl":"https:\/\/i0.wp.com\/infos-droitshumains.net\/wp-content\/uploads\/2025\/11\/IMG-20251112-WA0020.jpg?fit=635%2C439&ssl=1","articleSection":["Justice"],"inLanguage":"fr-FR","potentialAction":[{"@type":"CommentAction","name":"Comment","target":["https:\/\/infos-droitshumains.net\/?p=16774#respond"]}]},{"@type":"WebPage","@id":"https:\/\/infos-droitshumains.net\/?p=16774","url":"https:\/\/infos-droitshumains.net\/?p=16774","name":"Gangst\u00e9risme judiciaire \u00e0 la Cour d\u2019Appel du Kongo-Central : le Premier Pr\u00e9sident Calixe Bekanga d\u00e9fie ouvertement sa hi\u00e9rarchie - Infos Droits Humains","isPartOf":{"@id":"https:\/\/infos-droitshumains.net\/#website"},"primaryImageOfPage":{"@id":"https:\/\/infos-droitshumains.net\/?p=16774#primaryimage"},"image":{"@id":"https:\/\/infos-droitshumains.net\/?p=16774#primaryimage"},"thumbnailUrl":"https:\/\/i0.wp.com\/infos-droitshumains.net\/wp-content\/uploads\/2025\/11\/IMG-20251112-WA0020.jpg?fit=635%2C439&ssl=1","datePublished":"2025-11-12T12:35:16+00:00","dateModified":"2025-11-12T12:37:40+00:00","breadcrumb":{"@id":"https:\/\/infos-droitshumains.net\/?p=16774#breadcrumb"},"inLanguage":"fr-FR","potentialAction":[{"@type":"ReadAction","target":["https:\/\/infos-droitshumains.net\/?p=16774"]}]},{"@type":"ImageObject","inLanguage":"fr-FR","@id":"https:\/\/infos-droitshumains.net\/?p=16774#primaryimage","url":"https:\/\/i0.wp.com\/infos-droitshumains.net\/wp-content\/uploads\/2025\/11\/IMG-20251112-WA0020.jpg?fit=635%2C439&ssl=1","contentUrl":"https:\/\/i0.wp.com\/infos-droitshumains.net\/wp-content\/uploads\/2025\/11\/IMG-20251112-WA0020.jpg?fit=635%2C439&ssl=1","width":635,"height":439},{"@type":"BreadcrumbList","@id":"https:\/\/infos-droitshumains.net\/?p=16774#breadcrumb","itemListElement":[{"@type":"ListItem","position":1,"name":"Accueil","item":"https:\/\/infos-droitshumains.net\/"},{"@type":"ListItem","position":2,"name":"Gangst\u00e9risme judiciaire \u00e0 la Cour d\u2019Appel du Kongo-Central : le Premier Pr\u00e9sident Calixe Bekanga d\u00e9fie ouvertement sa hi\u00e9rarchie"}]},{"@type":"WebSite","@id":"https:\/\/infos-droitshumains.net\/#website","url":"https:\/\/infos-droitshumains.net\/","name":"Infos Droits Humains","description":"S&#039;informer est un droit","publisher":{"@id":"https:\/\/infos-droitshumains.net\/#organization"},"potentialAction":[{"@type":"SearchAction","target":{"@type":"EntryPoint","urlTemplate":"https:\/\/infos-droitshumains.net\/?s={search_term_string}"},"query-input":{"@type":"PropertyValueSpecification","valueRequired":true,"valueName":"search_term_string"}}],"inLanguage":"fr-FR"},{"@type":"Organization","@id":"https:\/\/infos-droitshumains.net\/#organization","name":"Infos Droits Humains","url":"https:\/\/infos-droitshumains.net\/","logo":{"@type":"ImageObject","inLanguage":"fr-FR","@id":"https:\/\/infos-droitshumains.net\/#\/schema\/logo\/image\/","url":"https:\/\/i0.wp.com\/infos-droitshumains.net\/wp-content\/uploads\/2022\/05\/Logo.png?fit=333%2C129&ssl=1","contentUrl":"https:\/\/i0.wp.com\/infos-droitshumains.net\/wp-content\/uploads\/2022\/05\/Logo.png?fit=333%2C129&ssl=1","width":333,"height":129,"caption":"Infos Droits Humains"},"image":{"@id":"https:\/\/infos-droitshumains.net\/#\/schema\/logo\/image\/"}},{"@type":"Person","@id":"https:\/\/infos-droitshumains.net\/#\/schema\/person\/3dc5e921c3302172e0ed4362f96faab7","name":"Jo\u00ebl Diawa","image":{"@type":"ImageObject","inLanguage":"fr-FR","@id":"https:\/\/secure.gravatar.com\/avatar\/729bea6ff4604c624417803c477363be8e3c7186deaa65713313f9b4b820f41c?s=96&d=mm&r=g","url":"https:\/\/secure.gravatar.com\/avatar\/729bea6ff4604c624417803c477363be8e3c7186deaa65713313f9b4b820f41c?s=96&d=mm&r=g","contentUrl":"https:\/\/secure.gravatar.com\/avatar\/729bea6ff4604c624417803c477363be8e3c7186deaa65713313f9b4b820f41c?s=96&d=mm&r=g","caption":"Jo\u00ebl Diawa"},"sameAs":["https:\/\/www.infos-droitshumains.net"],"url":"https:\/\/infos-droitshumains.net\/?author=2"}]}},"featured_image_urls":{"full":["https:\/\/i0.wp.com\/infos-droitshumains.net\/wp-content\/uploads\/2025\/11\/IMG-20251112-WA0020.jpg?fit=635%2C439&ssl=1",635,439,false],"thumbnail":["https:\/\/i0.wp.com\/infos-droitshumains.net\/wp-content\/uploads\/2025\/11\/IMG-20251112-WA0020.jpg?resize=150%2C150&ssl=1",150,150,true],"medium":["https:\/\/i0.wp.com\/infos-droitshumains.net\/wp-content\/uploads\/2025\/11\/IMG-20251112-WA0020.jpg?fit=300%2C207&ssl=1",300,207,true],"medium_large":["https:\/\/i0.wp.com\/infos-droitshumains.net\/wp-content\/uploads\/2025\/11\/IMG-20251112-WA0020.jpg?fit=635%2C439&ssl=1",635,439,true],"large":["https:\/\/i0.wp.com\/infos-droitshumains.net\/wp-content\/uploads\/2025\/11\/IMG-20251112-WA0020.jpg?fit=635%2C439&ssl=1",635,439,true],"1536x1536":["https:\/\/i0.wp.com\/infos-droitshumains.net\/wp-content\/uploads\/2025\/11\/IMG-20251112-WA0020.jpg?fit=635%2C439&ssl=1",635,439,true],"2048x2048":["https:\/\/i0.wp.com\/infos-droitshumains.net\/wp-content\/uploads\/2025\/11\/IMG-20251112-WA0020.jpg?fit=635%2C439&ssl=1",635,439,true],"covernews-slider-full":["https:\/\/i0.wp.com\/infos-droitshumains.net\/wp-content\/uploads\/2025\/11\/IMG-20251112-WA0020.jpg?resize=635%2C439&ssl=1",635,439,true],"covernews-slider-center":["https:\/\/i0.wp.com\/infos-droitshumains.net\/wp-content\/uploads\/2025\/11\/IMG-20251112-WA0020.jpg?resize=635%2C439&ssl=1",635,439,true],"covernews-featured":["https:\/\/i0.wp.com\/infos-droitshumains.net\/wp-content\/uploads\/2025\/11\/IMG-20251112-WA0020.jpg?fit=635%2C439&ssl=1",635,439,true],"covernews-medium":["https:\/\/i0.wp.com\/infos-droitshumains.net\/wp-content\/uploads\/2025\/11\/IMG-20251112-WA0020.jpg?resize=540%2C340&ssl=1",540,340,true],"covernews-medium-square":["https:\/\/i0.wp.com\/infos-droitshumains.net\/wp-content\/uploads\/2025\/11\/IMG-20251112-WA0020.jpg?resize=400%2C250&ssl=1",400,250,true]},"author_info":{"display_name":"Jo\u00ebl Diawa","author_link":"https:\/\/infos-droitshumains.net\/?author=2"},"category_info":"<a href=\"https:\/\/infos-droitshumains.net\/?cat=6\" rel=\"category\">Justice<\/a>","tag_info":"Justice","comment_count":"0","jetpack_featured_media_url":"https:\/\/i0.wp.com\/infos-droitshumains.net\/wp-content\/uploads\/2025\/11\/IMG-20251112-WA0020.jpg?fit=635%2C439&ssl=1","jetpack-related-posts":[],"jetpack_sharing_enabled":true,"_links":{"self":[{"href":"https:\/\/infos-droitshumains.net\/index.php?rest_route=\/wp\/v2\/posts\/16774","targetHints":{"allow":["GET"]}}],"collection":[{"href":"https:\/\/infos-droitshumains.net\/index.php?rest_route=\/wp\/v2\/posts"}],"about":[{"href":"https:\/\/infos-droitshumains.net\/index.php?rest_route=\/wp\/v2\/types\/post"}],"author":[{"embeddable":true,"href":"https:\/\/infos-droitshumains.net\/index.php?rest_route=\/wp\/v2\/users\/2"}],"replies":[{"embeddable":true,"href":"https:\/\/infos-droitshumains.net\/index.php?rest_route=%2Fwp%2Fv2%2Fcomments&post=16774"}],"version-history":[{"count":2,"href":"https:\/\/infos-droitshumains.net\/index.php?rest_route=\/wp\/v2\/posts\/16774\/revisions"}],"predecessor-version":[{"id":16776,"href":"https:\/\/infos-droitshumains.net\/index.php?rest_route=\/wp\/v2\/posts\/16774\/revisions\/16776"}],"wp:featuredmedia":[{"embeddable":true,"href":"https:\/\/infos-droitshumains.net\/index.php?rest_route=\/wp\/v2\/media\/16777"}],"wp:attachment":[{"href":"https:\/\/infos-droitshumains.net\/index.php?rest_route=%2Fwp%2Fv2%2Fmedia&parent=16774"}],"wp:term":[{"taxonomy":"category","embeddable":true,"href":"https:\/\/infos-droitshumains.net\/index.php?rest_route=%2Fwp%2Fv2%2Fcategories&post=16774"},{"taxonomy":"post_tag","embeddable":true,"href":"https:\/\/infos-droitshumains.net\/index.php?rest_route=%2Fwp%2Fv2%2Ftags&post=16774"}],"curies":[{"name":"wp","href":"https:\/\/api.w.org\/{rel}","templated":true}]}}