{"id":1677,"date":"2022-01-30T09:07:17","date_gmt":"2022-01-30T08:07:17","guid":{"rendered":"https:\/\/infos-droitshumains.net\/?p=1677"},"modified":"2023-04-06T12:10:31","modified_gmt":"2023-04-06T10:10:31","slug":"mondial-qatar-2022-le-president-felix-tshisekedi-sinvestit-pour-la-qualification-des-leopards","status":"publish","type":"post","link":"https:\/\/infos-droitshumains.net\/?p=1677","title":{"rendered":"Mondial Qatar 2022 : Le pr\u00e9sident F\u00e9lix Tshisekedi s\u2019investit pour la qualification des l\u00e9opards"},"content":{"rendered":"\n<p><strong>R\u00e9daction :+243817406088<\/strong><\/p>\n\n\n\n<p>La RDC affronte le Maroc le 23 mars \u00e0 Kinshasa et le 29 mars \u00e0 Rabat dans le cadre du tout de barrage des \u00e9liminatoires de la coupe du monde Qatar 2022. Dans le cadre des pr\u00e9paratifs de cette double confrontation, le pr\u00e9sident de la R\u00e9publique a invit\u00e9 le gouvernement \u00e0 accompagner davantage l&rsquo;\u00e9quipe nationale de football<em><strong> \u00abqui a fait preuve de bravoure et de d\u00e9termination en se pla\u00e7ant parmi les 10 meilleures \u00e9quipes nationales qualifi\u00e9es pour la phase de barrage\u00bb.<\/strong><\/em><\/p>\n\n\n\n<p>Au cours de la 38\u00e8me r\u00e9union du  conseil des ministres, le pr\u00e9sident F\u00e9lix Tshisekedi a instamment charg\u00e9 les Ministres en charge du Budget, des Finances et des Sports<strong><em> \u00abde veiller \u00e0 ce que toutes les ressources humaines, financi\u00e8res et logistiques concourant \u00e0 la victoire de nos L\u00e9opards, soient mobilis\u00e9es dans les meilleurs d\u00e9lais\u00bb.<\/em><\/strong><\/p>\n\n\n\n<p>Il a \u00e9galement insist\u00e9 pour que <em>\u00abtout soit mis en \u0153uvre pour que les travaux de r\u00e9habilitation du Stade des Martyrs se terminent au plus vite\u00bb <\/em>peut-on lire dans le compte rendu de ce conseil des ministres.<\/p>\n\n\n\n<p>Le Pr\u00e9sident de la R\u00e9publique a en outre demand\u00e9 \u00e0 toute la population de se ranger derri\u00e8re les L\u00e9opards ; car, \u00e0 l\u2019en croire, le sport en g\u00e9n\u00e9ral, et le football en particulier, constituent <strong><em>\u00abl&rsquo;identit\u00e9 congolaise\u00bb<\/em><\/strong> et contribue profond\u00e9ment \u00e0 la <strong><em>\u00abcoh\u00e9sion et \u00e0 l\u2019unit\u00e9\u0301 nationales\u00bb.<\/em><\/strong><\/p>\n\n\n\n<p>Lors du repas convivial, apr\u00e8s la victoire des l\u00e9opards en novembre dernier contre les \u00e9cureuils du B\u00e9nin, le Chef de l\u2019\u00c9tat avait lanc\u00e9 l\u2019op\u00e9ration <strong>\u00abObjectif Qatar 2022\u00bb<\/strong> cette op\u00e9ration visait \u00e0 inviter les autorit\u00e9s et la population \u00e0 se mobiliser derri\u00e8re les L\u00e9opards afin de les soutenir dans la derni\u00e8re \u00e9tape de qualification pour le Mondial Qatar 2022.<\/p>\n\n\n\n<p>Actuellement, les l\u00e9opards sont en stage au Bahre\u00efn pour pr\u00e9parer cette double confrontation contre le Maroc pr\u00e9vue au moi de mars.<\/p>\n\n\n\n<p>C\u2019est depuis 1974 soit 48 ans que la RDC n\u2019a plus particip\u00e9 \u00e0 une phase finale de la coupe du monde. En cas de qualification, l\u2019histoire retiendra que c\u2019est sous le r\u00e8gne de F\u00e9lix Tshisekedi que les l\u00e9opards \u00e9taient qualifi\u00e9s \u00e0 la coupe du monde pr\u00e8s de 50 ans apr\u00e8s.<\/p>\n\n\n\n<p>Jo\u00ebl Diawa<\/p>\n","protected":false},"excerpt":{"rendered":"<p>R\u00e9daction :+243817406088 La RDC affronte le Maroc le 23 mars \u00e0 Kinshasa et le 29&#8230;<\/p>\n","protected":false},"author":2,"featured_media":0,"comment_status":"closed","ping_status":"open","sticky":false,"template":"","format":"standard","meta":{"_jetpack_memberships_contains_paid_content":false,"footnotes":""},"categories":[1],"tags":[],"class_list":["post-1677","post","type-post","status-publish","format-standard","hentry","category-non-classe"],"yoast_head":"<!-- This site is optimized with the Yoast SEO plugin v27.5 - https:\/\/yoast.com\/product\/yoast-seo-wordpress\/ -->\n<title>Mondial Qatar 2022 : Le pr\u00e9sident F\u00e9lix Tshisekedi s\u2019investit pour la qualification des l\u00e9opards - Infos Droits Humains<\/title>\n<meta name=\"robots\" content=\"index, follow, max-snippet:-1, max-image-preview:large, max-video-preview:-1\" \/>\n<link rel=\"canonical\" href=\"https:\/\/infos-droitshumains.net\/?p=1677\" \/>\n<meta property=\"og:locale\" content=\"fr_FR\" \/>\n<meta property=\"og:type\" content=\"article\" \/>\n<meta property=\"og:title\" content=\"Mondial Qatar 2022 : Le pr\u00e9sident F\u00e9lix Tshisekedi s\u2019investit pour la qualification des l\u00e9opards - Infos Droits Humains\" \/>\n<meta property=\"og:description\" content=\"R\u00e9daction :+243817406088 La RDC affronte le Maroc le 23 mars \u00e0 Kinshasa et le 29...\" \/>\n<meta property=\"og:url\" content=\"https:\/\/infos-droitshumains.net\/?p=1677\" \/>\n<meta property=\"og:site_name\" content=\"Infos Droits Humains\" \/>\n<meta property=\"article:published_time\" content=\"2022-01-30T08:07:17+00:00\" \/>\n<meta property=\"article:modified_time\" content=\"2023-04-06T10:10:31+00:00\" \/>\n<meta name=\"author\" content=\"Jo\u00ebl Diawa\" \/>\n<meta name=\"twitter:card\" content=\"summary_large_image\" \/>\n<meta name=\"twitter:label1\" content=\"\u00c9crit par\" \/>\n\t<meta name=\"twitter:data1\" content=\"Jo\u00ebl Diawa\" \/>\n\t<meta name=\"twitter:label2\" content=\"Dur\u00e9e de lecture estim\u00e9e\" \/>\n\t<meta name=\"twitter:data2\" content=\"2 minutes\" \/>\n<script type=\"application\/ld+json\" class=\"yoast-schema-graph\">{\"@context\":\"https:\\\/\\\/schema.org\",\"@graph\":[{\"@type\":\"Article\",\"@id\":\"https:\\\/\\\/infos-droitshumains.net\\\/?p=1677#article\",\"isPartOf\":{\"@id\":\"https:\\\/\\\/infos-droitshumains.net\\\/?p=1677\"},\"author\":{\"name\":\"Jo\u00ebl Diawa\",\"@id\":\"https:\\\/\\\/infos-droitshumains.net\\\/#\\\/schema\\\/person\\\/3dc5e921c3302172e0ed4362f96faab7\"},\"headline\":\"Mondial Qatar 2022 : Le pr\u00e9sident F\u00e9lix Tshisekedi s\u2019investit pour la qualification des l\u00e9opards\",\"datePublished\":\"2022-01-30T08:07:17+00:00\",\"dateModified\":\"2023-04-06T10:10:31+00:00\",\"mainEntityOfPage\":{\"@id\":\"https:\\\/\\\/infos-droitshumains.net\\\/?p=1677\"},\"wordCount\":394,\"publisher\":{\"@id\":\"https:\\\/\\\/infos-droitshumains.net\\\/#organization\"},\"inLanguage\":\"fr-FR\"},{\"@type\":\"WebPage\",\"@id\":\"https:\\\/\\\/infos-droitshumains.net\\\/?p=1677\",\"url\":\"https:\\\/\\\/infos-droitshumains.net\\\/?p=1677\",\"name\":\"Mondial Qatar 2022 : Le pr\u00e9sident F\u00e9lix Tshisekedi s\u2019investit pour la qualification des l\u00e9opards - Infos Droits Humains\",\"isPartOf\":{\"@id\":\"https:\\\/\\\/infos-droitshumains.net\\\/#website\"},\"datePublished\":\"2022-01-30T08:07:17+00:00\",\"dateModified\":\"2023-04-06T10:10:31+00:00\",\"breadcrumb\":{\"@id\":\"https:\\\/\\\/infos-droitshumains.net\\\/?p=1677#breadcrumb\"},\"inLanguage\":\"fr-FR\",\"potentialAction\":[{\"@type\":\"ReadAction\",\"target\":[\"https:\\\/\\\/infos-droitshumains.net\\\/?p=1677\"]}]},{\"@type\":\"BreadcrumbList\",\"@id\":\"https:\\\/\\\/infos-droitshumains.net\\\/?p=1677#breadcrumb\",\"itemListElement\":[{\"@type\":\"ListItem\",\"position\":1,\"name\":\"Accueil\",\"item\":\"https:\\\/\\\/infos-droitshumains.net\\\/\"},{\"@type\":\"ListItem\",\"position\":2,\"name\":\"Mondial Qatar 2022 : Le pr\u00e9sident F\u00e9lix Tshisekedi s\u2019investit pour la qualification des l\u00e9opards\"}]},{\"@type\":\"WebSite\",\"@id\":\"https:\\\/\\\/infos-droitshumains.net\\\/#website\",\"url\":\"https:\\\/\\\/infos-droitshumains.net\\\/\",\"name\":\"Infos Droits Humains\",\"description\":\"S&#039;informer est un droit\",\"publisher\":{\"@id\":\"https:\\\/\\\/infos-droitshumains.net\\\/#organization\"},\"potentialAction\":[{\"@type\":\"SearchAction\",\"target\":{\"@type\":\"EntryPoint\",\"urlTemplate\":\"https:\\\/\\\/infos-droitshumains.net\\\/?s={search_term_string}\"},\"query-input\":{\"@type\":\"PropertyValueSpecification\",\"valueRequired\":true,\"valueName\":\"search_term_string\"}}],\"inLanguage\":\"fr-FR\"},{\"@type\":\"Organization\",\"@id\":\"https:\\\/\\\/infos-droitshumains.net\\\/#organization\",\"name\":\"Infos Droits Humains\",\"url\":\"https:\\\/\\\/infos-droitshumains.net\\\/\",\"logo\":{\"@type\":\"ImageObject\",\"inLanguage\":\"fr-FR\",\"@id\":\"https:\\\/\\\/infos-droitshumains.net\\\/#\\\/schema\\\/logo\\\/image\\\/\",\"url\":\"https:\\\/\\\/i0.wp.com\\\/infos-droitshumains.net\\\/wp-content\\\/uploads\\\/2022\\\/05\\\/Logo.png?fit=333%2C129&ssl=1\",\"contentUrl\":\"https:\\\/\\\/i0.wp.com\\\/infos-droitshumains.net\\\/wp-content\\\/uploads\\\/2022\\\/05\\\/Logo.png?fit=333%2C129&ssl=1\",\"width\":333,\"height\":129,\"caption\":\"Infos Droits Humains\"},\"image\":{\"@id\":\"https:\\\/\\\/infos-droitshumains.net\\\/#\\\/schema\\\/logo\\\/image\\\/\"}},{\"@type\":\"Person\",\"@id\":\"https:\\\/\\\/infos-droitshumains.net\\\/#\\\/schema\\\/person\\\/3dc5e921c3302172e0ed4362f96faab7\",\"name\":\"Jo\u00ebl Diawa\",\"image\":{\"@type\":\"ImageObject\",\"inLanguage\":\"fr-FR\",\"@id\":\"https:\\\/\\\/secure.gravatar.com\\\/avatar\\\/729bea6ff4604c624417803c477363be8e3c7186deaa65713313f9b4b820f41c?s=96&d=mm&r=g\",\"url\":\"https:\\\/\\\/secure.gravatar.com\\\/avatar\\\/729bea6ff4604c624417803c477363be8e3c7186deaa65713313f9b4b820f41c?s=96&d=mm&r=g\",\"contentUrl\":\"https:\\\/\\\/secure.gravatar.com\\\/avatar\\\/729bea6ff4604c624417803c477363be8e3c7186deaa65713313f9b4b820f41c?s=96&d=mm&r=g\",\"caption\":\"Jo\u00ebl Diawa\"},\"sameAs\":[\"https:\\\/\\\/www.infos-droitshumains.net\"],\"url\":\"https:\\\/\\\/infos-droitshumains.net\\\/?author=2\"}]}<\/script>\n<!-- \/ Yoast SEO plugin. -->","yoast_head_json":{"title":"Mondial Qatar 2022 : Le pr\u00e9sident F\u00e9lix Tshisekedi s\u2019investit pour la qualification des l\u00e9opards - Infos Droits Humains","robots":{"index":"index","follow":"follow","max-snippet":"max-snippet:-1","max-image-preview":"max-image-preview:large","max-video-preview":"max-video-preview:-1"},"canonical":"https:\/\/infos-droitshumains.net\/?p=1677","og_locale":"fr_FR","og_type":"article","og_title":"Mondial Qatar 2022 : Le pr\u00e9sident F\u00e9lix Tshisekedi s\u2019investit pour la qualification des l\u00e9opards - Infos Droits Humains","og_description":"R\u00e9daction :+243817406088 La RDC affronte le Maroc le 23 mars \u00e0 Kinshasa et le 29...","og_url":"https:\/\/infos-droitshumains.net\/?p=1677","og_site_name":"Infos Droits Humains","article_published_time":"2022-01-30T08:07:17+00:00","article_modified_time":"2023-04-06T10:10:31+00:00","author":"Jo\u00ebl Diawa","twitter_card":"summary_large_image","twitter_misc":{"\u00c9crit par":"Jo\u00ebl Diawa","Dur\u00e9e de lecture estim\u00e9e":"2 minutes"},"schema":{"@context":"https:\/\/schema.org","@graph":[{"@type":"Article","@id":"https:\/\/infos-droitshumains.net\/?p=1677#article","isPartOf":{"@id":"https:\/\/infos-droitshumains.net\/?p=1677"},"author":{"name":"Jo\u00ebl Diawa","@id":"https:\/\/infos-droitshumains.net\/#\/schema\/person\/3dc5e921c3302172e0ed4362f96faab7"},"headline":"Mondial Qatar 2022 : Le pr\u00e9sident F\u00e9lix Tshisekedi s\u2019investit pour la qualification des l\u00e9opards","datePublished":"2022-01-30T08:07:17+00:00","dateModified":"2023-04-06T10:10:31+00:00","mainEntityOfPage":{"@id":"https:\/\/infos-droitshumains.net\/?p=1677"},"wordCount":394,"publisher":{"@id":"https:\/\/infos-droitshumains.net\/#organization"},"inLanguage":"fr-FR"},{"@type":"WebPage","@id":"https:\/\/infos-droitshumains.net\/?p=1677","url":"https:\/\/infos-droitshumains.net\/?p=1677","name":"Mondial Qatar 2022 : Le pr\u00e9sident F\u00e9lix Tshisekedi s\u2019investit pour la qualification des l\u00e9opards - Infos Droits Humains","isPartOf":{"@id":"https:\/\/infos-droitshumains.net\/#website"},"datePublished":"2022-01-30T08:07:17+00:00","dateModified":"2023-04-06T10:10:31+00:00","breadcrumb":{"@id":"https:\/\/infos-droitshumains.net\/?p=1677#breadcrumb"},"inLanguage":"fr-FR","potentialAction":[{"@type":"ReadAction","target":["https:\/\/infos-droitshumains.net\/?p=1677"]}]},{"@type":"BreadcrumbList","@id":"https:\/\/infos-droitshumains.net\/?p=1677#breadcrumb","itemListElement":[{"@type":"ListItem","position":1,"name":"Accueil","item":"https:\/\/infos-droitshumains.net\/"},{"@type":"ListItem","position":2,"name":"Mondial Qatar 2022 : Le pr\u00e9sident F\u00e9lix Tshisekedi s\u2019investit pour la qualification des l\u00e9opards"}]},{"@type":"WebSite","@id":"https:\/\/infos-droitshumains.net\/#website","url":"https:\/\/infos-droitshumains.net\/","name":"Infos Droits Humains","description":"S&#039;informer est un droit","publisher":{"@id":"https:\/\/infos-droitshumains.net\/#organization"},"potentialAction":[{"@type":"SearchAction","target":{"@type":"EntryPoint","urlTemplate":"https:\/\/infos-droitshumains.net\/?s={search_term_string}"},"query-input":{"@type":"PropertyValueSpecification","valueRequired":true,"valueName":"search_term_string"}}],"inLanguage":"fr-FR"},{"@type":"Organization","@id":"https:\/\/infos-droitshumains.net\/#organization","name":"Infos Droits Humains","url":"https:\/\/infos-droitshumains.net\/","logo":{"@type":"ImageObject","inLanguage":"fr-FR","@id":"https:\/\/infos-droitshumains.net\/#\/schema\/logo\/image\/","url":"https:\/\/i0.wp.com\/infos-droitshumains.net\/wp-content\/uploads\/2022\/05\/Logo.png?fit=333%2C129&ssl=1","contentUrl":"https:\/\/i0.wp.com\/infos-droitshumains.net\/wp-content\/uploads\/2022\/05\/Logo.png?fit=333%2C129&ssl=1","width":333,"height":129,"caption":"Infos Droits Humains"},"image":{"@id":"https:\/\/infos-droitshumains.net\/#\/schema\/logo\/image\/"}},{"@type":"Person","@id":"https:\/\/infos-droitshumains.net\/#\/schema\/person\/3dc5e921c3302172e0ed4362f96faab7","name":"Jo\u00ebl Diawa","image":{"@type":"ImageObject","inLanguage":"fr-FR","@id":"https:\/\/secure.gravatar.com\/avatar\/729bea6ff4604c624417803c477363be8e3c7186deaa65713313f9b4b820f41c?s=96&d=mm&r=g","url":"https:\/\/secure.gravatar.com\/avatar\/729bea6ff4604c624417803c477363be8e3c7186deaa65713313f9b4b820f41c?s=96&d=mm&r=g","contentUrl":"https:\/\/secure.gravatar.com\/avatar\/729bea6ff4604c624417803c477363be8e3c7186deaa65713313f9b4b820f41c?s=96&d=mm&r=g","caption":"Jo\u00ebl Diawa"},"sameAs":["https:\/\/www.infos-droitshumains.net"],"url":"https:\/\/infos-droitshumains.net\/?author=2"}]}},"featured_image_urls":{"full":"","thumbnail":"","medium":"","medium_large":"","large":"","1536x1536":"","2048x2048":"","covernews-slider-full":"","covernews-slider-center":"","covernews-featured":"","covernews-medium":"","covernews-medium-square":""},"author_info":{"display_name":"Jo\u00ebl Diawa","author_link":"https:\/\/infos-droitshumains.net\/?author=2"},"category_info":"<a href=\"https:\/\/infos-droitshumains.net\/?cat=1\" rel=\"category\">Non class\u00e9<\/a>","tag_info":"Non class\u00e9","comment_count":"0","jetpack_featured_media_url":"","jetpack-related-posts":[],"jetpack_sharing_enabled":true,"_links":{"self":[{"href":"https:\/\/infos-droitshumains.net\/index.php?rest_route=\/wp\/v2\/posts\/1677","targetHints":{"allow":["GET"]}}],"collection":[{"href":"https:\/\/infos-droitshumains.net\/index.php?rest_route=\/wp\/v2\/posts"}],"about":[{"href":"https:\/\/infos-droitshumains.net\/index.php?rest_route=\/wp\/v2\/types\/post"}],"author":[{"embeddable":true,"href":"https:\/\/infos-droitshumains.net\/index.php?rest_route=\/wp\/v2\/users\/2"}],"replies":[{"embeddable":true,"href":"https:\/\/infos-droitshumains.net\/index.php?rest_route=%2Fwp%2Fv2%2Fcomments&post=1677"}],"version-history":[{"count":3,"href":"https:\/\/infos-droitshumains.net\/index.php?rest_route=\/wp\/v2\/posts\/1677\/revisions"}],"predecessor-version":[{"id":1681,"href":"https:\/\/infos-droitshumains.net\/index.php?rest_route=\/wp\/v2\/posts\/1677\/revisions\/1681"}],"wp:attachment":[{"href":"https:\/\/infos-droitshumains.net\/index.php?rest_route=%2Fwp%2Fv2%2Fmedia&parent=1677"}],"wp:term":[{"taxonomy":"category","embeddable":true,"href":"https:\/\/infos-droitshumains.net\/index.php?rest_route=%2Fwp%2Fv2%2Fcategories&post=1677"},{"taxonomy":"post_tag","embeddable":true,"href":"https:\/\/infos-droitshumains.net\/index.php?rest_route=%2Fwp%2Fv2%2Ftags&post=1677"}],"curies":[{"name":"wp","href":"https:\/\/api.w.org\/{rel}","templated":true}]}}