{"id":16764,"date":"2025-11-12T00:23:24","date_gmt":"2025-11-11T23:23:24","guid":{"rendered":"https:\/\/infos-droitshumains.net\/?p=16764"},"modified":"2025-11-13T13:23:05","modified_gmt":"2025-11-13T12:23:05","slug":"affaire-onatra-vs-agemi-lexecution-de-la-decision-dont-se-prevaut-pele-mongo-avait-ete-suspendue","status":"publish","type":"post","link":"https:\/\/infos-droitshumains.net\/?p=16764","title":{"rendered":"Affaire ONATRA vs AGEMI : l&rsquo;audience renvoy\u00e9e au 03 d\u00e9cembre. L\u2019ex\u00e9cution des d\u00e9cisions judiciaires dont se pr\u00e9vaut une partie au proc\u00e8s ne serait-elle pas suspendue?"},"content":{"rendered":"\n<p><strong>R\u00e9daction: +243 817 406 088<\/strong><\/p>\n\n\n\n<h3 class=\"wp-block-heading has-vivid-red-color has-text-color has-link-color wp-elements-33a6433eca638f0b4d3fc46e59ab7676\">L\u2019audience concernant les affaires RMUA 044 et RMU 045 qui opposent la Soci\u00e9t\u00e9 AGEMI \u00e0 l&rsquo;ONATRA a eu lieu ce mercredi 12 novembre 2025 devant la Cour d&rsquo;Appel du Kongo-Central. Alors que le cabinet Me. Chantal Nlandu a fait le d\u00e9placement de Matadi pour compara\u00eetre en appui \u00e0 l&rsquo;ONATRA, la cause aussit\u00f4t appel\u00e9e avait \u00e9t\u00e9 renvoy\u00e9e au 03 d\u00e9cembre prochain<\/h3>\n\n\n\n<p>Des sources judiciaires renseignent que, la Cour n&rsquo;\u00e9tant pas saisi \u00e0 l&rsquo;\u00e9gard de la soci\u00e9t\u00e9 AGEMI, devra r\u00e9gulariser la proc\u00e9dure \u00e0 son \u00e9gard avant d&rsquo;examiner le fond de ces dossiers aussi cruciaux afin de faire la lumi\u00e8re sur un litige qui risque de fl\u00e9chir une entreprise du portefeuille de l&rsquo;Etat.<\/p>\n\n\n\n<p>Mais ce feuilleton judiciaire conna\u00eet un nouveau rebondissement; des r\u00e9centes r\u00e9v\u00e9lations du <em>Journal T\u00e9l\u00e9vis\u00e9 des Droits Humains<\/em>, fond\u00e9es sur la d\u00e9couverte de certains documents, viennent en effet jeter une lumi\u00e8re nouvelle sur cette affaire \u00e0 rebondissements.<\/p>\n\n\n\n<p>Selon AGEMI Sarl, le d\u00e9nouement de cette saga judiciaire serait d\u00e9j\u00e0 intervenu avec la d\u00e9cision du Tribunal de commerce de Kinshasa\/Gombe en sa faveur, confirm\u00e9e par un arr\u00eat de la Cour d\u2019appel.<\/p>\n\n\n\n<p>Cependant, les documents consult\u00e9s par la r\u00e9daction indiquent que l\u2019ex\u00e9cution de la d\u00e9cisions du Tribunal de commerce de Kinshasa\/Gombe sur lesquelles s\u2019appuie la soci\u00e9t\u00e9 AGEMI Sarl avait \u00e9t\u00e9 suspendue.<\/p>\n\n\n\n<p>En effet, la premi\u00e8re d\u00e9cision a vu ses effets suspendus \u00e0 la suite d\u2019une tierce opposition introduite par la R\u00e9publique, et tranch\u00e9e en sa faveur par le Tribunal de commerce de Kinshasa\/Gombe sous le num\u00e9ro RCE 7917.<\/p>\n\n\n\n<p>Par ailleurs, plusieurs proc\u00e9dures demeurent pendantes devant les juridictions d\u2019appel, notamment le dossier RMUA 044 et RMUA 045 devant la Cour d\u2019appel du Kongo-Central, ainsi qu\u2019une instance en d\u00e9fense \u00e0 ex\u00e9cution concernant l\u2019ordonnance MU190.<\/p>\n\n\n\n<p>Il convient \u00e9galement de rappeler que les avocats de l\u2019ONATRA et ceux de la R\u00e9publique, (actionnaire unique de l\u2019ONATRA), avaient obtenu le 13 octobre 2023 de l\u2019Inspection G\u00e9n\u00e9rale des Services Judiciaires et P\u00e9nitentiaires, une surs\u00e9ance \u00e0 toute ex\u00e9cution des d\u00e9cisions relatives \u00e0 ce dossier.<\/p>\n\n\n\n<p>D\u00e8s lors, une question majeure se pose : <strong><em>\u2018\u2019Par quel m\u00e9canisme le Tribunal de commerce de Matadi a-t-il pu passer outre cette mesure de suspension pour appuyer la d\u00e9marche actuellement port\u00e9e devant la Cour d\u2019appel du Kongo-Central ?\u2019\u2019<\/em><\/strong><\/p>\n\n\n\n<p>L&rsquo;audience du 03 d\u00e9cembre prochain va sans nul doute clarifier les choses afin que l&rsquo;opinion qui suit cette affaire avec beaucoup d&rsquo;attention connaisse la v\u00e9rit\u00e9.<\/p>\n\n\n\n<p>La R\u00e9daction<br><br><\/p>\n","protected":false},"excerpt":{"rendered":"<p>R\u00e9daction: +243 817 406 088 L\u2019audience concernant les affaires RMUA 044 et RMU 045 qui&#8230;<\/p>\n","protected":false},"author":2,"featured_media":16812,"comment_status":"open","ping_status":"open","sticky":false,"template":"","format":"standard","meta":{"_jetpack_memberships_contains_paid_content":false,"footnotes":""},"categories":[6],"tags":[],"class_list":["post-16764","post","type-post","status-publish","format-standard","has-post-thumbnail","hentry","category-justice"],"yoast_head":"<!-- This site is optimized with the Yoast SEO plugin v27.5 - https:\/\/yoast.com\/product\/yoast-seo-wordpress\/ -->\n<title>Affaire ONATRA vs AGEMI : l&#039;audience renvoy\u00e9e au 03 d\u00e9cembre. L\u2019ex\u00e9cution des d\u00e9cisions judiciaires dont se pr\u00e9vaut une partie au proc\u00e8s ne serait-elle pas suspendue? - Infos Droits Humains<\/title>\n<meta name=\"robots\" content=\"index, follow, max-snippet:-1, max-image-preview:large, max-video-preview:-1\" \/>\n<link rel=\"canonical\" href=\"https:\/\/infos-droitshumains.net\/?p=16764\" \/>\n<meta property=\"og:locale\" content=\"fr_FR\" \/>\n<meta property=\"og:type\" content=\"article\" \/>\n<meta property=\"og:title\" content=\"Affaire ONATRA vs AGEMI : l&#039;audience renvoy\u00e9e au 03 d\u00e9cembre. L\u2019ex\u00e9cution des d\u00e9cisions judiciaires dont se pr\u00e9vaut une partie au proc\u00e8s ne serait-elle pas suspendue? - Infos Droits Humains\" \/>\n<meta property=\"og:description\" content=\"R\u00e9daction: +243 817 406 088 L\u2019audience concernant les affaires RMUA 044 et RMU 045 qui...\" \/>\n<meta property=\"og:url\" content=\"https:\/\/infos-droitshumains.net\/?p=16764\" \/>\n<meta property=\"og:site_name\" content=\"Infos Droits Humains\" \/>\n<meta property=\"article:published_time\" content=\"2025-11-11T23:23:24+00:00\" \/>\n<meta property=\"article:modified_time\" content=\"2025-11-13T12:23:05+00:00\" \/>\n<meta property=\"og:image\" content=\"https:\/\/infos-droitshumains.net\/wp-content\/uploads\/2025\/11\/IMG-20251111-WA0071.jpg\" \/>\n\t<meta property=\"og:image:width\" content=\"1080\" \/>\n\t<meta property=\"og:image:height\" content=\"764\" \/>\n\t<meta property=\"og:image:type\" content=\"image\/jpeg\" \/>\n<meta name=\"author\" content=\"Jo\u00ebl Diawa\" \/>\n<meta name=\"twitter:card\" content=\"summary_large_image\" \/>\n<meta name=\"twitter:label1\" content=\"\u00c9crit par\" \/>\n\t<meta name=\"twitter:data1\" content=\"Jo\u00ebl Diawa\" \/>\n\t<meta name=\"twitter:label2\" content=\"Dur\u00e9e de lecture estim\u00e9e\" \/>\n\t<meta name=\"twitter:data2\" content=\"3 minutes\" \/>\n<script type=\"application\/ld+json\" class=\"yoast-schema-graph\">{\"@context\":\"https:\\\/\\\/schema.org\",\"@graph\":[{\"@type\":\"Article\",\"@id\":\"https:\\\/\\\/infos-droitshumains.net\\\/?p=16764#article\",\"isPartOf\":{\"@id\":\"https:\\\/\\\/infos-droitshumains.net\\\/?p=16764\"},\"author\":{\"name\":\"Jo\u00ebl Diawa\",\"@id\":\"https:\\\/\\\/infos-droitshumains.net\\\/#\\\/schema\\\/person\\\/3dc5e921c3302172e0ed4362f96faab7\"},\"headline\":\"Affaire ONATRA vs AGEMI : l&rsquo;audience renvoy\u00e9e au 03 d\u00e9cembre. L\u2019ex\u00e9cution des d\u00e9cisions judiciaires dont se pr\u00e9vaut une partie au proc\u00e8s ne serait-elle pas suspendue?\",\"datePublished\":\"2025-11-11T23:23:24+00:00\",\"dateModified\":\"2025-11-13T12:23:05+00:00\",\"mainEntityOfPage\":{\"@id\":\"https:\\\/\\\/infos-droitshumains.net\\\/?p=16764\"},\"wordCount\":468,\"commentCount\":0,\"publisher\":{\"@id\":\"https:\\\/\\\/infos-droitshumains.net\\\/#organization\"},\"image\":{\"@id\":\"https:\\\/\\\/infos-droitshumains.net\\\/?p=16764#primaryimage\"},\"thumbnailUrl\":\"https:\\\/\\\/i0.wp.com\\\/infos-droitshumains.net\\\/wp-content\\\/uploads\\\/2025\\\/11\\\/IMG-20251111-WA0071.jpg?fit=1080%2C764&ssl=1\",\"articleSection\":[\"Justice\"],\"inLanguage\":\"fr-FR\",\"potentialAction\":[{\"@type\":\"CommentAction\",\"name\":\"Comment\",\"target\":[\"https:\\\/\\\/infos-droitshumains.net\\\/?p=16764#respond\"]}]},{\"@type\":\"WebPage\",\"@id\":\"https:\\\/\\\/infos-droitshumains.net\\\/?p=16764\",\"url\":\"https:\\\/\\\/infos-droitshumains.net\\\/?p=16764\",\"name\":\"Affaire ONATRA vs AGEMI : l'audience renvoy\u00e9e au 03 d\u00e9cembre. L\u2019ex\u00e9cution des d\u00e9cisions judiciaires dont se pr\u00e9vaut une partie au proc\u00e8s ne serait-elle pas suspendue? - Infos Droits Humains\",\"isPartOf\":{\"@id\":\"https:\\\/\\\/infos-droitshumains.net\\\/#website\"},\"primaryImageOfPage\":{\"@id\":\"https:\\\/\\\/infos-droitshumains.net\\\/?p=16764#primaryimage\"},\"image\":{\"@id\":\"https:\\\/\\\/infos-droitshumains.net\\\/?p=16764#primaryimage\"},\"thumbnailUrl\":\"https:\\\/\\\/i0.wp.com\\\/infos-droitshumains.net\\\/wp-content\\\/uploads\\\/2025\\\/11\\\/IMG-20251111-WA0071.jpg?fit=1080%2C764&ssl=1\",\"datePublished\":\"2025-11-11T23:23:24+00:00\",\"dateModified\":\"2025-11-13T12:23:05+00:00\",\"breadcrumb\":{\"@id\":\"https:\\\/\\\/infos-droitshumains.net\\\/?p=16764#breadcrumb\"},\"inLanguage\":\"fr-FR\",\"potentialAction\":[{\"@type\":\"ReadAction\",\"target\":[\"https:\\\/\\\/infos-droitshumains.net\\\/?p=16764\"]}]},{\"@type\":\"ImageObject\",\"inLanguage\":\"fr-FR\",\"@id\":\"https:\\\/\\\/infos-droitshumains.net\\\/?p=16764#primaryimage\",\"url\":\"https:\\\/\\\/i0.wp.com\\\/infos-droitshumains.net\\\/wp-content\\\/uploads\\\/2025\\\/11\\\/IMG-20251111-WA0071.jpg?fit=1080%2C764&ssl=1\",\"contentUrl\":\"https:\\\/\\\/i0.wp.com\\\/infos-droitshumains.net\\\/wp-content\\\/uploads\\\/2025\\\/11\\\/IMG-20251111-WA0071.jpg?fit=1080%2C764&ssl=1\",\"width\":1080,\"height\":764},{\"@type\":\"BreadcrumbList\",\"@id\":\"https:\\\/\\\/infos-droitshumains.net\\\/?p=16764#breadcrumb\",\"itemListElement\":[{\"@type\":\"ListItem\",\"position\":1,\"name\":\"Accueil\",\"item\":\"https:\\\/\\\/infos-droitshumains.net\\\/\"},{\"@type\":\"ListItem\",\"position\":2,\"name\":\"Affaire ONATRA vs AGEMI : l&rsquo;audience renvoy\u00e9e au 03 d\u00e9cembre. L\u2019ex\u00e9cution des d\u00e9cisions judiciaires dont se pr\u00e9vaut une partie au proc\u00e8s ne serait-elle pas suspendue?\"}]},{\"@type\":\"WebSite\",\"@id\":\"https:\\\/\\\/infos-droitshumains.net\\\/#website\",\"url\":\"https:\\\/\\\/infos-droitshumains.net\\\/\",\"name\":\"Infos Droits Humains\",\"description\":\"S&#039;informer est un droit\",\"publisher\":{\"@id\":\"https:\\\/\\\/infos-droitshumains.net\\\/#organization\"},\"potentialAction\":[{\"@type\":\"SearchAction\",\"target\":{\"@type\":\"EntryPoint\",\"urlTemplate\":\"https:\\\/\\\/infos-droitshumains.net\\\/?s={search_term_string}\"},\"query-input\":{\"@type\":\"PropertyValueSpecification\",\"valueRequired\":true,\"valueName\":\"search_term_string\"}}],\"inLanguage\":\"fr-FR\"},{\"@type\":\"Organization\",\"@id\":\"https:\\\/\\\/infos-droitshumains.net\\\/#organization\",\"name\":\"Infos Droits Humains\",\"url\":\"https:\\\/\\\/infos-droitshumains.net\\\/\",\"logo\":{\"@type\":\"ImageObject\",\"inLanguage\":\"fr-FR\",\"@id\":\"https:\\\/\\\/infos-droitshumains.net\\\/#\\\/schema\\\/logo\\\/image\\\/\",\"url\":\"https:\\\/\\\/i0.wp.com\\\/infos-droitshumains.net\\\/wp-content\\\/uploads\\\/2022\\\/05\\\/Logo.png?fit=333%2C129&ssl=1\",\"contentUrl\":\"https:\\\/\\\/i0.wp.com\\\/infos-droitshumains.net\\\/wp-content\\\/uploads\\\/2022\\\/05\\\/Logo.png?fit=333%2C129&ssl=1\",\"width\":333,\"height\":129,\"caption\":\"Infos Droits Humains\"},\"image\":{\"@id\":\"https:\\\/\\\/infos-droitshumains.net\\\/#\\\/schema\\\/logo\\\/image\\\/\"}},{\"@type\":\"Person\",\"@id\":\"https:\\\/\\\/infos-droitshumains.net\\\/#\\\/schema\\\/person\\\/3dc5e921c3302172e0ed4362f96faab7\",\"name\":\"Jo\u00ebl Diawa\",\"image\":{\"@type\":\"ImageObject\",\"inLanguage\":\"fr-FR\",\"@id\":\"https:\\\/\\\/secure.gravatar.com\\\/avatar\\\/729bea6ff4604c624417803c477363be8e3c7186deaa65713313f9b4b820f41c?s=96&d=mm&r=g\",\"url\":\"https:\\\/\\\/secure.gravatar.com\\\/avatar\\\/729bea6ff4604c624417803c477363be8e3c7186deaa65713313f9b4b820f41c?s=96&d=mm&r=g\",\"contentUrl\":\"https:\\\/\\\/secure.gravatar.com\\\/avatar\\\/729bea6ff4604c624417803c477363be8e3c7186deaa65713313f9b4b820f41c?s=96&d=mm&r=g\",\"caption\":\"Jo\u00ebl Diawa\"},\"sameAs\":[\"https:\\\/\\\/www.infos-droitshumains.net\"],\"url\":\"https:\\\/\\\/infos-droitshumains.net\\\/?author=2\"}]}<\/script>\n<!-- \/ Yoast SEO plugin. -->","yoast_head_json":{"title":"Affaire ONATRA vs AGEMI : l'audience renvoy\u00e9e au 03 d\u00e9cembre. L\u2019ex\u00e9cution des d\u00e9cisions judiciaires dont se pr\u00e9vaut une partie au proc\u00e8s ne serait-elle pas suspendue? - Infos Droits Humains","robots":{"index":"index","follow":"follow","max-snippet":"max-snippet:-1","max-image-preview":"max-image-preview:large","max-video-preview":"max-video-preview:-1"},"canonical":"https:\/\/infos-droitshumains.net\/?p=16764","og_locale":"fr_FR","og_type":"article","og_title":"Affaire ONATRA vs AGEMI : l'audience renvoy\u00e9e au 03 d\u00e9cembre. L\u2019ex\u00e9cution des d\u00e9cisions judiciaires dont se pr\u00e9vaut une partie au proc\u00e8s ne serait-elle pas suspendue? - Infos Droits Humains","og_description":"R\u00e9daction: +243 817 406 088 L\u2019audience concernant les affaires RMUA 044 et RMU 045 qui...","og_url":"https:\/\/infos-droitshumains.net\/?p=16764","og_site_name":"Infos Droits Humains","article_published_time":"2025-11-11T23:23:24+00:00","article_modified_time":"2025-11-13T12:23:05+00:00","og_image":[{"width":1080,"height":764,"url":"https:\/\/infos-droitshumains.net\/wp-content\/uploads\/2025\/11\/IMG-20251111-WA0071.jpg","type":"image\/jpeg"}],"author":"Jo\u00ebl Diawa","twitter_card":"summary_large_image","twitter_misc":{"\u00c9crit par":"Jo\u00ebl Diawa","Dur\u00e9e de lecture estim\u00e9e":"3 minutes"},"schema":{"@context":"https:\/\/schema.org","@graph":[{"@type":"Article","@id":"https:\/\/infos-droitshumains.net\/?p=16764#article","isPartOf":{"@id":"https:\/\/infos-droitshumains.net\/?p=16764"},"author":{"name":"Jo\u00ebl Diawa","@id":"https:\/\/infos-droitshumains.net\/#\/schema\/person\/3dc5e921c3302172e0ed4362f96faab7"},"headline":"Affaire ONATRA vs AGEMI : l&rsquo;audience renvoy\u00e9e au 03 d\u00e9cembre. L\u2019ex\u00e9cution des d\u00e9cisions judiciaires dont se pr\u00e9vaut une partie au proc\u00e8s ne serait-elle pas suspendue?","datePublished":"2025-11-11T23:23:24+00:00","dateModified":"2025-11-13T12:23:05+00:00","mainEntityOfPage":{"@id":"https:\/\/infos-droitshumains.net\/?p=16764"},"wordCount":468,"commentCount":0,"publisher":{"@id":"https:\/\/infos-droitshumains.net\/#organization"},"image":{"@id":"https:\/\/infos-droitshumains.net\/?p=16764#primaryimage"},"thumbnailUrl":"https:\/\/i0.wp.com\/infos-droitshumains.net\/wp-content\/uploads\/2025\/11\/IMG-20251111-WA0071.jpg?fit=1080%2C764&ssl=1","articleSection":["Justice"],"inLanguage":"fr-FR","potentialAction":[{"@type":"CommentAction","name":"Comment","target":["https:\/\/infos-droitshumains.net\/?p=16764#respond"]}]},{"@type":"WebPage","@id":"https:\/\/infos-droitshumains.net\/?p=16764","url":"https:\/\/infos-droitshumains.net\/?p=16764","name":"Affaire ONATRA vs AGEMI : l'audience renvoy\u00e9e au 03 d\u00e9cembre. L\u2019ex\u00e9cution des d\u00e9cisions judiciaires dont se pr\u00e9vaut une partie au proc\u00e8s ne serait-elle pas suspendue? - Infos Droits Humains","isPartOf":{"@id":"https:\/\/infos-droitshumains.net\/#website"},"primaryImageOfPage":{"@id":"https:\/\/infos-droitshumains.net\/?p=16764#primaryimage"},"image":{"@id":"https:\/\/infos-droitshumains.net\/?p=16764#primaryimage"},"thumbnailUrl":"https:\/\/i0.wp.com\/infos-droitshumains.net\/wp-content\/uploads\/2025\/11\/IMG-20251111-WA0071.jpg?fit=1080%2C764&ssl=1","datePublished":"2025-11-11T23:23:24+00:00","dateModified":"2025-11-13T12:23:05+00:00","breadcrumb":{"@id":"https:\/\/infos-droitshumains.net\/?p=16764#breadcrumb"},"inLanguage":"fr-FR","potentialAction":[{"@type":"ReadAction","target":["https:\/\/infos-droitshumains.net\/?p=16764"]}]},{"@type":"ImageObject","inLanguage":"fr-FR","@id":"https:\/\/infos-droitshumains.net\/?p=16764#primaryimage","url":"https:\/\/i0.wp.com\/infos-droitshumains.net\/wp-content\/uploads\/2025\/11\/IMG-20251111-WA0071.jpg?fit=1080%2C764&ssl=1","contentUrl":"https:\/\/i0.wp.com\/infos-droitshumains.net\/wp-content\/uploads\/2025\/11\/IMG-20251111-WA0071.jpg?fit=1080%2C764&ssl=1","width":1080,"height":764},{"@type":"BreadcrumbList","@id":"https:\/\/infos-droitshumains.net\/?p=16764#breadcrumb","itemListElement":[{"@type":"ListItem","position":1,"name":"Accueil","item":"https:\/\/infos-droitshumains.net\/"},{"@type":"ListItem","position":2,"name":"Affaire ONATRA vs AGEMI : l&rsquo;audience renvoy\u00e9e au 03 d\u00e9cembre. L\u2019ex\u00e9cution des d\u00e9cisions judiciaires dont se pr\u00e9vaut une partie au proc\u00e8s ne serait-elle pas suspendue?"}]},{"@type":"WebSite","@id":"https:\/\/infos-droitshumains.net\/#website","url":"https:\/\/infos-droitshumains.net\/","name":"Infos Droits Humains","description":"S&#039;informer est un droit","publisher":{"@id":"https:\/\/infos-droitshumains.net\/#organization"},"potentialAction":[{"@type":"SearchAction","target":{"@type":"EntryPoint","urlTemplate":"https:\/\/infos-droitshumains.net\/?s={search_term_string}"},"query-input":{"@type":"PropertyValueSpecification","valueRequired":true,"valueName":"search_term_string"}}],"inLanguage":"fr-FR"},{"@type":"Organization","@id":"https:\/\/infos-droitshumains.net\/#organization","name":"Infos Droits Humains","url":"https:\/\/infos-droitshumains.net\/","logo":{"@type":"ImageObject","inLanguage":"fr-FR","@id":"https:\/\/infos-droitshumains.net\/#\/schema\/logo\/image\/","url":"https:\/\/i0.wp.com\/infos-droitshumains.net\/wp-content\/uploads\/2022\/05\/Logo.png?fit=333%2C129&ssl=1","contentUrl":"https:\/\/i0.wp.com\/infos-droitshumains.net\/wp-content\/uploads\/2022\/05\/Logo.png?fit=333%2C129&ssl=1","width":333,"height":129,"caption":"Infos Droits Humains"},"image":{"@id":"https:\/\/infos-droitshumains.net\/#\/schema\/logo\/image\/"}},{"@type":"Person","@id":"https:\/\/infos-droitshumains.net\/#\/schema\/person\/3dc5e921c3302172e0ed4362f96faab7","name":"Jo\u00ebl Diawa","image":{"@type":"ImageObject","inLanguage":"fr-FR","@id":"https:\/\/secure.gravatar.com\/avatar\/729bea6ff4604c624417803c477363be8e3c7186deaa65713313f9b4b820f41c?s=96&d=mm&r=g","url":"https:\/\/secure.gravatar.com\/avatar\/729bea6ff4604c624417803c477363be8e3c7186deaa65713313f9b4b820f41c?s=96&d=mm&r=g","contentUrl":"https:\/\/secure.gravatar.com\/avatar\/729bea6ff4604c624417803c477363be8e3c7186deaa65713313f9b4b820f41c?s=96&d=mm&r=g","caption":"Jo\u00ebl Diawa"},"sameAs":["https:\/\/www.infos-droitshumains.net"],"url":"https:\/\/infos-droitshumains.net\/?author=2"}]}},"featured_image_urls":{"full":["https:\/\/i0.wp.com\/infos-droitshumains.net\/wp-content\/uploads\/2025\/11\/IMG-20251111-WA0071.jpg?fit=1080%2C764&ssl=1",1080,764,false],"thumbnail":["https:\/\/i0.wp.com\/infos-droitshumains.net\/wp-content\/uploads\/2025\/11\/IMG-20251111-WA0071.jpg?resize=150%2C150&ssl=1",150,150,true],"medium":["https:\/\/i0.wp.com\/infos-droitshumains.net\/wp-content\/uploads\/2025\/11\/IMG-20251111-WA0071.jpg?fit=300%2C212&ssl=1",300,212,true],"medium_large":["https:\/\/i0.wp.com\/infos-droitshumains.net\/wp-content\/uploads\/2025\/11\/IMG-20251111-WA0071.jpg?fit=640%2C453&ssl=1",640,453,true],"large":["https:\/\/i0.wp.com\/infos-droitshumains.net\/wp-content\/uploads\/2025\/11\/IMG-20251111-WA0071.jpg?fit=640%2C453&ssl=1",640,453,true],"1536x1536":["https:\/\/i0.wp.com\/infos-droitshumains.net\/wp-content\/uploads\/2025\/11\/IMG-20251111-WA0071.jpg?fit=1080%2C764&ssl=1",1080,764,true],"2048x2048":["https:\/\/i0.wp.com\/infos-droitshumains.net\/wp-content\/uploads\/2025\/11\/IMG-20251111-WA0071.jpg?fit=1080%2C764&ssl=1",1080,764,true],"covernews-slider-full":["https:\/\/i0.wp.com\/infos-droitshumains.net\/wp-content\/uploads\/2025\/11\/IMG-20251111-WA0071.jpg?resize=1080%2C715&ssl=1",1080,715,true],"covernews-slider-center":["https:\/\/i0.wp.com\/infos-droitshumains.net\/wp-content\/uploads\/2025\/11\/IMG-20251111-WA0071.jpg?resize=800%2C500&ssl=1",800,500,true],"covernews-featured":["https:\/\/i0.wp.com\/infos-droitshumains.net\/wp-content\/uploads\/2025\/11\/IMG-20251111-WA0071.jpg?fit=1024%2C724&ssl=1",1024,724,true],"covernews-medium":["https:\/\/i0.wp.com\/infos-droitshumains.net\/wp-content\/uploads\/2025\/11\/IMG-20251111-WA0071.jpg?resize=540%2C340&ssl=1",540,340,true],"covernews-medium-square":["https:\/\/i0.wp.com\/infos-droitshumains.net\/wp-content\/uploads\/2025\/11\/IMG-20251111-WA0071.jpg?resize=400%2C250&ssl=1",400,250,true]},"author_info":{"display_name":"Jo\u00ebl Diawa","author_link":"https:\/\/infos-droitshumains.net\/?author=2"},"category_info":"<a href=\"https:\/\/infos-droitshumains.net\/?cat=6\" rel=\"category\">Justice<\/a>","tag_info":"Justice","comment_count":"0","jetpack_featured_media_url":"https:\/\/i0.wp.com\/infos-droitshumains.net\/wp-content\/uploads\/2025\/11\/IMG-20251111-WA0071.jpg?fit=1080%2C764&ssl=1","jetpack-related-posts":[],"jetpack_sharing_enabled":true,"_links":{"self":[{"href":"https:\/\/infos-droitshumains.net\/index.php?rest_route=\/wp\/v2\/posts\/16764","targetHints":{"allow":["GET"]}}],"collection":[{"href":"https:\/\/infos-droitshumains.net\/index.php?rest_route=\/wp\/v2\/posts"}],"about":[{"href":"https:\/\/infos-droitshumains.net\/index.php?rest_route=\/wp\/v2\/types\/post"}],"author":[{"embeddable":true,"href":"https:\/\/infos-droitshumains.net\/index.php?rest_route=\/wp\/v2\/users\/2"}],"replies":[{"embeddable":true,"href":"https:\/\/infos-droitshumains.net\/index.php?rest_route=%2Fwp%2Fv2%2Fcomments&post=16764"}],"version-history":[{"count":28,"href":"https:\/\/infos-droitshumains.net\/index.php?rest_route=\/wp\/v2\/posts\/16764\/revisions"}],"predecessor-version":[{"id":16817,"href":"https:\/\/infos-droitshumains.net\/index.php?rest_route=\/wp\/v2\/posts\/16764\/revisions\/16817"}],"wp:featuredmedia":[{"embeddable":true,"href":"https:\/\/infos-droitshumains.net\/index.php?rest_route=\/wp\/v2\/media\/16812"}],"wp:attachment":[{"href":"https:\/\/infos-droitshumains.net\/index.php?rest_route=%2Fwp%2Fv2%2Fmedia&parent=16764"}],"wp:term":[{"taxonomy":"category","embeddable":true,"href":"https:\/\/infos-droitshumains.net\/index.php?rest_route=%2Fwp%2Fv2%2Fcategories&post=16764"},{"taxonomy":"post_tag","embeddable":true,"href":"https:\/\/infos-droitshumains.net\/index.php?rest_route=%2Fwp%2Fv2%2Ftags&post=16764"}],"curies":[{"name":"wp","href":"https:\/\/api.w.org\/{rel}","templated":true}]}}