{"id":16704,"date":"2025-11-08T15:21:54","date_gmt":"2025-11-08T14:21:54","guid":{"rendered":"https:\/\/infos-droitshumains.net\/?p=16704"},"modified":"2025-11-08T16:13:17","modified_gmt":"2025-11-08T15:13:17","slug":"justice-pele-mongo-defie-la-relance-de-lonatra-par-le-chef-de-letat-et-met-la-pression-sur-la-cour-dappel-du-kongo-central-pour-obtenir-12-000-000-usd","status":"publish","type":"post","link":"https:\/\/infos-droitshumains.net\/?p=16704","title":{"rendered":"Justice\u00a0: Pel\u00e9 Mongo d\u00e9fie la relance de l\u2019ONATRA par le Chef de l\u2019Etat et met la pression sur la Cour d\u2019Appel du Kongo-Central pour obtenir 12.000.000 USD\u00a0"},"content":{"rendered":"\n<p><strong>R\u00e9daction: +243 817 406 088<\/strong><\/p>\n\n\n\n<h3 class=\"wp-block-heading has-vivid-red-color has-text-color has-link-color wp-elements-b3e7c5dd041942a1bf430ed1a9964cbf\">L\u2019espoir suscit\u00e9 par la reprise timide des activit\u00e9s de l\u2019ONATRA est ralenti depuis le d\u00e9but de cette semaine o\u00f9 nous apprenons la relance des affaires judiciaires mettant en jeu <strong>12.000.000 USD<\/strong> qui risquent d\u2019\u00e9chapper du patrimoine de <strong>l\u2019ONATRA<\/strong> en faveur de Mboyo Ilombe (alias<strong> Pele Mongo<\/strong>.)<\/h3>\n\n\n\n<p>En effet, pendant que le Chef de l\u2019Etat Felix Antoine TSHISEKEDI TSHILOMBO ne m\u00e9nage aucun effort pour le redressement des entreprises du Portefeuille de l\u2019Etat, plusieurs groupes mieux d\u2019individus consid\u00e8rent qu\u2019il faut plut\u00f4t saigner le patrimoine de ces entreprises consid\u00e9r\u00e9 comme <strong><em>\u00ab&nbsp;bien sans ma\u00eetre<\/em><\/strong>&nbsp;<strong>\u00bb<\/strong> et n\u2019h\u00e9sitent pas \u00e0 trouver des appuis m\u00eame dans les institutions de l\u2019Etat, particuli\u00e8rement dans la justice congolaise. C\u2019est le cas de la n\u00e9buleuse affaire qui oppose la Soci\u00e9t\u00e9 AGEMI contre l\u2019ONATRAactuellement pendante sous RMUA 044 et 045 devant la Cour d\u2019Appel du Kongo-Central.<\/p>\n\n\n\n<p><strong>Multiplication du montant par la justice<\/strong><\/p>\n\n\n\n<p>A l\u2019origine, pour une r\u00e9clamation de la somme 218.500 USD suivant le jugement sous RCE 0015 du Tribunal de Commerce de Matadi au titre de manque \u00e0 gagner, cette somme a \u00e9t\u00e9 multipli\u00e9e par 16 aux termes de l\u2019arr\u00eat rendu neuf mois apr\u00e8s par la Cour d\u2019Appel de Matadi sous RCEA 013, soit \u00e0 la somme de 3.417.000 USD au profit de la soci\u00e9t\u00e9 AGEMI.<\/p>\n\n\n\n<figure class=\"wp-block-image alignfull size-large\"><img data-recalc-dims=\"1\" fetchpriority=\"high\" decoding=\"async\" width=\"640\" height=\"853\" src=\"https:\/\/i0.wp.com\/infos-droitshumains.net\/wp-content\/uploads\/2025\/11\/1000654484.jpg?resize=640%2C853&#038;ssl=1\" alt=\"\" class=\"wp-image-16712\" srcset=\"https:\/\/i0.wp.com\/infos-droitshumains.net\/wp-content\/uploads\/2025\/11\/1000654484.jpg?resize=768%2C1024&amp;ssl=1 768w, https:\/\/i0.wp.com\/infos-droitshumains.net\/wp-content\/uploads\/2025\/11\/1000654484.jpg?resize=225%2C300&amp;ssl=1 225w, https:\/\/i0.wp.com\/infos-droitshumains.net\/wp-content\/uploads\/2025\/11\/1000654484.jpg?w=960&amp;ssl=1 960w\" sizes=\"(max-width: 640px) 100vw, 640px\" \/><\/figure>\n\n\n\n<p>Aux termes du proc\u00e8s-verbal du 26 novembre 2015entre parties, celles-ci ont convenu que l\u2019ONATRA paye la somme de 2.500.000 USD \u00e0 la soci\u00e9t\u00e9 AGEMI pour clore leur litige.<\/p>\n\n\n\n<figure class=\"wp-block-image alignfull size-large\"><img data-recalc-dims=\"1\" decoding=\"async\" width=\"640\" height=\"853\" src=\"https:\/\/i0.wp.com\/infos-droitshumains.net\/wp-content\/uploads\/2025\/11\/1000654486.jpg?resize=640%2C853&#038;ssl=1\" alt=\"\" class=\"wp-image-16710\" srcset=\"https:\/\/i0.wp.com\/infos-droitshumains.net\/wp-content\/uploads\/2025\/11\/1000654486.jpg?resize=768%2C1024&amp;ssl=1 768w, https:\/\/i0.wp.com\/infos-droitshumains.net\/wp-content\/uploads\/2025\/11\/1000654486.jpg?resize=225%2C300&amp;ssl=1 225w, https:\/\/i0.wp.com\/infos-droitshumains.net\/wp-content\/uploads\/2025\/11\/1000654486.jpg?w=960&amp;ssl=1 960w\" sizes=\"(max-width: 640px) 100vw, 640px\" \/><\/figure>\n\n\n\n<p><strong>Transaction amiable entre les parties<\/strong><\/p>\n\n\n\n<p>Par ordre de virement du 03 d\u00e9cembre 2015, soit une semaine apr\u00e8s l\u2019accord susdit, l\u2019ONATRA a pay\u00e9 \u00e0 la soci\u00e9t\u00e9 AGEMI la somme de 2.500.000 USD.<\/p>\n\n\n\n<figure class=\"wp-block-image alignfull size-large\"><img data-recalc-dims=\"1\" decoding=\"async\" width=\"640\" height=\"853\" src=\"https:\/\/i0.wp.com\/infos-droitshumains.net\/wp-content\/uploads\/2025\/11\/1000654476.jpg?resize=640%2C853&#038;ssl=1\" alt=\"\" class=\"wp-image-16715\" srcset=\"https:\/\/i0.wp.com\/infos-droitshumains.net\/wp-content\/uploads\/2025\/11\/1000654476.jpg?resize=768%2C1024&amp;ssl=1 768w, https:\/\/i0.wp.com\/infos-droitshumains.net\/wp-content\/uploads\/2025\/11\/1000654476.jpg?resize=225%2C300&amp;ssl=1 225w, https:\/\/i0.wp.com\/infos-droitshumains.net\/wp-content\/uploads\/2025\/11\/1000654476.jpg?w=960&amp;ssl=1 960w\" sizes=\"(max-width: 640px) 100vw, 640px\" \/><\/figure>\n\n\n\n<figure class=\"wp-block-image alignfull size-large\"><img data-recalc-dims=\"1\" loading=\"lazy\" decoding=\"async\" width=\"640\" height=\"853\" src=\"https:\/\/i0.wp.com\/infos-droitshumains.net\/wp-content\/uploads\/2025\/11\/1000654490.jpg?resize=640%2C853&#038;ssl=1\" alt=\"\" class=\"wp-image-16717\" srcset=\"https:\/\/i0.wp.com\/infos-droitshumains.net\/wp-content\/uploads\/2025\/11\/1000654490.jpg?resize=768%2C1024&amp;ssl=1 768w, https:\/\/i0.wp.com\/infos-droitshumains.net\/wp-content\/uploads\/2025\/11\/1000654490.jpg?resize=225%2C300&amp;ssl=1 225w, https:\/\/i0.wp.com\/infos-droitshumains.net\/wp-content\/uploads\/2025\/11\/1000654490.jpg?w=960&amp;ssl=1 960w\" sizes=\"(max-width: 640px) 100vw, 640px\" \/><\/figure>\n\n\n\n<p><strong>Nouvelle action d\u2019AGEMI contre l\u2019ONATRA<\/strong><\/p>\n\n\n\n<p>Curieusement, ayant appris que la somme vir\u00e9e sur son compte a \u00e9t\u00e9 retenue par son banquier pour couvrir des engagements qu\u2019elle avait vis-\u00e0-vis de BGFI BANK, AGEMI assigna \u00e0 nouveau l\u2019ONATRA devant le Tribunal de Commerce de Kinshasa\/Gombe o\u00f9 elle obtint une nouvelle condamnation de l\u2019ONATRA \u00e0 2.275.000 USD au motif que celui-ci devait plut\u00f4t payer la somme de 2.500.000 USD vir\u00e9e sur le compte AGEMI \u00e0 d\u2019autres personnes dont 1.800.000 USD \u00e0 Monsieur IFEFO ILOMBE Papy, membre de famille du G\u00e9rant statutaire de la soci\u00e9t\u00e9 AGENCE MBOYO ILOMBE, (AGEMI).<\/p>\n\n\n\n<p><strong>Enrichissement exponentiel<\/strong><\/p>\n\n\n\n<p>La particularit\u00e9 de la nouvelle condamnation est qu\u2019elle est assortie d\u2019une astreinte de 25.000 USD par jour de retard \u00e0 dater de l\u2019assignation, et qu\u2019\u00e0 ce jour, la soci\u00e9t\u00e9 AGEMI a r\u00e9ussi \u00e0 obtenir de la justice congolaise une colossale somme de 61.000.000 USD, apr\u00e8s avoir per\u00e7u 5.250.000 USD aux d\u00e9pens de l\u2019ONATRA.<\/p>\n\n\n\n<p>Voici comment AGEMI a pu faire transformer 218.500 USD, du reste contest\u00e9s par l\u2019ONATRA, \u00e0 66.250.000 USD s\u2019il faut inclure les 5.250.000 USD d\u00e9j\u00e0 per\u00e7us, op\u00e9ration de multiplication par la justice congolaise, \u00e0 la mani\u00e8re de la multiplication de pains par le Seigneur J\u00e9sus-Christ.<\/p>\n\n\n\n<p>M\u00eame le passage du Chef de l\u2019Etat au sein de cette entreprise pour all\u00e9ger tant soit peu la souffrance des retrait\u00e9s de l\u2019ONATRA et la relance du TRAIN EXPRESS sur le tron\u00e7on Matadi-Kinshasa laissent indiff\u00e9rentes les personnes int\u00e9ress\u00e9es dans cette vaste op\u00e9ration que PELE MONGO est d\u00e9cid\u00e9 \u00e0 poursuivre malgr\u00e9 les \u00e9claircissements apport\u00e9s au Premier Pr\u00e9sident de la Cour de Cassation qui a r\u00e9uni en son temps toutes les parties en cause et que des sources proches du dossier, les informations requises de la BGFI BANK par le Parquet G\u00e9n\u00e9ral de Kinshasa\/Gombe confirment que l\u2019ONATRA avait d\u00e9j\u00e0 ex\u00e9cut\u00e9 l\u2019acte transactionnel de 2015 sign\u00e9 entre parties par le virement de la somme de 2.500.000 USD au profit de Pele Mongo<strong>,<\/strong> l\u2019affaire devait donc s\u2019arr\u00eater.<\/p>\n\n\n\n<p>Il en r\u00e9sulte que tous les proc\u00e8s actuels post\u00e9rieurs \u00e0 l\u2019ex\u00e9cution de cette transaction rentrent dans le cadre d\u2019un enrichissement qui ne dit pas son nom mais encourag\u00e9 par la justice.<\/p>\n\n\n\n<p>Ainsi, les affaires <strong>RMUA 044 et RMUA 045<\/strong> qui seront appel\u00e9es devant la Cour d\u2019Appel du Kongo central le 12 novembre 2025 constituent la continuit\u00e9 du feuilleton ONATRA-AGEMI.<\/p>\n\n\n\n<p>Nous y reviendrons\u2026<\/p>\n\n\n\n<p>La R\u00e9daction<\/p>\n","protected":false},"excerpt":{"rendered":"<p>R\u00e9daction: +243 817 406 088 L\u2019espoir suscit\u00e9 par la reprise timide des activit\u00e9s de l\u2019ONATRA&#8230;<\/p>\n","protected":false},"author":2,"featured_media":16705,"comment_status":"open","ping_status":"open","sticky":false,"template":"","format":"standard","meta":{"_jetpack_memberships_contains_paid_content":false,"footnotes":""},"categories":[6],"tags":[],"class_list":["post-16704","post","type-post","status-publish","format-standard","has-post-thumbnail","hentry","category-justice"],"yoast_head":"<!-- This site is optimized with the Yoast SEO plugin v27.5 - https:\/\/yoast.com\/product\/yoast-seo-wordpress\/ -->\n<title>Justice\u00a0: Pel\u00e9 Mongo d\u00e9fie la relance de l\u2019ONATRA par le Chef de l\u2019Etat et met la pression sur la Cour d\u2019Appel du Kongo-Central pour obtenir 12.000.000 USD\u00a0 - Infos Droits Humains<\/title>\n<meta name=\"robots\" content=\"index, follow, max-snippet:-1, max-image-preview:large, max-video-preview:-1\" \/>\n<link rel=\"canonical\" href=\"https:\/\/infos-droitshumains.net\/?p=16704\" \/>\n<meta property=\"og:locale\" content=\"fr_FR\" \/>\n<meta property=\"og:type\" content=\"article\" \/>\n<meta property=\"og:title\" content=\"Justice\u00a0: Pel\u00e9 Mongo d\u00e9fie la relance de l\u2019ONATRA par le Chef de l\u2019Etat et met la pression sur la Cour d\u2019Appel du Kongo-Central pour obtenir 12.000.000 USD\u00a0 - Infos Droits Humains\" \/>\n<meta property=\"og:description\" content=\"R\u00e9daction: +243 817 406 088 L\u2019espoir suscit\u00e9 par la reprise timide des activit\u00e9s de l\u2019ONATRA...\" \/>\n<meta property=\"og:url\" content=\"https:\/\/infos-droitshumains.net\/?p=16704\" \/>\n<meta property=\"og:site_name\" content=\"Infos Droits Humains\" \/>\n<meta property=\"article:published_time\" content=\"2025-11-08T14:21:54+00:00\" \/>\n<meta property=\"article:modified_time\" content=\"2025-11-08T15:13:17+00:00\" \/>\n<meta property=\"og:image\" content=\"https:\/\/infos-droitshumains.net\/wp-content\/uploads\/2025\/11\/Composition-3-2-1024x683.png\" \/>\n\t<meta property=\"og:image:width\" content=\"1024\" \/>\n\t<meta property=\"og:image:height\" content=\"683\" \/>\n\t<meta property=\"og:image:type\" content=\"image\/png\" \/>\n<meta name=\"author\" content=\"Jo\u00ebl Diawa\" \/>\n<meta name=\"twitter:card\" content=\"summary_large_image\" \/>\n<meta name=\"twitter:label1\" content=\"\u00c9crit par\" \/>\n\t<meta name=\"twitter:data1\" content=\"Jo\u00ebl Diawa\" \/>\n\t<meta name=\"twitter:label2\" content=\"Dur\u00e9e de lecture estim\u00e9e\" \/>\n\t<meta name=\"twitter:data2\" content=\"5 minutes\" \/>\n<script type=\"application\/ld+json\" class=\"yoast-schema-graph\">{\"@context\":\"https:\\\/\\\/schema.org\",\"@graph\":[{\"@type\":\"Article\",\"@id\":\"https:\\\/\\\/infos-droitshumains.net\\\/?p=16704#article\",\"isPartOf\":{\"@id\":\"https:\\\/\\\/infos-droitshumains.net\\\/?p=16704\"},\"author\":{\"name\":\"Jo\u00ebl Diawa\",\"@id\":\"https:\\\/\\\/infos-droitshumains.net\\\/#\\\/schema\\\/person\\\/3dc5e921c3302172e0ed4362f96faab7\"},\"headline\":\"Justice\u00a0: Pel\u00e9 Mongo d\u00e9fie la relance de l\u2019ONATRA par le Chef de l\u2019Etat et met la pression sur la Cour d\u2019Appel du Kongo-Central pour obtenir 12.000.000 USD\u00a0\",\"datePublished\":\"2025-11-08T14:21:54+00:00\",\"dateModified\":\"2025-11-08T15:13:17+00:00\",\"mainEntityOfPage\":{\"@id\":\"https:\\\/\\\/infos-droitshumains.net\\\/?p=16704\"},\"wordCount\":740,\"commentCount\":0,\"publisher\":{\"@id\":\"https:\\\/\\\/infos-droitshumains.net\\\/#organization\"},\"image\":{\"@id\":\"https:\\\/\\\/infos-droitshumains.net\\\/?p=16704#primaryimage\"},\"thumbnailUrl\":\"https:\\\/\\\/i0.wp.com\\\/infos-droitshumains.net\\\/wp-content\\\/uploads\\\/2025\\\/11\\\/Composition-3-2.png?fit=1561%2C1041&ssl=1\",\"articleSection\":[\"Justice\"],\"inLanguage\":\"fr-FR\",\"potentialAction\":[{\"@type\":\"CommentAction\",\"name\":\"Comment\",\"target\":[\"https:\\\/\\\/infos-droitshumains.net\\\/?p=16704#respond\"]}]},{\"@type\":\"WebPage\",\"@id\":\"https:\\\/\\\/infos-droitshumains.net\\\/?p=16704\",\"url\":\"https:\\\/\\\/infos-droitshumains.net\\\/?p=16704\",\"name\":\"Justice\u00a0: Pel\u00e9 Mongo d\u00e9fie la relance de l\u2019ONATRA par le Chef de l\u2019Etat et met la pression sur la Cour d\u2019Appel du Kongo-Central pour obtenir 12.000.000 USD\u00a0 - Infos Droits Humains\",\"isPartOf\":{\"@id\":\"https:\\\/\\\/infos-droitshumains.net\\\/#website\"},\"primaryImageOfPage\":{\"@id\":\"https:\\\/\\\/infos-droitshumains.net\\\/?p=16704#primaryimage\"},\"image\":{\"@id\":\"https:\\\/\\\/infos-droitshumains.net\\\/?p=16704#primaryimage\"},\"thumbnailUrl\":\"https:\\\/\\\/i0.wp.com\\\/infos-droitshumains.net\\\/wp-content\\\/uploads\\\/2025\\\/11\\\/Composition-3-2.png?fit=1561%2C1041&ssl=1\",\"datePublished\":\"2025-11-08T14:21:54+00:00\",\"dateModified\":\"2025-11-08T15:13:17+00:00\",\"breadcrumb\":{\"@id\":\"https:\\\/\\\/infos-droitshumains.net\\\/?p=16704#breadcrumb\"},\"inLanguage\":\"fr-FR\",\"potentialAction\":[{\"@type\":\"ReadAction\",\"target\":[\"https:\\\/\\\/infos-droitshumains.net\\\/?p=16704\"]}]},{\"@type\":\"ImageObject\",\"inLanguage\":\"fr-FR\",\"@id\":\"https:\\\/\\\/infos-droitshumains.net\\\/?p=16704#primaryimage\",\"url\":\"https:\\\/\\\/i0.wp.com\\\/infos-droitshumains.net\\\/wp-content\\\/uploads\\\/2025\\\/11\\\/Composition-3-2.png?fit=1561%2C1041&ssl=1\",\"contentUrl\":\"https:\\\/\\\/i0.wp.com\\\/infos-droitshumains.net\\\/wp-content\\\/uploads\\\/2025\\\/11\\\/Composition-3-2.png?fit=1561%2C1041&ssl=1\",\"width\":1561,\"height\":1041},{\"@type\":\"BreadcrumbList\",\"@id\":\"https:\\\/\\\/infos-droitshumains.net\\\/?p=16704#breadcrumb\",\"itemListElement\":[{\"@type\":\"ListItem\",\"position\":1,\"name\":\"Accueil\",\"item\":\"https:\\\/\\\/infos-droitshumains.net\\\/\"},{\"@type\":\"ListItem\",\"position\":2,\"name\":\"Justice\u00a0: Pel\u00e9 Mongo d\u00e9fie la relance de l\u2019ONATRA par le Chef de l\u2019Etat et met la pression sur la Cour d\u2019Appel du Kongo-Central pour obtenir 12.000.000 USD\u00a0\"}]},{\"@type\":\"WebSite\",\"@id\":\"https:\\\/\\\/infos-droitshumains.net\\\/#website\",\"url\":\"https:\\\/\\\/infos-droitshumains.net\\\/\",\"name\":\"Infos Droits Humains\",\"description\":\"S&#039;informer est un droit\",\"publisher\":{\"@id\":\"https:\\\/\\\/infos-droitshumains.net\\\/#organization\"},\"potentialAction\":[{\"@type\":\"SearchAction\",\"target\":{\"@type\":\"EntryPoint\",\"urlTemplate\":\"https:\\\/\\\/infos-droitshumains.net\\\/?s={search_term_string}\"},\"query-input\":{\"@type\":\"PropertyValueSpecification\",\"valueRequired\":true,\"valueName\":\"search_term_string\"}}],\"inLanguage\":\"fr-FR\"},{\"@type\":\"Organization\",\"@id\":\"https:\\\/\\\/infos-droitshumains.net\\\/#organization\",\"name\":\"Infos Droits Humains\",\"url\":\"https:\\\/\\\/infos-droitshumains.net\\\/\",\"logo\":{\"@type\":\"ImageObject\",\"inLanguage\":\"fr-FR\",\"@id\":\"https:\\\/\\\/infos-droitshumains.net\\\/#\\\/schema\\\/logo\\\/image\\\/\",\"url\":\"https:\\\/\\\/i0.wp.com\\\/infos-droitshumains.net\\\/wp-content\\\/uploads\\\/2022\\\/05\\\/Logo.png?fit=333%2C129&ssl=1\",\"contentUrl\":\"https:\\\/\\\/i0.wp.com\\\/infos-droitshumains.net\\\/wp-content\\\/uploads\\\/2022\\\/05\\\/Logo.png?fit=333%2C129&ssl=1\",\"width\":333,\"height\":129,\"caption\":\"Infos Droits Humains\"},\"image\":{\"@id\":\"https:\\\/\\\/infos-droitshumains.net\\\/#\\\/schema\\\/logo\\\/image\\\/\"}},{\"@type\":\"Person\",\"@id\":\"https:\\\/\\\/infos-droitshumains.net\\\/#\\\/schema\\\/person\\\/3dc5e921c3302172e0ed4362f96faab7\",\"name\":\"Jo\u00ebl Diawa\",\"image\":{\"@type\":\"ImageObject\",\"inLanguage\":\"fr-FR\",\"@id\":\"https:\\\/\\\/secure.gravatar.com\\\/avatar\\\/729bea6ff4604c624417803c477363be8e3c7186deaa65713313f9b4b820f41c?s=96&d=mm&r=g\",\"url\":\"https:\\\/\\\/secure.gravatar.com\\\/avatar\\\/729bea6ff4604c624417803c477363be8e3c7186deaa65713313f9b4b820f41c?s=96&d=mm&r=g\",\"contentUrl\":\"https:\\\/\\\/secure.gravatar.com\\\/avatar\\\/729bea6ff4604c624417803c477363be8e3c7186deaa65713313f9b4b820f41c?s=96&d=mm&r=g\",\"caption\":\"Jo\u00ebl Diawa\"},\"sameAs\":[\"https:\\\/\\\/www.infos-droitshumains.net\"],\"url\":\"https:\\\/\\\/infos-droitshumains.net\\\/?author=2\"}]}<\/script>\n<!-- \/ Yoast SEO plugin. -->","yoast_head_json":{"title":"Justice\u00a0: Pel\u00e9 Mongo d\u00e9fie la relance de l\u2019ONATRA par le Chef de l\u2019Etat et met la pression sur la Cour d\u2019Appel du Kongo-Central pour obtenir 12.000.000 USD\u00a0 - Infos Droits Humains","robots":{"index":"index","follow":"follow","max-snippet":"max-snippet:-1","max-image-preview":"max-image-preview:large","max-video-preview":"max-video-preview:-1"},"canonical":"https:\/\/infos-droitshumains.net\/?p=16704","og_locale":"fr_FR","og_type":"article","og_title":"Justice\u00a0: Pel\u00e9 Mongo d\u00e9fie la relance de l\u2019ONATRA par le Chef de l\u2019Etat et met la pression sur la Cour d\u2019Appel du Kongo-Central pour obtenir 12.000.000 USD\u00a0 - Infos Droits Humains","og_description":"R\u00e9daction: +243 817 406 088 L\u2019espoir suscit\u00e9 par la reprise timide des activit\u00e9s de l\u2019ONATRA...","og_url":"https:\/\/infos-droitshumains.net\/?p=16704","og_site_name":"Infos Droits Humains","article_published_time":"2025-11-08T14:21:54+00:00","article_modified_time":"2025-11-08T15:13:17+00:00","og_image":[{"width":1024,"height":683,"url":"https:\/\/infos-droitshumains.net\/wp-content\/uploads\/2025\/11\/Composition-3-2-1024x683.png","type":"image\/png"}],"author":"Jo\u00ebl Diawa","twitter_card":"summary_large_image","twitter_misc":{"\u00c9crit par":"Jo\u00ebl Diawa","Dur\u00e9e de lecture estim\u00e9e":"5 minutes"},"schema":{"@context":"https:\/\/schema.org","@graph":[{"@type":"Article","@id":"https:\/\/infos-droitshumains.net\/?p=16704#article","isPartOf":{"@id":"https:\/\/infos-droitshumains.net\/?p=16704"},"author":{"name":"Jo\u00ebl Diawa","@id":"https:\/\/infos-droitshumains.net\/#\/schema\/person\/3dc5e921c3302172e0ed4362f96faab7"},"headline":"Justice\u00a0: Pel\u00e9 Mongo d\u00e9fie la relance de l\u2019ONATRA par le Chef de l\u2019Etat et met la pression sur la Cour d\u2019Appel du Kongo-Central pour obtenir 12.000.000 USD\u00a0","datePublished":"2025-11-08T14:21:54+00:00","dateModified":"2025-11-08T15:13:17+00:00","mainEntityOfPage":{"@id":"https:\/\/infos-droitshumains.net\/?p=16704"},"wordCount":740,"commentCount":0,"publisher":{"@id":"https:\/\/infos-droitshumains.net\/#organization"},"image":{"@id":"https:\/\/infos-droitshumains.net\/?p=16704#primaryimage"},"thumbnailUrl":"https:\/\/i0.wp.com\/infos-droitshumains.net\/wp-content\/uploads\/2025\/11\/Composition-3-2.png?fit=1561%2C1041&ssl=1","articleSection":["Justice"],"inLanguage":"fr-FR","potentialAction":[{"@type":"CommentAction","name":"Comment","target":["https:\/\/infos-droitshumains.net\/?p=16704#respond"]}]},{"@type":"WebPage","@id":"https:\/\/infos-droitshumains.net\/?p=16704","url":"https:\/\/infos-droitshumains.net\/?p=16704","name":"Justice\u00a0: Pel\u00e9 Mongo d\u00e9fie la relance de l\u2019ONATRA par le Chef de l\u2019Etat et met la pression sur la Cour d\u2019Appel du Kongo-Central pour obtenir 12.000.000 USD\u00a0 - Infos Droits Humains","isPartOf":{"@id":"https:\/\/infos-droitshumains.net\/#website"},"primaryImageOfPage":{"@id":"https:\/\/infos-droitshumains.net\/?p=16704#primaryimage"},"image":{"@id":"https:\/\/infos-droitshumains.net\/?p=16704#primaryimage"},"thumbnailUrl":"https:\/\/i0.wp.com\/infos-droitshumains.net\/wp-content\/uploads\/2025\/11\/Composition-3-2.png?fit=1561%2C1041&ssl=1","datePublished":"2025-11-08T14:21:54+00:00","dateModified":"2025-11-08T15:13:17+00:00","breadcrumb":{"@id":"https:\/\/infos-droitshumains.net\/?p=16704#breadcrumb"},"inLanguage":"fr-FR","potentialAction":[{"@type":"ReadAction","target":["https:\/\/infos-droitshumains.net\/?p=16704"]}]},{"@type":"ImageObject","inLanguage":"fr-FR","@id":"https:\/\/infos-droitshumains.net\/?p=16704#primaryimage","url":"https:\/\/i0.wp.com\/infos-droitshumains.net\/wp-content\/uploads\/2025\/11\/Composition-3-2.png?fit=1561%2C1041&ssl=1","contentUrl":"https:\/\/i0.wp.com\/infos-droitshumains.net\/wp-content\/uploads\/2025\/11\/Composition-3-2.png?fit=1561%2C1041&ssl=1","width":1561,"height":1041},{"@type":"BreadcrumbList","@id":"https:\/\/infos-droitshumains.net\/?p=16704#breadcrumb","itemListElement":[{"@type":"ListItem","position":1,"name":"Accueil","item":"https:\/\/infos-droitshumains.net\/"},{"@type":"ListItem","position":2,"name":"Justice\u00a0: Pel\u00e9 Mongo d\u00e9fie la relance de l\u2019ONATRA par le Chef de l\u2019Etat et met la pression sur la Cour d\u2019Appel du Kongo-Central pour obtenir 12.000.000 USD\u00a0"}]},{"@type":"WebSite","@id":"https:\/\/infos-droitshumains.net\/#website","url":"https:\/\/infos-droitshumains.net\/","name":"Infos Droits Humains","description":"S&#039;informer est un droit","publisher":{"@id":"https:\/\/infos-droitshumains.net\/#organization"},"potentialAction":[{"@type":"SearchAction","target":{"@type":"EntryPoint","urlTemplate":"https:\/\/infos-droitshumains.net\/?s={search_term_string}"},"query-input":{"@type":"PropertyValueSpecification","valueRequired":true,"valueName":"search_term_string"}}],"inLanguage":"fr-FR"},{"@type":"Organization","@id":"https:\/\/infos-droitshumains.net\/#organization","name":"Infos Droits Humains","url":"https:\/\/infos-droitshumains.net\/","logo":{"@type":"ImageObject","inLanguage":"fr-FR","@id":"https:\/\/infos-droitshumains.net\/#\/schema\/logo\/image\/","url":"https:\/\/i0.wp.com\/infos-droitshumains.net\/wp-content\/uploads\/2022\/05\/Logo.png?fit=333%2C129&ssl=1","contentUrl":"https:\/\/i0.wp.com\/infos-droitshumains.net\/wp-content\/uploads\/2022\/05\/Logo.png?fit=333%2C129&ssl=1","width":333,"height":129,"caption":"Infos Droits Humains"},"image":{"@id":"https:\/\/infos-droitshumains.net\/#\/schema\/logo\/image\/"}},{"@type":"Person","@id":"https:\/\/infos-droitshumains.net\/#\/schema\/person\/3dc5e921c3302172e0ed4362f96faab7","name":"Jo\u00ebl Diawa","image":{"@type":"ImageObject","inLanguage":"fr-FR","@id":"https:\/\/secure.gravatar.com\/avatar\/729bea6ff4604c624417803c477363be8e3c7186deaa65713313f9b4b820f41c?s=96&d=mm&r=g","url":"https:\/\/secure.gravatar.com\/avatar\/729bea6ff4604c624417803c477363be8e3c7186deaa65713313f9b4b820f41c?s=96&d=mm&r=g","contentUrl":"https:\/\/secure.gravatar.com\/avatar\/729bea6ff4604c624417803c477363be8e3c7186deaa65713313f9b4b820f41c?s=96&d=mm&r=g","caption":"Jo\u00ebl Diawa"},"sameAs":["https:\/\/www.infos-droitshumains.net"],"url":"https:\/\/infos-droitshumains.net\/?author=2"}]}},"featured_image_urls":{"full":["https:\/\/i0.wp.com\/infos-droitshumains.net\/wp-content\/uploads\/2025\/11\/Composition-3-2.png?fit=1561%2C1041&ssl=1",1561,1041,false],"thumbnail":["https:\/\/i0.wp.com\/infos-droitshumains.net\/wp-content\/uploads\/2025\/11\/Composition-3-2.png?resize=150%2C150&ssl=1",150,150,true],"medium":["https:\/\/i0.wp.com\/infos-droitshumains.net\/wp-content\/uploads\/2025\/11\/Composition-3-2.png?fit=300%2C200&ssl=1",300,200,true],"medium_large":["https:\/\/i0.wp.com\/infos-droitshumains.net\/wp-content\/uploads\/2025\/11\/Composition-3-2.png?fit=640%2C427&ssl=1",640,427,true],"large":["https:\/\/i0.wp.com\/infos-droitshumains.net\/wp-content\/uploads\/2025\/11\/Composition-3-2.png?fit=640%2C427&ssl=1",640,427,true],"1536x1536":["https:\/\/i0.wp.com\/infos-droitshumains.net\/wp-content\/uploads\/2025\/11\/Composition-3-2.png?fit=1536%2C1024&ssl=1",1536,1024,true],"2048x2048":["https:\/\/i0.wp.com\/infos-droitshumains.net\/wp-content\/uploads\/2025\/11\/Composition-3-2.png?fit=1561%2C1041&ssl=1",1561,1041,true],"covernews-slider-full":["https:\/\/i0.wp.com\/infos-droitshumains.net\/wp-content\/uploads\/2025\/11\/Composition-3-2.png?resize=1115%2C715&ssl=1",1115,715,true],"covernews-slider-center":["https:\/\/i0.wp.com\/infos-droitshumains.net\/wp-content\/uploads\/2025\/11\/Composition-3-2.png?resize=800%2C500&ssl=1",800,500,true],"covernews-featured":["https:\/\/i0.wp.com\/infos-droitshumains.net\/wp-content\/uploads\/2025\/11\/Composition-3-2.png?fit=1024%2C683&ssl=1",1024,683,true],"covernews-medium":["https:\/\/i0.wp.com\/infos-droitshumains.net\/wp-content\/uploads\/2025\/11\/Composition-3-2.png?resize=540%2C340&ssl=1",540,340,true],"covernews-medium-square":["https:\/\/i0.wp.com\/infos-droitshumains.net\/wp-content\/uploads\/2025\/11\/Composition-3-2.png?resize=400%2C250&ssl=1",400,250,true]},"author_info":{"display_name":"Jo\u00ebl Diawa","author_link":"https:\/\/infos-droitshumains.net\/?author=2"},"category_info":"<a href=\"https:\/\/infos-droitshumains.net\/?cat=6\" rel=\"category\">Justice<\/a>","tag_info":"Justice","comment_count":"0","jetpack_featured_media_url":"https:\/\/i0.wp.com\/infos-droitshumains.net\/wp-content\/uploads\/2025\/11\/Composition-3-2.png?fit=1561%2C1041&ssl=1","jetpack-related-posts":[],"jetpack_sharing_enabled":true,"_links":{"self":[{"href":"https:\/\/infos-droitshumains.net\/index.php?rest_route=\/wp\/v2\/posts\/16704","targetHints":{"allow":["GET"]}}],"collection":[{"href":"https:\/\/infos-droitshumains.net\/index.php?rest_route=\/wp\/v2\/posts"}],"about":[{"href":"https:\/\/infos-droitshumains.net\/index.php?rest_route=\/wp\/v2\/types\/post"}],"author":[{"embeddable":true,"href":"https:\/\/infos-droitshumains.net\/index.php?rest_route=\/wp\/v2\/users\/2"}],"replies":[{"embeddable":true,"href":"https:\/\/infos-droitshumains.net\/index.php?rest_route=%2Fwp%2Fv2%2Fcomments&post=16704"}],"version-history":[{"count":7,"href":"https:\/\/infos-droitshumains.net\/index.php?rest_route=\/wp\/v2\/posts\/16704\/revisions"}],"predecessor-version":[{"id":16718,"href":"https:\/\/infos-droitshumains.net\/index.php?rest_route=\/wp\/v2\/posts\/16704\/revisions\/16718"}],"wp:featuredmedia":[{"embeddable":true,"href":"https:\/\/infos-droitshumains.net\/index.php?rest_route=\/wp\/v2\/media\/16705"}],"wp:attachment":[{"href":"https:\/\/infos-droitshumains.net\/index.php?rest_route=%2Fwp%2Fv2%2Fmedia&parent=16704"}],"wp:term":[{"taxonomy":"category","embeddable":true,"href":"https:\/\/infos-droitshumains.net\/index.php?rest_route=%2Fwp%2Fv2%2Fcategories&post=16704"},{"taxonomy":"post_tag","embeddable":true,"href":"https:\/\/infos-droitshumains.net\/index.php?rest_route=%2Fwp%2Fv2%2Ftags&post=16704"}],"curies":[{"name":"wp","href":"https:\/\/api.w.org\/{rel}","templated":true}]}}