{"id":16598,"date":"2025-10-30T10:15:15","date_gmt":"2025-10-30T09:15:15","guid":{"rendered":"https:\/\/infos-droitshumains.net\/?p=16598"},"modified":"2025-10-30T14:47:27","modified_gmt":"2025-10-30T13:47:27","slug":"assemblee-nationale-aime-boji-sangara-pour-un-leadership-de-renouveau-et-dunite","status":"publish","type":"post","link":"https:\/\/infos-droitshumains.net\/?p=16598","title":{"rendered":"Assembl\u00e9e Nationale : Aim\u00e9 Boji Sangara, pour un leadership de renouveau et d\u2019unit\u00e9"},"content":{"rendered":"\n<p><strong><strong>R\u00e9daction: +243 817 406 088<\/strong><\/strong><\/p>\n\n\n\n<h3 class=\"wp-block-heading has-vivid-red-color has-text-color has-link-color wp-elements-b5565f6d851b234319bcebabb14ae86f\">C\u2019est d\u00e9sormais officiel : l\u2019Union sacr\u00e9e de la Nation a d\u00e9sign\u00e9 son candidat pour succ\u00e9der \u00e0 Vital Kamerhe \u00e0 la pr\u00e9sidence de l\u2019Assembl\u00e9e nationale. Comme on pouvait s\u2019y attendre, sur les douze dossiers d\u00e9pos\u00e9s sur la table du secr\u00e9taire permanent de cette plateforme politique de la majorit\u00e9, le choix s\u2019est port\u00e9 sur Aim\u00e9 Boji Sangara.<\/h3>\n\n\n\n<p>Parmi les candidats figuraient notamment Crispin Mbindule, auteur de la p\u00e9tition ayant conduit \u00e0 la d\u00e9mission de Vital Kamerhe, ainsi que Christophe Mboso, actuel deuxi\u00e8me vice-pr\u00e9sident de l\u2019Assembl\u00e9e nationale. Cependant, selon les \u00e9quilibres politiques \u00e9tablis, la pr\u00e9sidence de la chambre basse devait revenir \u00e0 l\u2019Union pour la Nation Congolaise (UNC). Deux de ses cadres \u00e9taient en lice : Jean-Baudoin Mayo Mambeke et Aim\u00e9 Boji Sangara. Sans surprise, c\u2019est ce dernier qui a \u00e9t\u00e9 pl\u00e9biscit\u00e9 pour diriger l\u2019institution.<\/p>\n\n\n\n<p><strong>Une question de g\u00e9opolitique<\/strong><\/p>\n\n\n\n<p>La candidature d\u2019Aim\u00e9 Boji apparaissait comme la plus plausible. Jean-Baudoin Mayo, originaire du Grand Bandundu, provient de la m\u00eame aire g\u00e9opolitique que la Premi\u00e8re ministre issue du Kongo-Central. Dans un souci d\u2019\u00e9quilibre r\u00e9gional, il convenait donc que ce poste revienne \u00e0 la partie orientale du pays. \u00c0 ce titre, la candidature de Boji s\u2019est naturellement impos\u00e9e comme un choix de consensus.<\/p>\n\n\n\n<p><strong>E<\/strong><strong>conomiste de haute facture<\/strong><\/p>\n\n\n\n<p>Aim\u00e9 Boji est un \u00e9conomiste chevronn\u00e9, form\u00e9 au Royaume-Uni. Il est titulaire d\u2019un bachelier en \u00e9conomie, administration des affaires et management de l\u2019Universit\u00e9 Oxford Brookes, ainsi que d\u2019un dipl\u00f4me d\u2019\u00e9tudes sup\u00e9rieures en migration forc\u00e9e obtenu au International Developpement Center, Queen Elizabeth House de la m\u00eame universit\u00e9. En 1996, il a d\u00e9croch\u00e9 un Master en \u00e9conomie du d\u00e9veloppement \u00e0 l\u2019Universit\u00e9 d\u2019East Anglia.<\/p>\n\n\n\n<p>Entre 1994 et 1995, il a \u00e9t\u00e9 assistant de recherche \u00e0 Queen Elizabeth House, avant de coordonner plusieurs projets au Africa Center de Londres. Il a ensuite occup\u00e9 le poste de directeur des relations publiques \u00e0 la Royal Commonwealth Society jusqu\u2019en 2005.<\/p>\n\n\n\n<p>Son parcours lui a permis de b\u00e2tir un vaste r\u00e9seau \u00e0 travers les pays du Commonwealth, participant \u00e0 de nombreux sommets de chefs d\u2019\u00c9tat et r\u00e9unions minist\u00e9rielles. Il a \u00e9galement mis \u00e0 profit ses contacts pour soutenir les actions diplomatiques de la R\u00e9publique d\u00e9mocratique du Congo \u00e0 Londres, en sensibilisant les milieux politiques britanniques sur les conflits \u00e0 l\u2019Est du pays.<\/p>\n\n\n\n<p><strong>Un technocrate au service de l\u2019\u00c9tat<\/strong><\/p>\n\n\n\n<p>Sur le plan politique, le potentiel futur pr\u00e9sident de l\u2019Assembl\u00e9e Nationale a occup\u00e9 plusieurs fonctions minist\u00e9rielles :<\/p>\n\n\n\n<ul class=\"wp-block-list\">\n<li>Ministre du Commerce ext\u00e9rieur (2016\u20132017)<\/li>\n\n\n\n<li>Ministre d\u2019\u00c9tat, ministre du Budget (2021\u20132025)<\/li>\n\n\n\n<li>Ministre d\u2019\u00c9tat, ministre de l\u2019Industrie (2025)<\/li>\n<\/ul>\n\n\n\n<p>Son passage au minist\u00e8re du Budget a \u00e9t\u00e9 particuli\u00e8rement remarqu\u00e9. Travailleur rigoureux et anim\u00e9 par la volont\u00e9 de cr\u00e9dibiliser les finances publiques, il a instaur\u00e9 une nouvelle culture de performance et de transparence. Sous sa gestion, le budget national est pass\u00e9 de 4 \u00e0 plus de 17 milliards de dollars US, tout en assurant la stabilit\u00e9 sociale du personnel politique et administratif. On retiendra \u00e9galement que, durant tout son mandat, le projet de loi de finances a toujours \u00e9t\u00e9 d\u00e9pos\u00e9 \u00e0 temps devant l\u2019Assembl\u00e9e nationale&nbsp;; une premi\u00e8re dans l\u2019histoire r\u00e9cente du pays.<\/p>\n\n\n\n<p><strong>Un parlementaire aguerri<\/strong><\/p>\n\n\n\n<p>\u00c9lu d\u00e9put\u00e9 national pour la premi\u00e8re fois en &nbsp;2006, Aim\u00e9 Boji cumule trois l\u00e9gislatures. Il conna\u00eet parfaitement les rouages du travail parlementaire et ma\u00eetrise les dynamiques institutionnelles. Il a notamment si\u00e9g\u00e9 \u00e0 la commission Environnement et Ressources naturelle<strong>s<\/strong>, sous-commission Mines (2006), puis \u00e0 la commission \u00c9cofin (2011).<\/p>\n\n\n\n<p><strong>Un fid\u00e8le compagnon de Vital Kamerhe<\/strong><\/p>\n\n\n\n<p>Aim\u00e9 Boji a rejoint son mentor Vital Kamerhe d\u00e8s 2005, quittant ses fonctions au Royaume-Uni pour le seconder alors que celui-ci \u00e9tait secr\u00e9taire g\u00e9n\u00e9ral du PPRD. Il a \u00e9t\u00e9 \u00e9lu d\u00e9put\u00e9 national en 2006, 2011 et 2023.<\/p>\n\n\n\n<p>\u00c0 la suite de la d\u00e9mission de Kamerhe de la pr\u00e9sidence de l\u2019Assembl\u00e9e nationale en 2009, Boji l\u2019a suivi pour fonder ensemble, en 2010, l\u2019Union pour la Nation Congolaise (UNC). Il a jou\u00e9 un r\u00f4le cl\u00e9 dans la signature de l\u2019accord de Nairobi en novembre 2018 entre F\u00e9lix Tshisekedi et Vital Kamerhe, accord qui a ouvert la voie \u00e0 la victoire de la coalition Cap pour le Changement \u00e0 la pr\u00e9sidentielle de 2018.<\/p>\n\n\n\n<p>En septembre 2019, il a assur\u00e9 avec brio l\u2019int\u00e9rim du Secr\u00e9tariat G\u00e9n\u00e9ral de l\u2019UNC durant la p\u00e9riode tumultueuse du parti cons\u00e9cutive \u00e0 l\u2019arrestation de Kamerhe.<\/p>\n\n\n\n<p><strong>Un leader rassembleur<\/strong><\/p>\n\n\n\n<p>Polyglotte, parlant couramment le fran\u00e7ais, l\u2019anglais, le swahili et le lingala, Aim\u00e9 Boji Sangara est reconnu pour sa mod\u00e9ration, sa sobri\u00e9t\u00e9 et son efficacit\u00e9. Fin strat\u00e8ge et homme de dialogue, il a souvent su b\u00e2tir des passerelles politiques m\u00eame dans des situations d\u00e9licates.<\/p>\n\n\n\n<p>Son \u00e9lection \u00e0 la pr\u00e9sidence de l\u2019Assembl\u00e9e Nationale s\u2019annonce comme un moment d\u00e9cisif pour la RDC, dans un contexte marqu\u00e9 par la qu\u00eate de stabilit\u00e9 institutionnelle et la gestion de la crise persistante \u00e0 l\u2019Est du pays.<\/p>\n\n\n\n<p>Jo\u00ebl Diawa<\/p>\n","protected":false},"excerpt":{"rendered":"<p>R\u00e9daction: +243 817 406 088 C\u2019est d\u00e9sormais officiel : l\u2019Union sacr\u00e9e de la Nation a&#8230;<\/p>\n","protected":false},"author":2,"featured_media":16600,"comment_status":"open","ping_status":"open","sticky":false,"template":"","format":"standard","meta":{"_jetpack_memberships_contains_paid_content":false,"footnotes":""},"categories":[3],"tags":[],"class_list":["post-16598","post","type-post","status-publish","format-standard","has-post-thumbnail","hentry","category-politique"],"yoast_head":"<!-- This site is optimized with the Yoast SEO plugin v27.5 - https:\/\/yoast.com\/product\/yoast-seo-wordpress\/ -->\n<title>Assembl\u00e9e Nationale : Aim\u00e9 Boji Sangara, pour un leadership de renouveau et d\u2019unit\u00e9 - Infos Droits Humains<\/title>\n<meta name=\"robots\" content=\"index, follow, max-snippet:-1, max-image-preview:large, max-video-preview:-1\" \/>\n<link rel=\"canonical\" href=\"https:\/\/infos-droitshumains.net\/?p=16598\" \/>\n<meta property=\"og:locale\" content=\"fr_FR\" \/>\n<meta property=\"og:type\" content=\"article\" \/>\n<meta property=\"og:title\" content=\"Assembl\u00e9e Nationale : Aim\u00e9 Boji Sangara, pour un leadership de renouveau et d\u2019unit\u00e9 - Infos Droits Humains\" \/>\n<meta property=\"og:description\" content=\"R\u00e9daction: +243 817 406 088 C\u2019est d\u00e9sormais officiel : l\u2019Union sacr\u00e9e de la Nation a...\" \/>\n<meta property=\"og:url\" content=\"https:\/\/infos-droitshumains.net\/?p=16598\" \/>\n<meta property=\"og:site_name\" content=\"Infos Droits Humains\" \/>\n<meta property=\"article:published_time\" content=\"2025-10-30T09:15:15+00:00\" \/>\n<meta property=\"article:modified_time\" content=\"2025-10-30T13:47:27+00:00\" \/>\n<meta property=\"og:image\" content=\"https:\/\/infos-droitshumains.net\/wp-content\/uploads\/2025\/10\/1761670398669.jpg\" \/>\n\t<meta property=\"og:image:width\" content=\"1080\" \/>\n\t<meta property=\"og:image:height\" content=\"780\" \/>\n\t<meta property=\"og:image:type\" content=\"image\/jpeg\" \/>\n<meta name=\"author\" content=\"Jo\u00ebl Diawa\" \/>\n<meta name=\"twitter:card\" content=\"summary_large_image\" \/>\n<meta name=\"twitter:label1\" content=\"\u00c9crit par\" \/>\n\t<meta name=\"twitter:data1\" content=\"Jo\u00ebl Diawa\" \/>\n\t<meta name=\"twitter:label2\" content=\"Dur\u00e9e de lecture estim\u00e9e\" \/>\n\t<meta name=\"twitter:data2\" content=\"5 minutes\" \/>\n<script type=\"application\/ld+json\" class=\"yoast-schema-graph\">{\"@context\":\"https:\\\/\\\/schema.org\",\"@graph\":[{\"@type\":\"Article\",\"@id\":\"https:\\\/\\\/infos-droitshumains.net\\\/?p=16598#article\",\"isPartOf\":{\"@id\":\"https:\\\/\\\/infos-droitshumains.net\\\/?p=16598\"},\"author\":{\"name\":\"Jo\u00ebl Diawa\",\"@id\":\"https:\\\/\\\/infos-droitshumains.net\\\/#\\\/schema\\\/person\\\/3dc5e921c3302172e0ed4362f96faab7\"},\"headline\":\"Assembl\u00e9e Nationale : Aim\u00e9 Boji Sangara, pour un leadership de renouveau et d\u2019unit\u00e9\",\"datePublished\":\"2025-10-30T09:15:15+00:00\",\"dateModified\":\"2025-10-30T13:47:27+00:00\",\"mainEntityOfPage\":{\"@id\":\"https:\\\/\\\/infos-droitshumains.net\\\/?p=16598\"},\"wordCount\":864,\"commentCount\":0,\"publisher\":{\"@id\":\"https:\\\/\\\/infos-droitshumains.net\\\/#organization\"},\"image\":{\"@id\":\"https:\\\/\\\/infos-droitshumains.net\\\/?p=16598#primaryimage\"},\"thumbnailUrl\":\"https:\\\/\\\/i0.wp.com\\\/infos-droitshumains.net\\\/wp-content\\\/uploads\\\/2025\\\/10\\\/1761670398669.jpg?fit=1080%2C780&ssl=1\",\"articleSection\":[\"Politique\"],\"inLanguage\":\"fr-FR\",\"potentialAction\":[{\"@type\":\"CommentAction\",\"name\":\"Comment\",\"target\":[\"https:\\\/\\\/infos-droitshumains.net\\\/?p=16598#respond\"]}]},{\"@type\":\"WebPage\",\"@id\":\"https:\\\/\\\/infos-droitshumains.net\\\/?p=16598\",\"url\":\"https:\\\/\\\/infos-droitshumains.net\\\/?p=16598\",\"name\":\"Assembl\u00e9e Nationale : Aim\u00e9 Boji Sangara, pour un leadership de renouveau et d\u2019unit\u00e9 - Infos Droits Humains\",\"isPartOf\":{\"@id\":\"https:\\\/\\\/infos-droitshumains.net\\\/#website\"},\"primaryImageOfPage\":{\"@id\":\"https:\\\/\\\/infos-droitshumains.net\\\/?p=16598#primaryimage\"},\"image\":{\"@id\":\"https:\\\/\\\/infos-droitshumains.net\\\/?p=16598#primaryimage\"},\"thumbnailUrl\":\"https:\\\/\\\/i0.wp.com\\\/infos-droitshumains.net\\\/wp-content\\\/uploads\\\/2025\\\/10\\\/1761670398669.jpg?fit=1080%2C780&ssl=1\",\"datePublished\":\"2025-10-30T09:15:15+00:00\",\"dateModified\":\"2025-10-30T13:47:27+00:00\",\"breadcrumb\":{\"@id\":\"https:\\\/\\\/infos-droitshumains.net\\\/?p=16598#breadcrumb\"},\"inLanguage\":\"fr-FR\",\"potentialAction\":[{\"@type\":\"ReadAction\",\"target\":[\"https:\\\/\\\/infos-droitshumains.net\\\/?p=16598\"]}]},{\"@type\":\"ImageObject\",\"inLanguage\":\"fr-FR\",\"@id\":\"https:\\\/\\\/infos-droitshumains.net\\\/?p=16598#primaryimage\",\"url\":\"https:\\\/\\\/i0.wp.com\\\/infos-droitshumains.net\\\/wp-content\\\/uploads\\\/2025\\\/10\\\/1761670398669.jpg?fit=1080%2C780&ssl=1\",\"contentUrl\":\"https:\\\/\\\/i0.wp.com\\\/infos-droitshumains.net\\\/wp-content\\\/uploads\\\/2025\\\/10\\\/1761670398669.jpg?fit=1080%2C780&ssl=1\",\"width\":1080,\"height\":780},{\"@type\":\"BreadcrumbList\",\"@id\":\"https:\\\/\\\/infos-droitshumains.net\\\/?p=16598#breadcrumb\",\"itemListElement\":[{\"@type\":\"ListItem\",\"position\":1,\"name\":\"Accueil\",\"item\":\"https:\\\/\\\/infos-droitshumains.net\\\/\"},{\"@type\":\"ListItem\",\"position\":2,\"name\":\"Assembl\u00e9e Nationale : Aim\u00e9 Boji Sangara, pour un leadership de renouveau et d\u2019unit\u00e9\"}]},{\"@type\":\"WebSite\",\"@id\":\"https:\\\/\\\/infos-droitshumains.net\\\/#website\",\"url\":\"https:\\\/\\\/infos-droitshumains.net\\\/\",\"name\":\"Infos Droits Humains\",\"description\":\"S&#039;informer est un droit\",\"publisher\":{\"@id\":\"https:\\\/\\\/infos-droitshumains.net\\\/#organization\"},\"potentialAction\":[{\"@type\":\"SearchAction\",\"target\":{\"@type\":\"EntryPoint\",\"urlTemplate\":\"https:\\\/\\\/infos-droitshumains.net\\\/?s={search_term_string}\"},\"query-input\":{\"@type\":\"PropertyValueSpecification\",\"valueRequired\":true,\"valueName\":\"search_term_string\"}}],\"inLanguage\":\"fr-FR\"},{\"@type\":\"Organization\",\"@id\":\"https:\\\/\\\/infos-droitshumains.net\\\/#organization\",\"name\":\"Infos Droits Humains\",\"url\":\"https:\\\/\\\/infos-droitshumains.net\\\/\",\"logo\":{\"@type\":\"ImageObject\",\"inLanguage\":\"fr-FR\",\"@id\":\"https:\\\/\\\/infos-droitshumains.net\\\/#\\\/schema\\\/logo\\\/image\\\/\",\"url\":\"https:\\\/\\\/i0.wp.com\\\/infos-droitshumains.net\\\/wp-content\\\/uploads\\\/2022\\\/05\\\/Logo.png?fit=333%2C129&ssl=1\",\"contentUrl\":\"https:\\\/\\\/i0.wp.com\\\/infos-droitshumains.net\\\/wp-content\\\/uploads\\\/2022\\\/05\\\/Logo.png?fit=333%2C129&ssl=1\",\"width\":333,\"height\":129,\"caption\":\"Infos Droits Humains\"},\"image\":{\"@id\":\"https:\\\/\\\/infos-droitshumains.net\\\/#\\\/schema\\\/logo\\\/image\\\/\"}},{\"@type\":\"Person\",\"@id\":\"https:\\\/\\\/infos-droitshumains.net\\\/#\\\/schema\\\/person\\\/3dc5e921c3302172e0ed4362f96faab7\",\"name\":\"Jo\u00ebl Diawa\",\"image\":{\"@type\":\"ImageObject\",\"inLanguage\":\"fr-FR\",\"@id\":\"https:\\\/\\\/secure.gravatar.com\\\/avatar\\\/729bea6ff4604c624417803c477363be8e3c7186deaa65713313f9b4b820f41c?s=96&d=mm&r=g\",\"url\":\"https:\\\/\\\/secure.gravatar.com\\\/avatar\\\/729bea6ff4604c624417803c477363be8e3c7186deaa65713313f9b4b820f41c?s=96&d=mm&r=g\",\"contentUrl\":\"https:\\\/\\\/secure.gravatar.com\\\/avatar\\\/729bea6ff4604c624417803c477363be8e3c7186deaa65713313f9b4b820f41c?s=96&d=mm&r=g\",\"caption\":\"Jo\u00ebl Diawa\"},\"sameAs\":[\"https:\\\/\\\/www.infos-droitshumains.net\"],\"url\":\"https:\\\/\\\/infos-droitshumains.net\\\/?author=2\"}]}<\/script>\n<!-- \/ Yoast SEO plugin. -->","yoast_head_json":{"title":"Assembl\u00e9e Nationale : Aim\u00e9 Boji Sangara, pour un leadership de renouveau et d\u2019unit\u00e9 - Infos Droits Humains","robots":{"index":"index","follow":"follow","max-snippet":"max-snippet:-1","max-image-preview":"max-image-preview:large","max-video-preview":"max-video-preview:-1"},"canonical":"https:\/\/infos-droitshumains.net\/?p=16598","og_locale":"fr_FR","og_type":"article","og_title":"Assembl\u00e9e Nationale : Aim\u00e9 Boji Sangara, pour un leadership de renouveau et d\u2019unit\u00e9 - Infos Droits Humains","og_description":"R\u00e9daction: +243 817 406 088 C\u2019est d\u00e9sormais officiel : l\u2019Union sacr\u00e9e de la Nation a...","og_url":"https:\/\/infos-droitshumains.net\/?p=16598","og_site_name":"Infos Droits Humains","article_published_time":"2025-10-30T09:15:15+00:00","article_modified_time":"2025-10-30T13:47:27+00:00","og_image":[{"width":1080,"height":780,"url":"https:\/\/infos-droitshumains.net\/wp-content\/uploads\/2025\/10\/1761670398669.jpg","type":"image\/jpeg"}],"author":"Jo\u00ebl Diawa","twitter_card":"summary_large_image","twitter_misc":{"\u00c9crit par":"Jo\u00ebl Diawa","Dur\u00e9e de lecture estim\u00e9e":"5 minutes"},"schema":{"@context":"https:\/\/schema.org","@graph":[{"@type":"Article","@id":"https:\/\/infos-droitshumains.net\/?p=16598#article","isPartOf":{"@id":"https:\/\/infos-droitshumains.net\/?p=16598"},"author":{"name":"Jo\u00ebl Diawa","@id":"https:\/\/infos-droitshumains.net\/#\/schema\/person\/3dc5e921c3302172e0ed4362f96faab7"},"headline":"Assembl\u00e9e Nationale : Aim\u00e9 Boji Sangara, pour un leadership de renouveau et d\u2019unit\u00e9","datePublished":"2025-10-30T09:15:15+00:00","dateModified":"2025-10-30T13:47:27+00:00","mainEntityOfPage":{"@id":"https:\/\/infos-droitshumains.net\/?p=16598"},"wordCount":864,"commentCount":0,"publisher":{"@id":"https:\/\/infos-droitshumains.net\/#organization"},"image":{"@id":"https:\/\/infos-droitshumains.net\/?p=16598#primaryimage"},"thumbnailUrl":"https:\/\/i0.wp.com\/infos-droitshumains.net\/wp-content\/uploads\/2025\/10\/1761670398669.jpg?fit=1080%2C780&ssl=1","articleSection":["Politique"],"inLanguage":"fr-FR","potentialAction":[{"@type":"CommentAction","name":"Comment","target":["https:\/\/infos-droitshumains.net\/?p=16598#respond"]}]},{"@type":"WebPage","@id":"https:\/\/infos-droitshumains.net\/?p=16598","url":"https:\/\/infos-droitshumains.net\/?p=16598","name":"Assembl\u00e9e Nationale : Aim\u00e9 Boji Sangara, pour un leadership de renouveau et d\u2019unit\u00e9 - Infos Droits Humains","isPartOf":{"@id":"https:\/\/infos-droitshumains.net\/#website"},"primaryImageOfPage":{"@id":"https:\/\/infos-droitshumains.net\/?p=16598#primaryimage"},"image":{"@id":"https:\/\/infos-droitshumains.net\/?p=16598#primaryimage"},"thumbnailUrl":"https:\/\/i0.wp.com\/infos-droitshumains.net\/wp-content\/uploads\/2025\/10\/1761670398669.jpg?fit=1080%2C780&ssl=1","datePublished":"2025-10-30T09:15:15+00:00","dateModified":"2025-10-30T13:47:27+00:00","breadcrumb":{"@id":"https:\/\/infos-droitshumains.net\/?p=16598#breadcrumb"},"inLanguage":"fr-FR","potentialAction":[{"@type":"ReadAction","target":["https:\/\/infos-droitshumains.net\/?p=16598"]}]},{"@type":"ImageObject","inLanguage":"fr-FR","@id":"https:\/\/infos-droitshumains.net\/?p=16598#primaryimage","url":"https:\/\/i0.wp.com\/infos-droitshumains.net\/wp-content\/uploads\/2025\/10\/1761670398669.jpg?fit=1080%2C780&ssl=1","contentUrl":"https:\/\/i0.wp.com\/infos-droitshumains.net\/wp-content\/uploads\/2025\/10\/1761670398669.jpg?fit=1080%2C780&ssl=1","width":1080,"height":780},{"@type":"BreadcrumbList","@id":"https:\/\/infos-droitshumains.net\/?p=16598#breadcrumb","itemListElement":[{"@type":"ListItem","position":1,"name":"Accueil","item":"https:\/\/infos-droitshumains.net\/"},{"@type":"ListItem","position":2,"name":"Assembl\u00e9e Nationale : Aim\u00e9 Boji Sangara, pour un leadership de renouveau et d\u2019unit\u00e9"}]},{"@type":"WebSite","@id":"https:\/\/infos-droitshumains.net\/#website","url":"https:\/\/infos-droitshumains.net\/","name":"Infos Droits Humains","description":"S&#039;informer est un droit","publisher":{"@id":"https:\/\/infos-droitshumains.net\/#organization"},"potentialAction":[{"@type":"SearchAction","target":{"@type":"EntryPoint","urlTemplate":"https:\/\/infos-droitshumains.net\/?s={search_term_string}"},"query-input":{"@type":"PropertyValueSpecification","valueRequired":true,"valueName":"search_term_string"}}],"inLanguage":"fr-FR"},{"@type":"Organization","@id":"https:\/\/infos-droitshumains.net\/#organization","name":"Infos Droits Humains","url":"https:\/\/infos-droitshumains.net\/","logo":{"@type":"ImageObject","inLanguage":"fr-FR","@id":"https:\/\/infos-droitshumains.net\/#\/schema\/logo\/image\/","url":"https:\/\/i0.wp.com\/infos-droitshumains.net\/wp-content\/uploads\/2022\/05\/Logo.png?fit=333%2C129&ssl=1","contentUrl":"https:\/\/i0.wp.com\/infos-droitshumains.net\/wp-content\/uploads\/2022\/05\/Logo.png?fit=333%2C129&ssl=1","width":333,"height":129,"caption":"Infos Droits Humains"},"image":{"@id":"https:\/\/infos-droitshumains.net\/#\/schema\/logo\/image\/"}},{"@type":"Person","@id":"https:\/\/infos-droitshumains.net\/#\/schema\/person\/3dc5e921c3302172e0ed4362f96faab7","name":"Jo\u00ebl Diawa","image":{"@type":"ImageObject","inLanguage":"fr-FR","@id":"https:\/\/secure.gravatar.com\/avatar\/729bea6ff4604c624417803c477363be8e3c7186deaa65713313f9b4b820f41c?s=96&d=mm&r=g","url":"https:\/\/secure.gravatar.com\/avatar\/729bea6ff4604c624417803c477363be8e3c7186deaa65713313f9b4b820f41c?s=96&d=mm&r=g","contentUrl":"https:\/\/secure.gravatar.com\/avatar\/729bea6ff4604c624417803c477363be8e3c7186deaa65713313f9b4b820f41c?s=96&d=mm&r=g","caption":"Jo\u00ebl Diawa"},"sameAs":["https:\/\/www.infos-droitshumains.net"],"url":"https:\/\/infos-droitshumains.net\/?author=2"}]}},"featured_image_urls":{"full":["https:\/\/i0.wp.com\/infos-droitshumains.net\/wp-content\/uploads\/2025\/10\/1761670398669.jpg?fit=1080%2C780&ssl=1",1080,780,false],"thumbnail":["https:\/\/i0.wp.com\/infos-droitshumains.net\/wp-content\/uploads\/2025\/10\/1761670398669.jpg?resize=150%2C150&ssl=1",150,150,true],"medium":["https:\/\/i0.wp.com\/infos-droitshumains.net\/wp-content\/uploads\/2025\/10\/1761670398669.jpg?fit=300%2C217&ssl=1",300,217,true],"medium_large":["https:\/\/i0.wp.com\/infos-droitshumains.net\/wp-content\/uploads\/2025\/10\/1761670398669.jpg?fit=640%2C463&ssl=1",640,463,true],"large":["https:\/\/i0.wp.com\/infos-droitshumains.net\/wp-content\/uploads\/2025\/10\/1761670398669.jpg?fit=640%2C463&ssl=1",640,463,true],"1536x1536":["https:\/\/i0.wp.com\/infos-droitshumains.net\/wp-content\/uploads\/2025\/10\/1761670398669.jpg?fit=1080%2C780&ssl=1",1080,780,true],"2048x2048":["https:\/\/i0.wp.com\/infos-droitshumains.net\/wp-content\/uploads\/2025\/10\/1761670398669.jpg?fit=1080%2C780&ssl=1",1080,780,true],"covernews-slider-full":["https:\/\/i0.wp.com\/infos-droitshumains.net\/wp-content\/uploads\/2025\/10\/1761670398669.jpg?resize=1080%2C715&ssl=1",1080,715,true],"covernews-slider-center":["https:\/\/i0.wp.com\/infos-droitshumains.net\/wp-content\/uploads\/2025\/10\/1761670398669.jpg?resize=800%2C500&ssl=1",800,500,true],"covernews-featured":["https:\/\/i0.wp.com\/infos-droitshumains.net\/wp-content\/uploads\/2025\/10\/1761670398669.jpg?fit=1024%2C740&ssl=1",1024,740,true],"covernews-medium":["https:\/\/i0.wp.com\/infos-droitshumains.net\/wp-content\/uploads\/2025\/10\/1761670398669.jpg?resize=540%2C340&ssl=1",540,340,true],"covernews-medium-square":["https:\/\/i0.wp.com\/infos-droitshumains.net\/wp-content\/uploads\/2025\/10\/1761670398669.jpg?resize=400%2C250&ssl=1",400,250,true]},"author_info":{"display_name":"Jo\u00ebl Diawa","author_link":"https:\/\/infos-droitshumains.net\/?author=2"},"category_info":"<a href=\"https:\/\/infos-droitshumains.net\/?cat=3\" rel=\"category\">Politique<\/a>","tag_info":"Politique","comment_count":"0","jetpack_featured_media_url":"https:\/\/i0.wp.com\/infos-droitshumains.net\/wp-content\/uploads\/2025\/10\/1761670398669.jpg?fit=1080%2C780&ssl=1","jetpack-related-posts":[],"jetpack_sharing_enabled":true,"_links":{"self":[{"href":"https:\/\/infos-droitshumains.net\/index.php?rest_route=\/wp\/v2\/posts\/16598","targetHints":{"allow":["GET"]}}],"collection":[{"href":"https:\/\/infos-droitshumains.net\/index.php?rest_route=\/wp\/v2\/posts"}],"about":[{"href":"https:\/\/infos-droitshumains.net\/index.php?rest_route=\/wp\/v2\/types\/post"}],"author":[{"embeddable":true,"href":"https:\/\/infos-droitshumains.net\/index.php?rest_route=\/wp\/v2\/users\/2"}],"replies":[{"embeddable":true,"href":"https:\/\/infos-droitshumains.net\/index.php?rest_route=%2Fwp%2Fv2%2Fcomments&post=16598"}],"version-history":[{"count":3,"href":"https:\/\/infos-droitshumains.net\/index.php?rest_route=\/wp\/v2\/posts\/16598\/revisions"}],"predecessor-version":[{"id":16608,"href":"https:\/\/infos-droitshumains.net\/index.php?rest_route=\/wp\/v2\/posts\/16598\/revisions\/16608"}],"wp:featuredmedia":[{"embeddable":true,"href":"https:\/\/infos-droitshumains.net\/index.php?rest_route=\/wp\/v2\/media\/16600"}],"wp:attachment":[{"href":"https:\/\/infos-droitshumains.net\/index.php?rest_route=%2Fwp%2Fv2%2Fmedia&parent=16598"}],"wp:term":[{"taxonomy":"category","embeddable":true,"href":"https:\/\/infos-droitshumains.net\/index.php?rest_route=%2Fwp%2Fv2%2Fcategories&post=16598"},{"taxonomy":"post_tag","embeddable":true,"href":"https:\/\/infos-droitshumains.net\/index.php?rest_route=%2Fwp%2Fv2%2Ftags&post=16598"}],"curies":[{"name":"wp","href":"https:\/\/api.w.org\/{rel}","templated":true}]}}