{"id":16595,"date":"2025-10-29T00:19:41","date_gmt":"2025-10-28T23:19:41","guid":{"rendered":"https:\/\/infos-droitshumains.net\/?p=16595"},"modified":"2025-10-29T00:21:13","modified_gmt":"2025-10-28T23:21:13","slug":"rdc-me-junior-kapuya-invite-les-cameramen-a-maitriser-non-seulement-la-technique-de-captation-mais-aussi-les-limites-juridiques-et-ethiques-de-leur-pratique","status":"publish","type":"post","link":"https:\/\/infos-droitshumains.net\/?p=16595","title":{"rendered":"RDC\u00a0: Me. Junior Kapuya invite les cameramen \u00e0 ma\u00eetriser non seulement la technique de captation, mais aussi les limites juridiques et \u00e9thiques de leur pratique"},"content":{"rendered":"\n<p><strong>R\u00e9daction: +243 817 406 088<\/strong><\/p>\n\n\n\n<h3 class=\"wp-block-heading has-vivid-red-color has-text-color has-link-color wp-elements-5af3586da2dd1b0d62f9fa994fa2d9e6\">Sous le th\u00e8me \u00e9vocateur <em>\u00ab De la cam\u00e9ra au leadership : parcours inspirant \u00bb<\/em>, l\u2019Union Nationale des Cameramen du Congo (UNCC) a organis\u00e9, le samedi 18 octobre 2025, une journ\u00e9e d\u2019\u00e9changes d\u2019exp\u00e9riences r\u00e9unissant tous les op\u00e9rateurs de prise de vue et d\u2019autres acteurs du secteur audiovisuel. Cette initiative visait \u00e0 promouvoir la mont\u00e9e en comp\u00e9tence et la responsabilisation des cameramen, souvent consid\u00e9r\u00e9s \u00e0 tort comme de simples techniciens, alors qu\u2019ils occupent un r\u00f4le central dans la production et la diffusion de l\u2019information.<\/h3>\n\n\n\n<p>Parmi les intervenants de marque, Ma\u00eetre Junior Kapuya Meleka, avocat au Barreau de Kinshasa\/Gombe et ancien membre du Conseil de l\u2019Ordre, a captiv\u00e9 l\u2019assistance par une communication dense et p\u00e9dagogique sur le th\u00e8me : <em>\u00ab Les enjeux de la responsabilit\u00e9 juridique dans l\u2019exercice des fonctions du cameraman au sein d\u2019une entreprise de presse. \u00bb<\/em><\/p>\n\n\n\n<p>Dans son expos\u00e9, Ma\u00eetre Kapuya a rappel\u00e9 que l\u2019exercice du m\u00e9tier de cameraman ne se limite pas \u00e0 la ma\u00eetrise technique de la captation d\u2019images, mais s\u2019\u00e9tend \u00e0 la compr\u00e9hension des implications juridiques et \u00e9thiques qui y sont associ\u00e9es.<\/p>\n\n\n\n<p><em>\u00ab Il est imp\u00e9ratif pour les cameramen d\u2019agir en professionnels \u00e9clair\u00e9s, connaissant non seulement la technique de captation, mais aussi les limites juridiques et \u00e9thiques de leur pratique \u00bb, <\/em>a-t-il soulign\u00e9.<\/p>\n\n\n\n<p>Cet avocat a insist\u00e9 sur la n\u00e9cessit\u00e9 d\u2019une vigilance accrue dans des contextes sensibles, o\u00f9 chaque image film\u00e9e peut avoir des cons\u00e9quences juridiques ou sociales. Il a notamment \u00e9voqu\u00e9 le respect de la vie priv\u00e9e, le droit \u00e0 l\u2019image, la v\u00e9racit\u00e9 des informations diffus\u00e9es, ainsi que l\u2019interdiction d\u2019inciter \u00e0 la haine ou \u00e0 la violence&nbsp;:<\/p>\n\n\n\n<p><em>\u00ab La libert\u00e9 de la presse est un droit fondamental, mais elle n\u2019est pas absolue. Elle est encadr\u00e9e par des obligations pr\u00e9cises \u00bb<\/em>, a pr\u00e9cis\u00e9 Me. Kapuya.<\/p>\n\n\n\n<p>Selon lui, les cameramen doivent \u00eatre consid\u00e9r\u00e9s non plus comme de simples ex\u00e9cutants, mais comme de v\u00e9ritables acteurs de la responsabilit\u00e9 \u00e9ditoriale au sein des entreprises de presse.<\/p>\n\n\n\n<p><em>\u00ab Vous devez \u00eatre les garants d\u2019une image responsable et \u00e9thique, au service de la v\u00e9rit\u00e9 et du respect des droits humains \u00bb,<\/em> a-t-il insist\u00e9.<\/p>\n\n\n\n<p>Cette approche vise \u00e0 renforcer la professionnalisation du secteur audiovisuel congolais et \u00e0 encourager les op\u00e9rateurs \u00e0 int\u00e9grer les dimensions l\u00e9gales dans leurs pratiques quotidiennes.<\/p>\n\n\n\n<p>\u00c0 l\u2019issue de son intervention, Ma\u00eetre Kapuya Meleka a exprim\u00e9 sa satisfaction quant \u00e0 la qualit\u00e9 de l\u2019organisation et la pertinence des \u00e9changes.<\/p>\n\n\n\n<p><em>\u00ab La qualit\u00e9 de cette journ\u00e9e \u00e9tait largement au-dessus de mes attentes. Je vous encourage \u00e0 poursuivre dans cette voie et \u00e0 continuer de nous rendre fiers par vos actions \u00bb<\/em>, a-t-il d\u00e9clar\u00e9.<\/p>\n\n\n\n<p>Il a par ailleurs rappel\u00e9 l\u2019importance, pour tout professionnel, de ma\u00eetriser les outils juridiques de son m\u00e9tier :<\/p>\n\n\n\n<p><em>\u00ab Lorsque vous vous lancez dans une profession, la premi\u00e8re des choses est de conna\u00eetre les r\u00e8gles l\u00e9gales qui vous prot\u00e8gent et vous \u00e9vitent de subir la foudre de la loi. \u00bb<\/em><\/p>\n\n\n\n<p>Cette journ\u00e9e d\u2019\u00e9changes, plac\u00e9e sous le sceau de la r\u00e9flexion et du partage d\u2019exp\u00e9riences, marque une \u00e9tape importante dans la valorisation du m\u00e9tier de cameraman en R\u00e9publique D\u00e9mocratique du Congo. L\u2019UNCC, \u00e0 travers ce type d\u2019initiatives, entend poursuivre son engagement en faveur de la formation continue, de la reconnaissance professionnelle et du leadership dans le secteur audiovisuel.<\/p>\n\n\n\n<p>Jo\u00ebl Diawa<\/p>\n","protected":false},"excerpt":{"rendered":"<p>R\u00e9daction: +243 817 406 088 Sous le th\u00e8me \u00e9vocateur \u00ab De la cam\u00e9ra au leadership&#8230;<\/p>\n","protected":false},"author":2,"featured_media":16597,"comment_status":"open","ping_status":"open","sticky":false,"template":"","format":"standard","meta":{"_jetpack_memberships_contains_paid_content":false,"footnotes":""},"categories":[8],"tags":[],"class_list":["post-16595","post","type-post","status-publish","format-standard","has-post-thumbnail","hentry","category-societe"],"yoast_head":"<!-- This site is optimized with the Yoast SEO plugin v27.5 - https:\/\/yoast.com\/product\/yoast-seo-wordpress\/ -->\n<title>RDC\u00a0: Me. Junior Kapuya invite les cameramen \u00e0 ma\u00eetriser non seulement la technique de captation, mais aussi les limites juridiques et \u00e9thiques de leur pratique - Infos Droits Humains<\/title>\n<meta name=\"robots\" content=\"index, follow, max-snippet:-1, max-image-preview:large, max-video-preview:-1\" \/>\n<link rel=\"canonical\" href=\"https:\/\/infos-droitshumains.net\/?p=16595\" \/>\n<meta property=\"og:locale\" content=\"fr_FR\" \/>\n<meta property=\"og:type\" content=\"article\" \/>\n<meta property=\"og:title\" content=\"RDC\u00a0: Me. Junior Kapuya invite les cameramen \u00e0 ma\u00eetriser non seulement la technique de captation, mais aussi les limites juridiques et \u00e9thiques de leur pratique - Infos Droits Humains\" \/>\n<meta property=\"og:description\" content=\"R\u00e9daction: +243 817 406 088 Sous le th\u00e8me \u00e9vocateur \u00ab De la cam\u00e9ra au leadership...\" \/>\n<meta property=\"og:url\" content=\"https:\/\/infos-droitshumains.net\/?p=16595\" \/>\n<meta property=\"og:site_name\" content=\"Infos Droits Humains\" \/>\n<meta property=\"article:published_time\" content=\"2025-10-28T23:19:41+00:00\" \/>\n<meta property=\"article:modified_time\" content=\"2025-10-28T23:21:13+00:00\" \/>\n<meta property=\"og:image\" content=\"https:\/\/infos-droitshumains.net\/wp-content\/uploads\/2025\/10\/IMG-20251019-WA0033.jpg\" \/>\n\t<meta property=\"og:image:width\" content=\"1024\" \/>\n\t<meta property=\"og:image:height\" content=\"683\" \/>\n\t<meta property=\"og:image:type\" content=\"image\/jpeg\" \/>\n<meta name=\"author\" content=\"Jo\u00ebl Diawa\" \/>\n<meta name=\"twitter:card\" content=\"summary_large_image\" \/>\n<meta name=\"twitter:label1\" content=\"\u00c9crit par\" \/>\n\t<meta name=\"twitter:data1\" content=\"Jo\u00ebl Diawa\" \/>\n\t<meta name=\"twitter:label2\" content=\"Dur\u00e9e de lecture estim\u00e9e\" \/>\n\t<meta name=\"twitter:data2\" content=\"3 minutes\" \/>\n<script type=\"application\/ld+json\" class=\"yoast-schema-graph\">{\"@context\":\"https:\\\/\\\/schema.org\",\"@graph\":[{\"@type\":\"Article\",\"@id\":\"https:\\\/\\\/infos-droitshumains.net\\\/?p=16595#article\",\"isPartOf\":{\"@id\":\"https:\\\/\\\/infos-droitshumains.net\\\/?p=16595\"},\"author\":{\"name\":\"Jo\u00ebl Diawa\",\"@id\":\"https:\\\/\\\/infos-droitshumains.net\\\/#\\\/schema\\\/person\\\/3dc5e921c3302172e0ed4362f96faab7\"},\"headline\":\"RDC\u00a0: Me. Junior Kapuya invite les cameramen \u00e0 ma\u00eetriser non seulement la technique de captation, mais aussi les limites juridiques et \u00e9thiques de leur pratique\",\"datePublished\":\"2025-10-28T23:19:41+00:00\",\"dateModified\":\"2025-10-28T23:21:13+00:00\",\"mainEntityOfPage\":{\"@id\":\"https:\\\/\\\/infos-droitshumains.net\\\/?p=16595\"},\"wordCount\":609,\"commentCount\":0,\"publisher\":{\"@id\":\"https:\\\/\\\/infos-droitshumains.net\\\/#organization\"},\"image\":{\"@id\":\"https:\\\/\\\/infos-droitshumains.net\\\/?p=16595#primaryimage\"},\"thumbnailUrl\":\"https:\\\/\\\/i0.wp.com\\\/infos-droitshumains.net\\\/wp-content\\\/uploads\\\/2025\\\/10\\\/IMG-20251019-WA0033.jpg?fit=1024%2C683&ssl=1\",\"articleSection\":[\"Soci\u00e9t\u00e9\"],\"inLanguage\":\"fr-FR\",\"potentialAction\":[{\"@type\":\"CommentAction\",\"name\":\"Comment\",\"target\":[\"https:\\\/\\\/infos-droitshumains.net\\\/?p=16595#respond\"]}]},{\"@type\":\"WebPage\",\"@id\":\"https:\\\/\\\/infos-droitshumains.net\\\/?p=16595\",\"url\":\"https:\\\/\\\/infos-droitshumains.net\\\/?p=16595\",\"name\":\"RDC\u00a0: Me. Junior Kapuya invite les cameramen \u00e0 ma\u00eetriser non seulement la technique de captation, mais aussi les limites juridiques et \u00e9thiques de leur pratique - Infos Droits Humains\",\"isPartOf\":{\"@id\":\"https:\\\/\\\/infos-droitshumains.net\\\/#website\"},\"primaryImageOfPage\":{\"@id\":\"https:\\\/\\\/infos-droitshumains.net\\\/?p=16595#primaryimage\"},\"image\":{\"@id\":\"https:\\\/\\\/infos-droitshumains.net\\\/?p=16595#primaryimage\"},\"thumbnailUrl\":\"https:\\\/\\\/i0.wp.com\\\/infos-droitshumains.net\\\/wp-content\\\/uploads\\\/2025\\\/10\\\/IMG-20251019-WA0033.jpg?fit=1024%2C683&ssl=1\",\"datePublished\":\"2025-10-28T23:19:41+00:00\",\"dateModified\":\"2025-10-28T23:21:13+00:00\",\"breadcrumb\":{\"@id\":\"https:\\\/\\\/infos-droitshumains.net\\\/?p=16595#breadcrumb\"},\"inLanguage\":\"fr-FR\",\"potentialAction\":[{\"@type\":\"ReadAction\",\"target\":[\"https:\\\/\\\/infos-droitshumains.net\\\/?p=16595\"]}]},{\"@type\":\"ImageObject\",\"inLanguage\":\"fr-FR\",\"@id\":\"https:\\\/\\\/infos-droitshumains.net\\\/?p=16595#primaryimage\",\"url\":\"https:\\\/\\\/i0.wp.com\\\/infos-droitshumains.net\\\/wp-content\\\/uploads\\\/2025\\\/10\\\/IMG-20251019-WA0033.jpg?fit=1024%2C683&ssl=1\",\"contentUrl\":\"https:\\\/\\\/i0.wp.com\\\/infos-droitshumains.net\\\/wp-content\\\/uploads\\\/2025\\\/10\\\/IMG-20251019-WA0033.jpg?fit=1024%2C683&ssl=1\",\"width\":1024,\"height\":683},{\"@type\":\"BreadcrumbList\",\"@id\":\"https:\\\/\\\/infos-droitshumains.net\\\/?p=16595#breadcrumb\",\"itemListElement\":[{\"@type\":\"ListItem\",\"position\":1,\"name\":\"Accueil\",\"item\":\"https:\\\/\\\/infos-droitshumains.net\\\/\"},{\"@type\":\"ListItem\",\"position\":2,\"name\":\"RDC\u00a0: Me. Junior Kapuya invite les cameramen \u00e0 ma\u00eetriser non seulement la technique de captation, mais aussi les limites juridiques et \u00e9thiques de leur pratique\"}]},{\"@type\":\"WebSite\",\"@id\":\"https:\\\/\\\/infos-droitshumains.net\\\/#website\",\"url\":\"https:\\\/\\\/infos-droitshumains.net\\\/\",\"name\":\"Infos Droits Humains\",\"description\":\"S&#039;informer est un droit\",\"publisher\":{\"@id\":\"https:\\\/\\\/infos-droitshumains.net\\\/#organization\"},\"potentialAction\":[{\"@type\":\"SearchAction\",\"target\":{\"@type\":\"EntryPoint\",\"urlTemplate\":\"https:\\\/\\\/infos-droitshumains.net\\\/?s={search_term_string}\"},\"query-input\":{\"@type\":\"PropertyValueSpecification\",\"valueRequired\":true,\"valueName\":\"search_term_string\"}}],\"inLanguage\":\"fr-FR\"},{\"@type\":\"Organization\",\"@id\":\"https:\\\/\\\/infos-droitshumains.net\\\/#organization\",\"name\":\"Infos Droits Humains\",\"url\":\"https:\\\/\\\/infos-droitshumains.net\\\/\",\"logo\":{\"@type\":\"ImageObject\",\"inLanguage\":\"fr-FR\",\"@id\":\"https:\\\/\\\/infos-droitshumains.net\\\/#\\\/schema\\\/logo\\\/image\\\/\",\"url\":\"https:\\\/\\\/i0.wp.com\\\/infos-droitshumains.net\\\/wp-content\\\/uploads\\\/2022\\\/05\\\/Logo.png?fit=333%2C129&ssl=1\",\"contentUrl\":\"https:\\\/\\\/i0.wp.com\\\/infos-droitshumains.net\\\/wp-content\\\/uploads\\\/2022\\\/05\\\/Logo.png?fit=333%2C129&ssl=1\",\"width\":333,\"height\":129,\"caption\":\"Infos Droits Humains\"},\"image\":{\"@id\":\"https:\\\/\\\/infos-droitshumains.net\\\/#\\\/schema\\\/logo\\\/image\\\/\"}},{\"@type\":\"Person\",\"@id\":\"https:\\\/\\\/infos-droitshumains.net\\\/#\\\/schema\\\/person\\\/3dc5e921c3302172e0ed4362f96faab7\",\"name\":\"Jo\u00ebl Diawa\",\"image\":{\"@type\":\"ImageObject\",\"inLanguage\":\"fr-FR\",\"@id\":\"https:\\\/\\\/secure.gravatar.com\\\/avatar\\\/729bea6ff4604c624417803c477363be8e3c7186deaa65713313f9b4b820f41c?s=96&d=mm&r=g\",\"url\":\"https:\\\/\\\/secure.gravatar.com\\\/avatar\\\/729bea6ff4604c624417803c477363be8e3c7186deaa65713313f9b4b820f41c?s=96&d=mm&r=g\",\"contentUrl\":\"https:\\\/\\\/secure.gravatar.com\\\/avatar\\\/729bea6ff4604c624417803c477363be8e3c7186deaa65713313f9b4b820f41c?s=96&d=mm&r=g\",\"caption\":\"Jo\u00ebl Diawa\"},\"sameAs\":[\"https:\\\/\\\/www.infos-droitshumains.net\"],\"url\":\"https:\\\/\\\/infos-droitshumains.net\\\/?author=2\"}]}<\/script>\n<!-- \/ Yoast SEO plugin. -->","yoast_head_json":{"title":"RDC\u00a0: Me. Junior Kapuya invite les cameramen \u00e0 ma\u00eetriser non seulement la technique de captation, mais aussi les limites juridiques et \u00e9thiques de leur pratique - Infos Droits Humains","robots":{"index":"index","follow":"follow","max-snippet":"max-snippet:-1","max-image-preview":"max-image-preview:large","max-video-preview":"max-video-preview:-1"},"canonical":"https:\/\/infos-droitshumains.net\/?p=16595","og_locale":"fr_FR","og_type":"article","og_title":"RDC\u00a0: Me. Junior Kapuya invite les cameramen \u00e0 ma\u00eetriser non seulement la technique de captation, mais aussi les limites juridiques et \u00e9thiques de leur pratique - Infos Droits Humains","og_description":"R\u00e9daction: +243 817 406 088 Sous le th\u00e8me \u00e9vocateur \u00ab De la cam\u00e9ra au leadership...","og_url":"https:\/\/infos-droitshumains.net\/?p=16595","og_site_name":"Infos Droits Humains","article_published_time":"2025-10-28T23:19:41+00:00","article_modified_time":"2025-10-28T23:21:13+00:00","og_image":[{"width":1024,"height":683,"url":"https:\/\/infos-droitshumains.net\/wp-content\/uploads\/2025\/10\/IMG-20251019-WA0033.jpg","type":"image\/jpeg"}],"author":"Jo\u00ebl Diawa","twitter_card":"summary_large_image","twitter_misc":{"\u00c9crit par":"Jo\u00ebl Diawa","Dur\u00e9e de lecture estim\u00e9e":"3 minutes"},"schema":{"@context":"https:\/\/schema.org","@graph":[{"@type":"Article","@id":"https:\/\/infos-droitshumains.net\/?p=16595#article","isPartOf":{"@id":"https:\/\/infos-droitshumains.net\/?p=16595"},"author":{"name":"Jo\u00ebl Diawa","@id":"https:\/\/infos-droitshumains.net\/#\/schema\/person\/3dc5e921c3302172e0ed4362f96faab7"},"headline":"RDC\u00a0: Me. Junior Kapuya invite les cameramen \u00e0 ma\u00eetriser non seulement la technique de captation, mais aussi les limites juridiques et \u00e9thiques de leur pratique","datePublished":"2025-10-28T23:19:41+00:00","dateModified":"2025-10-28T23:21:13+00:00","mainEntityOfPage":{"@id":"https:\/\/infos-droitshumains.net\/?p=16595"},"wordCount":609,"commentCount":0,"publisher":{"@id":"https:\/\/infos-droitshumains.net\/#organization"},"image":{"@id":"https:\/\/infos-droitshumains.net\/?p=16595#primaryimage"},"thumbnailUrl":"https:\/\/i0.wp.com\/infos-droitshumains.net\/wp-content\/uploads\/2025\/10\/IMG-20251019-WA0033.jpg?fit=1024%2C683&ssl=1","articleSection":["Soci\u00e9t\u00e9"],"inLanguage":"fr-FR","potentialAction":[{"@type":"CommentAction","name":"Comment","target":["https:\/\/infos-droitshumains.net\/?p=16595#respond"]}]},{"@type":"WebPage","@id":"https:\/\/infos-droitshumains.net\/?p=16595","url":"https:\/\/infos-droitshumains.net\/?p=16595","name":"RDC\u00a0: Me. Junior Kapuya invite les cameramen \u00e0 ma\u00eetriser non seulement la technique de captation, mais aussi les limites juridiques et \u00e9thiques de leur pratique - Infos Droits Humains","isPartOf":{"@id":"https:\/\/infos-droitshumains.net\/#website"},"primaryImageOfPage":{"@id":"https:\/\/infos-droitshumains.net\/?p=16595#primaryimage"},"image":{"@id":"https:\/\/infos-droitshumains.net\/?p=16595#primaryimage"},"thumbnailUrl":"https:\/\/i0.wp.com\/infos-droitshumains.net\/wp-content\/uploads\/2025\/10\/IMG-20251019-WA0033.jpg?fit=1024%2C683&ssl=1","datePublished":"2025-10-28T23:19:41+00:00","dateModified":"2025-10-28T23:21:13+00:00","breadcrumb":{"@id":"https:\/\/infos-droitshumains.net\/?p=16595#breadcrumb"},"inLanguage":"fr-FR","potentialAction":[{"@type":"ReadAction","target":["https:\/\/infos-droitshumains.net\/?p=16595"]}]},{"@type":"ImageObject","inLanguage":"fr-FR","@id":"https:\/\/infos-droitshumains.net\/?p=16595#primaryimage","url":"https:\/\/i0.wp.com\/infos-droitshumains.net\/wp-content\/uploads\/2025\/10\/IMG-20251019-WA0033.jpg?fit=1024%2C683&ssl=1","contentUrl":"https:\/\/i0.wp.com\/infos-droitshumains.net\/wp-content\/uploads\/2025\/10\/IMG-20251019-WA0033.jpg?fit=1024%2C683&ssl=1","width":1024,"height":683},{"@type":"BreadcrumbList","@id":"https:\/\/infos-droitshumains.net\/?p=16595#breadcrumb","itemListElement":[{"@type":"ListItem","position":1,"name":"Accueil","item":"https:\/\/infos-droitshumains.net\/"},{"@type":"ListItem","position":2,"name":"RDC\u00a0: Me. Junior Kapuya invite les cameramen \u00e0 ma\u00eetriser non seulement la technique de captation, mais aussi les limites juridiques et \u00e9thiques de leur pratique"}]},{"@type":"WebSite","@id":"https:\/\/infos-droitshumains.net\/#website","url":"https:\/\/infos-droitshumains.net\/","name":"Infos Droits Humains","description":"S&#039;informer est un droit","publisher":{"@id":"https:\/\/infos-droitshumains.net\/#organization"},"potentialAction":[{"@type":"SearchAction","target":{"@type":"EntryPoint","urlTemplate":"https:\/\/infos-droitshumains.net\/?s={search_term_string}"},"query-input":{"@type":"PropertyValueSpecification","valueRequired":true,"valueName":"search_term_string"}}],"inLanguage":"fr-FR"},{"@type":"Organization","@id":"https:\/\/infos-droitshumains.net\/#organization","name":"Infos Droits Humains","url":"https:\/\/infos-droitshumains.net\/","logo":{"@type":"ImageObject","inLanguage":"fr-FR","@id":"https:\/\/infos-droitshumains.net\/#\/schema\/logo\/image\/","url":"https:\/\/i0.wp.com\/infos-droitshumains.net\/wp-content\/uploads\/2022\/05\/Logo.png?fit=333%2C129&ssl=1","contentUrl":"https:\/\/i0.wp.com\/infos-droitshumains.net\/wp-content\/uploads\/2022\/05\/Logo.png?fit=333%2C129&ssl=1","width":333,"height":129,"caption":"Infos Droits Humains"},"image":{"@id":"https:\/\/infos-droitshumains.net\/#\/schema\/logo\/image\/"}},{"@type":"Person","@id":"https:\/\/infos-droitshumains.net\/#\/schema\/person\/3dc5e921c3302172e0ed4362f96faab7","name":"Jo\u00ebl Diawa","image":{"@type":"ImageObject","inLanguage":"fr-FR","@id":"https:\/\/secure.gravatar.com\/avatar\/729bea6ff4604c624417803c477363be8e3c7186deaa65713313f9b4b820f41c?s=96&d=mm&r=g","url":"https:\/\/secure.gravatar.com\/avatar\/729bea6ff4604c624417803c477363be8e3c7186deaa65713313f9b4b820f41c?s=96&d=mm&r=g","contentUrl":"https:\/\/secure.gravatar.com\/avatar\/729bea6ff4604c624417803c477363be8e3c7186deaa65713313f9b4b820f41c?s=96&d=mm&r=g","caption":"Jo\u00ebl Diawa"},"sameAs":["https:\/\/www.infos-droitshumains.net"],"url":"https:\/\/infos-droitshumains.net\/?author=2"}]}},"featured_image_urls":{"full":["https:\/\/i0.wp.com\/infos-droitshumains.net\/wp-content\/uploads\/2025\/10\/IMG-20251019-WA0033.jpg?fit=1024%2C683&ssl=1",1024,683,false],"thumbnail":["https:\/\/i0.wp.com\/infos-droitshumains.net\/wp-content\/uploads\/2025\/10\/IMG-20251019-WA0033.jpg?resize=150%2C150&ssl=1",150,150,true],"medium":["https:\/\/i0.wp.com\/infos-droitshumains.net\/wp-content\/uploads\/2025\/10\/IMG-20251019-WA0033.jpg?fit=300%2C200&ssl=1",300,200,true],"medium_large":["https:\/\/i0.wp.com\/infos-droitshumains.net\/wp-content\/uploads\/2025\/10\/IMG-20251019-WA0033.jpg?fit=640%2C427&ssl=1",640,427,true],"large":["https:\/\/i0.wp.com\/infos-droitshumains.net\/wp-content\/uploads\/2025\/10\/IMG-20251019-WA0033.jpg?fit=640%2C427&ssl=1",640,427,true],"1536x1536":["https:\/\/i0.wp.com\/infos-droitshumains.net\/wp-content\/uploads\/2025\/10\/IMG-20251019-WA0033.jpg?fit=1024%2C683&ssl=1",1024,683,true],"2048x2048":["https:\/\/i0.wp.com\/infos-droitshumains.net\/wp-content\/uploads\/2025\/10\/IMG-20251019-WA0033.jpg?fit=1024%2C683&ssl=1",1024,683,true],"covernews-slider-full":["https:\/\/i0.wp.com\/infos-droitshumains.net\/wp-content\/uploads\/2025\/10\/IMG-20251019-WA0033.jpg?resize=1024%2C683&ssl=1",1024,683,true],"covernews-slider-center":["https:\/\/i0.wp.com\/infos-droitshumains.net\/wp-content\/uploads\/2025\/10\/IMG-20251019-WA0033.jpg?resize=800%2C500&ssl=1",800,500,true],"covernews-featured":["https:\/\/i0.wp.com\/infos-droitshumains.net\/wp-content\/uploads\/2025\/10\/IMG-20251019-WA0033.jpg?fit=1024%2C683&ssl=1",1024,683,true],"covernews-medium":["https:\/\/i0.wp.com\/infos-droitshumains.net\/wp-content\/uploads\/2025\/10\/IMG-20251019-WA0033.jpg?resize=540%2C340&ssl=1",540,340,true],"covernews-medium-square":["https:\/\/i0.wp.com\/infos-droitshumains.net\/wp-content\/uploads\/2025\/10\/IMG-20251019-WA0033.jpg?resize=400%2C250&ssl=1",400,250,true]},"author_info":{"display_name":"Jo\u00ebl Diawa","author_link":"https:\/\/infos-droitshumains.net\/?author=2"},"category_info":"<a href=\"https:\/\/infos-droitshumains.net\/?cat=8\" rel=\"category\">Soci\u00e9t\u00e9<\/a>","tag_info":"Soci\u00e9t\u00e9","comment_count":"0","jetpack_featured_media_url":"https:\/\/i0.wp.com\/infos-droitshumains.net\/wp-content\/uploads\/2025\/10\/IMG-20251019-WA0033.jpg?fit=1024%2C683&ssl=1","jetpack-related-posts":[],"jetpack_sharing_enabled":true,"_links":{"self":[{"href":"https:\/\/infos-droitshumains.net\/index.php?rest_route=\/wp\/v2\/posts\/16595","targetHints":{"allow":["GET"]}}],"collection":[{"href":"https:\/\/infos-droitshumains.net\/index.php?rest_route=\/wp\/v2\/posts"}],"about":[{"href":"https:\/\/infos-droitshumains.net\/index.php?rest_route=\/wp\/v2\/types\/post"}],"author":[{"embeddable":true,"href":"https:\/\/infos-droitshumains.net\/index.php?rest_route=\/wp\/v2\/users\/2"}],"replies":[{"embeddable":true,"href":"https:\/\/infos-droitshumains.net\/index.php?rest_route=%2Fwp%2Fv2%2Fcomments&post=16595"}],"version-history":[{"count":1,"href":"https:\/\/infos-droitshumains.net\/index.php?rest_route=\/wp\/v2\/posts\/16595\/revisions"}],"predecessor-version":[{"id":16596,"href":"https:\/\/infos-droitshumains.net\/index.php?rest_route=\/wp\/v2\/posts\/16595\/revisions\/16596"}],"wp:featuredmedia":[{"embeddable":true,"href":"https:\/\/infos-droitshumains.net\/index.php?rest_route=\/wp\/v2\/media\/16597"}],"wp:attachment":[{"href":"https:\/\/infos-droitshumains.net\/index.php?rest_route=%2Fwp%2Fv2%2Fmedia&parent=16595"}],"wp:term":[{"taxonomy":"category","embeddable":true,"href":"https:\/\/infos-droitshumains.net\/index.php?rest_route=%2Fwp%2Fv2%2Fcategories&post=16595"},{"taxonomy":"post_tag","embeddable":true,"href":"https:\/\/infos-droitshumains.net\/index.php?rest_route=%2Fwp%2Fv2%2Ftags&post=16595"}],"curies":[{"name":"wp","href":"https:\/\/api.w.org\/{rel}","templated":true}]}}