{"id":16573,"date":"2025-10-27T07:05:32","date_gmt":"2025-10-27T06:05:32","guid":{"rendered":"https:\/\/infos-droitshumains.net\/?p=16573"},"modified":"2025-10-27T07:08:50","modified_gmt":"2025-10-27T06:08:50","slug":"prison-centrale-dinongo-lassociation-mounia-plaide-pour-la-rehabilitation-dinfrastructures-endommagees","status":"publish","type":"post","link":"https:\/\/infos-droitshumains.net\/?p=16573","title":{"rendered":"Prison centrale d&rsquo;Inongo: l&rsquo;association Mounia plaide pour la r\u00e9habilitation d\u2019infrastructures endommag\u00e9es"},"content":{"rendered":"\n<p><strong>R\u00e9daction: +243 817 406 088<\/strong><\/p>\n\n\n\n<h3 class=\"wp-block-heading has-vivid-red-color has-text-color has-link-color wp-elements-9d5f565b6ab4fd4e0098f5fc7d6513ba\">Les conditions de d\u00e9tention \u00e0 la prison centrale d&rsquo;inongo dans la province de Ma\u00ef-Ndombe connaissent une d\u00e9t\u00e9rioration sans pr\u00e9c\u00e9dent. Plusieurs sources indiquent que cette maison carc\u00e9rale serait devenue&nbsp; un lieu de d\u00e9tention volontaire en ce que, les d\u00e9tenus peuvent s&rsquo;\u00e9vader \u00e0 tout moment. D\u2019o\u00f9 cet appel pour sa r\u00e9habilitation.<\/h3>\n\n\n\n<p>Selon les sources concordantes, les murs sont fissur\u00e9s, la toiture, les fen\u00eatres et les portes existent peuvent \u00eatre emport\u00e9es sans la moindre r\u00e9sistance. Pour preuve, au moins 38 prisonniers sur 56 se sont \u00e9vad\u00e9s la semaine derni\u00e8re.<\/p>\n\n\n\n<p>&nbsp;Une situation qui pr\u00e9occupe au plus haut point Alexis Mputu, porte-parole du gouvernement provincial qui plaide pour une r\u00e9habilitation de toute l&rsquo;infrastructure de fond en comble. Touch\u00e9 par la pr\u00e9carit\u00e9 qui caract\u00e9rise cette institution p\u00e9nitentiaire d\u2019Inongo, l\u2019activiste des droits de l&rsquo;homme Agn\u00e8s Kalonji a propos\u00e9 quelques pistes de solutions pour vite rem\u00e9dier \u00e0 cette situation en vue de d&rsquo;assurer la s\u00e9curit\u00e9 et la dignit\u00e9 des d\u00e9tenus :<\/p>\n\n\n\n<p><em>\u00ab&nbsp;J&rsquo;invite les autorit\u00e9s comp\u00e9tentes \u00e0 proc\u00e9der au recensement des d\u00e9tenus, au r\u00e9am\u00e9nagement de la prison d&rsquo;Inongo, \u00e0 la r\u00e9insertion de d\u00e9tenus une fois lib\u00e9r\u00e9s. Cette r\u00e9insertion passe notamment par la mise en place des programmes ayant trait \u00e0 la formation professionnelle, aux cours d&rsquo;alphab\u00e9tisation ainsi qu&rsquo;aux activit\u00e9s de d\u00e9veloppement personnel. Ces mesures d&rsquo;une importance capitale visent \u00e0 r\u00e9duire la r\u00e9cidive, \u00e0 promouvoir la r\u00e9insertion sociale et \u00e0 l&rsquo;am\u00e9lioration des conditions de d\u00e9tention&nbsp;\u00bb,<\/em> a-t-il appel<\/p>\n\n\n\n<p>Toujours au chapitre des recommandations, la pr\u00e9sidente de l&rsquo;association Mounia estime que les d\u00e9tenus constituent une main d&rsquo;\u0153uvre&nbsp; importante et efficace dans la r\u00e9alisation des travaux d&rsquo;ordre public:<\/p>\n\n\n\n<p><em>\u00ab&nbsp;J&rsquo;invite les autorit\u00e9s comp\u00e9tentes \u00e0 impliquer&nbsp; davantage les d\u00e9tenus dans l&rsquo;organisation des travaux d&rsquo;int\u00e9r\u00eat g\u00e9n\u00e9ral au b\u00e9n\u00e9fice de la communaut\u00e9 locale. Ces derniers peuvent \u00eatre utiles dans les&nbsp; travaux de nettoyage et d&rsquo;assainissement des lieux publics, ils peuvent \u00e9galement \u00eatre utiles dans&nbsp; l&rsquo;agriculture et l&rsquo;\u00e9levage ainsi que dans&nbsp; construction des logements sociaux.<\/em><\/p>\n\n\n\n<p><em>Cette fa\u00e7on de les occuper pourra&nbsp; vite contribuer \u00e0 leur&nbsp; r\u00e9insertion au sortir de la prison.&nbsp;\u00bb<\/em><\/p>\n\n\n\n<p>L\u2019am\u00e9lioration des conditions des d\u00e9tenus dans les diff\u00e9rentes maisons carc\u00e9rales en R\u00e9publique D\u00e9mocratique du Congo demeure le cheval de bataille de la pr\u00e9sidente de l&rsquo;association Mounia, Agn\u00e8s Kalonji. Elle se dit pr\u00eate \u00e0 apporter son savoir-faire dans ce secteur en vue des solutions efficaces et durables.<\/p>\n\n\n\n<p>Chantal Kabasua<\/p>\n","protected":false},"excerpt":{"rendered":"<p>R\u00e9daction: +243 817 406 088 Les conditions de d\u00e9tention \u00e0 la prison centrale d&rsquo;inongo dans&#8230;<\/p>\n","protected":false},"author":2,"featured_media":16576,"comment_status":"open","ping_status":"open","sticky":false,"template":"","format":"standard","meta":{"_jetpack_memberships_contains_paid_content":false,"footnotes":""},"categories":[8],"tags":[],"class_list":["post-16573","post","type-post","status-publish","format-standard","has-post-thumbnail","hentry","category-societe"],"yoast_head":"<!-- This site is optimized with the Yoast SEO plugin v27.5 - https:\/\/yoast.com\/product\/yoast-seo-wordpress\/ -->\n<title>Prison centrale d&#039;Inongo: l&#039;association Mounia plaide pour la r\u00e9habilitation d\u2019infrastructures endommag\u00e9es - Infos Droits Humains<\/title>\n<meta name=\"robots\" content=\"index, follow, max-snippet:-1, max-image-preview:large, max-video-preview:-1\" \/>\n<link rel=\"canonical\" href=\"https:\/\/infos-droitshumains.net\/?p=16573\" \/>\n<meta property=\"og:locale\" content=\"fr_FR\" \/>\n<meta property=\"og:type\" content=\"article\" \/>\n<meta property=\"og:title\" content=\"Prison centrale d&#039;Inongo: l&#039;association Mounia plaide pour la r\u00e9habilitation d\u2019infrastructures endommag\u00e9es - Infos Droits Humains\" \/>\n<meta property=\"og:description\" content=\"R\u00e9daction: +243 817 406 088 Les conditions de d\u00e9tention \u00e0 la prison centrale d&rsquo;inongo dans...\" \/>\n<meta property=\"og:url\" content=\"https:\/\/infos-droitshumains.net\/?p=16573\" \/>\n<meta property=\"og:site_name\" content=\"Infos Droits Humains\" \/>\n<meta property=\"article:published_time\" content=\"2025-10-27T06:05:32+00:00\" \/>\n<meta property=\"article:modified_time\" content=\"2025-10-27T06:08:50+00:00\" \/>\n<meta property=\"og:image\" content=\"https:\/\/infos-droitshumains.net\/wp-content\/uploads\/2025\/10\/IMG-20251027-WA0009.jpg\" \/>\n\t<meta property=\"og:image:width\" content=\"716\" \/>\n\t<meta property=\"og:image:height\" content=\"390\" \/>\n\t<meta property=\"og:image:type\" content=\"image\/jpeg\" \/>\n<meta name=\"author\" content=\"Jo\u00ebl Diawa\" \/>\n<meta name=\"twitter:card\" content=\"summary_large_image\" \/>\n<meta name=\"twitter:label1\" content=\"\u00c9crit par\" \/>\n\t<meta name=\"twitter:data1\" content=\"Jo\u00ebl Diawa\" \/>\n\t<meta name=\"twitter:label2\" content=\"Dur\u00e9e de lecture estim\u00e9e\" \/>\n\t<meta name=\"twitter:data2\" content=\"3 minutes\" \/>\n<script type=\"application\/ld+json\" class=\"yoast-schema-graph\">{\"@context\":\"https:\\\/\\\/schema.org\",\"@graph\":[{\"@type\":\"Article\",\"@id\":\"https:\\\/\\\/infos-droitshumains.net\\\/?p=16573#article\",\"isPartOf\":{\"@id\":\"https:\\\/\\\/infos-droitshumains.net\\\/?p=16573\"},\"author\":{\"name\":\"Jo\u00ebl Diawa\",\"@id\":\"https:\\\/\\\/infos-droitshumains.net\\\/#\\\/schema\\\/person\\\/3dc5e921c3302172e0ed4362f96faab7\"},\"headline\":\"Prison centrale d&rsquo;Inongo: l&rsquo;association Mounia plaide pour la r\u00e9habilitation d\u2019infrastructures endommag\u00e9es\",\"datePublished\":\"2025-10-27T06:05:32+00:00\",\"dateModified\":\"2025-10-27T06:08:50+00:00\",\"mainEntityOfPage\":{\"@id\":\"https:\\\/\\\/infos-droitshumains.net\\\/?p=16573\"},\"wordCount\":459,\"commentCount\":0,\"publisher\":{\"@id\":\"https:\\\/\\\/infos-droitshumains.net\\\/#organization\"},\"image\":{\"@id\":\"https:\\\/\\\/infos-droitshumains.net\\\/?p=16573#primaryimage\"},\"thumbnailUrl\":\"https:\\\/\\\/i0.wp.com\\\/infos-droitshumains.net\\\/wp-content\\\/uploads\\\/2025\\\/10\\\/IMG-20251027-WA0009.jpg?fit=716%2C390&ssl=1\",\"articleSection\":[\"Soci\u00e9t\u00e9\"],\"inLanguage\":\"fr-FR\",\"potentialAction\":[{\"@type\":\"CommentAction\",\"name\":\"Comment\",\"target\":[\"https:\\\/\\\/infos-droitshumains.net\\\/?p=16573#respond\"]}]},{\"@type\":\"WebPage\",\"@id\":\"https:\\\/\\\/infos-droitshumains.net\\\/?p=16573\",\"url\":\"https:\\\/\\\/infos-droitshumains.net\\\/?p=16573\",\"name\":\"Prison centrale d'Inongo: l'association Mounia plaide pour la r\u00e9habilitation d\u2019infrastructures endommag\u00e9es - Infos Droits Humains\",\"isPartOf\":{\"@id\":\"https:\\\/\\\/infos-droitshumains.net\\\/#website\"},\"primaryImageOfPage\":{\"@id\":\"https:\\\/\\\/infos-droitshumains.net\\\/?p=16573#primaryimage\"},\"image\":{\"@id\":\"https:\\\/\\\/infos-droitshumains.net\\\/?p=16573#primaryimage\"},\"thumbnailUrl\":\"https:\\\/\\\/i0.wp.com\\\/infos-droitshumains.net\\\/wp-content\\\/uploads\\\/2025\\\/10\\\/IMG-20251027-WA0009.jpg?fit=716%2C390&ssl=1\",\"datePublished\":\"2025-10-27T06:05:32+00:00\",\"dateModified\":\"2025-10-27T06:08:50+00:00\",\"breadcrumb\":{\"@id\":\"https:\\\/\\\/infos-droitshumains.net\\\/?p=16573#breadcrumb\"},\"inLanguage\":\"fr-FR\",\"potentialAction\":[{\"@type\":\"ReadAction\",\"target\":[\"https:\\\/\\\/infos-droitshumains.net\\\/?p=16573\"]}]},{\"@type\":\"ImageObject\",\"inLanguage\":\"fr-FR\",\"@id\":\"https:\\\/\\\/infos-droitshumains.net\\\/?p=16573#primaryimage\",\"url\":\"https:\\\/\\\/i0.wp.com\\\/infos-droitshumains.net\\\/wp-content\\\/uploads\\\/2025\\\/10\\\/IMG-20251027-WA0009.jpg?fit=716%2C390&ssl=1\",\"contentUrl\":\"https:\\\/\\\/i0.wp.com\\\/infos-droitshumains.net\\\/wp-content\\\/uploads\\\/2025\\\/10\\\/IMG-20251027-WA0009.jpg?fit=716%2C390&ssl=1\",\"width\":716,\"height\":390},{\"@type\":\"BreadcrumbList\",\"@id\":\"https:\\\/\\\/infos-droitshumains.net\\\/?p=16573#breadcrumb\",\"itemListElement\":[{\"@type\":\"ListItem\",\"position\":1,\"name\":\"Accueil\",\"item\":\"https:\\\/\\\/infos-droitshumains.net\\\/\"},{\"@type\":\"ListItem\",\"position\":2,\"name\":\"Prison centrale d&rsquo;Inongo: l&rsquo;association Mounia plaide pour la r\u00e9habilitation d\u2019infrastructures endommag\u00e9es\"}]},{\"@type\":\"WebSite\",\"@id\":\"https:\\\/\\\/infos-droitshumains.net\\\/#website\",\"url\":\"https:\\\/\\\/infos-droitshumains.net\\\/\",\"name\":\"Infos Droits Humains\",\"description\":\"S&#039;informer est un droit\",\"publisher\":{\"@id\":\"https:\\\/\\\/infos-droitshumains.net\\\/#organization\"},\"potentialAction\":[{\"@type\":\"SearchAction\",\"target\":{\"@type\":\"EntryPoint\",\"urlTemplate\":\"https:\\\/\\\/infos-droitshumains.net\\\/?s={search_term_string}\"},\"query-input\":{\"@type\":\"PropertyValueSpecification\",\"valueRequired\":true,\"valueName\":\"search_term_string\"}}],\"inLanguage\":\"fr-FR\"},{\"@type\":\"Organization\",\"@id\":\"https:\\\/\\\/infos-droitshumains.net\\\/#organization\",\"name\":\"Infos Droits Humains\",\"url\":\"https:\\\/\\\/infos-droitshumains.net\\\/\",\"logo\":{\"@type\":\"ImageObject\",\"inLanguage\":\"fr-FR\",\"@id\":\"https:\\\/\\\/infos-droitshumains.net\\\/#\\\/schema\\\/logo\\\/image\\\/\",\"url\":\"https:\\\/\\\/i0.wp.com\\\/infos-droitshumains.net\\\/wp-content\\\/uploads\\\/2022\\\/05\\\/Logo.png?fit=333%2C129&ssl=1\",\"contentUrl\":\"https:\\\/\\\/i0.wp.com\\\/infos-droitshumains.net\\\/wp-content\\\/uploads\\\/2022\\\/05\\\/Logo.png?fit=333%2C129&ssl=1\",\"width\":333,\"height\":129,\"caption\":\"Infos Droits Humains\"},\"image\":{\"@id\":\"https:\\\/\\\/infos-droitshumains.net\\\/#\\\/schema\\\/logo\\\/image\\\/\"}},{\"@type\":\"Person\",\"@id\":\"https:\\\/\\\/infos-droitshumains.net\\\/#\\\/schema\\\/person\\\/3dc5e921c3302172e0ed4362f96faab7\",\"name\":\"Jo\u00ebl Diawa\",\"image\":{\"@type\":\"ImageObject\",\"inLanguage\":\"fr-FR\",\"@id\":\"https:\\\/\\\/secure.gravatar.com\\\/avatar\\\/729bea6ff4604c624417803c477363be8e3c7186deaa65713313f9b4b820f41c?s=96&d=mm&r=g\",\"url\":\"https:\\\/\\\/secure.gravatar.com\\\/avatar\\\/729bea6ff4604c624417803c477363be8e3c7186deaa65713313f9b4b820f41c?s=96&d=mm&r=g\",\"contentUrl\":\"https:\\\/\\\/secure.gravatar.com\\\/avatar\\\/729bea6ff4604c624417803c477363be8e3c7186deaa65713313f9b4b820f41c?s=96&d=mm&r=g\",\"caption\":\"Jo\u00ebl Diawa\"},\"sameAs\":[\"https:\\\/\\\/www.infos-droitshumains.net\"],\"url\":\"https:\\\/\\\/infos-droitshumains.net\\\/?author=2\"}]}<\/script>\n<!-- \/ Yoast SEO plugin. -->","yoast_head_json":{"title":"Prison centrale d'Inongo: l'association Mounia plaide pour la r\u00e9habilitation d\u2019infrastructures endommag\u00e9es - Infos Droits Humains","robots":{"index":"index","follow":"follow","max-snippet":"max-snippet:-1","max-image-preview":"max-image-preview:large","max-video-preview":"max-video-preview:-1"},"canonical":"https:\/\/infos-droitshumains.net\/?p=16573","og_locale":"fr_FR","og_type":"article","og_title":"Prison centrale d'Inongo: l'association Mounia plaide pour la r\u00e9habilitation d\u2019infrastructures endommag\u00e9es - Infos Droits Humains","og_description":"R\u00e9daction: +243 817 406 088 Les conditions de d\u00e9tention \u00e0 la prison centrale d&rsquo;inongo dans...","og_url":"https:\/\/infos-droitshumains.net\/?p=16573","og_site_name":"Infos Droits Humains","article_published_time":"2025-10-27T06:05:32+00:00","article_modified_time":"2025-10-27T06:08:50+00:00","og_image":[{"width":716,"height":390,"url":"https:\/\/infos-droitshumains.net\/wp-content\/uploads\/2025\/10\/IMG-20251027-WA0009.jpg","type":"image\/jpeg"}],"author":"Jo\u00ebl Diawa","twitter_card":"summary_large_image","twitter_misc":{"\u00c9crit par":"Jo\u00ebl Diawa","Dur\u00e9e de lecture estim\u00e9e":"3 minutes"},"schema":{"@context":"https:\/\/schema.org","@graph":[{"@type":"Article","@id":"https:\/\/infos-droitshumains.net\/?p=16573#article","isPartOf":{"@id":"https:\/\/infos-droitshumains.net\/?p=16573"},"author":{"name":"Jo\u00ebl Diawa","@id":"https:\/\/infos-droitshumains.net\/#\/schema\/person\/3dc5e921c3302172e0ed4362f96faab7"},"headline":"Prison centrale d&rsquo;Inongo: l&rsquo;association Mounia plaide pour la r\u00e9habilitation d\u2019infrastructures endommag\u00e9es","datePublished":"2025-10-27T06:05:32+00:00","dateModified":"2025-10-27T06:08:50+00:00","mainEntityOfPage":{"@id":"https:\/\/infos-droitshumains.net\/?p=16573"},"wordCount":459,"commentCount":0,"publisher":{"@id":"https:\/\/infos-droitshumains.net\/#organization"},"image":{"@id":"https:\/\/infos-droitshumains.net\/?p=16573#primaryimage"},"thumbnailUrl":"https:\/\/i0.wp.com\/infos-droitshumains.net\/wp-content\/uploads\/2025\/10\/IMG-20251027-WA0009.jpg?fit=716%2C390&ssl=1","articleSection":["Soci\u00e9t\u00e9"],"inLanguage":"fr-FR","potentialAction":[{"@type":"CommentAction","name":"Comment","target":["https:\/\/infos-droitshumains.net\/?p=16573#respond"]}]},{"@type":"WebPage","@id":"https:\/\/infos-droitshumains.net\/?p=16573","url":"https:\/\/infos-droitshumains.net\/?p=16573","name":"Prison centrale d'Inongo: l'association Mounia plaide pour la r\u00e9habilitation d\u2019infrastructures endommag\u00e9es - Infos Droits Humains","isPartOf":{"@id":"https:\/\/infos-droitshumains.net\/#website"},"primaryImageOfPage":{"@id":"https:\/\/infos-droitshumains.net\/?p=16573#primaryimage"},"image":{"@id":"https:\/\/infos-droitshumains.net\/?p=16573#primaryimage"},"thumbnailUrl":"https:\/\/i0.wp.com\/infos-droitshumains.net\/wp-content\/uploads\/2025\/10\/IMG-20251027-WA0009.jpg?fit=716%2C390&ssl=1","datePublished":"2025-10-27T06:05:32+00:00","dateModified":"2025-10-27T06:08:50+00:00","breadcrumb":{"@id":"https:\/\/infos-droitshumains.net\/?p=16573#breadcrumb"},"inLanguage":"fr-FR","potentialAction":[{"@type":"ReadAction","target":["https:\/\/infos-droitshumains.net\/?p=16573"]}]},{"@type":"ImageObject","inLanguage":"fr-FR","@id":"https:\/\/infos-droitshumains.net\/?p=16573#primaryimage","url":"https:\/\/i0.wp.com\/infos-droitshumains.net\/wp-content\/uploads\/2025\/10\/IMG-20251027-WA0009.jpg?fit=716%2C390&ssl=1","contentUrl":"https:\/\/i0.wp.com\/infos-droitshumains.net\/wp-content\/uploads\/2025\/10\/IMG-20251027-WA0009.jpg?fit=716%2C390&ssl=1","width":716,"height":390},{"@type":"BreadcrumbList","@id":"https:\/\/infos-droitshumains.net\/?p=16573#breadcrumb","itemListElement":[{"@type":"ListItem","position":1,"name":"Accueil","item":"https:\/\/infos-droitshumains.net\/"},{"@type":"ListItem","position":2,"name":"Prison centrale d&rsquo;Inongo: l&rsquo;association Mounia plaide pour la r\u00e9habilitation d\u2019infrastructures endommag\u00e9es"}]},{"@type":"WebSite","@id":"https:\/\/infos-droitshumains.net\/#website","url":"https:\/\/infos-droitshumains.net\/","name":"Infos Droits Humains","description":"S&#039;informer est un droit","publisher":{"@id":"https:\/\/infos-droitshumains.net\/#organization"},"potentialAction":[{"@type":"SearchAction","target":{"@type":"EntryPoint","urlTemplate":"https:\/\/infos-droitshumains.net\/?s={search_term_string}"},"query-input":{"@type":"PropertyValueSpecification","valueRequired":true,"valueName":"search_term_string"}}],"inLanguage":"fr-FR"},{"@type":"Organization","@id":"https:\/\/infos-droitshumains.net\/#organization","name":"Infos Droits Humains","url":"https:\/\/infos-droitshumains.net\/","logo":{"@type":"ImageObject","inLanguage":"fr-FR","@id":"https:\/\/infos-droitshumains.net\/#\/schema\/logo\/image\/","url":"https:\/\/i0.wp.com\/infos-droitshumains.net\/wp-content\/uploads\/2022\/05\/Logo.png?fit=333%2C129&ssl=1","contentUrl":"https:\/\/i0.wp.com\/infos-droitshumains.net\/wp-content\/uploads\/2022\/05\/Logo.png?fit=333%2C129&ssl=1","width":333,"height":129,"caption":"Infos Droits Humains"},"image":{"@id":"https:\/\/infos-droitshumains.net\/#\/schema\/logo\/image\/"}},{"@type":"Person","@id":"https:\/\/infos-droitshumains.net\/#\/schema\/person\/3dc5e921c3302172e0ed4362f96faab7","name":"Jo\u00ebl Diawa","image":{"@type":"ImageObject","inLanguage":"fr-FR","@id":"https:\/\/secure.gravatar.com\/avatar\/729bea6ff4604c624417803c477363be8e3c7186deaa65713313f9b4b820f41c?s=96&d=mm&r=g","url":"https:\/\/secure.gravatar.com\/avatar\/729bea6ff4604c624417803c477363be8e3c7186deaa65713313f9b4b820f41c?s=96&d=mm&r=g","contentUrl":"https:\/\/secure.gravatar.com\/avatar\/729bea6ff4604c624417803c477363be8e3c7186deaa65713313f9b4b820f41c?s=96&d=mm&r=g","caption":"Jo\u00ebl Diawa"},"sameAs":["https:\/\/www.infos-droitshumains.net"],"url":"https:\/\/infos-droitshumains.net\/?author=2"}]}},"featured_image_urls":{"full":["https:\/\/i0.wp.com\/infos-droitshumains.net\/wp-content\/uploads\/2025\/10\/IMG-20251027-WA0009.jpg?fit=716%2C390&ssl=1",716,390,false],"thumbnail":["https:\/\/i0.wp.com\/infos-droitshumains.net\/wp-content\/uploads\/2025\/10\/IMG-20251027-WA0009.jpg?resize=150%2C150&ssl=1",150,150,true],"medium":["https:\/\/i0.wp.com\/infos-droitshumains.net\/wp-content\/uploads\/2025\/10\/IMG-20251027-WA0009.jpg?fit=300%2C163&ssl=1",300,163,true],"medium_large":["https:\/\/i0.wp.com\/infos-droitshumains.net\/wp-content\/uploads\/2025\/10\/IMG-20251027-WA0009.jpg?fit=640%2C349&ssl=1",640,349,true],"large":["https:\/\/i0.wp.com\/infos-droitshumains.net\/wp-content\/uploads\/2025\/10\/IMG-20251027-WA0009.jpg?fit=640%2C349&ssl=1",640,349,true],"1536x1536":["https:\/\/i0.wp.com\/infos-droitshumains.net\/wp-content\/uploads\/2025\/10\/IMG-20251027-WA0009.jpg?fit=716%2C390&ssl=1",716,390,true],"2048x2048":["https:\/\/i0.wp.com\/infos-droitshumains.net\/wp-content\/uploads\/2025\/10\/IMG-20251027-WA0009.jpg?fit=716%2C390&ssl=1",716,390,true],"covernews-slider-full":["https:\/\/i0.wp.com\/infos-droitshumains.net\/wp-content\/uploads\/2025\/10\/IMG-20251027-WA0009.jpg?resize=716%2C390&ssl=1",716,390,true],"covernews-slider-center":["https:\/\/i0.wp.com\/infos-droitshumains.net\/wp-content\/uploads\/2025\/10\/IMG-20251027-WA0009.jpg?resize=716%2C390&ssl=1",716,390,true],"covernews-featured":["https:\/\/i0.wp.com\/infos-droitshumains.net\/wp-content\/uploads\/2025\/10\/IMG-20251027-WA0009.jpg?fit=716%2C390&ssl=1",716,390,true],"covernews-medium":["https:\/\/i0.wp.com\/infos-droitshumains.net\/wp-content\/uploads\/2025\/10\/IMG-20251027-WA0009.jpg?resize=540%2C340&ssl=1",540,340,true],"covernews-medium-square":["https:\/\/i0.wp.com\/infos-droitshumains.net\/wp-content\/uploads\/2025\/10\/IMG-20251027-WA0009.jpg?resize=400%2C250&ssl=1",400,250,true]},"author_info":{"display_name":"Jo\u00ebl Diawa","author_link":"https:\/\/infos-droitshumains.net\/?author=2"},"category_info":"<a href=\"https:\/\/infos-droitshumains.net\/?cat=8\" rel=\"category\">Soci\u00e9t\u00e9<\/a>","tag_info":"Soci\u00e9t\u00e9","comment_count":"0","jetpack_featured_media_url":"https:\/\/i0.wp.com\/infos-droitshumains.net\/wp-content\/uploads\/2025\/10\/IMG-20251027-WA0009.jpg?fit=716%2C390&ssl=1","jetpack-related-posts":[],"jetpack_sharing_enabled":true,"_links":{"self":[{"href":"https:\/\/infos-droitshumains.net\/index.php?rest_route=\/wp\/v2\/posts\/16573","targetHints":{"allow":["GET"]}}],"collection":[{"href":"https:\/\/infos-droitshumains.net\/index.php?rest_route=\/wp\/v2\/posts"}],"about":[{"href":"https:\/\/infos-droitshumains.net\/index.php?rest_route=\/wp\/v2\/types\/post"}],"author":[{"embeddable":true,"href":"https:\/\/infos-droitshumains.net\/index.php?rest_route=\/wp\/v2\/users\/2"}],"replies":[{"embeddable":true,"href":"https:\/\/infos-droitshumains.net\/index.php?rest_route=%2Fwp%2Fv2%2Fcomments&post=16573"}],"version-history":[{"count":2,"href":"https:\/\/infos-droitshumains.net\/index.php?rest_route=\/wp\/v2\/posts\/16573\/revisions"}],"predecessor-version":[{"id":16575,"href":"https:\/\/infos-droitshumains.net\/index.php?rest_route=\/wp\/v2\/posts\/16573\/revisions\/16575"}],"wp:featuredmedia":[{"embeddable":true,"href":"https:\/\/infos-droitshumains.net\/index.php?rest_route=\/wp\/v2\/media\/16576"}],"wp:attachment":[{"href":"https:\/\/infos-droitshumains.net\/index.php?rest_route=%2Fwp%2Fv2%2Fmedia&parent=16573"}],"wp:term":[{"taxonomy":"category","embeddable":true,"href":"https:\/\/infos-droitshumains.net\/index.php?rest_route=%2Fwp%2Fv2%2Fcategories&post=16573"},{"taxonomy":"post_tag","embeddable":true,"href":"https:\/\/infos-droitshumains.net\/index.php?rest_route=%2Fwp%2Fv2%2Ftags&post=16573"}],"curies":[{"name":"wp","href":"https:\/\/api.w.org\/{rel}","templated":true}]}}