{"id":16568,"date":"2025-10-26T09:40:44","date_gmt":"2025-10-26T08:40:44","guid":{"rendered":"https:\/\/infos-droitshumains.net\/?p=16568"},"modified":"2025-10-26T10:11:00","modified_gmt":"2025-10-26T09:11:00","slug":"2eme-tour-de-lelection-du-batonnier-au-barreau-de-kinshasa-matete-lassemblee-generale-ordinaire-et-elective-renvoyee-au-15-novembre-prochain","status":"publish","type":"post","link":"https:\/\/infos-droitshumains.net\/?p=16568","title":{"rendered":"2\u00e8me tour de l\u2019\u00e9lection du B\u00e2tonnier de Kinshasa-Matete\u00a0: l\u2019Assembl\u00e9e G\u00e9n\u00e9rale Ordinaire et \u00e9lective renvoy\u00e9e au 15 novembre"},"content":{"rendered":"\n<p><strong>R\u00e9daction: +243 817 406 088<\/strong><\/p>\n\n\n\n<h3 class=\"wp-block-heading has-vivid-red-color has-text-color has-link-color wp-elements-40b094727ed0c83afa4c123ba5e38948\">Le Barreau de Kinshasa\/Matete devrait encore patienter pour conna\u00eetre celui qui va le diriger durant les trois prochaines ann\u00e9es. Le Conseil de l\u2019Ordre a renvoy\u00e9 \u00e0 nouveau pour le 15 novembre prochain le deuxi\u00e8me tour de l\u2019\u00e9lection pour d\u00e9partager le B\u00e2tonnier Emile Mutshembe et Ma\u00eetre C\u00e9dric Kabanangi Balela.<\/h3>\n\n\n\n<p>D\u00e8s la reprise de l\u2019Assembl\u00e9e G\u00e9n\u00e9rale Ordinaire et \u00e9lective ce 25 octobre, un d\u00e9bat houleux autour de la question des procurations sp\u00e9ciales en papiers avec en-t\u00eate s\u2019est invit\u00e9.<\/p>\n\n\n\n<p>Certains avocats ont estim\u00e9 que m\u00eames les procurations sp\u00e9ciales en papiers sans en-t\u00eate doivent \u00eatre prises en compte comme lors du premier tour de l\u2019\u00e9lection tenue le 15 octobre dernier. Ils estiment que le deuxi\u00e8me tour est la r\u00e9sultante du premier. Aussi, ils ont relev\u00e9 la souverainet\u00e9 de l\u2019assembl\u00e9e. Et de ce fait, <em>\u00ab&nbsp;le Conseil de l\u2019Ordre n\u2019a pas le pouvoir de nous imposer une r\u00e8gle sans notre consentement&nbsp;\u00bb<\/em>, a l\u00e2ch\u00e9 un avocat.<\/p>\n\n\n\n<p>De son c\u00f4t\u00e9, le conseil de l\u2019ordre a justifi\u00e9 le vote par procurations sp\u00e9ciales en papiers avec en-t\u00eate conform\u00e9ment \u00e0 l\u2019article 24 du r\u00e8glement int\u00e9rieur-cadre du Barreau. <em>\u00ab&nbsp;Ces procurations doivent comporter le sceau du cabinet, accompagn\u00e9 de la photocopie de la carte de l\u2019avocat.&nbsp;\u00bb<\/em> Et cette mesure a \u00e9t\u00e9 rappel\u00e9e dans un communiqu\u00e9 rendu public le 23 octobre 2025 par le Conseil de l\u2019Ordre.<\/p>\n\n\n\n<p>Apr\u00e8s d\u00e9bat sans accord, le Conseil de l\u2019Ordre, faisant office de la commission \u00e9lectorale a d\u00e9cid\u00e9 de renvoyer pour une autre date, l\u2019assembl\u00e9e g\u00e9n\u00e9rale ordinaire et \u00e9lective. Ceci, pour permettre aux avocats absents de disposer des procurations sp\u00e9ciales en papiers avec en-t\u00eate, le sceau du cabinet et la photocopie de la carte du mandant.<\/p>\n\n\n\n<p>Il sied de rappeler que le deuxi\u00e8me tour de l\u2019\u00e9lection du B\u00e2tonnier de l\u2019Ordre du Barreau de Kinshasa-Matete met aux prises le B\u00e2tonnier Mutshembe Wembo \u00c9mile \u00e0 Ma\u00eetre Kabanangi Balela C\u00e9dric. Le premier avait obtenu 1043 voix et le deuxi\u00e8me, 781 voix lors du premier tour.<\/p>\n\n\n\n<p>AM<\/p>\n","protected":false},"excerpt":{"rendered":"<p>R\u00e9daction: +243 817 406 088 Le Barreau de Kinshasa\/Matete devrait encore patienter pour conna\u00eetre celui&#8230;<\/p>\n","protected":false},"author":2,"featured_media":16570,"comment_status":"open","ping_status":"open","sticky":false,"template":"","format":"standard","meta":{"_jetpack_memberships_contains_paid_content":false,"footnotes":""},"categories":[6],"tags":[],"class_list":["post-16568","post","type-post","status-publish","format-standard","has-post-thumbnail","hentry","category-justice"],"yoast_head":"<!-- This site is optimized with the Yoast SEO plugin v27.5 - https:\/\/yoast.com\/product\/yoast-seo-wordpress\/ -->\n<title>2\u00e8me tour de l\u2019\u00e9lection du B\u00e2tonnier de Kinshasa-Matete\u00a0: l\u2019Assembl\u00e9e G\u00e9n\u00e9rale Ordinaire et \u00e9lective renvoy\u00e9e au 15 novembre - Infos Droits Humains<\/title>\n<meta name=\"robots\" content=\"index, follow, max-snippet:-1, max-image-preview:large, max-video-preview:-1\" \/>\n<link rel=\"canonical\" href=\"https:\/\/infos-droitshumains.net\/?p=16568\" \/>\n<meta property=\"og:locale\" content=\"fr_FR\" \/>\n<meta property=\"og:type\" content=\"article\" \/>\n<meta property=\"og:title\" content=\"2\u00e8me tour de l\u2019\u00e9lection du B\u00e2tonnier de Kinshasa-Matete\u00a0: l\u2019Assembl\u00e9e G\u00e9n\u00e9rale Ordinaire et \u00e9lective renvoy\u00e9e au 15 novembre - Infos Droits Humains\" \/>\n<meta property=\"og:description\" content=\"R\u00e9daction: +243 817 406 088 Le Barreau de Kinshasa\/Matete devrait encore patienter pour conna\u00eetre celui...\" \/>\n<meta property=\"og:url\" content=\"https:\/\/infos-droitshumains.net\/?p=16568\" \/>\n<meta property=\"og:site_name\" content=\"Infos Droits Humains\" \/>\n<meta property=\"article:published_time\" content=\"2025-10-26T08:40:44+00:00\" \/>\n<meta property=\"article:modified_time\" content=\"2025-10-26T09:11:00+00:00\" \/>\n<meta property=\"og:image\" content=\"https:\/\/infos-droitshumains.net\/wp-content\/uploads\/2025\/10\/images-17.jpeg\" \/>\n\t<meta property=\"og:image:width\" content=\"272\" \/>\n\t<meta property=\"og:image:height\" content=\"184\" \/>\n\t<meta property=\"og:image:type\" content=\"image\/jpeg\" \/>\n<meta name=\"author\" content=\"Jo\u00ebl Diawa\" \/>\n<meta name=\"twitter:card\" content=\"summary_large_image\" \/>\n<meta name=\"twitter:label1\" content=\"\u00c9crit par\" \/>\n\t<meta name=\"twitter:data1\" content=\"Jo\u00ebl Diawa\" \/>\n\t<meta name=\"twitter:label2\" content=\"Dur\u00e9e de lecture estim\u00e9e\" \/>\n\t<meta name=\"twitter:data2\" content=\"2 minutes\" \/>\n<script type=\"application\/ld+json\" class=\"yoast-schema-graph\">{\"@context\":\"https:\\\/\\\/schema.org\",\"@graph\":[{\"@type\":\"Article\",\"@id\":\"https:\\\/\\\/infos-droitshumains.net\\\/?p=16568#article\",\"isPartOf\":{\"@id\":\"https:\\\/\\\/infos-droitshumains.net\\\/?p=16568\"},\"author\":{\"name\":\"Jo\u00ebl Diawa\",\"@id\":\"https:\\\/\\\/infos-droitshumains.net\\\/#\\\/schema\\\/person\\\/3dc5e921c3302172e0ed4362f96faab7\"},\"headline\":\"2\u00e8me tour de l\u2019\u00e9lection du B\u00e2tonnier de Kinshasa-Matete\u00a0: l\u2019Assembl\u00e9e G\u00e9n\u00e9rale Ordinaire et \u00e9lective renvoy\u00e9e au 15 novembre\",\"datePublished\":\"2025-10-26T08:40:44+00:00\",\"dateModified\":\"2025-10-26T09:11:00+00:00\",\"mainEntityOfPage\":{\"@id\":\"https:\\\/\\\/infos-droitshumains.net\\\/?p=16568\"},\"wordCount\":392,\"commentCount\":0,\"publisher\":{\"@id\":\"https:\\\/\\\/infos-droitshumains.net\\\/#organization\"},\"image\":{\"@id\":\"https:\\\/\\\/infos-droitshumains.net\\\/?p=16568#primaryimage\"},\"thumbnailUrl\":\"https:\\\/\\\/i0.wp.com\\\/infos-droitshumains.net\\\/wp-content\\\/uploads\\\/2025\\\/10\\\/images-17.jpeg?fit=272%2C184&ssl=1\",\"articleSection\":[\"Justice\"],\"inLanguage\":\"fr-FR\",\"potentialAction\":[{\"@type\":\"CommentAction\",\"name\":\"Comment\",\"target\":[\"https:\\\/\\\/infos-droitshumains.net\\\/?p=16568#respond\"]}]},{\"@type\":\"WebPage\",\"@id\":\"https:\\\/\\\/infos-droitshumains.net\\\/?p=16568\",\"url\":\"https:\\\/\\\/infos-droitshumains.net\\\/?p=16568\",\"name\":\"2\u00e8me tour de l\u2019\u00e9lection du B\u00e2tonnier de Kinshasa-Matete\u00a0: l\u2019Assembl\u00e9e G\u00e9n\u00e9rale Ordinaire et \u00e9lective renvoy\u00e9e au 15 novembre - Infos Droits Humains\",\"isPartOf\":{\"@id\":\"https:\\\/\\\/infos-droitshumains.net\\\/#website\"},\"primaryImageOfPage\":{\"@id\":\"https:\\\/\\\/infos-droitshumains.net\\\/?p=16568#primaryimage\"},\"image\":{\"@id\":\"https:\\\/\\\/infos-droitshumains.net\\\/?p=16568#primaryimage\"},\"thumbnailUrl\":\"https:\\\/\\\/i0.wp.com\\\/infos-droitshumains.net\\\/wp-content\\\/uploads\\\/2025\\\/10\\\/images-17.jpeg?fit=272%2C184&ssl=1\",\"datePublished\":\"2025-10-26T08:40:44+00:00\",\"dateModified\":\"2025-10-26T09:11:00+00:00\",\"breadcrumb\":{\"@id\":\"https:\\\/\\\/infos-droitshumains.net\\\/?p=16568#breadcrumb\"},\"inLanguage\":\"fr-FR\",\"potentialAction\":[{\"@type\":\"ReadAction\",\"target\":[\"https:\\\/\\\/infos-droitshumains.net\\\/?p=16568\"]}]},{\"@type\":\"ImageObject\",\"inLanguage\":\"fr-FR\",\"@id\":\"https:\\\/\\\/infos-droitshumains.net\\\/?p=16568#primaryimage\",\"url\":\"https:\\\/\\\/i0.wp.com\\\/infos-droitshumains.net\\\/wp-content\\\/uploads\\\/2025\\\/10\\\/images-17.jpeg?fit=272%2C184&ssl=1\",\"contentUrl\":\"https:\\\/\\\/i0.wp.com\\\/infos-droitshumains.net\\\/wp-content\\\/uploads\\\/2025\\\/10\\\/images-17.jpeg?fit=272%2C184&ssl=1\",\"width\":272,\"height\":184},{\"@type\":\"BreadcrumbList\",\"@id\":\"https:\\\/\\\/infos-droitshumains.net\\\/?p=16568#breadcrumb\",\"itemListElement\":[{\"@type\":\"ListItem\",\"position\":1,\"name\":\"Accueil\",\"item\":\"https:\\\/\\\/infos-droitshumains.net\\\/\"},{\"@type\":\"ListItem\",\"position\":2,\"name\":\"2\u00e8me tour de l\u2019\u00e9lection du B\u00e2tonnier de Kinshasa-Matete\u00a0: l\u2019Assembl\u00e9e G\u00e9n\u00e9rale Ordinaire et \u00e9lective renvoy\u00e9e au 15 novembre\"}]},{\"@type\":\"WebSite\",\"@id\":\"https:\\\/\\\/infos-droitshumains.net\\\/#website\",\"url\":\"https:\\\/\\\/infos-droitshumains.net\\\/\",\"name\":\"Infos Droits Humains\",\"description\":\"S&#039;informer est un droit\",\"publisher\":{\"@id\":\"https:\\\/\\\/infos-droitshumains.net\\\/#organization\"},\"potentialAction\":[{\"@type\":\"SearchAction\",\"target\":{\"@type\":\"EntryPoint\",\"urlTemplate\":\"https:\\\/\\\/infos-droitshumains.net\\\/?s={search_term_string}\"},\"query-input\":{\"@type\":\"PropertyValueSpecification\",\"valueRequired\":true,\"valueName\":\"search_term_string\"}}],\"inLanguage\":\"fr-FR\"},{\"@type\":\"Organization\",\"@id\":\"https:\\\/\\\/infos-droitshumains.net\\\/#organization\",\"name\":\"Infos Droits Humains\",\"url\":\"https:\\\/\\\/infos-droitshumains.net\\\/\",\"logo\":{\"@type\":\"ImageObject\",\"inLanguage\":\"fr-FR\",\"@id\":\"https:\\\/\\\/infos-droitshumains.net\\\/#\\\/schema\\\/logo\\\/image\\\/\",\"url\":\"https:\\\/\\\/i0.wp.com\\\/infos-droitshumains.net\\\/wp-content\\\/uploads\\\/2022\\\/05\\\/Logo.png?fit=333%2C129&ssl=1\",\"contentUrl\":\"https:\\\/\\\/i0.wp.com\\\/infos-droitshumains.net\\\/wp-content\\\/uploads\\\/2022\\\/05\\\/Logo.png?fit=333%2C129&ssl=1\",\"width\":333,\"height\":129,\"caption\":\"Infos Droits Humains\"},\"image\":{\"@id\":\"https:\\\/\\\/infos-droitshumains.net\\\/#\\\/schema\\\/logo\\\/image\\\/\"}},{\"@type\":\"Person\",\"@id\":\"https:\\\/\\\/infos-droitshumains.net\\\/#\\\/schema\\\/person\\\/3dc5e921c3302172e0ed4362f96faab7\",\"name\":\"Jo\u00ebl Diawa\",\"image\":{\"@type\":\"ImageObject\",\"inLanguage\":\"fr-FR\",\"@id\":\"https:\\\/\\\/secure.gravatar.com\\\/avatar\\\/729bea6ff4604c624417803c477363be8e3c7186deaa65713313f9b4b820f41c?s=96&d=mm&r=g\",\"url\":\"https:\\\/\\\/secure.gravatar.com\\\/avatar\\\/729bea6ff4604c624417803c477363be8e3c7186deaa65713313f9b4b820f41c?s=96&d=mm&r=g\",\"contentUrl\":\"https:\\\/\\\/secure.gravatar.com\\\/avatar\\\/729bea6ff4604c624417803c477363be8e3c7186deaa65713313f9b4b820f41c?s=96&d=mm&r=g\",\"caption\":\"Jo\u00ebl Diawa\"},\"sameAs\":[\"https:\\\/\\\/www.infos-droitshumains.net\"],\"url\":\"https:\\\/\\\/infos-droitshumains.net\\\/?author=2\"}]}<\/script>\n<!-- \/ Yoast SEO plugin. -->","yoast_head_json":{"title":"2\u00e8me tour de l\u2019\u00e9lection du B\u00e2tonnier de Kinshasa-Matete\u00a0: l\u2019Assembl\u00e9e G\u00e9n\u00e9rale Ordinaire et \u00e9lective renvoy\u00e9e au 15 novembre - Infos Droits Humains","robots":{"index":"index","follow":"follow","max-snippet":"max-snippet:-1","max-image-preview":"max-image-preview:large","max-video-preview":"max-video-preview:-1"},"canonical":"https:\/\/infos-droitshumains.net\/?p=16568","og_locale":"fr_FR","og_type":"article","og_title":"2\u00e8me tour de l\u2019\u00e9lection du B\u00e2tonnier de Kinshasa-Matete\u00a0: l\u2019Assembl\u00e9e G\u00e9n\u00e9rale Ordinaire et \u00e9lective renvoy\u00e9e au 15 novembre - Infos Droits Humains","og_description":"R\u00e9daction: +243 817 406 088 Le Barreau de Kinshasa\/Matete devrait encore patienter pour conna\u00eetre celui...","og_url":"https:\/\/infos-droitshumains.net\/?p=16568","og_site_name":"Infos Droits Humains","article_published_time":"2025-10-26T08:40:44+00:00","article_modified_time":"2025-10-26T09:11:00+00:00","og_image":[{"width":272,"height":184,"url":"https:\/\/infos-droitshumains.net\/wp-content\/uploads\/2025\/10\/images-17.jpeg","type":"image\/jpeg"}],"author":"Jo\u00ebl Diawa","twitter_card":"summary_large_image","twitter_misc":{"\u00c9crit par":"Jo\u00ebl Diawa","Dur\u00e9e de lecture estim\u00e9e":"2 minutes"},"schema":{"@context":"https:\/\/schema.org","@graph":[{"@type":"Article","@id":"https:\/\/infos-droitshumains.net\/?p=16568#article","isPartOf":{"@id":"https:\/\/infos-droitshumains.net\/?p=16568"},"author":{"name":"Jo\u00ebl Diawa","@id":"https:\/\/infos-droitshumains.net\/#\/schema\/person\/3dc5e921c3302172e0ed4362f96faab7"},"headline":"2\u00e8me tour de l\u2019\u00e9lection du B\u00e2tonnier de Kinshasa-Matete\u00a0: l\u2019Assembl\u00e9e G\u00e9n\u00e9rale Ordinaire et \u00e9lective renvoy\u00e9e au 15 novembre","datePublished":"2025-10-26T08:40:44+00:00","dateModified":"2025-10-26T09:11:00+00:00","mainEntityOfPage":{"@id":"https:\/\/infos-droitshumains.net\/?p=16568"},"wordCount":392,"commentCount":0,"publisher":{"@id":"https:\/\/infos-droitshumains.net\/#organization"},"image":{"@id":"https:\/\/infos-droitshumains.net\/?p=16568#primaryimage"},"thumbnailUrl":"https:\/\/i0.wp.com\/infos-droitshumains.net\/wp-content\/uploads\/2025\/10\/images-17.jpeg?fit=272%2C184&ssl=1","articleSection":["Justice"],"inLanguage":"fr-FR","potentialAction":[{"@type":"CommentAction","name":"Comment","target":["https:\/\/infos-droitshumains.net\/?p=16568#respond"]}]},{"@type":"WebPage","@id":"https:\/\/infos-droitshumains.net\/?p=16568","url":"https:\/\/infos-droitshumains.net\/?p=16568","name":"2\u00e8me tour de l\u2019\u00e9lection du B\u00e2tonnier de Kinshasa-Matete\u00a0: l\u2019Assembl\u00e9e G\u00e9n\u00e9rale Ordinaire et \u00e9lective renvoy\u00e9e au 15 novembre - Infos Droits Humains","isPartOf":{"@id":"https:\/\/infos-droitshumains.net\/#website"},"primaryImageOfPage":{"@id":"https:\/\/infos-droitshumains.net\/?p=16568#primaryimage"},"image":{"@id":"https:\/\/infos-droitshumains.net\/?p=16568#primaryimage"},"thumbnailUrl":"https:\/\/i0.wp.com\/infos-droitshumains.net\/wp-content\/uploads\/2025\/10\/images-17.jpeg?fit=272%2C184&ssl=1","datePublished":"2025-10-26T08:40:44+00:00","dateModified":"2025-10-26T09:11:00+00:00","breadcrumb":{"@id":"https:\/\/infos-droitshumains.net\/?p=16568#breadcrumb"},"inLanguage":"fr-FR","potentialAction":[{"@type":"ReadAction","target":["https:\/\/infos-droitshumains.net\/?p=16568"]}]},{"@type":"ImageObject","inLanguage":"fr-FR","@id":"https:\/\/infos-droitshumains.net\/?p=16568#primaryimage","url":"https:\/\/i0.wp.com\/infos-droitshumains.net\/wp-content\/uploads\/2025\/10\/images-17.jpeg?fit=272%2C184&ssl=1","contentUrl":"https:\/\/i0.wp.com\/infos-droitshumains.net\/wp-content\/uploads\/2025\/10\/images-17.jpeg?fit=272%2C184&ssl=1","width":272,"height":184},{"@type":"BreadcrumbList","@id":"https:\/\/infos-droitshumains.net\/?p=16568#breadcrumb","itemListElement":[{"@type":"ListItem","position":1,"name":"Accueil","item":"https:\/\/infos-droitshumains.net\/"},{"@type":"ListItem","position":2,"name":"2\u00e8me tour de l\u2019\u00e9lection du B\u00e2tonnier de Kinshasa-Matete\u00a0: l\u2019Assembl\u00e9e G\u00e9n\u00e9rale Ordinaire et \u00e9lective renvoy\u00e9e au 15 novembre"}]},{"@type":"WebSite","@id":"https:\/\/infos-droitshumains.net\/#website","url":"https:\/\/infos-droitshumains.net\/","name":"Infos Droits Humains","description":"S&#039;informer est un droit","publisher":{"@id":"https:\/\/infos-droitshumains.net\/#organization"},"potentialAction":[{"@type":"SearchAction","target":{"@type":"EntryPoint","urlTemplate":"https:\/\/infos-droitshumains.net\/?s={search_term_string}"},"query-input":{"@type":"PropertyValueSpecification","valueRequired":true,"valueName":"search_term_string"}}],"inLanguage":"fr-FR"},{"@type":"Organization","@id":"https:\/\/infos-droitshumains.net\/#organization","name":"Infos Droits Humains","url":"https:\/\/infos-droitshumains.net\/","logo":{"@type":"ImageObject","inLanguage":"fr-FR","@id":"https:\/\/infos-droitshumains.net\/#\/schema\/logo\/image\/","url":"https:\/\/i0.wp.com\/infos-droitshumains.net\/wp-content\/uploads\/2022\/05\/Logo.png?fit=333%2C129&ssl=1","contentUrl":"https:\/\/i0.wp.com\/infos-droitshumains.net\/wp-content\/uploads\/2022\/05\/Logo.png?fit=333%2C129&ssl=1","width":333,"height":129,"caption":"Infos Droits Humains"},"image":{"@id":"https:\/\/infos-droitshumains.net\/#\/schema\/logo\/image\/"}},{"@type":"Person","@id":"https:\/\/infos-droitshumains.net\/#\/schema\/person\/3dc5e921c3302172e0ed4362f96faab7","name":"Jo\u00ebl Diawa","image":{"@type":"ImageObject","inLanguage":"fr-FR","@id":"https:\/\/secure.gravatar.com\/avatar\/729bea6ff4604c624417803c477363be8e3c7186deaa65713313f9b4b820f41c?s=96&d=mm&r=g","url":"https:\/\/secure.gravatar.com\/avatar\/729bea6ff4604c624417803c477363be8e3c7186deaa65713313f9b4b820f41c?s=96&d=mm&r=g","contentUrl":"https:\/\/secure.gravatar.com\/avatar\/729bea6ff4604c624417803c477363be8e3c7186deaa65713313f9b4b820f41c?s=96&d=mm&r=g","caption":"Jo\u00ebl Diawa"},"sameAs":["https:\/\/www.infos-droitshumains.net"],"url":"https:\/\/infos-droitshumains.net\/?author=2"}]}},"featured_image_urls":{"full":["https:\/\/i0.wp.com\/infos-droitshumains.net\/wp-content\/uploads\/2025\/10\/images-17.jpeg?fit=272%2C184&ssl=1",272,184,false],"thumbnail":["https:\/\/i0.wp.com\/infos-droitshumains.net\/wp-content\/uploads\/2025\/10\/images-17.jpeg?resize=150%2C150&ssl=1",150,150,true],"medium":["https:\/\/i0.wp.com\/infos-droitshumains.net\/wp-content\/uploads\/2025\/10\/images-17.jpeg?fit=272%2C184&ssl=1",272,184,true],"medium_large":["https:\/\/i0.wp.com\/infos-droitshumains.net\/wp-content\/uploads\/2025\/10\/images-17.jpeg?fit=272%2C184&ssl=1",272,184,true],"large":["https:\/\/i0.wp.com\/infos-droitshumains.net\/wp-content\/uploads\/2025\/10\/images-17.jpeg?fit=272%2C184&ssl=1",272,184,true],"1536x1536":["https:\/\/i0.wp.com\/infos-droitshumains.net\/wp-content\/uploads\/2025\/10\/images-17.jpeg?fit=272%2C184&ssl=1",272,184,true],"2048x2048":["https:\/\/i0.wp.com\/infos-droitshumains.net\/wp-content\/uploads\/2025\/10\/images-17.jpeg?fit=272%2C184&ssl=1",272,184,true],"covernews-slider-full":["https:\/\/i0.wp.com\/infos-droitshumains.net\/wp-content\/uploads\/2025\/10\/images-17.jpeg?resize=272%2C184&ssl=1",272,184,true],"covernews-slider-center":["https:\/\/i0.wp.com\/infos-droitshumains.net\/wp-content\/uploads\/2025\/10\/images-17.jpeg?resize=272%2C184&ssl=1",272,184,true],"covernews-featured":["https:\/\/i0.wp.com\/infos-droitshumains.net\/wp-content\/uploads\/2025\/10\/images-17.jpeg?fit=272%2C184&ssl=1",272,184,true],"covernews-medium":["https:\/\/i0.wp.com\/infos-droitshumains.net\/wp-content\/uploads\/2025\/10\/images-17.jpeg?resize=272%2C184&ssl=1",272,184,true],"covernews-medium-square":["https:\/\/i0.wp.com\/infos-droitshumains.net\/wp-content\/uploads\/2025\/10\/images-17.jpeg?resize=272%2C184&ssl=1",272,184,true]},"author_info":{"display_name":"Jo\u00ebl Diawa","author_link":"https:\/\/infos-droitshumains.net\/?author=2"},"category_info":"<a href=\"https:\/\/infos-droitshumains.net\/?cat=6\" rel=\"category\">Justice<\/a>","tag_info":"Justice","comment_count":"0","jetpack_featured_media_url":"https:\/\/i0.wp.com\/infos-droitshumains.net\/wp-content\/uploads\/2025\/10\/images-17.jpeg?fit=272%2C184&ssl=1","jetpack-related-posts":[],"jetpack_sharing_enabled":true,"_links":{"self":[{"href":"https:\/\/infos-droitshumains.net\/index.php?rest_route=\/wp\/v2\/posts\/16568","targetHints":{"allow":["GET"]}}],"collection":[{"href":"https:\/\/infos-droitshumains.net\/index.php?rest_route=\/wp\/v2\/posts"}],"about":[{"href":"https:\/\/infos-droitshumains.net\/index.php?rest_route=\/wp\/v2\/types\/post"}],"author":[{"embeddable":true,"href":"https:\/\/infos-droitshumains.net\/index.php?rest_route=\/wp\/v2\/users\/2"}],"replies":[{"embeddable":true,"href":"https:\/\/infos-droitshumains.net\/index.php?rest_route=%2Fwp%2Fv2%2Fcomments&post=16568"}],"version-history":[{"count":2,"href":"https:\/\/infos-droitshumains.net\/index.php?rest_route=\/wp\/v2\/posts\/16568\/revisions"}],"predecessor-version":[{"id":16572,"href":"https:\/\/infos-droitshumains.net\/index.php?rest_route=\/wp\/v2\/posts\/16568\/revisions\/16572"}],"wp:featuredmedia":[{"embeddable":true,"href":"https:\/\/infos-droitshumains.net\/index.php?rest_route=\/wp\/v2\/media\/16570"}],"wp:attachment":[{"href":"https:\/\/infos-droitshumains.net\/index.php?rest_route=%2Fwp%2Fv2%2Fmedia&parent=16568"}],"wp:term":[{"taxonomy":"category","embeddable":true,"href":"https:\/\/infos-droitshumains.net\/index.php?rest_route=%2Fwp%2Fv2%2Fcategories&post=16568"},{"taxonomy":"post_tag","embeddable":true,"href":"https:\/\/infos-droitshumains.net\/index.php?rest_route=%2Fwp%2Fv2%2Ftags&post=16568"}],"curies":[{"name":"wp","href":"https:\/\/api.w.org\/{rel}","templated":true}]}}