{"id":16564,"date":"2025-10-26T09:06:04","date_gmt":"2025-10-26T08:06:04","guid":{"rendered":"https:\/\/infos-droitshumains.net\/?p=16564"},"modified":"2025-10-26T09:10:51","modified_gmt":"2025-10-26T08:10:51","slug":"barreau-de-kinshasa-gombe-me-andre-kibambe-kikangala-la-perseverance-enfin-couronnee","status":"publish","type":"post","link":"https:\/\/infos-droitshumains.net\/?p=16564","title":{"rendered":"Barreau de Kinshasa\/Gombe : Me. Andr\u00e9 Kibambe Kikangala, la pers\u00e9v\u00e9rance enfin couronn\u00e9e"},"content":{"rendered":"\n<p><strong>R\u00e9daction: +243 817 406 088<\/strong><\/p>\n\n\n\n<h3 class=\"wp-block-heading has-vivid-red-color has-text-color has-link-color wp-elements-8d2b8c06b7baaf8862bfc16c1d491fde\">L\u2019Assembl\u00e9e G\u00e9n\u00e9rale Ordinaire du Barreau de Kinshasa\/Gombe, tenue ce samedi 25 octobre 2025, a livr\u00e9 son verdict au terme d\u2019un second tour \u00e9lectoral marqu\u00e9 par un suspense intense. \u00c0 l\u2019issue du d\u00e9pouillement, Me. Andr\u00e9 Kibambe Kikangala a \u00e9t\u00e9 \u00e9lu nouveau B\u00e2tonnier de l\u2019Ordre, succ\u00e9dant \u00e0 Me. Jean-Claude Mbaki Siluzaku, arriv\u00e9 en fin de mandat.<\/h3>\n\n\n\n<p>Avec 823 voix contre 407 pour son challenger, Me Junior Kapuya Meleka, le scrutin a confirm\u00e9 la nette avance d\u00e9j\u00e0 enregistr\u00e9e par Me Kibambe au premier tour. Aussit\u00f4t proclam\u00e9 \u00e9lu, le nouveau B\u00e2tonnier a symboliquement pris le \u00ab b\u00e2ton de commandement \u00bb et a pr\u00e9sid\u00e9 la poursuite des travaux de l\u2019Assembl\u00e9e G\u00e9n\u00e9rale, conform\u00e9ment au r\u00e8glement int\u00e9rieur-cadre du Barreau congolais.<\/p>\n\n\n\n<p>Cette victoire rev\u00eat une signification particuli\u00e8re pour Me Kibambe : deux fois candidat malheureux (en 2019 et en 2022) face son pr\u00e9d\u00e9cesseur, il a su faire preuve de constance, de r\u00e9silience et de d\u00e9termination. Son \u00e9lection consacre ainsi la r\u00e9compense d\u2019un parcours empreint de patience et d\u2019opini\u00e2tret\u00e9.<\/p>\n\n\n\n<p>Plusieurs d\u00e9fis majeurs attendent d\u00e9sormais le nouveau B\u00e2tonnier du Barreau de Kinshasa\/Gombe appel\u00e9 \u00e0 parachever les projets&nbsp; entam\u00e9s par son pr\u00e9d\u00e9cesseur. Parmi les priorit\u00e9s figurent notamment : <strong><em>\u00ab&nbsp;la mise en \u0153uvre d\u2019un syst\u00e8me de s\u00e9curit\u00e9 sociale pour les avocats et la dotation du Barreau d\u2019un si\u00e8ge moderne et fonctionnel.&nbsp;\u00bb<\/em><\/strong><\/p>\n\n\n\n<p>Dans un esprit de continuit\u00e9 et de renouveau, Me Andr\u00e9 Kibambe Kikangala est appel\u00e9 \u00e0 f\u00e9d\u00e9rer l\u2019ensemble des avocats de son Barreau autour d\u2019une vision commune : celle d\u2019un ordre fort, solidaire et respect\u00e9.<\/p>\n\n\n\n<p>Jo\u00ebl DIAWA<\/p>\n","protected":false},"excerpt":{"rendered":"<p>R\u00e9daction: +243 817 406 088 L\u2019Assembl\u00e9e G\u00e9n\u00e9rale Ordinaire du Barreau de Kinshasa\/Gombe, tenue ce samedi&#8230;<\/p>\n","protected":false},"author":2,"featured_media":16567,"comment_status":"open","ping_status":"open","sticky":false,"template":"","format":"standard","meta":{"_jetpack_memberships_contains_paid_content":false,"footnotes":""},"categories":[6],"tags":[],"class_list":["post-16564","post","type-post","status-publish","format-standard","has-post-thumbnail","hentry","category-justice"],"yoast_head":"<!-- This site is optimized with the Yoast SEO plugin v27.5 - https:\/\/yoast.com\/product\/yoast-seo-wordpress\/ -->\n<title>Barreau de Kinshasa\/Gombe : Me. Andr\u00e9 Kibambe Kikangala, la pers\u00e9v\u00e9rance enfin couronn\u00e9e - Infos Droits Humains<\/title>\n<meta name=\"robots\" content=\"index, follow, max-snippet:-1, max-image-preview:large, max-video-preview:-1\" \/>\n<link rel=\"canonical\" href=\"https:\/\/infos-droitshumains.net\/?p=16564\" \/>\n<meta property=\"og:locale\" content=\"fr_FR\" \/>\n<meta property=\"og:type\" content=\"article\" \/>\n<meta property=\"og:title\" content=\"Barreau de Kinshasa\/Gombe : Me. Andr\u00e9 Kibambe Kikangala, la pers\u00e9v\u00e9rance enfin couronn\u00e9e - Infos Droits Humains\" \/>\n<meta property=\"og:description\" content=\"R\u00e9daction: +243 817 406 088 L\u2019Assembl\u00e9e G\u00e9n\u00e9rale Ordinaire du Barreau de Kinshasa\/Gombe, tenue ce samedi...\" \/>\n<meta property=\"og:url\" content=\"https:\/\/infos-droitshumains.net\/?p=16564\" \/>\n<meta property=\"og:site_name\" content=\"Infos Droits Humains\" \/>\n<meta property=\"article:published_time\" content=\"2025-10-26T08:06:04+00:00\" \/>\n<meta property=\"article:modified_time\" content=\"2025-10-26T08:10:51+00:00\" \/>\n<meta property=\"og:image\" content=\"https:\/\/infos-droitshumains.net\/wp-content\/uploads\/2025\/10\/Screenshot_20251025_230224_WhatsApp.jpg\" \/>\n\t<meta property=\"og:image:width\" content=\"1020\" \/>\n\t<meta property=\"og:image:height\" content=\"716\" \/>\n\t<meta property=\"og:image:type\" content=\"image\/jpeg\" \/>\n<meta name=\"author\" content=\"Jo\u00ebl Diawa\" \/>\n<meta name=\"twitter:card\" content=\"summary_large_image\" \/>\n<meta name=\"twitter:label1\" content=\"\u00c9crit par\" \/>\n\t<meta name=\"twitter:data1\" content=\"Jo\u00ebl Diawa\" \/>\n\t<meta name=\"twitter:label2\" content=\"Dur\u00e9e de lecture estim\u00e9e\" \/>\n\t<meta name=\"twitter:data2\" content=\"2 minutes\" \/>\n<script type=\"application\/ld+json\" class=\"yoast-schema-graph\">{\"@context\":\"https:\\\/\\\/schema.org\",\"@graph\":[{\"@type\":\"Article\",\"@id\":\"https:\\\/\\\/infos-droitshumains.net\\\/?p=16564#article\",\"isPartOf\":{\"@id\":\"https:\\\/\\\/infos-droitshumains.net\\\/?p=16564\"},\"author\":{\"name\":\"Jo\u00ebl Diawa\",\"@id\":\"https:\\\/\\\/infos-droitshumains.net\\\/#\\\/schema\\\/person\\\/3dc5e921c3302172e0ed4362f96faab7\"},\"headline\":\"Barreau de Kinshasa\\\/Gombe : Me. Andr\u00e9 Kibambe Kikangala, la pers\u00e9v\u00e9rance enfin couronn\u00e9e\",\"datePublished\":\"2025-10-26T08:06:04+00:00\",\"dateModified\":\"2025-10-26T08:10:51+00:00\",\"mainEntityOfPage\":{\"@id\":\"https:\\\/\\\/infos-droitshumains.net\\\/?p=16564\"},\"wordCount\":303,\"commentCount\":0,\"publisher\":{\"@id\":\"https:\\\/\\\/infos-droitshumains.net\\\/#organization\"},\"image\":{\"@id\":\"https:\\\/\\\/infos-droitshumains.net\\\/?p=16564#primaryimage\"},\"thumbnailUrl\":\"https:\\\/\\\/i0.wp.com\\\/infos-droitshumains.net\\\/wp-content\\\/uploads\\\/2025\\\/10\\\/Screenshot_20251025_230224_WhatsApp.jpg?fit=1020%2C716&ssl=1\",\"articleSection\":[\"Justice\"],\"inLanguage\":\"fr-FR\",\"potentialAction\":[{\"@type\":\"CommentAction\",\"name\":\"Comment\",\"target\":[\"https:\\\/\\\/infos-droitshumains.net\\\/?p=16564#respond\"]}]},{\"@type\":\"WebPage\",\"@id\":\"https:\\\/\\\/infos-droitshumains.net\\\/?p=16564\",\"url\":\"https:\\\/\\\/infos-droitshumains.net\\\/?p=16564\",\"name\":\"Barreau de Kinshasa\\\/Gombe : Me. Andr\u00e9 Kibambe Kikangala, la pers\u00e9v\u00e9rance enfin couronn\u00e9e - Infos Droits Humains\",\"isPartOf\":{\"@id\":\"https:\\\/\\\/infos-droitshumains.net\\\/#website\"},\"primaryImageOfPage\":{\"@id\":\"https:\\\/\\\/infos-droitshumains.net\\\/?p=16564#primaryimage\"},\"image\":{\"@id\":\"https:\\\/\\\/infos-droitshumains.net\\\/?p=16564#primaryimage\"},\"thumbnailUrl\":\"https:\\\/\\\/i0.wp.com\\\/infos-droitshumains.net\\\/wp-content\\\/uploads\\\/2025\\\/10\\\/Screenshot_20251025_230224_WhatsApp.jpg?fit=1020%2C716&ssl=1\",\"datePublished\":\"2025-10-26T08:06:04+00:00\",\"dateModified\":\"2025-10-26T08:10:51+00:00\",\"breadcrumb\":{\"@id\":\"https:\\\/\\\/infos-droitshumains.net\\\/?p=16564#breadcrumb\"},\"inLanguage\":\"fr-FR\",\"potentialAction\":[{\"@type\":\"ReadAction\",\"target\":[\"https:\\\/\\\/infos-droitshumains.net\\\/?p=16564\"]}]},{\"@type\":\"ImageObject\",\"inLanguage\":\"fr-FR\",\"@id\":\"https:\\\/\\\/infos-droitshumains.net\\\/?p=16564#primaryimage\",\"url\":\"https:\\\/\\\/i0.wp.com\\\/infos-droitshumains.net\\\/wp-content\\\/uploads\\\/2025\\\/10\\\/Screenshot_20251025_230224_WhatsApp.jpg?fit=1020%2C716&ssl=1\",\"contentUrl\":\"https:\\\/\\\/i0.wp.com\\\/infos-droitshumains.net\\\/wp-content\\\/uploads\\\/2025\\\/10\\\/Screenshot_20251025_230224_WhatsApp.jpg?fit=1020%2C716&ssl=1\",\"width\":1020,\"height\":716},{\"@type\":\"BreadcrumbList\",\"@id\":\"https:\\\/\\\/infos-droitshumains.net\\\/?p=16564#breadcrumb\",\"itemListElement\":[{\"@type\":\"ListItem\",\"position\":1,\"name\":\"Accueil\",\"item\":\"https:\\\/\\\/infos-droitshumains.net\\\/\"},{\"@type\":\"ListItem\",\"position\":2,\"name\":\"Barreau de Kinshasa\\\/Gombe : Me. Andr\u00e9 Kibambe Kikangala, la pers\u00e9v\u00e9rance enfin couronn\u00e9e\"}]},{\"@type\":\"WebSite\",\"@id\":\"https:\\\/\\\/infos-droitshumains.net\\\/#website\",\"url\":\"https:\\\/\\\/infos-droitshumains.net\\\/\",\"name\":\"Infos Droits Humains\",\"description\":\"S&#039;informer est un droit\",\"publisher\":{\"@id\":\"https:\\\/\\\/infos-droitshumains.net\\\/#organization\"},\"potentialAction\":[{\"@type\":\"SearchAction\",\"target\":{\"@type\":\"EntryPoint\",\"urlTemplate\":\"https:\\\/\\\/infos-droitshumains.net\\\/?s={search_term_string}\"},\"query-input\":{\"@type\":\"PropertyValueSpecification\",\"valueRequired\":true,\"valueName\":\"search_term_string\"}}],\"inLanguage\":\"fr-FR\"},{\"@type\":\"Organization\",\"@id\":\"https:\\\/\\\/infos-droitshumains.net\\\/#organization\",\"name\":\"Infos Droits Humains\",\"url\":\"https:\\\/\\\/infos-droitshumains.net\\\/\",\"logo\":{\"@type\":\"ImageObject\",\"inLanguage\":\"fr-FR\",\"@id\":\"https:\\\/\\\/infos-droitshumains.net\\\/#\\\/schema\\\/logo\\\/image\\\/\",\"url\":\"https:\\\/\\\/i0.wp.com\\\/infos-droitshumains.net\\\/wp-content\\\/uploads\\\/2022\\\/05\\\/Logo.png?fit=333%2C129&ssl=1\",\"contentUrl\":\"https:\\\/\\\/i0.wp.com\\\/infos-droitshumains.net\\\/wp-content\\\/uploads\\\/2022\\\/05\\\/Logo.png?fit=333%2C129&ssl=1\",\"width\":333,\"height\":129,\"caption\":\"Infos Droits Humains\"},\"image\":{\"@id\":\"https:\\\/\\\/infos-droitshumains.net\\\/#\\\/schema\\\/logo\\\/image\\\/\"}},{\"@type\":\"Person\",\"@id\":\"https:\\\/\\\/infos-droitshumains.net\\\/#\\\/schema\\\/person\\\/3dc5e921c3302172e0ed4362f96faab7\",\"name\":\"Jo\u00ebl Diawa\",\"image\":{\"@type\":\"ImageObject\",\"inLanguage\":\"fr-FR\",\"@id\":\"https:\\\/\\\/secure.gravatar.com\\\/avatar\\\/729bea6ff4604c624417803c477363be8e3c7186deaa65713313f9b4b820f41c?s=96&d=mm&r=g\",\"url\":\"https:\\\/\\\/secure.gravatar.com\\\/avatar\\\/729bea6ff4604c624417803c477363be8e3c7186deaa65713313f9b4b820f41c?s=96&d=mm&r=g\",\"contentUrl\":\"https:\\\/\\\/secure.gravatar.com\\\/avatar\\\/729bea6ff4604c624417803c477363be8e3c7186deaa65713313f9b4b820f41c?s=96&d=mm&r=g\",\"caption\":\"Jo\u00ebl Diawa\"},\"sameAs\":[\"https:\\\/\\\/www.infos-droitshumains.net\"],\"url\":\"https:\\\/\\\/infos-droitshumains.net\\\/?author=2\"}]}<\/script>\n<!-- \/ Yoast SEO plugin. -->","yoast_head_json":{"title":"Barreau de Kinshasa\/Gombe : Me. Andr\u00e9 Kibambe Kikangala, la pers\u00e9v\u00e9rance enfin couronn\u00e9e - Infos Droits Humains","robots":{"index":"index","follow":"follow","max-snippet":"max-snippet:-1","max-image-preview":"max-image-preview:large","max-video-preview":"max-video-preview:-1"},"canonical":"https:\/\/infos-droitshumains.net\/?p=16564","og_locale":"fr_FR","og_type":"article","og_title":"Barreau de Kinshasa\/Gombe : Me. Andr\u00e9 Kibambe Kikangala, la pers\u00e9v\u00e9rance enfin couronn\u00e9e - Infos Droits Humains","og_description":"R\u00e9daction: +243 817 406 088 L\u2019Assembl\u00e9e G\u00e9n\u00e9rale Ordinaire du Barreau de Kinshasa\/Gombe, tenue ce samedi...","og_url":"https:\/\/infos-droitshumains.net\/?p=16564","og_site_name":"Infos Droits Humains","article_published_time":"2025-10-26T08:06:04+00:00","article_modified_time":"2025-10-26T08:10:51+00:00","og_image":[{"width":1020,"height":716,"url":"https:\/\/infos-droitshumains.net\/wp-content\/uploads\/2025\/10\/Screenshot_20251025_230224_WhatsApp.jpg","type":"image\/jpeg"}],"author":"Jo\u00ebl Diawa","twitter_card":"summary_large_image","twitter_misc":{"\u00c9crit par":"Jo\u00ebl Diawa","Dur\u00e9e de lecture estim\u00e9e":"2 minutes"},"schema":{"@context":"https:\/\/schema.org","@graph":[{"@type":"Article","@id":"https:\/\/infos-droitshumains.net\/?p=16564#article","isPartOf":{"@id":"https:\/\/infos-droitshumains.net\/?p=16564"},"author":{"name":"Jo\u00ebl Diawa","@id":"https:\/\/infos-droitshumains.net\/#\/schema\/person\/3dc5e921c3302172e0ed4362f96faab7"},"headline":"Barreau de Kinshasa\/Gombe : Me. Andr\u00e9 Kibambe Kikangala, la pers\u00e9v\u00e9rance enfin couronn\u00e9e","datePublished":"2025-10-26T08:06:04+00:00","dateModified":"2025-10-26T08:10:51+00:00","mainEntityOfPage":{"@id":"https:\/\/infos-droitshumains.net\/?p=16564"},"wordCount":303,"commentCount":0,"publisher":{"@id":"https:\/\/infos-droitshumains.net\/#organization"},"image":{"@id":"https:\/\/infos-droitshumains.net\/?p=16564#primaryimage"},"thumbnailUrl":"https:\/\/i0.wp.com\/infos-droitshumains.net\/wp-content\/uploads\/2025\/10\/Screenshot_20251025_230224_WhatsApp.jpg?fit=1020%2C716&ssl=1","articleSection":["Justice"],"inLanguage":"fr-FR","potentialAction":[{"@type":"CommentAction","name":"Comment","target":["https:\/\/infos-droitshumains.net\/?p=16564#respond"]}]},{"@type":"WebPage","@id":"https:\/\/infos-droitshumains.net\/?p=16564","url":"https:\/\/infos-droitshumains.net\/?p=16564","name":"Barreau de Kinshasa\/Gombe : Me. Andr\u00e9 Kibambe Kikangala, la pers\u00e9v\u00e9rance enfin couronn\u00e9e - Infos Droits Humains","isPartOf":{"@id":"https:\/\/infos-droitshumains.net\/#website"},"primaryImageOfPage":{"@id":"https:\/\/infos-droitshumains.net\/?p=16564#primaryimage"},"image":{"@id":"https:\/\/infos-droitshumains.net\/?p=16564#primaryimage"},"thumbnailUrl":"https:\/\/i0.wp.com\/infos-droitshumains.net\/wp-content\/uploads\/2025\/10\/Screenshot_20251025_230224_WhatsApp.jpg?fit=1020%2C716&ssl=1","datePublished":"2025-10-26T08:06:04+00:00","dateModified":"2025-10-26T08:10:51+00:00","breadcrumb":{"@id":"https:\/\/infos-droitshumains.net\/?p=16564#breadcrumb"},"inLanguage":"fr-FR","potentialAction":[{"@type":"ReadAction","target":["https:\/\/infos-droitshumains.net\/?p=16564"]}]},{"@type":"ImageObject","inLanguage":"fr-FR","@id":"https:\/\/infos-droitshumains.net\/?p=16564#primaryimage","url":"https:\/\/i0.wp.com\/infos-droitshumains.net\/wp-content\/uploads\/2025\/10\/Screenshot_20251025_230224_WhatsApp.jpg?fit=1020%2C716&ssl=1","contentUrl":"https:\/\/i0.wp.com\/infos-droitshumains.net\/wp-content\/uploads\/2025\/10\/Screenshot_20251025_230224_WhatsApp.jpg?fit=1020%2C716&ssl=1","width":1020,"height":716},{"@type":"BreadcrumbList","@id":"https:\/\/infos-droitshumains.net\/?p=16564#breadcrumb","itemListElement":[{"@type":"ListItem","position":1,"name":"Accueil","item":"https:\/\/infos-droitshumains.net\/"},{"@type":"ListItem","position":2,"name":"Barreau de Kinshasa\/Gombe : Me. Andr\u00e9 Kibambe Kikangala, la pers\u00e9v\u00e9rance enfin couronn\u00e9e"}]},{"@type":"WebSite","@id":"https:\/\/infos-droitshumains.net\/#website","url":"https:\/\/infos-droitshumains.net\/","name":"Infos Droits Humains","description":"S&#039;informer est un droit","publisher":{"@id":"https:\/\/infos-droitshumains.net\/#organization"},"potentialAction":[{"@type":"SearchAction","target":{"@type":"EntryPoint","urlTemplate":"https:\/\/infos-droitshumains.net\/?s={search_term_string}"},"query-input":{"@type":"PropertyValueSpecification","valueRequired":true,"valueName":"search_term_string"}}],"inLanguage":"fr-FR"},{"@type":"Organization","@id":"https:\/\/infos-droitshumains.net\/#organization","name":"Infos Droits Humains","url":"https:\/\/infos-droitshumains.net\/","logo":{"@type":"ImageObject","inLanguage":"fr-FR","@id":"https:\/\/infos-droitshumains.net\/#\/schema\/logo\/image\/","url":"https:\/\/i0.wp.com\/infos-droitshumains.net\/wp-content\/uploads\/2022\/05\/Logo.png?fit=333%2C129&ssl=1","contentUrl":"https:\/\/i0.wp.com\/infos-droitshumains.net\/wp-content\/uploads\/2022\/05\/Logo.png?fit=333%2C129&ssl=1","width":333,"height":129,"caption":"Infos Droits Humains"},"image":{"@id":"https:\/\/infos-droitshumains.net\/#\/schema\/logo\/image\/"}},{"@type":"Person","@id":"https:\/\/infos-droitshumains.net\/#\/schema\/person\/3dc5e921c3302172e0ed4362f96faab7","name":"Jo\u00ebl Diawa","image":{"@type":"ImageObject","inLanguage":"fr-FR","@id":"https:\/\/secure.gravatar.com\/avatar\/729bea6ff4604c624417803c477363be8e3c7186deaa65713313f9b4b820f41c?s=96&d=mm&r=g","url":"https:\/\/secure.gravatar.com\/avatar\/729bea6ff4604c624417803c477363be8e3c7186deaa65713313f9b4b820f41c?s=96&d=mm&r=g","contentUrl":"https:\/\/secure.gravatar.com\/avatar\/729bea6ff4604c624417803c477363be8e3c7186deaa65713313f9b4b820f41c?s=96&d=mm&r=g","caption":"Jo\u00ebl Diawa"},"sameAs":["https:\/\/www.infos-droitshumains.net"],"url":"https:\/\/infos-droitshumains.net\/?author=2"}]}},"featured_image_urls":{"full":["https:\/\/i0.wp.com\/infos-droitshumains.net\/wp-content\/uploads\/2025\/10\/Screenshot_20251025_230224_WhatsApp.jpg?fit=1020%2C716&ssl=1",1020,716,false],"thumbnail":["https:\/\/i0.wp.com\/infos-droitshumains.net\/wp-content\/uploads\/2025\/10\/Screenshot_20251025_230224_WhatsApp.jpg?resize=150%2C150&ssl=1",150,150,true],"medium":["https:\/\/i0.wp.com\/infos-droitshumains.net\/wp-content\/uploads\/2025\/10\/Screenshot_20251025_230224_WhatsApp.jpg?fit=300%2C211&ssl=1",300,211,true],"medium_large":["https:\/\/i0.wp.com\/infos-droitshumains.net\/wp-content\/uploads\/2025\/10\/Screenshot_20251025_230224_WhatsApp.jpg?fit=640%2C449&ssl=1",640,449,true],"large":["https:\/\/i0.wp.com\/infos-droitshumains.net\/wp-content\/uploads\/2025\/10\/Screenshot_20251025_230224_WhatsApp.jpg?fit=640%2C449&ssl=1",640,449,true],"1536x1536":["https:\/\/i0.wp.com\/infos-droitshumains.net\/wp-content\/uploads\/2025\/10\/Screenshot_20251025_230224_WhatsApp.jpg?fit=1020%2C716&ssl=1",1020,716,true],"2048x2048":["https:\/\/i0.wp.com\/infos-droitshumains.net\/wp-content\/uploads\/2025\/10\/Screenshot_20251025_230224_WhatsApp.jpg?fit=1020%2C716&ssl=1",1020,716,true],"covernews-slider-full":["https:\/\/i0.wp.com\/infos-droitshumains.net\/wp-content\/uploads\/2025\/10\/Screenshot_20251025_230224_WhatsApp.jpg?resize=1019%2C715&ssl=1",1019,715,true],"covernews-slider-center":["https:\/\/i0.wp.com\/infos-droitshumains.net\/wp-content\/uploads\/2025\/10\/Screenshot_20251025_230224_WhatsApp.jpg?resize=800%2C500&ssl=1",800,500,true],"covernews-featured":["https:\/\/i0.wp.com\/infos-droitshumains.net\/wp-content\/uploads\/2025\/10\/Screenshot_20251025_230224_WhatsApp.jpg?fit=1020%2C716&ssl=1",1020,716,true],"covernews-medium":["https:\/\/i0.wp.com\/infos-droitshumains.net\/wp-content\/uploads\/2025\/10\/Screenshot_20251025_230224_WhatsApp.jpg?resize=540%2C340&ssl=1",540,340,true],"covernews-medium-square":["https:\/\/i0.wp.com\/infos-droitshumains.net\/wp-content\/uploads\/2025\/10\/Screenshot_20251025_230224_WhatsApp.jpg?resize=400%2C250&ssl=1",400,250,true]},"author_info":{"display_name":"Jo\u00ebl Diawa","author_link":"https:\/\/infos-droitshumains.net\/?author=2"},"category_info":"<a href=\"https:\/\/infos-droitshumains.net\/?cat=6\" rel=\"category\">Justice<\/a>","tag_info":"Justice","comment_count":"0","jetpack_featured_media_url":"https:\/\/i0.wp.com\/infos-droitshumains.net\/wp-content\/uploads\/2025\/10\/Screenshot_20251025_230224_WhatsApp.jpg?fit=1020%2C716&ssl=1","jetpack-related-posts":[],"jetpack_sharing_enabled":true,"_links":{"self":[{"href":"https:\/\/infos-droitshumains.net\/index.php?rest_route=\/wp\/v2\/posts\/16564","targetHints":{"allow":["GET"]}}],"collection":[{"href":"https:\/\/infos-droitshumains.net\/index.php?rest_route=\/wp\/v2\/posts"}],"about":[{"href":"https:\/\/infos-droitshumains.net\/index.php?rest_route=\/wp\/v2\/types\/post"}],"author":[{"embeddable":true,"href":"https:\/\/infos-droitshumains.net\/index.php?rest_route=\/wp\/v2\/users\/2"}],"replies":[{"embeddable":true,"href":"https:\/\/infos-droitshumains.net\/index.php?rest_route=%2Fwp%2Fv2%2Fcomments&post=16564"}],"version-history":[{"count":2,"href":"https:\/\/infos-droitshumains.net\/index.php?rest_route=\/wp\/v2\/posts\/16564\/revisions"}],"predecessor-version":[{"id":16566,"href":"https:\/\/infos-droitshumains.net\/index.php?rest_route=\/wp\/v2\/posts\/16564\/revisions\/16566"}],"wp:featuredmedia":[{"embeddable":true,"href":"https:\/\/infos-droitshumains.net\/index.php?rest_route=\/wp\/v2\/media\/16567"}],"wp:attachment":[{"href":"https:\/\/infos-droitshumains.net\/index.php?rest_route=%2Fwp%2Fv2%2Fmedia&parent=16564"}],"wp:term":[{"taxonomy":"category","embeddable":true,"href":"https:\/\/infos-droitshumains.net\/index.php?rest_route=%2Fwp%2Fv2%2Fcategories&post=16564"},{"taxonomy":"post_tag","embeddable":true,"href":"https:\/\/infos-droitshumains.net\/index.php?rest_route=%2Fwp%2Fv2%2Ftags&post=16564"}],"curies":[{"name":"wp","href":"https:\/\/api.w.org\/{rel}","templated":true}]}}