{"id":16547,"date":"2025-10-23T10:43:09","date_gmt":"2025-10-23T08:43:09","guid":{"rendered":"https:\/\/infos-droitshumains.net\/?p=16547"},"modified":"2025-10-23T10:52:53","modified_gmt":"2025-10-23T08:52:53","slug":"formation-sur-les-finances-publiques-et-la-fiscalite-un-partenariat-entre-le-cabinet-mavinga-declerc-partners-et-luniversite-de-liege-au-service-des-acteurs-du-secteur-minier","status":"publish","type":"post","link":"https:\/\/infos-droitshumains.net\/?p=16547","title":{"rendered":"Formation sur les finances publiques et la fiscalit\u00e9 : un partenariat entre le Cabinet Mavinga Declerc &amp; Partners et l\u2019Universit\u00e9 de Li\u00e8ge au service des acteurs du secteur minier"},"content":{"rendered":"\n<p><strong>R\u00e9daction: +243 817 406 088<\/strong><\/p>\n\n\n\n<h3 class=\"wp-block-heading has-vivid-red-color has-text-color has-link-color wp-elements-222b44aafda64dc1ecffb8ea4ddab06f\">Le Cabinet Mavinga Declerc &amp; Partners, en collaboration avec l\u2019Universit\u00e9 de Li\u00e8ge\/Tax Institute, a lanc\u00e9 ce mercredi une s\u00e9rie de quatre jours de formation consacr\u00e9e aux finances publiques et \u00e0 la fiscalit\u00e9. Cette initiative s\u2019adresse aux agents et cadres de la G\u00e9camines SA, du Cadastre Minier (CAMI), du Centre d\u2019Expertise, d\u2019\u00c9valuation et de Certification des Substances Min\u00e9rales Pr\u00e9cieuses (CEEC), du Secr\u00e9tariat G\u00e9n\u00e9ral aux Mines, ainsi que de la Chambre des Mines.<\/h3>\n\n\n\n<figure class=\"wp-block-image alignfull size-full\"><img data-recalc-dims=\"1\" fetchpriority=\"high\" decoding=\"async\" width=\"640\" height=\"426\" src=\"https:\/\/i0.wp.com\/infos-droitshumains.net\/wp-content\/uploads\/2025\/10\/IMG-20251022-WA0062.jpg?resize=640%2C426&#038;ssl=1\" alt=\"\" class=\"wp-image-16551\" srcset=\"https:\/\/i0.wp.com\/infos-droitshumains.net\/wp-content\/uploads\/2025\/10\/IMG-20251022-WA0062.jpg?w=1024&amp;ssl=1 1024w, https:\/\/i0.wp.com\/infos-droitshumains.net\/wp-content\/uploads\/2025\/10\/IMG-20251022-WA0062.jpg?resize=300%2C200&amp;ssl=1 300w, https:\/\/i0.wp.com\/infos-droitshumains.net\/wp-content\/uploads\/2025\/10\/IMG-20251022-WA0062.jpg?resize=768%2C512&amp;ssl=1 768w\" sizes=\"(max-width: 640px) 100vw, 640px\" \/><\/figure>\n\n\n\n<figure class=\"wp-block-image alignfull size-full\"><img data-recalc-dims=\"1\" decoding=\"async\" width=\"640\" height=\"426\" src=\"https:\/\/i0.wp.com\/infos-droitshumains.net\/wp-content\/uploads\/2025\/10\/IMG-20251022-WA0080.jpg?resize=640%2C426&#038;ssl=1\" alt=\"\" class=\"wp-image-16556\" srcset=\"https:\/\/i0.wp.com\/infos-droitshumains.net\/wp-content\/uploads\/2025\/10\/IMG-20251022-WA0080.jpg?w=1024&amp;ssl=1 1024w, https:\/\/i0.wp.com\/infos-droitshumains.net\/wp-content\/uploads\/2025\/10\/IMG-20251022-WA0080.jpg?resize=300%2C200&amp;ssl=1 300w, https:\/\/i0.wp.com\/infos-droitshumains.net\/wp-content\/uploads\/2025\/10\/IMG-20251022-WA0080.jpg?resize=768%2C512&amp;ssl=1 768w\" sizes=\"(max-width: 640px) 100vw, 640px\" \/><\/figure>\n\n\n\n<p><strong>Un coup d\u2019envoi ax\u00e9 sur la compr\u00e9hension du syst\u00e8me fiscal congolais<\/strong><\/p>\n\n\n\n<p>La premi\u00e8re journ\u00e9e de cette formation, riche en \u00e9changes, a \u00e9t\u00e9 marqu\u00e9e par trois interventions de haut niveau.<br>Le Professeur Tr\u00e9sor Gauthier Kalonji a ouvert la s\u00e9ance en abordant les <em>\u2018\u2019<strong>fondamentaux des finances publiques\u2019\u2019<\/strong><\/em>, posant ainsi les bases n\u00e9cessaires \u00e0 une meilleure compr\u00e9hension des m\u00e9canismes de gestion des ressources publiques.<\/p>\n\n\n\n<figure class=\"wp-block-image alignfull size-full\"><img data-recalc-dims=\"1\" decoding=\"async\" width=\"640\" height=\"961\" src=\"https:\/\/i0.wp.com\/infos-droitshumains.net\/wp-content\/uploads\/2025\/10\/IMG-20251022-WA0051.jpg?resize=640%2C961&#038;ssl=1\" alt=\"\" class=\"wp-image-16554\" srcset=\"https:\/\/i0.wp.com\/infos-droitshumains.net\/wp-content\/uploads\/2025\/10\/IMG-20251022-WA0051.jpg?w=682&amp;ssl=1 682w, https:\/\/i0.wp.com\/infos-droitshumains.net\/wp-content\/uploads\/2025\/10\/IMG-20251022-WA0051.jpg?resize=200%2C300&amp;ssl=1 200w\" sizes=\"(max-width: 640px) 100vw, 640px\" \/><\/figure>\n\n\n\n<p>Ensuite,Godefroid Masilya Lumesa a anim\u00e9 deux modules importants : un \u2018\u2019<strong>aper\u00e7u g\u00e9n\u00e9ral du syst\u00e8me fiscal congolais\u2019\u2019<\/strong>, suivi d\u2019un expos\u00e9 sur la \u2018\u2019<strong>pratique du contentieux administratif\u2019\u2019<\/strong>, un aspect crucial pour la ma\u00eetrise des proc\u00e9dures fiscales et la pr\u00e9vention des litiges.<\/p>\n\n\n\n<figure class=\"wp-block-image alignfull size-full\"><img data-recalc-dims=\"1\" loading=\"lazy\" decoding=\"async\" width=\"640\" height=\"426\" src=\"https:\/\/i0.wp.com\/infos-droitshumains.net\/wp-content\/uploads\/2025\/10\/IMG-20251022-WA0082.jpg?resize=640%2C426&#038;ssl=1\" alt=\"\" class=\"wp-image-16553\" srcset=\"https:\/\/i0.wp.com\/infos-droitshumains.net\/wp-content\/uploads\/2025\/10\/IMG-20251022-WA0082.jpg?w=1024&amp;ssl=1 1024w, https:\/\/i0.wp.com\/infos-droitshumains.net\/wp-content\/uploads\/2025\/10\/IMG-20251022-WA0082.jpg?resize=300%2C200&amp;ssl=1 300w, https:\/\/i0.wp.com\/infos-droitshumains.net\/wp-content\/uploads\/2025\/10\/IMG-20251022-WA0082.jpg?resize=768%2C512&amp;ssl=1 768w\" sizes=\"(max-width: 640px) 100vw, 640px\" \/><\/figure>\n\n\n\n<p><strong>Des objectifs ambitieux au service de la gouvernance fiscale<\/strong><\/p>\n\n\n\n<p>L\u2019objectif principal de cette formation est d\u2019<strong>outiller les participants<\/strong> afin qu\u2019ils puissent :<\/p>\n\n\n\n<ul class=\"wp-block-list\">\n<li>Identifier les <strong><em>\u2018\u2019probl\u00e8mes pratiques\u2019\u2019<\/em><\/strong> rencontr\u00e9s par les assujettis aux imp\u00f4ts, droits, taxes et redevances du secteur minier et proposer des <strong><em>\u2018\u2019pistes de solutions concr\u00e8tes\u2019\u2019<\/em><\/strong>;<\/li>\n\n\n\n<li>Formuler des <strong><em>\u2018\u2019recommandations strat\u00e9giques\u2019\u2019<\/em><\/strong> \u00e0 la Direction G\u00e9n\u00e9rale de leurs institutions respectives pour une meilleure int\u00e9gration des aspects fiscaux dans leurs missions ;<\/li>\n\n\n\n<li>S\u2019inspirer des <strong><em>\u2018\u2019exp\u00e9riences compar\u00e9es\u2019\u2019<\/em><\/strong> issues d\u2019autres syst\u00e8mes fiscaux, afin d\u2019am\u00e9liorer la gouvernance et l\u2019efficacit\u00e9 du syst\u00e8me congolais.<\/li>\n<\/ul>\n\n\n\n<p><em>\u00ab&nbsp;Dans un premier temps, c\u2019est pour apporter l\u2019information, et deuxi\u00e8mement, c\u2019est pour la formation. L\u2019information parce qu\u2019il y a pas un domaine qui soit aussi mouvant que la fiscalit\u00e9\u2026 Donc, il faudrait que ces informations-l\u00e0 soient port\u00e9es \u00e0 la connaissance de la majeure partie des congolais pour qu\u2019on ne soit pas surpris lorsqu\u2019en 2026, interviendront les nouvelles techniques fiscales. Deuxi\u00e8mement\u2026 Nous avons pens\u00e9 d\u2019organiser une formation de quatre jours uniquement sur les questions relatives aux finances publiques et la fiscalit\u00e9 pour permettre aux participants d\u2019avoir des informations pr\u00e9cises pour leur permettre de s\u2019am\u00e9liorer dans leur travail quotidien&nbsp;\u00bb<\/em>, a d\u00e9clar\u00e9 Me. Beaugars Mpembi du cabinet Cabinet Mavinga Declerc &amp; Partners.<\/p>\n\n\n\n<figure class=\"wp-block-image alignfull size-full\"><img data-recalc-dims=\"1\" loading=\"lazy\" decoding=\"async\" width=\"640\" height=\"426\" src=\"https:\/\/i0.wp.com\/infos-droitshumains.net\/wp-content\/uploads\/2025\/10\/IMG-20251022-WA0052.jpg?resize=640%2C426&#038;ssl=1\" alt=\"\" class=\"wp-image-16555\" srcset=\"https:\/\/i0.wp.com\/infos-droitshumains.net\/wp-content\/uploads\/2025\/10\/IMG-20251022-WA0052.jpg?w=1024&amp;ssl=1 1024w, https:\/\/i0.wp.com\/infos-droitshumains.net\/wp-content\/uploads\/2025\/10\/IMG-20251022-WA0052.jpg?resize=300%2C200&amp;ssl=1 300w, https:\/\/i0.wp.com\/infos-droitshumains.net\/wp-content\/uploads\/2025\/10\/IMG-20251022-WA0052.jpg?resize=768%2C512&amp;ssl=1 768w\" sizes=\"(max-width: 640px) 100vw, 640px\" \/><\/figure>\n\n\n\n<p><strong>Une formation \u00e0 la fois holistique, vulgarisatrice, pratique et internationale<\/strong><\/p>\n\n\n\n<p>Cette session se distingue par quatre particularit\u00e9s majeures :<\/p>\n\n\n\n<ol class=\"wp-block-list\">\n<li><strong>Un caract\u00e8re holistique<\/strong><br>Elle fournit les indications sur contentieux relatifs \u00e0 tous les types de pr\u00e9l\u00e8vements organis\u00e9s par le syst\u00e8me fiscal congolais : recettes d\u2019imp\u00f4t, recettes non fiscales, droits de douane et d\u2019accises, ainsi que la parafiscalit\u00e9, tant au niveau central que provincial.<\/li>\n<\/ol>\n\n\n\n<figure class=\"wp-block-image alignfull size-full\"><img data-recalc-dims=\"1\" loading=\"lazy\" decoding=\"async\" width=\"640\" height=\"426\" src=\"https:\/\/i0.wp.com\/infos-droitshumains.net\/wp-content\/uploads\/2025\/10\/IMG-20251022-WA0060.jpg?resize=640%2C426&#038;ssl=1\" alt=\"\" class=\"wp-image-16558\" srcset=\"https:\/\/i0.wp.com\/infos-droitshumains.net\/wp-content\/uploads\/2025\/10\/IMG-20251022-WA0060.jpg?w=1024&amp;ssl=1 1024w, https:\/\/i0.wp.com\/infos-droitshumains.net\/wp-content\/uploads\/2025\/10\/IMG-20251022-WA0060.jpg?resize=300%2C200&amp;ssl=1 300w, https:\/\/i0.wp.com\/infos-droitshumains.net\/wp-content\/uploads\/2025\/10\/IMG-20251022-WA0060.jpg?resize=768%2C512&amp;ssl=1 768w\" sizes=\"(max-width: 640px) 100vw, 640px\" \/><\/figure>\n\n\n\n<ol start=\"2\" class=\"wp-block-list\">\n<li><strong>Un caract\u00e8re de vulgarisation<\/strong><br>La formation met un accent particulier sur les <strong><em>\u2018\u2019innovations r\u00e9centes\u2019\u2019<\/em><\/strong> introduites dans la fiscalit\u00e9 directe du pouvoir central, notamment la mise en place de l\u2019Imp\u00f4t sur le Revenu des Personnes Physiques (IRPP) et de l\u2019Imp\u00f4t sur les Soci\u00e9t\u00e9s (IS). Les participants seront ainsi inform\u00e9s des changements majeurs pr\u00e9vus d\u00e8s le 1er janvier 2026, tant sur le fond que sur les proc\u00e9dures.<\/li>\n<\/ol>\n\n\n\n<figure class=\"wp-block-image alignfull size-full\"><img data-recalc-dims=\"1\" loading=\"lazy\" decoding=\"async\" width=\"640\" height=\"426\" src=\"https:\/\/i0.wp.com\/infos-droitshumains.net\/wp-content\/uploads\/2025\/10\/IMG-20251022-WA0063.jpg?resize=640%2C426&#038;ssl=1\" alt=\"\" class=\"wp-image-16560\" srcset=\"https:\/\/i0.wp.com\/infos-droitshumains.net\/wp-content\/uploads\/2025\/10\/IMG-20251022-WA0063.jpg?w=1024&amp;ssl=1 1024w, https:\/\/i0.wp.com\/infos-droitshumains.net\/wp-content\/uploads\/2025\/10\/IMG-20251022-WA0063.jpg?resize=300%2C200&amp;ssl=1 300w, https:\/\/i0.wp.com\/infos-droitshumains.net\/wp-content\/uploads\/2025\/10\/IMG-20251022-WA0063.jpg?resize=768%2C512&amp;ssl=1 768w\" sizes=\"(max-width: 640px) 100vw, 640px\" \/><\/figure>\n\n\n\n<ol start=\"2\" class=\"wp-block-list\">\n<li><strong>Un caract\u00e8re pratique<\/strong><br>Contrairement aux expos\u00e9s purement acad\u00e9mique, la formation adopte une approche pragmatique : les \u00e9changes sont nourris d\u2019exemples concrets, de conseils op\u00e9rationnels adapt\u00e9s aux r\u00e9alit\u00e9s du terrain avec dans la mesure du possible, des illustrations fond\u00e9es sur des cas pratiques ainsi que des conseils diligents aux participants\u00a0;<\/li>\n<\/ol>\n\n\n\n<figure class=\"wp-block-image alignfull size-full\"><img data-recalc-dims=\"1\" loading=\"lazy\" decoding=\"async\" width=\"640\" height=\"426\" src=\"https:\/\/i0.wp.com\/infos-droitshumains.net\/wp-content\/uploads\/2025\/10\/IMG-20251022-WA0081.jpg?resize=640%2C426&#038;ssl=1\" alt=\"\" class=\"wp-image-16557\" srcset=\"https:\/\/i0.wp.com\/infos-droitshumains.net\/wp-content\/uploads\/2025\/10\/IMG-20251022-WA0081.jpg?w=1024&amp;ssl=1 1024w, https:\/\/i0.wp.com\/infos-droitshumains.net\/wp-content\/uploads\/2025\/10\/IMG-20251022-WA0081.jpg?resize=300%2C200&amp;ssl=1 300w, https:\/\/i0.wp.com\/infos-droitshumains.net\/wp-content\/uploads\/2025\/10\/IMG-20251022-WA0081.jpg?resize=768%2C512&amp;ssl=1 768w\" sizes=\"(max-width: 640px) 100vw, 640px\" \/><\/figure>\n\n\n\n<ol start=\"2\" class=\"wp-block-list\">\n<li><strong>Un caract\u00e8re international<\/strong><br>Ce programme b\u00e9n\u00e9ficie de l\u2019expertise d\u2019intervenants congolais et \u00e9trangers, notamment de Belgique et du Congo-Brazzaville, renfor\u00e7ant ainsi l\u2019ouverture et la qualit\u00e9 des \u00e9changes.<\/li>\n<\/ol>\n\n\n\n<p><strong>Un pas de plus vers une meilleure gouvernance fiscale<\/strong><\/p>\n\n\n\n<p>A l\u2019issue de cette formation souligne Me. Beaugars Mpembi, <em>\u00ab&nbsp;nous visons la parfaite connaissance du syst\u00e8me fiscal congolais, la parfaite connaissance des contentieux qui existent en mati\u00e8re fiscale. Lorsque vous \u00eates un contribuable et que l\u2019administration fiscale vous fait un redressement, quelle proc\u00e9dure suivre lorsque vous estimez que vos droits ont \u00e9t\u00e9 laiss\u00e9. A cela que nous voulons tendre, de telle sorte&nbsp; que les relations entre l\u2019administration fiscale et les contribuables soient des relations harmonieuses\u2026&nbsp;\u00bb<\/em><\/p>\n\n\n\n<figure class=\"wp-block-image alignfull size-full\"><img data-recalc-dims=\"1\" loading=\"lazy\" decoding=\"async\" width=\"640\" height=\"426\" src=\"https:\/\/i0.wp.com\/infos-droitshumains.net\/wp-content\/uploads\/2025\/10\/IMG-20251022-WA0083.jpg?resize=640%2C426&#038;ssl=1\" alt=\"\" class=\"wp-image-16562\" srcset=\"https:\/\/i0.wp.com\/infos-droitshumains.net\/wp-content\/uploads\/2025\/10\/IMG-20251022-WA0083.jpg?w=1024&amp;ssl=1 1024w, https:\/\/i0.wp.com\/infos-droitshumains.net\/wp-content\/uploads\/2025\/10\/IMG-20251022-WA0083.jpg?resize=300%2C200&amp;ssl=1 300w, https:\/\/i0.wp.com\/infos-droitshumains.net\/wp-content\/uploads\/2025\/10\/IMG-20251022-WA0083.jpg?resize=768%2C512&amp;ssl=1 768w\" sizes=\"(max-width: 640px) 100vw, 640px\" \/><\/figure>\n\n\n\n<p>En organisant cette formation, le Cabinet Mavinga Declerc &amp; Partners et l\u2019Universit\u00e9 de Li\u00e8ge\/Tax Institute contribuent activement au renforcement des capacit\u00e9s des acteurs du secteur minier et public. \u00c0 travers cette initiative, il s\u2019agit non seulement de moderniser la compr\u00e9hension du syst\u00e8me fiscal congolais, mais \u00e9galement de pr\u00e9parer les institutions concern\u00e9es \u00e0 mieux r\u00e9pondre aux exigences d\u2019un environnement \u00e9conomique en constante mutation. Cette collaboration illustre par ailleurs la volont\u00e9 commune des partenaires d\u2019\u00e9lever le niveau de comp\u00e9tence technique et de promouvoir une fiscalit\u00e9 plus \u00e9quitable, efficace et transparente au service du d\u00e9veloppement national.<\/p>\n\n\n\n<p>Jo\u00ebl Diawa<\/p>\n","protected":false},"excerpt":{"rendered":"<p>R\u00e9daction: +243 817 406 088 Le Cabinet Mavinga Declerc &amp; Partners, en collaboration avec l\u2019Universit\u00e9&#8230;<\/p>\n","protected":false},"author":2,"featured_media":16550,"comment_status":"open","ping_status":"open","sticky":false,"template":"","format":"standard","meta":{"_jetpack_memberships_contains_paid_content":false,"footnotes":""},"categories":[4,6],"tags":[],"class_list":["post-16547","post","type-post","status-publish","format-standard","has-post-thumbnail","hentry","category-eco","category-justice"],"yoast_head":"<!-- This site is optimized with the Yoast SEO plugin v27.5 - https:\/\/yoast.com\/product\/yoast-seo-wordpress\/ -->\n<title>Formation sur les finances publiques et la fiscalit\u00e9 : un partenariat entre le Cabinet Mavinga Declerc &amp; Partners et l\u2019Universit\u00e9 de Li\u00e8ge au service des acteurs du secteur minier - Infos Droits Humains<\/title>\n<meta name=\"robots\" content=\"index, follow, max-snippet:-1, max-image-preview:large, max-video-preview:-1\" \/>\n<link rel=\"canonical\" href=\"https:\/\/infos-droitshumains.net\/?p=16547\" \/>\n<meta property=\"og:locale\" content=\"fr_FR\" \/>\n<meta property=\"og:type\" content=\"article\" \/>\n<meta property=\"og:title\" content=\"Formation sur les finances publiques et la fiscalit\u00e9 : un partenariat entre le Cabinet Mavinga Declerc &amp; Partners et l\u2019Universit\u00e9 de Li\u00e8ge au service des acteurs du secteur minier - Infos Droits Humains\" \/>\n<meta property=\"og:description\" content=\"R\u00e9daction: +243 817 406 088 Le Cabinet Mavinga Declerc &amp; Partners, en collaboration avec l\u2019Universit\u00e9...\" \/>\n<meta property=\"og:url\" content=\"https:\/\/infos-droitshumains.net\/?p=16547\" \/>\n<meta property=\"og:site_name\" content=\"Infos Droits Humains\" \/>\n<meta property=\"article:published_time\" content=\"2025-10-23T08:43:09+00:00\" \/>\n<meta property=\"article:modified_time\" content=\"2025-10-23T08:52:53+00:00\" \/>\n<meta property=\"og:image\" content=\"https:\/\/infos-droitshumains.net\/wp-content\/uploads\/2025\/10\/IMG-20251022-WA0050.jpg\" \/>\n\t<meta property=\"og:image:width\" content=\"1024\" \/>\n\t<meta property=\"og:image:height\" content=\"682\" \/>\n\t<meta property=\"og:image:type\" content=\"image\/jpeg\" \/>\n<meta name=\"author\" content=\"Jo\u00ebl Diawa\" \/>\n<meta name=\"twitter:card\" content=\"summary_large_image\" \/>\n<meta name=\"twitter:label1\" content=\"\u00c9crit par\" \/>\n\t<meta name=\"twitter:data1\" content=\"Jo\u00ebl Diawa\" \/>\n\t<meta name=\"twitter:label2\" content=\"Dur\u00e9e de lecture estim\u00e9e\" \/>\n\t<meta name=\"twitter:data2\" content=\"6 minutes\" \/>\n<script type=\"application\/ld+json\" class=\"yoast-schema-graph\">{\"@context\":\"https:\\\/\\\/schema.org\",\"@graph\":[{\"@type\":\"Article\",\"@id\":\"https:\\\/\\\/infos-droitshumains.net\\\/?p=16547#article\",\"isPartOf\":{\"@id\":\"https:\\\/\\\/infos-droitshumains.net\\\/?p=16547\"},\"author\":{\"name\":\"Jo\u00ebl Diawa\",\"@id\":\"https:\\\/\\\/infos-droitshumains.net\\\/#\\\/schema\\\/person\\\/3dc5e921c3302172e0ed4362f96faab7\"},\"headline\":\"Formation sur les finances publiques et la fiscalit\u00e9 : un partenariat entre le Cabinet Mavinga Declerc &amp; Partners et l\u2019Universit\u00e9 de Li\u00e8ge au service des acteurs du secteur minier\",\"datePublished\":\"2025-10-23T08:43:09+00:00\",\"dateModified\":\"2025-10-23T08:52:53+00:00\",\"mainEntityOfPage\":{\"@id\":\"https:\\\/\\\/infos-droitshumains.net\\\/?p=16547\"},\"wordCount\":896,\"commentCount\":0,\"publisher\":{\"@id\":\"https:\\\/\\\/infos-droitshumains.net\\\/#organization\"},\"image\":{\"@id\":\"https:\\\/\\\/infos-droitshumains.net\\\/?p=16547#primaryimage\"},\"thumbnailUrl\":\"https:\\\/\\\/i0.wp.com\\\/infos-droitshumains.net\\\/wp-content\\\/uploads\\\/2025\\\/10\\\/IMG-20251022-WA0050.jpg?fit=1024%2C682&ssl=1\",\"articleSection\":[\"Economie\",\"Justice\"],\"inLanguage\":\"fr-FR\",\"potentialAction\":[{\"@type\":\"CommentAction\",\"name\":\"Comment\",\"target\":[\"https:\\\/\\\/infos-droitshumains.net\\\/?p=16547#respond\"]}]},{\"@type\":\"WebPage\",\"@id\":\"https:\\\/\\\/infos-droitshumains.net\\\/?p=16547\",\"url\":\"https:\\\/\\\/infos-droitshumains.net\\\/?p=16547\",\"name\":\"Formation sur les finances publiques et la fiscalit\u00e9 : un partenariat entre le Cabinet Mavinga Declerc &amp; Partners et l\u2019Universit\u00e9 de Li\u00e8ge au service des acteurs du secteur minier - Infos Droits Humains\",\"isPartOf\":{\"@id\":\"https:\\\/\\\/infos-droitshumains.net\\\/#website\"},\"primaryImageOfPage\":{\"@id\":\"https:\\\/\\\/infos-droitshumains.net\\\/?p=16547#primaryimage\"},\"image\":{\"@id\":\"https:\\\/\\\/infos-droitshumains.net\\\/?p=16547#primaryimage\"},\"thumbnailUrl\":\"https:\\\/\\\/i0.wp.com\\\/infos-droitshumains.net\\\/wp-content\\\/uploads\\\/2025\\\/10\\\/IMG-20251022-WA0050.jpg?fit=1024%2C682&ssl=1\",\"datePublished\":\"2025-10-23T08:43:09+00:00\",\"dateModified\":\"2025-10-23T08:52:53+00:00\",\"breadcrumb\":{\"@id\":\"https:\\\/\\\/infos-droitshumains.net\\\/?p=16547#breadcrumb\"},\"inLanguage\":\"fr-FR\",\"potentialAction\":[{\"@type\":\"ReadAction\",\"target\":[\"https:\\\/\\\/infos-droitshumains.net\\\/?p=16547\"]}]},{\"@type\":\"ImageObject\",\"inLanguage\":\"fr-FR\",\"@id\":\"https:\\\/\\\/infos-droitshumains.net\\\/?p=16547#primaryimage\",\"url\":\"https:\\\/\\\/i0.wp.com\\\/infos-droitshumains.net\\\/wp-content\\\/uploads\\\/2025\\\/10\\\/IMG-20251022-WA0050.jpg?fit=1024%2C682&ssl=1\",\"contentUrl\":\"https:\\\/\\\/i0.wp.com\\\/infos-droitshumains.net\\\/wp-content\\\/uploads\\\/2025\\\/10\\\/IMG-20251022-WA0050.jpg?fit=1024%2C682&ssl=1\",\"width\":1024,\"height\":682},{\"@type\":\"BreadcrumbList\",\"@id\":\"https:\\\/\\\/infos-droitshumains.net\\\/?p=16547#breadcrumb\",\"itemListElement\":[{\"@type\":\"ListItem\",\"position\":1,\"name\":\"Accueil\",\"item\":\"https:\\\/\\\/infos-droitshumains.net\\\/\"},{\"@type\":\"ListItem\",\"position\":2,\"name\":\"Formation sur les finances publiques et la fiscalit\u00e9 : un partenariat entre le Cabinet Mavinga Declerc &amp; Partners et l\u2019Universit\u00e9 de Li\u00e8ge au service des acteurs du secteur minier\"}]},{\"@type\":\"WebSite\",\"@id\":\"https:\\\/\\\/infos-droitshumains.net\\\/#website\",\"url\":\"https:\\\/\\\/infos-droitshumains.net\\\/\",\"name\":\"Infos Droits Humains\",\"description\":\"S&#039;informer est un droit\",\"publisher\":{\"@id\":\"https:\\\/\\\/infos-droitshumains.net\\\/#organization\"},\"potentialAction\":[{\"@type\":\"SearchAction\",\"target\":{\"@type\":\"EntryPoint\",\"urlTemplate\":\"https:\\\/\\\/infos-droitshumains.net\\\/?s={search_term_string}\"},\"query-input\":{\"@type\":\"PropertyValueSpecification\",\"valueRequired\":true,\"valueName\":\"search_term_string\"}}],\"inLanguage\":\"fr-FR\"},{\"@type\":\"Organization\",\"@id\":\"https:\\\/\\\/infos-droitshumains.net\\\/#organization\",\"name\":\"Infos Droits Humains\",\"url\":\"https:\\\/\\\/infos-droitshumains.net\\\/\",\"logo\":{\"@type\":\"ImageObject\",\"inLanguage\":\"fr-FR\",\"@id\":\"https:\\\/\\\/infos-droitshumains.net\\\/#\\\/schema\\\/logo\\\/image\\\/\",\"url\":\"https:\\\/\\\/i0.wp.com\\\/infos-droitshumains.net\\\/wp-content\\\/uploads\\\/2022\\\/05\\\/Logo.png?fit=333%2C129&ssl=1\",\"contentUrl\":\"https:\\\/\\\/i0.wp.com\\\/infos-droitshumains.net\\\/wp-content\\\/uploads\\\/2022\\\/05\\\/Logo.png?fit=333%2C129&ssl=1\",\"width\":333,\"height\":129,\"caption\":\"Infos Droits Humains\"},\"image\":{\"@id\":\"https:\\\/\\\/infos-droitshumains.net\\\/#\\\/schema\\\/logo\\\/image\\\/\"}},{\"@type\":\"Person\",\"@id\":\"https:\\\/\\\/infos-droitshumains.net\\\/#\\\/schema\\\/person\\\/3dc5e921c3302172e0ed4362f96faab7\",\"name\":\"Jo\u00ebl Diawa\",\"image\":{\"@type\":\"ImageObject\",\"inLanguage\":\"fr-FR\",\"@id\":\"https:\\\/\\\/secure.gravatar.com\\\/avatar\\\/729bea6ff4604c624417803c477363be8e3c7186deaa65713313f9b4b820f41c?s=96&d=mm&r=g\",\"url\":\"https:\\\/\\\/secure.gravatar.com\\\/avatar\\\/729bea6ff4604c624417803c477363be8e3c7186deaa65713313f9b4b820f41c?s=96&d=mm&r=g\",\"contentUrl\":\"https:\\\/\\\/secure.gravatar.com\\\/avatar\\\/729bea6ff4604c624417803c477363be8e3c7186deaa65713313f9b4b820f41c?s=96&d=mm&r=g\",\"caption\":\"Jo\u00ebl Diawa\"},\"sameAs\":[\"https:\\\/\\\/www.infos-droitshumains.net\"],\"url\":\"https:\\\/\\\/infos-droitshumains.net\\\/?author=2\"}]}<\/script>\n<!-- \/ Yoast SEO plugin. -->","yoast_head_json":{"title":"Formation sur les finances publiques et la fiscalit\u00e9 : un partenariat entre le Cabinet Mavinga Declerc &amp; Partners et l\u2019Universit\u00e9 de Li\u00e8ge au service des acteurs du secteur minier - Infos Droits Humains","robots":{"index":"index","follow":"follow","max-snippet":"max-snippet:-1","max-image-preview":"max-image-preview:large","max-video-preview":"max-video-preview:-1"},"canonical":"https:\/\/infos-droitshumains.net\/?p=16547","og_locale":"fr_FR","og_type":"article","og_title":"Formation sur les finances publiques et la fiscalit\u00e9 : un partenariat entre le Cabinet Mavinga Declerc &amp; Partners et l\u2019Universit\u00e9 de Li\u00e8ge au service des acteurs du secteur minier - Infos Droits Humains","og_description":"R\u00e9daction: +243 817 406 088 Le Cabinet Mavinga Declerc &amp; Partners, en collaboration avec l\u2019Universit\u00e9...","og_url":"https:\/\/infos-droitshumains.net\/?p=16547","og_site_name":"Infos Droits Humains","article_published_time":"2025-10-23T08:43:09+00:00","article_modified_time":"2025-10-23T08:52:53+00:00","og_image":[{"width":1024,"height":682,"url":"https:\/\/infos-droitshumains.net\/wp-content\/uploads\/2025\/10\/IMG-20251022-WA0050.jpg","type":"image\/jpeg"}],"author":"Jo\u00ebl Diawa","twitter_card":"summary_large_image","twitter_misc":{"\u00c9crit par":"Jo\u00ebl Diawa","Dur\u00e9e de lecture estim\u00e9e":"6 minutes"},"schema":{"@context":"https:\/\/schema.org","@graph":[{"@type":"Article","@id":"https:\/\/infos-droitshumains.net\/?p=16547#article","isPartOf":{"@id":"https:\/\/infos-droitshumains.net\/?p=16547"},"author":{"name":"Jo\u00ebl Diawa","@id":"https:\/\/infos-droitshumains.net\/#\/schema\/person\/3dc5e921c3302172e0ed4362f96faab7"},"headline":"Formation sur les finances publiques et la fiscalit\u00e9 : un partenariat entre le Cabinet Mavinga Declerc &amp; Partners et l\u2019Universit\u00e9 de Li\u00e8ge au service des acteurs du secteur minier","datePublished":"2025-10-23T08:43:09+00:00","dateModified":"2025-10-23T08:52:53+00:00","mainEntityOfPage":{"@id":"https:\/\/infos-droitshumains.net\/?p=16547"},"wordCount":896,"commentCount":0,"publisher":{"@id":"https:\/\/infos-droitshumains.net\/#organization"},"image":{"@id":"https:\/\/infos-droitshumains.net\/?p=16547#primaryimage"},"thumbnailUrl":"https:\/\/i0.wp.com\/infos-droitshumains.net\/wp-content\/uploads\/2025\/10\/IMG-20251022-WA0050.jpg?fit=1024%2C682&ssl=1","articleSection":["Economie","Justice"],"inLanguage":"fr-FR","potentialAction":[{"@type":"CommentAction","name":"Comment","target":["https:\/\/infos-droitshumains.net\/?p=16547#respond"]}]},{"@type":"WebPage","@id":"https:\/\/infos-droitshumains.net\/?p=16547","url":"https:\/\/infos-droitshumains.net\/?p=16547","name":"Formation sur les finances publiques et la fiscalit\u00e9 : un partenariat entre le Cabinet Mavinga Declerc &amp; Partners et l\u2019Universit\u00e9 de Li\u00e8ge au service des acteurs du secteur minier - Infos Droits Humains","isPartOf":{"@id":"https:\/\/infos-droitshumains.net\/#website"},"primaryImageOfPage":{"@id":"https:\/\/infos-droitshumains.net\/?p=16547#primaryimage"},"image":{"@id":"https:\/\/infos-droitshumains.net\/?p=16547#primaryimage"},"thumbnailUrl":"https:\/\/i0.wp.com\/infos-droitshumains.net\/wp-content\/uploads\/2025\/10\/IMG-20251022-WA0050.jpg?fit=1024%2C682&ssl=1","datePublished":"2025-10-23T08:43:09+00:00","dateModified":"2025-10-23T08:52:53+00:00","breadcrumb":{"@id":"https:\/\/infos-droitshumains.net\/?p=16547#breadcrumb"},"inLanguage":"fr-FR","potentialAction":[{"@type":"ReadAction","target":["https:\/\/infos-droitshumains.net\/?p=16547"]}]},{"@type":"ImageObject","inLanguage":"fr-FR","@id":"https:\/\/infos-droitshumains.net\/?p=16547#primaryimage","url":"https:\/\/i0.wp.com\/infos-droitshumains.net\/wp-content\/uploads\/2025\/10\/IMG-20251022-WA0050.jpg?fit=1024%2C682&ssl=1","contentUrl":"https:\/\/i0.wp.com\/infos-droitshumains.net\/wp-content\/uploads\/2025\/10\/IMG-20251022-WA0050.jpg?fit=1024%2C682&ssl=1","width":1024,"height":682},{"@type":"BreadcrumbList","@id":"https:\/\/infos-droitshumains.net\/?p=16547#breadcrumb","itemListElement":[{"@type":"ListItem","position":1,"name":"Accueil","item":"https:\/\/infos-droitshumains.net\/"},{"@type":"ListItem","position":2,"name":"Formation sur les finances publiques et la fiscalit\u00e9 : un partenariat entre le Cabinet Mavinga Declerc &amp; Partners et l\u2019Universit\u00e9 de Li\u00e8ge au service des acteurs du secteur minier"}]},{"@type":"WebSite","@id":"https:\/\/infos-droitshumains.net\/#website","url":"https:\/\/infos-droitshumains.net\/","name":"Infos Droits Humains","description":"S&#039;informer est un droit","publisher":{"@id":"https:\/\/infos-droitshumains.net\/#organization"},"potentialAction":[{"@type":"SearchAction","target":{"@type":"EntryPoint","urlTemplate":"https:\/\/infos-droitshumains.net\/?s={search_term_string}"},"query-input":{"@type":"PropertyValueSpecification","valueRequired":true,"valueName":"search_term_string"}}],"inLanguage":"fr-FR"},{"@type":"Organization","@id":"https:\/\/infos-droitshumains.net\/#organization","name":"Infos Droits Humains","url":"https:\/\/infos-droitshumains.net\/","logo":{"@type":"ImageObject","inLanguage":"fr-FR","@id":"https:\/\/infos-droitshumains.net\/#\/schema\/logo\/image\/","url":"https:\/\/i0.wp.com\/infos-droitshumains.net\/wp-content\/uploads\/2022\/05\/Logo.png?fit=333%2C129&ssl=1","contentUrl":"https:\/\/i0.wp.com\/infos-droitshumains.net\/wp-content\/uploads\/2022\/05\/Logo.png?fit=333%2C129&ssl=1","width":333,"height":129,"caption":"Infos Droits Humains"},"image":{"@id":"https:\/\/infos-droitshumains.net\/#\/schema\/logo\/image\/"}},{"@type":"Person","@id":"https:\/\/infos-droitshumains.net\/#\/schema\/person\/3dc5e921c3302172e0ed4362f96faab7","name":"Jo\u00ebl Diawa","image":{"@type":"ImageObject","inLanguage":"fr-FR","@id":"https:\/\/secure.gravatar.com\/avatar\/729bea6ff4604c624417803c477363be8e3c7186deaa65713313f9b4b820f41c?s=96&d=mm&r=g","url":"https:\/\/secure.gravatar.com\/avatar\/729bea6ff4604c624417803c477363be8e3c7186deaa65713313f9b4b820f41c?s=96&d=mm&r=g","contentUrl":"https:\/\/secure.gravatar.com\/avatar\/729bea6ff4604c624417803c477363be8e3c7186deaa65713313f9b4b820f41c?s=96&d=mm&r=g","caption":"Jo\u00ebl Diawa"},"sameAs":["https:\/\/www.infos-droitshumains.net"],"url":"https:\/\/infos-droitshumains.net\/?author=2"}]}},"featured_image_urls":{"full":["https:\/\/i0.wp.com\/infos-droitshumains.net\/wp-content\/uploads\/2025\/10\/IMG-20251022-WA0050.jpg?fit=1024%2C682&ssl=1",1024,682,false],"thumbnail":["https:\/\/i0.wp.com\/infos-droitshumains.net\/wp-content\/uploads\/2025\/10\/IMG-20251022-WA0050.jpg?resize=150%2C150&ssl=1",150,150,true],"medium":["https:\/\/i0.wp.com\/infos-droitshumains.net\/wp-content\/uploads\/2025\/10\/IMG-20251022-WA0050.jpg?fit=300%2C200&ssl=1",300,200,true],"medium_large":["https:\/\/i0.wp.com\/infos-droitshumains.net\/wp-content\/uploads\/2025\/10\/IMG-20251022-WA0050.jpg?fit=640%2C427&ssl=1",640,427,true],"large":["https:\/\/i0.wp.com\/infos-droitshumains.net\/wp-content\/uploads\/2025\/10\/IMG-20251022-WA0050.jpg?fit=640%2C426&ssl=1",640,426,true],"1536x1536":["https:\/\/i0.wp.com\/infos-droitshumains.net\/wp-content\/uploads\/2025\/10\/IMG-20251022-WA0050.jpg?fit=1024%2C682&ssl=1",1024,682,true],"2048x2048":["https:\/\/i0.wp.com\/infos-droitshumains.net\/wp-content\/uploads\/2025\/10\/IMG-20251022-WA0050.jpg?fit=1024%2C682&ssl=1",1024,682,true],"covernews-slider-full":["https:\/\/i0.wp.com\/infos-droitshumains.net\/wp-content\/uploads\/2025\/10\/IMG-20251022-WA0050.jpg?resize=1024%2C682&ssl=1",1024,682,true],"covernews-slider-center":["https:\/\/i0.wp.com\/infos-droitshumains.net\/wp-content\/uploads\/2025\/10\/IMG-20251022-WA0050.jpg?resize=800%2C500&ssl=1",800,500,true],"covernews-featured":["https:\/\/i0.wp.com\/infos-droitshumains.net\/wp-content\/uploads\/2025\/10\/IMG-20251022-WA0050.jpg?fit=1024%2C682&ssl=1",1024,682,true],"covernews-medium":["https:\/\/i0.wp.com\/infos-droitshumains.net\/wp-content\/uploads\/2025\/10\/IMG-20251022-WA0050.jpg?resize=540%2C340&ssl=1",540,340,true],"covernews-medium-square":["https:\/\/i0.wp.com\/infos-droitshumains.net\/wp-content\/uploads\/2025\/10\/IMG-20251022-WA0050.jpg?resize=400%2C250&ssl=1",400,250,true]},"author_info":{"display_name":"Jo\u00ebl Diawa","author_link":"https:\/\/infos-droitshumains.net\/?author=2"},"category_info":"<a href=\"https:\/\/infos-droitshumains.net\/?cat=4\" rel=\"category\">Economie<\/a> <a href=\"https:\/\/infos-droitshumains.net\/?cat=6\" rel=\"category\">Justice<\/a>","tag_info":"Justice","comment_count":"0","jetpack_featured_media_url":"https:\/\/i0.wp.com\/infos-droitshumains.net\/wp-content\/uploads\/2025\/10\/IMG-20251022-WA0050.jpg?fit=1024%2C682&ssl=1","jetpack-related-posts":[],"jetpack_sharing_enabled":true,"_links":{"self":[{"href":"https:\/\/infos-droitshumains.net\/index.php?rest_route=\/wp\/v2\/posts\/16547","targetHints":{"allow":["GET"]}}],"collection":[{"href":"https:\/\/infos-droitshumains.net\/index.php?rest_route=\/wp\/v2\/posts"}],"about":[{"href":"https:\/\/infos-droitshumains.net\/index.php?rest_route=\/wp\/v2\/types\/post"}],"author":[{"embeddable":true,"href":"https:\/\/infos-droitshumains.net\/index.php?rest_route=\/wp\/v2\/users\/2"}],"replies":[{"embeddable":true,"href":"https:\/\/infos-droitshumains.net\/index.php?rest_route=%2Fwp%2Fv2%2Fcomments&post=16547"}],"version-history":[{"count":4,"href":"https:\/\/infos-droitshumains.net\/index.php?rest_route=\/wp\/v2\/posts\/16547\/revisions"}],"predecessor-version":[{"id":16563,"href":"https:\/\/infos-droitshumains.net\/index.php?rest_route=\/wp\/v2\/posts\/16547\/revisions\/16563"}],"wp:featuredmedia":[{"embeddable":true,"href":"https:\/\/infos-droitshumains.net\/index.php?rest_route=\/wp\/v2\/media\/16550"}],"wp:attachment":[{"href":"https:\/\/infos-droitshumains.net\/index.php?rest_route=%2Fwp%2Fv2%2Fmedia&parent=16547"}],"wp:term":[{"taxonomy":"category","embeddable":true,"href":"https:\/\/infos-droitshumains.net\/index.php?rest_route=%2Fwp%2Fv2%2Fcategories&post=16547"},{"taxonomy":"post_tag","embeddable":true,"href":"https:\/\/infos-droitshumains.net\/index.php?rest_route=%2Fwp%2Fv2%2Ftags&post=16547"}],"curies":[{"name":"wp","href":"https:\/\/api.w.org\/{rel}","templated":true}]}}