{"id":16485,"date":"2025-10-21T13:49:08","date_gmt":"2025-10-21T11:49:08","guid":{"rendered":"https:\/\/infos-droitshumains.net\/?p=16485"},"modified":"2025-10-21T15:11:58","modified_gmt":"2025-10-21T13:11:58","slug":"tribunal-de-grande-instance-de-kinshasa-ndjili-la-visite-du-ministre-a-une-grande-valeur-a-nos-yeux-la-presidente-marthe-fikilini-kankolongo","status":"publish","type":"post","link":"https:\/\/infos-droitshumains.net\/?p=16485","title":{"rendered":"Tribunal de Grande Instance de Kinshasa\/N\u2019djili : La visite du Ministre a une grande valeur \u00e0 nos yeux (La Pr\u00e9sidente Marthe Fikilini Kankolongo)"},"content":{"rendered":"\n<p><strong>R\u00e9daction: +243 817 406 088<\/strong><\/p>\n\n\n\n<h3 class=\"wp-block-heading has-vivid-red-color has-text-color has-link-color wp-elements-ec16015a5b48c21589a042186e1bfc1e\">Depuis son accession \u00e0 la t\u00eate du Tribunal de Grande Instance de Kinshasa\/N\u2019djili, la Pr\u00e9sidente Marthe Fikilini Kankolongo s\u2019est engag\u00e9e dans une dynamique de r\u00e9forme et de modernisation de cette juridiction. Gr\u00e2ce \u00e0 son leadership, d\u2019importants travaux de r\u00e9habilitation ont \u00e9t\u00e9 entrepris, notamment la r\u00e9novation du b\u00e2timent principal, des salles d\u2019audience et des bureaux administratifs. Ce lundi, ces efforts ont attir\u00e9 l\u2019attention des plus hautes autorit\u00e9s du pays. Le Ministre d\u2019\u00c9tat, Ministre de la Justice et Garde des Sceaux, Guillaume Ngefa, a effectu\u00e9 une visite officielle au sein du tribunal. Objectif : constater de visu les conditions dans lesquelles les magistrats exercent leur m\u00e9tier.<\/h3>\n\n\n\n<figure class=\"wp-block-image alignfull size-large\"><img data-recalc-dims=\"1\" fetchpriority=\"high\" decoding=\"async\" width=\"640\" height=\"424\" src=\"https:\/\/i0.wp.com\/infos-droitshumains.net\/wp-content\/uploads\/2025\/10\/1000564625.jpg?resize=640%2C424&#038;ssl=1\" alt=\"\" class=\"wp-image-16502\" srcset=\"https:\/\/i0.wp.com\/infos-droitshumains.net\/wp-content\/uploads\/2025\/10\/1000564625.jpg?resize=1024%2C678&amp;ssl=1 1024w, https:\/\/i0.wp.com\/infos-droitshumains.net\/wp-content\/uploads\/2025\/10\/1000564625.jpg?resize=300%2C199&amp;ssl=1 300w, https:\/\/i0.wp.com\/infos-droitshumains.net\/wp-content\/uploads\/2025\/10\/1000564625.jpg?resize=768%2C508&amp;ssl=1 768w, https:\/\/i0.wp.com\/infos-droitshumains.net\/wp-content\/uploads\/2025\/10\/1000564625.jpg?w=1080&amp;ssl=1 1080w\" sizes=\"(max-width: 640px) 100vw, 640px\" \/><\/figure>\n\n\n\n<p><strong>Une visite salu\u00e9e comme un signal fort<\/strong><\/p>\n\n\n\n<p>\u00c0 l\u2019issue de cette visite, la Pr\u00e9sidente Marthe Fikilini n\u2019a pas cach\u00e9 sa satisfaction. Dans une d\u00e9claration \u00e0 la presse, elle a soulign\u00e9 l\u2019importance de cette d\u00e9marche :<\/p>\n\n\n\n<p><em>\u00ab La visite du Ministre a une grande valeur \u00e0 nos yeux. Il est venu constater lui-m\u00eame les conditions de travail des magistrats, ce qui est essentiel avant de critiquer les dysfonctionnements souvent d\u00e9cri\u00e9s dans la justice. Trop souvent, on ignore \u00e0 quel point les conditions de travail sont pr\u00e9caires. \u00bb<\/em><\/p>\n\n\n\n<figure class=\"wp-block-image alignfull size-large\"><img data-recalc-dims=\"1\" decoding=\"async\" width=\"640\" height=\"428\" src=\"https:\/\/i0.wp.com\/infos-droitshumains.net\/wp-content\/uploads\/2025\/10\/1000564494.jpg?resize=640%2C428&#038;ssl=1\" alt=\"\" class=\"wp-image-16497\" srcset=\"https:\/\/i0.wp.com\/infos-droitshumains.net\/wp-content\/uploads\/2025\/10\/1000564494.jpg?resize=1024%2C684&amp;ssl=1 1024w, https:\/\/i0.wp.com\/infos-droitshumains.net\/wp-content\/uploads\/2025\/10\/1000564494.jpg?resize=300%2C200&amp;ssl=1 300w, https:\/\/i0.wp.com\/infos-droitshumains.net\/wp-content\/uploads\/2025\/10\/1000564494.jpg?resize=768%2C513&amp;ssl=1 768w, https:\/\/i0.wp.com\/infos-droitshumains.net\/wp-content\/uploads\/2025\/10\/1000564494.jpg?w=1070&amp;ssl=1 1070w\" sizes=\"(max-width: 640px) 100vw, 640px\" \/><\/figure>\n\n\n\n<p>Selon la Pr\u00e9sidente, cette visite constitue un premier pas vers un v\u00e9ritable plaidoyer en faveur de l\u2019am\u00e9lioration des conditions de travail dans la magistrature. Le Ministre a pris le temps de parcourir les bureaux, d\u2019\u00e9changer avec les personnels, et de constater les nombreuses difficult\u00e9s auxquelles ils font face.<\/p>\n\n\n\n<p><strong>Des d\u00e9fis encore nombreux<\/strong><\/p>\n\n\n\n<p>Malgr\u00e9 les initiatives d\u00e9j\u00e0 mises en \u0153uvre, Marthe Fikilini rappelle que de nombreux d\u00e9fis subsistent. Le tribunal souffre encore d\u2019un manque criant de moyens mat\u00e9riels et humains :<\/p>\n\n\n\n<p><em>\u00ab Il y a trop de magistrats entass\u00e9s dans de petits bureaux, souvent mal \u00e9clair\u00e9s et mal ventil\u00e9s. L\u2019effectif est insuffisant, l\u2019administration n\u2019est pas suffisamment fournie, et nous manquons d\u2019outils informatiques adapt\u00e9s. \u00bb<\/em><\/p>\n\n\n\n<figure class=\"wp-block-image alignfull size-large\"><img data-recalc-dims=\"1\" decoding=\"async\" width=\"640\" height=\"424\" src=\"https:\/\/i0.wp.com\/infos-droitshumains.net\/wp-content\/uploads\/2025\/10\/1000564628.jpg?resize=640%2C424&#038;ssl=1\" alt=\"\" class=\"wp-image-16505\" srcset=\"https:\/\/i0.wp.com\/infos-droitshumains.net\/wp-content\/uploads\/2025\/10\/1000564628.jpg?resize=1024%2C678&amp;ssl=1 1024w, https:\/\/i0.wp.com\/infos-droitshumains.net\/wp-content\/uploads\/2025\/10\/1000564628.jpg?resize=300%2C199&amp;ssl=1 300w, https:\/\/i0.wp.com\/infos-droitshumains.net\/wp-content\/uploads\/2025\/10\/1000564628.jpg?resize=768%2C508&amp;ssl=1 768w, https:\/\/i0.wp.com\/infos-droitshumains.net\/wp-content\/uploads\/2025\/10\/1000564628.jpg?w=1080&amp;ssl=1 1080w\" sizes=\"(max-width: 640px) 100vw, 640px\" \/><\/figure>\n\n\n\n<p>Elle souligne \u00e9galement que ces conditions de travail d\u00e9grad\u00e9es ont un impact direct sur la qualit\u00e9 et la c\u00e9l\u00e9rit\u00e9 de la justice rendue.<\/p>\n\n\n\n<p><strong>Un appel \u00e0 l\u2019action concr\u00e8te<\/strong><\/p>\n\n\n\n<p>Pour la Pr\u00e9sidente du tribunal, il est d\u00e9sormais temps de passer des constats aux actes. Elle appelle \u00e0 une action gouvernementale d\u00e9cisive :<\/p>\n\n\n\n<p><em>\u00ab Les magistrats sont d\u00e9j\u00e0 engag\u00e9s et motiv\u00e9s, malgr\u00e9 les conditions difficiles. Si le gouvernement pouvait s\u2019investir r\u00e9ellement dans l\u2019am\u00e9lioration de leurs conditions de travail, les r\u00e9sultats seraient rapidement visibles. \u00bb<\/em><\/p>\n\n\n\n<figure class=\"wp-block-image alignfull size-large\"><img data-recalc-dims=\"1\" loading=\"lazy\" decoding=\"async\" width=\"640\" height=\"424\" src=\"https:\/\/i0.wp.com\/infos-droitshumains.net\/wp-content\/uploads\/2025\/10\/1000564731.jpg?resize=640%2C424&#038;ssl=1\" alt=\"\" class=\"wp-image-16507\" srcset=\"https:\/\/i0.wp.com\/infos-droitshumains.net\/wp-content\/uploads\/2025\/10\/1000564731.jpg?resize=1024%2C678&amp;ssl=1 1024w, https:\/\/i0.wp.com\/infos-droitshumains.net\/wp-content\/uploads\/2025\/10\/1000564731.jpg?resize=300%2C199&amp;ssl=1 300w, https:\/\/i0.wp.com\/infos-droitshumains.net\/wp-content\/uploads\/2025\/10\/1000564731.jpg?resize=768%2C508&amp;ssl=1 768w, https:\/\/i0.wp.com\/infos-droitshumains.net\/wp-content\/uploads\/2025\/10\/1000564731.jpg?w=1080&amp;ssl=1 1080w\" sizes=\"(max-width: 640px) 100vw, 640px\" \/><\/figure>\n\n\n\n<p>Marthe Fikilini se dit confiante quant aux intentions du Ministre Ngefa, qu\u2019elle d\u00e9crit comme sinc\u00e8rement pr\u00e9occup\u00e9 par la situation de la justice en RDC. Elle esp\u00e8re que cette visite ne restera pas un simple geste symbolique, mais qu\u2019elle d\u00e9bouchera sur des mesures concr\u00e8tes et durables. La visite du Ministre de la Justice au Tribunal de Grande Instance de Kinshasa\/N\u2019djili met en lumi\u00e8re les efforts m\u00e9ritoires entrepris par la Pr\u00e9sidente Marthe Fikilini Kankolongo, tout en soulignant les nombreux d\u00e9fis \u00e0 relever pour une justice plus \u00e9quitable et efficace. Une chose est s\u00fbre : le vent du changement souffle sur la magistrature, et les attentes sont d\u00e9sormais tourn\u00e9es vers le gouvernement pour accompagner ce mouvement vers la r\u00e9forme.<\/p>\n\n\n\n<p>Jo\u00ebl Diawa<\/p>\n","protected":false},"excerpt":{"rendered":"<p>R\u00e9daction: +243 817 406 088 Depuis son accession \u00e0 la t\u00eate du Tribunal de Grande&#8230;<\/p>\n","protected":false},"author":2,"featured_media":16493,"comment_status":"open","ping_status":"open","sticky":false,"template":"","format":"standard","meta":{"_jetpack_memberships_contains_paid_content":false,"footnotes":""},"categories":[6],"tags":[],"class_list":["post-16485","post","type-post","status-publish","format-standard","has-post-thumbnail","hentry","category-justice"],"yoast_head":"<!-- This site is optimized with the Yoast SEO plugin v27.5 - https:\/\/yoast.com\/product\/yoast-seo-wordpress\/ -->\n<title>Tribunal de Grande Instance de Kinshasa\/N\u2019djili : La visite du Ministre a une grande valeur \u00e0 nos yeux (La Pr\u00e9sidente Marthe Fikilini Kankolongo) - Infos Droits Humains<\/title>\n<meta name=\"robots\" content=\"index, follow, max-snippet:-1, max-image-preview:large, max-video-preview:-1\" \/>\n<link rel=\"canonical\" href=\"https:\/\/infos-droitshumains.net\/?p=16485\" \/>\n<meta property=\"og:locale\" content=\"fr_FR\" \/>\n<meta property=\"og:type\" content=\"article\" \/>\n<meta property=\"og:title\" content=\"Tribunal de Grande Instance de Kinshasa\/N\u2019djili : La visite du Ministre a une grande valeur \u00e0 nos yeux (La Pr\u00e9sidente Marthe Fikilini Kankolongo) - Infos Droits Humains\" \/>\n<meta property=\"og:description\" content=\"R\u00e9daction: +243 817 406 088 Depuis son accession \u00e0 la t\u00eate du Tribunal de Grande...\" \/>\n<meta property=\"og:url\" content=\"https:\/\/infos-droitshumains.net\/?p=16485\" \/>\n<meta property=\"og:site_name\" content=\"Infos Droits Humains\" \/>\n<meta property=\"article:published_time\" content=\"2025-10-21T11:49:08+00:00\" \/>\n<meta property=\"article:modified_time\" content=\"2025-10-21T13:11:58+00:00\" \/>\n<meta property=\"og:image\" content=\"https:\/\/infos-droitshumains.net\/wp-content\/uploads\/2025\/10\/IMG-20251021-WA0081.jpg\" \/>\n\t<meta property=\"og:image:width\" content=\"1080\" \/>\n\t<meta property=\"og:image:height\" content=\"715\" \/>\n\t<meta property=\"og:image:type\" content=\"image\/jpeg\" \/>\n<meta name=\"author\" content=\"Jo\u00ebl Diawa\" \/>\n<meta name=\"twitter:card\" content=\"summary_large_image\" \/>\n<meta name=\"twitter:label1\" content=\"\u00c9crit par\" \/>\n\t<meta name=\"twitter:data1\" content=\"Jo\u00ebl Diawa\" \/>\n\t<meta name=\"twitter:label2\" content=\"Dur\u00e9e de lecture estim\u00e9e\" \/>\n\t<meta name=\"twitter:data2\" content=\"4 minutes\" \/>\n<script type=\"application\/ld+json\" class=\"yoast-schema-graph\">{\"@context\":\"https:\\\/\\\/schema.org\",\"@graph\":[{\"@type\":\"Article\",\"@id\":\"https:\\\/\\\/infos-droitshumains.net\\\/?p=16485#article\",\"isPartOf\":{\"@id\":\"https:\\\/\\\/infos-droitshumains.net\\\/?p=16485\"},\"author\":{\"name\":\"Jo\u00ebl Diawa\",\"@id\":\"https:\\\/\\\/infos-droitshumains.net\\\/#\\\/schema\\\/person\\\/3dc5e921c3302172e0ed4362f96faab7\"},\"headline\":\"Tribunal de Grande Instance de Kinshasa\\\/N\u2019djili : La visite du Ministre a une grande valeur \u00e0 nos yeux (La Pr\u00e9sidente Marthe Fikilini Kankolongo)\",\"datePublished\":\"2025-10-21T11:49:08+00:00\",\"dateModified\":\"2025-10-21T13:11:58+00:00\",\"mainEntityOfPage\":{\"@id\":\"https:\\\/\\\/infos-droitshumains.net\\\/?p=16485\"},\"wordCount\":592,\"commentCount\":0,\"publisher\":{\"@id\":\"https:\\\/\\\/infos-droitshumains.net\\\/#organization\"},\"image\":{\"@id\":\"https:\\\/\\\/infos-droitshumains.net\\\/?p=16485#primaryimage\"},\"thumbnailUrl\":\"https:\\\/\\\/i0.wp.com\\\/infos-droitshumains.net\\\/wp-content\\\/uploads\\\/2025\\\/10\\\/IMG-20251021-WA0081.jpg?fit=1080%2C715&ssl=1\",\"articleSection\":[\"Justice\"],\"inLanguage\":\"fr-FR\",\"potentialAction\":[{\"@type\":\"CommentAction\",\"name\":\"Comment\",\"target\":[\"https:\\\/\\\/infos-droitshumains.net\\\/?p=16485#respond\"]}]},{\"@type\":\"WebPage\",\"@id\":\"https:\\\/\\\/infos-droitshumains.net\\\/?p=16485\",\"url\":\"https:\\\/\\\/infos-droitshumains.net\\\/?p=16485\",\"name\":\"Tribunal de Grande Instance de Kinshasa\\\/N\u2019djili : La visite du Ministre a une grande valeur \u00e0 nos yeux (La Pr\u00e9sidente Marthe Fikilini Kankolongo) - Infos Droits Humains\",\"isPartOf\":{\"@id\":\"https:\\\/\\\/infos-droitshumains.net\\\/#website\"},\"primaryImageOfPage\":{\"@id\":\"https:\\\/\\\/infos-droitshumains.net\\\/?p=16485#primaryimage\"},\"image\":{\"@id\":\"https:\\\/\\\/infos-droitshumains.net\\\/?p=16485#primaryimage\"},\"thumbnailUrl\":\"https:\\\/\\\/i0.wp.com\\\/infos-droitshumains.net\\\/wp-content\\\/uploads\\\/2025\\\/10\\\/IMG-20251021-WA0081.jpg?fit=1080%2C715&ssl=1\",\"datePublished\":\"2025-10-21T11:49:08+00:00\",\"dateModified\":\"2025-10-21T13:11:58+00:00\",\"breadcrumb\":{\"@id\":\"https:\\\/\\\/infos-droitshumains.net\\\/?p=16485#breadcrumb\"},\"inLanguage\":\"fr-FR\",\"potentialAction\":[{\"@type\":\"ReadAction\",\"target\":[\"https:\\\/\\\/infos-droitshumains.net\\\/?p=16485\"]}]},{\"@type\":\"ImageObject\",\"inLanguage\":\"fr-FR\",\"@id\":\"https:\\\/\\\/infos-droitshumains.net\\\/?p=16485#primaryimage\",\"url\":\"https:\\\/\\\/i0.wp.com\\\/infos-droitshumains.net\\\/wp-content\\\/uploads\\\/2025\\\/10\\\/IMG-20251021-WA0081.jpg?fit=1080%2C715&ssl=1\",\"contentUrl\":\"https:\\\/\\\/i0.wp.com\\\/infos-droitshumains.net\\\/wp-content\\\/uploads\\\/2025\\\/10\\\/IMG-20251021-WA0081.jpg?fit=1080%2C715&ssl=1\",\"width\":1080,\"height\":715},{\"@type\":\"BreadcrumbList\",\"@id\":\"https:\\\/\\\/infos-droitshumains.net\\\/?p=16485#breadcrumb\",\"itemListElement\":[{\"@type\":\"ListItem\",\"position\":1,\"name\":\"Accueil\",\"item\":\"https:\\\/\\\/infos-droitshumains.net\\\/\"},{\"@type\":\"ListItem\",\"position\":2,\"name\":\"Tribunal de Grande Instance de Kinshasa\\\/N\u2019djili : La visite du Ministre a une grande valeur \u00e0 nos yeux (La Pr\u00e9sidente Marthe Fikilini Kankolongo)\"}]},{\"@type\":\"WebSite\",\"@id\":\"https:\\\/\\\/infos-droitshumains.net\\\/#website\",\"url\":\"https:\\\/\\\/infos-droitshumains.net\\\/\",\"name\":\"Infos Droits Humains\",\"description\":\"S&#039;informer est un droit\",\"publisher\":{\"@id\":\"https:\\\/\\\/infos-droitshumains.net\\\/#organization\"},\"potentialAction\":[{\"@type\":\"SearchAction\",\"target\":{\"@type\":\"EntryPoint\",\"urlTemplate\":\"https:\\\/\\\/infos-droitshumains.net\\\/?s={search_term_string}\"},\"query-input\":{\"@type\":\"PropertyValueSpecification\",\"valueRequired\":true,\"valueName\":\"search_term_string\"}}],\"inLanguage\":\"fr-FR\"},{\"@type\":\"Organization\",\"@id\":\"https:\\\/\\\/infos-droitshumains.net\\\/#organization\",\"name\":\"Infos Droits Humains\",\"url\":\"https:\\\/\\\/infos-droitshumains.net\\\/\",\"logo\":{\"@type\":\"ImageObject\",\"inLanguage\":\"fr-FR\",\"@id\":\"https:\\\/\\\/infos-droitshumains.net\\\/#\\\/schema\\\/logo\\\/image\\\/\",\"url\":\"https:\\\/\\\/i0.wp.com\\\/infos-droitshumains.net\\\/wp-content\\\/uploads\\\/2022\\\/05\\\/Logo.png?fit=333%2C129&ssl=1\",\"contentUrl\":\"https:\\\/\\\/i0.wp.com\\\/infos-droitshumains.net\\\/wp-content\\\/uploads\\\/2022\\\/05\\\/Logo.png?fit=333%2C129&ssl=1\",\"width\":333,\"height\":129,\"caption\":\"Infos Droits Humains\"},\"image\":{\"@id\":\"https:\\\/\\\/infos-droitshumains.net\\\/#\\\/schema\\\/logo\\\/image\\\/\"}},{\"@type\":\"Person\",\"@id\":\"https:\\\/\\\/infos-droitshumains.net\\\/#\\\/schema\\\/person\\\/3dc5e921c3302172e0ed4362f96faab7\",\"name\":\"Jo\u00ebl Diawa\",\"image\":{\"@type\":\"ImageObject\",\"inLanguage\":\"fr-FR\",\"@id\":\"https:\\\/\\\/secure.gravatar.com\\\/avatar\\\/729bea6ff4604c624417803c477363be8e3c7186deaa65713313f9b4b820f41c?s=96&d=mm&r=g\",\"url\":\"https:\\\/\\\/secure.gravatar.com\\\/avatar\\\/729bea6ff4604c624417803c477363be8e3c7186deaa65713313f9b4b820f41c?s=96&d=mm&r=g\",\"contentUrl\":\"https:\\\/\\\/secure.gravatar.com\\\/avatar\\\/729bea6ff4604c624417803c477363be8e3c7186deaa65713313f9b4b820f41c?s=96&d=mm&r=g\",\"caption\":\"Jo\u00ebl Diawa\"},\"sameAs\":[\"https:\\\/\\\/www.infos-droitshumains.net\"],\"url\":\"https:\\\/\\\/infos-droitshumains.net\\\/?author=2\"}]}<\/script>\n<!-- \/ Yoast SEO plugin. -->","yoast_head_json":{"title":"Tribunal de Grande Instance de Kinshasa\/N\u2019djili : La visite du Ministre a une grande valeur \u00e0 nos yeux (La Pr\u00e9sidente Marthe Fikilini Kankolongo) - Infos Droits Humains","robots":{"index":"index","follow":"follow","max-snippet":"max-snippet:-1","max-image-preview":"max-image-preview:large","max-video-preview":"max-video-preview:-1"},"canonical":"https:\/\/infos-droitshumains.net\/?p=16485","og_locale":"fr_FR","og_type":"article","og_title":"Tribunal de Grande Instance de Kinshasa\/N\u2019djili : La visite du Ministre a une grande valeur \u00e0 nos yeux (La Pr\u00e9sidente Marthe Fikilini Kankolongo) - Infos Droits Humains","og_description":"R\u00e9daction: +243 817 406 088 Depuis son accession \u00e0 la t\u00eate du Tribunal de Grande...","og_url":"https:\/\/infos-droitshumains.net\/?p=16485","og_site_name":"Infos Droits Humains","article_published_time":"2025-10-21T11:49:08+00:00","article_modified_time":"2025-10-21T13:11:58+00:00","og_image":[{"width":1080,"height":715,"url":"https:\/\/infos-droitshumains.net\/wp-content\/uploads\/2025\/10\/IMG-20251021-WA0081.jpg","type":"image\/jpeg"}],"author":"Jo\u00ebl Diawa","twitter_card":"summary_large_image","twitter_misc":{"\u00c9crit par":"Jo\u00ebl Diawa","Dur\u00e9e de lecture estim\u00e9e":"4 minutes"},"schema":{"@context":"https:\/\/schema.org","@graph":[{"@type":"Article","@id":"https:\/\/infos-droitshumains.net\/?p=16485#article","isPartOf":{"@id":"https:\/\/infos-droitshumains.net\/?p=16485"},"author":{"name":"Jo\u00ebl Diawa","@id":"https:\/\/infos-droitshumains.net\/#\/schema\/person\/3dc5e921c3302172e0ed4362f96faab7"},"headline":"Tribunal de Grande Instance de Kinshasa\/N\u2019djili : La visite du Ministre a une grande valeur \u00e0 nos yeux (La Pr\u00e9sidente Marthe Fikilini Kankolongo)","datePublished":"2025-10-21T11:49:08+00:00","dateModified":"2025-10-21T13:11:58+00:00","mainEntityOfPage":{"@id":"https:\/\/infos-droitshumains.net\/?p=16485"},"wordCount":592,"commentCount":0,"publisher":{"@id":"https:\/\/infos-droitshumains.net\/#organization"},"image":{"@id":"https:\/\/infos-droitshumains.net\/?p=16485#primaryimage"},"thumbnailUrl":"https:\/\/i0.wp.com\/infos-droitshumains.net\/wp-content\/uploads\/2025\/10\/IMG-20251021-WA0081.jpg?fit=1080%2C715&ssl=1","articleSection":["Justice"],"inLanguage":"fr-FR","potentialAction":[{"@type":"CommentAction","name":"Comment","target":["https:\/\/infos-droitshumains.net\/?p=16485#respond"]}]},{"@type":"WebPage","@id":"https:\/\/infos-droitshumains.net\/?p=16485","url":"https:\/\/infos-droitshumains.net\/?p=16485","name":"Tribunal de Grande Instance de Kinshasa\/N\u2019djili : La visite du Ministre a une grande valeur \u00e0 nos yeux (La Pr\u00e9sidente Marthe Fikilini Kankolongo) - Infos Droits Humains","isPartOf":{"@id":"https:\/\/infos-droitshumains.net\/#website"},"primaryImageOfPage":{"@id":"https:\/\/infos-droitshumains.net\/?p=16485#primaryimage"},"image":{"@id":"https:\/\/infos-droitshumains.net\/?p=16485#primaryimage"},"thumbnailUrl":"https:\/\/i0.wp.com\/infos-droitshumains.net\/wp-content\/uploads\/2025\/10\/IMG-20251021-WA0081.jpg?fit=1080%2C715&ssl=1","datePublished":"2025-10-21T11:49:08+00:00","dateModified":"2025-10-21T13:11:58+00:00","breadcrumb":{"@id":"https:\/\/infos-droitshumains.net\/?p=16485#breadcrumb"},"inLanguage":"fr-FR","potentialAction":[{"@type":"ReadAction","target":["https:\/\/infos-droitshumains.net\/?p=16485"]}]},{"@type":"ImageObject","inLanguage":"fr-FR","@id":"https:\/\/infos-droitshumains.net\/?p=16485#primaryimage","url":"https:\/\/i0.wp.com\/infos-droitshumains.net\/wp-content\/uploads\/2025\/10\/IMG-20251021-WA0081.jpg?fit=1080%2C715&ssl=1","contentUrl":"https:\/\/i0.wp.com\/infos-droitshumains.net\/wp-content\/uploads\/2025\/10\/IMG-20251021-WA0081.jpg?fit=1080%2C715&ssl=1","width":1080,"height":715},{"@type":"BreadcrumbList","@id":"https:\/\/infos-droitshumains.net\/?p=16485#breadcrumb","itemListElement":[{"@type":"ListItem","position":1,"name":"Accueil","item":"https:\/\/infos-droitshumains.net\/"},{"@type":"ListItem","position":2,"name":"Tribunal de Grande Instance de Kinshasa\/N\u2019djili : La visite du Ministre a une grande valeur \u00e0 nos yeux (La Pr\u00e9sidente Marthe Fikilini Kankolongo)"}]},{"@type":"WebSite","@id":"https:\/\/infos-droitshumains.net\/#website","url":"https:\/\/infos-droitshumains.net\/","name":"Infos Droits Humains","description":"S&#039;informer est un droit","publisher":{"@id":"https:\/\/infos-droitshumains.net\/#organization"},"potentialAction":[{"@type":"SearchAction","target":{"@type":"EntryPoint","urlTemplate":"https:\/\/infos-droitshumains.net\/?s={search_term_string}"},"query-input":{"@type":"PropertyValueSpecification","valueRequired":true,"valueName":"search_term_string"}}],"inLanguage":"fr-FR"},{"@type":"Organization","@id":"https:\/\/infos-droitshumains.net\/#organization","name":"Infos Droits Humains","url":"https:\/\/infos-droitshumains.net\/","logo":{"@type":"ImageObject","inLanguage":"fr-FR","@id":"https:\/\/infos-droitshumains.net\/#\/schema\/logo\/image\/","url":"https:\/\/i0.wp.com\/infos-droitshumains.net\/wp-content\/uploads\/2022\/05\/Logo.png?fit=333%2C129&ssl=1","contentUrl":"https:\/\/i0.wp.com\/infos-droitshumains.net\/wp-content\/uploads\/2022\/05\/Logo.png?fit=333%2C129&ssl=1","width":333,"height":129,"caption":"Infos Droits Humains"},"image":{"@id":"https:\/\/infos-droitshumains.net\/#\/schema\/logo\/image\/"}},{"@type":"Person","@id":"https:\/\/infos-droitshumains.net\/#\/schema\/person\/3dc5e921c3302172e0ed4362f96faab7","name":"Jo\u00ebl Diawa","image":{"@type":"ImageObject","inLanguage":"fr-FR","@id":"https:\/\/secure.gravatar.com\/avatar\/729bea6ff4604c624417803c477363be8e3c7186deaa65713313f9b4b820f41c?s=96&d=mm&r=g","url":"https:\/\/secure.gravatar.com\/avatar\/729bea6ff4604c624417803c477363be8e3c7186deaa65713313f9b4b820f41c?s=96&d=mm&r=g","contentUrl":"https:\/\/secure.gravatar.com\/avatar\/729bea6ff4604c624417803c477363be8e3c7186deaa65713313f9b4b820f41c?s=96&d=mm&r=g","caption":"Jo\u00ebl Diawa"},"sameAs":["https:\/\/www.infos-droitshumains.net"],"url":"https:\/\/infos-droitshumains.net\/?author=2"}]}},"featured_image_urls":{"full":["https:\/\/i0.wp.com\/infos-droitshumains.net\/wp-content\/uploads\/2025\/10\/IMG-20251021-WA0081.jpg?fit=1080%2C715&ssl=1",1080,715,false],"thumbnail":["https:\/\/i0.wp.com\/infos-droitshumains.net\/wp-content\/uploads\/2025\/10\/IMG-20251021-WA0081.jpg?resize=150%2C150&ssl=1",150,150,true],"medium":["https:\/\/i0.wp.com\/infos-droitshumains.net\/wp-content\/uploads\/2025\/10\/IMG-20251021-WA0081.jpg?fit=300%2C199&ssl=1",300,199,true],"medium_large":["https:\/\/i0.wp.com\/infos-droitshumains.net\/wp-content\/uploads\/2025\/10\/IMG-20251021-WA0081.jpg?fit=640%2C423&ssl=1",640,423,true],"large":["https:\/\/i0.wp.com\/infos-droitshumains.net\/wp-content\/uploads\/2025\/10\/IMG-20251021-WA0081.jpg?fit=640%2C424&ssl=1",640,424,true],"1536x1536":["https:\/\/i0.wp.com\/infos-droitshumains.net\/wp-content\/uploads\/2025\/10\/IMG-20251021-WA0081.jpg?fit=1080%2C715&ssl=1",1080,715,true],"2048x2048":["https:\/\/i0.wp.com\/infos-droitshumains.net\/wp-content\/uploads\/2025\/10\/IMG-20251021-WA0081.jpg?fit=1080%2C715&ssl=1",1080,715,true],"covernews-slider-full":["https:\/\/i0.wp.com\/infos-droitshumains.net\/wp-content\/uploads\/2025\/10\/IMG-20251021-WA0081.jpg?resize=1080%2C715&ssl=1",1080,715,true],"covernews-slider-center":["https:\/\/i0.wp.com\/infos-droitshumains.net\/wp-content\/uploads\/2025\/10\/IMG-20251021-WA0081.jpg?resize=800%2C500&ssl=1",800,500,true],"covernews-featured":["https:\/\/i0.wp.com\/infos-droitshumains.net\/wp-content\/uploads\/2025\/10\/IMG-20251021-WA0081.jpg?fit=1024%2C678&ssl=1",1024,678,true],"covernews-medium":["https:\/\/i0.wp.com\/infos-droitshumains.net\/wp-content\/uploads\/2025\/10\/IMG-20251021-WA0081.jpg?resize=540%2C340&ssl=1",540,340,true],"covernews-medium-square":["https:\/\/i0.wp.com\/infos-droitshumains.net\/wp-content\/uploads\/2025\/10\/IMG-20251021-WA0081.jpg?resize=400%2C250&ssl=1",400,250,true]},"author_info":{"display_name":"Jo\u00ebl Diawa","author_link":"https:\/\/infos-droitshumains.net\/?author=2"},"category_info":"<a href=\"https:\/\/infos-droitshumains.net\/?cat=6\" rel=\"category\">Justice<\/a>","tag_info":"Justice","comment_count":"0","jetpack_featured_media_url":"https:\/\/i0.wp.com\/infos-droitshumains.net\/wp-content\/uploads\/2025\/10\/IMG-20251021-WA0081.jpg?fit=1080%2C715&ssl=1","jetpack-related-posts":[],"jetpack_sharing_enabled":true,"_links":{"self":[{"href":"https:\/\/infos-droitshumains.net\/index.php?rest_route=\/wp\/v2\/posts\/16485","targetHints":{"allow":["GET"]}}],"collection":[{"href":"https:\/\/infos-droitshumains.net\/index.php?rest_route=\/wp\/v2\/posts"}],"about":[{"href":"https:\/\/infos-droitshumains.net\/index.php?rest_route=\/wp\/v2\/types\/post"}],"author":[{"embeddable":true,"href":"https:\/\/infos-droitshumains.net\/index.php?rest_route=\/wp\/v2\/users\/2"}],"replies":[{"embeddable":true,"href":"https:\/\/infos-droitshumains.net\/index.php?rest_route=%2Fwp%2Fv2%2Fcomments&post=16485"}],"version-history":[{"count":7,"href":"https:\/\/infos-droitshumains.net\/index.php?rest_route=\/wp\/v2\/posts\/16485\/revisions"}],"predecessor-version":[{"id":16508,"href":"https:\/\/infos-droitshumains.net\/index.php?rest_route=\/wp\/v2\/posts\/16485\/revisions\/16508"}],"wp:featuredmedia":[{"embeddable":true,"href":"https:\/\/infos-droitshumains.net\/index.php?rest_route=\/wp\/v2\/media\/16493"}],"wp:attachment":[{"href":"https:\/\/infos-droitshumains.net\/index.php?rest_route=%2Fwp%2Fv2%2Fmedia&parent=16485"}],"wp:term":[{"taxonomy":"category","embeddable":true,"href":"https:\/\/infos-droitshumains.net\/index.php?rest_route=%2Fwp%2Fv2%2Fcategories&post=16485"},{"taxonomy":"post_tag","embeddable":true,"href":"https:\/\/infos-droitshumains.net\/index.php?rest_route=%2Fwp%2Fv2%2Ftags&post=16485"}],"curies":[{"name":"wp","href":"https:\/\/api.w.org\/{rel}","templated":true}]}}