{"id":16466,"date":"2025-10-21T11:00:44","date_gmt":"2025-10-21T09:00:44","guid":{"rendered":"https:\/\/infos-droitshumains.net\/?p=16466"},"modified":"2025-10-21T11:04:57","modified_gmt":"2025-10-21T09:04:57","slug":"de-la-camera-au-leadership-luncc-celebre-les-parcours-inspirants-des-professionnels-de-limage","status":"publish","type":"post","link":"https:\/\/infos-droitshumains.net\/?p=16466","title":{"rendered":"De la cam\u00e9ra au leadership : l\u2019UNCC c\u00e9l\u00e8bre les parcours inspirants des professionnels de l\u2019image"},"content":{"rendered":"\n<p><strong>R\u00e9daction: +243 817 406 088<\/strong><\/p>\n\n\n\n<h3 class=\"wp-block-heading has-vivid-red-color has-text-color has-link-color wp-elements-438ac7c61ee959bae50db7dd9f3cd702\">Sous le haut patronage de Patrick Muyaya, Ministre de la Communication et M\u00e9dias et Porte-parole du Gouvernement, l\u2019Union Nationale des Cameramen du Congo (UNCC) a organis\u00e9, ce samedi, une journ\u00e9e d\u2019\u00e9changes et de r\u00e9flexion plac\u00e9e sous le th\u00e8me : \u00ab De la cam\u00e9ra au leadership : parcours inspirants \u00bb.<\/h3>\n\n\n\n<figure class=\"wp-block-image alignfull size-full\"><img data-recalc-dims=\"1\" fetchpriority=\"high\" decoding=\"async\" width=\"640\" height=\"427\" src=\"https:\/\/i0.wp.com\/infos-droitshumains.net\/wp-content\/uploads\/2025\/10\/IMG-20251019-WA0027.jpg?resize=640%2C427&#038;ssl=1\" alt=\"\" class=\"wp-image-16468\" srcset=\"https:\/\/i0.wp.com\/infos-droitshumains.net\/wp-content\/uploads\/2025\/10\/IMG-20251019-WA0027.jpg?w=1024&amp;ssl=1 1024w, https:\/\/i0.wp.com\/infos-droitshumains.net\/wp-content\/uploads\/2025\/10\/IMG-20251019-WA0027.jpg?resize=300%2C200&amp;ssl=1 300w, https:\/\/i0.wp.com\/infos-droitshumains.net\/wp-content\/uploads\/2025\/10\/IMG-20251019-WA0027.jpg?resize=768%2C512&amp;ssl=1 768w\" sizes=\"(max-width: 640px) 100vw, 640px\" \/><\/figure>\n\n\n\n<p>Cette rencontre a r\u00e9uni plusieurs figures embl\u00e9matiques du paysage m\u00e9diatique congolais ainsi que des juristes de renom, autour d\u2019un objectif commun : valoriser le m\u00e9tier de cameraman et encourager son \u00e9volution vers des r\u00f4les de leadership.<\/p>\n\n\n\n<figure class=\"wp-block-image alignfull size-full\"><img data-recalc-dims=\"1\" decoding=\"async\" width=\"640\" height=\"426\" src=\"https:\/\/i0.wp.com\/infos-droitshumains.net\/wp-content\/uploads\/2025\/10\/IMG-20251019-WA0018.jpg?resize=640%2C426&#038;ssl=1\" alt=\"\" class=\"wp-image-16469\" srcset=\"https:\/\/i0.wp.com\/infos-droitshumains.net\/wp-content\/uploads\/2025\/10\/IMG-20251019-WA0018.jpg?w=1024&amp;ssl=1 1024w, https:\/\/i0.wp.com\/infos-droitshumains.net\/wp-content\/uploads\/2025\/10\/IMG-20251019-WA0018.jpg?resize=300%2C200&amp;ssl=1 300w, https:\/\/i0.wp.com\/infos-droitshumains.net\/wp-content\/uploads\/2025\/10\/IMG-20251019-WA0018.jpg?resize=768%2C512&amp;ssl=1 768w\" sizes=\"(max-width: 640px) 100vw, 640px\" \/><\/figure>\n\n\n\n<p>Dans son mot d\u2019ouverture, Merlin Kamalandua, pr\u00e9sident du comit\u00e9 ex\u00e9cutif de l\u2019UNCC, a pr\u00e9sent\u00e9 un tableau comparatif de l\u2019association avant et apr\u00e8s la mise en place de son comit\u00e9 actuel. Il a, par la m\u00eame occasion, invit\u00e9 ses confr\u00e8res \u00e0 une prise de conscience collective, soulignant l\u2019importance de revaloriser un m\u00e9tier souvent rel\u00e9gu\u00e9 \u00e0 l\u2019arri\u00e8re-plan, mais pourtant fondamental dans l\u2019\u00e9cosyst\u00e8me m\u00e9diatique&nbsp;:<\/p>\n\n\n\n<figure class=\"wp-block-image alignfull size-full\"><img data-recalc-dims=\"1\" decoding=\"async\" width=\"640\" height=\"961\" src=\"https:\/\/i0.wp.com\/infos-droitshumains.net\/wp-content\/uploads\/2025\/10\/IMG-20251019-WA0009.jpg?resize=640%2C961&#038;ssl=1\" alt=\"\" class=\"wp-image-16470\" srcset=\"https:\/\/i0.wp.com\/infos-droitshumains.net\/wp-content\/uploads\/2025\/10\/IMG-20251019-WA0009.jpg?w=682&amp;ssl=1 682w, https:\/\/i0.wp.com\/infos-droitshumains.net\/wp-content\/uploads\/2025\/10\/IMG-20251019-WA0009.jpg?resize=200%2C300&amp;ssl=1 200w\" sizes=\"(max-width: 640px) 100vw, 640px\" \/><\/figure>\n\n\n\n<p><em>\u00ab&nbsp;Consid\u00e9r\u00e9s dans l\u2019image populaire comme des menu fretins, des sous-hommes, les cameramen n\u2019ont jamais b\u00e9n\u00e9fici\u00e9 \u00e0 juste titre de leur m\u00e9tier \u00e0 la hauteur des services rendus durant des ann\u00e9es. Les cameramen congolais sont perp\u00e9tuellement en qu\u00eate de reconnaissance, en qu\u00eate cr\u00e9dit, en qu\u00eate d\u2019estime\u2026 Et pourtant, on nous appelle des h\u00e9ros&nbsp;; Oui&nbsp;! Des h\u00e9ros dans l\u2019ombre. Cette d\u00e9signation n\u2019est plus ni moins qu\u2019une sorte d\u2019hypocrisie. Il n\u2019existe aucun h\u00e9ros, apr\u00e8s avoir gagn\u00e9 la bataille, qui n\u2019obtienne pas de fa\u00e7on concr\u00e8te, la reconnaissance de la soci\u00e9t\u00e9 d\u2019o\u00f9 il est issu. Les cameramen congolais \u00e9voluent dans la mis\u00e8re, passent leur carri\u00e8res dans la mis\u00e8re, entrent en retraite de mani\u00e8re mis\u00e9rable et meurent pitoyablement\u2026 Ce constat est amer&nbsp;; c\u2019est ce qui nous a pouss\u00e9s \u00e0 cr\u00e9er l\u2019Union Nationale des Cameramen du Congo. Une premi\u00e8re en RDC. L\u2019objectif de notre association est avant tout de redorer l\u2019image des preneurs de vue. L\u2019UNCC, sous mon leadership a l\u2019aspiration de rassembler tous les preneurs de vue autour d\u2019une seule&nbsp; cause&nbsp;: \u2018\u2019la nette consid\u00e9ration de leur profession. Autre objectif de taille pour l\u2019UNCC&nbsp;: \u2018\u2019soutenir la pens\u00e9e selon laquelle, les cameramen professionnels ne sont pas des sous-hommes. Ces derniers ont le devoir d\u2019int\u00e9rioriser, par eux-m\u00eames, cet aspect des choses. Cela sous-entend une lutte personnelle et permanente pour redorer leur image blasph\u00e9m\u00e9e.&nbsp;\u00bb<\/em>, a d\u00e9clar\u00e9 Merlin Kamalandua, Pr\u00e9sident national de l\u2019UNCC.<\/p>\n\n\n\n<figure class=\"wp-block-image alignfull size-full\"><img data-recalc-dims=\"1\" loading=\"lazy\" decoding=\"async\" width=\"640\" height=\"960\" src=\"https:\/\/i0.wp.com\/infos-droitshumains.net\/wp-content\/uploads\/2025\/10\/IMG-20251019-WA0011.jpg?resize=640%2C960&#038;ssl=1\" alt=\"\" class=\"wp-image-16471\" srcset=\"https:\/\/i0.wp.com\/infos-droitshumains.net\/wp-content\/uploads\/2025\/10\/IMG-20251019-WA0011.jpg?w=683&amp;ssl=1 683w, https:\/\/i0.wp.com\/infos-droitshumains.net\/wp-content\/uploads\/2025\/10\/IMG-20251019-WA0011.jpg?resize=200%2C300&amp;ssl=1 200w\" sizes=\"(max-width: 640px) 100vw, 640px\" \/><\/figure>\n\n\n\n<p>La journ\u00e9e d\u2019\u00e9change qui s\u2019ouvre ce jour, sous le haut patronage de Son Excellence, Monsieur le Ministre de la Communication et M\u00e9dia, \u00e0 qui je rends un vibrant hommage pour son soutien sans faille \u00e0 notre association, pour ses conseils et sa disponibilit\u00e9, a-t-il soulign\u00e9, marque <em>\u00ab&nbsp;le d\u00e9but d\u2019une nouvelle aire pour les cameramen. Le Th\u00e8me choisi r\u00e9sume en un mot, mon plaidoyer en faveur des cameramen qui aspirent \u00e0 la r\u00e9siste.&nbsp;\u00bb<\/em><\/p>\n\n\n\n<p>La journ\u00e9e a \u00e9t\u00e9 enrichie par des communications autour de th\u00e9matiques captivantes. Robert Nzuzi Ngoy, l\u00e9gende de l\u2019audiovisuel, a pos\u00e9 un regard critique sur le r\u00f4le du cameraman \u00e0 travers le th\u00e8me : <em>\u00ab Cameraman : journaliste \u00e0 part enti\u00e8re ou technicien enti\u00e8rement \u00e0 part ? \u00bb<\/em> Gilbert Biladi, autre figure embl\u00e9matique du secteur, a partag\u00e9 sa vision avec une intervention poignante intitul\u00e9e : <em>\u00ab De l\u2019ombre \u00e0 la lumi\u00e8re : la cam\u00e9ra comme voix \u00bb<\/em>.<\/p>\n\n\n\n<figure class=\"wp-block-image alignfull size-full\"><img data-recalc-dims=\"1\" loading=\"lazy\" decoding=\"async\" width=\"640\" height=\"426\" src=\"https:\/\/i0.wp.com\/infos-droitshumains.net\/wp-content\/uploads\/2025\/10\/IMG-20251019-WA0023.jpg?resize=640%2C426&#038;ssl=1\" alt=\"\" class=\"wp-image-16472\" srcset=\"https:\/\/i0.wp.com\/infos-droitshumains.net\/wp-content\/uploads\/2025\/10\/IMG-20251019-WA0023.jpg?w=1024&amp;ssl=1 1024w, https:\/\/i0.wp.com\/infos-droitshumains.net\/wp-content\/uploads\/2025\/10\/IMG-20251019-WA0023.jpg?resize=300%2C200&amp;ssl=1 300w, https:\/\/i0.wp.com\/infos-droitshumains.net\/wp-content\/uploads\/2025\/10\/IMG-20251019-WA0023.jpg?resize=768%2C512&amp;ssl=1 768w\" sizes=\"(max-width: 640px) 100vw, 640px\" \/><\/figure>\n\n\n\n<figure class=\"wp-block-image alignfull size-full\"><img data-recalc-dims=\"1\" loading=\"lazy\" decoding=\"async\" width=\"640\" height=\"427\" src=\"https:\/\/i0.wp.com\/infos-droitshumains.net\/wp-content\/uploads\/2025\/10\/IMG-20251019-WA0022.jpg?resize=640%2C427&#038;ssl=1\" alt=\"\" class=\"wp-image-16473\" srcset=\"https:\/\/i0.wp.com\/infos-droitshumains.net\/wp-content\/uploads\/2025\/10\/IMG-20251019-WA0022.jpg?w=1024&amp;ssl=1 1024w, https:\/\/i0.wp.com\/infos-droitshumains.net\/wp-content\/uploads\/2025\/10\/IMG-20251019-WA0022.jpg?resize=300%2C200&amp;ssl=1 300w, https:\/\/i0.wp.com\/infos-droitshumains.net\/wp-content\/uploads\/2025\/10\/IMG-20251019-WA0022.jpg?resize=768%2C512&amp;ssl=1 768w\" sizes=\"(max-width: 640px) 100vw, 640px\" \/><\/figure>\n\n\n\n<p>Sur le plan juridique, Me Junior Kapuya a apport\u00e9 un \u00e9clairage pertinent sur <em>\u00ab Les enjeux de la responsabilit\u00e9 juridique dans l\u2019exercice des fonctions du cameraman au sein d\u2019une entreprise de presse. \u00bb<\/em><\/p>\n\n\n\n<figure class=\"wp-block-image alignfull size-full\"><img data-recalc-dims=\"1\" loading=\"lazy\" decoding=\"async\" width=\"640\" height=\"960\" src=\"https:\/\/i0.wp.com\/infos-droitshumains.net\/wp-content\/uploads\/2025\/10\/IMG-20251019-WA0014.jpg?resize=640%2C960&#038;ssl=1\" alt=\"\" class=\"wp-image-16474\" srcset=\"https:\/\/i0.wp.com\/infos-droitshumains.net\/wp-content\/uploads\/2025\/10\/IMG-20251019-WA0014.jpg?w=683&amp;ssl=1 683w, https:\/\/i0.wp.com\/infos-droitshumains.net\/wp-content\/uploads\/2025\/10\/IMG-20251019-WA0014.jpg?resize=200%2C300&amp;ssl=1 200w\" sizes=\"(max-width: 640px) 100vw, 640px\" \/><\/figure>\n\n\n\n<p>Le Secr\u00e9taire G\u00e9n\u00e9ral de l\u2019Union Nationale de la Presse du Congo (UNPC) a rappel\u00e9 les principes fondamentaux de la d\u00e9ontologie journalistique, insistant sur leur respect dans l\u2019exercice de toutes les fonctions li\u00e9es \u00e0 la production de l\u2019information. Pour sa part, Andr\u00e9 Ipakala a encourag\u00e9 les cameramen \u00e0 viser l\u2019excellence et \u00e0 se positionner comme de v\u00e9ritables acteurs du changement dans le secteur des m\u00e9dias.<\/p>\n\n\n\n<figure class=\"wp-block-image alignfull size-full\"><img data-recalc-dims=\"1\" loading=\"lazy\" decoding=\"async\" width=\"640\" height=\"961\" src=\"https:\/\/i0.wp.com\/infos-droitshumains.net\/wp-content\/uploads\/2025\/10\/IMG-20251019-WA0025.jpg?resize=640%2C961&#038;ssl=1\" alt=\"\" class=\"wp-image-16475\" srcset=\"https:\/\/i0.wp.com\/infos-droitshumains.net\/wp-content\/uploads\/2025\/10\/IMG-20251019-WA0025.jpg?w=682&amp;ssl=1 682w, https:\/\/i0.wp.com\/infos-droitshumains.net\/wp-content\/uploads\/2025\/10\/IMG-20251019-WA0025.jpg?resize=200%2C300&amp;ssl=1 200w\" sizes=\"(max-width: 640px) 100vw, 640px\" \/><\/figure>\n\n\n\n<p>Outre l\u2019implication notable du Minist\u00e8re de la Communication et M\u00e9dias, la journ\u00e9e a \u00e9galement \u00e9t\u00e9 marqu\u00e9e par la participation du Minist\u00e8re de la Culture, Arts et Patrimoine, qui a exprim\u00e9 sa volont\u00e9 d\u2019accompagner toutes les initiatives de l\u2019UNCC en faveur du rayonnement du m\u00e9tier de cameraman en R\u00e9publique D\u00e9mocratique du Congo.<\/p>\n\n\n\n<figure class=\"wp-block-image alignfull size-full\"><img data-recalc-dims=\"1\" loading=\"lazy\" decoding=\"async\" width=\"640\" height=\"427\" src=\"https:\/\/i0.wp.com\/infos-droitshumains.net\/wp-content\/uploads\/2025\/10\/IMG-20251019-WA0039.jpg?resize=640%2C427&#038;ssl=1\" alt=\"\" class=\"wp-image-16478\" srcset=\"https:\/\/i0.wp.com\/infos-droitshumains.net\/wp-content\/uploads\/2025\/10\/IMG-20251019-WA0039.jpg?w=1024&amp;ssl=1 1024w, https:\/\/i0.wp.com\/infos-droitshumains.net\/wp-content\/uploads\/2025\/10\/IMG-20251019-WA0039.jpg?resize=300%2C200&amp;ssl=1 300w, https:\/\/i0.wp.com\/infos-droitshumains.net\/wp-content\/uploads\/2025\/10\/IMG-20251019-WA0039.jpg?resize=768%2C512&amp;ssl=1 768w\" sizes=\"(max-width: 640px) 100vw, 640px\" \/><\/figure>\n\n\n\n<figure class=\"wp-block-image alignfull size-full\"><img data-recalc-dims=\"1\" loading=\"lazy\" decoding=\"async\" width=\"640\" height=\"426\" src=\"https:\/\/i0.wp.com\/infos-droitshumains.net\/wp-content\/uploads\/2025\/10\/IMG-20251019-WA0021.jpg?resize=640%2C426&#038;ssl=1\" alt=\"\" class=\"wp-image-16479\" srcset=\"https:\/\/i0.wp.com\/infos-droitshumains.net\/wp-content\/uploads\/2025\/10\/IMG-20251019-WA0021.jpg?w=1024&amp;ssl=1 1024w, https:\/\/i0.wp.com\/infos-droitshumains.net\/wp-content\/uploads\/2025\/10\/IMG-20251019-WA0021.jpg?resize=300%2C200&amp;ssl=1 300w, https:\/\/i0.wp.com\/infos-droitshumains.net\/wp-content\/uploads\/2025\/10\/IMG-20251019-WA0021.jpg?resize=768%2C512&amp;ssl=1 768w\" sizes=\"(max-width: 640px) 100vw, 640px\" \/><\/figure>\n\n\n\n<figure class=\"wp-block-image alignfull size-full\"><img data-recalc-dims=\"1\" loading=\"lazy\" decoding=\"async\" width=\"640\" height=\"961\" src=\"https:\/\/i0.wp.com\/infos-droitshumains.net\/wp-content\/uploads\/2025\/10\/IMG-20251019-WA0019.jpg?resize=640%2C961&#038;ssl=1\" alt=\"\" class=\"wp-image-16482\" srcset=\"https:\/\/i0.wp.com\/infos-droitshumains.net\/wp-content\/uploads\/2025\/10\/IMG-20251019-WA0019.jpg?w=682&amp;ssl=1 682w, https:\/\/i0.wp.com\/infos-droitshumains.net\/wp-content\/uploads\/2025\/10\/IMG-20251019-WA0019.jpg?resize=200%2C300&amp;ssl=1 200w\" sizes=\"(max-width: 640px) 100vw, 640px\" \/><\/figure>\n\n\n\n<p>Autre moment marquant de cette journ\u00e9e&nbsp;: la d\u00e9livrance symbolique de la carte des membres de l\u2019UNCC biom\u00e9trique, avec code QR, carte remise au Pr\u00e9sident Merlin Kamalandua&nbsp;; un moment qui marque le d\u00e9but d\u2019un nouveau vent dans l\u2019organisation de cette corporation.<\/p>\n\n\n\n<figure class=\"wp-block-image alignfull size-full\"><img data-recalc-dims=\"1\" loading=\"lazy\" decoding=\"async\" width=\"640\" height=\"426\" src=\"https:\/\/i0.wp.com\/infos-droitshumains.net\/wp-content\/uploads\/2025\/10\/IMG-20251019-WA0016-1.jpg?resize=640%2C426&#038;ssl=1\" alt=\"\" class=\"wp-image-16481\" srcset=\"https:\/\/i0.wp.com\/infos-droitshumains.net\/wp-content\/uploads\/2025\/10\/IMG-20251019-WA0016-1.jpg?w=1024&amp;ssl=1 1024w, https:\/\/i0.wp.com\/infos-droitshumains.net\/wp-content\/uploads\/2025\/10\/IMG-20251019-WA0016-1.jpg?resize=300%2C200&amp;ssl=1 300w, https:\/\/i0.wp.com\/infos-droitshumains.net\/wp-content\/uploads\/2025\/10\/IMG-20251019-WA0016-1.jpg?resize=768%2C512&amp;ssl=1 768w\" sizes=\"(max-width: 640px) 100vw, 640px\" \/><\/figure>\n\n\n\n<p>Les assises se sont achev\u00e9es dans une ambiance conviviale, ce dimanche 19 octobre 2025, par une rencontre de football amicale opposant l\u2019Union Nationale des Cameramen du Congo \u00e0 l\u2019Union Nationale de la Presse du Congo. Une rencontre qui s\u2019est sold\u00e9e sur la note d\u2019un but partout. Un moment de d\u00e9tente symbolisant l\u2019unit\u00e9 et la solidarit\u00e9 entre les diff\u00e9rents corps de m\u00e9tiers du secteur m\u00e9diatique.<\/p>\n\n\n\n<p>Jo\u00ebl DIAWA<\/p>\n","protected":false},"excerpt":{"rendered":"<p>R\u00e9daction: +243 817 406 088 Sous le haut patronage de Patrick Muyaya, Ministre de la&#8230;<\/p>\n","protected":false},"author":2,"featured_media":16467,"comment_status":"open","ping_status":"open","sticky":false,"template":"","format":"standard","meta":{"_jetpack_memberships_contains_paid_content":false,"footnotes":""},"categories":[8],"tags":[],"class_list":["post-16466","post","type-post","status-publish","format-standard","has-post-thumbnail","hentry","category-societe"],"yoast_head":"<!-- This site is optimized with the Yoast SEO plugin v27.5 - https:\/\/yoast.com\/product\/yoast-seo-wordpress\/ -->\n<title>De la cam\u00e9ra au leadership : l\u2019UNCC c\u00e9l\u00e8bre les parcours inspirants des professionnels de l\u2019image - Infos Droits Humains<\/title>\n<meta name=\"robots\" content=\"index, follow, max-snippet:-1, max-image-preview:large, max-video-preview:-1\" \/>\n<link rel=\"canonical\" href=\"https:\/\/infos-droitshumains.net\/?p=16466\" \/>\n<meta property=\"og:locale\" content=\"fr_FR\" \/>\n<meta property=\"og:type\" content=\"article\" \/>\n<meta property=\"og:title\" content=\"De la cam\u00e9ra au leadership : l\u2019UNCC c\u00e9l\u00e8bre les parcours inspirants des professionnels de l\u2019image - Infos Droits Humains\" \/>\n<meta property=\"og:description\" content=\"R\u00e9daction: +243 817 406 088 Sous le haut patronage de Patrick Muyaya, Ministre de la...\" \/>\n<meta property=\"og:url\" content=\"https:\/\/infos-droitshumains.net\/?p=16466\" \/>\n<meta property=\"og:site_name\" content=\"Infos Droits Humains\" \/>\n<meta property=\"article:published_time\" content=\"2025-10-21T09:00:44+00:00\" \/>\n<meta property=\"article:modified_time\" content=\"2025-10-21T09:04:57+00:00\" \/>\n<meta property=\"og:image\" content=\"https:\/\/infos-droitshumains.net\/wp-content\/uploads\/2025\/10\/IMG-20251019-WA0017.jpg\" \/>\n\t<meta property=\"og:image:width\" content=\"1024\" \/>\n\t<meta property=\"og:image:height\" content=\"682\" \/>\n\t<meta property=\"og:image:type\" content=\"image\/jpeg\" \/>\n<meta name=\"author\" content=\"Jo\u00ebl Diawa\" \/>\n<meta name=\"twitter:card\" content=\"summary_large_image\" \/>\n<meta name=\"twitter:label1\" content=\"\u00c9crit par\" \/>\n\t<meta name=\"twitter:data1\" content=\"Jo\u00ebl Diawa\" \/>\n\t<meta name=\"twitter:label2\" content=\"Dur\u00e9e de lecture estim\u00e9e\" \/>\n\t<meta name=\"twitter:data2\" content=\"5 minutes\" \/>\n<script type=\"application\/ld+json\" class=\"yoast-schema-graph\">{\"@context\":\"https:\\\/\\\/schema.org\",\"@graph\":[{\"@type\":\"Article\",\"@id\":\"https:\\\/\\\/infos-droitshumains.net\\\/?p=16466#article\",\"isPartOf\":{\"@id\":\"https:\\\/\\\/infos-droitshumains.net\\\/?p=16466\"},\"author\":{\"name\":\"Jo\u00ebl Diawa\",\"@id\":\"https:\\\/\\\/infos-droitshumains.net\\\/#\\\/schema\\\/person\\\/3dc5e921c3302172e0ed4362f96faab7\"},\"headline\":\"De la cam\u00e9ra au leadership : l\u2019UNCC c\u00e9l\u00e8bre les parcours inspirants des professionnels de l\u2019image\",\"datePublished\":\"2025-10-21T09:00:44+00:00\",\"dateModified\":\"2025-10-21T09:04:57+00:00\",\"mainEntityOfPage\":{\"@id\":\"https:\\\/\\\/infos-droitshumains.net\\\/?p=16466\"},\"wordCount\":922,\"commentCount\":0,\"publisher\":{\"@id\":\"https:\\\/\\\/infos-droitshumains.net\\\/#organization\"},\"image\":{\"@id\":\"https:\\\/\\\/infos-droitshumains.net\\\/?p=16466#primaryimage\"},\"thumbnailUrl\":\"https:\\\/\\\/i0.wp.com\\\/infos-droitshumains.net\\\/wp-content\\\/uploads\\\/2025\\\/10\\\/IMG-20251019-WA0017.jpg?fit=1024%2C682&ssl=1\",\"articleSection\":[\"Soci\u00e9t\u00e9\"],\"inLanguage\":\"fr-FR\",\"potentialAction\":[{\"@type\":\"CommentAction\",\"name\":\"Comment\",\"target\":[\"https:\\\/\\\/infos-droitshumains.net\\\/?p=16466#respond\"]}]},{\"@type\":\"WebPage\",\"@id\":\"https:\\\/\\\/infos-droitshumains.net\\\/?p=16466\",\"url\":\"https:\\\/\\\/infos-droitshumains.net\\\/?p=16466\",\"name\":\"De la cam\u00e9ra au leadership : l\u2019UNCC c\u00e9l\u00e8bre les parcours inspirants des professionnels de l\u2019image - Infos Droits Humains\",\"isPartOf\":{\"@id\":\"https:\\\/\\\/infos-droitshumains.net\\\/#website\"},\"primaryImageOfPage\":{\"@id\":\"https:\\\/\\\/infos-droitshumains.net\\\/?p=16466#primaryimage\"},\"image\":{\"@id\":\"https:\\\/\\\/infos-droitshumains.net\\\/?p=16466#primaryimage\"},\"thumbnailUrl\":\"https:\\\/\\\/i0.wp.com\\\/infos-droitshumains.net\\\/wp-content\\\/uploads\\\/2025\\\/10\\\/IMG-20251019-WA0017.jpg?fit=1024%2C682&ssl=1\",\"datePublished\":\"2025-10-21T09:00:44+00:00\",\"dateModified\":\"2025-10-21T09:04:57+00:00\",\"breadcrumb\":{\"@id\":\"https:\\\/\\\/infos-droitshumains.net\\\/?p=16466#breadcrumb\"},\"inLanguage\":\"fr-FR\",\"potentialAction\":[{\"@type\":\"ReadAction\",\"target\":[\"https:\\\/\\\/infos-droitshumains.net\\\/?p=16466\"]}]},{\"@type\":\"ImageObject\",\"inLanguage\":\"fr-FR\",\"@id\":\"https:\\\/\\\/infos-droitshumains.net\\\/?p=16466#primaryimage\",\"url\":\"https:\\\/\\\/i0.wp.com\\\/infos-droitshumains.net\\\/wp-content\\\/uploads\\\/2025\\\/10\\\/IMG-20251019-WA0017.jpg?fit=1024%2C682&ssl=1\",\"contentUrl\":\"https:\\\/\\\/i0.wp.com\\\/infos-droitshumains.net\\\/wp-content\\\/uploads\\\/2025\\\/10\\\/IMG-20251019-WA0017.jpg?fit=1024%2C682&ssl=1\",\"width\":1024,\"height\":682},{\"@type\":\"BreadcrumbList\",\"@id\":\"https:\\\/\\\/infos-droitshumains.net\\\/?p=16466#breadcrumb\",\"itemListElement\":[{\"@type\":\"ListItem\",\"position\":1,\"name\":\"Accueil\",\"item\":\"https:\\\/\\\/infos-droitshumains.net\\\/\"},{\"@type\":\"ListItem\",\"position\":2,\"name\":\"De la cam\u00e9ra au leadership : l\u2019UNCC c\u00e9l\u00e8bre les parcours inspirants des professionnels de l\u2019image\"}]},{\"@type\":\"WebSite\",\"@id\":\"https:\\\/\\\/infos-droitshumains.net\\\/#website\",\"url\":\"https:\\\/\\\/infos-droitshumains.net\\\/\",\"name\":\"Infos Droits Humains\",\"description\":\"S&#039;informer est un droit\",\"publisher\":{\"@id\":\"https:\\\/\\\/infos-droitshumains.net\\\/#organization\"},\"potentialAction\":[{\"@type\":\"SearchAction\",\"target\":{\"@type\":\"EntryPoint\",\"urlTemplate\":\"https:\\\/\\\/infos-droitshumains.net\\\/?s={search_term_string}\"},\"query-input\":{\"@type\":\"PropertyValueSpecification\",\"valueRequired\":true,\"valueName\":\"search_term_string\"}}],\"inLanguage\":\"fr-FR\"},{\"@type\":\"Organization\",\"@id\":\"https:\\\/\\\/infos-droitshumains.net\\\/#organization\",\"name\":\"Infos Droits Humains\",\"url\":\"https:\\\/\\\/infos-droitshumains.net\\\/\",\"logo\":{\"@type\":\"ImageObject\",\"inLanguage\":\"fr-FR\",\"@id\":\"https:\\\/\\\/infos-droitshumains.net\\\/#\\\/schema\\\/logo\\\/image\\\/\",\"url\":\"https:\\\/\\\/i0.wp.com\\\/infos-droitshumains.net\\\/wp-content\\\/uploads\\\/2022\\\/05\\\/Logo.png?fit=333%2C129&ssl=1\",\"contentUrl\":\"https:\\\/\\\/i0.wp.com\\\/infos-droitshumains.net\\\/wp-content\\\/uploads\\\/2022\\\/05\\\/Logo.png?fit=333%2C129&ssl=1\",\"width\":333,\"height\":129,\"caption\":\"Infos Droits Humains\"},\"image\":{\"@id\":\"https:\\\/\\\/infos-droitshumains.net\\\/#\\\/schema\\\/logo\\\/image\\\/\"}},{\"@type\":\"Person\",\"@id\":\"https:\\\/\\\/infos-droitshumains.net\\\/#\\\/schema\\\/person\\\/3dc5e921c3302172e0ed4362f96faab7\",\"name\":\"Jo\u00ebl Diawa\",\"image\":{\"@type\":\"ImageObject\",\"inLanguage\":\"fr-FR\",\"@id\":\"https:\\\/\\\/secure.gravatar.com\\\/avatar\\\/729bea6ff4604c624417803c477363be8e3c7186deaa65713313f9b4b820f41c?s=96&d=mm&r=g\",\"url\":\"https:\\\/\\\/secure.gravatar.com\\\/avatar\\\/729bea6ff4604c624417803c477363be8e3c7186deaa65713313f9b4b820f41c?s=96&d=mm&r=g\",\"contentUrl\":\"https:\\\/\\\/secure.gravatar.com\\\/avatar\\\/729bea6ff4604c624417803c477363be8e3c7186deaa65713313f9b4b820f41c?s=96&d=mm&r=g\",\"caption\":\"Jo\u00ebl Diawa\"},\"sameAs\":[\"https:\\\/\\\/www.infos-droitshumains.net\"],\"url\":\"https:\\\/\\\/infos-droitshumains.net\\\/?author=2\"}]}<\/script>\n<!-- \/ Yoast SEO plugin. -->","yoast_head_json":{"title":"De la cam\u00e9ra au leadership : l\u2019UNCC c\u00e9l\u00e8bre les parcours inspirants des professionnels de l\u2019image - Infos Droits Humains","robots":{"index":"index","follow":"follow","max-snippet":"max-snippet:-1","max-image-preview":"max-image-preview:large","max-video-preview":"max-video-preview:-1"},"canonical":"https:\/\/infos-droitshumains.net\/?p=16466","og_locale":"fr_FR","og_type":"article","og_title":"De la cam\u00e9ra au leadership : l\u2019UNCC c\u00e9l\u00e8bre les parcours inspirants des professionnels de l\u2019image - Infos Droits Humains","og_description":"R\u00e9daction: +243 817 406 088 Sous le haut patronage de Patrick Muyaya, Ministre de la...","og_url":"https:\/\/infos-droitshumains.net\/?p=16466","og_site_name":"Infos Droits Humains","article_published_time":"2025-10-21T09:00:44+00:00","article_modified_time":"2025-10-21T09:04:57+00:00","og_image":[{"width":1024,"height":682,"url":"https:\/\/infos-droitshumains.net\/wp-content\/uploads\/2025\/10\/IMG-20251019-WA0017.jpg","type":"image\/jpeg"}],"author":"Jo\u00ebl Diawa","twitter_card":"summary_large_image","twitter_misc":{"\u00c9crit par":"Jo\u00ebl Diawa","Dur\u00e9e de lecture estim\u00e9e":"5 minutes"},"schema":{"@context":"https:\/\/schema.org","@graph":[{"@type":"Article","@id":"https:\/\/infos-droitshumains.net\/?p=16466#article","isPartOf":{"@id":"https:\/\/infos-droitshumains.net\/?p=16466"},"author":{"name":"Jo\u00ebl Diawa","@id":"https:\/\/infos-droitshumains.net\/#\/schema\/person\/3dc5e921c3302172e0ed4362f96faab7"},"headline":"De la cam\u00e9ra au leadership : l\u2019UNCC c\u00e9l\u00e8bre les parcours inspirants des professionnels de l\u2019image","datePublished":"2025-10-21T09:00:44+00:00","dateModified":"2025-10-21T09:04:57+00:00","mainEntityOfPage":{"@id":"https:\/\/infos-droitshumains.net\/?p=16466"},"wordCount":922,"commentCount":0,"publisher":{"@id":"https:\/\/infos-droitshumains.net\/#organization"},"image":{"@id":"https:\/\/infos-droitshumains.net\/?p=16466#primaryimage"},"thumbnailUrl":"https:\/\/i0.wp.com\/infos-droitshumains.net\/wp-content\/uploads\/2025\/10\/IMG-20251019-WA0017.jpg?fit=1024%2C682&ssl=1","articleSection":["Soci\u00e9t\u00e9"],"inLanguage":"fr-FR","potentialAction":[{"@type":"CommentAction","name":"Comment","target":["https:\/\/infos-droitshumains.net\/?p=16466#respond"]}]},{"@type":"WebPage","@id":"https:\/\/infos-droitshumains.net\/?p=16466","url":"https:\/\/infos-droitshumains.net\/?p=16466","name":"De la cam\u00e9ra au leadership : l\u2019UNCC c\u00e9l\u00e8bre les parcours inspirants des professionnels de l\u2019image - Infos Droits Humains","isPartOf":{"@id":"https:\/\/infos-droitshumains.net\/#website"},"primaryImageOfPage":{"@id":"https:\/\/infos-droitshumains.net\/?p=16466#primaryimage"},"image":{"@id":"https:\/\/infos-droitshumains.net\/?p=16466#primaryimage"},"thumbnailUrl":"https:\/\/i0.wp.com\/infos-droitshumains.net\/wp-content\/uploads\/2025\/10\/IMG-20251019-WA0017.jpg?fit=1024%2C682&ssl=1","datePublished":"2025-10-21T09:00:44+00:00","dateModified":"2025-10-21T09:04:57+00:00","breadcrumb":{"@id":"https:\/\/infos-droitshumains.net\/?p=16466#breadcrumb"},"inLanguage":"fr-FR","potentialAction":[{"@type":"ReadAction","target":["https:\/\/infos-droitshumains.net\/?p=16466"]}]},{"@type":"ImageObject","inLanguage":"fr-FR","@id":"https:\/\/infos-droitshumains.net\/?p=16466#primaryimage","url":"https:\/\/i0.wp.com\/infos-droitshumains.net\/wp-content\/uploads\/2025\/10\/IMG-20251019-WA0017.jpg?fit=1024%2C682&ssl=1","contentUrl":"https:\/\/i0.wp.com\/infos-droitshumains.net\/wp-content\/uploads\/2025\/10\/IMG-20251019-WA0017.jpg?fit=1024%2C682&ssl=1","width":1024,"height":682},{"@type":"BreadcrumbList","@id":"https:\/\/infos-droitshumains.net\/?p=16466#breadcrumb","itemListElement":[{"@type":"ListItem","position":1,"name":"Accueil","item":"https:\/\/infos-droitshumains.net\/"},{"@type":"ListItem","position":2,"name":"De la cam\u00e9ra au leadership : l\u2019UNCC c\u00e9l\u00e8bre les parcours inspirants des professionnels de l\u2019image"}]},{"@type":"WebSite","@id":"https:\/\/infos-droitshumains.net\/#website","url":"https:\/\/infos-droitshumains.net\/","name":"Infos Droits Humains","description":"S&#039;informer est un droit","publisher":{"@id":"https:\/\/infos-droitshumains.net\/#organization"},"potentialAction":[{"@type":"SearchAction","target":{"@type":"EntryPoint","urlTemplate":"https:\/\/infos-droitshumains.net\/?s={search_term_string}"},"query-input":{"@type":"PropertyValueSpecification","valueRequired":true,"valueName":"search_term_string"}}],"inLanguage":"fr-FR"},{"@type":"Organization","@id":"https:\/\/infos-droitshumains.net\/#organization","name":"Infos Droits Humains","url":"https:\/\/infos-droitshumains.net\/","logo":{"@type":"ImageObject","inLanguage":"fr-FR","@id":"https:\/\/infos-droitshumains.net\/#\/schema\/logo\/image\/","url":"https:\/\/i0.wp.com\/infos-droitshumains.net\/wp-content\/uploads\/2022\/05\/Logo.png?fit=333%2C129&ssl=1","contentUrl":"https:\/\/i0.wp.com\/infos-droitshumains.net\/wp-content\/uploads\/2022\/05\/Logo.png?fit=333%2C129&ssl=1","width":333,"height":129,"caption":"Infos Droits Humains"},"image":{"@id":"https:\/\/infos-droitshumains.net\/#\/schema\/logo\/image\/"}},{"@type":"Person","@id":"https:\/\/infos-droitshumains.net\/#\/schema\/person\/3dc5e921c3302172e0ed4362f96faab7","name":"Jo\u00ebl Diawa","image":{"@type":"ImageObject","inLanguage":"fr-FR","@id":"https:\/\/secure.gravatar.com\/avatar\/729bea6ff4604c624417803c477363be8e3c7186deaa65713313f9b4b820f41c?s=96&d=mm&r=g","url":"https:\/\/secure.gravatar.com\/avatar\/729bea6ff4604c624417803c477363be8e3c7186deaa65713313f9b4b820f41c?s=96&d=mm&r=g","contentUrl":"https:\/\/secure.gravatar.com\/avatar\/729bea6ff4604c624417803c477363be8e3c7186deaa65713313f9b4b820f41c?s=96&d=mm&r=g","caption":"Jo\u00ebl Diawa"},"sameAs":["https:\/\/www.infos-droitshumains.net"],"url":"https:\/\/infos-droitshumains.net\/?author=2"}]}},"featured_image_urls":{"full":["https:\/\/i0.wp.com\/infos-droitshumains.net\/wp-content\/uploads\/2025\/10\/IMG-20251019-WA0017.jpg?fit=1024%2C682&ssl=1",1024,682,false],"thumbnail":["https:\/\/i0.wp.com\/infos-droitshumains.net\/wp-content\/uploads\/2025\/10\/IMG-20251019-WA0017.jpg?resize=150%2C150&ssl=1",150,150,true],"medium":["https:\/\/i0.wp.com\/infos-droitshumains.net\/wp-content\/uploads\/2025\/10\/IMG-20251019-WA0017.jpg?fit=300%2C200&ssl=1",300,200,true],"medium_large":["https:\/\/i0.wp.com\/infos-droitshumains.net\/wp-content\/uploads\/2025\/10\/IMG-20251019-WA0017.jpg?fit=640%2C427&ssl=1",640,427,true],"large":["https:\/\/i0.wp.com\/infos-droitshumains.net\/wp-content\/uploads\/2025\/10\/IMG-20251019-WA0017.jpg?fit=640%2C426&ssl=1",640,426,true],"1536x1536":["https:\/\/i0.wp.com\/infos-droitshumains.net\/wp-content\/uploads\/2025\/10\/IMG-20251019-WA0017.jpg?fit=1024%2C682&ssl=1",1024,682,true],"2048x2048":["https:\/\/i0.wp.com\/infos-droitshumains.net\/wp-content\/uploads\/2025\/10\/IMG-20251019-WA0017.jpg?fit=1024%2C682&ssl=1",1024,682,true],"covernews-slider-full":["https:\/\/i0.wp.com\/infos-droitshumains.net\/wp-content\/uploads\/2025\/10\/IMG-20251019-WA0017.jpg?resize=1024%2C682&ssl=1",1024,682,true],"covernews-slider-center":["https:\/\/i0.wp.com\/infos-droitshumains.net\/wp-content\/uploads\/2025\/10\/IMG-20251019-WA0017.jpg?resize=800%2C500&ssl=1",800,500,true],"covernews-featured":["https:\/\/i0.wp.com\/infos-droitshumains.net\/wp-content\/uploads\/2025\/10\/IMG-20251019-WA0017.jpg?fit=1024%2C682&ssl=1",1024,682,true],"covernews-medium":["https:\/\/i0.wp.com\/infos-droitshumains.net\/wp-content\/uploads\/2025\/10\/IMG-20251019-WA0017.jpg?resize=540%2C340&ssl=1",540,340,true],"covernews-medium-square":["https:\/\/i0.wp.com\/infos-droitshumains.net\/wp-content\/uploads\/2025\/10\/IMG-20251019-WA0017.jpg?resize=400%2C250&ssl=1",400,250,true]},"author_info":{"display_name":"Jo\u00ebl Diawa","author_link":"https:\/\/infos-droitshumains.net\/?author=2"},"category_info":"<a href=\"https:\/\/infos-droitshumains.net\/?cat=8\" rel=\"category\">Soci\u00e9t\u00e9<\/a>","tag_info":"Soci\u00e9t\u00e9","comment_count":"0","jetpack_featured_media_url":"https:\/\/i0.wp.com\/infos-droitshumains.net\/wp-content\/uploads\/2025\/10\/IMG-20251019-WA0017.jpg?fit=1024%2C682&ssl=1","jetpack-related-posts":[],"jetpack_sharing_enabled":true,"_links":{"self":[{"href":"https:\/\/infos-droitshumains.net\/index.php?rest_route=\/wp\/v2\/posts\/16466","targetHints":{"allow":["GET"]}}],"collection":[{"href":"https:\/\/infos-droitshumains.net\/index.php?rest_route=\/wp\/v2\/posts"}],"about":[{"href":"https:\/\/infos-droitshumains.net\/index.php?rest_route=\/wp\/v2\/types\/post"}],"author":[{"embeddable":true,"href":"https:\/\/infos-droitshumains.net\/index.php?rest_route=\/wp\/v2\/users\/2"}],"replies":[{"embeddable":true,"href":"https:\/\/infos-droitshumains.net\/index.php?rest_route=%2Fwp%2Fv2%2Fcomments&post=16466"}],"version-history":[{"count":3,"href":"https:\/\/infos-droitshumains.net\/index.php?rest_route=\/wp\/v2\/posts\/16466\/revisions"}],"predecessor-version":[{"id":16484,"href":"https:\/\/infos-droitshumains.net\/index.php?rest_route=\/wp\/v2\/posts\/16466\/revisions\/16484"}],"wp:featuredmedia":[{"embeddable":true,"href":"https:\/\/infos-droitshumains.net\/index.php?rest_route=\/wp\/v2\/media\/16467"}],"wp:attachment":[{"href":"https:\/\/infos-droitshumains.net\/index.php?rest_route=%2Fwp%2Fv2%2Fmedia&parent=16466"}],"wp:term":[{"taxonomy":"category","embeddable":true,"href":"https:\/\/infos-droitshumains.net\/index.php?rest_route=%2Fwp%2Fv2%2Fcategories&post=16466"},{"taxonomy":"post_tag","embeddable":true,"href":"https:\/\/infos-droitshumains.net\/index.php?rest_route=%2Fwp%2Fv2%2Ftags&post=16466"}],"curies":[{"name":"wp","href":"https:\/\/api.w.org\/{rel}","templated":true}]}}