{"id":16435,"date":"2025-10-15T15:04:33","date_gmt":"2025-10-15T13:04:33","guid":{"rendered":"https:\/\/infos-droitshumains.net\/?p=16435"},"modified":"2025-10-15T15:25:10","modified_gmt":"2025-10-15T13:25:10","slug":"elections-des-batonniers-me-cherine-luzaisu-reelue-au-kongo-central-un-second-tour-simpose-a-matete-et-a-gombe","status":"publish","type":"post","link":"https:\/\/infos-droitshumains.net\/?p=16435","title":{"rendered":"\u00c9lections des B\u00e2tonniers : Me. Cherine Luzaisu r\u00e9\u00e9lue au Kongo-Central, un second tour s\u2019impose \u00e0 Matete et \u00e0 Gombe"},"content":{"rendered":"\n<p><strong>R\u00e9daction: +243 817 406 088<\/strong><\/p>\n\n\n\n<h3 class=\"wp-block-heading has-vivid-red-color has-text-color has-link-color wp-elements-388c2ac7c7d0b8e1b17c6326ffb5d27b\">Les \u00e9lections des B\u00e2tonniers se sont tenues ce mardi 14 octobre dans l\u2019ensemble des Barreaux de la R\u00e9publique D\u00e9mocratique du Congo, conform\u00e9ment aux dispositions de l\u2019article 29 du r\u00e8glement int\u00e9rieur-cadre du 19 ao\u00fbt 1987. Si au Barreau du Kongo-Central le scrutin a \u00e9t\u00e9 tranch\u00e9 d\u00e8s le premier tour, les Barreaux de Kinshasa\/Gombe et de Kinshasa\/Matete devront passer par un second tour, aucun candidat n\u2019ayant atteint la majorit\u00e9 absolue requise.<\/h3>\n\n\n\n<p>Au Kongo-Central, la B\u00e2tonni\u00e8re sortante, Me Cherine Luzaisu, candidate \u00e0 sa propre succession, a \u00e9t\u00e9 r\u00e9\u00e9lue \u00e0 l\u2019unanimit\u00e9 avec 799 voix sur 799, un score parfait traduisant un rare consensus au sein de son Barreau.<\/p>\n\n\n\n<p><strong>Un second tour \u00e0 Kinshasa\/Matete<\/strong><\/p>\n\n\n\n<p>\u00c0 Kinshasa\/Matete, la comp\u00e9tition reste ouverte. Le B\u00e2tonnier sortant, Me. Emile Mutshembe Wembo, est arriv\u00e9 en t\u00eate avec 1 043 voix, suivi de Me. C\u00e9dric Kabanangi Balela qui a r\u00e9colt\u00e9 781 voix. Me. Nsele Ngomba, quant \u00e0 lui, ferme la marche avec 135 voix; 224 bulletins ont \u00e9t\u00e9 nuls<\/p>\n\n\n\n<p>Conform\u00e9ment aux textes en vigueur, le second tour opposera donc Me Mutshembe Wembo \u00e0 Me Kabanangi Balela, les deux candidats ayant obtenu le plus grand nombre de suffrages.<\/p>\n\n\n\n<p><strong>Une configuration similaire \u00e0 Kinshasa\/Gombe<\/strong><\/p>\n\n\n\n<p>Le Barreau de Kinshasa\/Gombe conna\u00eetra \u00e9galement un second tour, aucun des sept candidats en lice n\u2019ayant obtenu la majorit\u00e9 absolue. Sur fond de 53 bulletins nuls, les r\u00e9sultats se pr\u00e9sentent comme suit :<\/p>\n\n\n\n<ol start=\"1\" class=\"wp-block-list\">\n<li>Me Andr\u00e9 Kibambe Kikangala : 562 voix<\/li>\n\n\n\n<li>Me Junior Kapuya Meleka : 199 voix<\/li>\n\n\n\n<li>Me Guy Mulang A Mulang : 135 voix<\/li>\n\n\n\n<li>Me Darius Tsey A Tshey : 83 voix<\/li>\n\n\n\n<li>Me Donald Sindani : 65 voix<\/li>\n\n\n\n<li>Me Blaise Lunda : 63 voix<\/li>\n\n\n\n<li>Me Rh\u00e9vo Mulamba : 56 voix<\/li>\n<\/ol>\n\n\n\n<p>Le second tour verra donc s\u2019affronter Me Andr\u00e9 Kibambe et Me Junior Kapuya, respectivement premier et deuxi\u00e8me au classement.<\/p>\n\n\n\n<p><strong>Une campagne relanc\u00e9e dans un climat d\u2019attente<\/strong><\/p>\n\n\n\n<p>Pr\u00e9vu pour le samedi 25 octobre, le second tour s\u2019annonce d\u00e9cisif dans les deux Barreaux de la capitale. Les candidats encore en lice doivent relancer leurs campagnes, convaincre les \u00e9lecteurs ind\u00e9cis et \u00e9largir leurs bases de soutien.<\/p>\n\n\n\n<p>Ces \u00e9lections traduisent la vitalit\u00e9 d\u00e9mocratique au sein des Barreaux congolais et marquent une \u00e9tape cruciale dans la vie institutionnelle de l\u2019Ordre. Le processus \u00e9lectoral en cours illustre \u00e9galement l\u2019importance de l\u2019engagement des avocats dans la gouvernance de leur profession.<\/p>\n\n\n\n<p>Jo\u00ebl Diawa<\/p>\n","protected":false},"excerpt":{"rendered":"<p>R\u00e9daction: +243 817 406 088 Les \u00e9lections des B\u00e2tonniers se sont tenues ce mardi 14&#8230;<\/p>\n","protected":false},"author":2,"featured_media":16441,"comment_status":"open","ping_status":"open","sticky":false,"template":"","format":"standard","meta":{"_jetpack_memberships_contains_paid_content":false,"footnotes":""},"categories":[6],"tags":[],"class_list":["post-16435","post","type-post","status-publish","format-standard","has-post-thumbnail","hentry","category-justice"],"yoast_head":"<!-- This site is optimized with the Yoast SEO plugin v27.5 - https:\/\/yoast.com\/product\/yoast-seo-wordpress\/ -->\n<title>\u00c9lections des B\u00e2tonniers : Me. Cherine Luzaisu r\u00e9\u00e9lue au Kongo-Central, un second tour s\u2019impose \u00e0 Matete et \u00e0 Gombe - Infos Droits Humains<\/title>\n<meta name=\"robots\" content=\"index, follow, max-snippet:-1, max-image-preview:large, max-video-preview:-1\" \/>\n<link rel=\"canonical\" href=\"https:\/\/infos-droitshumains.net\/?p=16435\" \/>\n<meta property=\"og:locale\" content=\"fr_FR\" \/>\n<meta property=\"og:type\" content=\"article\" \/>\n<meta property=\"og:title\" content=\"\u00c9lections des B\u00e2tonniers : Me. Cherine Luzaisu r\u00e9\u00e9lue au Kongo-Central, un second tour s\u2019impose \u00e0 Matete et \u00e0 Gombe - Infos Droits Humains\" \/>\n<meta property=\"og:description\" content=\"R\u00e9daction: +243 817 406 088 Les \u00e9lections des B\u00e2tonniers se sont tenues ce mardi 14...\" \/>\n<meta property=\"og:url\" content=\"https:\/\/infos-droitshumains.net\/?p=16435\" \/>\n<meta property=\"og:site_name\" content=\"Infos Droits Humains\" \/>\n<meta property=\"article:published_time\" content=\"2025-10-15T13:04:33+00:00\" \/>\n<meta property=\"article:modified_time\" content=\"2025-10-15T13:25:10+00:00\" \/>\n<meta property=\"og:image\" content=\"https:\/\/infos-droitshumains.net\/wp-content\/uploads\/2025\/10\/BARREAU-OKAY-scaled.jpg\" \/>\n\t<meta property=\"og:image:width\" content=\"2560\" \/>\n\t<meta property=\"og:image:height\" content=\"1707\" \/>\n\t<meta property=\"og:image:type\" content=\"image\/jpeg\" \/>\n<meta name=\"author\" content=\"Jo\u00ebl Diawa\" \/>\n<meta name=\"twitter:card\" content=\"summary_large_image\" \/>\n<meta name=\"twitter:label1\" content=\"\u00c9crit par\" \/>\n\t<meta name=\"twitter:data1\" content=\"Jo\u00ebl Diawa\" \/>\n\t<meta name=\"twitter:label2\" content=\"Dur\u00e9e de lecture estim\u00e9e\" \/>\n\t<meta name=\"twitter:data2\" content=\"3 minutes\" \/>\n<script type=\"application\/ld+json\" class=\"yoast-schema-graph\">{\"@context\":\"https:\\\/\\\/schema.org\",\"@graph\":[{\"@type\":\"Article\",\"@id\":\"https:\\\/\\\/infos-droitshumains.net\\\/?p=16435#article\",\"isPartOf\":{\"@id\":\"https:\\\/\\\/infos-droitshumains.net\\\/?p=16435\"},\"author\":{\"name\":\"Jo\u00ebl Diawa\",\"@id\":\"https:\\\/\\\/infos-droitshumains.net\\\/#\\\/schema\\\/person\\\/3dc5e921c3302172e0ed4362f96faab7\"},\"headline\":\"\u00c9lections des B\u00e2tonniers : Me. Cherine Luzaisu r\u00e9\u00e9lue au Kongo-Central, un second tour s\u2019impose \u00e0 Matete et \u00e0 Gombe\",\"datePublished\":\"2025-10-15T13:04:33+00:00\",\"dateModified\":\"2025-10-15T13:25:10+00:00\",\"mainEntityOfPage\":{\"@id\":\"https:\\\/\\\/infos-droitshumains.net\\\/?p=16435\"},\"wordCount\":408,\"commentCount\":0,\"publisher\":{\"@id\":\"https:\\\/\\\/infos-droitshumains.net\\\/#organization\"},\"image\":{\"@id\":\"https:\\\/\\\/infos-droitshumains.net\\\/?p=16435#primaryimage\"},\"thumbnailUrl\":\"https:\\\/\\\/i0.wp.com\\\/infos-droitshumains.net\\\/wp-content\\\/uploads\\\/2025\\\/10\\\/BARREAU-OKAY-scaled.jpg?fit=2560%2C1707&ssl=1\",\"articleSection\":[\"Justice\"],\"inLanguage\":\"fr-FR\",\"potentialAction\":[{\"@type\":\"CommentAction\",\"name\":\"Comment\",\"target\":[\"https:\\\/\\\/infos-droitshumains.net\\\/?p=16435#respond\"]}]},{\"@type\":\"WebPage\",\"@id\":\"https:\\\/\\\/infos-droitshumains.net\\\/?p=16435\",\"url\":\"https:\\\/\\\/infos-droitshumains.net\\\/?p=16435\",\"name\":\"\u00c9lections des B\u00e2tonniers : Me. Cherine Luzaisu r\u00e9\u00e9lue au Kongo-Central, un second tour s\u2019impose \u00e0 Matete et \u00e0 Gombe - Infos Droits Humains\",\"isPartOf\":{\"@id\":\"https:\\\/\\\/infos-droitshumains.net\\\/#website\"},\"primaryImageOfPage\":{\"@id\":\"https:\\\/\\\/infos-droitshumains.net\\\/?p=16435#primaryimage\"},\"image\":{\"@id\":\"https:\\\/\\\/infos-droitshumains.net\\\/?p=16435#primaryimage\"},\"thumbnailUrl\":\"https:\\\/\\\/i0.wp.com\\\/infos-droitshumains.net\\\/wp-content\\\/uploads\\\/2025\\\/10\\\/BARREAU-OKAY-scaled.jpg?fit=2560%2C1707&ssl=1\",\"datePublished\":\"2025-10-15T13:04:33+00:00\",\"dateModified\":\"2025-10-15T13:25:10+00:00\",\"breadcrumb\":{\"@id\":\"https:\\\/\\\/infos-droitshumains.net\\\/?p=16435#breadcrumb\"},\"inLanguage\":\"fr-FR\",\"potentialAction\":[{\"@type\":\"ReadAction\",\"target\":[\"https:\\\/\\\/infos-droitshumains.net\\\/?p=16435\"]}]},{\"@type\":\"ImageObject\",\"inLanguage\":\"fr-FR\",\"@id\":\"https:\\\/\\\/infos-droitshumains.net\\\/?p=16435#primaryimage\",\"url\":\"https:\\\/\\\/i0.wp.com\\\/infos-droitshumains.net\\\/wp-content\\\/uploads\\\/2025\\\/10\\\/BARREAU-OKAY-scaled.jpg?fit=2560%2C1707&ssl=1\",\"contentUrl\":\"https:\\\/\\\/i0.wp.com\\\/infos-droitshumains.net\\\/wp-content\\\/uploads\\\/2025\\\/10\\\/BARREAU-OKAY-scaled.jpg?fit=2560%2C1707&ssl=1\",\"width\":2560,\"height\":1707},{\"@type\":\"BreadcrumbList\",\"@id\":\"https:\\\/\\\/infos-droitshumains.net\\\/?p=16435#breadcrumb\",\"itemListElement\":[{\"@type\":\"ListItem\",\"position\":1,\"name\":\"Accueil\",\"item\":\"https:\\\/\\\/infos-droitshumains.net\\\/\"},{\"@type\":\"ListItem\",\"position\":2,\"name\":\"\u00c9lections des B\u00e2tonniers : Me. Cherine Luzaisu r\u00e9\u00e9lue au Kongo-Central, un second tour s\u2019impose \u00e0 Matete et \u00e0 Gombe\"}]},{\"@type\":\"WebSite\",\"@id\":\"https:\\\/\\\/infos-droitshumains.net\\\/#website\",\"url\":\"https:\\\/\\\/infos-droitshumains.net\\\/\",\"name\":\"Infos Droits Humains\",\"description\":\"S&#039;informer est un droit\",\"publisher\":{\"@id\":\"https:\\\/\\\/infos-droitshumains.net\\\/#organization\"},\"potentialAction\":[{\"@type\":\"SearchAction\",\"target\":{\"@type\":\"EntryPoint\",\"urlTemplate\":\"https:\\\/\\\/infos-droitshumains.net\\\/?s={search_term_string}\"},\"query-input\":{\"@type\":\"PropertyValueSpecification\",\"valueRequired\":true,\"valueName\":\"search_term_string\"}}],\"inLanguage\":\"fr-FR\"},{\"@type\":\"Organization\",\"@id\":\"https:\\\/\\\/infos-droitshumains.net\\\/#organization\",\"name\":\"Infos Droits Humains\",\"url\":\"https:\\\/\\\/infos-droitshumains.net\\\/\",\"logo\":{\"@type\":\"ImageObject\",\"inLanguage\":\"fr-FR\",\"@id\":\"https:\\\/\\\/infos-droitshumains.net\\\/#\\\/schema\\\/logo\\\/image\\\/\",\"url\":\"https:\\\/\\\/i0.wp.com\\\/infos-droitshumains.net\\\/wp-content\\\/uploads\\\/2022\\\/05\\\/Logo.png?fit=333%2C129&ssl=1\",\"contentUrl\":\"https:\\\/\\\/i0.wp.com\\\/infos-droitshumains.net\\\/wp-content\\\/uploads\\\/2022\\\/05\\\/Logo.png?fit=333%2C129&ssl=1\",\"width\":333,\"height\":129,\"caption\":\"Infos Droits Humains\"},\"image\":{\"@id\":\"https:\\\/\\\/infos-droitshumains.net\\\/#\\\/schema\\\/logo\\\/image\\\/\"}},{\"@type\":\"Person\",\"@id\":\"https:\\\/\\\/infos-droitshumains.net\\\/#\\\/schema\\\/person\\\/3dc5e921c3302172e0ed4362f96faab7\",\"name\":\"Jo\u00ebl Diawa\",\"image\":{\"@type\":\"ImageObject\",\"inLanguage\":\"fr-FR\",\"@id\":\"https:\\\/\\\/secure.gravatar.com\\\/avatar\\\/729bea6ff4604c624417803c477363be8e3c7186deaa65713313f9b4b820f41c?s=96&d=mm&r=g\",\"url\":\"https:\\\/\\\/secure.gravatar.com\\\/avatar\\\/729bea6ff4604c624417803c477363be8e3c7186deaa65713313f9b4b820f41c?s=96&d=mm&r=g\",\"contentUrl\":\"https:\\\/\\\/secure.gravatar.com\\\/avatar\\\/729bea6ff4604c624417803c477363be8e3c7186deaa65713313f9b4b820f41c?s=96&d=mm&r=g\",\"caption\":\"Jo\u00ebl Diawa\"},\"sameAs\":[\"https:\\\/\\\/www.infos-droitshumains.net\"],\"url\":\"https:\\\/\\\/infos-droitshumains.net\\\/?author=2\"}]}<\/script>\n<!-- \/ Yoast SEO plugin. -->","yoast_head_json":{"title":"\u00c9lections des B\u00e2tonniers : Me. Cherine Luzaisu r\u00e9\u00e9lue au Kongo-Central, un second tour s\u2019impose \u00e0 Matete et \u00e0 Gombe - Infos Droits Humains","robots":{"index":"index","follow":"follow","max-snippet":"max-snippet:-1","max-image-preview":"max-image-preview:large","max-video-preview":"max-video-preview:-1"},"canonical":"https:\/\/infos-droitshumains.net\/?p=16435","og_locale":"fr_FR","og_type":"article","og_title":"\u00c9lections des B\u00e2tonniers : Me. Cherine Luzaisu r\u00e9\u00e9lue au Kongo-Central, un second tour s\u2019impose \u00e0 Matete et \u00e0 Gombe - Infos Droits Humains","og_description":"R\u00e9daction: +243 817 406 088 Les \u00e9lections des B\u00e2tonniers se sont tenues ce mardi 14...","og_url":"https:\/\/infos-droitshumains.net\/?p=16435","og_site_name":"Infos Droits Humains","article_published_time":"2025-10-15T13:04:33+00:00","article_modified_time":"2025-10-15T13:25:10+00:00","og_image":[{"width":2560,"height":1707,"url":"https:\/\/infos-droitshumains.net\/wp-content\/uploads\/2025\/10\/BARREAU-OKAY-scaled.jpg","type":"image\/jpeg"}],"author":"Jo\u00ebl Diawa","twitter_card":"summary_large_image","twitter_misc":{"\u00c9crit par":"Jo\u00ebl Diawa","Dur\u00e9e de lecture estim\u00e9e":"3 minutes"},"schema":{"@context":"https:\/\/schema.org","@graph":[{"@type":"Article","@id":"https:\/\/infos-droitshumains.net\/?p=16435#article","isPartOf":{"@id":"https:\/\/infos-droitshumains.net\/?p=16435"},"author":{"name":"Jo\u00ebl Diawa","@id":"https:\/\/infos-droitshumains.net\/#\/schema\/person\/3dc5e921c3302172e0ed4362f96faab7"},"headline":"\u00c9lections des B\u00e2tonniers : Me. Cherine Luzaisu r\u00e9\u00e9lue au Kongo-Central, un second tour s\u2019impose \u00e0 Matete et \u00e0 Gombe","datePublished":"2025-10-15T13:04:33+00:00","dateModified":"2025-10-15T13:25:10+00:00","mainEntityOfPage":{"@id":"https:\/\/infos-droitshumains.net\/?p=16435"},"wordCount":408,"commentCount":0,"publisher":{"@id":"https:\/\/infos-droitshumains.net\/#organization"},"image":{"@id":"https:\/\/infos-droitshumains.net\/?p=16435#primaryimage"},"thumbnailUrl":"https:\/\/i0.wp.com\/infos-droitshumains.net\/wp-content\/uploads\/2025\/10\/BARREAU-OKAY-scaled.jpg?fit=2560%2C1707&ssl=1","articleSection":["Justice"],"inLanguage":"fr-FR","potentialAction":[{"@type":"CommentAction","name":"Comment","target":["https:\/\/infos-droitshumains.net\/?p=16435#respond"]}]},{"@type":"WebPage","@id":"https:\/\/infos-droitshumains.net\/?p=16435","url":"https:\/\/infos-droitshumains.net\/?p=16435","name":"\u00c9lections des B\u00e2tonniers : Me. Cherine Luzaisu r\u00e9\u00e9lue au Kongo-Central, un second tour s\u2019impose \u00e0 Matete et \u00e0 Gombe - Infos Droits Humains","isPartOf":{"@id":"https:\/\/infos-droitshumains.net\/#website"},"primaryImageOfPage":{"@id":"https:\/\/infos-droitshumains.net\/?p=16435#primaryimage"},"image":{"@id":"https:\/\/infos-droitshumains.net\/?p=16435#primaryimage"},"thumbnailUrl":"https:\/\/i0.wp.com\/infos-droitshumains.net\/wp-content\/uploads\/2025\/10\/BARREAU-OKAY-scaled.jpg?fit=2560%2C1707&ssl=1","datePublished":"2025-10-15T13:04:33+00:00","dateModified":"2025-10-15T13:25:10+00:00","breadcrumb":{"@id":"https:\/\/infos-droitshumains.net\/?p=16435#breadcrumb"},"inLanguage":"fr-FR","potentialAction":[{"@type":"ReadAction","target":["https:\/\/infos-droitshumains.net\/?p=16435"]}]},{"@type":"ImageObject","inLanguage":"fr-FR","@id":"https:\/\/infos-droitshumains.net\/?p=16435#primaryimage","url":"https:\/\/i0.wp.com\/infos-droitshumains.net\/wp-content\/uploads\/2025\/10\/BARREAU-OKAY-scaled.jpg?fit=2560%2C1707&ssl=1","contentUrl":"https:\/\/i0.wp.com\/infos-droitshumains.net\/wp-content\/uploads\/2025\/10\/BARREAU-OKAY-scaled.jpg?fit=2560%2C1707&ssl=1","width":2560,"height":1707},{"@type":"BreadcrumbList","@id":"https:\/\/infos-droitshumains.net\/?p=16435#breadcrumb","itemListElement":[{"@type":"ListItem","position":1,"name":"Accueil","item":"https:\/\/infos-droitshumains.net\/"},{"@type":"ListItem","position":2,"name":"\u00c9lections des B\u00e2tonniers : Me. Cherine Luzaisu r\u00e9\u00e9lue au Kongo-Central, un second tour s\u2019impose \u00e0 Matete et \u00e0 Gombe"}]},{"@type":"WebSite","@id":"https:\/\/infos-droitshumains.net\/#website","url":"https:\/\/infos-droitshumains.net\/","name":"Infos Droits Humains","description":"S&#039;informer est un droit","publisher":{"@id":"https:\/\/infos-droitshumains.net\/#organization"},"potentialAction":[{"@type":"SearchAction","target":{"@type":"EntryPoint","urlTemplate":"https:\/\/infos-droitshumains.net\/?s={search_term_string}"},"query-input":{"@type":"PropertyValueSpecification","valueRequired":true,"valueName":"search_term_string"}}],"inLanguage":"fr-FR"},{"@type":"Organization","@id":"https:\/\/infos-droitshumains.net\/#organization","name":"Infos Droits Humains","url":"https:\/\/infos-droitshumains.net\/","logo":{"@type":"ImageObject","inLanguage":"fr-FR","@id":"https:\/\/infos-droitshumains.net\/#\/schema\/logo\/image\/","url":"https:\/\/i0.wp.com\/infos-droitshumains.net\/wp-content\/uploads\/2022\/05\/Logo.png?fit=333%2C129&ssl=1","contentUrl":"https:\/\/i0.wp.com\/infos-droitshumains.net\/wp-content\/uploads\/2022\/05\/Logo.png?fit=333%2C129&ssl=1","width":333,"height":129,"caption":"Infos Droits Humains"},"image":{"@id":"https:\/\/infos-droitshumains.net\/#\/schema\/logo\/image\/"}},{"@type":"Person","@id":"https:\/\/infos-droitshumains.net\/#\/schema\/person\/3dc5e921c3302172e0ed4362f96faab7","name":"Jo\u00ebl Diawa","image":{"@type":"ImageObject","inLanguage":"fr-FR","@id":"https:\/\/secure.gravatar.com\/avatar\/729bea6ff4604c624417803c477363be8e3c7186deaa65713313f9b4b820f41c?s=96&d=mm&r=g","url":"https:\/\/secure.gravatar.com\/avatar\/729bea6ff4604c624417803c477363be8e3c7186deaa65713313f9b4b820f41c?s=96&d=mm&r=g","contentUrl":"https:\/\/secure.gravatar.com\/avatar\/729bea6ff4604c624417803c477363be8e3c7186deaa65713313f9b4b820f41c?s=96&d=mm&r=g","caption":"Jo\u00ebl Diawa"},"sameAs":["https:\/\/www.infos-droitshumains.net"],"url":"https:\/\/infos-droitshumains.net\/?author=2"}]}},"featured_image_urls":{"full":["https:\/\/i0.wp.com\/infos-droitshumains.net\/wp-content\/uploads\/2025\/10\/BARREAU-OKAY-scaled.jpg?fit=2560%2C1707&ssl=1",2560,1707,false],"thumbnail":["https:\/\/i0.wp.com\/infos-droitshumains.net\/wp-content\/uploads\/2025\/10\/BARREAU-OKAY-scaled.jpg?resize=150%2C150&ssl=1",150,150,true],"medium":["https:\/\/i0.wp.com\/infos-droitshumains.net\/wp-content\/uploads\/2025\/10\/BARREAU-OKAY-scaled.jpg?fit=300%2C200&ssl=1",300,200,true],"medium_large":["https:\/\/i0.wp.com\/infos-droitshumains.net\/wp-content\/uploads\/2025\/10\/BARREAU-OKAY-scaled.jpg?fit=640%2C427&ssl=1",640,427,true],"large":["https:\/\/i0.wp.com\/infos-droitshumains.net\/wp-content\/uploads\/2025\/10\/BARREAU-OKAY-scaled.jpg?fit=640%2C427&ssl=1",640,427,true],"1536x1536":["https:\/\/i0.wp.com\/infos-droitshumains.net\/wp-content\/uploads\/2025\/10\/BARREAU-OKAY-scaled.jpg?fit=1536%2C1024&ssl=1",1536,1024,true],"2048x2048":["https:\/\/i0.wp.com\/infos-droitshumains.net\/wp-content\/uploads\/2025\/10\/BARREAU-OKAY-scaled.jpg?fit=2048%2C1365&ssl=1",2048,1365,true],"covernews-slider-full":["https:\/\/i0.wp.com\/infos-droitshumains.net\/wp-content\/uploads\/2025\/10\/BARREAU-OKAY-scaled.jpg?resize=1115%2C715&ssl=1",1115,715,true],"covernews-slider-center":["https:\/\/i0.wp.com\/infos-droitshumains.net\/wp-content\/uploads\/2025\/10\/BARREAU-OKAY-scaled.jpg?resize=800%2C500&ssl=1",800,500,true],"covernews-featured":["https:\/\/i0.wp.com\/infos-droitshumains.net\/wp-content\/uploads\/2025\/10\/BARREAU-OKAY-scaled.jpg?fit=1024%2C683&ssl=1",1024,683,true],"covernews-medium":["https:\/\/i0.wp.com\/infos-droitshumains.net\/wp-content\/uploads\/2025\/10\/BARREAU-OKAY-scaled.jpg?resize=540%2C340&ssl=1",540,340,true],"covernews-medium-square":["https:\/\/i0.wp.com\/infos-droitshumains.net\/wp-content\/uploads\/2025\/10\/BARREAU-OKAY-scaled.jpg?resize=400%2C250&ssl=1",400,250,true]},"author_info":{"display_name":"Jo\u00ebl Diawa","author_link":"https:\/\/infos-droitshumains.net\/?author=2"},"category_info":"<a href=\"https:\/\/infos-droitshumains.net\/?cat=6\" rel=\"category\">Justice<\/a>","tag_info":"Justice","comment_count":"0","jetpack_featured_media_url":"https:\/\/i0.wp.com\/infos-droitshumains.net\/wp-content\/uploads\/2025\/10\/BARREAU-OKAY-scaled.jpg?fit=2560%2C1707&ssl=1","jetpack-related-posts":[],"jetpack_sharing_enabled":true,"_links":{"self":[{"href":"https:\/\/infos-droitshumains.net\/index.php?rest_route=\/wp\/v2\/posts\/16435","targetHints":{"allow":["GET"]}}],"collection":[{"href":"https:\/\/infos-droitshumains.net\/index.php?rest_route=\/wp\/v2\/posts"}],"about":[{"href":"https:\/\/infos-droitshumains.net\/index.php?rest_route=\/wp\/v2\/types\/post"}],"author":[{"embeddable":true,"href":"https:\/\/infos-droitshumains.net\/index.php?rest_route=\/wp\/v2\/users\/2"}],"replies":[{"embeddable":true,"href":"https:\/\/infos-droitshumains.net\/index.php?rest_route=%2Fwp%2Fv2%2Fcomments&post=16435"}],"version-history":[{"count":4,"href":"https:\/\/infos-droitshumains.net\/index.php?rest_route=\/wp\/v2\/posts\/16435\/revisions"}],"predecessor-version":[{"id":16440,"href":"https:\/\/infos-droitshumains.net\/index.php?rest_route=\/wp\/v2\/posts\/16435\/revisions\/16440"}],"wp:featuredmedia":[{"embeddable":true,"href":"https:\/\/infos-droitshumains.net\/index.php?rest_route=\/wp\/v2\/media\/16441"}],"wp:attachment":[{"href":"https:\/\/infos-droitshumains.net\/index.php?rest_route=%2Fwp%2Fv2%2Fmedia&parent=16435"}],"wp:term":[{"taxonomy":"category","embeddable":true,"href":"https:\/\/infos-droitshumains.net\/index.php?rest_route=%2Fwp%2Fv2%2Fcategories&post=16435"},{"taxonomy":"post_tag","embeddable":true,"href":"https:\/\/infos-droitshumains.net\/index.php?rest_route=%2Fwp%2Fv2%2Ftags&post=16435"}],"curies":[{"name":"wp","href":"https:\/\/api.w.org\/{rel}","templated":true}]}}