{"id":16409,"date":"2025-10-03T14:45:11","date_gmt":"2025-10-03T12:45:11","guid":{"rendered":"https:\/\/infos-droitshumains.net\/?p=16409"},"modified":"2025-10-03T15:02:17","modified_gmt":"2025-10-03T13:02:17","slug":"rdc-les-cadres-et-agents-de-lins-formes-et-capacites-sur-linclusion-du-handicap-dans-le-processus-de-developpement-humain","status":"publish","type":"post","link":"https:\/\/infos-droitshumains.net\/?p=16409","title":{"rendered":"RDC: Les cadres et agents de l&rsquo;INS form\u00e9s et capacit\u00e9s sur l&rsquo;inclusion du handicap dans le processus de d\u00e9veloppement humain"},"content":{"rendered":"\n<p><strong>R\u00e9daction: +243 817 406 088<\/strong><\/p>\n\n\n\n<h3 class=\"wp-block-heading has-vivid-red-color has-text-color has-link-color wp-elements-93cd063103e60deda108de259b08857b\">L&rsquo;inclusion du handicap dans le processus de d\u00e9veloppement humain en R\u00e9publique D\u00e9mocratique du Congo, ce th\u00e8me est au centre d&rsquo;un atelier de formation et de renforcement des capacit\u00e9s  organis\u00e9 du 2 au 3 octobre 2025 \u00e0 Kinshasa  par le Bureau Conjoint des Nations Unies aux Droits de l&rsquo;Homme(BCNUDH) en collaboration avec le minist\u00e8re en charge des personnes vivant avec handicap et autres personnes vuln\u00e9rables \u00e0 l&rsquo;intention des cadres et agents de l&rsquo;Institut National des Statistiques (INS).<\/h3>\n\n\n\n<figure class=\"wp-block-image alignfull size-full\"><img data-recalc-dims=\"1\" fetchpriority=\"high\" decoding=\"async\" width=\"640\" height=\"360\" src=\"https:\/\/i0.wp.com\/infos-droitshumains.net\/wp-content\/uploads\/2025\/10\/1000480183.jpg?resize=640%2C360&#038;ssl=1\" alt=\"\" class=\"wp-image-16414\" srcset=\"https:\/\/i0.wp.com\/infos-droitshumains.net\/wp-content\/uploads\/2025\/10\/1000480183.jpg?w=960&amp;ssl=1 960w, https:\/\/i0.wp.com\/infos-droitshumains.net\/wp-content\/uploads\/2025\/10\/1000480183.jpg?resize=300%2C169&amp;ssl=1 300w, https:\/\/i0.wp.com\/infos-droitshumains.net\/wp-content\/uploads\/2025\/10\/1000480183.jpg?resize=768%2C432&amp;ssl=1 768w\" sizes=\"(max-width: 640px) 100vw, 640px\" \/><\/figure>\n\n\n\n<figure class=\"wp-block-image alignfull size-full\"><img data-recalc-dims=\"1\" decoding=\"async\" width=\"640\" height=\"360\" src=\"https:\/\/i0.wp.com\/infos-droitshumains.net\/wp-content\/uploads\/2025\/10\/1000480180.jpg?resize=640%2C360&#038;ssl=1\" alt=\"\" class=\"wp-image-16415\" srcset=\"https:\/\/i0.wp.com\/infos-droitshumains.net\/wp-content\/uploads\/2025\/10\/1000480180.jpg?w=960&amp;ssl=1 960w, https:\/\/i0.wp.com\/infos-droitshumains.net\/wp-content\/uploads\/2025\/10\/1000480180.jpg?resize=300%2C169&amp;ssl=1 300w, https:\/\/i0.wp.com\/infos-droitshumains.net\/wp-content\/uploads\/2025\/10\/1000480180.jpg?resize=768%2C432&amp;ssl=1 768w\" sizes=\"(max-width: 640px) 100vw, 640px\" \/><\/figure>\n\n\n\n<p><em>\u00ab \u00c0 travers cette initiative, nous r\u00e9affirmons notre engagement collectif \u00e0 b\u00e2tir une soci\u00e9t\u00e9 plus juste, plus \u00e9quitable et v\u00e9ritablement inclusive. l&rsquo;objectif principal de cet atelier est de renforcer les capacit\u00e9s des cadres et agents de l&rsquo;Institut National des Statistiques afin de mieux les pr\u00e9parer \u00e0 int\u00e9grer les dimensions du handicap et du genre dans la collecte et analyse des donn\u00e9es statistiques. Il va sans dire que ces donn\u00e9es sont essentielles pour orienter les politiques publiques et les programmes de d\u00e9veloppement qui tiennent compte des droits et besoins des personnes handicap\u00e9es \u00bb<\/em>, a d\u00e9clar\u00e9 Corinne Nguegang,  coordonnatrice de l&rsquo;unit\u00e9 Renforcement Institutionnel et Reformes du BCNUDH lors de l&rsquo;ouverture de ces assises.<\/p>\n\n\n\n<figure class=\"wp-block-image alignfull size-full\"><img data-recalc-dims=\"1\" decoding=\"async\" width=\"640\" height=\"360\" src=\"https:\/\/i0.wp.com\/infos-droitshumains.net\/wp-content\/uploads\/2025\/10\/1000480192.jpg?resize=640%2C360&#038;ssl=1\" alt=\"\" class=\"wp-image-16419\" srcset=\"https:\/\/i0.wp.com\/infos-droitshumains.net\/wp-content\/uploads\/2025\/10\/1000480192.jpg?w=960&amp;ssl=1 960w, https:\/\/i0.wp.com\/infos-droitshumains.net\/wp-content\/uploads\/2025\/10\/1000480192.jpg?resize=300%2C169&amp;ssl=1 300w, https:\/\/i0.wp.com\/infos-droitshumains.net\/wp-content\/uploads\/2025\/10\/1000480192.jpg?resize=768%2C432&amp;ssl=1 768w\" sizes=\"(max-width: 640px) 100vw, 640px\" \/><\/figure>\n\n\n\n<p>Pr\u00e9sente \u00e0 cette activit\u00e9, la directrice g\u00e9n\u00e9rale de l&rsquo;Institut National des Statistiques, Elys\u00e9e Chovu Alima a plaid\u00e9 aupr\u00e8s de son partenaire, le BCNUDBC pour le soutien de ce dernier \u00e0 son institut ce, avant d\u2019annoncer que le taux des personnes handicap\u00e9es en RDC est en hausse.<\/p>\n\n\n\n<figure class=\"wp-block-image alignfull size-full\"><img data-recalc-dims=\"1\" loading=\"lazy\" decoding=\"async\" width=\"640\" height=\"360\" src=\"https:\/\/i0.wp.com\/infos-droitshumains.net\/wp-content\/uploads\/2025\/10\/1000480195.jpg?resize=640%2C360&#038;ssl=1\" alt=\"\" class=\"wp-image-16417\" srcset=\"https:\/\/i0.wp.com\/infos-droitshumains.net\/wp-content\/uploads\/2025\/10\/1000480195.jpg?w=960&amp;ssl=1 960w, https:\/\/i0.wp.com\/infos-droitshumains.net\/wp-content\/uploads\/2025\/10\/1000480195.jpg?resize=300%2C169&amp;ssl=1 300w, https:\/\/i0.wp.com\/infos-droitshumains.net\/wp-content\/uploads\/2025\/10\/1000480195.jpg?resize=768%2C432&amp;ssl=1 768w\" sizes=\"(max-width: 640px) 100vw, 640px\" \/><\/figure>\n\n\n\n<p><em>\u00ab En RDC, le nombre des personnes avec handicap est en augmentation, notamment \u00e0 cause des conflits \u00bb<\/em>, a r\u00e9v\u00e9l\u00e9 Elys\u00e9e Chovu Alima.<\/p>\n\n\n\n<p>Le Directeur de Cabinet de la ministre en charge des personnes avec handicap et autres personnes vuln\u00e9rables a pr\u00e9cis\u00e9 que cet atelier r\u00e9pond \u00e0 la vision du Chef de l&rsquo;\u00c9tat sur l&rsquo;inclusion sociale des personnes handicap\u00e9es.<\/p>\n\n\n\n<figure class=\"wp-block-image alignfull size-full\"><img data-recalc-dims=\"1\" loading=\"lazy\" decoding=\"async\" width=\"640\" height=\"360\" src=\"https:\/\/i0.wp.com\/infos-droitshumains.net\/wp-content\/uploads\/2025\/10\/1000480189.jpg?resize=640%2C360&#038;ssl=1\" alt=\"\" class=\"wp-image-16422\" srcset=\"https:\/\/i0.wp.com\/infos-droitshumains.net\/wp-content\/uploads\/2025\/10\/1000480189.jpg?w=960&amp;ssl=1 960w, https:\/\/i0.wp.com\/infos-droitshumains.net\/wp-content\/uploads\/2025\/10\/1000480189.jpg?resize=300%2C169&amp;ssl=1 300w, https:\/\/i0.wp.com\/infos-droitshumains.net\/wp-content\/uploads\/2025\/10\/1000480189.jpg?resize=768%2C432&amp;ssl=1 768w\" sizes=\"(max-width: 640px) 100vw, 640px\" \/><\/figure>\n\n\n\n<p>Mais aussi, il entre dans le cadre du recensement g\u00e9n\u00e9ral de la population.Il sied de rappeler que la strat\u00e9gie des Nations Unies pour l&rsquo;inclusion du handicap constitue une base essentielle pour favoriser le progr\u00e8s durable et de transformation significative dans la prise en compte du handicap dans toutes les composantes de l&rsquo;action des Nations Unies conform\u00e9ment \u00e0 l&rsquo;article 31 de la convention relative aux droits des personnes handicap\u00e9es.<\/p>\n\n\n\n<p>AM<\/p>\n","protected":false},"excerpt":{"rendered":"<p>R\u00e9daction: +243 817 406 088 L&rsquo;inclusion du handicap dans le processus de d\u00e9veloppement humain en&#8230;<\/p>\n","protected":false},"author":2,"featured_media":16413,"comment_status":"open","ping_status":"open","sticky":false,"template":"","format":"standard","meta":{"_jetpack_memberships_contains_paid_content":false,"footnotes":""},"categories":[7],"tags":[],"class_list":["post-16409","post","type-post","status-publish","format-standard","has-post-thumbnail","hentry","category-droits-humains"],"yoast_head":"<!-- This site is optimized with the Yoast SEO plugin v27.5 - https:\/\/yoast.com\/product\/yoast-seo-wordpress\/ -->\n<title>RDC: Les cadres et agents de l&#039;INS form\u00e9s et capacit\u00e9s sur l&#039;inclusion du handicap dans le processus de d\u00e9veloppement humain - Infos Droits Humains<\/title>\n<meta name=\"robots\" content=\"index, follow, max-snippet:-1, max-image-preview:large, max-video-preview:-1\" \/>\n<link rel=\"canonical\" href=\"https:\/\/infos-droitshumains.net\/?p=16409\" \/>\n<meta property=\"og:locale\" content=\"fr_FR\" \/>\n<meta property=\"og:type\" content=\"article\" \/>\n<meta property=\"og:title\" content=\"RDC: Les cadres et agents de l&#039;INS form\u00e9s et capacit\u00e9s sur l&#039;inclusion du handicap dans le processus de d\u00e9veloppement humain - Infos Droits Humains\" \/>\n<meta property=\"og:description\" content=\"R\u00e9daction: +243 817 406 088 L&rsquo;inclusion du handicap dans le processus de d\u00e9veloppement humain en...\" \/>\n<meta property=\"og:url\" content=\"https:\/\/infos-droitshumains.net\/?p=16409\" \/>\n<meta property=\"og:site_name\" content=\"Infos Droits Humains\" \/>\n<meta property=\"article:published_time\" content=\"2025-10-03T12:45:11+00:00\" \/>\n<meta property=\"article:modified_time\" content=\"2025-10-03T13:02:17+00:00\" \/>\n<meta property=\"og:image\" content=\"https:\/\/infos-droitshumains.net\/wp-content\/uploads\/2025\/10\/IMG-20251003-WA0059.jpg\" \/>\n\t<meta property=\"og:image:width\" content=\"1016\" \/>\n\t<meta property=\"og:image:height\" content=\"762\" \/>\n\t<meta property=\"og:image:type\" content=\"image\/jpeg\" \/>\n<meta name=\"author\" content=\"Jo\u00ebl Diawa\" \/>\n<meta name=\"twitter:card\" content=\"summary_large_image\" \/>\n<meta name=\"twitter:label1\" content=\"\u00c9crit par\" \/>\n\t<meta name=\"twitter:data1\" content=\"Jo\u00ebl Diawa\" \/>\n\t<meta name=\"twitter:label2\" content=\"Dur\u00e9e de lecture estim\u00e9e\" \/>\n\t<meta name=\"twitter:data2\" content=\"4 minutes\" \/>\n<script type=\"application\/ld+json\" class=\"yoast-schema-graph\">{\"@context\":\"https:\\\/\\\/schema.org\",\"@graph\":[{\"@type\":\"Article\",\"@id\":\"https:\\\/\\\/infos-droitshumains.net\\\/?p=16409#article\",\"isPartOf\":{\"@id\":\"https:\\\/\\\/infos-droitshumains.net\\\/?p=16409\"},\"author\":{\"name\":\"Jo\u00ebl Diawa\",\"@id\":\"https:\\\/\\\/infos-droitshumains.net\\\/#\\\/schema\\\/person\\\/3dc5e921c3302172e0ed4362f96faab7\"},\"headline\":\"RDC: Les cadres et agents de l&rsquo;INS form\u00e9s et capacit\u00e9s sur l&rsquo;inclusion du handicap dans le processus de d\u00e9veloppement humain\",\"datePublished\":\"2025-10-03T12:45:11+00:00\",\"dateModified\":\"2025-10-03T13:02:17+00:00\",\"mainEntityOfPage\":{\"@id\":\"https:\\\/\\\/infos-droitshumains.net\\\/?p=16409\"},\"wordCount\":410,\"commentCount\":0,\"publisher\":{\"@id\":\"https:\\\/\\\/infos-droitshumains.net\\\/#organization\"},\"image\":{\"@id\":\"https:\\\/\\\/infos-droitshumains.net\\\/?p=16409#primaryimage\"},\"thumbnailUrl\":\"https:\\\/\\\/i0.wp.com\\\/infos-droitshumains.net\\\/wp-content\\\/uploads\\\/2025\\\/10\\\/IMG-20251003-WA0059.jpg?fit=1016%2C762&ssl=1\",\"articleSection\":[\"Droits Humains\"],\"inLanguage\":\"fr-FR\",\"potentialAction\":[{\"@type\":\"CommentAction\",\"name\":\"Comment\",\"target\":[\"https:\\\/\\\/infos-droitshumains.net\\\/?p=16409#respond\"]}]},{\"@type\":\"WebPage\",\"@id\":\"https:\\\/\\\/infos-droitshumains.net\\\/?p=16409\",\"url\":\"https:\\\/\\\/infos-droitshumains.net\\\/?p=16409\",\"name\":\"RDC: Les cadres et agents de l'INS form\u00e9s et capacit\u00e9s sur l'inclusion du handicap dans le processus de d\u00e9veloppement humain - Infos Droits Humains\",\"isPartOf\":{\"@id\":\"https:\\\/\\\/infos-droitshumains.net\\\/#website\"},\"primaryImageOfPage\":{\"@id\":\"https:\\\/\\\/infos-droitshumains.net\\\/?p=16409#primaryimage\"},\"image\":{\"@id\":\"https:\\\/\\\/infos-droitshumains.net\\\/?p=16409#primaryimage\"},\"thumbnailUrl\":\"https:\\\/\\\/i0.wp.com\\\/infos-droitshumains.net\\\/wp-content\\\/uploads\\\/2025\\\/10\\\/IMG-20251003-WA0059.jpg?fit=1016%2C762&ssl=1\",\"datePublished\":\"2025-10-03T12:45:11+00:00\",\"dateModified\":\"2025-10-03T13:02:17+00:00\",\"breadcrumb\":{\"@id\":\"https:\\\/\\\/infos-droitshumains.net\\\/?p=16409#breadcrumb\"},\"inLanguage\":\"fr-FR\",\"potentialAction\":[{\"@type\":\"ReadAction\",\"target\":[\"https:\\\/\\\/infos-droitshumains.net\\\/?p=16409\"]}]},{\"@type\":\"ImageObject\",\"inLanguage\":\"fr-FR\",\"@id\":\"https:\\\/\\\/infos-droitshumains.net\\\/?p=16409#primaryimage\",\"url\":\"https:\\\/\\\/i0.wp.com\\\/infos-droitshumains.net\\\/wp-content\\\/uploads\\\/2025\\\/10\\\/IMG-20251003-WA0059.jpg?fit=1016%2C762&ssl=1\",\"contentUrl\":\"https:\\\/\\\/i0.wp.com\\\/infos-droitshumains.net\\\/wp-content\\\/uploads\\\/2025\\\/10\\\/IMG-20251003-WA0059.jpg?fit=1016%2C762&ssl=1\",\"width\":1016,\"height\":762},{\"@type\":\"BreadcrumbList\",\"@id\":\"https:\\\/\\\/infos-droitshumains.net\\\/?p=16409#breadcrumb\",\"itemListElement\":[{\"@type\":\"ListItem\",\"position\":1,\"name\":\"Accueil\",\"item\":\"https:\\\/\\\/infos-droitshumains.net\\\/\"},{\"@type\":\"ListItem\",\"position\":2,\"name\":\"RDC: Les cadres et agents de l&rsquo;INS form\u00e9s et capacit\u00e9s sur l&rsquo;inclusion du handicap dans le processus de d\u00e9veloppement humain\"}]},{\"@type\":\"WebSite\",\"@id\":\"https:\\\/\\\/infos-droitshumains.net\\\/#website\",\"url\":\"https:\\\/\\\/infos-droitshumains.net\\\/\",\"name\":\"Infos Droits Humains\",\"description\":\"S&#039;informer est un droit\",\"publisher\":{\"@id\":\"https:\\\/\\\/infos-droitshumains.net\\\/#organization\"},\"potentialAction\":[{\"@type\":\"SearchAction\",\"target\":{\"@type\":\"EntryPoint\",\"urlTemplate\":\"https:\\\/\\\/infos-droitshumains.net\\\/?s={search_term_string}\"},\"query-input\":{\"@type\":\"PropertyValueSpecification\",\"valueRequired\":true,\"valueName\":\"search_term_string\"}}],\"inLanguage\":\"fr-FR\"},{\"@type\":\"Organization\",\"@id\":\"https:\\\/\\\/infos-droitshumains.net\\\/#organization\",\"name\":\"Infos Droits Humains\",\"url\":\"https:\\\/\\\/infos-droitshumains.net\\\/\",\"logo\":{\"@type\":\"ImageObject\",\"inLanguage\":\"fr-FR\",\"@id\":\"https:\\\/\\\/infos-droitshumains.net\\\/#\\\/schema\\\/logo\\\/image\\\/\",\"url\":\"https:\\\/\\\/i0.wp.com\\\/infos-droitshumains.net\\\/wp-content\\\/uploads\\\/2022\\\/05\\\/Logo.png?fit=333%2C129&ssl=1\",\"contentUrl\":\"https:\\\/\\\/i0.wp.com\\\/infos-droitshumains.net\\\/wp-content\\\/uploads\\\/2022\\\/05\\\/Logo.png?fit=333%2C129&ssl=1\",\"width\":333,\"height\":129,\"caption\":\"Infos Droits Humains\"},\"image\":{\"@id\":\"https:\\\/\\\/infos-droitshumains.net\\\/#\\\/schema\\\/logo\\\/image\\\/\"}},{\"@type\":\"Person\",\"@id\":\"https:\\\/\\\/infos-droitshumains.net\\\/#\\\/schema\\\/person\\\/3dc5e921c3302172e0ed4362f96faab7\",\"name\":\"Jo\u00ebl Diawa\",\"image\":{\"@type\":\"ImageObject\",\"inLanguage\":\"fr-FR\",\"@id\":\"https:\\\/\\\/secure.gravatar.com\\\/avatar\\\/729bea6ff4604c624417803c477363be8e3c7186deaa65713313f9b4b820f41c?s=96&d=mm&r=g\",\"url\":\"https:\\\/\\\/secure.gravatar.com\\\/avatar\\\/729bea6ff4604c624417803c477363be8e3c7186deaa65713313f9b4b820f41c?s=96&d=mm&r=g\",\"contentUrl\":\"https:\\\/\\\/secure.gravatar.com\\\/avatar\\\/729bea6ff4604c624417803c477363be8e3c7186deaa65713313f9b4b820f41c?s=96&d=mm&r=g\",\"caption\":\"Jo\u00ebl Diawa\"},\"sameAs\":[\"https:\\\/\\\/www.infos-droitshumains.net\"],\"url\":\"https:\\\/\\\/infos-droitshumains.net\\\/?author=2\"}]}<\/script>\n<!-- \/ Yoast SEO plugin. -->","yoast_head_json":{"title":"RDC: Les cadres et agents de l'INS form\u00e9s et capacit\u00e9s sur l'inclusion du handicap dans le processus de d\u00e9veloppement humain - Infos Droits Humains","robots":{"index":"index","follow":"follow","max-snippet":"max-snippet:-1","max-image-preview":"max-image-preview:large","max-video-preview":"max-video-preview:-1"},"canonical":"https:\/\/infos-droitshumains.net\/?p=16409","og_locale":"fr_FR","og_type":"article","og_title":"RDC: Les cadres et agents de l'INS form\u00e9s et capacit\u00e9s sur l'inclusion du handicap dans le processus de d\u00e9veloppement humain - Infos Droits Humains","og_description":"R\u00e9daction: +243 817 406 088 L&rsquo;inclusion du handicap dans le processus de d\u00e9veloppement humain en...","og_url":"https:\/\/infos-droitshumains.net\/?p=16409","og_site_name":"Infos Droits Humains","article_published_time":"2025-10-03T12:45:11+00:00","article_modified_time":"2025-10-03T13:02:17+00:00","og_image":[{"width":1016,"height":762,"url":"https:\/\/infos-droitshumains.net\/wp-content\/uploads\/2025\/10\/IMG-20251003-WA0059.jpg","type":"image\/jpeg"}],"author":"Jo\u00ebl Diawa","twitter_card":"summary_large_image","twitter_misc":{"\u00c9crit par":"Jo\u00ebl Diawa","Dur\u00e9e de lecture estim\u00e9e":"4 minutes"},"schema":{"@context":"https:\/\/schema.org","@graph":[{"@type":"Article","@id":"https:\/\/infos-droitshumains.net\/?p=16409#article","isPartOf":{"@id":"https:\/\/infos-droitshumains.net\/?p=16409"},"author":{"name":"Jo\u00ebl Diawa","@id":"https:\/\/infos-droitshumains.net\/#\/schema\/person\/3dc5e921c3302172e0ed4362f96faab7"},"headline":"RDC: Les cadres et agents de l&rsquo;INS form\u00e9s et capacit\u00e9s sur l&rsquo;inclusion du handicap dans le processus de d\u00e9veloppement humain","datePublished":"2025-10-03T12:45:11+00:00","dateModified":"2025-10-03T13:02:17+00:00","mainEntityOfPage":{"@id":"https:\/\/infos-droitshumains.net\/?p=16409"},"wordCount":410,"commentCount":0,"publisher":{"@id":"https:\/\/infos-droitshumains.net\/#organization"},"image":{"@id":"https:\/\/infos-droitshumains.net\/?p=16409#primaryimage"},"thumbnailUrl":"https:\/\/i0.wp.com\/infos-droitshumains.net\/wp-content\/uploads\/2025\/10\/IMG-20251003-WA0059.jpg?fit=1016%2C762&ssl=1","articleSection":["Droits Humains"],"inLanguage":"fr-FR","potentialAction":[{"@type":"CommentAction","name":"Comment","target":["https:\/\/infos-droitshumains.net\/?p=16409#respond"]}]},{"@type":"WebPage","@id":"https:\/\/infos-droitshumains.net\/?p=16409","url":"https:\/\/infos-droitshumains.net\/?p=16409","name":"RDC: Les cadres et agents de l'INS form\u00e9s et capacit\u00e9s sur l'inclusion du handicap dans le processus de d\u00e9veloppement humain - Infos Droits Humains","isPartOf":{"@id":"https:\/\/infos-droitshumains.net\/#website"},"primaryImageOfPage":{"@id":"https:\/\/infos-droitshumains.net\/?p=16409#primaryimage"},"image":{"@id":"https:\/\/infos-droitshumains.net\/?p=16409#primaryimage"},"thumbnailUrl":"https:\/\/i0.wp.com\/infos-droitshumains.net\/wp-content\/uploads\/2025\/10\/IMG-20251003-WA0059.jpg?fit=1016%2C762&ssl=1","datePublished":"2025-10-03T12:45:11+00:00","dateModified":"2025-10-03T13:02:17+00:00","breadcrumb":{"@id":"https:\/\/infos-droitshumains.net\/?p=16409#breadcrumb"},"inLanguage":"fr-FR","potentialAction":[{"@type":"ReadAction","target":["https:\/\/infos-droitshumains.net\/?p=16409"]}]},{"@type":"ImageObject","inLanguage":"fr-FR","@id":"https:\/\/infos-droitshumains.net\/?p=16409#primaryimage","url":"https:\/\/i0.wp.com\/infos-droitshumains.net\/wp-content\/uploads\/2025\/10\/IMG-20251003-WA0059.jpg?fit=1016%2C762&ssl=1","contentUrl":"https:\/\/i0.wp.com\/infos-droitshumains.net\/wp-content\/uploads\/2025\/10\/IMG-20251003-WA0059.jpg?fit=1016%2C762&ssl=1","width":1016,"height":762},{"@type":"BreadcrumbList","@id":"https:\/\/infos-droitshumains.net\/?p=16409#breadcrumb","itemListElement":[{"@type":"ListItem","position":1,"name":"Accueil","item":"https:\/\/infos-droitshumains.net\/"},{"@type":"ListItem","position":2,"name":"RDC: Les cadres et agents de l&rsquo;INS form\u00e9s et capacit\u00e9s sur l&rsquo;inclusion du handicap dans le processus de d\u00e9veloppement humain"}]},{"@type":"WebSite","@id":"https:\/\/infos-droitshumains.net\/#website","url":"https:\/\/infos-droitshumains.net\/","name":"Infos Droits Humains","description":"S&#039;informer est un droit","publisher":{"@id":"https:\/\/infos-droitshumains.net\/#organization"},"potentialAction":[{"@type":"SearchAction","target":{"@type":"EntryPoint","urlTemplate":"https:\/\/infos-droitshumains.net\/?s={search_term_string}"},"query-input":{"@type":"PropertyValueSpecification","valueRequired":true,"valueName":"search_term_string"}}],"inLanguage":"fr-FR"},{"@type":"Organization","@id":"https:\/\/infos-droitshumains.net\/#organization","name":"Infos Droits Humains","url":"https:\/\/infos-droitshumains.net\/","logo":{"@type":"ImageObject","inLanguage":"fr-FR","@id":"https:\/\/infos-droitshumains.net\/#\/schema\/logo\/image\/","url":"https:\/\/i0.wp.com\/infos-droitshumains.net\/wp-content\/uploads\/2022\/05\/Logo.png?fit=333%2C129&ssl=1","contentUrl":"https:\/\/i0.wp.com\/infos-droitshumains.net\/wp-content\/uploads\/2022\/05\/Logo.png?fit=333%2C129&ssl=1","width":333,"height":129,"caption":"Infos Droits Humains"},"image":{"@id":"https:\/\/infos-droitshumains.net\/#\/schema\/logo\/image\/"}},{"@type":"Person","@id":"https:\/\/infos-droitshumains.net\/#\/schema\/person\/3dc5e921c3302172e0ed4362f96faab7","name":"Jo\u00ebl Diawa","image":{"@type":"ImageObject","inLanguage":"fr-FR","@id":"https:\/\/secure.gravatar.com\/avatar\/729bea6ff4604c624417803c477363be8e3c7186deaa65713313f9b4b820f41c?s=96&d=mm&r=g","url":"https:\/\/secure.gravatar.com\/avatar\/729bea6ff4604c624417803c477363be8e3c7186deaa65713313f9b4b820f41c?s=96&d=mm&r=g","contentUrl":"https:\/\/secure.gravatar.com\/avatar\/729bea6ff4604c624417803c477363be8e3c7186deaa65713313f9b4b820f41c?s=96&d=mm&r=g","caption":"Jo\u00ebl Diawa"},"sameAs":["https:\/\/www.infos-droitshumains.net"],"url":"https:\/\/infos-droitshumains.net\/?author=2"}]}},"featured_image_urls":{"full":["https:\/\/i0.wp.com\/infos-droitshumains.net\/wp-content\/uploads\/2025\/10\/IMG-20251003-WA0059.jpg?fit=1016%2C762&ssl=1",1016,762,false],"thumbnail":["https:\/\/i0.wp.com\/infos-droitshumains.net\/wp-content\/uploads\/2025\/10\/IMG-20251003-WA0059.jpg?resize=150%2C150&ssl=1",150,150,true],"medium":["https:\/\/i0.wp.com\/infos-droitshumains.net\/wp-content\/uploads\/2025\/10\/IMG-20251003-WA0059.jpg?fit=300%2C225&ssl=1",300,225,true],"medium_large":["https:\/\/i0.wp.com\/infos-droitshumains.net\/wp-content\/uploads\/2025\/10\/IMG-20251003-WA0059.jpg?fit=640%2C480&ssl=1",640,480,true],"large":["https:\/\/i0.wp.com\/infos-droitshumains.net\/wp-content\/uploads\/2025\/10\/IMG-20251003-WA0059.jpg?fit=640%2C480&ssl=1",640,480,true],"1536x1536":["https:\/\/i0.wp.com\/infos-droitshumains.net\/wp-content\/uploads\/2025\/10\/IMG-20251003-WA0059.jpg?fit=1016%2C762&ssl=1",1016,762,true],"2048x2048":["https:\/\/i0.wp.com\/infos-droitshumains.net\/wp-content\/uploads\/2025\/10\/IMG-20251003-WA0059.jpg?fit=1016%2C762&ssl=1",1016,762,true],"covernews-slider-full":["https:\/\/i0.wp.com\/infos-droitshumains.net\/wp-content\/uploads\/2025\/10\/IMG-20251003-WA0059.jpg?resize=1016%2C715&ssl=1",1016,715,true],"covernews-slider-center":["https:\/\/i0.wp.com\/infos-droitshumains.net\/wp-content\/uploads\/2025\/10\/IMG-20251003-WA0059.jpg?resize=800%2C500&ssl=1",800,500,true],"covernews-featured":["https:\/\/i0.wp.com\/infos-droitshumains.net\/wp-content\/uploads\/2025\/10\/IMG-20251003-WA0059.jpg?fit=1016%2C762&ssl=1",1016,762,true],"covernews-medium":["https:\/\/i0.wp.com\/infos-droitshumains.net\/wp-content\/uploads\/2025\/10\/IMG-20251003-WA0059.jpg?resize=540%2C340&ssl=1",540,340,true],"covernews-medium-square":["https:\/\/i0.wp.com\/infos-droitshumains.net\/wp-content\/uploads\/2025\/10\/IMG-20251003-WA0059.jpg?resize=400%2C250&ssl=1",400,250,true]},"author_info":{"display_name":"Jo\u00ebl Diawa","author_link":"https:\/\/infos-droitshumains.net\/?author=2"},"category_info":"<a href=\"https:\/\/infos-droitshumains.net\/?cat=7\" rel=\"category\">Droits Humains<\/a>","tag_info":"Droits Humains","comment_count":"0","jetpack_featured_media_url":"https:\/\/i0.wp.com\/infos-droitshumains.net\/wp-content\/uploads\/2025\/10\/IMG-20251003-WA0059.jpg?fit=1016%2C762&ssl=1","jetpack-related-posts":[],"jetpack_sharing_enabled":true,"_links":{"self":[{"href":"https:\/\/infos-droitshumains.net\/index.php?rest_route=\/wp\/v2\/posts\/16409","targetHints":{"allow":["GET"]}}],"collection":[{"href":"https:\/\/infos-droitshumains.net\/index.php?rest_route=\/wp\/v2\/posts"}],"about":[{"href":"https:\/\/infos-droitshumains.net\/index.php?rest_route=\/wp\/v2\/types\/post"}],"author":[{"embeddable":true,"href":"https:\/\/infos-droitshumains.net\/index.php?rest_route=\/wp\/v2\/users\/2"}],"replies":[{"embeddable":true,"href":"https:\/\/infos-droitshumains.net\/index.php?rest_route=%2Fwp%2Fv2%2Fcomments&post=16409"}],"version-history":[{"count":8,"href":"https:\/\/infos-droitshumains.net\/index.php?rest_route=\/wp\/v2\/posts\/16409\/revisions"}],"predecessor-version":[{"id":16425,"href":"https:\/\/infos-droitshumains.net\/index.php?rest_route=\/wp\/v2\/posts\/16409\/revisions\/16425"}],"wp:featuredmedia":[{"embeddable":true,"href":"https:\/\/infos-droitshumains.net\/index.php?rest_route=\/wp\/v2\/media\/16413"}],"wp:attachment":[{"href":"https:\/\/infos-droitshumains.net\/index.php?rest_route=%2Fwp%2Fv2%2Fmedia&parent=16409"}],"wp:term":[{"taxonomy":"category","embeddable":true,"href":"https:\/\/infos-droitshumains.net\/index.php?rest_route=%2Fwp%2Fv2%2Fcategories&post=16409"},{"taxonomy":"post_tag","embeddable":true,"href":"https:\/\/infos-droitshumains.net\/index.php?rest_route=%2Fwp%2Fv2%2Ftags&post=16409"}],"curies":[{"name":"wp","href":"https:\/\/api.w.org\/{rel}","templated":true}]}}