{"id":16353,"date":"2025-09-29T11:53:51","date_gmt":"2025-09-29T09:53:51","guid":{"rendered":"https:\/\/infos-droitshumains.net\/?p=16353"},"modified":"2025-09-29T11:53:53","modified_gmt":"2025-09-29T09:53:53","slug":"rdc-agnes-kalonji-appelle-au-partage-de-bonnes-informations-sur-limportance-de-lacces-a-lavortement-securise","status":"publish","type":"post","link":"https:\/\/infos-droitshumains.net\/?p=16353","title":{"rendered":"RDC: Agn\u00e8s Kalonji appelle au partage de bonnes informations sur l&rsquo;importance de l&rsquo;acc\u00e8s \u00e0 l&rsquo;avortement s\u00e9curis\u00e9"},"content":{"rendered":"\n<p><strong>R\u00e9daction: +243 817 406 088<\/strong><\/p>\n\n\n\n<h3 class=\"wp-block-heading has-vivid-red-color has-text-color has-link-color wp-elements-91bc2c9de5cb9078c18a0c1b44c6d1cc\">Activiste des droits de l&rsquo;homme et d\u00e9fenseur des droits des femmes, Agn\u00e8s Kalonji soupire apr\u00e8s une soci\u00e9t\u00e9 o\u00f9 les droits des femmes sont garantis et prot\u00e9g\u00e9s. Pour elle, la journ\u00e9e mondiale de l&rsquo;avortement s\u00e9curis\u00e9 c\u00e9l\u00e9br\u00e9e le 28 septembre intervient au moment o\u00f9 les avortements non s\u00e9curis\u00e9s sont \u00e0 la base de dizaines de milliers de d\u00e9c\u00e8s \u00e9vitables chaque ann\u00e9e en RDC.&nbsp;<\/h3>\n\n\n\n<p>&nbsp;La pr\u00e9sidente de l&rsquo;association Mounia a tenu \u00e0 rappeler l&rsquo;importance de cette journ\u00e9e qui est capitale en ce qu&rsquo;elle est une occasion pour donner la bonne information sur l&rsquo;acc\u00e8s \u00e0 l&rsquo;avortement s\u00e9curis\u00e9 :<\/p>\n\n\n\n<p><em>\u00ab&nbsp;Le 28 septembre 2025, cette journ\u00e9e est une occasion de rappeler l&rsquo;importance de l&rsquo;acc\u00e8s \u00e0 l&rsquo;avortement s\u00fbr et l\u00e9gal pour toutes les femmes ainsi que les d\u00e9fis qui persistent encore au pays et \u00e0 travers le monde. Mounia pense que l&rsquo;acc\u00e8s \u00e0 l&rsquo;avortement s\u00e9curis\u00e9 est un droit fondamental qui doit \u00eatre garanti \u00e0 toutes les femmes sans restriction ni stigmatisation. Ainsi, la planification familiale et l&rsquo;\u00e9ducation sexuelle sont essentielles pour permettre aux femmes de prendre des d\u00e9cisions \u00e9clair\u00e9es sur leur sant\u00e9 reproductive&nbsp;\u00bb<\/em>, a-t-elle indiqu\u00e9.<\/p>\n\n\n\n<p>Consid\u00e9r\u00e9 comme l&rsquo;une des causes du taux \u00e9lev\u00e9 de la mortalit\u00e9 maternelle, les avortements clandestins et non s\u00e9curis\u00e9s demeurent une r\u00e9alit\u00e9 v\u00e9cue malheureusement par certaines&nbsp; femmes par&nbsp; manque de bonnes informations. Agn\u00e8s Kalonji appelle \u00e0 cet effet, tous&nbsp; acteurs engag\u00e9s pour la cause de la femme \u00e0 s&rsquo;impliquer davantage:<\/p>\n\n\n\n<p><em>\u00ab&nbsp;L&rsquo;avortement s\u00e9curis\u00e9 \u00e9tant un droit de l&rsquo;homme&nbsp; fondamental,&nbsp; il doit \u00eatre prot\u00e9g\u00e9 et promu car, il permet aux femmes de prendre des d\u00e9cisions \u00e9clair\u00e9es sur leur vie reproductive et de contribuer au d\u00e9veloppement de la soci\u00e9t\u00e9. Ainsi, les communaut\u00e9s doivent \u00eatre&nbsp; sensibilis\u00e9es \u00e0 travers le partage des bonnes informations sur l&rsquo;importance de l&rsquo;acc\u00e8s \u00e0 l&rsquo;avortement s\u00e9curis\u00e9. Le soutien des&nbsp; organisations qui militent pour les droits reproductifs et la sant\u00e9 sexuelle est une n\u00e9cessit\u00e9. Quant au&nbsp; gouvernement et autres institutions, ils doivent prendre des mesures pour garantir l&rsquo;acc\u00e8s \u00e0 l&rsquo;avortement s\u00e9curis\u00e9&nbsp;\u00bb<\/em>, a poursuivi la pr\u00e9sidente de l&rsquo;association Mounia.<\/p>\n\n\n\n<p>La femme, pilier de l&rsquo;\u00e9conomie et de la stabilit\u00e9 du foyer, elle doit \u00eatre s\u00e9curis\u00e9e sur ses choix li\u00e9s \u00e0 sa sant\u00e9 sexuelle et reproductive a conclu Agn\u00e8s Kalonji.<\/p>\n\n\n\n<p>Chantal Kabasua<\/p>\n","protected":false},"excerpt":{"rendered":"<p>R\u00e9daction: +243 817 406 088 Activiste des droits de l&rsquo;homme et d\u00e9fenseur des droits des&#8230;<\/p>\n","protected":false},"author":2,"featured_media":16354,"comment_status":"open","ping_status":"open","sticky":false,"template":"","format":"standard","meta":{"_jetpack_memberships_contains_paid_content":false,"footnotes":""},"categories":[7],"tags":[],"class_list":["post-16353","post","type-post","status-publish","format-standard","has-post-thumbnail","hentry","category-droits-humains"],"yoast_head":"<!-- This site is optimized with the Yoast SEO plugin v27.5 - https:\/\/yoast.com\/product\/yoast-seo-wordpress\/ -->\n<title>RDC: Agn\u00e8s Kalonji appelle au partage de bonnes informations sur l&#039;importance de l&#039;acc\u00e8s \u00e0 l&#039;avortement s\u00e9curis\u00e9 - Infos Droits Humains<\/title>\n<meta name=\"robots\" content=\"index, follow, max-snippet:-1, max-image-preview:large, max-video-preview:-1\" \/>\n<link rel=\"canonical\" href=\"https:\/\/infos-droitshumains.net\/?p=16353\" \/>\n<meta property=\"og:locale\" content=\"fr_FR\" \/>\n<meta property=\"og:type\" content=\"article\" \/>\n<meta property=\"og:title\" content=\"RDC: Agn\u00e8s Kalonji appelle au partage de bonnes informations sur l&#039;importance de l&#039;acc\u00e8s \u00e0 l&#039;avortement s\u00e9curis\u00e9 - Infos Droits Humains\" \/>\n<meta property=\"og:description\" content=\"R\u00e9daction: +243 817 406 088 Activiste des droits de l&rsquo;homme et d\u00e9fenseur des droits des...\" \/>\n<meta property=\"og:url\" content=\"https:\/\/infos-droitshumains.net\/?p=16353\" \/>\n<meta property=\"og:site_name\" content=\"Infos Droits Humains\" \/>\n<meta property=\"article:published_time\" content=\"2025-09-29T09:53:51+00:00\" \/>\n<meta property=\"article:modified_time\" content=\"2025-09-29T09:53:53+00:00\" \/>\n<meta property=\"og:image\" content=\"https:\/\/infos-droitshumains.net\/wp-content\/uploads\/2025\/09\/AGNES.jpg\" \/>\n\t<meta property=\"og:image:width\" content=\"1096\" \/>\n\t<meta property=\"og:image:height\" content=\"598\" \/>\n\t<meta property=\"og:image:type\" content=\"image\/jpeg\" \/>\n<meta name=\"author\" content=\"Jo\u00ebl Diawa\" \/>\n<meta name=\"twitter:card\" content=\"summary_large_image\" \/>\n<meta name=\"twitter:label1\" content=\"\u00c9crit par\" \/>\n\t<meta name=\"twitter:data1\" content=\"Jo\u00ebl Diawa\" \/>\n\t<meta name=\"twitter:label2\" content=\"Dur\u00e9e de lecture estim\u00e9e\" \/>\n\t<meta name=\"twitter:data2\" content=\"3 minutes\" \/>\n<script type=\"application\/ld+json\" class=\"yoast-schema-graph\">{\"@context\":\"https:\\\/\\\/schema.org\",\"@graph\":[{\"@type\":\"Article\",\"@id\":\"https:\\\/\\\/infos-droitshumains.net\\\/?p=16353#article\",\"isPartOf\":{\"@id\":\"https:\\\/\\\/infos-droitshumains.net\\\/?p=16353\"},\"author\":{\"name\":\"Jo\u00ebl Diawa\",\"@id\":\"https:\\\/\\\/infos-droitshumains.net\\\/#\\\/schema\\\/person\\\/3dc5e921c3302172e0ed4362f96faab7\"},\"headline\":\"RDC: Agn\u00e8s Kalonji appelle au partage de bonnes informations sur l&rsquo;importance de l&rsquo;acc\u00e8s \u00e0 l&rsquo;avortement s\u00e9curis\u00e9\",\"datePublished\":\"2025-09-29T09:53:51+00:00\",\"dateModified\":\"2025-09-29T09:53:53+00:00\",\"mainEntityOfPage\":{\"@id\":\"https:\\\/\\\/infos-droitshumains.net\\\/?p=16353\"},\"wordCount\":428,\"commentCount\":0,\"publisher\":{\"@id\":\"https:\\\/\\\/infos-droitshumains.net\\\/#organization\"},\"image\":{\"@id\":\"https:\\\/\\\/infos-droitshumains.net\\\/?p=16353#primaryimage\"},\"thumbnailUrl\":\"https:\\\/\\\/i0.wp.com\\\/infos-droitshumains.net\\\/wp-content\\\/uploads\\\/2025\\\/09\\\/AGNES.jpg?fit=1096%2C598&ssl=1\",\"articleSection\":[\"Droits Humains\"],\"inLanguage\":\"fr-FR\",\"potentialAction\":[{\"@type\":\"CommentAction\",\"name\":\"Comment\",\"target\":[\"https:\\\/\\\/infos-droitshumains.net\\\/?p=16353#respond\"]}]},{\"@type\":\"WebPage\",\"@id\":\"https:\\\/\\\/infos-droitshumains.net\\\/?p=16353\",\"url\":\"https:\\\/\\\/infos-droitshumains.net\\\/?p=16353\",\"name\":\"RDC: Agn\u00e8s Kalonji appelle au partage de bonnes informations sur l'importance de l'acc\u00e8s \u00e0 l'avortement s\u00e9curis\u00e9 - Infos Droits Humains\",\"isPartOf\":{\"@id\":\"https:\\\/\\\/infos-droitshumains.net\\\/#website\"},\"primaryImageOfPage\":{\"@id\":\"https:\\\/\\\/infos-droitshumains.net\\\/?p=16353#primaryimage\"},\"image\":{\"@id\":\"https:\\\/\\\/infos-droitshumains.net\\\/?p=16353#primaryimage\"},\"thumbnailUrl\":\"https:\\\/\\\/i0.wp.com\\\/infos-droitshumains.net\\\/wp-content\\\/uploads\\\/2025\\\/09\\\/AGNES.jpg?fit=1096%2C598&ssl=1\",\"datePublished\":\"2025-09-29T09:53:51+00:00\",\"dateModified\":\"2025-09-29T09:53:53+00:00\",\"breadcrumb\":{\"@id\":\"https:\\\/\\\/infos-droitshumains.net\\\/?p=16353#breadcrumb\"},\"inLanguage\":\"fr-FR\",\"potentialAction\":[{\"@type\":\"ReadAction\",\"target\":[\"https:\\\/\\\/infos-droitshumains.net\\\/?p=16353\"]}]},{\"@type\":\"ImageObject\",\"inLanguage\":\"fr-FR\",\"@id\":\"https:\\\/\\\/infos-droitshumains.net\\\/?p=16353#primaryimage\",\"url\":\"https:\\\/\\\/i0.wp.com\\\/infos-droitshumains.net\\\/wp-content\\\/uploads\\\/2025\\\/09\\\/AGNES.jpg?fit=1096%2C598&ssl=1\",\"contentUrl\":\"https:\\\/\\\/i0.wp.com\\\/infos-droitshumains.net\\\/wp-content\\\/uploads\\\/2025\\\/09\\\/AGNES.jpg?fit=1096%2C598&ssl=1\",\"width\":1096,\"height\":598},{\"@type\":\"BreadcrumbList\",\"@id\":\"https:\\\/\\\/infos-droitshumains.net\\\/?p=16353#breadcrumb\",\"itemListElement\":[{\"@type\":\"ListItem\",\"position\":1,\"name\":\"Accueil\",\"item\":\"https:\\\/\\\/infos-droitshumains.net\\\/\"},{\"@type\":\"ListItem\",\"position\":2,\"name\":\"RDC: Agn\u00e8s Kalonji appelle au partage de bonnes informations sur l&rsquo;importance de l&rsquo;acc\u00e8s \u00e0 l&rsquo;avortement s\u00e9curis\u00e9\"}]},{\"@type\":\"WebSite\",\"@id\":\"https:\\\/\\\/infos-droitshumains.net\\\/#website\",\"url\":\"https:\\\/\\\/infos-droitshumains.net\\\/\",\"name\":\"Infos Droits Humains\",\"description\":\"S&#039;informer est un droit\",\"publisher\":{\"@id\":\"https:\\\/\\\/infos-droitshumains.net\\\/#organization\"},\"potentialAction\":[{\"@type\":\"SearchAction\",\"target\":{\"@type\":\"EntryPoint\",\"urlTemplate\":\"https:\\\/\\\/infos-droitshumains.net\\\/?s={search_term_string}\"},\"query-input\":{\"@type\":\"PropertyValueSpecification\",\"valueRequired\":true,\"valueName\":\"search_term_string\"}}],\"inLanguage\":\"fr-FR\"},{\"@type\":\"Organization\",\"@id\":\"https:\\\/\\\/infos-droitshumains.net\\\/#organization\",\"name\":\"Infos Droits Humains\",\"url\":\"https:\\\/\\\/infos-droitshumains.net\\\/\",\"logo\":{\"@type\":\"ImageObject\",\"inLanguage\":\"fr-FR\",\"@id\":\"https:\\\/\\\/infos-droitshumains.net\\\/#\\\/schema\\\/logo\\\/image\\\/\",\"url\":\"https:\\\/\\\/i0.wp.com\\\/infos-droitshumains.net\\\/wp-content\\\/uploads\\\/2022\\\/05\\\/Logo.png?fit=333%2C129&ssl=1\",\"contentUrl\":\"https:\\\/\\\/i0.wp.com\\\/infos-droitshumains.net\\\/wp-content\\\/uploads\\\/2022\\\/05\\\/Logo.png?fit=333%2C129&ssl=1\",\"width\":333,\"height\":129,\"caption\":\"Infos Droits Humains\"},\"image\":{\"@id\":\"https:\\\/\\\/infos-droitshumains.net\\\/#\\\/schema\\\/logo\\\/image\\\/\"}},{\"@type\":\"Person\",\"@id\":\"https:\\\/\\\/infos-droitshumains.net\\\/#\\\/schema\\\/person\\\/3dc5e921c3302172e0ed4362f96faab7\",\"name\":\"Jo\u00ebl Diawa\",\"image\":{\"@type\":\"ImageObject\",\"inLanguage\":\"fr-FR\",\"@id\":\"https:\\\/\\\/secure.gravatar.com\\\/avatar\\\/729bea6ff4604c624417803c477363be8e3c7186deaa65713313f9b4b820f41c?s=96&d=mm&r=g\",\"url\":\"https:\\\/\\\/secure.gravatar.com\\\/avatar\\\/729bea6ff4604c624417803c477363be8e3c7186deaa65713313f9b4b820f41c?s=96&d=mm&r=g\",\"contentUrl\":\"https:\\\/\\\/secure.gravatar.com\\\/avatar\\\/729bea6ff4604c624417803c477363be8e3c7186deaa65713313f9b4b820f41c?s=96&d=mm&r=g\",\"caption\":\"Jo\u00ebl Diawa\"},\"sameAs\":[\"https:\\\/\\\/www.infos-droitshumains.net\"],\"url\":\"https:\\\/\\\/infos-droitshumains.net\\\/?author=2\"}]}<\/script>\n<!-- \/ Yoast SEO plugin. -->","yoast_head_json":{"title":"RDC: Agn\u00e8s Kalonji appelle au partage de bonnes informations sur l'importance de l'acc\u00e8s \u00e0 l'avortement s\u00e9curis\u00e9 - Infos Droits Humains","robots":{"index":"index","follow":"follow","max-snippet":"max-snippet:-1","max-image-preview":"max-image-preview:large","max-video-preview":"max-video-preview:-1"},"canonical":"https:\/\/infos-droitshumains.net\/?p=16353","og_locale":"fr_FR","og_type":"article","og_title":"RDC: Agn\u00e8s Kalonji appelle au partage de bonnes informations sur l'importance de l'acc\u00e8s \u00e0 l'avortement s\u00e9curis\u00e9 - Infos Droits Humains","og_description":"R\u00e9daction: +243 817 406 088 Activiste des droits de l&rsquo;homme et d\u00e9fenseur des droits des...","og_url":"https:\/\/infos-droitshumains.net\/?p=16353","og_site_name":"Infos Droits Humains","article_published_time":"2025-09-29T09:53:51+00:00","article_modified_time":"2025-09-29T09:53:53+00:00","og_image":[{"width":1096,"height":598,"url":"https:\/\/infos-droitshumains.net\/wp-content\/uploads\/2025\/09\/AGNES.jpg","type":"image\/jpeg"}],"author":"Jo\u00ebl Diawa","twitter_card":"summary_large_image","twitter_misc":{"\u00c9crit par":"Jo\u00ebl Diawa","Dur\u00e9e de lecture estim\u00e9e":"3 minutes"},"schema":{"@context":"https:\/\/schema.org","@graph":[{"@type":"Article","@id":"https:\/\/infos-droitshumains.net\/?p=16353#article","isPartOf":{"@id":"https:\/\/infos-droitshumains.net\/?p=16353"},"author":{"name":"Jo\u00ebl Diawa","@id":"https:\/\/infos-droitshumains.net\/#\/schema\/person\/3dc5e921c3302172e0ed4362f96faab7"},"headline":"RDC: Agn\u00e8s Kalonji appelle au partage de bonnes informations sur l&rsquo;importance de l&rsquo;acc\u00e8s \u00e0 l&rsquo;avortement s\u00e9curis\u00e9","datePublished":"2025-09-29T09:53:51+00:00","dateModified":"2025-09-29T09:53:53+00:00","mainEntityOfPage":{"@id":"https:\/\/infos-droitshumains.net\/?p=16353"},"wordCount":428,"commentCount":0,"publisher":{"@id":"https:\/\/infos-droitshumains.net\/#organization"},"image":{"@id":"https:\/\/infos-droitshumains.net\/?p=16353#primaryimage"},"thumbnailUrl":"https:\/\/i0.wp.com\/infos-droitshumains.net\/wp-content\/uploads\/2025\/09\/AGNES.jpg?fit=1096%2C598&ssl=1","articleSection":["Droits Humains"],"inLanguage":"fr-FR","potentialAction":[{"@type":"CommentAction","name":"Comment","target":["https:\/\/infos-droitshumains.net\/?p=16353#respond"]}]},{"@type":"WebPage","@id":"https:\/\/infos-droitshumains.net\/?p=16353","url":"https:\/\/infos-droitshumains.net\/?p=16353","name":"RDC: Agn\u00e8s Kalonji appelle au partage de bonnes informations sur l'importance de l'acc\u00e8s \u00e0 l'avortement s\u00e9curis\u00e9 - Infos Droits Humains","isPartOf":{"@id":"https:\/\/infos-droitshumains.net\/#website"},"primaryImageOfPage":{"@id":"https:\/\/infos-droitshumains.net\/?p=16353#primaryimage"},"image":{"@id":"https:\/\/infos-droitshumains.net\/?p=16353#primaryimage"},"thumbnailUrl":"https:\/\/i0.wp.com\/infos-droitshumains.net\/wp-content\/uploads\/2025\/09\/AGNES.jpg?fit=1096%2C598&ssl=1","datePublished":"2025-09-29T09:53:51+00:00","dateModified":"2025-09-29T09:53:53+00:00","breadcrumb":{"@id":"https:\/\/infos-droitshumains.net\/?p=16353#breadcrumb"},"inLanguage":"fr-FR","potentialAction":[{"@type":"ReadAction","target":["https:\/\/infos-droitshumains.net\/?p=16353"]}]},{"@type":"ImageObject","inLanguage":"fr-FR","@id":"https:\/\/infos-droitshumains.net\/?p=16353#primaryimage","url":"https:\/\/i0.wp.com\/infos-droitshumains.net\/wp-content\/uploads\/2025\/09\/AGNES.jpg?fit=1096%2C598&ssl=1","contentUrl":"https:\/\/i0.wp.com\/infos-droitshumains.net\/wp-content\/uploads\/2025\/09\/AGNES.jpg?fit=1096%2C598&ssl=1","width":1096,"height":598},{"@type":"BreadcrumbList","@id":"https:\/\/infos-droitshumains.net\/?p=16353#breadcrumb","itemListElement":[{"@type":"ListItem","position":1,"name":"Accueil","item":"https:\/\/infos-droitshumains.net\/"},{"@type":"ListItem","position":2,"name":"RDC: Agn\u00e8s Kalonji appelle au partage de bonnes informations sur l&rsquo;importance de l&rsquo;acc\u00e8s \u00e0 l&rsquo;avortement s\u00e9curis\u00e9"}]},{"@type":"WebSite","@id":"https:\/\/infos-droitshumains.net\/#website","url":"https:\/\/infos-droitshumains.net\/","name":"Infos Droits Humains","description":"S&#039;informer est un droit","publisher":{"@id":"https:\/\/infos-droitshumains.net\/#organization"},"potentialAction":[{"@type":"SearchAction","target":{"@type":"EntryPoint","urlTemplate":"https:\/\/infos-droitshumains.net\/?s={search_term_string}"},"query-input":{"@type":"PropertyValueSpecification","valueRequired":true,"valueName":"search_term_string"}}],"inLanguage":"fr-FR"},{"@type":"Organization","@id":"https:\/\/infos-droitshumains.net\/#organization","name":"Infos Droits Humains","url":"https:\/\/infos-droitshumains.net\/","logo":{"@type":"ImageObject","inLanguage":"fr-FR","@id":"https:\/\/infos-droitshumains.net\/#\/schema\/logo\/image\/","url":"https:\/\/i0.wp.com\/infos-droitshumains.net\/wp-content\/uploads\/2022\/05\/Logo.png?fit=333%2C129&ssl=1","contentUrl":"https:\/\/i0.wp.com\/infos-droitshumains.net\/wp-content\/uploads\/2022\/05\/Logo.png?fit=333%2C129&ssl=1","width":333,"height":129,"caption":"Infos Droits Humains"},"image":{"@id":"https:\/\/infos-droitshumains.net\/#\/schema\/logo\/image\/"}},{"@type":"Person","@id":"https:\/\/infos-droitshumains.net\/#\/schema\/person\/3dc5e921c3302172e0ed4362f96faab7","name":"Jo\u00ebl Diawa","image":{"@type":"ImageObject","inLanguage":"fr-FR","@id":"https:\/\/secure.gravatar.com\/avatar\/729bea6ff4604c624417803c477363be8e3c7186deaa65713313f9b4b820f41c?s=96&d=mm&r=g","url":"https:\/\/secure.gravatar.com\/avatar\/729bea6ff4604c624417803c477363be8e3c7186deaa65713313f9b4b820f41c?s=96&d=mm&r=g","contentUrl":"https:\/\/secure.gravatar.com\/avatar\/729bea6ff4604c624417803c477363be8e3c7186deaa65713313f9b4b820f41c?s=96&d=mm&r=g","caption":"Jo\u00ebl Diawa"},"sameAs":["https:\/\/www.infos-droitshumains.net"],"url":"https:\/\/infos-droitshumains.net\/?author=2"}]}},"featured_image_urls":{"full":["https:\/\/i0.wp.com\/infos-droitshumains.net\/wp-content\/uploads\/2025\/09\/AGNES.jpg?fit=1096%2C598&ssl=1",1096,598,false],"thumbnail":["https:\/\/i0.wp.com\/infos-droitshumains.net\/wp-content\/uploads\/2025\/09\/AGNES.jpg?resize=150%2C150&ssl=1",150,150,true],"medium":["https:\/\/i0.wp.com\/infos-droitshumains.net\/wp-content\/uploads\/2025\/09\/AGNES.jpg?fit=300%2C164&ssl=1",300,164,true],"medium_large":["https:\/\/i0.wp.com\/infos-droitshumains.net\/wp-content\/uploads\/2025\/09\/AGNES.jpg?fit=640%2C349&ssl=1",640,349,true],"large":["https:\/\/i0.wp.com\/infos-droitshumains.net\/wp-content\/uploads\/2025\/09\/AGNES.jpg?fit=640%2C349&ssl=1",640,349,true],"1536x1536":["https:\/\/i0.wp.com\/infos-droitshumains.net\/wp-content\/uploads\/2025\/09\/AGNES.jpg?fit=1096%2C598&ssl=1",1096,598,true],"2048x2048":["https:\/\/i0.wp.com\/infos-droitshumains.net\/wp-content\/uploads\/2025\/09\/AGNES.jpg?fit=1096%2C598&ssl=1",1096,598,true],"covernews-slider-full":["https:\/\/i0.wp.com\/infos-droitshumains.net\/wp-content\/uploads\/2025\/09\/AGNES.jpg?resize=1096%2C598&ssl=1",1096,598,true],"covernews-slider-center":["https:\/\/i0.wp.com\/infos-droitshumains.net\/wp-content\/uploads\/2025\/09\/AGNES.jpg?resize=800%2C500&ssl=1",800,500,true],"covernews-featured":["https:\/\/i0.wp.com\/infos-droitshumains.net\/wp-content\/uploads\/2025\/09\/AGNES.jpg?fit=1024%2C559&ssl=1",1024,559,true],"covernews-medium":["https:\/\/i0.wp.com\/infos-droitshumains.net\/wp-content\/uploads\/2025\/09\/AGNES.jpg?resize=540%2C340&ssl=1",540,340,true],"covernews-medium-square":["https:\/\/i0.wp.com\/infos-droitshumains.net\/wp-content\/uploads\/2025\/09\/AGNES.jpg?resize=400%2C250&ssl=1",400,250,true]},"author_info":{"display_name":"Jo\u00ebl Diawa","author_link":"https:\/\/infos-droitshumains.net\/?author=2"},"category_info":"<a href=\"https:\/\/infos-droitshumains.net\/?cat=7\" rel=\"category\">Droits Humains<\/a>","tag_info":"Droits Humains","comment_count":"0","jetpack_featured_media_url":"https:\/\/i0.wp.com\/infos-droitshumains.net\/wp-content\/uploads\/2025\/09\/AGNES.jpg?fit=1096%2C598&ssl=1","jetpack-related-posts":[],"jetpack_sharing_enabled":true,"_links":{"self":[{"href":"https:\/\/infos-droitshumains.net\/index.php?rest_route=\/wp\/v2\/posts\/16353","targetHints":{"allow":["GET"]}}],"collection":[{"href":"https:\/\/infos-droitshumains.net\/index.php?rest_route=\/wp\/v2\/posts"}],"about":[{"href":"https:\/\/infos-droitshumains.net\/index.php?rest_route=\/wp\/v2\/types\/post"}],"author":[{"embeddable":true,"href":"https:\/\/infos-droitshumains.net\/index.php?rest_route=\/wp\/v2\/users\/2"}],"replies":[{"embeddable":true,"href":"https:\/\/infos-droitshumains.net\/index.php?rest_route=%2Fwp%2Fv2%2Fcomments&post=16353"}],"version-history":[{"count":1,"href":"https:\/\/infos-droitshumains.net\/index.php?rest_route=\/wp\/v2\/posts\/16353\/revisions"}],"predecessor-version":[{"id":16355,"href":"https:\/\/infos-droitshumains.net\/index.php?rest_route=\/wp\/v2\/posts\/16353\/revisions\/16355"}],"wp:featuredmedia":[{"embeddable":true,"href":"https:\/\/infos-droitshumains.net\/index.php?rest_route=\/wp\/v2\/media\/16354"}],"wp:attachment":[{"href":"https:\/\/infos-droitshumains.net\/index.php?rest_route=%2Fwp%2Fv2%2Fmedia&parent=16353"}],"wp:term":[{"taxonomy":"category","embeddable":true,"href":"https:\/\/infos-droitshumains.net\/index.php?rest_route=%2Fwp%2Fv2%2Fcategories&post=16353"},{"taxonomy":"post_tag","embeddable":true,"href":"https:\/\/infos-droitshumains.net\/index.php?rest_route=%2Fwp%2Fv2%2Ftags&post=16353"}],"curies":[{"name":"wp","href":"https:\/\/api.w.org\/{rel}","templated":true}]}}