{"id":16312,"date":"2025-09-19T04:22:32","date_gmt":"2025-09-19T02:22:32","guid":{"rendered":"https:\/\/infos-droitshumains.net\/?p=16312"},"modified":"2025-09-19T04:36:45","modified_gmt":"2025-09-19T02:36:45","slug":"universite-de-kinshasa-le-professeur-samy-samutondi-prend-la-tete-du-comite-scientifique-du-cridhac","status":"publish","type":"post","link":"https:\/\/infos-droitshumains.net\/?p=16312","title":{"rendered":"Universit\u00e9 de Kinshasa : Le Professeur Samutondi Ikomba Samy prend la t\u00eate du comit\u00e9 scientifique du CRIDHAC"},"content":{"rendered":"\n<p><strong>R\u00e9daction: +243 817 406 088<\/strong><\/p>\n\n\n\n<h3 class=\"wp-block-heading has-vivid-red-color has-text-color has-link-color wp-elements-fd30dba81cacfbdbc965bd53674e5f59\">Le Centre de Recherche Interdisciplinaire pour la Promotion et la Protection des Droits de l\u2019Homme en Afrique Centrale (CRIDHAC), rattach\u00e9 \u00e0 la facult\u00e9 de droit de l\u2019Universit\u00e9 de Kinshasa, dispose d\u00e9sormais d\u2019un nouveau comit\u00e9 scientifique dirig\u00e9 par le Professeur Samutondi Ikomba Samy.<\/h3>\n\n\n\n<p>Dans sa d\u00e9cision n\u00b00435\/UNIKIN\/R\/2025, rendue publique le 12 septembre 2025, le Recteur de l\u2019Universit\u00e9 de Kinshasa, le Professeur Jean-Marie Kayembe, a proc\u00e9d\u00e9 \u00e0 la nomination des membres de ce comit\u00e9.<\/p>\n\n\n\n<p>Ainsi, le Professeur Samutondi Ikomba Samy a \u00e9t\u00e9 nomm\u00e9 Directeur du CRIDHAC. Il sera \u00e9paul\u00e9 par la Professeure Mvaka Ngumbu Ir\u00e9n\u00e9e, Directrice adjointe, et le Docteur M\u00e9chack Mandefu Muela, Directeur adjoint charg\u00e9 de la formation. Le secr\u00e9tariat scientifique sera assur\u00e9 par Jules C\u00e9sar Kanda Kabeya, tandis que le secr\u00e9tariat administratif et financier revient \u00e0 Kazabako Nsungu.<\/p>\n\n\n\n<p>Juriste \u00e9m\u00e9rite, doctrinaire reconnu et magistrat de carri\u00e8re, le Professeur Samutondi Ikomba occupe \u00e9galement les fonctions de Pr\u00e9sident du Tribunal de Grande Instance de Kinshasa\/Matete. Il est l\u2019auteur de plusieurs ouvrages, dont les plus r\u00e9cents sont <strong><em>\u2018\u2019Le droit civil\u2019\u2019 <\/em><\/strong>et <strong><em>\u2018\u2019Les traits fondamentaux de la nationalit\u00e9.\u2019\u2019<\/em><\/strong><\/p>\n\n\n\n<p>Avant sa promotion \u00e0 la direction du CRIDHAC, il y exer\u00e7ait d\u00e9j\u00e0 comme Directeur adjoint charg\u00e9 de la recherche. Sa nomination illustre la volont\u00e9 du Rectorat de faire de la recherche scientifique un pilier strat\u00e9gique de l\u2019Universit\u00e9 de Kinshasa, et plus particuli\u00e8rement de sa prestigieuse facult\u00e9 de droit.<\/p>\n\n\n\n<p>Cr\u00e9\u00e9 le 29 septembre 1979 par feu le Professeur Tarcisse Tshibangu, alors Recteur de l\u2019Universit\u00e9 Nationale du Za\u00efre, le CRIDHAC constitue une plateforme acad\u00e9mique de r\u00e9f\u00e9rence. Sa revue scientifique offre des analyses et d\u00e9bats approfondis sur les droits de l\u2019Homme et les libert\u00e9s fondamentales en R\u00e9publique D\u00e9mocratique du Congo, en Afrique et dans le monde.<\/p>\n\n\n\n<p>Jo\u00ebl&nbsp;Diawa<\/p>\n","protected":false},"excerpt":{"rendered":"<p>R\u00e9daction: +243 817 406 088 Le Centre de Recherche Interdisciplinaire pour la Promotion et la&#8230;<\/p>\n","protected":false},"author":2,"featured_media":16316,"comment_status":"open","ping_status":"open","sticky":false,"template":"","format":"standard","meta":{"_jetpack_memberships_contains_paid_content":false,"footnotes":""},"categories":[6],"tags":[],"class_list":["post-16312","post","type-post","status-publish","format-standard","has-post-thumbnail","hentry","category-justice"],"yoast_head":"<!-- This site is optimized with the Yoast SEO plugin v27.5 - https:\/\/yoast.com\/product\/yoast-seo-wordpress\/ -->\n<title>Universit\u00e9 de Kinshasa : Le Professeur Samutondi Ikomba Samy prend la t\u00eate du comit\u00e9 scientifique du CRIDHAC - Infos Droits Humains<\/title>\n<meta name=\"robots\" content=\"index, follow, max-snippet:-1, max-image-preview:large, max-video-preview:-1\" \/>\n<link rel=\"canonical\" href=\"https:\/\/infos-droitshumains.net\/?p=16312\" \/>\n<meta property=\"og:locale\" content=\"fr_FR\" \/>\n<meta property=\"og:type\" content=\"article\" \/>\n<meta property=\"og:title\" content=\"Universit\u00e9 de Kinshasa : Le Professeur Samutondi Ikomba Samy prend la t\u00eate du comit\u00e9 scientifique du CRIDHAC - Infos Droits Humains\" \/>\n<meta property=\"og:description\" content=\"R\u00e9daction: +243 817 406 088 Le Centre de Recherche Interdisciplinaire pour la Promotion et la...\" \/>\n<meta property=\"og:url\" content=\"https:\/\/infos-droitshumains.net\/?p=16312\" \/>\n<meta property=\"og:site_name\" content=\"Infos Droits Humains\" \/>\n<meta property=\"article:published_time\" content=\"2025-09-19T02:22:32+00:00\" \/>\n<meta property=\"article:modified_time\" content=\"2025-09-19T02:36:45+00:00\" \/>\n<meta property=\"og:image\" content=\"https:\/\/infos-droitshumains.net\/wp-content\/uploads\/2025\/09\/Composition2.jpg\" \/>\n\t<meta property=\"og:image:width\" content=\"1159\" \/>\n\t<meta property=\"og:image:height\" content=\"949\" \/>\n\t<meta property=\"og:image:type\" content=\"image\/jpeg\" \/>\n<meta name=\"author\" content=\"Jo\u00ebl Diawa\" \/>\n<meta name=\"twitter:card\" content=\"summary_large_image\" \/>\n<meta name=\"twitter:label1\" content=\"\u00c9crit par\" \/>\n\t<meta name=\"twitter:data1\" content=\"Jo\u00ebl Diawa\" \/>\n\t<meta name=\"twitter:label2\" content=\"Dur\u00e9e de lecture estim\u00e9e\" \/>\n\t<meta name=\"twitter:data2\" content=\"2 minutes\" \/>\n<script type=\"application\/ld+json\" class=\"yoast-schema-graph\">{\"@context\":\"https:\\\/\\\/schema.org\",\"@graph\":[{\"@type\":\"Article\",\"@id\":\"https:\\\/\\\/infos-droitshumains.net\\\/?p=16312#article\",\"isPartOf\":{\"@id\":\"https:\\\/\\\/infos-droitshumains.net\\\/?p=16312\"},\"author\":{\"name\":\"Jo\u00ebl Diawa\",\"@id\":\"https:\\\/\\\/infos-droitshumains.net\\\/#\\\/schema\\\/person\\\/3dc5e921c3302172e0ed4362f96faab7\"},\"headline\":\"Universit\u00e9 de Kinshasa : Le Professeur Samutondi Ikomba Samy prend la t\u00eate du comit\u00e9 scientifique du CRIDHAC\",\"datePublished\":\"2025-09-19T02:22:32+00:00\",\"dateModified\":\"2025-09-19T02:36:45+00:00\",\"mainEntityOfPage\":{\"@id\":\"https:\\\/\\\/infos-droitshumains.net\\\/?p=16312\"},\"wordCount\":328,\"commentCount\":0,\"publisher\":{\"@id\":\"https:\\\/\\\/infos-droitshumains.net\\\/#organization\"},\"image\":{\"@id\":\"https:\\\/\\\/infos-droitshumains.net\\\/?p=16312#primaryimage\"},\"thumbnailUrl\":\"https:\\\/\\\/i0.wp.com\\\/infos-droitshumains.net\\\/wp-content\\\/uploads\\\/2025\\\/09\\\/Composition2.jpg?fit=1159%2C949&ssl=1\",\"articleSection\":[\"Justice\"],\"inLanguage\":\"fr-FR\",\"potentialAction\":[{\"@type\":\"CommentAction\",\"name\":\"Comment\",\"target\":[\"https:\\\/\\\/infos-droitshumains.net\\\/?p=16312#respond\"]}]},{\"@type\":\"WebPage\",\"@id\":\"https:\\\/\\\/infos-droitshumains.net\\\/?p=16312\",\"url\":\"https:\\\/\\\/infos-droitshumains.net\\\/?p=16312\",\"name\":\"Universit\u00e9 de Kinshasa : Le Professeur Samutondi Ikomba Samy prend la t\u00eate du comit\u00e9 scientifique du CRIDHAC - Infos Droits Humains\",\"isPartOf\":{\"@id\":\"https:\\\/\\\/infos-droitshumains.net\\\/#website\"},\"primaryImageOfPage\":{\"@id\":\"https:\\\/\\\/infos-droitshumains.net\\\/?p=16312#primaryimage\"},\"image\":{\"@id\":\"https:\\\/\\\/infos-droitshumains.net\\\/?p=16312#primaryimage\"},\"thumbnailUrl\":\"https:\\\/\\\/i0.wp.com\\\/infos-droitshumains.net\\\/wp-content\\\/uploads\\\/2025\\\/09\\\/Composition2.jpg?fit=1159%2C949&ssl=1\",\"datePublished\":\"2025-09-19T02:22:32+00:00\",\"dateModified\":\"2025-09-19T02:36:45+00:00\",\"breadcrumb\":{\"@id\":\"https:\\\/\\\/infos-droitshumains.net\\\/?p=16312#breadcrumb\"},\"inLanguage\":\"fr-FR\",\"potentialAction\":[{\"@type\":\"ReadAction\",\"target\":[\"https:\\\/\\\/infos-droitshumains.net\\\/?p=16312\"]}]},{\"@type\":\"ImageObject\",\"inLanguage\":\"fr-FR\",\"@id\":\"https:\\\/\\\/infos-droitshumains.net\\\/?p=16312#primaryimage\",\"url\":\"https:\\\/\\\/i0.wp.com\\\/infos-droitshumains.net\\\/wp-content\\\/uploads\\\/2025\\\/09\\\/Composition2.jpg?fit=1159%2C949&ssl=1\",\"contentUrl\":\"https:\\\/\\\/i0.wp.com\\\/infos-droitshumains.net\\\/wp-content\\\/uploads\\\/2025\\\/09\\\/Composition2.jpg?fit=1159%2C949&ssl=1\",\"width\":1159,\"height\":949},{\"@type\":\"BreadcrumbList\",\"@id\":\"https:\\\/\\\/infos-droitshumains.net\\\/?p=16312#breadcrumb\",\"itemListElement\":[{\"@type\":\"ListItem\",\"position\":1,\"name\":\"Accueil\",\"item\":\"https:\\\/\\\/infos-droitshumains.net\\\/\"},{\"@type\":\"ListItem\",\"position\":2,\"name\":\"Universit\u00e9 de Kinshasa : Le Professeur Samutondi Ikomba Samy prend la t\u00eate du comit\u00e9 scientifique du CRIDHAC\"}]},{\"@type\":\"WebSite\",\"@id\":\"https:\\\/\\\/infos-droitshumains.net\\\/#website\",\"url\":\"https:\\\/\\\/infos-droitshumains.net\\\/\",\"name\":\"Infos Droits Humains\",\"description\":\"S&#039;informer est un droit\",\"publisher\":{\"@id\":\"https:\\\/\\\/infos-droitshumains.net\\\/#organization\"},\"potentialAction\":[{\"@type\":\"SearchAction\",\"target\":{\"@type\":\"EntryPoint\",\"urlTemplate\":\"https:\\\/\\\/infos-droitshumains.net\\\/?s={search_term_string}\"},\"query-input\":{\"@type\":\"PropertyValueSpecification\",\"valueRequired\":true,\"valueName\":\"search_term_string\"}}],\"inLanguage\":\"fr-FR\"},{\"@type\":\"Organization\",\"@id\":\"https:\\\/\\\/infos-droitshumains.net\\\/#organization\",\"name\":\"Infos Droits Humains\",\"url\":\"https:\\\/\\\/infos-droitshumains.net\\\/\",\"logo\":{\"@type\":\"ImageObject\",\"inLanguage\":\"fr-FR\",\"@id\":\"https:\\\/\\\/infos-droitshumains.net\\\/#\\\/schema\\\/logo\\\/image\\\/\",\"url\":\"https:\\\/\\\/i0.wp.com\\\/infos-droitshumains.net\\\/wp-content\\\/uploads\\\/2022\\\/05\\\/Logo.png?fit=333%2C129&ssl=1\",\"contentUrl\":\"https:\\\/\\\/i0.wp.com\\\/infos-droitshumains.net\\\/wp-content\\\/uploads\\\/2022\\\/05\\\/Logo.png?fit=333%2C129&ssl=1\",\"width\":333,\"height\":129,\"caption\":\"Infos Droits Humains\"},\"image\":{\"@id\":\"https:\\\/\\\/infos-droitshumains.net\\\/#\\\/schema\\\/logo\\\/image\\\/\"}},{\"@type\":\"Person\",\"@id\":\"https:\\\/\\\/infos-droitshumains.net\\\/#\\\/schema\\\/person\\\/3dc5e921c3302172e0ed4362f96faab7\",\"name\":\"Jo\u00ebl Diawa\",\"image\":{\"@type\":\"ImageObject\",\"inLanguage\":\"fr-FR\",\"@id\":\"https:\\\/\\\/secure.gravatar.com\\\/avatar\\\/729bea6ff4604c624417803c477363be8e3c7186deaa65713313f9b4b820f41c?s=96&d=mm&r=g\",\"url\":\"https:\\\/\\\/secure.gravatar.com\\\/avatar\\\/729bea6ff4604c624417803c477363be8e3c7186deaa65713313f9b4b820f41c?s=96&d=mm&r=g\",\"contentUrl\":\"https:\\\/\\\/secure.gravatar.com\\\/avatar\\\/729bea6ff4604c624417803c477363be8e3c7186deaa65713313f9b4b820f41c?s=96&d=mm&r=g\",\"caption\":\"Jo\u00ebl Diawa\"},\"sameAs\":[\"https:\\\/\\\/www.infos-droitshumains.net\"],\"url\":\"https:\\\/\\\/infos-droitshumains.net\\\/?author=2\"}]}<\/script>\n<!-- \/ Yoast SEO plugin. -->","yoast_head_json":{"title":"Universit\u00e9 de Kinshasa : Le Professeur Samutondi Ikomba Samy prend la t\u00eate du comit\u00e9 scientifique du CRIDHAC - Infos Droits Humains","robots":{"index":"index","follow":"follow","max-snippet":"max-snippet:-1","max-image-preview":"max-image-preview:large","max-video-preview":"max-video-preview:-1"},"canonical":"https:\/\/infos-droitshumains.net\/?p=16312","og_locale":"fr_FR","og_type":"article","og_title":"Universit\u00e9 de Kinshasa : Le Professeur Samutondi Ikomba Samy prend la t\u00eate du comit\u00e9 scientifique du CRIDHAC - Infos Droits Humains","og_description":"R\u00e9daction: +243 817 406 088 Le Centre de Recherche Interdisciplinaire pour la Promotion et la...","og_url":"https:\/\/infos-droitshumains.net\/?p=16312","og_site_name":"Infos Droits Humains","article_published_time":"2025-09-19T02:22:32+00:00","article_modified_time":"2025-09-19T02:36:45+00:00","og_image":[{"width":1159,"height":949,"url":"https:\/\/infos-droitshumains.net\/wp-content\/uploads\/2025\/09\/Composition2.jpg","type":"image\/jpeg"}],"author":"Jo\u00ebl Diawa","twitter_card":"summary_large_image","twitter_misc":{"\u00c9crit par":"Jo\u00ebl Diawa","Dur\u00e9e de lecture estim\u00e9e":"2 minutes"},"schema":{"@context":"https:\/\/schema.org","@graph":[{"@type":"Article","@id":"https:\/\/infos-droitshumains.net\/?p=16312#article","isPartOf":{"@id":"https:\/\/infos-droitshumains.net\/?p=16312"},"author":{"name":"Jo\u00ebl Diawa","@id":"https:\/\/infos-droitshumains.net\/#\/schema\/person\/3dc5e921c3302172e0ed4362f96faab7"},"headline":"Universit\u00e9 de Kinshasa : Le Professeur Samutondi Ikomba Samy prend la t\u00eate du comit\u00e9 scientifique du CRIDHAC","datePublished":"2025-09-19T02:22:32+00:00","dateModified":"2025-09-19T02:36:45+00:00","mainEntityOfPage":{"@id":"https:\/\/infos-droitshumains.net\/?p=16312"},"wordCount":328,"commentCount":0,"publisher":{"@id":"https:\/\/infos-droitshumains.net\/#organization"},"image":{"@id":"https:\/\/infos-droitshumains.net\/?p=16312#primaryimage"},"thumbnailUrl":"https:\/\/i0.wp.com\/infos-droitshumains.net\/wp-content\/uploads\/2025\/09\/Composition2.jpg?fit=1159%2C949&ssl=1","articleSection":["Justice"],"inLanguage":"fr-FR","potentialAction":[{"@type":"CommentAction","name":"Comment","target":["https:\/\/infos-droitshumains.net\/?p=16312#respond"]}]},{"@type":"WebPage","@id":"https:\/\/infos-droitshumains.net\/?p=16312","url":"https:\/\/infos-droitshumains.net\/?p=16312","name":"Universit\u00e9 de Kinshasa : Le Professeur Samutondi Ikomba Samy prend la t\u00eate du comit\u00e9 scientifique du CRIDHAC - Infos Droits Humains","isPartOf":{"@id":"https:\/\/infos-droitshumains.net\/#website"},"primaryImageOfPage":{"@id":"https:\/\/infos-droitshumains.net\/?p=16312#primaryimage"},"image":{"@id":"https:\/\/infos-droitshumains.net\/?p=16312#primaryimage"},"thumbnailUrl":"https:\/\/i0.wp.com\/infos-droitshumains.net\/wp-content\/uploads\/2025\/09\/Composition2.jpg?fit=1159%2C949&ssl=1","datePublished":"2025-09-19T02:22:32+00:00","dateModified":"2025-09-19T02:36:45+00:00","breadcrumb":{"@id":"https:\/\/infos-droitshumains.net\/?p=16312#breadcrumb"},"inLanguage":"fr-FR","potentialAction":[{"@type":"ReadAction","target":["https:\/\/infos-droitshumains.net\/?p=16312"]}]},{"@type":"ImageObject","inLanguage":"fr-FR","@id":"https:\/\/infos-droitshumains.net\/?p=16312#primaryimage","url":"https:\/\/i0.wp.com\/infos-droitshumains.net\/wp-content\/uploads\/2025\/09\/Composition2.jpg?fit=1159%2C949&ssl=1","contentUrl":"https:\/\/i0.wp.com\/infos-droitshumains.net\/wp-content\/uploads\/2025\/09\/Composition2.jpg?fit=1159%2C949&ssl=1","width":1159,"height":949},{"@type":"BreadcrumbList","@id":"https:\/\/infos-droitshumains.net\/?p=16312#breadcrumb","itemListElement":[{"@type":"ListItem","position":1,"name":"Accueil","item":"https:\/\/infos-droitshumains.net\/"},{"@type":"ListItem","position":2,"name":"Universit\u00e9 de Kinshasa : Le Professeur Samutondi Ikomba Samy prend la t\u00eate du comit\u00e9 scientifique du CRIDHAC"}]},{"@type":"WebSite","@id":"https:\/\/infos-droitshumains.net\/#website","url":"https:\/\/infos-droitshumains.net\/","name":"Infos Droits Humains","description":"S&#039;informer est un droit","publisher":{"@id":"https:\/\/infos-droitshumains.net\/#organization"},"potentialAction":[{"@type":"SearchAction","target":{"@type":"EntryPoint","urlTemplate":"https:\/\/infos-droitshumains.net\/?s={search_term_string}"},"query-input":{"@type":"PropertyValueSpecification","valueRequired":true,"valueName":"search_term_string"}}],"inLanguage":"fr-FR"},{"@type":"Organization","@id":"https:\/\/infos-droitshumains.net\/#organization","name":"Infos Droits Humains","url":"https:\/\/infos-droitshumains.net\/","logo":{"@type":"ImageObject","inLanguage":"fr-FR","@id":"https:\/\/infos-droitshumains.net\/#\/schema\/logo\/image\/","url":"https:\/\/i0.wp.com\/infos-droitshumains.net\/wp-content\/uploads\/2022\/05\/Logo.png?fit=333%2C129&ssl=1","contentUrl":"https:\/\/i0.wp.com\/infos-droitshumains.net\/wp-content\/uploads\/2022\/05\/Logo.png?fit=333%2C129&ssl=1","width":333,"height":129,"caption":"Infos Droits Humains"},"image":{"@id":"https:\/\/infos-droitshumains.net\/#\/schema\/logo\/image\/"}},{"@type":"Person","@id":"https:\/\/infos-droitshumains.net\/#\/schema\/person\/3dc5e921c3302172e0ed4362f96faab7","name":"Jo\u00ebl Diawa","image":{"@type":"ImageObject","inLanguage":"fr-FR","@id":"https:\/\/secure.gravatar.com\/avatar\/729bea6ff4604c624417803c477363be8e3c7186deaa65713313f9b4b820f41c?s=96&d=mm&r=g","url":"https:\/\/secure.gravatar.com\/avatar\/729bea6ff4604c624417803c477363be8e3c7186deaa65713313f9b4b820f41c?s=96&d=mm&r=g","contentUrl":"https:\/\/secure.gravatar.com\/avatar\/729bea6ff4604c624417803c477363be8e3c7186deaa65713313f9b4b820f41c?s=96&d=mm&r=g","caption":"Jo\u00ebl Diawa"},"sameAs":["https:\/\/www.infos-droitshumains.net"],"url":"https:\/\/infos-droitshumains.net\/?author=2"}]}},"featured_image_urls":{"full":["https:\/\/i0.wp.com\/infos-droitshumains.net\/wp-content\/uploads\/2025\/09\/Composition2.jpg?fit=1159%2C949&ssl=1",1159,949,false],"thumbnail":["https:\/\/i0.wp.com\/infos-droitshumains.net\/wp-content\/uploads\/2025\/09\/Composition2.jpg?resize=150%2C150&ssl=1",150,150,true],"medium":["https:\/\/i0.wp.com\/infos-droitshumains.net\/wp-content\/uploads\/2025\/09\/Composition2.jpg?fit=300%2C246&ssl=1",300,246,true],"medium_large":["https:\/\/i0.wp.com\/infos-droitshumains.net\/wp-content\/uploads\/2025\/09\/Composition2.jpg?fit=640%2C524&ssl=1",640,524,true],"large":["https:\/\/i0.wp.com\/infos-droitshumains.net\/wp-content\/uploads\/2025\/09\/Composition2.jpg?fit=640%2C524&ssl=1",640,524,true],"1536x1536":["https:\/\/i0.wp.com\/infos-droitshumains.net\/wp-content\/uploads\/2025\/09\/Composition2.jpg?fit=1159%2C949&ssl=1",1159,949,true],"2048x2048":["https:\/\/i0.wp.com\/infos-droitshumains.net\/wp-content\/uploads\/2025\/09\/Composition2.jpg?fit=1159%2C949&ssl=1",1159,949,true],"covernews-slider-full":["https:\/\/i0.wp.com\/infos-droitshumains.net\/wp-content\/uploads\/2025\/09\/Composition2.jpg?resize=1115%2C715&ssl=1",1115,715,true],"covernews-slider-center":["https:\/\/i0.wp.com\/infos-droitshumains.net\/wp-content\/uploads\/2025\/09\/Composition2.jpg?resize=800%2C500&ssl=1",800,500,true],"covernews-featured":["https:\/\/i0.wp.com\/infos-droitshumains.net\/wp-content\/uploads\/2025\/09\/Composition2.jpg?fit=1024%2C838&ssl=1",1024,838,true],"covernews-medium":["https:\/\/i0.wp.com\/infos-droitshumains.net\/wp-content\/uploads\/2025\/09\/Composition2.jpg?resize=540%2C340&ssl=1",540,340,true],"covernews-medium-square":["https:\/\/i0.wp.com\/infos-droitshumains.net\/wp-content\/uploads\/2025\/09\/Composition2.jpg?resize=400%2C250&ssl=1",400,250,true]},"author_info":{"display_name":"Jo\u00ebl Diawa","author_link":"https:\/\/infos-droitshumains.net\/?author=2"},"category_info":"<a href=\"https:\/\/infos-droitshumains.net\/?cat=6\" rel=\"category\">Justice<\/a>","tag_info":"Justice","comment_count":"0","jetpack_featured_media_url":"https:\/\/i0.wp.com\/infos-droitshumains.net\/wp-content\/uploads\/2025\/09\/Composition2.jpg?fit=1159%2C949&ssl=1","jetpack-related-posts":[],"jetpack_sharing_enabled":true,"_links":{"self":[{"href":"https:\/\/infos-droitshumains.net\/index.php?rest_route=\/wp\/v2\/posts\/16312","targetHints":{"allow":["GET"]}}],"collection":[{"href":"https:\/\/infos-droitshumains.net\/index.php?rest_route=\/wp\/v2\/posts"}],"about":[{"href":"https:\/\/infos-droitshumains.net\/index.php?rest_route=\/wp\/v2\/types\/post"}],"author":[{"embeddable":true,"href":"https:\/\/infos-droitshumains.net\/index.php?rest_route=\/wp\/v2\/users\/2"}],"replies":[{"embeddable":true,"href":"https:\/\/infos-droitshumains.net\/index.php?rest_route=%2Fwp%2Fv2%2Fcomments&post=16312"}],"version-history":[{"count":3,"href":"https:\/\/infos-droitshumains.net\/index.php?rest_route=\/wp\/v2\/posts\/16312\/revisions"}],"predecessor-version":[{"id":16315,"href":"https:\/\/infos-droitshumains.net\/index.php?rest_route=\/wp\/v2\/posts\/16312\/revisions\/16315"}],"wp:featuredmedia":[{"embeddable":true,"href":"https:\/\/infos-droitshumains.net\/index.php?rest_route=\/wp\/v2\/media\/16316"}],"wp:attachment":[{"href":"https:\/\/infos-droitshumains.net\/index.php?rest_route=%2Fwp%2Fv2%2Fmedia&parent=16312"}],"wp:term":[{"taxonomy":"category","embeddable":true,"href":"https:\/\/infos-droitshumains.net\/index.php?rest_route=%2Fwp%2Fv2%2Fcategories&post=16312"},{"taxonomy":"post_tag","embeddable":true,"href":"https:\/\/infos-droitshumains.net\/index.php?rest_route=%2Fwp%2Fv2%2Ftags&post=16312"}],"curies":[{"name":"wp","href":"https:\/\/api.w.org\/{rel}","templated":true}]}}