{"id":16297,"date":"2025-07-18T01:16:00","date_gmt":"2025-07-17T23:16:00","guid":{"rendered":"https:\/\/infos-droitshumains.net\/?p=16297"},"modified":"2025-09-14T01:29:12","modified_gmt":"2025-09-13T23:29:12","slug":"kinshasa-inquietude-au-sein-de-la-famille-de-florence-bolinga-militante-du-pprd","status":"publish","type":"post","link":"https:\/\/infos-droitshumains.net\/?p=16297","title":{"rendered":"Kinshasa : Inqui\u00e9tude au sein de la famille de Florence Bolinga, militante du PPRD"},"content":{"rendered":"\n<p><strong><strong>R\u00e9daction: +243 817 406 088<\/strong><\/strong><\/p>\n\n\n\n<h3 class=\"wp-block-heading has-vivid-red-color has-text-color has-link-color wp-elements-c93712a98bd703cefbadd01da7b7b825\">Depuis plusieurs mois, la famille de Florence Bolinga vit dans une profonde angoisse. Menaces, intimidations et agressions \u00e0 r\u00e9p\u00e9tition ont marqu\u00e9 le quotidien de cette militante engag\u00e9e du Parti du Peuple pour la Reconstruction et la D\u00e9mocratie (PPRD), depuis le d\u00e9but de l\u2019ann\u00e9e en cours.<\/h3>\n\n\n\n<p>Mari\u00e9e et m\u00e8re de quatre enfants, Florence Bolinga est connue pour son militantisme actif au sein du PPRD, parti de l\u2019ancien pr\u00e9sident Joseph Kabila Kabange, actuellement en exil.<\/p>\n\n\n\n<p>Depuis la rupture de la coalition entre le camp de l\u2019actuel pr\u00e9sident F\u00e9lix Tshisekedi et celui de son pr\u00e9d\u00e9cesseur, les membres du PPRD d\u00e9noncent une s\u00e9rie de restrictions et de violations de leurs droits politiques. Cette situation s\u2019est illustr\u00e9e notamment le 10 mars dernier, lorsque deux t\u00e9nors du parti, Emmanuel Shadary et Aubin Minaku, ont \u00e9t\u00e9 convoqu\u00e9s par les services de s\u00e9curit\u00e9 en raison de leurs activit\u00e9s politiques et de leur proximit\u00e9 avec Joseph Kabila.<\/p>\n\n\n\n<p>Le 19 avril, le PPRD a \u00e9t\u00e9 officiellement suspendu. Ses cadres, militants et sympathisants ont \u00e9t\u00e9 r\u00e9duits au silence. \u00c9voquer le parti devenait synonyme d\u2019arrestations, de menaces et d\u2019actes de violence. Quelques semaines plus tard, le 25 juin, la justice militaire ouvrait un proc\u00e8s contre Joseph Kabila, au cours duquel le minist\u00e8re public a requis la peine de mort \u00e0 l\u2019encontre de l\u2019\u00ab autorit\u00e9 morale \u00bb du PPRD. \u00c0 ces faits s\u2019ajoutent de nombreux cas de violences physiques et psychologiques, d\u2019arrestations arbitraires et d\u2019intimidations.<\/p>\n\n\n\n<p>C\u2019est dans ce contexte que Florence Bolinga s\u2019est illustr\u00e9e en prenant publiquement la parole pour d\u00e9noncer ces mesures jug\u00e9es discriminatoires et attentatoires aux droits civiques et politiques des militants du PPRD. Son engagement courageux lui a toutefois valu d\u2019\u00eatre la cible de menaces accrues, de violences et de pressions multiples, mettant \u00e9galement en danger l\u2019int\u00e9grit\u00e9 physique de sa famille.<\/p>\n\n\n\n<p>Craignant pour sa vie, Florence Bolinga a d\u00fb entrer en clandestinit\u00e9 avant, selon des sources concordantes, de r\u00e9ussir \u00e0 quitter le pays. Mais son d\u00e9part pr\u00e9cipit\u00e9 n\u2019a pas mis fin aux inqui\u00e9tudes : ses proches, rest\u00e9s \u00e0 Kinshasa, font d\u00e9sormais l\u2019objet d\u2019harc\u00e8lements et de menaces persistantes.<\/p>\n\n\n\n<p>Aujourd\u2019hui, la famille de Florence Bolinga vit dans la peur constante, redoutant \u00e0 la fois pour la s\u00e9curit\u00e9 de la militante contrainte \u00e0 l\u2019exil, et pour la leur, expos\u00e9e \u00e0 de multiples pressions dans la capitale congolaise.<\/p>\n\n\n\n<p>La R\u00e9daction<\/p>\n","protected":false},"excerpt":{"rendered":"<p>R\u00e9daction: +243 817 406 088 Depuis plusieurs mois, la famille de Florence Bolinga vit dans&#8230;<\/p>\n","protected":false},"author":3,"featured_media":16302,"comment_status":"open","ping_status":"open","sticky":false,"template":"","format":"standard","meta":{"_jetpack_memberships_contains_paid_content":false,"footnotes":""},"categories":[8],"tags":[],"class_list":["post-16297","post","type-post","status-publish","format-standard","has-post-thumbnail","hentry","category-societe"],"yoast_head":"<!-- This site is optimized with the Yoast SEO plugin v27.5 - https:\/\/yoast.com\/product\/yoast-seo-wordpress\/ -->\n<title>Kinshasa : Inqui\u00e9tude au sein de la famille de Florence Bolinga, militante du PPRD - Infos Droits Humains<\/title>\n<meta name=\"robots\" content=\"index, follow, max-snippet:-1, max-image-preview:large, max-video-preview:-1\" \/>\n<link rel=\"canonical\" href=\"https:\/\/infos-droitshumains.net\/?p=16297\" \/>\n<meta property=\"og:locale\" content=\"fr_FR\" \/>\n<meta property=\"og:type\" content=\"article\" \/>\n<meta property=\"og:title\" content=\"Kinshasa : Inqui\u00e9tude au sein de la famille de Florence Bolinga, militante du PPRD - Infos Droits Humains\" \/>\n<meta property=\"og:description\" content=\"R\u00e9daction: +243 817 406 088 Depuis plusieurs mois, la famille de Florence Bolinga vit dans...\" \/>\n<meta property=\"og:url\" content=\"https:\/\/infos-droitshumains.net\/?p=16297\" \/>\n<meta property=\"og:site_name\" content=\"Infos Droits Humains\" \/>\n<meta property=\"article:published_time\" content=\"2025-07-17T23:16:00+00:00\" \/>\n<meta property=\"article:modified_time\" content=\"2025-09-13T23:29:12+00:00\" \/>\n<meta property=\"og:image\" content=\"https:\/\/infos-droitshumains.net\/wp-content\/uploads\/2025\/09\/PPRD.jpg\" \/>\n\t<meta property=\"og:image:width\" content=\"926\" \/>\n\t<meta property=\"og:image:height\" content=\"502\" \/>\n\t<meta property=\"og:image:type\" content=\"image\/jpeg\" \/>\n<meta name=\"author\" content=\"Super\" \/>\n<meta name=\"twitter:card\" content=\"summary_large_image\" \/>\n<meta name=\"twitter:label1\" content=\"\u00c9crit par\" \/>\n\t<meta name=\"twitter:data1\" content=\"Super\" \/>\n\t<meta name=\"twitter:label2\" content=\"Dur\u00e9e de lecture estim\u00e9e\" \/>\n\t<meta name=\"twitter:data2\" content=\"3 minutes\" \/>\n<script type=\"application\/ld+json\" class=\"yoast-schema-graph\">{\"@context\":\"https:\\\/\\\/schema.org\",\"@graph\":[{\"@type\":\"Article\",\"@id\":\"https:\\\/\\\/infos-droitshumains.net\\\/?p=16297#article\",\"isPartOf\":{\"@id\":\"https:\\\/\\\/infos-droitshumains.net\\\/?p=16297\"},\"author\":{\"name\":\"Super\",\"@id\":\"https:\\\/\\\/infos-droitshumains.net\\\/#\\\/schema\\\/person\\\/db4428dbf83d2d51ecdb0cc0aed0c47f\"},\"headline\":\"Kinshasa : Inqui\u00e9tude au sein de la famille de Florence Bolinga, militante du PPRD\",\"datePublished\":\"2025-07-17T23:16:00+00:00\",\"dateModified\":\"2025-09-13T23:29:12+00:00\",\"mainEntityOfPage\":{\"@id\":\"https:\\\/\\\/infos-droitshumains.net\\\/?p=16297\"},\"wordCount\":435,\"commentCount\":0,\"publisher\":{\"@id\":\"https:\\\/\\\/infos-droitshumains.net\\\/#organization\"},\"image\":{\"@id\":\"https:\\\/\\\/infos-droitshumains.net\\\/?p=16297#primaryimage\"},\"thumbnailUrl\":\"https:\\\/\\\/i0.wp.com\\\/infos-droitshumains.net\\\/wp-content\\\/uploads\\\/2025\\\/09\\\/PPRD.jpg?fit=926%2C502&ssl=1\",\"articleSection\":[\"Soci\u00e9t\u00e9\"],\"inLanguage\":\"fr-FR\",\"potentialAction\":[{\"@type\":\"CommentAction\",\"name\":\"Comment\",\"target\":[\"https:\\\/\\\/infos-droitshumains.net\\\/?p=16297#respond\"]}]},{\"@type\":\"WebPage\",\"@id\":\"https:\\\/\\\/infos-droitshumains.net\\\/?p=16297\",\"url\":\"https:\\\/\\\/infos-droitshumains.net\\\/?p=16297\",\"name\":\"Kinshasa : Inqui\u00e9tude au sein de la famille de Florence Bolinga, militante du PPRD - Infos Droits Humains\",\"isPartOf\":{\"@id\":\"https:\\\/\\\/infos-droitshumains.net\\\/#website\"},\"primaryImageOfPage\":{\"@id\":\"https:\\\/\\\/infos-droitshumains.net\\\/?p=16297#primaryimage\"},\"image\":{\"@id\":\"https:\\\/\\\/infos-droitshumains.net\\\/?p=16297#primaryimage\"},\"thumbnailUrl\":\"https:\\\/\\\/i0.wp.com\\\/infos-droitshumains.net\\\/wp-content\\\/uploads\\\/2025\\\/09\\\/PPRD.jpg?fit=926%2C502&ssl=1\",\"datePublished\":\"2025-07-17T23:16:00+00:00\",\"dateModified\":\"2025-09-13T23:29:12+00:00\",\"breadcrumb\":{\"@id\":\"https:\\\/\\\/infos-droitshumains.net\\\/?p=16297#breadcrumb\"},\"inLanguage\":\"fr-FR\",\"potentialAction\":[{\"@type\":\"ReadAction\",\"target\":[\"https:\\\/\\\/infos-droitshumains.net\\\/?p=16297\"]}]},{\"@type\":\"ImageObject\",\"inLanguage\":\"fr-FR\",\"@id\":\"https:\\\/\\\/infos-droitshumains.net\\\/?p=16297#primaryimage\",\"url\":\"https:\\\/\\\/i0.wp.com\\\/infos-droitshumains.net\\\/wp-content\\\/uploads\\\/2025\\\/09\\\/PPRD.jpg?fit=926%2C502&ssl=1\",\"contentUrl\":\"https:\\\/\\\/i0.wp.com\\\/infos-droitshumains.net\\\/wp-content\\\/uploads\\\/2025\\\/09\\\/PPRD.jpg?fit=926%2C502&ssl=1\",\"width\":926,\"height\":502},{\"@type\":\"BreadcrumbList\",\"@id\":\"https:\\\/\\\/infos-droitshumains.net\\\/?p=16297#breadcrumb\",\"itemListElement\":[{\"@type\":\"ListItem\",\"position\":1,\"name\":\"Accueil\",\"item\":\"https:\\\/\\\/infos-droitshumains.net\\\/\"},{\"@type\":\"ListItem\",\"position\":2,\"name\":\"Kinshasa : Inqui\u00e9tude au sein de la famille de Florence Bolinga, militante du PPRD\"}]},{\"@type\":\"WebSite\",\"@id\":\"https:\\\/\\\/infos-droitshumains.net\\\/#website\",\"url\":\"https:\\\/\\\/infos-droitshumains.net\\\/\",\"name\":\"Infos Droits Humains\",\"description\":\"S&#039;informer est un droit\",\"publisher\":{\"@id\":\"https:\\\/\\\/infos-droitshumains.net\\\/#organization\"},\"potentialAction\":[{\"@type\":\"SearchAction\",\"target\":{\"@type\":\"EntryPoint\",\"urlTemplate\":\"https:\\\/\\\/infos-droitshumains.net\\\/?s={search_term_string}\"},\"query-input\":{\"@type\":\"PropertyValueSpecification\",\"valueRequired\":true,\"valueName\":\"search_term_string\"}}],\"inLanguage\":\"fr-FR\"},{\"@type\":\"Organization\",\"@id\":\"https:\\\/\\\/infos-droitshumains.net\\\/#organization\",\"name\":\"Infos Droits Humains\",\"url\":\"https:\\\/\\\/infos-droitshumains.net\\\/\",\"logo\":{\"@type\":\"ImageObject\",\"inLanguage\":\"fr-FR\",\"@id\":\"https:\\\/\\\/infos-droitshumains.net\\\/#\\\/schema\\\/logo\\\/image\\\/\",\"url\":\"https:\\\/\\\/i0.wp.com\\\/infos-droitshumains.net\\\/wp-content\\\/uploads\\\/2022\\\/05\\\/Logo.png?fit=333%2C129&ssl=1\",\"contentUrl\":\"https:\\\/\\\/i0.wp.com\\\/infos-droitshumains.net\\\/wp-content\\\/uploads\\\/2022\\\/05\\\/Logo.png?fit=333%2C129&ssl=1\",\"width\":333,\"height\":129,\"caption\":\"Infos Droits Humains\"},\"image\":{\"@id\":\"https:\\\/\\\/infos-droitshumains.net\\\/#\\\/schema\\\/logo\\\/image\\\/\"}},{\"@type\":\"Person\",\"@id\":\"https:\\\/\\\/infos-droitshumains.net\\\/#\\\/schema\\\/person\\\/db4428dbf83d2d51ecdb0cc0aed0c47f\",\"name\":\"Super\",\"image\":{\"@type\":\"ImageObject\",\"inLanguage\":\"fr-FR\",\"@id\":\"https:\\\/\\\/secure.gravatar.com\\\/avatar\\\/a177815e4b161b0d81413b73815c697bc0e3e6e6fe4a06e3147af3c9aa47fd3b?s=96&d=mm&r=g\",\"url\":\"https:\\\/\\\/secure.gravatar.com\\\/avatar\\\/a177815e4b161b0d81413b73815c697bc0e3e6e6fe4a06e3147af3c9aa47fd3b?s=96&d=mm&r=g\",\"contentUrl\":\"https:\\\/\\\/secure.gravatar.com\\\/avatar\\\/a177815e4b161b0d81413b73815c697bc0e3e6e6fe4a06e3147af3c9aa47fd3b?s=96&d=mm&r=g\",\"caption\":\"Super\"},\"url\":\"https:\\\/\\\/infos-droitshumains.net\\\/?author=3\"}]}<\/script>\n<!-- \/ Yoast SEO plugin. -->","yoast_head_json":{"title":"Kinshasa : Inqui\u00e9tude au sein de la famille de Florence Bolinga, militante du PPRD - Infos Droits Humains","robots":{"index":"index","follow":"follow","max-snippet":"max-snippet:-1","max-image-preview":"max-image-preview:large","max-video-preview":"max-video-preview:-1"},"canonical":"https:\/\/infos-droitshumains.net\/?p=16297","og_locale":"fr_FR","og_type":"article","og_title":"Kinshasa : Inqui\u00e9tude au sein de la famille de Florence Bolinga, militante du PPRD - Infos Droits Humains","og_description":"R\u00e9daction: +243 817 406 088 Depuis plusieurs mois, la famille de Florence Bolinga vit dans...","og_url":"https:\/\/infos-droitshumains.net\/?p=16297","og_site_name":"Infos Droits Humains","article_published_time":"2025-07-17T23:16:00+00:00","article_modified_time":"2025-09-13T23:29:12+00:00","og_image":[{"width":926,"height":502,"url":"https:\/\/infos-droitshumains.net\/wp-content\/uploads\/2025\/09\/PPRD.jpg","type":"image\/jpeg"}],"author":"Super","twitter_card":"summary_large_image","twitter_misc":{"\u00c9crit par":"Super","Dur\u00e9e de lecture estim\u00e9e":"3 minutes"},"schema":{"@context":"https:\/\/schema.org","@graph":[{"@type":"Article","@id":"https:\/\/infos-droitshumains.net\/?p=16297#article","isPartOf":{"@id":"https:\/\/infos-droitshumains.net\/?p=16297"},"author":{"name":"Super","@id":"https:\/\/infos-droitshumains.net\/#\/schema\/person\/db4428dbf83d2d51ecdb0cc0aed0c47f"},"headline":"Kinshasa : Inqui\u00e9tude au sein de la famille de Florence Bolinga, militante du PPRD","datePublished":"2025-07-17T23:16:00+00:00","dateModified":"2025-09-13T23:29:12+00:00","mainEntityOfPage":{"@id":"https:\/\/infos-droitshumains.net\/?p=16297"},"wordCount":435,"commentCount":0,"publisher":{"@id":"https:\/\/infos-droitshumains.net\/#organization"},"image":{"@id":"https:\/\/infos-droitshumains.net\/?p=16297#primaryimage"},"thumbnailUrl":"https:\/\/i0.wp.com\/infos-droitshumains.net\/wp-content\/uploads\/2025\/09\/PPRD.jpg?fit=926%2C502&ssl=1","articleSection":["Soci\u00e9t\u00e9"],"inLanguage":"fr-FR","potentialAction":[{"@type":"CommentAction","name":"Comment","target":["https:\/\/infos-droitshumains.net\/?p=16297#respond"]}]},{"@type":"WebPage","@id":"https:\/\/infos-droitshumains.net\/?p=16297","url":"https:\/\/infos-droitshumains.net\/?p=16297","name":"Kinshasa : Inqui\u00e9tude au sein de la famille de Florence Bolinga, militante du PPRD - Infos Droits Humains","isPartOf":{"@id":"https:\/\/infos-droitshumains.net\/#website"},"primaryImageOfPage":{"@id":"https:\/\/infos-droitshumains.net\/?p=16297#primaryimage"},"image":{"@id":"https:\/\/infos-droitshumains.net\/?p=16297#primaryimage"},"thumbnailUrl":"https:\/\/i0.wp.com\/infos-droitshumains.net\/wp-content\/uploads\/2025\/09\/PPRD.jpg?fit=926%2C502&ssl=1","datePublished":"2025-07-17T23:16:00+00:00","dateModified":"2025-09-13T23:29:12+00:00","breadcrumb":{"@id":"https:\/\/infos-droitshumains.net\/?p=16297#breadcrumb"},"inLanguage":"fr-FR","potentialAction":[{"@type":"ReadAction","target":["https:\/\/infos-droitshumains.net\/?p=16297"]}]},{"@type":"ImageObject","inLanguage":"fr-FR","@id":"https:\/\/infos-droitshumains.net\/?p=16297#primaryimage","url":"https:\/\/i0.wp.com\/infos-droitshumains.net\/wp-content\/uploads\/2025\/09\/PPRD.jpg?fit=926%2C502&ssl=1","contentUrl":"https:\/\/i0.wp.com\/infos-droitshumains.net\/wp-content\/uploads\/2025\/09\/PPRD.jpg?fit=926%2C502&ssl=1","width":926,"height":502},{"@type":"BreadcrumbList","@id":"https:\/\/infos-droitshumains.net\/?p=16297#breadcrumb","itemListElement":[{"@type":"ListItem","position":1,"name":"Accueil","item":"https:\/\/infos-droitshumains.net\/"},{"@type":"ListItem","position":2,"name":"Kinshasa : Inqui\u00e9tude au sein de la famille de Florence Bolinga, militante du PPRD"}]},{"@type":"WebSite","@id":"https:\/\/infos-droitshumains.net\/#website","url":"https:\/\/infos-droitshumains.net\/","name":"Infos Droits Humains","description":"S&#039;informer est un droit","publisher":{"@id":"https:\/\/infos-droitshumains.net\/#organization"},"potentialAction":[{"@type":"SearchAction","target":{"@type":"EntryPoint","urlTemplate":"https:\/\/infos-droitshumains.net\/?s={search_term_string}"},"query-input":{"@type":"PropertyValueSpecification","valueRequired":true,"valueName":"search_term_string"}}],"inLanguage":"fr-FR"},{"@type":"Organization","@id":"https:\/\/infos-droitshumains.net\/#organization","name":"Infos Droits Humains","url":"https:\/\/infos-droitshumains.net\/","logo":{"@type":"ImageObject","inLanguage":"fr-FR","@id":"https:\/\/infos-droitshumains.net\/#\/schema\/logo\/image\/","url":"https:\/\/i0.wp.com\/infos-droitshumains.net\/wp-content\/uploads\/2022\/05\/Logo.png?fit=333%2C129&ssl=1","contentUrl":"https:\/\/i0.wp.com\/infos-droitshumains.net\/wp-content\/uploads\/2022\/05\/Logo.png?fit=333%2C129&ssl=1","width":333,"height":129,"caption":"Infos Droits Humains"},"image":{"@id":"https:\/\/infos-droitshumains.net\/#\/schema\/logo\/image\/"}},{"@type":"Person","@id":"https:\/\/infos-droitshumains.net\/#\/schema\/person\/db4428dbf83d2d51ecdb0cc0aed0c47f","name":"Super","image":{"@type":"ImageObject","inLanguage":"fr-FR","@id":"https:\/\/secure.gravatar.com\/avatar\/a177815e4b161b0d81413b73815c697bc0e3e6e6fe4a06e3147af3c9aa47fd3b?s=96&d=mm&r=g","url":"https:\/\/secure.gravatar.com\/avatar\/a177815e4b161b0d81413b73815c697bc0e3e6e6fe4a06e3147af3c9aa47fd3b?s=96&d=mm&r=g","contentUrl":"https:\/\/secure.gravatar.com\/avatar\/a177815e4b161b0d81413b73815c697bc0e3e6e6fe4a06e3147af3c9aa47fd3b?s=96&d=mm&r=g","caption":"Super"},"url":"https:\/\/infos-droitshumains.net\/?author=3"}]}},"featured_image_urls":{"full":["https:\/\/i0.wp.com\/infos-droitshumains.net\/wp-content\/uploads\/2025\/09\/PPRD.jpg?fit=926%2C502&ssl=1",926,502,false],"thumbnail":["https:\/\/i0.wp.com\/infos-droitshumains.net\/wp-content\/uploads\/2025\/09\/PPRD.jpg?resize=150%2C150&ssl=1",150,150,true],"medium":["https:\/\/i0.wp.com\/infos-droitshumains.net\/wp-content\/uploads\/2025\/09\/PPRD.jpg?fit=300%2C163&ssl=1",300,163,true],"medium_large":["https:\/\/i0.wp.com\/infos-droitshumains.net\/wp-content\/uploads\/2025\/09\/PPRD.jpg?fit=640%2C347&ssl=1",640,347,true],"large":["https:\/\/i0.wp.com\/infos-droitshumains.net\/wp-content\/uploads\/2025\/09\/PPRD.jpg?fit=640%2C347&ssl=1",640,347,true],"1536x1536":["https:\/\/i0.wp.com\/infos-droitshumains.net\/wp-content\/uploads\/2025\/09\/PPRD.jpg?fit=926%2C502&ssl=1",926,502,true],"2048x2048":["https:\/\/i0.wp.com\/infos-droitshumains.net\/wp-content\/uploads\/2025\/09\/PPRD.jpg?fit=926%2C502&ssl=1",926,502,true],"covernews-slider-full":["https:\/\/i0.wp.com\/infos-droitshumains.net\/wp-content\/uploads\/2025\/09\/PPRD.jpg?resize=926%2C502&ssl=1",926,502,true],"covernews-slider-center":["https:\/\/i0.wp.com\/infos-droitshumains.net\/wp-content\/uploads\/2025\/09\/PPRD.jpg?resize=800%2C500&ssl=1",800,500,true],"covernews-featured":["https:\/\/i0.wp.com\/infos-droitshumains.net\/wp-content\/uploads\/2025\/09\/PPRD.jpg?fit=926%2C502&ssl=1",926,502,true],"covernews-medium":["https:\/\/i0.wp.com\/infos-droitshumains.net\/wp-content\/uploads\/2025\/09\/PPRD.jpg?resize=540%2C340&ssl=1",540,340,true],"covernews-medium-square":["https:\/\/i0.wp.com\/infos-droitshumains.net\/wp-content\/uploads\/2025\/09\/PPRD.jpg?resize=400%2C250&ssl=1",400,250,true]},"author_info":{"display_name":"Super","author_link":"https:\/\/infos-droitshumains.net\/?author=3"},"category_info":"<a href=\"https:\/\/infos-droitshumains.net\/?cat=8\" rel=\"category\">Soci\u00e9t\u00e9<\/a>","tag_info":"Soci\u00e9t\u00e9","comment_count":"0","jetpack_featured_media_url":"https:\/\/i0.wp.com\/infos-droitshumains.net\/wp-content\/uploads\/2025\/09\/PPRD.jpg?fit=926%2C502&ssl=1","jetpack-related-posts":[],"jetpack_sharing_enabled":true,"_links":{"self":[{"href":"https:\/\/infos-droitshumains.net\/index.php?rest_route=\/wp\/v2\/posts\/16297","targetHints":{"allow":["GET"]}}],"collection":[{"href":"https:\/\/infos-droitshumains.net\/index.php?rest_route=\/wp\/v2\/posts"}],"about":[{"href":"https:\/\/infos-droitshumains.net\/index.php?rest_route=\/wp\/v2\/types\/post"}],"author":[{"embeddable":true,"href":"https:\/\/infos-droitshumains.net\/index.php?rest_route=\/wp\/v2\/users\/3"}],"replies":[{"embeddable":true,"href":"https:\/\/infos-droitshumains.net\/index.php?rest_route=%2Fwp%2Fv2%2Fcomments&post=16297"}],"version-history":[{"count":3,"href":"https:\/\/infos-droitshumains.net\/index.php?rest_route=\/wp\/v2\/posts\/16297\/revisions"}],"predecessor-version":[{"id":16307,"href":"https:\/\/infos-droitshumains.net\/index.php?rest_route=\/wp\/v2\/posts\/16297\/revisions\/16307"}],"wp:featuredmedia":[{"embeddable":true,"href":"https:\/\/infos-droitshumains.net\/index.php?rest_route=\/wp\/v2\/media\/16302"}],"wp:attachment":[{"href":"https:\/\/infos-droitshumains.net\/index.php?rest_route=%2Fwp%2Fv2%2Fmedia&parent=16297"}],"wp:term":[{"taxonomy":"category","embeddable":true,"href":"https:\/\/infos-droitshumains.net\/index.php?rest_route=%2Fwp%2Fv2%2Fcategories&post=16297"},{"taxonomy":"post_tag","embeddable":true,"href":"https:\/\/infos-droitshumains.net\/index.php?rest_route=%2Fwp%2Fv2%2Ftags&post=16297"}],"curies":[{"name":"wp","href":"https:\/\/api.w.org\/{rel}","templated":true}]}}