{"id":16283,"date":"2025-09-13T12:05:07","date_gmt":"2025-09-13T10:05:07","guid":{"rendered":"https:\/\/infos-droitshumains.net\/?p=16283"},"modified":"2025-09-13T17:38:17","modified_gmt":"2025-09-13T15:38:17","slug":"finale-du-concours-de-lart-oratoire-de-luja-bkm-me-patrick-lelu-nawej-exhorte-les-perdants-a-tirer-des-lecons-de-leurs-erreurs","status":"publish","type":"post","link":"https:\/\/infos-droitshumains.net\/?p=16283","title":{"rendered":"Finale du concours de l\u2019art oratoire de l\u2019UJA\/BKM : Me Patrick Lelu Nawej exhorte les perdants \u00e0 s\u2019am\u00e9liorer en tirant les le\u00e7ons de leurs erreurs"},"content":{"rendered":"\n<p><strong>R\u00e9daction: +243 817 406 088<\/strong><\/p>\n\n\n\n<h3 class=\"wp-block-heading has-vivid-red-color has-text-color has-link-color wp-elements-4bf0ea21e1f11435ee198b3383fa52dd\">L\u2019\u00e9dition 2025 du concours jumel\u00e9 de l\u2019art oratoire, organis\u00e9 par l\u2019Union des Jeunes Avocats du Barreau de Kinshasa\/Matete (UJA\/BKM), a cl\u00f4tur\u00e9 ce vendredi 12 septembre, sa premi\u00e8re phase d\u00e9di\u00e9e \u00e0 l\u2019\u00e9loquence.<\/h3>\n\n\n\n<p>\u00c0 l\u2019issue de cette \u00e9tape, 12 candidats sur les 20 en lice ont \u00e9t\u00e9 retenus et r\u00e9partis en quatre \u00e9quipes de trois. Encadr\u00e9s par des coaches, ils s\u2019affronteront prochainement dans une phase de battle qui promet d\u2019\u00eatre palpitante.<\/p>\n\n\n\n<p>Les 8 autres candidats, moins bien class\u00e9s, n\u2019ont toutefois pas \u00e9t\u00e9 laiss\u00e9s pour compte. Me Patrick Lelu Nawej, membre du jury, a annonc\u00e9 que ces derniers b\u00e9n\u00e9ficieront d\u2019un accompagnement particulier :<\/p>\n\n\n\n<p><em>\u00ab Pour \u00e9quilibrer les choses, nous avons accept\u00e9 de prendre en charge la cotisation compl\u00e8te de ces 8 candidats qui ne sont pas mont\u00e9s sur l\u2019estrade \u00bb<\/em>, a-t-il d\u00e9clar\u00e9.<\/p>\n\n\n\n<p>Selon lui, cette prise en charge couvre non seulement la cotisation \u00e0 l\u2019Ordre du Barreau, mais \u00e9galement celle de l\u2019Ordre National, avec <em>\u00ab&nbsp;extension \u00e9ventuelle \u00e0 la mutuelle.&nbsp;\u00bb<\/em><\/p>\n\n\n\n<p>Me Lelu a par ailleurs adress\u00e9 un message d\u2019encouragement aux candidats recal\u00e9s :<\/p>\n\n\n\n<p><em>\u00ab Vous n\u2019avez pas d\u00e9m\u00e9rit\u00e9. Apprenez de vos erreurs ! Ceux qui perdent aujourd\u2019hui peuvent devenir les grands champions de demain. Ainsi, se r\u00e9sume ma vie. \u00bb<\/em><\/p>\n\n\n\n<p>Cette initiative du jury vise \u00e0 r\u00e9compenser l\u2019engagement de tous les participants et \u00e0 valoriser l\u2019esprit de pers\u00e9v\u00e9rance, indispensable dans la profession d\u2019avocat.<\/p>\n\n\n\n<p>Joel Diawa<\/p>\n","protected":false},"excerpt":{"rendered":"<p>R\u00e9daction: +243 817 406 088 L\u2019\u00e9dition 2025 du concours jumel\u00e9 de l\u2019art oratoire, organis\u00e9 par&#8230;<\/p>\n","protected":false},"author":2,"featured_media":16286,"comment_status":"open","ping_status":"open","sticky":false,"template":"","format":"standard","meta":{"_jetpack_memberships_contains_paid_content":false,"footnotes":""},"categories":[6],"tags":[],"class_list":["post-16283","post","type-post","status-publish","format-standard","has-post-thumbnail","hentry","category-justice"],"yoast_head":"<!-- This site is optimized with the Yoast SEO plugin v27.5 - https:\/\/yoast.com\/product\/yoast-seo-wordpress\/ -->\n<title>Finale du concours de l\u2019art oratoire de l\u2019UJA\/BKM : Me Patrick Lelu Nawej exhorte les perdants \u00e0 s\u2019am\u00e9liorer en tirant les le\u00e7ons de leurs erreurs - Infos Droits Humains<\/title>\n<meta name=\"robots\" content=\"index, follow, max-snippet:-1, max-image-preview:large, max-video-preview:-1\" \/>\n<link rel=\"canonical\" href=\"https:\/\/infos-droitshumains.net\/?p=16283\" \/>\n<meta property=\"og:locale\" content=\"fr_FR\" \/>\n<meta property=\"og:type\" content=\"article\" \/>\n<meta property=\"og:title\" content=\"Finale du concours de l\u2019art oratoire de l\u2019UJA\/BKM : Me Patrick Lelu Nawej exhorte les perdants \u00e0 s\u2019am\u00e9liorer en tirant les le\u00e7ons de leurs erreurs - Infos Droits Humains\" \/>\n<meta property=\"og:description\" content=\"R\u00e9daction: +243 817 406 088 L\u2019\u00e9dition 2025 du concours jumel\u00e9 de l\u2019art oratoire, organis\u00e9 par...\" \/>\n<meta property=\"og:url\" content=\"https:\/\/infos-droitshumains.net\/?p=16283\" \/>\n<meta property=\"og:site_name\" content=\"Infos Droits Humains\" \/>\n<meta property=\"article:published_time\" content=\"2025-09-13T10:05:07+00:00\" \/>\n<meta property=\"article:modified_time\" content=\"2025-09-13T15:38:17+00:00\" \/>\n<meta property=\"og:image\" content=\"https:\/\/infos-droitshumains.net\/wp-content\/uploads\/2025\/09\/20250912_150720-scaled.jpg\" \/>\n\t<meta property=\"og:image:width\" content=\"2560\" \/>\n\t<meta property=\"og:image:height\" content=\"2023\" \/>\n\t<meta property=\"og:image:type\" content=\"image\/jpeg\" \/>\n<meta name=\"author\" content=\"Jo\u00ebl Diawa\" \/>\n<meta name=\"twitter:card\" content=\"summary_large_image\" \/>\n<meta name=\"twitter:label1\" content=\"\u00c9crit par\" \/>\n\t<meta name=\"twitter:data1\" content=\"Jo\u00ebl Diawa\" \/>\n\t<meta name=\"twitter:label2\" content=\"Dur\u00e9e de lecture estim\u00e9e\" \/>\n\t<meta name=\"twitter:data2\" content=\"2 minutes\" \/>\n<script type=\"application\/ld+json\" class=\"yoast-schema-graph\">{\"@context\":\"https:\\\/\\\/schema.org\",\"@graph\":[{\"@type\":\"Article\",\"@id\":\"https:\\\/\\\/infos-droitshumains.net\\\/?p=16283#article\",\"isPartOf\":{\"@id\":\"https:\\\/\\\/infos-droitshumains.net\\\/?p=16283\"},\"author\":{\"name\":\"Jo\u00ebl Diawa\",\"@id\":\"https:\\\/\\\/infos-droitshumains.net\\\/#\\\/schema\\\/person\\\/3dc5e921c3302172e0ed4362f96faab7\"},\"headline\":\"Finale du concours de l\u2019art oratoire de l\u2019UJA\\\/BKM : Me Patrick Lelu Nawej exhorte les perdants \u00e0 s\u2019am\u00e9liorer en tirant les le\u00e7ons de leurs erreurs\",\"datePublished\":\"2025-09-13T10:05:07+00:00\",\"dateModified\":\"2025-09-13T15:38:17+00:00\",\"mainEntityOfPage\":{\"@id\":\"https:\\\/\\\/infos-droitshumains.net\\\/?p=16283\"},\"wordCount\":275,\"commentCount\":0,\"publisher\":{\"@id\":\"https:\\\/\\\/infos-droitshumains.net\\\/#organization\"},\"image\":{\"@id\":\"https:\\\/\\\/infos-droitshumains.net\\\/?p=16283#primaryimage\"},\"thumbnailUrl\":\"https:\\\/\\\/i0.wp.com\\\/infos-droitshumains.net\\\/wp-content\\\/uploads\\\/2025\\\/09\\\/20250912_150720-scaled.jpg?fit=2560%2C2023&ssl=1\",\"articleSection\":[\"Justice\"],\"inLanguage\":\"fr-FR\",\"potentialAction\":[{\"@type\":\"CommentAction\",\"name\":\"Comment\",\"target\":[\"https:\\\/\\\/infos-droitshumains.net\\\/?p=16283#respond\"]}]},{\"@type\":\"WebPage\",\"@id\":\"https:\\\/\\\/infos-droitshumains.net\\\/?p=16283\",\"url\":\"https:\\\/\\\/infos-droitshumains.net\\\/?p=16283\",\"name\":\"Finale du concours de l\u2019art oratoire de l\u2019UJA\\\/BKM : Me Patrick Lelu Nawej exhorte les perdants \u00e0 s\u2019am\u00e9liorer en tirant les le\u00e7ons de leurs erreurs - Infos Droits Humains\",\"isPartOf\":{\"@id\":\"https:\\\/\\\/infos-droitshumains.net\\\/#website\"},\"primaryImageOfPage\":{\"@id\":\"https:\\\/\\\/infos-droitshumains.net\\\/?p=16283#primaryimage\"},\"image\":{\"@id\":\"https:\\\/\\\/infos-droitshumains.net\\\/?p=16283#primaryimage\"},\"thumbnailUrl\":\"https:\\\/\\\/i0.wp.com\\\/infos-droitshumains.net\\\/wp-content\\\/uploads\\\/2025\\\/09\\\/20250912_150720-scaled.jpg?fit=2560%2C2023&ssl=1\",\"datePublished\":\"2025-09-13T10:05:07+00:00\",\"dateModified\":\"2025-09-13T15:38:17+00:00\",\"breadcrumb\":{\"@id\":\"https:\\\/\\\/infos-droitshumains.net\\\/?p=16283#breadcrumb\"},\"inLanguage\":\"fr-FR\",\"potentialAction\":[{\"@type\":\"ReadAction\",\"target\":[\"https:\\\/\\\/infos-droitshumains.net\\\/?p=16283\"]}]},{\"@type\":\"ImageObject\",\"inLanguage\":\"fr-FR\",\"@id\":\"https:\\\/\\\/infos-droitshumains.net\\\/?p=16283#primaryimage\",\"url\":\"https:\\\/\\\/i0.wp.com\\\/infos-droitshumains.net\\\/wp-content\\\/uploads\\\/2025\\\/09\\\/20250912_150720-scaled.jpg?fit=2560%2C2023&ssl=1\",\"contentUrl\":\"https:\\\/\\\/i0.wp.com\\\/infos-droitshumains.net\\\/wp-content\\\/uploads\\\/2025\\\/09\\\/20250912_150720-scaled.jpg?fit=2560%2C2023&ssl=1\",\"width\":2560,\"height\":2023},{\"@type\":\"BreadcrumbList\",\"@id\":\"https:\\\/\\\/infos-droitshumains.net\\\/?p=16283#breadcrumb\",\"itemListElement\":[{\"@type\":\"ListItem\",\"position\":1,\"name\":\"Accueil\",\"item\":\"https:\\\/\\\/infos-droitshumains.net\\\/\"},{\"@type\":\"ListItem\",\"position\":2,\"name\":\"Finale du concours de l\u2019art oratoire de l\u2019UJA\\\/BKM : Me Patrick Lelu Nawej exhorte les perdants \u00e0 s\u2019am\u00e9liorer en tirant les le\u00e7ons de leurs erreurs\"}]},{\"@type\":\"WebSite\",\"@id\":\"https:\\\/\\\/infos-droitshumains.net\\\/#website\",\"url\":\"https:\\\/\\\/infos-droitshumains.net\\\/\",\"name\":\"Infos Droits Humains\",\"description\":\"S&#039;informer est un droit\",\"publisher\":{\"@id\":\"https:\\\/\\\/infos-droitshumains.net\\\/#organization\"},\"potentialAction\":[{\"@type\":\"SearchAction\",\"target\":{\"@type\":\"EntryPoint\",\"urlTemplate\":\"https:\\\/\\\/infos-droitshumains.net\\\/?s={search_term_string}\"},\"query-input\":{\"@type\":\"PropertyValueSpecification\",\"valueRequired\":true,\"valueName\":\"search_term_string\"}}],\"inLanguage\":\"fr-FR\"},{\"@type\":\"Organization\",\"@id\":\"https:\\\/\\\/infos-droitshumains.net\\\/#organization\",\"name\":\"Infos Droits Humains\",\"url\":\"https:\\\/\\\/infos-droitshumains.net\\\/\",\"logo\":{\"@type\":\"ImageObject\",\"inLanguage\":\"fr-FR\",\"@id\":\"https:\\\/\\\/infos-droitshumains.net\\\/#\\\/schema\\\/logo\\\/image\\\/\",\"url\":\"https:\\\/\\\/i0.wp.com\\\/infos-droitshumains.net\\\/wp-content\\\/uploads\\\/2022\\\/05\\\/Logo.png?fit=333%2C129&ssl=1\",\"contentUrl\":\"https:\\\/\\\/i0.wp.com\\\/infos-droitshumains.net\\\/wp-content\\\/uploads\\\/2022\\\/05\\\/Logo.png?fit=333%2C129&ssl=1\",\"width\":333,\"height\":129,\"caption\":\"Infos Droits Humains\"},\"image\":{\"@id\":\"https:\\\/\\\/infos-droitshumains.net\\\/#\\\/schema\\\/logo\\\/image\\\/\"}},{\"@type\":\"Person\",\"@id\":\"https:\\\/\\\/infos-droitshumains.net\\\/#\\\/schema\\\/person\\\/3dc5e921c3302172e0ed4362f96faab7\",\"name\":\"Jo\u00ebl Diawa\",\"image\":{\"@type\":\"ImageObject\",\"inLanguage\":\"fr-FR\",\"@id\":\"https:\\\/\\\/secure.gravatar.com\\\/avatar\\\/729bea6ff4604c624417803c477363be8e3c7186deaa65713313f9b4b820f41c?s=96&d=mm&r=g\",\"url\":\"https:\\\/\\\/secure.gravatar.com\\\/avatar\\\/729bea6ff4604c624417803c477363be8e3c7186deaa65713313f9b4b820f41c?s=96&d=mm&r=g\",\"contentUrl\":\"https:\\\/\\\/secure.gravatar.com\\\/avatar\\\/729bea6ff4604c624417803c477363be8e3c7186deaa65713313f9b4b820f41c?s=96&d=mm&r=g\",\"caption\":\"Jo\u00ebl Diawa\"},\"sameAs\":[\"https:\\\/\\\/www.infos-droitshumains.net\"],\"url\":\"https:\\\/\\\/infos-droitshumains.net\\\/?author=2\"}]}<\/script>\n<!-- \/ Yoast SEO plugin. -->","yoast_head_json":{"title":"Finale du concours de l\u2019art oratoire de l\u2019UJA\/BKM : Me Patrick Lelu Nawej exhorte les perdants \u00e0 s\u2019am\u00e9liorer en tirant les le\u00e7ons de leurs erreurs - Infos Droits Humains","robots":{"index":"index","follow":"follow","max-snippet":"max-snippet:-1","max-image-preview":"max-image-preview:large","max-video-preview":"max-video-preview:-1"},"canonical":"https:\/\/infos-droitshumains.net\/?p=16283","og_locale":"fr_FR","og_type":"article","og_title":"Finale du concours de l\u2019art oratoire de l\u2019UJA\/BKM : Me Patrick Lelu Nawej exhorte les perdants \u00e0 s\u2019am\u00e9liorer en tirant les le\u00e7ons de leurs erreurs - Infos Droits Humains","og_description":"R\u00e9daction: +243 817 406 088 L\u2019\u00e9dition 2025 du concours jumel\u00e9 de l\u2019art oratoire, organis\u00e9 par...","og_url":"https:\/\/infos-droitshumains.net\/?p=16283","og_site_name":"Infos Droits Humains","article_published_time":"2025-09-13T10:05:07+00:00","article_modified_time":"2025-09-13T15:38:17+00:00","og_image":[{"width":2560,"height":2023,"url":"https:\/\/infos-droitshumains.net\/wp-content\/uploads\/2025\/09\/20250912_150720-scaled.jpg","type":"image\/jpeg"}],"author":"Jo\u00ebl Diawa","twitter_card":"summary_large_image","twitter_misc":{"\u00c9crit par":"Jo\u00ebl Diawa","Dur\u00e9e de lecture estim\u00e9e":"2 minutes"},"schema":{"@context":"https:\/\/schema.org","@graph":[{"@type":"Article","@id":"https:\/\/infos-droitshumains.net\/?p=16283#article","isPartOf":{"@id":"https:\/\/infos-droitshumains.net\/?p=16283"},"author":{"name":"Jo\u00ebl Diawa","@id":"https:\/\/infos-droitshumains.net\/#\/schema\/person\/3dc5e921c3302172e0ed4362f96faab7"},"headline":"Finale du concours de l\u2019art oratoire de l\u2019UJA\/BKM : Me Patrick Lelu Nawej exhorte les perdants \u00e0 s\u2019am\u00e9liorer en tirant les le\u00e7ons de leurs erreurs","datePublished":"2025-09-13T10:05:07+00:00","dateModified":"2025-09-13T15:38:17+00:00","mainEntityOfPage":{"@id":"https:\/\/infos-droitshumains.net\/?p=16283"},"wordCount":275,"commentCount":0,"publisher":{"@id":"https:\/\/infos-droitshumains.net\/#organization"},"image":{"@id":"https:\/\/infos-droitshumains.net\/?p=16283#primaryimage"},"thumbnailUrl":"https:\/\/i0.wp.com\/infos-droitshumains.net\/wp-content\/uploads\/2025\/09\/20250912_150720-scaled.jpg?fit=2560%2C2023&ssl=1","articleSection":["Justice"],"inLanguage":"fr-FR","potentialAction":[{"@type":"CommentAction","name":"Comment","target":["https:\/\/infos-droitshumains.net\/?p=16283#respond"]}]},{"@type":"WebPage","@id":"https:\/\/infos-droitshumains.net\/?p=16283","url":"https:\/\/infos-droitshumains.net\/?p=16283","name":"Finale du concours de l\u2019art oratoire de l\u2019UJA\/BKM : Me Patrick Lelu Nawej exhorte les perdants \u00e0 s\u2019am\u00e9liorer en tirant les le\u00e7ons de leurs erreurs - Infos Droits Humains","isPartOf":{"@id":"https:\/\/infos-droitshumains.net\/#website"},"primaryImageOfPage":{"@id":"https:\/\/infos-droitshumains.net\/?p=16283#primaryimage"},"image":{"@id":"https:\/\/infos-droitshumains.net\/?p=16283#primaryimage"},"thumbnailUrl":"https:\/\/i0.wp.com\/infos-droitshumains.net\/wp-content\/uploads\/2025\/09\/20250912_150720-scaled.jpg?fit=2560%2C2023&ssl=1","datePublished":"2025-09-13T10:05:07+00:00","dateModified":"2025-09-13T15:38:17+00:00","breadcrumb":{"@id":"https:\/\/infos-droitshumains.net\/?p=16283#breadcrumb"},"inLanguage":"fr-FR","potentialAction":[{"@type":"ReadAction","target":["https:\/\/infos-droitshumains.net\/?p=16283"]}]},{"@type":"ImageObject","inLanguage":"fr-FR","@id":"https:\/\/infos-droitshumains.net\/?p=16283#primaryimage","url":"https:\/\/i0.wp.com\/infos-droitshumains.net\/wp-content\/uploads\/2025\/09\/20250912_150720-scaled.jpg?fit=2560%2C2023&ssl=1","contentUrl":"https:\/\/i0.wp.com\/infos-droitshumains.net\/wp-content\/uploads\/2025\/09\/20250912_150720-scaled.jpg?fit=2560%2C2023&ssl=1","width":2560,"height":2023},{"@type":"BreadcrumbList","@id":"https:\/\/infos-droitshumains.net\/?p=16283#breadcrumb","itemListElement":[{"@type":"ListItem","position":1,"name":"Accueil","item":"https:\/\/infos-droitshumains.net\/"},{"@type":"ListItem","position":2,"name":"Finale du concours de l\u2019art oratoire de l\u2019UJA\/BKM : Me Patrick Lelu Nawej exhorte les perdants \u00e0 s\u2019am\u00e9liorer en tirant les le\u00e7ons de leurs erreurs"}]},{"@type":"WebSite","@id":"https:\/\/infos-droitshumains.net\/#website","url":"https:\/\/infos-droitshumains.net\/","name":"Infos Droits Humains","description":"S&#039;informer est un droit","publisher":{"@id":"https:\/\/infos-droitshumains.net\/#organization"},"potentialAction":[{"@type":"SearchAction","target":{"@type":"EntryPoint","urlTemplate":"https:\/\/infos-droitshumains.net\/?s={search_term_string}"},"query-input":{"@type":"PropertyValueSpecification","valueRequired":true,"valueName":"search_term_string"}}],"inLanguage":"fr-FR"},{"@type":"Organization","@id":"https:\/\/infos-droitshumains.net\/#organization","name":"Infos Droits Humains","url":"https:\/\/infos-droitshumains.net\/","logo":{"@type":"ImageObject","inLanguage":"fr-FR","@id":"https:\/\/infos-droitshumains.net\/#\/schema\/logo\/image\/","url":"https:\/\/i0.wp.com\/infos-droitshumains.net\/wp-content\/uploads\/2022\/05\/Logo.png?fit=333%2C129&ssl=1","contentUrl":"https:\/\/i0.wp.com\/infos-droitshumains.net\/wp-content\/uploads\/2022\/05\/Logo.png?fit=333%2C129&ssl=1","width":333,"height":129,"caption":"Infos Droits Humains"},"image":{"@id":"https:\/\/infos-droitshumains.net\/#\/schema\/logo\/image\/"}},{"@type":"Person","@id":"https:\/\/infos-droitshumains.net\/#\/schema\/person\/3dc5e921c3302172e0ed4362f96faab7","name":"Jo\u00ebl Diawa","image":{"@type":"ImageObject","inLanguage":"fr-FR","@id":"https:\/\/secure.gravatar.com\/avatar\/729bea6ff4604c624417803c477363be8e3c7186deaa65713313f9b4b820f41c?s=96&d=mm&r=g","url":"https:\/\/secure.gravatar.com\/avatar\/729bea6ff4604c624417803c477363be8e3c7186deaa65713313f9b4b820f41c?s=96&d=mm&r=g","contentUrl":"https:\/\/secure.gravatar.com\/avatar\/729bea6ff4604c624417803c477363be8e3c7186deaa65713313f9b4b820f41c?s=96&d=mm&r=g","caption":"Jo\u00ebl Diawa"},"sameAs":["https:\/\/www.infos-droitshumains.net"],"url":"https:\/\/infos-droitshumains.net\/?author=2"}]}},"featured_image_urls":{"full":["https:\/\/i0.wp.com\/infos-droitshumains.net\/wp-content\/uploads\/2025\/09\/20250912_150720-scaled.jpg?fit=2560%2C2023&ssl=1",2560,2023,false],"thumbnail":["https:\/\/i0.wp.com\/infos-droitshumains.net\/wp-content\/uploads\/2025\/09\/20250912_150720-scaled.jpg?resize=150%2C150&ssl=1",150,150,true],"medium":["https:\/\/i0.wp.com\/infos-droitshumains.net\/wp-content\/uploads\/2025\/09\/20250912_150720-scaled.jpg?fit=300%2C237&ssl=1",300,237,true],"medium_large":["https:\/\/i0.wp.com\/infos-droitshumains.net\/wp-content\/uploads\/2025\/09\/20250912_150720-scaled.jpg?fit=640%2C506&ssl=1",640,506,true],"large":["https:\/\/i0.wp.com\/infos-droitshumains.net\/wp-content\/uploads\/2025\/09\/20250912_150720-scaled.jpg?fit=640%2C506&ssl=1",640,506,true],"1536x1536":["https:\/\/i0.wp.com\/infos-droitshumains.net\/wp-content\/uploads\/2025\/09\/20250912_150720-scaled.jpg?fit=1536%2C1214&ssl=1",1536,1214,true],"2048x2048":["https:\/\/i0.wp.com\/infos-droitshumains.net\/wp-content\/uploads\/2025\/09\/20250912_150720-scaled.jpg?fit=2048%2C1618&ssl=1",2048,1618,true],"covernews-slider-full":["https:\/\/i0.wp.com\/infos-droitshumains.net\/wp-content\/uploads\/2025\/09\/20250912_150720-scaled.jpg?resize=1115%2C715&ssl=1",1115,715,true],"covernews-slider-center":["https:\/\/i0.wp.com\/infos-droitshumains.net\/wp-content\/uploads\/2025\/09\/20250912_150720-scaled.jpg?resize=800%2C500&ssl=1",800,500,true],"covernews-featured":["https:\/\/i0.wp.com\/infos-droitshumains.net\/wp-content\/uploads\/2025\/09\/20250912_150720-scaled.jpg?fit=1024%2C809&ssl=1",1024,809,true],"covernews-medium":["https:\/\/i0.wp.com\/infos-droitshumains.net\/wp-content\/uploads\/2025\/09\/20250912_150720-scaled.jpg?resize=540%2C340&ssl=1",540,340,true],"covernews-medium-square":["https:\/\/i0.wp.com\/infos-droitshumains.net\/wp-content\/uploads\/2025\/09\/20250912_150720-scaled.jpg?resize=400%2C250&ssl=1",400,250,true]},"author_info":{"display_name":"Jo\u00ebl Diawa","author_link":"https:\/\/infos-droitshumains.net\/?author=2"},"category_info":"<a href=\"https:\/\/infos-droitshumains.net\/?cat=6\" rel=\"category\">Justice<\/a>","tag_info":"Justice","comment_count":"0","jetpack_featured_media_url":"https:\/\/i0.wp.com\/infos-droitshumains.net\/wp-content\/uploads\/2025\/09\/20250912_150720-scaled.jpg?fit=2560%2C2023&ssl=1","jetpack-related-posts":[],"jetpack_sharing_enabled":true,"_links":{"self":[{"href":"https:\/\/infos-droitshumains.net\/index.php?rest_route=\/wp\/v2\/posts\/16283","targetHints":{"allow":["GET"]}}],"collection":[{"href":"https:\/\/infos-droitshumains.net\/index.php?rest_route=\/wp\/v2\/posts"}],"about":[{"href":"https:\/\/infos-droitshumains.net\/index.php?rest_route=\/wp\/v2\/types\/post"}],"author":[{"embeddable":true,"href":"https:\/\/infos-droitshumains.net\/index.php?rest_route=\/wp\/v2\/users\/2"}],"replies":[{"embeddable":true,"href":"https:\/\/infos-droitshumains.net\/index.php?rest_route=%2Fwp%2Fv2%2Fcomments&post=16283"}],"version-history":[{"count":5,"href":"https:\/\/infos-droitshumains.net\/index.php?rest_route=\/wp\/v2\/posts\/16283\/revisions"}],"predecessor-version":[{"id":16299,"href":"https:\/\/infos-droitshumains.net\/index.php?rest_route=\/wp\/v2\/posts\/16283\/revisions\/16299"}],"wp:featuredmedia":[{"embeddable":true,"href":"https:\/\/infos-droitshumains.net\/index.php?rest_route=\/wp\/v2\/media\/16286"}],"wp:attachment":[{"href":"https:\/\/infos-droitshumains.net\/index.php?rest_route=%2Fwp%2Fv2%2Fmedia&parent=16283"}],"wp:term":[{"taxonomy":"category","embeddable":true,"href":"https:\/\/infos-droitshumains.net\/index.php?rest_route=%2Fwp%2Fv2%2Fcategories&post=16283"},{"taxonomy":"post_tag","embeddable":true,"href":"https:\/\/infos-droitshumains.net\/index.php?rest_route=%2Fwp%2Fv2%2Ftags&post=16283"}],"curies":[{"name":"wp","href":"https:\/\/api.w.org\/{rel}","templated":true}]}}