{"id":16280,"date":"2025-09-13T12:03:31","date_gmt":"2025-09-13T10:03:31","guid":{"rendered":"https:\/\/infos-droitshumains.net\/?p=16280"},"modified":"2025-09-13T17:32:09","modified_gmt":"2025-09-13T15:32:09","slug":"kinshasa-matete-le-batonnier-kayudi-misamu-coco-plaide-pour-un-barreau-sans-ostracisme","status":"publish","type":"post","link":"https:\/\/infos-droitshumains.net\/?p=16280","title":{"rendered":"Kinshasa-Matete : Le B\u00e2tonnier Kayudi Misamu Coco plaide pour un Barreau sans ostracisme"},"content":{"rendered":"\n<p><strong>R\u00e9daction: +243 817 406 088<\/strong><\/p>\n\n\n\n<h3 class=\"wp-block-heading has-vivid-red-color has-text-color has-link-color wp-elements-0d4f14b1b7f867434f039737012bf2b7\">La finale du concours jumel\u00e9 d\u2019art oratoire <strong><em>\u00ab Eloquentia B\u00e2tonnier Kayudi Misamu Coco \u00bb<\/em><\/strong>, organis\u00e9e par l\u2019Union des Jeunes Avocats du Barreau de Kinshasa\/Matete, s\u2019est tenue ce vendredi 12 septembre. \u00c0 l\u2019issue de cette joute oratoire, Me Orl\u00e9ans Ngembo a \u00e9t\u00e9 sacr\u00e9 laur\u00e9at de l\u2019\u00e9dition 2025.<\/h3>\n\n\n\n<p>Parrain de l\u2019\u00e9v\u00e8nement, le B\u00e2tonnier Kayudi Misamu Coco s\u2019est dit particuli\u00e8rement satisfait de la qualit\u00e9 des prestations et de l\u2019organisation. C\u2019est avec fiert\u00e9 qu\u2019il a remis le brevet au laur\u00e9at, f\u00e9licitant tous les candidats pour leur engagement et leur talent.<\/p>\n\n\n\n<p><em>\u00ab Nous avons \u00e9t\u00e9 abreuv\u00e9s par les discours de nos jeunes confr\u00e8res. Comme beaucoup d\u2019entre nous, j\u2019ai pris un r\u00e9el plaisir \u00e0 les \u00e9couter \u00bb,<\/em> a-t-il d\u00e9clar\u00e9, saluant le niveau de la comp\u00e9tition.<\/p>\n\n\n\n<p>Sur les vingt candidats en lice, douze ont acc\u00e9d\u00e9 \u00e0 la phase suivante consacr\u00e9 au battle. Le B\u00e2tonnier honoraire du Barreau de Kinshasa\/Matete a exhort\u00e9 les participants \u00e0 rester pers\u00e9v\u00e9rants et ouverts aux critiques constructives :<\/p>\n\n\n\n<p><em>\u00ab&nbsp;J\u2019aurai bien voulu voir encore cet effet de r\u00e9verb\u00e9ration en m\u00e9ditant vos discours dans leurs formes et dans leurs fonds pour continuer \u00e0 nous nourrir avec surtout espoir que, dans le cadre du Battle et du coaching qui vont suivre, les jur\u00e9s vous fassent le moins de remarques possible, parce qu\u2019en r\u00e9alit\u00e9, cet exercice vous pr\u00e9pare \u00e0 la comp\u00e9tition qui est tr\u00e8s rude. Demain si vous devez comp\u00e9tir en Afrique de l\u2019Ouest, en Europe ou ailleurs, vous allez vous rendre compte de la pertinence des remarques que le jury essaie de vous faire&nbsp;\u00bb<\/em>.<\/p>\n\n\n\n<p><strong>Pour un Barreau sans ostracisme<\/strong><\/p>\n\n\n\n<p>Profitant de l\u2019occasion, Me Kayudi a r\u00e9affirm\u00e9 son plaidoyer pour un Barreau plus inclusif et solidaire, exempt de toute forme d\u2019ostracisme :<\/p>\n\n\n\n<p><em>&nbsp;\u00ab&nbsp;J\u2019aimerai rappeler aux pr\u00e9s\u00e9ants qui sont ici qu\u2019il me semble relever de notre devoir&nbsp;; il nous faut un barreau sans ostracisme o\u00f9, il n\u2019y a aucun conflit des g\u00e9n\u00e9rations&nbsp;\u00bb<\/em> martelant sur le fait que <em>\u00ab&nbsp;les jeunes doivent pour les vieux de la courtoisie, du respect, ceux-ci doivent aux jeunes de la bienveillance.&nbsp;\u00bb<\/em><\/p>\n\n\n\n<p><strong>Un engagement concret pour la rel\u00e8ve<\/strong><\/p>\n\n\n\n<p>Le parrain de l\u2019\u00e9dition a \u00e9galement salu\u00e9 l\u2019initiative de l\u2019Union des jeunes avocats de son barreau d\u2019associer les chefs de cabinets des candidats, soulignant que cela permettait de mesurer la qualit\u00e9 de la formation et de l\u2019accompagnement offerts aux jeunes avocats.<\/p>\n\n\n\n<p>Encourageant les jeunes \u00e0 pers\u00e9v\u00e9rer dans la formation initiale et continue, Me Kayudi a insist\u00e9 sur la n\u00e9cessit\u00e9 de recevoir avec humilit\u00e9 les observations rappelant la profession d\u2019avocat ne permet jamais d\u2019\u00e9voluer en l\u2019\u00e9tat.<\/p>\n\n\n\n<p>En signe d\u2019encouragement, le B\u00e2tonnier Kayudi a annonc\u00e9 qu\u2019il prendra personnellement en charge la participation du laur\u00e9at au 39\u1d49 Congr\u00e8s de la Conf\u00e9rence Internationale des Barreaux de Tradition Juridique Commune (CIB), pr\u00e9vu en d\u00e9cembre prochain \u00e0 Lom\u00e9. Cette prise en charge couvrira le billet d\u2019avion aller-retour, le s\u00e9jour ainsi qu\u2019une allocation en guise d\u2019argent de poche.<\/p>\n\n\n\n<p>Avec cette initiative, le B\u00e2tonnier entend donner un signal fort : le Barreau de Kinshasa\/Matete croit en sa jeunesse et s\u2019engage \u00e0 l\u2019accompagner dans sa mont\u00e9e en comp\u00e9tence et son ouverture sur le monde.<\/p>\n\n\n\n<p>Jo\u00ebl Diawa<\/p>\n","protected":false},"excerpt":{"rendered":"<p>R\u00e9daction: +243 817 406 088 La finale du concours jumel\u00e9 d\u2019art oratoire \u00ab Eloquentia B\u00e2tonnier&#8230;<\/p>\n","protected":false},"author":2,"featured_media":16285,"comment_status":"open","ping_status":"open","sticky":false,"template":"","format":"standard","meta":{"_jetpack_memberships_contains_paid_content":false,"footnotes":""},"categories":[6],"tags":[],"class_list":["post-16280","post","type-post","status-publish","format-standard","has-post-thumbnail","hentry","category-justice"],"yoast_head":"<!-- This site is optimized with the Yoast SEO plugin v27.5 - https:\/\/yoast.com\/product\/yoast-seo-wordpress\/ -->\n<title>Kinshasa-Matete : Le B\u00e2tonnier Kayudi Misamu Coco plaide pour un Barreau sans ostracisme - Infos Droits Humains<\/title>\n<meta name=\"robots\" content=\"index, follow, max-snippet:-1, max-image-preview:large, max-video-preview:-1\" \/>\n<link rel=\"canonical\" href=\"https:\/\/infos-droitshumains.net\/?p=16280\" \/>\n<meta property=\"og:locale\" content=\"fr_FR\" \/>\n<meta property=\"og:type\" content=\"article\" \/>\n<meta property=\"og:title\" content=\"Kinshasa-Matete : Le B\u00e2tonnier Kayudi Misamu Coco plaide pour un Barreau sans ostracisme - Infos Droits Humains\" \/>\n<meta property=\"og:description\" content=\"R\u00e9daction: +243 817 406 088 La finale du concours jumel\u00e9 d\u2019art oratoire \u00ab Eloquentia B\u00e2tonnier...\" \/>\n<meta property=\"og:url\" content=\"https:\/\/infos-droitshumains.net\/?p=16280\" \/>\n<meta property=\"og:site_name\" content=\"Infos Droits Humains\" \/>\n<meta property=\"article:published_time\" content=\"2025-09-13T10:03:31+00:00\" \/>\n<meta property=\"article:modified_time\" content=\"2025-09-13T15:32:09+00:00\" \/>\n<meta property=\"og:image\" content=\"https:\/\/infos-droitshumains.net\/wp-content\/uploads\/2025\/09\/20250912_172636-scaled.jpg\" \/>\n\t<meta property=\"og:image:width\" content=\"2560\" \/>\n\t<meta property=\"og:image:height\" content=\"1441\" \/>\n\t<meta property=\"og:image:type\" content=\"image\/jpeg\" \/>\n<meta name=\"author\" content=\"Jo\u00ebl Diawa\" \/>\n<meta name=\"twitter:card\" content=\"summary_large_image\" \/>\n<meta name=\"twitter:label1\" content=\"\u00c9crit par\" \/>\n\t<meta name=\"twitter:data1\" content=\"Jo\u00ebl Diawa\" \/>\n\t<meta name=\"twitter:label2\" content=\"Dur\u00e9e de lecture estim\u00e9e\" \/>\n\t<meta name=\"twitter:data2\" content=\"3 minutes\" \/>\n<script type=\"application\/ld+json\" class=\"yoast-schema-graph\">{\"@context\":\"https:\\\/\\\/schema.org\",\"@graph\":[{\"@type\":\"Article\",\"@id\":\"https:\\\/\\\/infos-droitshumains.net\\\/?p=16280#article\",\"isPartOf\":{\"@id\":\"https:\\\/\\\/infos-droitshumains.net\\\/?p=16280\"},\"author\":{\"name\":\"Jo\u00ebl Diawa\",\"@id\":\"https:\\\/\\\/infos-droitshumains.net\\\/#\\\/schema\\\/person\\\/3dc5e921c3302172e0ed4362f96faab7\"},\"headline\":\"Kinshasa-Matete : Le B\u00e2tonnier Kayudi Misamu Coco plaide pour un Barreau sans ostracisme\",\"datePublished\":\"2025-09-13T10:03:31+00:00\",\"dateModified\":\"2025-09-13T15:32:09+00:00\",\"mainEntityOfPage\":{\"@id\":\"https:\\\/\\\/infos-droitshumains.net\\\/?p=16280\"},\"wordCount\":589,\"commentCount\":0,\"publisher\":{\"@id\":\"https:\\\/\\\/infos-droitshumains.net\\\/#organization\"},\"image\":{\"@id\":\"https:\\\/\\\/infos-droitshumains.net\\\/?p=16280#primaryimage\"},\"thumbnailUrl\":\"https:\\\/\\\/i0.wp.com\\\/infos-droitshumains.net\\\/wp-content\\\/uploads\\\/2025\\\/09\\\/20250912_172636-scaled.jpg?fit=2560%2C1441&ssl=1\",\"articleSection\":[\"Justice\"],\"inLanguage\":\"fr-FR\",\"potentialAction\":[{\"@type\":\"CommentAction\",\"name\":\"Comment\",\"target\":[\"https:\\\/\\\/infos-droitshumains.net\\\/?p=16280#respond\"]}]},{\"@type\":\"WebPage\",\"@id\":\"https:\\\/\\\/infos-droitshumains.net\\\/?p=16280\",\"url\":\"https:\\\/\\\/infos-droitshumains.net\\\/?p=16280\",\"name\":\"Kinshasa-Matete : Le B\u00e2tonnier Kayudi Misamu Coco plaide pour un Barreau sans ostracisme - Infos Droits Humains\",\"isPartOf\":{\"@id\":\"https:\\\/\\\/infos-droitshumains.net\\\/#website\"},\"primaryImageOfPage\":{\"@id\":\"https:\\\/\\\/infos-droitshumains.net\\\/?p=16280#primaryimage\"},\"image\":{\"@id\":\"https:\\\/\\\/infos-droitshumains.net\\\/?p=16280#primaryimage\"},\"thumbnailUrl\":\"https:\\\/\\\/i0.wp.com\\\/infos-droitshumains.net\\\/wp-content\\\/uploads\\\/2025\\\/09\\\/20250912_172636-scaled.jpg?fit=2560%2C1441&ssl=1\",\"datePublished\":\"2025-09-13T10:03:31+00:00\",\"dateModified\":\"2025-09-13T15:32:09+00:00\",\"breadcrumb\":{\"@id\":\"https:\\\/\\\/infos-droitshumains.net\\\/?p=16280#breadcrumb\"},\"inLanguage\":\"fr-FR\",\"potentialAction\":[{\"@type\":\"ReadAction\",\"target\":[\"https:\\\/\\\/infos-droitshumains.net\\\/?p=16280\"]}]},{\"@type\":\"ImageObject\",\"inLanguage\":\"fr-FR\",\"@id\":\"https:\\\/\\\/infos-droitshumains.net\\\/?p=16280#primaryimage\",\"url\":\"https:\\\/\\\/i0.wp.com\\\/infos-droitshumains.net\\\/wp-content\\\/uploads\\\/2025\\\/09\\\/20250912_172636-scaled.jpg?fit=2560%2C1441&ssl=1\",\"contentUrl\":\"https:\\\/\\\/i0.wp.com\\\/infos-droitshumains.net\\\/wp-content\\\/uploads\\\/2025\\\/09\\\/20250912_172636-scaled.jpg?fit=2560%2C1441&ssl=1\",\"width\":2560,\"height\":1441},{\"@type\":\"BreadcrumbList\",\"@id\":\"https:\\\/\\\/infos-droitshumains.net\\\/?p=16280#breadcrumb\",\"itemListElement\":[{\"@type\":\"ListItem\",\"position\":1,\"name\":\"Accueil\",\"item\":\"https:\\\/\\\/infos-droitshumains.net\\\/\"},{\"@type\":\"ListItem\",\"position\":2,\"name\":\"Kinshasa-Matete : Le B\u00e2tonnier Kayudi Misamu Coco plaide pour un Barreau sans ostracisme\"}]},{\"@type\":\"WebSite\",\"@id\":\"https:\\\/\\\/infos-droitshumains.net\\\/#website\",\"url\":\"https:\\\/\\\/infos-droitshumains.net\\\/\",\"name\":\"Infos Droits Humains\",\"description\":\"S&#039;informer est un droit\",\"publisher\":{\"@id\":\"https:\\\/\\\/infos-droitshumains.net\\\/#organization\"},\"potentialAction\":[{\"@type\":\"SearchAction\",\"target\":{\"@type\":\"EntryPoint\",\"urlTemplate\":\"https:\\\/\\\/infos-droitshumains.net\\\/?s={search_term_string}\"},\"query-input\":{\"@type\":\"PropertyValueSpecification\",\"valueRequired\":true,\"valueName\":\"search_term_string\"}}],\"inLanguage\":\"fr-FR\"},{\"@type\":\"Organization\",\"@id\":\"https:\\\/\\\/infos-droitshumains.net\\\/#organization\",\"name\":\"Infos Droits Humains\",\"url\":\"https:\\\/\\\/infos-droitshumains.net\\\/\",\"logo\":{\"@type\":\"ImageObject\",\"inLanguage\":\"fr-FR\",\"@id\":\"https:\\\/\\\/infos-droitshumains.net\\\/#\\\/schema\\\/logo\\\/image\\\/\",\"url\":\"https:\\\/\\\/i0.wp.com\\\/infos-droitshumains.net\\\/wp-content\\\/uploads\\\/2022\\\/05\\\/Logo.png?fit=333%2C129&ssl=1\",\"contentUrl\":\"https:\\\/\\\/i0.wp.com\\\/infos-droitshumains.net\\\/wp-content\\\/uploads\\\/2022\\\/05\\\/Logo.png?fit=333%2C129&ssl=1\",\"width\":333,\"height\":129,\"caption\":\"Infos Droits Humains\"},\"image\":{\"@id\":\"https:\\\/\\\/infos-droitshumains.net\\\/#\\\/schema\\\/logo\\\/image\\\/\"}},{\"@type\":\"Person\",\"@id\":\"https:\\\/\\\/infos-droitshumains.net\\\/#\\\/schema\\\/person\\\/3dc5e921c3302172e0ed4362f96faab7\",\"name\":\"Jo\u00ebl Diawa\",\"image\":{\"@type\":\"ImageObject\",\"inLanguage\":\"fr-FR\",\"@id\":\"https:\\\/\\\/secure.gravatar.com\\\/avatar\\\/729bea6ff4604c624417803c477363be8e3c7186deaa65713313f9b4b820f41c?s=96&d=mm&r=g\",\"url\":\"https:\\\/\\\/secure.gravatar.com\\\/avatar\\\/729bea6ff4604c624417803c477363be8e3c7186deaa65713313f9b4b820f41c?s=96&d=mm&r=g\",\"contentUrl\":\"https:\\\/\\\/secure.gravatar.com\\\/avatar\\\/729bea6ff4604c624417803c477363be8e3c7186deaa65713313f9b4b820f41c?s=96&d=mm&r=g\",\"caption\":\"Jo\u00ebl Diawa\"},\"sameAs\":[\"https:\\\/\\\/www.infos-droitshumains.net\"],\"url\":\"https:\\\/\\\/infos-droitshumains.net\\\/?author=2\"}]}<\/script>\n<!-- \/ Yoast SEO plugin. -->","yoast_head_json":{"title":"Kinshasa-Matete : Le B\u00e2tonnier Kayudi Misamu Coco plaide pour un Barreau sans ostracisme - Infos Droits Humains","robots":{"index":"index","follow":"follow","max-snippet":"max-snippet:-1","max-image-preview":"max-image-preview:large","max-video-preview":"max-video-preview:-1"},"canonical":"https:\/\/infos-droitshumains.net\/?p=16280","og_locale":"fr_FR","og_type":"article","og_title":"Kinshasa-Matete : Le B\u00e2tonnier Kayudi Misamu Coco plaide pour un Barreau sans ostracisme - Infos Droits Humains","og_description":"R\u00e9daction: +243 817 406 088 La finale du concours jumel\u00e9 d\u2019art oratoire \u00ab Eloquentia B\u00e2tonnier...","og_url":"https:\/\/infos-droitshumains.net\/?p=16280","og_site_name":"Infos Droits Humains","article_published_time":"2025-09-13T10:03:31+00:00","article_modified_time":"2025-09-13T15:32:09+00:00","og_image":[{"width":2560,"height":1441,"url":"https:\/\/infos-droitshumains.net\/wp-content\/uploads\/2025\/09\/20250912_172636-scaled.jpg","type":"image\/jpeg"}],"author":"Jo\u00ebl Diawa","twitter_card":"summary_large_image","twitter_misc":{"\u00c9crit par":"Jo\u00ebl Diawa","Dur\u00e9e de lecture estim\u00e9e":"3 minutes"},"schema":{"@context":"https:\/\/schema.org","@graph":[{"@type":"Article","@id":"https:\/\/infos-droitshumains.net\/?p=16280#article","isPartOf":{"@id":"https:\/\/infos-droitshumains.net\/?p=16280"},"author":{"name":"Jo\u00ebl Diawa","@id":"https:\/\/infos-droitshumains.net\/#\/schema\/person\/3dc5e921c3302172e0ed4362f96faab7"},"headline":"Kinshasa-Matete : Le B\u00e2tonnier Kayudi Misamu Coco plaide pour un Barreau sans ostracisme","datePublished":"2025-09-13T10:03:31+00:00","dateModified":"2025-09-13T15:32:09+00:00","mainEntityOfPage":{"@id":"https:\/\/infos-droitshumains.net\/?p=16280"},"wordCount":589,"commentCount":0,"publisher":{"@id":"https:\/\/infos-droitshumains.net\/#organization"},"image":{"@id":"https:\/\/infos-droitshumains.net\/?p=16280#primaryimage"},"thumbnailUrl":"https:\/\/i0.wp.com\/infos-droitshumains.net\/wp-content\/uploads\/2025\/09\/20250912_172636-scaled.jpg?fit=2560%2C1441&ssl=1","articleSection":["Justice"],"inLanguage":"fr-FR","potentialAction":[{"@type":"CommentAction","name":"Comment","target":["https:\/\/infos-droitshumains.net\/?p=16280#respond"]}]},{"@type":"WebPage","@id":"https:\/\/infos-droitshumains.net\/?p=16280","url":"https:\/\/infos-droitshumains.net\/?p=16280","name":"Kinshasa-Matete : Le B\u00e2tonnier Kayudi Misamu Coco plaide pour un Barreau sans ostracisme - Infos Droits Humains","isPartOf":{"@id":"https:\/\/infos-droitshumains.net\/#website"},"primaryImageOfPage":{"@id":"https:\/\/infos-droitshumains.net\/?p=16280#primaryimage"},"image":{"@id":"https:\/\/infos-droitshumains.net\/?p=16280#primaryimage"},"thumbnailUrl":"https:\/\/i0.wp.com\/infos-droitshumains.net\/wp-content\/uploads\/2025\/09\/20250912_172636-scaled.jpg?fit=2560%2C1441&ssl=1","datePublished":"2025-09-13T10:03:31+00:00","dateModified":"2025-09-13T15:32:09+00:00","breadcrumb":{"@id":"https:\/\/infos-droitshumains.net\/?p=16280#breadcrumb"},"inLanguage":"fr-FR","potentialAction":[{"@type":"ReadAction","target":["https:\/\/infos-droitshumains.net\/?p=16280"]}]},{"@type":"ImageObject","inLanguage":"fr-FR","@id":"https:\/\/infos-droitshumains.net\/?p=16280#primaryimage","url":"https:\/\/i0.wp.com\/infos-droitshumains.net\/wp-content\/uploads\/2025\/09\/20250912_172636-scaled.jpg?fit=2560%2C1441&ssl=1","contentUrl":"https:\/\/i0.wp.com\/infos-droitshumains.net\/wp-content\/uploads\/2025\/09\/20250912_172636-scaled.jpg?fit=2560%2C1441&ssl=1","width":2560,"height":1441},{"@type":"BreadcrumbList","@id":"https:\/\/infos-droitshumains.net\/?p=16280#breadcrumb","itemListElement":[{"@type":"ListItem","position":1,"name":"Accueil","item":"https:\/\/infos-droitshumains.net\/"},{"@type":"ListItem","position":2,"name":"Kinshasa-Matete : Le B\u00e2tonnier Kayudi Misamu Coco plaide pour un Barreau sans ostracisme"}]},{"@type":"WebSite","@id":"https:\/\/infos-droitshumains.net\/#website","url":"https:\/\/infos-droitshumains.net\/","name":"Infos Droits Humains","description":"S&#039;informer est un droit","publisher":{"@id":"https:\/\/infos-droitshumains.net\/#organization"},"potentialAction":[{"@type":"SearchAction","target":{"@type":"EntryPoint","urlTemplate":"https:\/\/infos-droitshumains.net\/?s={search_term_string}"},"query-input":{"@type":"PropertyValueSpecification","valueRequired":true,"valueName":"search_term_string"}}],"inLanguage":"fr-FR"},{"@type":"Organization","@id":"https:\/\/infos-droitshumains.net\/#organization","name":"Infos Droits Humains","url":"https:\/\/infos-droitshumains.net\/","logo":{"@type":"ImageObject","inLanguage":"fr-FR","@id":"https:\/\/infos-droitshumains.net\/#\/schema\/logo\/image\/","url":"https:\/\/i0.wp.com\/infos-droitshumains.net\/wp-content\/uploads\/2022\/05\/Logo.png?fit=333%2C129&ssl=1","contentUrl":"https:\/\/i0.wp.com\/infos-droitshumains.net\/wp-content\/uploads\/2022\/05\/Logo.png?fit=333%2C129&ssl=1","width":333,"height":129,"caption":"Infos Droits Humains"},"image":{"@id":"https:\/\/infos-droitshumains.net\/#\/schema\/logo\/image\/"}},{"@type":"Person","@id":"https:\/\/infos-droitshumains.net\/#\/schema\/person\/3dc5e921c3302172e0ed4362f96faab7","name":"Jo\u00ebl Diawa","image":{"@type":"ImageObject","inLanguage":"fr-FR","@id":"https:\/\/secure.gravatar.com\/avatar\/729bea6ff4604c624417803c477363be8e3c7186deaa65713313f9b4b820f41c?s=96&d=mm&r=g","url":"https:\/\/secure.gravatar.com\/avatar\/729bea6ff4604c624417803c477363be8e3c7186deaa65713313f9b4b820f41c?s=96&d=mm&r=g","contentUrl":"https:\/\/secure.gravatar.com\/avatar\/729bea6ff4604c624417803c477363be8e3c7186deaa65713313f9b4b820f41c?s=96&d=mm&r=g","caption":"Jo\u00ebl Diawa"},"sameAs":["https:\/\/www.infos-droitshumains.net"],"url":"https:\/\/infos-droitshumains.net\/?author=2"}]}},"featured_image_urls":{"full":["https:\/\/i0.wp.com\/infos-droitshumains.net\/wp-content\/uploads\/2025\/09\/20250912_172636-scaled.jpg?fit=2560%2C1441&ssl=1",2560,1441,false],"thumbnail":["https:\/\/i0.wp.com\/infos-droitshumains.net\/wp-content\/uploads\/2025\/09\/20250912_172636-scaled.jpg?resize=150%2C150&ssl=1",150,150,true],"medium":["https:\/\/i0.wp.com\/infos-droitshumains.net\/wp-content\/uploads\/2025\/09\/20250912_172636-scaled.jpg?fit=300%2C169&ssl=1",300,169,true],"medium_large":["https:\/\/i0.wp.com\/infos-droitshumains.net\/wp-content\/uploads\/2025\/09\/20250912_172636-scaled.jpg?fit=640%2C360&ssl=1",640,360,true],"large":["https:\/\/i0.wp.com\/infos-droitshumains.net\/wp-content\/uploads\/2025\/09\/20250912_172636-scaled.jpg?fit=640%2C360&ssl=1",640,360,true],"1536x1536":["https:\/\/i0.wp.com\/infos-droitshumains.net\/wp-content\/uploads\/2025\/09\/20250912_172636-scaled.jpg?fit=1536%2C864&ssl=1",1536,864,true],"2048x2048":["https:\/\/i0.wp.com\/infos-droitshumains.net\/wp-content\/uploads\/2025\/09\/20250912_172636-scaled.jpg?fit=2048%2C1153&ssl=1",2048,1153,true],"covernews-slider-full":["https:\/\/i0.wp.com\/infos-droitshumains.net\/wp-content\/uploads\/2025\/09\/20250912_172636-scaled.jpg?resize=1115%2C715&ssl=1",1115,715,true],"covernews-slider-center":["https:\/\/i0.wp.com\/infos-droitshumains.net\/wp-content\/uploads\/2025\/09\/20250912_172636-scaled.jpg?resize=800%2C500&ssl=1",800,500,true],"covernews-featured":["https:\/\/i0.wp.com\/infos-droitshumains.net\/wp-content\/uploads\/2025\/09\/20250912_172636-scaled.jpg?fit=1024%2C576&ssl=1",1024,576,true],"covernews-medium":["https:\/\/i0.wp.com\/infos-droitshumains.net\/wp-content\/uploads\/2025\/09\/20250912_172636-scaled.jpg?resize=540%2C340&ssl=1",540,340,true],"covernews-medium-square":["https:\/\/i0.wp.com\/infos-droitshumains.net\/wp-content\/uploads\/2025\/09\/20250912_172636-scaled.jpg?resize=400%2C250&ssl=1",400,250,true]},"author_info":{"display_name":"Jo\u00ebl Diawa","author_link":"https:\/\/infos-droitshumains.net\/?author=2"},"category_info":"<a href=\"https:\/\/infos-droitshumains.net\/?cat=6\" rel=\"category\">Justice<\/a>","tag_info":"Justice","comment_count":"0","jetpack_featured_media_url":"https:\/\/i0.wp.com\/infos-droitshumains.net\/wp-content\/uploads\/2025\/09\/20250912_172636-scaled.jpg?fit=2560%2C1441&ssl=1","jetpack-related-posts":[],"jetpack_sharing_enabled":true,"_links":{"self":[{"href":"https:\/\/infos-droitshumains.net\/index.php?rest_route=\/wp\/v2\/posts\/16280","targetHints":{"allow":["GET"]}}],"collection":[{"href":"https:\/\/infos-droitshumains.net\/index.php?rest_route=\/wp\/v2\/posts"}],"about":[{"href":"https:\/\/infos-droitshumains.net\/index.php?rest_route=\/wp\/v2\/types\/post"}],"author":[{"embeddable":true,"href":"https:\/\/infos-droitshumains.net\/index.php?rest_route=\/wp\/v2\/users\/2"}],"replies":[{"embeddable":true,"href":"https:\/\/infos-droitshumains.net\/index.php?rest_route=%2Fwp%2Fv2%2Fcomments&post=16280"}],"version-history":[{"count":3,"href":"https:\/\/infos-droitshumains.net\/index.php?rest_route=\/wp\/v2\/posts\/16280\/revisions"}],"predecessor-version":[{"id":16291,"href":"https:\/\/infos-droitshumains.net\/index.php?rest_route=\/wp\/v2\/posts\/16280\/revisions\/16291"}],"wp:featuredmedia":[{"embeddable":true,"href":"https:\/\/infos-droitshumains.net\/index.php?rest_route=\/wp\/v2\/media\/16285"}],"wp:attachment":[{"href":"https:\/\/infos-droitshumains.net\/index.php?rest_route=%2Fwp%2Fv2%2Fmedia&parent=16280"}],"wp:term":[{"taxonomy":"category","embeddable":true,"href":"https:\/\/infos-droitshumains.net\/index.php?rest_route=%2Fwp%2Fv2%2Fcategories&post=16280"},{"taxonomy":"post_tag","embeddable":true,"href":"https:\/\/infos-droitshumains.net\/index.php?rest_route=%2Fwp%2Fv2%2Ftags&post=16280"}],"curies":[{"name":"wp","href":"https:\/\/api.w.org\/{rel}","templated":true}]}}