{"id":16260,"date":"2025-09-04T15:55:03","date_gmt":"2025-09-04T13:55:03","guid":{"rendered":"https:\/\/infos-droitshumains.net\/?p=16260"},"modified":"2025-09-04T15:56:39","modified_gmt":"2025-09-04T13:56:39","slug":"kongo-central-le-ministre-samuel-mbemba-kbuya-annonce-un-atelier-sur-les-droits-humains-a-boma","status":"publish","type":"post","link":"https:\/\/infos-droitshumains.net\/?p=16260","title":{"rendered":"Kongo-Central: Le Ministre Samuel Mbemba Kbuya annonce un atelier sur les droits humains \u00e0 Boma"},"content":{"rendered":"\n<p><strong>R\u00e9daction: +243 817 406 088<\/strong><\/p>\n\n\n\n<h3 class=\"wp-block-heading has-vivid-red-color has-text-color has-link-color wp-elements-c8b871b81ea8cf10023660a60bdf1281\">\u00c0 Boma, th\u00e9\u00e2tre r\u00e9cent de tensions, le Gouvernement choisit la voie du dialogue et de la formation plut\u00f4t que celle de la r\u00e9pression. En initiant un atelier sur les droits humains \u00e0 destination des cadres et agents publics, Kinshasa tient \u00e0 montrer qu\u2019autorit\u00e9 et respect des libert\u00e9s ne s\u2019opposent pas. Une d\u00e9marche qui illustre la volont\u00e9 de Judith Suminwa d\u2019ancrer la paix civile dans la p\u00e9dagogie et la confiance retrouv\u00e9e.<\/h3>\n\n\n\n<p>La cit\u00e9 portuaire de Boma, dans le Kongo Central, se pr\u00e9pare \u00e0 accueillir un atelier de renforcement des capacit\u00e9s en droits humains destin\u00e9 aux cadres et agents publics. Cette initiative, annonc\u00e9e mercredi 3 septembre par Samuel Mbemba, Ministre des Droits humains, intervient dans un contexte marqu\u00e9 par des tensions et des \u00e9meutes r\u00e9centes dans la ville.<\/p>\n\n\n\n<p><em>\u00ab La Cheffe du Gouvernement, Judith Suminwa Tuluka, m\u2019a d\u00e9p\u00each\u00e9 ici \u00e0 la suite des \u00e9v\u00e9nements malheureux qui ont eu lieu, pour rencontrer la population et les cadres publics, afin de ramener l\u2019entente entre les deux, mais aussi organiser un atelier de renforcement des capacit\u00e9s en droits de l\u2019homme \u00bb<\/em>, a d\u00e9clar\u00e9 le Ministre des Droits Humains.<\/p>\n\n\n\n<p>L\u2019objectif affich\u00e9 \u00e0 l\u2019en croire, est de mieux <em>\u00ab&nbsp;pr\u00e9parer&nbsp;\u00bb<\/em> les responsables locaux \u00e0 g\u00e9rer le d\u00e9licat \u00e9quilibre entre fermet\u00e9 dans la lutte contre la criminalit\u00e9 et respect des libert\u00e9s fondamentales.<\/p>\n\n\n\n<p>L\u2019atelier, qui se d\u00e9roulera dans les prochains jours, r\u00e9unira les principaux services de l\u2019\u00c9tat, y compris les forces de s\u00e9curit\u00e9 et les autorit\u00e9s administratives locales. Il s\u2019agira de revisiter les principes internationaux et nationaux relatifs aux droits humains, de partager des outils pratiques de gestion des crises et d\u2019instaurer un dialogue constructif entre la population et l\u2019administration.<\/p>\n\n\n\n<p>Selon Me Samuel MBEMBA, cette initiative traduit la volont\u00e9 du Gouvernement Suminwa II d\u2019inscrire son action dans une logique de pr\u00e9vention et de formation, plut\u00f4t que dans la seule r\u00e9pression. <em>\u00ab Il est essentiel que nos cadres publics disposent des instruments n\u00e9cessaires pour agir avec professionnalisme, prot\u00e9ger les citoyens et restaurer la confiance \u00bb<\/em>, a-t-il soulign\u00e9.<\/p>\n\n\n\n<p>En choisissant Boma, ville strat\u00e9gique du Kongo-Central, les autorit\u00e9s entendent envoyer un signal fort : les tensions locales doivent \u00eatre d\u00e9samorc\u00e9es par une approche participative, alliant justice, s\u00e9curit\u00e9 et respect des droits. Pour de nombreux observateurs, cette d\u00e9marche marque un pas suppl\u00e9mentaire vers la consolidation de l\u2019\u00c9tat de droit et la pacification durable des centres urbains sensibles de la R\u00e9publique d\u00e9mocratique du Congo.<\/p>\n\n\n\n<p>Jo\u00ebl Diawa<\/p>\n","protected":false},"excerpt":{"rendered":"<p>R\u00e9daction: +243 817 406 088 \u00c0 Boma, th\u00e9\u00e2tre r\u00e9cent de tensions, le Gouvernement choisit la&#8230;<\/p>\n","protected":false},"author":2,"featured_media":16262,"comment_status":"open","ping_status":"open","sticky":false,"template":"","format":"standard","meta":{"_jetpack_memberships_contains_paid_content":false,"footnotes":""},"categories":[7],"tags":[],"class_list":["post-16260","post","type-post","status-publish","format-standard","has-post-thumbnail","hentry","category-droits-humains"],"yoast_head":"<!-- This site is optimized with the Yoast SEO plugin v27.5 - https:\/\/yoast.com\/product\/yoast-seo-wordpress\/ -->\n<title>Kongo-Central: Le Ministre Samuel Mbemba Kbuya annonce un atelier sur les droits humains \u00e0 Boma - Infos Droits Humains<\/title>\n<meta name=\"robots\" content=\"index, follow, max-snippet:-1, max-image-preview:large, max-video-preview:-1\" \/>\n<link rel=\"canonical\" href=\"https:\/\/infos-droitshumains.net\/?p=16260\" \/>\n<meta property=\"og:locale\" content=\"fr_FR\" \/>\n<meta property=\"og:type\" content=\"article\" \/>\n<meta property=\"og:title\" content=\"Kongo-Central: Le Ministre Samuel Mbemba Kbuya annonce un atelier sur les droits humains \u00e0 Boma - Infos Droits Humains\" \/>\n<meta property=\"og:description\" content=\"R\u00e9daction: +243 817 406 088 \u00c0 Boma, th\u00e9\u00e2tre r\u00e9cent de tensions, le Gouvernement choisit la...\" \/>\n<meta property=\"og:url\" content=\"https:\/\/infos-droitshumains.net\/?p=16260\" \/>\n<meta property=\"og:site_name\" content=\"Infos Droits Humains\" \/>\n<meta property=\"article:published_time\" content=\"2025-09-04T13:55:03+00:00\" \/>\n<meta property=\"article:modified_time\" content=\"2025-09-04T13:56:39+00:00\" \/>\n<meta property=\"og:image\" content=\"https:\/\/infos-droitshumains.net\/wp-content\/uploads\/2025\/09\/IMG-20250904-WA0009.jpg\" \/>\n\t<meta property=\"og:image:width\" content=\"1032\" \/>\n\t<meta property=\"og:image:height\" content=\"688\" \/>\n\t<meta property=\"og:image:type\" content=\"image\/jpeg\" \/>\n<meta name=\"author\" content=\"Jo\u00ebl Diawa\" \/>\n<meta name=\"twitter:card\" content=\"summary_large_image\" \/>\n<meta name=\"twitter:label1\" content=\"\u00c9crit par\" \/>\n\t<meta name=\"twitter:data1\" content=\"Jo\u00ebl Diawa\" \/>\n\t<meta name=\"twitter:label2\" content=\"Dur\u00e9e de lecture estim\u00e9e\" \/>\n\t<meta name=\"twitter:data2\" content=\"3 minutes\" \/>\n<script type=\"application\/ld+json\" class=\"yoast-schema-graph\">{\"@context\":\"https:\\\/\\\/schema.org\",\"@graph\":[{\"@type\":\"Article\",\"@id\":\"https:\\\/\\\/infos-droitshumains.net\\\/?p=16260#article\",\"isPartOf\":{\"@id\":\"https:\\\/\\\/infos-droitshumains.net\\\/?p=16260\"},\"author\":{\"name\":\"Jo\u00ebl Diawa\",\"@id\":\"https:\\\/\\\/infos-droitshumains.net\\\/#\\\/schema\\\/person\\\/3dc5e921c3302172e0ed4362f96faab7\"},\"headline\":\"Kongo-Central: Le Ministre Samuel Mbemba Kbuya annonce un atelier sur les droits humains \u00e0 Boma\",\"datePublished\":\"2025-09-04T13:55:03+00:00\",\"dateModified\":\"2025-09-04T13:56:39+00:00\",\"mainEntityOfPage\":{\"@id\":\"https:\\\/\\\/infos-droitshumains.net\\\/?p=16260\"},\"wordCount\":451,\"commentCount\":0,\"publisher\":{\"@id\":\"https:\\\/\\\/infos-droitshumains.net\\\/#organization\"},\"image\":{\"@id\":\"https:\\\/\\\/infos-droitshumains.net\\\/?p=16260#primaryimage\"},\"thumbnailUrl\":\"https:\\\/\\\/i0.wp.com\\\/infos-droitshumains.net\\\/wp-content\\\/uploads\\\/2025\\\/09\\\/IMG-20250904-WA0009.jpg?fit=1032%2C688&ssl=1\",\"articleSection\":[\"Droits Humains\"],\"inLanguage\":\"fr-FR\",\"potentialAction\":[{\"@type\":\"CommentAction\",\"name\":\"Comment\",\"target\":[\"https:\\\/\\\/infos-droitshumains.net\\\/?p=16260#respond\"]}]},{\"@type\":\"WebPage\",\"@id\":\"https:\\\/\\\/infos-droitshumains.net\\\/?p=16260\",\"url\":\"https:\\\/\\\/infos-droitshumains.net\\\/?p=16260\",\"name\":\"Kongo-Central: Le Ministre Samuel Mbemba Kbuya annonce un atelier sur les droits humains \u00e0 Boma - Infos Droits Humains\",\"isPartOf\":{\"@id\":\"https:\\\/\\\/infos-droitshumains.net\\\/#website\"},\"primaryImageOfPage\":{\"@id\":\"https:\\\/\\\/infos-droitshumains.net\\\/?p=16260#primaryimage\"},\"image\":{\"@id\":\"https:\\\/\\\/infos-droitshumains.net\\\/?p=16260#primaryimage\"},\"thumbnailUrl\":\"https:\\\/\\\/i0.wp.com\\\/infos-droitshumains.net\\\/wp-content\\\/uploads\\\/2025\\\/09\\\/IMG-20250904-WA0009.jpg?fit=1032%2C688&ssl=1\",\"datePublished\":\"2025-09-04T13:55:03+00:00\",\"dateModified\":\"2025-09-04T13:56:39+00:00\",\"breadcrumb\":{\"@id\":\"https:\\\/\\\/infos-droitshumains.net\\\/?p=16260#breadcrumb\"},\"inLanguage\":\"fr-FR\",\"potentialAction\":[{\"@type\":\"ReadAction\",\"target\":[\"https:\\\/\\\/infos-droitshumains.net\\\/?p=16260\"]}]},{\"@type\":\"ImageObject\",\"inLanguage\":\"fr-FR\",\"@id\":\"https:\\\/\\\/infos-droitshumains.net\\\/?p=16260#primaryimage\",\"url\":\"https:\\\/\\\/i0.wp.com\\\/infos-droitshumains.net\\\/wp-content\\\/uploads\\\/2025\\\/09\\\/IMG-20250904-WA0009.jpg?fit=1032%2C688&ssl=1\",\"contentUrl\":\"https:\\\/\\\/i0.wp.com\\\/infos-droitshumains.net\\\/wp-content\\\/uploads\\\/2025\\\/09\\\/IMG-20250904-WA0009.jpg?fit=1032%2C688&ssl=1\",\"width\":1032,\"height\":688},{\"@type\":\"BreadcrumbList\",\"@id\":\"https:\\\/\\\/infos-droitshumains.net\\\/?p=16260#breadcrumb\",\"itemListElement\":[{\"@type\":\"ListItem\",\"position\":1,\"name\":\"Accueil\",\"item\":\"https:\\\/\\\/infos-droitshumains.net\\\/\"},{\"@type\":\"ListItem\",\"position\":2,\"name\":\"Kongo-Central: Le Ministre Samuel Mbemba Kbuya annonce un atelier sur les droits humains \u00e0 Boma\"}]},{\"@type\":\"WebSite\",\"@id\":\"https:\\\/\\\/infos-droitshumains.net\\\/#website\",\"url\":\"https:\\\/\\\/infos-droitshumains.net\\\/\",\"name\":\"Infos Droits Humains\",\"description\":\"S&#039;informer est un droit\",\"publisher\":{\"@id\":\"https:\\\/\\\/infos-droitshumains.net\\\/#organization\"},\"potentialAction\":[{\"@type\":\"SearchAction\",\"target\":{\"@type\":\"EntryPoint\",\"urlTemplate\":\"https:\\\/\\\/infos-droitshumains.net\\\/?s={search_term_string}\"},\"query-input\":{\"@type\":\"PropertyValueSpecification\",\"valueRequired\":true,\"valueName\":\"search_term_string\"}}],\"inLanguage\":\"fr-FR\"},{\"@type\":\"Organization\",\"@id\":\"https:\\\/\\\/infos-droitshumains.net\\\/#organization\",\"name\":\"Infos Droits Humains\",\"url\":\"https:\\\/\\\/infos-droitshumains.net\\\/\",\"logo\":{\"@type\":\"ImageObject\",\"inLanguage\":\"fr-FR\",\"@id\":\"https:\\\/\\\/infos-droitshumains.net\\\/#\\\/schema\\\/logo\\\/image\\\/\",\"url\":\"https:\\\/\\\/i0.wp.com\\\/infos-droitshumains.net\\\/wp-content\\\/uploads\\\/2022\\\/05\\\/Logo.png?fit=333%2C129&ssl=1\",\"contentUrl\":\"https:\\\/\\\/i0.wp.com\\\/infos-droitshumains.net\\\/wp-content\\\/uploads\\\/2022\\\/05\\\/Logo.png?fit=333%2C129&ssl=1\",\"width\":333,\"height\":129,\"caption\":\"Infos Droits Humains\"},\"image\":{\"@id\":\"https:\\\/\\\/infos-droitshumains.net\\\/#\\\/schema\\\/logo\\\/image\\\/\"}},{\"@type\":\"Person\",\"@id\":\"https:\\\/\\\/infos-droitshumains.net\\\/#\\\/schema\\\/person\\\/3dc5e921c3302172e0ed4362f96faab7\",\"name\":\"Jo\u00ebl Diawa\",\"image\":{\"@type\":\"ImageObject\",\"inLanguage\":\"fr-FR\",\"@id\":\"https:\\\/\\\/secure.gravatar.com\\\/avatar\\\/729bea6ff4604c624417803c477363be8e3c7186deaa65713313f9b4b820f41c?s=96&d=mm&r=g\",\"url\":\"https:\\\/\\\/secure.gravatar.com\\\/avatar\\\/729bea6ff4604c624417803c477363be8e3c7186deaa65713313f9b4b820f41c?s=96&d=mm&r=g\",\"contentUrl\":\"https:\\\/\\\/secure.gravatar.com\\\/avatar\\\/729bea6ff4604c624417803c477363be8e3c7186deaa65713313f9b4b820f41c?s=96&d=mm&r=g\",\"caption\":\"Jo\u00ebl Diawa\"},\"sameAs\":[\"https:\\\/\\\/www.infos-droitshumains.net\"],\"url\":\"https:\\\/\\\/infos-droitshumains.net\\\/?author=2\"}]}<\/script>\n<!-- \/ Yoast SEO plugin. -->","yoast_head_json":{"title":"Kongo-Central: Le Ministre Samuel Mbemba Kbuya annonce un atelier sur les droits humains \u00e0 Boma - Infos Droits Humains","robots":{"index":"index","follow":"follow","max-snippet":"max-snippet:-1","max-image-preview":"max-image-preview:large","max-video-preview":"max-video-preview:-1"},"canonical":"https:\/\/infos-droitshumains.net\/?p=16260","og_locale":"fr_FR","og_type":"article","og_title":"Kongo-Central: Le Ministre Samuel Mbemba Kbuya annonce un atelier sur les droits humains \u00e0 Boma - Infos Droits Humains","og_description":"R\u00e9daction: +243 817 406 088 \u00c0 Boma, th\u00e9\u00e2tre r\u00e9cent de tensions, le Gouvernement choisit la...","og_url":"https:\/\/infos-droitshumains.net\/?p=16260","og_site_name":"Infos Droits Humains","article_published_time":"2025-09-04T13:55:03+00:00","article_modified_time":"2025-09-04T13:56:39+00:00","og_image":[{"width":1032,"height":688,"url":"https:\/\/infos-droitshumains.net\/wp-content\/uploads\/2025\/09\/IMG-20250904-WA0009.jpg","type":"image\/jpeg"}],"author":"Jo\u00ebl Diawa","twitter_card":"summary_large_image","twitter_misc":{"\u00c9crit par":"Jo\u00ebl Diawa","Dur\u00e9e de lecture estim\u00e9e":"3 minutes"},"schema":{"@context":"https:\/\/schema.org","@graph":[{"@type":"Article","@id":"https:\/\/infos-droitshumains.net\/?p=16260#article","isPartOf":{"@id":"https:\/\/infos-droitshumains.net\/?p=16260"},"author":{"name":"Jo\u00ebl Diawa","@id":"https:\/\/infos-droitshumains.net\/#\/schema\/person\/3dc5e921c3302172e0ed4362f96faab7"},"headline":"Kongo-Central: Le Ministre Samuel Mbemba Kbuya annonce un atelier sur les droits humains \u00e0 Boma","datePublished":"2025-09-04T13:55:03+00:00","dateModified":"2025-09-04T13:56:39+00:00","mainEntityOfPage":{"@id":"https:\/\/infos-droitshumains.net\/?p=16260"},"wordCount":451,"commentCount":0,"publisher":{"@id":"https:\/\/infos-droitshumains.net\/#organization"},"image":{"@id":"https:\/\/infos-droitshumains.net\/?p=16260#primaryimage"},"thumbnailUrl":"https:\/\/i0.wp.com\/infos-droitshumains.net\/wp-content\/uploads\/2025\/09\/IMG-20250904-WA0009.jpg?fit=1032%2C688&ssl=1","articleSection":["Droits Humains"],"inLanguage":"fr-FR","potentialAction":[{"@type":"CommentAction","name":"Comment","target":["https:\/\/infos-droitshumains.net\/?p=16260#respond"]}]},{"@type":"WebPage","@id":"https:\/\/infos-droitshumains.net\/?p=16260","url":"https:\/\/infos-droitshumains.net\/?p=16260","name":"Kongo-Central: Le Ministre Samuel Mbemba Kbuya annonce un atelier sur les droits humains \u00e0 Boma - Infos Droits Humains","isPartOf":{"@id":"https:\/\/infos-droitshumains.net\/#website"},"primaryImageOfPage":{"@id":"https:\/\/infos-droitshumains.net\/?p=16260#primaryimage"},"image":{"@id":"https:\/\/infos-droitshumains.net\/?p=16260#primaryimage"},"thumbnailUrl":"https:\/\/i0.wp.com\/infos-droitshumains.net\/wp-content\/uploads\/2025\/09\/IMG-20250904-WA0009.jpg?fit=1032%2C688&ssl=1","datePublished":"2025-09-04T13:55:03+00:00","dateModified":"2025-09-04T13:56:39+00:00","breadcrumb":{"@id":"https:\/\/infos-droitshumains.net\/?p=16260#breadcrumb"},"inLanguage":"fr-FR","potentialAction":[{"@type":"ReadAction","target":["https:\/\/infos-droitshumains.net\/?p=16260"]}]},{"@type":"ImageObject","inLanguage":"fr-FR","@id":"https:\/\/infos-droitshumains.net\/?p=16260#primaryimage","url":"https:\/\/i0.wp.com\/infos-droitshumains.net\/wp-content\/uploads\/2025\/09\/IMG-20250904-WA0009.jpg?fit=1032%2C688&ssl=1","contentUrl":"https:\/\/i0.wp.com\/infos-droitshumains.net\/wp-content\/uploads\/2025\/09\/IMG-20250904-WA0009.jpg?fit=1032%2C688&ssl=1","width":1032,"height":688},{"@type":"BreadcrumbList","@id":"https:\/\/infos-droitshumains.net\/?p=16260#breadcrumb","itemListElement":[{"@type":"ListItem","position":1,"name":"Accueil","item":"https:\/\/infos-droitshumains.net\/"},{"@type":"ListItem","position":2,"name":"Kongo-Central: Le Ministre Samuel Mbemba Kbuya annonce un atelier sur les droits humains \u00e0 Boma"}]},{"@type":"WebSite","@id":"https:\/\/infos-droitshumains.net\/#website","url":"https:\/\/infos-droitshumains.net\/","name":"Infos Droits Humains","description":"S&#039;informer est un droit","publisher":{"@id":"https:\/\/infos-droitshumains.net\/#organization"},"potentialAction":[{"@type":"SearchAction","target":{"@type":"EntryPoint","urlTemplate":"https:\/\/infos-droitshumains.net\/?s={search_term_string}"},"query-input":{"@type":"PropertyValueSpecification","valueRequired":true,"valueName":"search_term_string"}}],"inLanguage":"fr-FR"},{"@type":"Organization","@id":"https:\/\/infos-droitshumains.net\/#organization","name":"Infos Droits Humains","url":"https:\/\/infos-droitshumains.net\/","logo":{"@type":"ImageObject","inLanguage":"fr-FR","@id":"https:\/\/infos-droitshumains.net\/#\/schema\/logo\/image\/","url":"https:\/\/i0.wp.com\/infos-droitshumains.net\/wp-content\/uploads\/2022\/05\/Logo.png?fit=333%2C129&ssl=1","contentUrl":"https:\/\/i0.wp.com\/infos-droitshumains.net\/wp-content\/uploads\/2022\/05\/Logo.png?fit=333%2C129&ssl=1","width":333,"height":129,"caption":"Infos Droits Humains"},"image":{"@id":"https:\/\/infos-droitshumains.net\/#\/schema\/logo\/image\/"}},{"@type":"Person","@id":"https:\/\/infos-droitshumains.net\/#\/schema\/person\/3dc5e921c3302172e0ed4362f96faab7","name":"Jo\u00ebl Diawa","image":{"@type":"ImageObject","inLanguage":"fr-FR","@id":"https:\/\/secure.gravatar.com\/avatar\/729bea6ff4604c624417803c477363be8e3c7186deaa65713313f9b4b820f41c?s=96&d=mm&r=g","url":"https:\/\/secure.gravatar.com\/avatar\/729bea6ff4604c624417803c477363be8e3c7186deaa65713313f9b4b820f41c?s=96&d=mm&r=g","contentUrl":"https:\/\/secure.gravatar.com\/avatar\/729bea6ff4604c624417803c477363be8e3c7186deaa65713313f9b4b820f41c?s=96&d=mm&r=g","caption":"Jo\u00ebl Diawa"},"sameAs":["https:\/\/www.infos-droitshumains.net"],"url":"https:\/\/infos-droitshumains.net\/?author=2"}]}},"featured_image_urls":{"full":["https:\/\/i0.wp.com\/infos-droitshumains.net\/wp-content\/uploads\/2025\/09\/IMG-20250904-WA0009.jpg?fit=1032%2C688&ssl=1",1032,688,false],"thumbnail":["https:\/\/i0.wp.com\/infos-droitshumains.net\/wp-content\/uploads\/2025\/09\/IMG-20250904-WA0009.jpg?resize=150%2C150&ssl=1",150,150,true],"medium":["https:\/\/i0.wp.com\/infos-droitshumains.net\/wp-content\/uploads\/2025\/09\/IMG-20250904-WA0009.jpg?fit=300%2C200&ssl=1",300,200,true],"medium_large":["https:\/\/i0.wp.com\/infos-droitshumains.net\/wp-content\/uploads\/2025\/09\/IMG-20250904-WA0009.jpg?fit=640%2C427&ssl=1",640,427,true],"large":["https:\/\/i0.wp.com\/infos-droitshumains.net\/wp-content\/uploads\/2025\/09\/IMG-20250904-WA0009.jpg?fit=640%2C427&ssl=1",640,427,true],"1536x1536":["https:\/\/i0.wp.com\/infos-droitshumains.net\/wp-content\/uploads\/2025\/09\/IMG-20250904-WA0009.jpg?fit=1032%2C688&ssl=1",1032,688,true],"2048x2048":["https:\/\/i0.wp.com\/infos-droitshumains.net\/wp-content\/uploads\/2025\/09\/IMG-20250904-WA0009.jpg?fit=1032%2C688&ssl=1",1032,688,true],"covernews-slider-full":["https:\/\/i0.wp.com\/infos-droitshumains.net\/wp-content\/uploads\/2025\/09\/IMG-20250904-WA0009.jpg?resize=1032%2C688&ssl=1",1032,688,true],"covernews-slider-center":["https:\/\/i0.wp.com\/infos-droitshumains.net\/wp-content\/uploads\/2025\/09\/IMG-20250904-WA0009.jpg?resize=800%2C500&ssl=1",800,500,true],"covernews-featured":["https:\/\/i0.wp.com\/infos-droitshumains.net\/wp-content\/uploads\/2025\/09\/IMG-20250904-WA0009.jpg?fit=1024%2C683&ssl=1",1024,683,true],"covernews-medium":["https:\/\/i0.wp.com\/infos-droitshumains.net\/wp-content\/uploads\/2025\/09\/IMG-20250904-WA0009.jpg?resize=540%2C340&ssl=1",540,340,true],"covernews-medium-square":["https:\/\/i0.wp.com\/infos-droitshumains.net\/wp-content\/uploads\/2025\/09\/IMG-20250904-WA0009.jpg?resize=400%2C250&ssl=1",400,250,true]},"author_info":{"display_name":"Jo\u00ebl Diawa","author_link":"https:\/\/infos-droitshumains.net\/?author=2"},"category_info":"<a href=\"https:\/\/infos-droitshumains.net\/?cat=7\" rel=\"category\">Droits Humains<\/a>","tag_info":"Droits Humains","comment_count":"0","jetpack_featured_media_url":"https:\/\/i0.wp.com\/infos-droitshumains.net\/wp-content\/uploads\/2025\/09\/IMG-20250904-WA0009.jpg?fit=1032%2C688&ssl=1","jetpack-related-posts":[],"jetpack_sharing_enabled":true,"_links":{"self":[{"href":"https:\/\/infos-droitshumains.net\/index.php?rest_route=\/wp\/v2\/posts\/16260","targetHints":{"allow":["GET"]}}],"collection":[{"href":"https:\/\/infos-droitshumains.net\/index.php?rest_route=\/wp\/v2\/posts"}],"about":[{"href":"https:\/\/infos-droitshumains.net\/index.php?rest_route=\/wp\/v2\/types\/post"}],"author":[{"embeddable":true,"href":"https:\/\/infos-droitshumains.net\/index.php?rest_route=\/wp\/v2\/users\/2"}],"replies":[{"embeddable":true,"href":"https:\/\/infos-droitshumains.net\/index.php?rest_route=%2Fwp%2Fv2%2Fcomments&post=16260"}],"version-history":[{"count":2,"href":"https:\/\/infos-droitshumains.net\/index.php?rest_route=\/wp\/v2\/posts\/16260\/revisions"}],"predecessor-version":[{"id":16263,"href":"https:\/\/infos-droitshumains.net\/index.php?rest_route=\/wp\/v2\/posts\/16260\/revisions\/16263"}],"wp:featuredmedia":[{"embeddable":true,"href":"https:\/\/infos-droitshumains.net\/index.php?rest_route=\/wp\/v2\/media\/16262"}],"wp:attachment":[{"href":"https:\/\/infos-droitshumains.net\/index.php?rest_route=%2Fwp%2Fv2%2Fmedia&parent=16260"}],"wp:term":[{"taxonomy":"category","embeddable":true,"href":"https:\/\/infos-droitshumains.net\/index.php?rest_route=%2Fwp%2Fv2%2Fcategories&post=16260"},{"taxonomy":"post_tag","embeddable":true,"href":"https:\/\/infos-droitshumains.net\/index.php?rest_route=%2Fwp%2Fv2%2Ftags&post=16260"}],"curies":[{"name":"wp","href":"https:\/\/api.w.org\/{rel}","templated":true}]}}