{"id":16253,"date":"2025-09-04T00:35:52","date_gmt":"2025-09-03T22:35:52","guid":{"rendered":"https:\/\/infos-droitshumains.net\/?p=16253"},"modified":"2025-09-04T02:01:35","modified_gmt":"2025-09-04T00:01:35","slug":"rentree-scolaire-2025-2026-walim-foundation-plaide-pour-lintroduction-de-la-langue-des-signes-dans-le-programme","status":"publish","type":"post","link":"https:\/\/infos-droitshumains.net\/?p=16253","title":{"rendered":"Rentr\u00e9e scolaire 2025-2026\u00a0: Walim Foundation plaide pour l&rsquo;introduction de\u00a0 la langue des signes dans le programme"},"content":{"rendered":"\n<p><strong>R\u00e9daction: +243 817 406 088<\/strong><\/p>\n\n\n\n<h3 class=\"wp-block-heading has-vivid-red-color has-text-color has-link-color wp-elements-7d070e2dc6f498c67c371190be7c7310\">C&rsquo;est une rentr\u00e9e scolaire qui s&rsquo;ouvre, rentr\u00e9e scolaire&nbsp; avec un d\u00e9fi qui persiste : comment faire de l\u2019\u00e9cole un v\u00e9ritable espace d\u2019inclusion pour tous les enfants, y compris ceux qui vivent avec un handicap auditif. Pour Walim Foundation, la r\u00e9ponse passe par une mesure simple mais structurante : l\u2019int\u00e9gration de la langue des signes dans les programmes scolaires.<\/h3>\n\n\n\n<p><em>\u00ab L\u2019\u00e9cole doit \u00eatre un espace d\u2019\u00e9galit\u00e9 des chances pour tous les enfants. L\u2019introduction de la langue des signes est indispensable pour garantir le droit \u00e0 l\u2019\u00e9ducation des \u00e9l\u00e8ves sourds-muets et leur permettre de participer pleinement \u00e0 la vie sociale \u00bb<\/em>, affirme Myriam Waligbia, pr\u00e9sidente de la fondation.<\/p>\n\n\n\n<p>Pour cette activiste des droits de l&rsquo;homme, chaque ann\u00e9e, de nombreux enfants sourds-muets restent exclus des bancs de l\u2019\u00e9cole ou vivent une scolarit\u00e9 isol\u00e9e, faute d\u2019enseignants form\u00e9s et de camarades capables de communiquer avec eux. Cette barri\u00e8re invisible, mais puissante, freine leur apprentissage et fragilise leur confiance en soi.<\/p>\n\n\n\n<p><em>\u00ab Si la communaut\u00e9 \u00e9ducative-enseignants, \u00e9l\u00e8ves, encadreurs apprend la langue des signes, nous changeons la donne. Nous permettons aux enfants sourds de s\u2019exprimer librement, mais aussi \u00e0 leurs camarades de les comprendre et de les consid\u00e9rer comme des pairs \u00e0 part enti\u00e8re \u00bb<\/em>, poursuit-elle.<\/p>\n\n\n\n<p>L\u2019appel de Walim Foundation ne s\u2019adresse pas seulement aux autorit\u00e9s comp\u00e9tentes mais elle lance \u00e9galement un message fort aux familles des enfants vivant avec handicap auditif. Car l\u2019inclusion, rappelle sa pr\u00e9sidente, <em>\u00ab commence \u00e0 la maison \u00bb.<\/em> Apprendre \u00e0 communiquer avec son enfant sourd, c\u2019est lui offrir non seulement une place dans la famille, mais aussi les bases n\u00e9cessaires pour son int\u00e9gration et sa r\u00e9ussite dans la soci\u00e9t\u00e9.<\/p>\n\n\n\n<p>Dans cette dynamique, l\u2019organisation annonce le lancement, au cours de l\u2019ann\u00e9e scolaire, de s\u00e9ances de sensibilisation et de formation destin\u00e9es aussi bien aux familles qu\u2019aux enseignants. Objectif : construire des ponts de communication, l\u00e0 o\u00f9 trop souvent il y a des murs de silence.<\/p>\n\n\n\n<p>Avec ce plaidoyer, Walim Foundation poursuit son engagement pour l\u2019\u00e9galit\u00e9 des chances, la d\u00e9fense des droits des groupes vuln\u00e9rables et la promotion d\u2019une soci\u00e9t\u00e9 plus inclusive.<\/p>\n\n\n\n<p>La r\u00e9daction<\/p>\n","protected":false},"excerpt":{"rendered":"<p>R\u00e9daction: +243 817 406 088 C&rsquo;est une rentr\u00e9e scolaire qui s&rsquo;ouvre, rentr\u00e9e scolaire&nbsp; avec un&#8230;<\/p>\n","protected":false},"author":2,"featured_media":16256,"comment_status":"open","ping_status":"open","sticky":false,"template":"","format":"standard","meta":{"_jetpack_memberships_contains_paid_content":false,"footnotes":""},"categories":[7],"tags":[],"class_list":["post-16253","post","type-post","status-publish","format-standard","has-post-thumbnail","hentry","category-droits-humains"],"yoast_head":"<!-- This site is optimized with the Yoast SEO plugin v27.5 - https:\/\/yoast.com\/product\/yoast-seo-wordpress\/ -->\n<title>Rentr\u00e9e scolaire 2025-2026\u00a0: Walim Foundation plaide pour l&#039;introduction de\u00a0 la langue des signes dans le programme - Infos Droits Humains<\/title>\n<meta name=\"robots\" content=\"index, follow, max-snippet:-1, max-image-preview:large, max-video-preview:-1\" \/>\n<link rel=\"canonical\" href=\"https:\/\/infos-droitshumains.net\/?p=16253\" \/>\n<meta property=\"og:locale\" content=\"fr_FR\" \/>\n<meta property=\"og:type\" content=\"article\" \/>\n<meta property=\"og:title\" content=\"Rentr\u00e9e scolaire 2025-2026\u00a0: Walim Foundation plaide pour l&#039;introduction de\u00a0 la langue des signes dans le programme - Infos Droits Humains\" \/>\n<meta property=\"og:description\" content=\"R\u00e9daction: +243 817 406 088 C&rsquo;est une rentr\u00e9e scolaire qui s&rsquo;ouvre, rentr\u00e9e scolaire&nbsp; avec un...\" \/>\n<meta property=\"og:url\" content=\"https:\/\/infos-droitshumains.net\/?p=16253\" \/>\n<meta property=\"og:site_name\" content=\"Infos Droits Humains\" \/>\n<meta property=\"article:published_time\" content=\"2025-09-03T22:35:52+00:00\" \/>\n<meta property=\"article:modified_time\" content=\"2025-09-04T00:01:35+00:00\" \/>\n<meta property=\"og:image\" content=\"https:\/\/infos-droitshumains.net\/wp-content\/uploads\/2025\/09\/IMG-20250903-WA0070.jpg\" \/>\n\t<meta property=\"og:image:width\" content=\"2560\" \/>\n\t<meta property=\"og:image:height\" content=\"1566\" \/>\n\t<meta property=\"og:image:type\" content=\"image\/jpeg\" \/>\n<meta name=\"author\" content=\"Jo\u00ebl Diawa\" \/>\n<meta name=\"twitter:card\" content=\"summary_large_image\" \/>\n<meta name=\"twitter:label1\" content=\"\u00c9crit par\" \/>\n\t<meta name=\"twitter:data1\" content=\"Jo\u00ebl Diawa\" \/>\n\t<meta name=\"twitter:label2\" content=\"Dur\u00e9e de lecture estim\u00e9e\" \/>\n\t<meta name=\"twitter:data2\" content=\"2 minutes\" \/>\n<script type=\"application\/ld+json\" class=\"yoast-schema-graph\">{\"@context\":\"https:\\\/\\\/schema.org\",\"@graph\":[{\"@type\":\"Article\",\"@id\":\"https:\\\/\\\/infos-droitshumains.net\\\/?p=16253#article\",\"isPartOf\":{\"@id\":\"https:\\\/\\\/infos-droitshumains.net\\\/?p=16253\"},\"author\":{\"name\":\"Jo\u00ebl Diawa\",\"@id\":\"https:\\\/\\\/infos-droitshumains.net\\\/#\\\/schema\\\/person\\\/3dc5e921c3302172e0ed4362f96faab7\"},\"headline\":\"Rentr\u00e9e scolaire 2025-2026\u00a0: Walim Foundation plaide pour l&rsquo;introduction de\u00a0 la langue des signes dans le programme\",\"datePublished\":\"2025-09-03T22:35:52+00:00\",\"dateModified\":\"2025-09-04T00:01:35+00:00\",\"mainEntityOfPage\":{\"@id\":\"https:\\\/\\\/infos-droitshumains.net\\\/?p=16253\"},\"wordCount\":392,\"commentCount\":0,\"publisher\":{\"@id\":\"https:\\\/\\\/infos-droitshumains.net\\\/#organization\"},\"image\":{\"@id\":\"https:\\\/\\\/infos-droitshumains.net\\\/?p=16253#primaryimage\"},\"thumbnailUrl\":\"https:\\\/\\\/i0.wp.com\\\/infos-droitshumains.net\\\/wp-content\\\/uploads\\\/2025\\\/09\\\/IMG-20250903-WA0070.jpg?fit=2560%2C1566&ssl=1\",\"articleSection\":[\"Droits Humains\"],\"inLanguage\":\"fr-FR\",\"potentialAction\":[{\"@type\":\"CommentAction\",\"name\":\"Comment\",\"target\":[\"https:\\\/\\\/infos-droitshumains.net\\\/?p=16253#respond\"]}]},{\"@type\":\"WebPage\",\"@id\":\"https:\\\/\\\/infos-droitshumains.net\\\/?p=16253\",\"url\":\"https:\\\/\\\/infos-droitshumains.net\\\/?p=16253\",\"name\":\"Rentr\u00e9e scolaire 2025-2026\u00a0: Walim Foundation plaide pour l'introduction de\u00a0 la langue des signes dans le programme - Infos Droits Humains\",\"isPartOf\":{\"@id\":\"https:\\\/\\\/infos-droitshumains.net\\\/#website\"},\"primaryImageOfPage\":{\"@id\":\"https:\\\/\\\/infos-droitshumains.net\\\/?p=16253#primaryimage\"},\"image\":{\"@id\":\"https:\\\/\\\/infos-droitshumains.net\\\/?p=16253#primaryimage\"},\"thumbnailUrl\":\"https:\\\/\\\/i0.wp.com\\\/infos-droitshumains.net\\\/wp-content\\\/uploads\\\/2025\\\/09\\\/IMG-20250903-WA0070.jpg?fit=2560%2C1566&ssl=1\",\"datePublished\":\"2025-09-03T22:35:52+00:00\",\"dateModified\":\"2025-09-04T00:01:35+00:00\",\"breadcrumb\":{\"@id\":\"https:\\\/\\\/infos-droitshumains.net\\\/?p=16253#breadcrumb\"},\"inLanguage\":\"fr-FR\",\"potentialAction\":[{\"@type\":\"ReadAction\",\"target\":[\"https:\\\/\\\/infos-droitshumains.net\\\/?p=16253\"]}]},{\"@type\":\"ImageObject\",\"inLanguage\":\"fr-FR\",\"@id\":\"https:\\\/\\\/infos-droitshumains.net\\\/?p=16253#primaryimage\",\"url\":\"https:\\\/\\\/i0.wp.com\\\/infos-droitshumains.net\\\/wp-content\\\/uploads\\\/2025\\\/09\\\/IMG-20250903-WA0070.jpg?fit=2560%2C1566&ssl=1\",\"contentUrl\":\"https:\\\/\\\/i0.wp.com\\\/infos-droitshumains.net\\\/wp-content\\\/uploads\\\/2025\\\/09\\\/IMG-20250903-WA0070.jpg?fit=2560%2C1566&ssl=1\",\"width\":2560,\"height\":1566},{\"@type\":\"BreadcrumbList\",\"@id\":\"https:\\\/\\\/infos-droitshumains.net\\\/?p=16253#breadcrumb\",\"itemListElement\":[{\"@type\":\"ListItem\",\"position\":1,\"name\":\"Accueil\",\"item\":\"https:\\\/\\\/infos-droitshumains.net\\\/\"},{\"@type\":\"ListItem\",\"position\":2,\"name\":\"Rentr\u00e9e scolaire 2025-2026\u00a0: Walim Foundation plaide pour l&rsquo;introduction de\u00a0 la langue des signes dans le programme\"}]},{\"@type\":\"WebSite\",\"@id\":\"https:\\\/\\\/infos-droitshumains.net\\\/#website\",\"url\":\"https:\\\/\\\/infos-droitshumains.net\\\/\",\"name\":\"Infos Droits Humains\",\"description\":\"S&#039;informer est un droit\",\"publisher\":{\"@id\":\"https:\\\/\\\/infos-droitshumains.net\\\/#organization\"},\"potentialAction\":[{\"@type\":\"SearchAction\",\"target\":{\"@type\":\"EntryPoint\",\"urlTemplate\":\"https:\\\/\\\/infos-droitshumains.net\\\/?s={search_term_string}\"},\"query-input\":{\"@type\":\"PropertyValueSpecification\",\"valueRequired\":true,\"valueName\":\"search_term_string\"}}],\"inLanguage\":\"fr-FR\"},{\"@type\":\"Organization\",\"@id\":\"https:\\\/\\\/infos-droitshumains.net\\\/#organization\",\"name\":\"Infos Droits Humains\",\"url\":\"https:\\\/\\\/infos-droitshumains.net\\\/\",\"logo\":{\"@type\":\"ImageObject\",\"inLanguage\":\"fr-FR\",\"@id\":\"https:\\\/\\\/infos-droitshumains.net\\\/#\\\/schema\\\/logo\\\/image\\\/\",\"url\":\"https:\\\/\\\/i0.wp.com\\\/infos-droitshumains.net\\\/wp-content\\\/uploads\\\/2022\\\/05\\\/Logo.png?fit=333%2C129&ssl=1\",\"contentUrl\":\"https:\\\/\\\/i0.wp.com\\\/infos-droitshumains.net\\\/wp-content\\\/uploads\\\/2022\\\/05\\\/Logo.png?fit=333%2C129&ssl=1\",\"width\":333,\"height\":129,\"caption\":\"Infos Droits Humains\"},\"image\":{\"@id\":\"https:\\\/\\\/infos-droitshumains.net\\\/#\\\/schema\\\/logo\\\/image\\\/\"}},{\"@type\":\"Person\",\"@id\":\"https:\\\/\\\/infos-droitshumains.net\\\/#\\\/schema\\\/person\\\/3dc5e921c3302172e0ed4362f96faab7\",\"name\":\"Jo\u00ebl Diawa\",\"image\":{\"@type\":\"ImageObject\",\"inLanguage\":\"fr-FR\",\"@id\":\"https:\\\/\\\/secure.gravatar.com\\\/avatar\\\/729bea6ff4604c624417803c477363be8e3c7186deaa65713313f9b4b820f41c?s=96&d=mm&r=g\",\"url\":\"https:\\\/\\\/secure.gravatar.com\\\/avatar\\\/729bea6ff4604c624417803c477363be8e3c7186deaa65713313f9b4b820f41c?s=96&d=mm&r=g\",\"contentUrl\":\"https:\\\/\\\/secure.gravatar.com\\\/avatar\\\/729bea6ff4604c624417803c477363be8e3c7186deaa65713313f9b4b820f41c?s=96&d=mm&r=g\",\"caption\":\"Jo\u00ebl Diawa\"},\"sameAs\":[\"https:\\\/\\\/www.infos-droitshumains.net\"],\"url\":\"https:\\\/\\\/infos-droitshumains.net\\\/?author=2\"}]}<\/script>\n<!-- \/ Yoast SEO plugin. -->","yoast_head_json":{"title":"Rentr\u00e9e scolaire 2025-2026\u00a0: Walim Foundation plaide pour l'introduction de\u00a0 la langue des signes dans le programme - Infos Droits Humains","robots":{"index":"index","follow":"follow","max-snippet":"max-snippet:-1","max-image-preview":"max-image-preview:large","max-video-preview":"max-video-preview:-1"},"canonical":"https:\/\/infos-droitshumains.net\/?p=16253","og_locale":"fr_FR","og_type":"article","og_title":"Rentr\u00e9e scolaire 2025-2026\u00a0: Walim Foundation plaide pour l'introduction de\u00a0 la langue des signes dans le programme - Infos Droits Humains","og_description":"R\u00e9daction: +243 817 406 088 C&rsquo;est une rentr\u00e9e scolaire qui s&rsquo;ouvre, rentr\u00e9e scolaire&nbsp; avec un...","og_url":"https:\/\/infos-droitshumains.net\/?p=16253","og_site_name":"Infos Droits Humains","article_published_time":"2025-09-03T22:35:52+00:00","article_modified_time":"2025-09-04T00:01:35+00:00","og_image":[{"width":2560,"height":1566,"url":"https:\/\/infos-droitshumains.net\/wp-content\/uploads\/2025\/09\/IMG-20250903-WA0070.jpg","type":"image\/jpeg"}],"author":"Jo\u00ebl Diawa","twitter_card":"summary_large_image","twitter_misc":{"\u00c9crit par":"Jo\u00ebl Diawa","Dur\u00e9e de lecture estim\u00e9e":"2 minutes"},"schema":{"@context":"https:\/\/schema.org","@graph":[{"@type":"Article","@id":"https:\/\/infos-droitshumains.net\/?p=16253#article","isPartOf":{"@id":"https:\/\/infos-droitshumains.net\/?p=16253"},"author":{"name":"Jo\u00ebl Diawa","@id":"https:\/\/infos-droitshumains.net\/#\/schema\/person\/3dc5e921c3302172e0ed4362f96faab7"},"headline":"Rentr\u00e9e scolaire 2025-2026\u00a0: Walim Foundation plaide pour l&rsquo;introduction de\u00a0 la langue des signes dans le programme","datePublished":"2025-09-03T22:35:52+00:00","dateModified":"2025-09-04T00:01:35+00:00","mainEntityOfPage":{"@id":"https:\/\/infos-droitshumains.net\/?p=16253"},"wordCount":392,"commentCount":0,"publisher":{"@id":"https:\/\/infos-droitshumains.net\/#organization"},"image":{"@id":"https:\/\/infos-droitshumains.net\/?p=16253#primaryimage"},"thumbnailUrl":"https:\/\/i0.wp.com\/infos-droitshumains.net\/wp-content\/uploads\/2025\/09\/IMG-20250903-WA0070.jpg?fit=2560%2C1566&ssl=1","articleSection":["Droits Humains"],"inLanguage":"fr-FR","potentialAction":[{"@type":"CommentAction","name":"Comment","target":["https:\/\/infos-droitshumains.net\/?p=16253#respond"]}]},{"@type":"WebPage","@id":"https:\/\/infos-droitshumains.net\/?p=16253","url":"https:\/\/infos-droitshumains.net\/?p=16253","name":"Rentr\u00e9e scolaire 2025-2026\u00a0: Walim Foundation plaide pour l'introduction de\u00a0 la langue des signes dans le programme - Infos Droits Humains","isPartOf":{"@id":"https:\/\/infos-droitshumains.net\/#website"},"primaryImageOfPage":{"@id":"https:\/\/infos-droitshumains.net\/?p=16253#primaryimage"},"image":{"@id":"https:\/\/infos-droitshumains.net\/?p=16253#primaryimage"},"thumbnailUrl":"https:\/\/i0.wp.com\/infos-droitshumains.net\/wp-content\/uploads\/2025\/09\/IMG-20250903-WA0070.jpg?fit=2560%2C1566&ssl=1","datePublished":"2025-09-03T22:35:52+00:00","dateModified":"2025-09-04T00:01:35+00:00","breadcrumb":{"@id":"https:\/\/infos-droitshumains.net\/?p=16253#breadcrumb"},"inLanguage":"fr-FR","potentialAction":[{"@type":"ReadAction","target":["https:\/\/infos-droitshumains.net\/?p=16253"]}]},{"@type":"ImageObject","inLanguage":"fr-FR","@id":"https:\/\/infos-droitshumains.net\/?p=16253#primaryimage","url":"https:\/\/i0.wp.com\/infos-droitshumains.net\/wp-content\/uploads\/2025\/09\/IMG-20250903-WA0070.jpg?fit=2560%2C1566&ssl=1","contentUrl":"https:\/\/i0.wp.com\/infos-droitshumains.net\/wp-content\/uploads\/2025\/09\/IMG-20250903-WA0070.jpg?fit=2560%2C1566&ssl=1","width":2560,"height":1566},{"@type":"BreadcrumbList","@id":"https:\/\/infos-droitshumains.net\/?p=16253#breadcrumb","itemListElement":[{"@type":"ListItem","position":1,"name":"Accueil","item":"https:\/\/infos-droitshumains.net\/"},{"@type":"ListItem","position":2,"name":"Rentr\u00e9e scolaire 2025-2026\u00a0: Walim Foundation plaide pour l&rsquo;introduction de\u00a0 la langue des signes dans le programme"}]},{"@type":"WebSite","@id":"https:\/\/infos-droitshumains.net\/#website","url":"https:\/\/infos-droitshumains.net\/","name":"Infos Droits Humains","description":"S&#039;informer est un droit","publisher":{"@id":"https:\/\/infos-droitshumains.net\/#organization"},"potentialAction":[{"@type":"SearchAction","target":{"@type":"EntryPoint","urlTemplate":"https:\/\/infos-droitshumains.net\/?s={search_term_string}"},"query-input":{"@type":"PropertyValueSpecification","valueRequired":true,"valueName":"search_term_string"}}],"inLanguage":"fr-FR"},{"@type":"Organization","@id":"https:\/\/infos-droitshumains.net\/#organization","name":"Infos Droits Humains","url":"https:\/\/infos-droitshumains.net\/","logo":{"@type":"ImageObject","inLanguage":"fr-FR","@id":"https:\/\/infos-droitshumains.net\/#\/schema\/logo\/image\/","url":"https:\/\/i0.wp.com\/infos-droitshumains.net\/wp-content\/uploads\/2022\/05\/Logo.png?fit=333%2C129&ssl=1","contentUrl":"https:\/\/i0.wp.com\/infos-droitshumains.net\/wp-content\/uploads\/2022\/05\/Logo.png?fit=333%2C129&ssl=1","width":333,"height":129,"caption":"Infos Droits Humains"},"image":{"@id":"https:\/\/infos-droitshumains.net\/#\/schema\/logo\/image\/"}},{"@type":"Person","@id":"https:\/\/infos-droitshumains.net\/#\/schema\/person\/3dc5e921c3302172e0ed4362f96faab7","name":"Jo\u00ebl Diawa","image":{"@type":"ImageObject","inLanguage":"fr-FR","@id":"https:\/\/secure.gravatar.com\/avatar\/729bea6ff4604c624417803c477363be8e3c7186deaa65713313f9b4b820f41c?s=96&d=mm&r=g","url":"https:\/\/secure.gravatar.com\/avatar\/729bea6ff4604c624417803c477363be8e3c7186deaa65713313f9b4b820f41c?s=96&d=mm&r=g","contentUrl":"https:\/\/secure.gravatar.com\/avatar\/729bea6ff4604c624417803c477363be8e3c7186deaa65713313f9b4b820f41c?s=96&d=mm&r=g","caption":"Jo\u00ebl Diawa"},"sameAs":["https:\/\/www.infos-droitshumains.net"],"url":"https:\/\/infos-droitshumains.net\/?author=2"}]}},"featured_image_urls":{"full":["https:\/\/i0.wp.com\/infos-droitshumains.net\/wp-content\/uploads\/2025\/09\/IMG-20250903-WA0070.jpg?fit=2560%2C1566&ssl=1",2560,1566,false],"thumbnail":["https:\/\/i0.wp.com\/infos-droitshumains.net\/wp-content\/uploads\/2025\/09\/IMG-20250903-WA0070.jpg?resize=150%2C150&ssl=1",150,150,true],"medium":["https:\/\/i0.wp.com\/infos-droitshumains.net\/wp-content\/uploads\/2025\/09\/IMG-20250903-WA0070.jpg?fit=300%2C184&ssl=1",300,184,true],"medium_large":["https:\/\/i0.wp.com\/infos-droitshumains.net\/wp-content\/uploads\/2025\/09\/IMG-20250903-WA0070.jpg?fit=640%2C392&ssl=1",640,392,true],"large":["https:\/\/i0.wp.com\/infos-droitshumains.net\/wp-content\/uploads\/2025\/09\/IMG-20250903-WA0070.jpg?fit=640%2C391&ssl=1",640,391,true],"1536x1536":["https:\/\/i0.wp.com\/infos-droitshumains.net\/wp-content\/uploads\/2025\/09\/IMG-20250903-WA0070.jpg?fit=1536%2C940&ssl=1",1536,940,true],"2048x2048":["https:\/\/i0.wp.com\/infos-droitshumains.net\/wp-content\/uploads\/2025\/09\/IMG-20250903-WA0070.jpg?fit=2048%2C1253&ssl=1",2048,1253,true],"covernews-slider-full":["https:\/\/i0.wp.com\/infos-droitshumains.net\/wp-content\/uploads\/2025\/09\/IMG-20250903-WA0070.jpg?resize=1115%2C715&ssl=1",1115,715,true],"covernews-slider-center":["https:\/\/i0.wp.com\/infos-droitshumains.net\/wp-content\/uploads\/2025\/09\/IMG-20250903-WA0070.jpg?resize=800%2C500&ssl=1",800,500,true],"covernews-featured":["https:\/\/i0.wp.com\/infos-droitshumains.net\/wp-content\/uploads\/2025\/09\/IMG-20250903-WA0070.jpg?fit=1024%2C626&ssl=1",1024,626,true],"covernews-medium":["https:\/\/i0.wp.com\/infos-droitshumains.net\/wp-content\/uploads\/2025\/09\/IMG-20250903-WA0070.jpg?resize=540%2C340&ssl=1",540,340,true],"covernews-medium-square":["https:\/\/i0.wp.com\/infos-droitshumains.net\/wp-content\/uploads\/2025\/09\/IMG-20250903-WA0070.jpg?resize=400%2C250&ssl=1",400,250,true]},"author_info":{"display_name":"Jo\u00ebl Diawa","author_link":"https:\/\/infos-droitshumains.net\/?author=2"},"category_info":"<a href=\"https:\/\/infos-droitshumains.net\/?cat=7\" rel=\"category\">Droits Humains<\/a>","tag_info":"Droits Humains","comment_count":"0","jetpack_featured_media_url":"https:\/\/i0.wp.com\/infos-droitshumains.net\/wp-content\/uploads\/2025\/09\/IMG-20250903-WA0070.jpg?fit=2560%2C1566&ssl=1","jetpack-related-posts":[],"jetpack_sharing_enabled":true,"_links":{"self":[{"href":"https:\/\/infos-droitshumains.net\/index.php?rest_route=\/wp\/v2\/posts\/16253","targetHints":{"allow":["GET"]}}],"collection":[{"href":"https:\/\/infos-droitshumains.net\/index.php?rest_route=\/wp\/v2\/posts"}],"about":[{"href":"https:\/\/infos-droitshumains.net\/index.php?rest_route=\/wp\/v2\/types\/post"}],"author":[{"embeddable":true,"href":"https:\/\/infos-droitshumains.net\/index.php?rest_route=\/wp\/v2\/users\/2"}],"replies":[{"embeddable":true,"href":"https:\/\/infos-droitshumains.net\/index.php?rest_route=%2Fwp%2Fv2%2Fcomments&post=16253"}],"version-history":[{"count":4,"href":"https:\/\/infos-droitshumains.net\/index.php?rest_route=\/wp\/v2\/posts\/16253\/revisions"}],"predecessor-version":[{"id":16258,"href":"https:\/\/infos-droitshumains.net\/index.php?rest_route=\/wp\/v2\/posts\/16253\/revisions\/16258"}],"wp:featuredmedia":[{"embeddable":true,"href":"https:\/\/infos-droitshumains.net\/index.php?rest_route=\/wp\/v2\/media\/16256"}],"wp:attachment":[{"href":"https:\/\/infos-droitshumains.net\/index.php?rest_route=%2Fwp%2Fv2%2Fmedia&parent=16253"}],"wp:term":[{"taxonomy":"category","embeddable":true,"href":"https:\/\/infos-droitshumains.net\/index.php?rest_route=%2Fwp%2Fv2%2Fcategories&post=16253"},{"taxonomy":"post_tag","embeddable":true,"href":"https:\/\/infos-droitshumains.net\/index.php?rest_route=%2Fwp%2Fv2%2Ftags&post=16253"}],"curies":[{"name":"wp","href":"https:\/\/api.w.org\/{rel}","templated":true}]}}