{"id":1622,"date":"2022-01-22T23:56:35","date_gmt":"2022-01-22T22:56:35","guid":{"rendered":"https:\/\/infos-droitshumains.net\/?p=1622"},"modified":"2023-04-06T12:11:01","modified_gmt":"2023-04-06T10:11:01","slug":"deuxieme-edition-de-la-journee-scientifique-doc-et-juris-droit-ressources-naturelles-et-developpement-de-la-rdc-au-coeur-du-debat","status":"publish","type":"post","link":"https:\/\/infos-droitshumains.net\/?p=1622","title":{"rendered":"Deuxi\u00e8me \u00e9dition de la journ\u00e9e scientifique Doc et Juris : Droit, ressources naturelles et d\u00e9veloppement de la RDC au c\u0153ur du d\u00e9bat"},"content":{"rendered":"\n<p><strong>R\u00e9daction:+243817406088<\/strong><\/p>\n\n\n\n<p>La R\u00e9publique D\u00e9mocratique du Congo est l\u2019un des pays les plus riches du monde en terme des ressources naturelles du sol et du sous sol. En d\u00e9pit de cette richesse, sa population reste l\u2019une des plus pauvres au monde. Ses ressources naturelles \u00e9chouent \u00e0 servir sa population. Pourquoi cette inad\u00e9quation ? Quel est l\u2019\u00e9tat du droit sur les ressources naturelles eu \u00e9gard aux enjeux de d\u00e9veloppement de la RDC ?<\/p>\n\n\n\n<p>Pour r\u00e9pondre \u00e0 ces pr\u00e9occupations, la revue scientifique juridique \u00ab\u00a0<strong>Doc et Juris<\/strong>\u00a0\u00bb a consacr\u00e9 une journ\u00e9e scientifique ce vendredi 21 janvier \u00e0 Kinshasa sous le th\u00e8me : \u00ab <em><strong>Droit, ressources naturelles et D\u00e9veloppement de la R\u00e9publique D\u00e9mocratique du Congo<\/strong><\/em> \u00bb.<\/p>\n\n\n\n<p>Cette journ\u00e9e scientifique, la deuxi\u00e8me de la s\u00e9rie a r\u00e9pondu \u00e0 cette pr\u00e9occupation \u00e0-travers les th\u00e8mes qui ont \u00e9t\u00e9 abord\u00e9s.<\/p>\n\n\n\n<p>Pour Ma\u00eetre Herv\u00e9 Michel Bia Buetusiwa, co-fondateur et directeur ex\u00e9cutif de Doc et Juris, cette journ\u00e9e permet aux participants de contribuer d\u2019une mani\u00e8re o\u00f9 d\u2019une autre pour que les richesses naturelles de la RDC profitent aux congolais :<\/p>\n\n\n\n<p><em><strong>\u00abCette fois-ci, nous avons voulu que les r\u00e9flexions portent sur l&rsquo;\u00e9tat du droit congolais des ressources naturelles, parce-que nous sommes un pays \u00e0 fort potentiel des ressources naturelles, mais malheureusement, il y a une certaine inad\u00e9quation entre ces ressources et la richesse mat\u00e9rielle. Chaque secteur de la vie doit contribuer \u00e0 ce que nos ressources puissent b\u00e9n\u00e9ficier \u00e0 la population  Il faut r\u00e9fl\u00e9chir si notre droit favorise r\u00e9ellement une meilleure ad\u00e9quation entre les ressources que nous avons et la richesse que nous devons en tirer\u00bb<\/strong><\/em> \u00e0-t-il d\u00e9clar\u00e9 en abordant la th\u00e9matique sur les contentieux du droit des ressources naturelles en RDC.<\/p>\n\n\n\n<p>Son lui, au sortir de cette journ\u00e9e scientifique, il faut avoir <em><strong>\u00abdes id\u00e9es claires sur ces mati\u00e8res et \u00e9videmment faire des propositions qui seront prise en compte dans les r\u00e9formes qui vont venir\u00bb.<\/strong><\/em><\/p>\n\n\n\n<p>Les circonstances ayant permises que le ministre d\u2019\u00c9tat, ministre de l&rsquo;am\u00e9nagement du territoire soit parrain de ses assises et que le ministre du num\u00e9rique soit intervenu. L\u2019organisateur esp\u00e8re que leur participation est un encouragement afin de croire que les r\u00e9flexions qui ont eu lieu tout au long de cette journ\u00e9e scientifique <strong><em>\u00abpourraient avoir un \u00e9cho au pr\u00e8s des dirigeants\u00bb.<\/em><\/strong><\/p>\n\n\n\n<p>Le ministre d\u2019\u00c9tat, ministre de l\u2019am\u00e9nagement du territoire, parrain de cette \u00e9v\u00e9nement a abord\u00e9 les perspectives de la politique gouvernementale en mati\u00e8re de gestion des ressources naturelles et d\u00e9veloppement des espaces physiques. Guy Loando Mboyo a rassur\u00e9 que \u00ab\u00a0<strong>le plan national de l\u2019am\u00e9nagement du territoire<\/strong>\u00a0\u00bb est un outil n\u00e9cessaire dans la gestion de l\u2019espace physique en RDC. Ce plan est compos\u00e9 entre autre \u00ab<strong><em>d\u2019une loi, d\u2019un guide m\u00e9thodologique et du sch\u00e9ma national du territoire\u00bb<\/em><\/strong>.<\/p>\n\n\n\n<p>Le professeur Dieudonn\u00e9 Kaluba pr\u00e9sident de la cour constitutionnelle qui a ouvert les assises, a invit\u00e9 les participants \u00e0 s\u2019approprier le cadre juridique des ressources naturelles afin d\u2019en \u00eatre les ma\u00eetres:<\/p>\n\n\n\n<p><strong><em>\u00abLorsque nous \u00e9tions tous \u00e0 l\u2019\u00e9cole, on nous disait que le Congo est un scandale g\u00e9ologique. Mais curieusement lorsque vous prenez tous les programmes universitaires, nous n\u2019avons aucun cours qui \u00e9tudie ces ressources. Ce qui est scandaleux. Vous arrivez par exemple l\u2019universit\u00e9 de Mbankana, vous ne voyez aucune facult\u00e9 qui s\u2019occupe du bois, alors que c\u2019est la premi\u00e8re richesse de la province, \u00e0 Mbuji-Mayi, il n\u2019y a aucune universit\u00e9 qui enseigne le diamant alors que c\u2019est la premi\u00e8re province productrice du diamant etc\u2026 Il y a plut\u00f4t une raison fondamentale de conna\u00eetre le cadre juridique de ces ressources naturelles parce-qu\u2019en r\u00e9alit\u00e9, on est ma\u00eetre de ce qu\u2019on connait\u00a0\u00bb.<\/em><\/strong><\/p>\n\n\n\n<p>Il a par ailleurs justifi\u00e9 sa pr\u00e9sence par le fait de vouloir c\u00e9l\u00e9brer le professeur Gaston Kabwa Kabwe Th\u00e9th\u00e9 co-fondateur de la revue Doc et Juris d\u00e9c\u00e9d\u00e9 en juin dernier :<\/p>\n\n\n\n<p><em><strong>\u00abL\u2019engagement de c\u00e9l\u00e9brer la vie du fondeur de cette initiative. Notre coll\u00e8gue, Kabwa Kabwe Th\u00e9th\u00e9. La mani\u00e8re de c\u00e9l\u00e9brer cette initiative qui lui appartient, c\u2019est d\u2019\u00eatre pr\u00e9sent et continuer \u00e0 participer chaque ann\u00e9e\u00bb.<\/strong><\/em><\/p>\n\n\n\n<p>Au cours de cette m\u00eame journ\u00e9e scientifique, la premi\u00e8re \u00e9dition du prix scientifique professeur Gaston Kabwa Kabwe a \u00e9t\u00e9 remis \u00e0 trois laur\u00e9ats sur les cinq candidats retenus sur la liste finale. La palme a \u00e9t\u00e9 remport\u00e9e par Bafwa Katombe, \u00e9tudiants \u00e0 l&rsquo;Universit\u00e9 Officiel de Bukavu.<\/p>\n\n\n\n<p>Jo\u00ebl Diawa<\/p>\n","protected":false},"excerpt":{"rendered":"<p>R\u00e9daction:+243817406088 La R\u00e9publique D\u00e9mocratique du Congo est l\u2019un des pays les plus riches du monde&#8230;<\/p>\n","protected":false},"author":2,"featured_media":0,"comment_status":"closed","ping_status":"open","sticky":false,"template":"","format":"standard","meta":{"_jetpack_memberships_contains_paid_content":false,"footnotes":""},"categories":[1],"tags":[],"class_list":["post-1622","post","type-post","status-publish","format-standard","hentry","category-non-classe"],"yoast_head":"<!-- This site is optimized with the Yoast SEO plugin v27.5 - https:\/\/yoast.com\/product\/yoast-seo-wordpress\/ -->\n<title>Deuxi\u00e8me \u00e9dition de la journ\u00e9e scientifique Doc et Juris : Droit, ressources naturelles et d\u00e9veloppement de la RDC au c\u0153ur du d\u00e9bat - Infos Droits Humains<\/title>\n<meta name=\"robots\" content=\"index, follow, max-snippet:-1, max-image-preview:large, max-video-preview:-1\" \/>\n<link rel=\"canonical\" href=\"https:\/\/infos-droitshumains.net\/?p=1622\" \/>\n<meta property=\"og:locale\" content=\"fr_FR\" \/>\n<meta property=\"og:type\" content=\"article\" \/>\n<meta property=\"og:title\" content=\"Deuxi\u00e8me \u00e9dition de la journ\u00e9e scientifique Doc et Juris : Droit, ressources naturelles et d\u00e9veloppement de la RDC au c\u0153ur du d\u00e9bat - Infos Droits Humains\" \/>\n<meta property=\"og:description\" content=\"R\u00e9daction:+243817406088 La R\u00e9publique D\u00e9mocratique du Congo est l\u2019un des pays les plus riches du monde...\" \/>\n<meta property=\"og:url\" content=\"https:\/\/infos-droitshumains.net\/?p=1622\" \/>\n<meta property=\"og:site_name\" content=\"Infos Droits Humains\" \/>\n<meta property=\"article:published_time\" content=\"2022-01-22T22:56:35+00:00\" \/>\n<meta property=\"article:modified_time\" content=\"2023-04-06T10:11:01+00:00\" \/>\n<meta name=\"author\" content=\"Jo\u00ebl Diawa\" \/>\n<meta name=\"twitter:card\" content=\"summary_large_image\" \/>\n<meta name=\"twitter:label1\" content=\"\u00c9crit par\" \/>\n\t<meta name=\"twitter:data1\" content=\"Jo\u00ebl Diawa\" \/>\n\t<meta name=\"twitter:label2\" content=\"Dur\u00e9e de lecture estim\u00e9e\" \/>\n\t<meta name=\"twitter:data2\" content=\"4 minutes\" \/>\n<script type=\"application\/ld+json\" class=\"yoast-schema-graph\">{\"@context\":\"https:\\\/\\\/schema.org\",\"@graph\":[{\"@type\":\"Article\",\"@id\":\"https:\\\/\\\/infos-droitshumains.net\\\/?p=1622#article\",\"isPartOf\":{\"@id\":\"https:\\\/\\\/infos-droitshumains.net\\\/?p=1622\"},\"author\":{\"name\":\"Jo\u00ebl Diawa\",\"@id\":\"https:\\\/\\\/infos-droitshumains.net\\\/#\\\/schema\\\/person\\\/3dc5e921c3302172e0ed4362f96faab7\"},\"headline\":\"Deuxi\u00e8me \u00e9dition de la journ\u00e9e scientifique Doc et Juris : Droit, ressources naturelles et d\u00e9veloppement de la RDC au c\u0153ur du d\u00e9bat\",\"datePublished\":\"2022-01-22T22:56:35+00:00\",\"dateModified\":\"2023-04-06T10:11:01+00:00\",\"mainEntityOfPage\":{\"@id\":\"https:\\\/\\\/infos-droitshumains.net\\\/?p=1622\"},\"wordCount\":803,\"publisher\":{\"@id\":\"https:\\\/\\\/infos-droitshumains.net\\\/#organization\"},\"inLanguage\":\"fr-FR\"},{\"@type\":\"WebPage\",\"@id\":\"https:\\\/\\\/infos-droitshumains.net\\\/?p=1622\",\"url\":\"https:\\\/\\\/infos-droitshumains.net\\\/?p=1622\",\"name\":\"Deuxi\u00e8me \u00e9dition de la journ\u00e9e scientifique Doc et Juris : Droit, ressources naturelles et d\u00e9veloppement de la RDC au c\u0153ur du d\u00e9bat - Infos Droits Humains\",\"isPartOf\":{\"@id\":\"https:\\\/\\\/infos-droitshumains.net\\\/#website\"},\"datePublished\":\"2022-01-22T22:56:35+00:00\",\"dateModified\":\"2023-04-06T10:11:01+00:00\",\"breadcrumb\":{\"@id\":\"https:\\\/\\\/infos-droitshumains.net\\\/?p=1622#breadcrumb\"},\"inLanguage\":\"fr-FR\",\"potentialAction\":[{\"@type\":\"ReadAction\",\"target\":[\"https:\\\/\\\/infos-droitshumains.net\\\/?p=1622\"]}]},{\"@type\":\"BreadcrumbList\",\"@id\":\"https:\\\/\\\/infos-droitshumains.net\\\/?p=1622#breadcrumb\",\"itemListElement\":[{\"@type\":\"ListItem\",\"position\":1,\"name\":\"Accueil\",\"item\":\"https:\\\/\\\/infos-droitshumains.net\\\/\"},{\"@type\":\"ListItem\",\"position\":2,\"name\":\"Deuxi\u00e8me \u00e9dition de la journ\u00e9e scientifique Doc et Juris : Droit, ressources naturelles et d\u00e9veloppement de la RDC au c\u0153ur du d\u00e9bat\"}]},{\"@type\":\"WebSite\",\"@id\":\"https:\\\/\\\/infos-droitshumains.net\\\/#website\",\"url\":\"https:\\\/\\\/infos-droitshumains.net\\\/\",\"name\":\"Infos Droits Humains\",\"description\":\"S&#039;informer est un droit\",\"publisher\":{\"@id\":\"https:\\\/\\\/infos-droitshumains.net\\\/#organization\"},\"potentialAction\":[{\"@type\":\"SearchAction\",\"target\":{\"@type\":\"EntryPoint\",\"urlTemplate\":\"https:\\\/\\\/infos-droitshumains.net\\\/?s={search_term_string}\"},\"query-input\":{\"@type\":\"PropertyValueSpecification\",\"valueRequired\":true,\"valueName\":\"search_term_string\"}}],\"inLanguage\":\"fr-FR\"},{\"@type\":\"Organization\",\"@id\":\"https:\\\/\\\/infos-droitshumains.net\\\/#organization\",\"name\":\"Infos Droits Humains\",\"url\":\"https:\\\/\\\/infos-droitshumains.net\\\/\",\"logo\":{\"@type\":\"ImageObject\",\"inLanguage\":\"fr-FR\",\"@id\":\"https:\\\/\\\/infos-droitshumains.net\\\/#\\\/schema\\\/logo\\\/image\\\/\",\"url\":\"https:\\\/\\\/i0.wp.com\\\/infos-droitshumains.net\\\/wp-content\\\/uploads\\\/2022\\\/05\\\/Logo.png?fit=333%2C129&ssl=1\",\"contentUrl\":\"https:\\\/\\\/i0.wp.com\\\/infos-droitshumains.net\\\/wp-content\\\/uploads\\\/2022\\\/05\\\/Logo.png?fit=333%2C129&ssl=1\",\"width\":333,\"height\":129,\"caption\":\"Infos Droits Humains\"},\"image\":{\"@id\":\"https:\\\/\\\/infos-droitshumains.net\\\/#\\\/schema\\\/logo\\\/image\\\/\"}},{\"@type\":\"Person\",\"@id\":\"https:\\\/\\\/infos-droitshumains.net\\\/#\\\/schema\\\/person\\\/3dc5e921c3302172e0ed4362f96faab7\",\"name\":\"Jo\u00ebl Diawa\",\"image\":{\"@type\":\"ImageObject\",\"inLanguage\":\"fr-FR\",\"@id\":\"https:\\\/\\\/secure.gravatar.com\\\/avatar\\\/729bea6ff4604c624417803c477363be8e3c7186deaa65713313f9b4b820f41c?s=96&d=mm&r=g\",\"url\":\"https:\\\/\\\/secure.gravatar.com\\\/avatar\\\/729bea6ff4604c624417803c477363be8e3c7186deaa65713313f9b4b820f41c?s=96&d=mm&r=g\",\"contentUrl\":\"https:\\\/\\\/secure.gravatar.com\\\/avatar\\\/729bea6ff4604c624417803c477363be8e3c7186deaa65713313f9b4b820f41c?s=96&d=mm&r=g\",\"caption\":\"Jo\u00ebl Diawa\"},\"sameAs\":[\"https:\\\/\\\/www.infos-droitshumains.net\"],\"url\":\"https:\\\/\\\/infos-droitshumains.net\\\/?author=2\"}]}<\/script>\n<!-- \/ Yoast SEO plugin. -->","yoast_head_json":{"title":"Deuxi\u00e8me \u00e9dition de la journ\u00e9e scientifique Doc et Juris : Droit, ressources naturelles et d\u00e9veloppement de la RDC au c\u0153ur du d\u00e9bat - Infos Droits Humains","robots":{"index":"index","follow":"follow","max-snippet":"max-snippet:-1","max-image-preview":"max-image-preview:large","max-video-preview":"max-video-preview:-1"},"canonical":"https:\/\/infos-droitshumains.net\/?p=1622","og_locale":"fr_FR","og_type":"article","og_title":"Deuxi\u00e8me \u00e9dition de la journ\u00e9e scientifique Doc et Juris : Droit, ressources naturelles et d\u00e9veloppement de la RDC au c\u0153ur du d\u00e9bat - Infos Droits Humains","og_description":"R\u00e9daction:+243817406088 La R\u00e9publique D\u00e9mocratique du Congo est l\u2019un des pays les plus riches du monde...","og_url":"https:\/\/infos-droitshumains.net\/?p=1622","og_site_name":"Infos Droits Humains","article_published_time":"2022-01-22T22:56:35+00:00","article_modified_time":"2023-04-06T10:11:01+00:00","author":"Jo\u00ebl Diawa","twitter_card":"summary_large_image","twitter_misc":{"\u00c9crit par":"Jo\u00ebl Diawa","Dur\u00e9e de lecture estim\u00e9e":"4 minutes"},"schema":{"@context":"https:\/\/schema.org","@graph":[{"@type":"Article","@id":"https:\/\/infos-droitshumains.net\/?p=1622#article","isPartOf":{"@id":"https:\/\/infos-droitshumains.net\/?p=1622"},"author":{"name":"Jo\u00ebl Diawa","@id":"https:\/\/infos-droitshumains.net\/#\/schema\/person\/3dc5e921c3302172e0ed4362f96faab7"},"headline":"Deuxi\u00e8me \u00e9dition de la journ\u00e9e scientifique Doc et Juris : Droit, ressources naturelles et d\u00e9veloppement de la RDC au c\u0153ur du d\u00e9bat","datePublished":"2022-01-22T22:56:35+00:00","dateModified":"2023-04-06T10:11:01+00:00","mainEntityOfPage":{"@id":"https:\/\/infos-droitshumains.net\/?p=1622"},"wordCount":803,"publisher":{"@id":"https:\/\/infos-droitshumains.net\/#organization"},"inLanguage":"fr-FR"},{"@type":"WebPage","@id":"https:\/\/infos-droitshumains.net\/?p=1622","url":"https:\/\/infos-droitshumains.net\/?p=1622","name":"Deuxi\u00e8me \u00e9dition de la journ\u00e9e scientifique Doc et Juris : Droit, ressources naturelles et d\u00e9veloppement de la RDC au c\u0153ur du d\u00e9bat - Infos Droits Humains","isPartOf":{"@id":"https:\/\/infos-droitshumains.net\/#website"},"datePublished":"2022-01-22T22:56:35+00:00","dateModified":"2023-04-06T10:11:01+00:00","breadcrumb":{"@id":"https:\/\/infos-droitshumains.net\/?p=1622#breadcrumb"},"inLanguage":"fr-FR","potentialAction":[{"@type":"ReadAction","target":["https:\/\/infos-droitshumains.net\/?p=1622"]}]},{"@type":"BreadcrumbList","@id":"https:\/\/infos-droitshumains.net\/?p=1622#breadcrumb","itemListElement":[{"@type":"ListItem","position":1,"name":"Accueil","item":"https:\/\/infos-droitshumains.net\/"},{"@type":"ListItem","position":2,"name":"Deuxi\u00e8me \u00e9dition de la journ\u00e9e scientifique Doc et Juris : Droit, ressources naturelles et d\u00e9veloppement de la RDC au c\u0153ur du d\u00e9bat"}]},{"@type":"WebSite","@id":"https:\/\/infos-droitshumains.net\/#website","url":"https:\/\/infos-droitshumains.net\/","name":"Infos Droits Humains","description":"S&#039;informer est un droit","publisher":{"@id":"https:\/\/infos-droitshumains.net\/#organization"},"potentialAction":[{"@type":"SearchAction","target":{"@type":"EntryPoint","urlTemplate":"https:\/\/infos-droitshumains.net\/?s={search_term_string}"},"query-input":{"@type":"PropertyValueSpecification","valueRequired":true,"valueName":"search_term_string"}}],"inLanguage":"fr-FR"},{"@type":"Organization","@id":"https:\/\/infos-droitshumains.net\/#organization","name":"Infos Droits Humains","url":"https:\/\/infos-droitshumains.net\/","logo":{"@type":"ImageObject","inLanguage":"fr-FR","@id":"https:\/\/infos-droitshumains.net\/#\/schema\/logo\/image\/","url":"https:\/\/i0.wp.com\/infos-droitshumains.net\/wp-content\/uploads\/2022\/05\/Logo.png?fit=333%2C129&ssl=1","contentUrl":"https:\/\/i0.wp.com\/infos-droitshumains.net\/wp-content\/uploads\/2022\/05\/Logo.png?fit=333%2C129&ssl=1","width":333,"height":129,"caption":"Infos Droits Humains"},"image":{"@id":"https:\/\/infos-droitshumains.net\/#\/schema\/logo\/image\/"}},{"@type":"Person","@id":"https:\/\/infos-droitshumains.net\/#\/schema\/person\/3dc5e921c3302172e0ed4362f96faab7","name":"Jo\u00ebl Diawa","image":{"@type":"ImageObject","inLanguage":"fr-FR","@id":"https:\/\/secure.gravatar.com\/avatar\/729bea6ff4604c624417803c477363be8e3c7186deaa65713313f9b4b820f41c?s=96&d=mm&r=g","url":"https:\/\/secure.gravatar.com\/avatar\/729bea6ff4604c624417803c477363be8e3c7186deaa65713313f9b4b820f41c?s=96&d=mm&r=g","contentUrl":"https:\/\/secure.gravatar.com\/avatar\/729bea6ff4604c624417803c477363be8e3c7186deaa65713313f9b4b820f41c?s=96&d=mm&r=g","caption":"Jo\u00ebl Diawa"},"sameAs":["https:\/\/www.infos-droitshumains.net"],"url":"https:\/\/infos-droitshumains.net\/?author=2"}]}},"featured_image_urls":{"full":"","thumbnail":"","medium":"","medium_large":"","large":"","1536x1536":"","2048x2048":"","covernews-slider-full":"","covernews-slider-center":"","covernews-featured":"","covernews-medium":"","covernews-medium-square":""},"author_info":{"display_name":"Jo\u00ebl Diawa","author_link":"https:\/\/infos-droitshumains.net\/?author=2"},"category_info":"<a href=\"https:\/\/infos-droitshumains.net\/?cat=1\" rel=\"category\">Non class\u00e9<\/a>","tag_info":"Non class\u00e9","comment_count":"0","jetpack_featured_media_url":"","jetpack-related-posts":[],"jetpack_sharing_enabled":true,"_links":{"self":[{"href":"https:\/\/infos-droitshumains.net\/index.php?rest_route=\/wp\/v2\/posts\/1622","targetHints":{"allow":["GET"]}}],"collection":[{"href":"https:\/\/infos-droitshumains.net\/index.php?rest_route=\/wp\/v2\/posts"}],"about":[{"href":"https:\/\/infos-droitshumains.net\/index.php?rest_route=\/wp\/v2\/types\/post"}],"author":[{"embeddable":true,"href":"https:\/\/infos-droitshumains.net\/index.php?rest_route=\/wp\/v2\/users\/2"}],"replies":[{"embeddable":true,"href":"https:\/\/infos-droitshumains.net\/index.php?rest_route=%2Fwp%2Fv2%2Fcomments&post=1622"}],"version-history":[{"count":4,"href":"https:\/\/infos-droitshumains.net\/index.php?rest_route=\/wp\/v2\/posts\/1622\/revisions"}],"predecessor-version":[{"id":1627,"href":"https:\/\/infos-droitshumains.net\/index.php?rest_route=\/wp\/v2\/posts\/1622\/revisions\/1627"}],"wp:attachment":[{"href":"https:\/\/infos-droitshumains.net\/index.php?rest_route=%2Fwp%2Fv2%2Fmedia&parent=1622"}],"wp:term":[{"taxonomy":"category","embeddable":true,"href":"https:\/\/infos-droitshumains.net\/index.php?rest_route=%2Fwp%2Fv2%2Fcategories&post=1622"},{"taxonomy":"post_tag","embeddable":true,"href":"https:\/\/infos-droitshumains.net\/index.php?rest_route=%2Fwp%2Fv2%2Ftags&post=1622"}],"curies":[{"name":"wp","href":"https:\/\/api.w.org\/{rel}","templated":true}]}}