{"id":16180,"date":"2025-08-30T03:29:33","date_gmt":"2025-08-30T01:29:33","guid":{"rendered":"https:\/\/infos-droitshumains.net\/?p=16180"},"modified":"2025-08-30T03:34:33","modified_gmt":"2025-08-30T01:34:33","slug":"plaidoyer-pour-legalite-des-chances-a-quelques-jours-de-la-rentree-scolaire-walim-foundation-sengage-pour-linclusion-scolaire-des-enfants-orphelins-et-sourds-muets-a-kins","status":"publish","type":"post","link":"https:\/\/infos-droitshumains.net\/?p=16180","title":{"rendered":"Plaidoyer pour l\u2019\u00e9galit\u00e9 des chances : A quelques jours de la rentr\u00e9e scolaire, Walim Foundation s\u2019engage pour l\u2019inclusion scolaire des enfants orphelins et sourds-muets \u00e0 Kinshasa"},"content":{"rendered":"\n<p><strong>R\u00e9daction: +243 817 406 088<\/strong><\/p>\n\n\n\n<h3 class=\"wp-block-heading has-vivid-red-color has-text-color has-link-color wp-elements-77a5cb3de10603da93cc82a88ba0f90b\">En R\u00e9publique D\u00e9mocratique du Congo, des milliers d\u2019enfants parmi les plus vuln\u00e9rables continuent de se heurter \u00e0 de s\u00e9rieux obstacles dans l\u2019acc\u00e8s \u00e0 l\u2019\u00e9ducation de base en d\u00e9pit de sa gratuit\u00e9. C\u2019est notamment le cas des orphelins de l\u2019orphelinat Bomoko et des \u00e9l\u00e8ves de l\u2019Institut pour Sourds-Muets de Kinshasa (ISMK), dont la scolarit\u00e9 est marqu\u00e9e par l\u2019in\u00e9galit\u00e9 des chances, le manque criant de ressources et une stigmatisation persistante.<\/h3>\n\n\n\n<p>Consciente de cette r\u00e9alit\u00e9 pr\u00e9occupante, Walim Foundation a lanc\u00e9 \u00e0 Kinshasa, un appel vibrant en faveur de l\u2019inclusion scolaire de ces enfants afin de pourvoir les garantir une \u00e9ducation de qualit\u00e9, dispens\u00e9e dans des conditions dignes et \u00e9quitables.<\/p>\n\n\n\n<p><em>\u00ab L\u2019\u00e9cole doit rester un lieu d\u2019espoir et de construction d\u2019avenir pour tous les enfants, sans exception \u00bb<\/em>, a soulign\u00e9 Myriam Waligbia, Pr\u00e9sidente de Walim Foundation.<\/p>\n\n\n\n<figure class=\"wp-block-image alignfull size-large\"><img data-recalc-dims=\"1\" fetchpriority=\"high\" decoding=\"async\" width=\"640\" height=\"961\" src=\"https:\/\/i0.wp.com\/infos-droitshumains.net\/wp-content\/uploads\/2025\/08\/1000316567.jpg?resize=640%2C961&#038;ssl=1\" alt=\"\" class=\"wp-image-16184\" srcset=\"https:\/\/i0.wp.com\/infos-droitshumains.net\/wp-content\/uploads\/2025\/08\/1000316567.jpg?resize=682%2C1024&amp;ssl=1 682w, https:\/\/i0.wp.com\/infos-droitshumains.net\/wp-content\/uploads\/2025\/08\/1000316567.jpg?resize=200%2C300&amp;ssl=1 200w, https:\/\/i0.wp.com\/infos-droitshumains.net\/wp-content\/uploads\/2025\/08\/1000316567.jpg?resize=768%2C1152&amp;ssl=1 768w, https:\/\/i0.wp.com\/infos-droitshumains.net\/wp-content\/uploads\/2025\/08\/1000316567.jpg?resize=1024%2C1537&amp;ssl=1 1024w, https:\/\/i0.wp.com\/infos-droitshumains.net\/wp-content\/uploads\/2025\/08\/1000316567.jpg?resize=1365%2C2048&amp;ssl=1 1365w, https:\/\/i0.wp.com\/infos-droitshumains.net\/wp-content\/uploads\/2025\/08\/1000316567.jpg?w=1706&amp;ssl=1 1706w, https:\/\/i0.wp.com\/infos-droitshumains.net\/wp-content\/uploads\/2025\/08\/1000316567.jpg?w=1280&amp;ssl=1 1280w\" sizes=\"(max-width: 640px) 100vw, 640px\" \/><\/figure>\n\n\n\n<p>S\u2019appuyant sur les engagements internationaux de la RDC, notamment la Convention relative aux droits de l\u2019enfant et la Convention relative aux droits des personnes handicap\u00e9es, elle a par ailleurs rappel\u00e9 la responsabilit\u00e9 \u00e9tatique et des partenaires sociaux dans la mise en \u0153uvre de mesures concr\u00e8tes pour assurer l\u2019\u00e9galit\u00e9 des chances.<\/p>\n\n\n\n<p>Les orphelins, souvent confront\u00e9s \u00e0 la pauvret\u00e9, l\u2019ins\u00e9curit\u00e9 affective et l\u2019absence de soutien familial, commencent leur parcours scolaire avec un handicap certain. De leur c\u00f4t\u00e9, les enfants sourds-muets continuent de subir des pr\u00e9jug\u00e9s tenaces et un manque cruel de dispositifs adapt\u00e9s tels que, les manuels sp\u00e9cifiques, les interpr\u00e8tes en langue des signes, ou encore l\u2019encadrement sp\u00e9cialis\u00e9.<\/p>\n\n\n\n<p>Pour inverser cette tendance, Walim Foundation recommande une s\u00e9rie d\u2019actions prioritaires notamment, <strong><em>\u2018\u2019la formation des enseignants aux pratiques de l\u2019\u00e9ducation inclusive ; la dotation des \u00e9tablissements de ressources p\u00e9dagogiques adapt\u00e9es ainsi que le renforcement de l\u2019accompagnement psychop\u00e9dagogique des \u00e9l\u00e8ves les plus vuln\u00e9rables.\u2019\u2019<\/em><\/strong><\/p>\n\n\n\n<figure class=\"wp-block-image alignfull size-large\"><img data-recalc-dims=\"1\" decoding=\"async\" width=\"640\" height=\"426\" src=\"https:\/\/i0.wp.com\/infos-droitshumains.net\/wp-content\/uploads\/2025\/08\/1000316575.jpg?resize=640%2C426&#038;ssl=1\" alt=\"\" class=\"wp-image-16185\" srcset=\"https:\/\/i0.wp.com\/infos-droitshumains.net\/wp-content\/uploads\/2025\/08\/1000316575.jpg?resize=1024%2C682&amp;ssl=1 1024w, https:\/\/i0.wp.com\/infos-droitshumains.net\/wp-content\/uploads\/2025\/08\/1000316575.jpg?resize=300%2C200&amp;ssl=1 300w, https:\/\/i0.wp.com\/infos-droitshumains.net\/wp-content\/uploads\/2025\/08\/1000316575.jpg?resize=768%2C512&amp;ssl=1 768w, https:\/\/i0.wp.com\/infos-droitshumains.net\/wp-content\/uploads\/2025\/08\/1000316575.jpg?resize=1536%2C1024&amp;ssl=1 1536w, https:\/\/i0.wp.com\/infos-droitshumains.net\/wp-content\/uploads\/2025\/08\/1000316575.jpg?resize=2048%2C1365&amp;ssl=1 2048w, https:\/\/i0.wp.com\/infos-droitshumains.net\/wp-content\/uploads\/2025\/08\/1000316575.jpg?w=1280&amp;ssl=1 1280w, https:\/\/i0.wp.com\/infos-droitshumains.net\/wp-content\/uploads\/2025\/08\/1000316575.jpg?w=1920&amp;ssl=1 1920w\" sizes=\"(max-width: 640px) 100vw, 640px\" \/><\/figure>\n\n\n\n<p>L\u2019enjeu reste de taille : favoriser la r\u00e9ussite scolaire, renforcer la confiance en soi, pr\u00e9venir le d\u00e9crochage et, \u00e0 long terme, lutter contre l\u2019exclusion sociale. Une \u00e9cole inclusive n\u2019est pas seulement b\u00e9n\u00e9fique pour les enfants concern\u00e9s ; elle profite \u00e0 l\u2019ensemble de la communaut\u00e9 \u00e9ducative en cultivant la tol\u00e9rance, la solidarit\u00e9 et l\u2019empathie.<\/p>\n\n\n\n<p><em>\u00abInvestir dans l\u2019inclusion scolaire, c\u2019est b\u00e2tir une soci\u00e9t\u00e9 plus juste, plus pacifique et plus solidaire \u00bb<\/em>, a insist\u00e9 la Pr\u00e9sidente de Walim Foundation.<\/p>\n\n\n\n<p>\u00c0 travers ce plaidoyer, la Fondation invite les autorit\u00e9s publiques, la soci\u00e9t\u00e9 civile ainsi que les partenaires techniques et financiers \u00e0 unir leurs efforts afin que plus aucun enfant congolais ne soit laiss\u00e9 au bord du chemin.<\/p>\n\n\n\n<figure class=\"wp-block-image alignfull size-large\"><img data-recalc-dims=\"1\" decoding=\"async\" width=\"640\" height=\"426\" src=\"https:\/\/i0.wp.com\/infos-droitshumains.net\/wp-content\/uploads\/2025\/08\/1000316569.jpg?resize=640%2C426&#038;ssl=1\" alt=\"\" class=\"wp-image-16186\" srcset=\"https:\/\/i0.wp.com\/infos-droitshumains.net\/wp-content\/uploads\/2025\/08\/1000316569.jpg?resize=1024%2C682&amp;ssl=1 1024w, https:\/\/i0.wp.com\/infos-droitshumains.net\/wp-content\/uploads\/2025\/08\/1000316569.jpg?resize=300%2C200&amp;ssl=1 300w, https:\/\/i0.wp.com\/infos-droitshumains.net\/wp-content\/uploads\/2025\/08\/1000316569.jpg?resize=768%2C512&amp;ssl=1 768w, https:\/\/i0.wp.com\/infos-droitshumains.net\/wp-content\/uploads\/2025\/08\/1000316569.jpg?resize=1536%2C1024&amp;ssl=1 1536w, https:\/\/i0.wp.com\/infos-droitshumains.net\/wp-content\/uploads\/2025\/08\/1000316569.jpg?resize=2048%2C1365&amp;ssl=1 2048w, https:\/\/i0.wp.com\/infos-droitshumains.net\/wp-content\/uploads\/2025\/08\/1000316569.jpg?w=1280&amp;ssl=1 1280w, https:\/\/i0.wp.com\/infos-droitshumains.net\/wp-content\/uploads\/2025\/08\/1000316569.jpg?w=1920&amp;ssl=1 1920w\" sizes=\"(max-width: 640px) 100vw, 640px\" \/><\/figure>\n\n\n\n<p>Ce plaidoyer qui intervient \u00e0 la veille de la rentr\u00e9e scolaire 2025-2026, t\u00e9moigne de l\u2019engagement sans faille de cette organisation sans but lucratif en faveur d\u2019une \u00e9ducation plus inclusive, et de&nbsp;sa volont\u00e9 de voir les enfants vuln\u00e9rables, b\u00e9n\u00e9fici\u00e9s des m\u00eames avantages que toute la soci\u00e9t\u00e9 sans exception.<\/p>\n\n\n\n<p>Jo\u00ebl Diawa<\/p>\n","protected":false},"excerpt":{"rendered":"<p>R\u00e9daction: +243 817 406 088 En R\u00e9publique D\u00e9mocratique du Congo, des milliers d\u2019enfants parmi les&#8230;<\/p>\n","protected":false},"author":2,"featured_media":16182,"comment_status":"open","ping_status":"open","sticky":false,"template":"","format":"standard","meta":{"_jetpack_memberships_contains_paid_content":false,"footnotes":""},"categories":[7],"tags":[],"class_list":["post-16180","post","type-post","status-publish","format-standard","has-post-thumbnail","hentry","category-droits-humains"],"yoast_head":"<!-- This site is optimized with the Yoast SEO plugin v27.5 - https:\/\/yoast.com\/product\/yoast-seo-wordpress\/ -->\n<title>Plaidoyer pour l\u2019\u00e9galit\u00e9 des chances : A quelques jours de la rentr\u00e9e scolaire, Walim Foundation s\u2019engage pour l\u2019inclusion scolaire des enfants orphelins et sourds-muets \u00e0 Kinshasa - Infos Droits Humains<\/title>\n<meta name=\"robots\" content=\"index, follow, max-snippet:-1, max-image-preview:large, max-video-preview:-1\" \/>\n<link rel=\"canonical\" href=\"https:\/\/infos-droitshumains.net\/?p=16180\" \/>\n<meta property=\"og:locale\" content=\"fr_FR\" \/>\n<meta property=\"og:type\" content=\"article\" \/>\n<meta property=\"og:title\" content=\"Plaidoyer pour l\u2019\u00e9galit\u00e9 des chances : A quelques jours de la rentr\u00e9e scolaire, Walim Foundation s\u2019engage pour l\u2019inclusion scolaire des enfants orphelins et sourds-muets \u00e0 Kinshasa - Infos Droits Humains\" \/>\n<meta property=\"og:description\" content=\"R\u00e9daction: +243 817 406 088 En R\u00e9publique D\u00e9mocratique du Congo, des milliers d\u2019enfants parmi les...\" \/>\n<meta property=\"og:url\" content=\"https:\/\/infos-droitshumains.net\/?p=16180\" \/>\n<meta property=\"og:site_name\" content=\"Infos Droits Humains\" \/>\n<meta property=\"article:published_time\" content=\"2025-08-30T01:29:33+00:00\" \/>\n<meta property=\"article:modified_time\" content=\"2025-08-30T01:34:33+00:00\" \/>\n<meta property=\"og:image\" content=\"https:\/\/infos-droitshumains.net\/wp-content\/uploads\/2025\/08\/IMG-20250828-WA0042.jpg\" \/>\n\t<meta property=\"og:image:width\" content=\"2560\" \/>\n\t<meta property=\"og:image:height\" content=\"1706\" \/>\n\t<meta property=\"og:image:type\" content=\"image\/jpeg\" \/>\n<meta name=\"author\" content=\"Jo\u00ebl Diawa\" \/>\n<meta name=\"twitter:card\" content=\"summary_large_image\" \/>\n<meta name=\"twitter:label1\" content=\"\u00c9crit par\" \/>\n\t<meta name=\"twitter:data1\" content=\"Jo\u00ebl Diawa\" \/>\n\t<meta name=\"twitter:label2\" content=\"Dur\u00e9e de lecture estim\u00e9e\" \/>\n\t<meta name=\"twitter:data2\" content=\"4 minutes\" \/>\n<script type=\"application\/ld+json\" class=\"yoast-schema-graph\">{\"@context\":\"https:\\\/\\\/schema.org\",\"@graph\":[{\"@type\":\"Article\",\"@id\":\"https:\\\/\\\/infos-droitshumains.net\\\/?p=16180#article\",\"isPartOf\":{\"@id\":\"https:\\\/\\\/infos-droitshumains.net\\\/?p=16180\"},\"author\":{\"name\":\"Jo\u00ebl Diawa\",\"@id\":\"https:\\\/\\\/infos-droitshumains.net\\\/#\\\/schema\\\/person\\\/3dc5e921c3302172e0ed4362f96faab7\"},\"headline\":\"Plaidoyer pour l\u2019\u00e9galit\u00e9 des chances : A quelques jours de la rentr\u00e9e scolaire, Walim Foundation s\u2019engage pour l\u2019inclusion scolaire des enfants orphelins et sourds-muets \u00e0 Kinshasa\",\"datePublished\":\"2025-08-30T01:29:33+00:00\",\"dateModified\":\"2025-08-30T01:34:33+00:00\",\"mainEntityOfPage\":{\"@id\":\"https:\\\/\\\/infos-droitshumains.net\\\/?p=16180\"},\"wordCount\":539,\"commentCount\":0,\"publisher\":{\"@id\":\"https:\\\/\\\/infos-droitshumains.net\\\/#organization\"},\"image\":{\"@id\":\"https:\\\/\\\/infos-droitshumains.net\\\/?p=16180#primaryimage\"},\"thumbnailUrl\":\"https:\\\/\\\/i0.wp.com\\\/infos-droitshumains.net\\\/wp-content\\\/uploads\\\/2025\\\/08\\\/IMG-20250828-WA0042.jpg?fit=2560%2C1706&ssl=1\",\"articleSection\":[\"Droits Humains\"],\"inLanguage\":\"fr-FR\",\"potentialAction\":[{\"@type\":\"CommentAction\",\"name\":\"Comment\",\"target\":[\"https:\\\/\\\/infos-droitshumains.net\\\/?p=16180#respond\"]}]},{\"@type\":\"WebPage\",\"@id\":\"https:\\\/\\\/infos-droitshumains.net\\\/?p=16180\",\"url\":\"https:\\\/\\\/infos-droitshumains.net\\\/?p=16180\",\"name\":\"Plaidoyer pour l\u2019\u00e9galit\u00e9 des chances : A quelques jours de la rentr\u00e9e scolaire, Walim Foundation s\u2019engage pour l\u2019inclusion scolaire des enfants orphelins et sourds-muets \u00e0 Kinshasa - Infos Droits Humains\",\"isPartOf\":{\"@id\":\"https:\\\/\\\/infos-droitshumains.net\\\/#website\"},\"primaryImageOfPage\":{\"@id\":\"https:\\\/\\\/infos-droitshumains.net\\\/?p=16180#primaryimage\"},\"image\":{\"@id\":\"https:\\\/\\\/infos-droitshumains.net\\\/?p=16180#primaryimage\"},\"thumbnailUrl\":\"https:\\\/\\\/i0.wp.com\\\/infos-droitshumains.net\\\/wp-content\\\/uploads\\\/2025\\\/08\\\/IMG-20250828-WA0042.jpg?fit=2560%2C1706&ssl=1\",\"datePublished\":\"2025-08-30T01:29:33+00:00\",\"dateModified\":\"2025-08-30T01:34:33+00:00\",\"breadcrumb\":{\"@id\":\"https:\\\/\\\/infos-droitshumains.net\\\/?p=16180#breadcrumb\"},\"inLanguage\":\"fr-FR\",\"potentialAction\":[{\"@type\":\"ReadAction\",\"target\":[\"https:\\\/\\\/infos-droitshumains.net\\\/?p=16180\"]}]},{\"@type\":\"ImageObject\",\"inLanguage\":\"fr-FR\",\"@id\":\"https:\\\/\\\/infos-droitshumains.net\\\/?p=16180#primaryimage\",\"url\":\"https:\\\/\\\/i0.wp.com\\\/infos-droitshumains.net\\\/wp-content\\\/uploads\\\/2025\\\/08\\\/IMG-20250828-WA0042.jpg?fit=2560%2C1706&ssl=1\",\"contentUrl\":\"https:\\\/\\\/i0.wp.com\\\/infos-droitshumains.net\\\/wp-content\\\/uploads\\\/2025\\\/08\\\/IMG-20250828-WA0042.jpg?fit=2560%2C1706&ssl=1\",\"width\":2560,\"height\":1706},{\"@type\":\"BreadcrumbList\",\"@id\":\"https:\\\/\\\/infos-droitshumains.net\\\/?p=16180#breadcrumb\",\"itemListElement\":[{\"@type\":\"ListItem\",\"position\":1,\"name\":\"Accueil\",\"item\":\"https:\\\/\\\/infos-droitshumains.net\\\/\"},{\"@type\":\"ListItem\",\"position\":2,\"name\":\"Plaidoyer pour l\u2019\u00e9galit\u00e9 des chances : A quelques jours de la rentr\u00e9e scolaire, Walim Foundation s\u2019engage pour l\u2019inclusion scolaire des enfants orphelins et sourds-muets \u00e0 Kinshasa\"}]},{\"@type\":\"WebSite\",\"@id\":\"https:\\\/\\\/infos-droitshumains.net\\\/#website\",\"url\":\"https:\\\/\\\/infos-droitshumains.net\\\/\",\"name\":\"Infos Droits Humains\",\"description\":\"S&#039;informer est un droit\",\"publisher\":{\"@id\":\"https:\\\/\\\/infos-droitshumains.net\\\/#organization\"},\"potentialAction\":[{\"@type\":\"SearchAction\",\"target\":{\"@type\":\"EntryPoint\",\"urlTemplate\":\"https:\\\/\\\/infos-droitshumains.net\\\/?s={search_term_string}\"},\"query-input\":{\"@type\":\"PropertyValueSpecification\",\"valueRequired\":true,\"valueName\":\"search_term_string\"}}],\"inLanguage\":\"fr-FR\"},{\"@type\":\"Organization\",\"@id\":\"https:\\\/\\\/infos-droitshumains.net\\\/#organization\",\"name\":\"Infos Droits Humains\",\"url\":\"https:\\\/\\\/infos-droitshumains.net\\\/\",\"logo\":{\"@type\":\"ImageObject\",\"inLanguage\":\"fr-FR\",\"@id\":\"https:\\\/\\\/infos-droitshumains.net\\\/#\\\/schema\\\/logo\\\/image\\\/\",\"url\":\"https:\\\/\\\/i0.wp.com\\\/infos-droitshumains.net\\\/wp-content\\\/uploads\\\/2022\\\/05\\\/Logo.png?fit=333%2C129&ssl=1\",\"contentUrl\":\"https:\\\/\\\/i0.wp.com\\\/infos-droitshumains.net\\\/wp-content\\\/uploads\\\/2022\\\/05\\\/Logo.png?fit=333%2C129&ssl=1\",\"width\":333,\"height\":129,\"caption\":\"Infos Droits Humains\"},\"image\":{\"@id\":\"https:\\\/\\\/infos-droitshumains.net\\\/#\\\/schema\\\/logo\\\/image\\\/\"}},{\"@type\":\"Person\",\"@id\":\"https:\\\/\\\/infos-droitshumains.net\\\/#\\\/schema\\\/person\\\/3dc5e921c3302172e0ed4362f96faab7\",\"name\":\"Jo\u00ebl Diawa\",\"image\":{\"@type\":\"ImageObject\",\"inLanguage\":\"fr-FR\",\"@id\":\"https:\\\/\\\/secure.gravatar.com\\\/avatar\\\/729bea6ff4604c624417803c477363be8e3c7186deaa65713313f9b4b820f41c?s=96&d=mm&r=g\",\"url\":\"https:\\\/\\\/secure.gravatar.com\\\/avatar\\\/729bea6ff4604c624417803c477363be8e3c7186deaa65713313f9b4b820f41c?s=96&d=mm&r=g\",\"contentUrl\":\"https:\\\/\\\/secure.gravatar.com\\\/avatar\\\/729bea6ff4604c624417803c477363be8e3c7186deaa65713313f9b4b820f41c?s=96&d=mm&r=g\",\"caption\":\"Jo\u00ebl Diawa\"},\"sameAs\":[\"https:\\\/\\\/www.infos-droitshumains.net\"],\"url\":\"https:\\\/\\\/infos-droitshumains.net\\\/?author=2\"}]}<\/script>\n<!-- \/ Yoast SEO plugin. -->","yoast_head_json":{"title":"Plaidoyer pour l\u2019\u00e9galit\u00e9 des chances : A quelques jours de la rentr\u00e9e scolaire, Walim Foundation s\u2019engage pour l\u2019inclusion scolaire des enfants orphelins et sourds-muets \u00e0 Kinshasa - Infos Droits Humains","robots":{"index":"index","follow":"follow","max-snippet":"max-snippet:-1","max-image-preview":"max-image-preview:large","max-video-preview":"max-video-preview:-1"},"canonical":"https:\/\/infos-droitshumains.net\/?p=16180","og_locale":"fr_FR","og_type":"article","og_title":"Plaidoyer pour l\u2019\u00e9galit\u00e9 des chances : A quelques jours de la rentr\u00e9e scolaire, Walim Foundation s\u2019engage pour l\u2019inclusion scolaire des enfants orphelins et sourds-muets \u00e0 Kinshasa - Infos Droits Humains","og_description":"R\u00e9daction: +243 817 406 088 En R\u00e9publique D\u00e9mocratique du Congo, des milliers d\u2019enfants parmi les...","og_url":"https:\/\/infos-droitshumains.net\/?p=16180","og_site_name":"Infos Droits Humains","article_published_time":"2025-08-30T01:29:33+00:00","article_modified_time":"2025-08-30T01:34:33+00:00","og_image":[{"width":2560,"height":1706,"url":"https:\/\/infos-droitshumains.net\/wp-content\/uploads\/2025\/08\/IMG-20250828-WA0042.jpg","type":"image\/jpeg"}],"author":"Jo\u00ebl Diawa","twitter_card":"summary_large_image","twitter_misc":{"\u00c9crit par":"Jo\u00ebl Diawa","Dur\u00e9e de lecture estim\u00e9e":"4 minutes"},"schema":{"@context":"https:\/\/schema.org","@graph":[{"@type":"Article","@id":"https:\/\/infos-droitshumains.net\/?p=16180#article","isPartOf":{"@id":"https:\/\/infos-droitshumains.net\/?p=16180"},"author":{"name":"Jo\u00ebl Diawa","@id":"https:\/\/infos-droitshumains.net\/#\/schema\/person\/3dc5e921c3302172e0ed4362f96faab7"},"headline":"Plaidoyer pour l\u2019\u00e9galit\u00e9 des chances : A quelques jours de la rentr\u00e9e scolaire, Walim Foundation s\u2019engage pour l\u2019inclusion scolaire des enfants orphelins et sourds-muets \u00e0 Kinshasa","datePublished":"2025-08-30T01:29:33+00:00","dateModified":"2025-08-30T01:34:33+00:00","mainEntityOfPage":{"@id":"https:\/\/infos-droitshumains.net\/?p=16180"},"wordCount":539,"commentCount":0,"publisher":{"@id":"https:\/\/infos-droitshumains.net\/#organization"},"image":{"@id":"https:\/\/infos-droitshumains.net\/?p=16180#primaryimage"},"thumbnailUrl":"https:\/\/i0.wp.com\/infos-droitshumains.net\/wp-content\/uploads\/2025\/08\/IMG-20250828-WA0042.jpg?fit=2560%2C1706&ssl=1","articleSection":["Droits Humains"],"inLanguage":"fr-FR","potentialAction":[{"@type":"CommentAction","name":"Comment","target":["https:\/\/infos-droitshumains.net\/?p=16180#respond"]}]},{"@type":"WebPage","@id":"https:\/\/infos-droitshumains.net\/?p=16180","url":"https:\/\/infos-droitshumains.net\/?p=16180","name":"Plaidoyer pour l\u2019\u00e9galit\u00e9 des chances : A quelques jours de la rentr\u00e9e scolaire, Walim Foundation s\u2019engage pour l\u2019inclusion scolaire des enfants orphelins et sourds-muets \u00e0 Kinshasa - Infos Droits Humains","isPartOf":{"@id":"https:\/\/infos-droitshumains.net\/#website"},"primaryImageOfPage":{"@id":"https:\/\/infos-droitshumains.net\/?p=16180#primaryimage"},"image":{"@id":"https:\/\/infos-droitshumains.net\/?p=16180#primaryimage"},"thumbnailUrl":"https:\/\/i0.wp.com\/infos-droitshumains.net\/wp-content\/uploads\/2025\/08\/IMG-20250828-WA0042.jpg?fit=2560%2C1706&ssl=1","datePublished":"2025-08-30T01:29:33+00:00","dateModified":"2025-08-30T01:34:33+00:00","breadcrumb":{"@id":"https:\/\/infos-droitshumains.net\/?p=16180#breadcrumb"},"inLanguage":"fr-FR","potentialAction":[{"@type":"ReadAction","target":["https:\/\/infos-droitshumains.net\/?p=16180"]}]},{"@type":"ImageObject","inLanguage":"fr-FR","@id":"https:\/\/infos-droitshumains.net\/?p=16180#primaryimage","url":"https:\/\/i0.wp.com\/infos-droitshumains.net\/wp-content\/uploads\/2025\/08\/IMG-20250828-WA0042.jpg?fit=2560%2C1706&ssl=1","contentUrl":"https:\/\/i0.wp.com\/infos-droitshumains.net\/wp-content\/uploads\/2025\/08\/IMG-20250828-WA0042.jpg?fit=2560%2C1706&ssl=1","width":2560,"height":1706},{"@type":"BreadcrumbList","@id":"https:\/\/infos-droitshumains.net\/?p=16180#breadcrumb","itemListElement":[{"@type":"ListItem","position":1,"name":"Accueil","item":"https:\/\/infos-droitshumains.net\/"},{"@type":"ListItem","position":2,"name":"Plaidoyer pour l\u2019\u00e9galit\u00e9 des chances : A quelques jours de la rentr\u00e9e scolaire, Walim Foundation s\u2019engage pour l\u2019inclusion scolaire des enfants orphelins et sourds-muets \u00e0 Kinshasa"}]},{"@type":"WebSite","@id":"https:\/\/infos-droitshumains.net\/#website","url":"https:\/\/infos-droitshumains.net\/","name":"Infos Droits Humains","description":"S&#039;informer est un droit","publisher":{"@id":"https:\/\/infos-droitshumains.net\/#organization"},"potentialAction":[{"@type":"SearchAction","target":{"@type":"EntryPoint","urlTemplate":"https:\/\/infos-droitshumains.net\/?s={search_term_string}"},"query-input":{"@type":"PropertyValueSpecification","valueRequired":true,"valueName":"search_term_string"}}],"inLanguage":"fr-FR"},{"@type":"Organization","@id":"https:\/\/infos-droitshumains.net\/#organization","name":"Infos Droits Humains","url":"https:\/\/infos-droitshumains.net\/","logo":{"@type":"ImageObject","inLanguage":"fr-FR","@id":"https:\/\/infos-droitshumains.net\/#\/schema\/logo\/image\/","url":"https:\/\/i0.wp.com\/infos-droitshumains.net\/wp-content\/uploads\/2022\/05\/Logo.png?fit=333%2C129&ssl=1","contentUrl":"https:\/\/i0.wp.com\/infos-droitshumains.net\/wp-content\/uploads\/2022\/05\/Logo.png?fit=333%2C129&ssl=1","width":333,"height":129,"caption":"Infos Droits Humains"},"image":{"@id":"https:\/\/infos-droitshumains.net\/#\/schema\/logo\/image\/"}},{"@type":"Person","@id":"https:\/\/infos-droitshumains.net\/#\/schema\/person\/3dc5e921c3302172e0ed4362f96faab7","name":"Jo\u00ebl Diawa","image":{"@type":"ImageObject","inLanguage":"fr-FR","@id":"https:\/\/secure.gravatar.com\/avatar\/729bea6ff4604c624417803c477363be8e3c7186deaa65713313f9b4b820f41c?s=96&d=mm&r=g","url":"https:\/\/secure.gravatar.com\/avatar\/729bea6ff4604c624417803c477363be8e3c7186deaa65713313f9b4b820f41c?s=96&d=mm&r=g","contentUrl":"https:\/\/secure.gravatar.com\/avatar\/729bea6ff4604c624417803c477363be8e3c7186deaa65713313f9b4b820f41c?s=96&d=mm&r=g","caption":"Jo\u00ebl Diawa"},"sameAs":["https:\/\/www.infos-droitshumains.net"],"url":"https:\/\/infos-droitshumains.net\/?author=2"}]}},"featured_image_urls":{"full":["https:\/\/i0.wp.com\/infos-droitshumains.net\/wp-content\/uploads\/2025\/08\/IMG-20250828-WA0042.jpg?fit=2560%2C1706&ssl=1",2560,1706,false],"thumbnail":["https:\/\/i0.wp.com\/infos-droitshumains.net\/wp-content\/uploads\/2025\/08\/IMG-20250828-WA0042.jpg?resize=150%2C150&ssl=1",150,150,true],"medium":["https:\/\/i0.wp.com\/infos-droitshumains.net\/wp-content\/uploads\/2025\/08\/IMG-20250828-WA0042.jpg?fit=300%2C200&ssl=1",300,200,true],"medium_large":["https:\/\/i0.wp.com\/infos-droitshumains.net\/wp-content\/uploads\/2025\/08\/IMG-20250828-WA0042.jpg?fit=640%2C427&ssl=1",640,427,true],"large":["https:\/\/i0.wp.com\/infos-droitshumains.net\/wp-content\/uploads\/2025\/08\/IMG-20250828-WA0042.jpg?fit=640%2C426&ssl=1",640,426,true],"1536x1536":["https:\/\/i0.wp.com\/infos-droitshumains.net\/wp-content\/uploads\/2025\/08\/IMG-20250828-WA0042.jpg?fit=1536%2C1024&ssl=1",1536,1024,true],"2048x2048":["https:\/\/i0.wp.com\/infos-droitshumains.net\/wp-content\/uploads\/2025\/08\/IMG-20250828-WA0042.jpg?fit=2048%2C1365&ssl=1",2048,1365,true],"covernews-slider-full":["https:\/\/i0.wp.com\/infos-droitshumains.net\/wp-content\/uploads\/2025\/08\/IMG-20250828-WA0042.jpg?resize=1115%2C715&ssl=1",1115,715,true],"covernews-slider-center":["https:\/\/i0.wp.com\/infos-droitshumains.net\/wp-content\/uploads\/2025\/08\/IMG-20250828-WA0042.jpg?resize=800%2C500&ssl=1",800,500,true],"covernews-featured":["https:\/\/i0.wp.com\/infos-droitshumains.net\/wp-content\/uploads\/2025\/08\/IMG-20250828-WA0042.jpg?fit=1024%2C682&ssl=1",1024,682,true],"covernews-medium":["https:\/\/i0.wp.com\/infos-droitshumains.net\/wp-content\/uploads\/2025\/08\/IMG-20250828-WA0042.jpg?resize=540%2C340&ssl=1",540,340,true],"covernews-medium-square":["https:\/\/i0.wp.com\/infos-droitshumains.net\/wp-content\/uploads\/2025\/08\/IMG-20250828-WA0042.jpg?resize=400%2C250&ssl=1",400,250,true]},"author_info":{"display_name":"Jo\u00ebl Diawa","author_link":"https:\/\/infos-droitshumains.net\/?author=2"},"category_info":"<a href=\"https:\/\/infos-droitshumains.net\/?cat=7\" rel=\"category\">Droits Humains<\/a>","tag_info":"Droits Humains","comment_count":"0","jetpack_featured_media_url":"https:\/\/i0.wp.com\/infos-droitshumains.net\/wp-content\/uploads\/2025\/08\/IMG-20250828-WA0042.jpg?fit=2560%2C1706&ssl=1","jetpack-related-posts":[],"jetpack_sharing_enabled":true,"_links":{"self":[{"href":"https:\/\/infos-droitshumains.net\/index.php?rest_route=\/wp\/v2\/posts\/16180","targetHints":{"allow":["GET"]}}],"collection":[{"href":"https:\/\/infos-droitshumains.net\/index.php?rest_route=\/wp\/v2\/posts"}],"about":[{"href":"https:\/\/infos-droitshumains.net\/index.php?rest_route=\/wp\/v2\/types\/post"}],"author":[{"embeddable":true,"href":"https:\/\/infos-droitshumains.net\/index.php?rest_route=\/wp\/v2\/users\/2"}],"replies":[{"embeddable":true,"href":"https:\/\/infos-droitshumains.net\/index.php?rest_route=%2Fwp%2Fv2%2Fcomments&post=16180"}],"version-history":[{"count":2,"href":"https:\/\/infos-droitshumains.net\/index.php?rest_route=\/wp\/v2\/posts\/16180\/revisions"}],"predecessor-version":[{"id":16187,"href":"https:\/\/infos-droitshumains.net\/index.php?rest_route=\/wp\/v2\/posts\/16180\/revisions\/16187"}],"wp:featuredmedia":[{"embeddable":true,"href":"https:\/\/infos-droitshumains.net\/index.php?rest_route=\/wp\/v2\/media\/16182"}],"wp:attachment":[{"href":"https:\/\/infos-droitshumains.net\/index.php?rest_route=%2Fwp%2Fv2%2Fmedia&parent=16180"}],"wp:term":[{"taxonomy":"category","embeddable":true,"href":"https:\/\/infos-droitshumains.net\/index.php?rest_route=%2Fwp%2Fv2%2Fcategories&post=16180"},{"taxonomy":"post_tag","embeddable":true,"href":"https:\/\/infos-droitshumains.net\/index.php?rest_route=%2Fwp%2Fv2%2Ftags&post=16180"}],"curies":[{"name":"wp","href":"https:\/\/api.w.org\/{rel}","templated":true}]}}