{"id":1617,"date":"2022-01-21T20:28:09","date_gmt":"2022-01-21T19:28:09","guid":{"rendered":"https:\/\/infos-droitshumains.net\/?p=1617"},"modified":"2023-04-06T12:11:01","modified_gmt":"2023-04-06T10:11:01","slug":"tous-les-anciens-presidents-de-la-republique-et-premiers-ministres-sont-ils-injugeables-devant-les-juridictions-congolaises-de-droit-commun-pour-des-faits-infractionnels-commis-dans-lexercice","status":"publish","type":"post","link":"https:\/\/infos-droitshumains.net\/?p=1617","title":{"rendered":"Tous les anciens pr\u00e9sidents de la R\u00e9publique et premiers ministres sont-ils injugeables devant les juridictions congolaises de Droit Commun pour des faits Infractionnels commis dans l\u2019exercice ou \u00e0 l\u2019occasion de l\u2019exercice de leurs fonctions ? (Tribune de Me. Carlos Ngwapitshi Ngwamashi)"},"content":{"rendered":"\n<p><strong>R\u00e9daction :+243817406088<\/strong><\/p>\n\n\n\n<p>La comp\u00e9tence des juridictions congolaises pour juger un Pr\u00e9sident de la R\u00e9publique et un Premier Ministre, est pr\u00e9vue par les dispositions des articles 164 de la Constitution du 18 f\u00e9vrier 2006, 72 et 108 de la loi organique n\u00b0 13\/026 du 15 octobre 2013 portant organisation et fonctionnement de la Cour Constitutionnelle.<\/p>\n\n\n\n<p>En effet, la constitution en son article 164 susvis\u00e9, proclame que :<em> \u00ab la Cour Constitutionnelle est le juge p\u00e9nal du Pr\u00e9sident de la R\u00e9publique et du Premier Ministre pour des infractions politiques de haute trahison, d\u2019outrage au Parlement, d\u2019atteinte \u00e0 l\u2019honneur ou \u00e0 la probit\u00e9 ainsi que pour les d\u00e9lits d\u2019initi\u00e9 et pour les autres infractions de droit commun commises dans l\u2019exercice ou \u00e0 l\u2019occasion de l\u2019exercice de leurs fonctions. Elle est \u00e9galement comp\u00e9tente pour juger leurs co-auteurs et complices \u00bb.<\/em><\/p>\n\n\n\n<p>Cependant, l\u2019article 108 de la loi organique ci-haut r\u00e9f\u00e9renc\u00e9 dispose par contre que <em>\u00abpour des infractions commises en dehors de l\u2019exercice de leurs fonctions, les poursuites contre le Pr\u00e9sident de la R\u00e9publique et le Premier Ministre sont suspendues jusqu\u2019\u00e0 l\u2019expiration de leur mandat\u00a0\u00bb.<\/em> La prescription de l\u2019action publique est suspendue.<\/p>\n\n\n\n<p><strong><em>La juridiction comp\u00e9tente est celle de droit commun?<\/em><\/strong><\/p>\n\n\n\n<p>Par ailleurs, la Cour de Cassation a arr\u00eat\u00e9 que :<em> \u00ab b\u00e9n\u00e9ficie du privil\u00e8ge de juridiction et est justiciable de la Cour d\u2019Appel, le pr\u00e9venu ancien magistrat auteur des infractions commises dans l\u2019exercice ou \u00e0 l\u2019occasion de l\u2019exercice de cette fonction \u00bb<\/em> (CSJ. RPA 67. 28\/CR, 2 mars 1987, MP\/Ngo, s\u2019he, Gba, Rjz, n\u00b0 1.2.3 1988, pp.15-19, in bulletin des arr\u00eats CSJ, 1980-1984).    <br> Il ressort de la lecture intelligible de ces deux dispositions, la logique suivante:<\/p>\n\n\n\n<p><strong>Primo<\/strong> : pour des actes pos\u00e9s dans l\u2019exercice ou \u00e0 l\u2019occasion de l\u2019exercice de leurs fonctions, le Pr\u00e9sident de la R\u00e9publique et le Premier Ministre sont justiciables de la Cour Constitutionnelle (article 164 constitution) pour autant qu\u2019ils soient en fonction.<\/p>\n\n\n\n<p><strong>Secundo<\/strong> : Pour des actes pos\u00e9s en dehors de l\u2019exercice de leurs fonctions (par exemple, il peut arriver au chef de l\u2019Etat de commettre un viol sur mineur dans sa r\u00e9sidence priv\u00e9e), les poursuites seront suspendues jusqu\u2019\u00e0 l\u2019expiration de leur mandat.<\/p>\n\n\n\n<p>La prescription est dans ce cas, suspendue et les poursuites ne seront entam\u00e9es qu\u2019apr\u00e8s cessation de leur mandat et cette fois-l\u00e0, devant les juridictions de droit commun.<\/p>\n\n\n\n<p>Il va s\u2019en dire que pour toutes les infractions commises dans l\u2019exercice ou \u00e0 l\u2019occasion de l\u2019exercice de leurs fonctions par Messieurs Joseph Kabila, Muzito, Matata, Badibanga, Tshibala et Ilunkamba, et qui n\u2019ont pas fait l\u2019objet des poursuites pendant qu\u2019ils \u00e9taient en fonction, sont \u00e0 ce jour, \u00e9teintes des poursuites p\u00e9nales et prescrites. <\/p>\n\n\n\n<p>Au demeurant, cette extinction est expresse pour un ancien Pr\u00e9sident de la R\u00e9publique en vertu de l\u2019article 7 de la loi n\u00b0 18\/021 du 26\/07\/2018 portant statut des anciens Pr\u00e9sidents de la R\u00e9publique \u00e9lus et fixant les avantages accord\u00e9s aux anciens chefs des corps constitu\u00e9s qui dispose : <em>\u00ab Tout ancien Pr\u00e9sident de la R\u00e9publique \u00e9lu jouit de l\u2019immunit\u00e9 des poursuites p\u00e9nales pour les actes pos\u00e9s dans l\u2019exercice de ses fonctions \u00bb.<\/em><\/p>\n\n\n\n<p>Mais, n\u00e9anmoins, s\u2019il existe des faits infractionnels perp\u00e9tr\u00e9s en dehors de l\u2019exercice de leur fonction, la juridiction comp\u00e9tente sera le Tribunal mat\u00e9riellement comp\u00e9tent et ce, tenant compte du taux de la peine.<\/p>\n\n\n\n<p>Il en est des cas d\u2019abus de confiance ou d\u2019escroquerie qui peuvent \u00eatre retenus \u00e0 charge de ces autorit\u00e9s et elles peuvent \u00eatre jug\u00e9es devant le Tribunal de Paix.<br> Nous sommes tent\u00e9s de conclure humblement qu\u2019\u00e0 ce jour, aucune juridiction congolaise de Droit Commun n\u2019est comp\u00e9tente pour juger Messieurs Joseph Kabila, Muzito, Matata, Badibanga, Tshibala et Ilunkamba pour des faits infractionnels commis dans l\u2019exercice ou \u00e0 l\u2019occasion de l\u2019exercice de leurs fonctions de Pr\u00e9sident de la R\u00e9publique et Premier Ministre.<\/p>\n\n\n\n<p>Il est donc imp\u00e9rieux que les honorables D\u00e9put\u00e9s et S\u00e9nateurs constatent ce vide juridique et y pourvoient en lieu et place de s\u2019attarder sur des subjectivit\u00e9s.  <br> Toutes fois, le d\u00e9bat reste ouvert et nous sommes pr\u00eats pour en d\u00e9coudre avec qui veut, car du choc des id\u00e9es jaillit la lumi\u00e8re, dit-on.<\/p>\n\n\n\n<p>Carlos Ngwapitshi Ngwamashi<\/p>\n","protected":false},"excerpt":{"rendered":"<p>R\u00e9daction :+243817406088 La comp\u00e9tence des juridictions congolaises pour juger un Pr\u00e9sident de la R\u00e9publique et&#8230;<\/p>\n","protected":false},"author":2,"featured_media":0,"comment_status":"closed","ping_status":"open","sticky":false,"template":"","format":"standard","meta":{"_jetpack_memberships_contains_paid_content":false,"footnotes":""},"categories":[1],"tags":[],"class_list":["post-1617","post","type-post","status-publish","format-standard","hentry","category-non-classe"],"yoast_head":"<!-- This site is optimized with the Yoast SEO plugin v27.5 - https:\/\/yoast.com\/product\/yoast-seo-wordpress\/ -->\n<title>Tous les anciens pr\u00e9sidents de la R\u00e9publique et premiers ministres sont-ils injugeables devant les juridictions congolaises de Droit Commun pour des faits Infractionnels commis dans l\u2019exercice ou \u00e0 l\u2019occasion de l\u2019exercice de leurs fonctions ? (Tribune de Me. Carlos Ngwapitshi Ngwamashi) - Infos Droits Humains<\/title>\n<meta name=\"robots\" content=\"index, follow, max-snippet:-1, max-image-preview:large, max-video-preview:-1\" \/>\n<link rel=\"canonical\" href=\"https:\/\/infos-droitshumains.net\/?p=1617\" \/>\n<meta property=\"og:locale\" content=\"fr_FR\" \/>\n<meta property=\"og:type\" content=\"article\" \/>\n<meta property=\"og:title\" content=\"Tous les anciens pr\u00e9sidents de la R\u00e9publique et premiers ministres sont-ils injugeables devant les juridictions congolaises de Droit Commun pour des faits Infractionnels commis dans l\u2019exercice ou \u00e0 l\u2019occasion de l\u2019exercice de leurs fonctions ? (Tribune de Me. Carlos Ngwapitshi Ngwamashi) - Infos Droits Humains\" \/>\n<meta property=\"og:description\" content=\"R\u00e9daction :+243817406088 La comp\u00e9tence des juridictions congolaises pour juger un Pr\u00e9sident de la R\u00e9publique et...\" \/>\n<meta property=\"og:url\" content=\"https:\/\/infos-droitshumains.net\/?p=1617\" \/>\n<meta property=\"og:site_name\" content=\"Infos Droits Humains\" \/>\n<meta property=\"article:published_time\" content=\"2022-01-21T19:28:09+00:00\" \/>\n<meta property=\"article:modified_time\" content=\"2023-04-06T10:11:01+00:00\" \/>\n<meta name=\"author\" content=\"Jo\u00ebl Diawa\" \/>\n<meta name=\"twitter:card\" content=\"summary_large_image\" \/>\n<meta name=\"twitter:label1\" content=\"\u00c9crit par\" \/>\n\t<meta name=\"twitter:data1\" content=\"Jo\u00ebl Diawa\" \/>\n\t<meta name=\"twitter:label2\" content=\"Dur\u00e9e de lecture estim\u00e9e\" \/>\n\t<meta name=\"twitter:data2\" content=\"4 minutes\" \/>\n<script type=\"application\/ld+json\" class=\"yoast-schema-graph\">{\"@context\":\"https:\\\/\\\/schema.org\",\"@graph\":[{\"@type\":\"Article\",\"@id\":\"https:\\\/\\\/infos-droitshumains.net\\\/?p=1617#article\",\"isPartOf\":{\"@id\":\"https:\\\/\\\/infos-droitshumains.net\\\/?p=1617\"},\"author\":{\"name\":\"Jo\u00ebl Diawa\",\"@id\":\"https:\\\/\\\/infos-droitshumains.net\\\/#\\\/schema\\\/person\\\/3dc5e921c3302172e0ed4362f96faab7\"},\"headline\":\"Tous les anciens pr\u00e9sidents de la R\u00e9publique et premiers ministres sont-ils injugeables devant les juridictions congolaises de Droit Commun pour des faits Infractionnels commis dans l\u2019exercice ou \u00e0 l\u2019occasion de l\u2019exercice de leurs fonctions ? (Tribune de Me. Carlos Ngwapitshi Ngwamashi)\",\"datePublished\":\"2022-01-21T19:28:09+00:00\",\"dateModified\":\"2023-04-06T10:11:01+00:00\",\"mainEntityOfPage\":{\"@id\":\"https:\\\/\\\/infos-droitshumains.net\\\/?p=1617\"},\"wordCount\":781,\"publisher\":{\"@id\":\"https:\\\/\\\/infos-droitshumains.net\\\/#organization\"},\"inLanguage\":\"fr-FR\"},{\"@type\":\"WebPage\",\"@id\":\"https:\\\/\\\/infos-droitshumains.net\\\/?p=1617\",\"url\":\"https:\\\/\\\/infos-droitshumains.net\\\/?p=1617\",\"name\":\"Tous les anciens pr\u00e9sidents de la R\u00e9publique et premiers ministres sont-ils injugeables devant les juridictions congolaises de Droit Commun pour des faits Infractionnels commis dans l\u2019exercice ou \u00e0 l\u2019occasion de l\u2019exercice de leurs fonctions ? (Tribune de Me. Carlos Ngwapitshi Ngwamashi) - Infos Droits Humains\",\"isPartOf\":{\"@id\":\"https:\\\/\\\/infos-droitshumains.net\\\/#website\"},\"datePublished\":\"2022-01-21T19:28:09+00:00\",\"dateModified\":\"2023-04-06T10:11:01+00:00\",\"breadcrumb\":{\"@id\":\"https:\\\/\\\/infos-droitshumains.net\\\/?p=1617#breadcrumb\"},\"inLanguage\":\"fr-FR\",\"potentialAction\":[{\"@type\":\"ReadAction\",\"target\":[\"https:\\\/\\\/infos-droitshumains.net\\\/?p=1617\"]}]},{\"@type\":\"BreadcrumbList\",\"@id\":\"https:\\\/\\\/infos-droitshumains.net\\\/?p=1617#breadcrumb\",\"itemListElement\":[{\"@type\":\"ListItem\",\"position\":1,\"name\":\"Accueil\",\"item\":\"https:\\\/\\\/infos-droitshumains.net\\\/\"},{\"@type\":\"ListItem\",\"position\":2,\"name\":\"Tous les anciens pr\u00e9sidents de la R\u00e9publique et premiers ministres sont-ils injugeables devant les juridictions congolaises de Droit Commun pour des faits Infractionnels commis dans l\u2019exercice ou \u00e0 l\u2019occasion de l\u2019exercice de leurs fonctions ? (Tribune de Me. Carlos Ngwapitshi Ngwamashi)\"}]},{\"@type\":\"WebSite\",\"@id\":\"https:\\\/\\\/infos-droitshumains.net\\\/#website\",\"url\":\"https:\\\/\\\/infos-droitshumains.net\\\/\",\"name\":\"Infos Droits Humains\",\"description\":\"S&#039;informer est un droit\",\"publisher\":{\"@id\":\"https:\\\/\\\/infos-droitshumains.net\\\/#organization\"},\"potentialAction\":[{\"@type\":\"SearchAction\",\"target\":{\"@type\":\"EntryPoint\",\"urlTemplate\":\"https:\\\/\\\/infos-droitshumains.net\\\/?s={search_term_string}\"},\"query-input\":{\"@type\":\"PropertyValueSpecification\",\"valueRequired\":true,\"valueName\":\"search_term_string\"}}],\"inLanguage\":\"fr-FR\"},{\"@type\":\"Organization\",\"@id\":\"https:\\\/\\\/infos-droitshumains.net\\\/#organization\",\"name\":\"Infos Droits Humains\",\"url\":\"https:\\\/\\\/infos-droitshumains.net\\\/\",\"logo\":{\"@type\":\"ImageObject\",\"inLanguage\":\"fr-FR\",\"@id\":\"https:\\\/\\\/infos-droitshumains.net\\\/#\\\/schema\\\/logo\\\/image\\\/\",\"url\":\"https:\\\/\\\/i0.wp.com\\\/infos-droitshumains.net\\\/wp-content\\\/uploads\\\/2022\\\/05\\\/Logo.png?fit=333%2C129&ssl=1\",\"contentUrl\":\"https:\\\/\\\/i0.wp.com\\\/infos-droitshumains.net\\\/wp-content\\\/uploads\\\/2022\\\/05\\\/Logo.png?fit=333%2C129&ssl=1\",\"width\":333,\"height\":129,\"caption\":\"Infos Droits Humains\"},\"image\":{\"@id\":\"https:\\\/\\\/infos-droitshumains.net\\\/#\\\/schema\\\/logo\\\/image\\\/\"}},{\"@type\":\"Person\",\"@id\":\"https:\\\/\\\/infos-droitshumains.net\\\/#\\\/schema\\\/person\\\/3dc5e921c3302172e0ed4362f96faab7\",\"name\":\"Jo\u00ebl Diawa\",\"image\":{\"@type\":\"ImageObject\",\"inLanguage\":\"fr-FR\",\"@id\":\"https:\\\/\\\/secure.gravatar.com\\\/avatar\\\/729bea6ff4604c624417803c477363be8e3c7186deaa65713313f9b4b820f41c?s=96&d=mm&r=g\",\"url\":\"https:\\\/\\\/secure.gravatar.com\\\/avatar\\\/729bea6ff4604c624417803c477363be8e3c7186deaa65713313f9b4b820f41c?s=96&d=mm&r=g\",\"contentUrl\":\"https:\\\/\\\/secure.gravatar.com\\\/avatar\\\/729bea6ff4604c624417803c477363be8e3c7186deaa65713313f9b4b820f41c?s=96&d=mm&r=g\",\"caption\":\"Jo\u00ebl Diawa\"},\"sameAs\":[\"https:\\\/\\\/www.infos-droitshumains.net\"],\"url\":\"https:\\\/\\\/infos-droitshumains.net\\\/?author=2\"}]}<\/script>\n<!-- \/ Yoast SEO plugin. -->","yoast_head_json":{"title":"Tous les anciens pr\u00e9sidents de la R\u00e9publique et premiers ministres sont-ils injugeables devant les juridictions congolaises de Droit Commun pour des faits Infractionnels commis dans l\u2019exercice ou \u00e0 l\u2019occasion de l\u2019exercice de leurs fonctions ? (Tribune de Me. Carlos Ngwapitshi Ngwamashi) - Infos Droits Humains","robots":{"index":"index","follow":"follow","max-snippet":"max-snippet:-1","max-image-preview":"max-image-preview:large","max-video-preview":"max-video-preview:-1"},"canonical":"https:\/\/infos-droitshumains.net\/?p=1617","og_locale":"fr_FR","og_type":"article","og_title":"Tous les anciens pr\u00e9sidents de la R\u00e9publique et premiers ministres sont-ils injugeables devant les juridictions congolaises de Droit Commun pour des faits Infractionnels commis dans l\u2019exercice ou \u00e0 l\u2019occasion de l\u2019exercice de leurs fonctions ? (Tribune de Me. Carlos Ngwapitshi Ngwamashi) - Infos Droits Humains","og_description":"R\u00e9daction :+243817406088 La comp\u00e9tence des juridictions congolaises pour juger un Pr\u00e9sident de la R\u00e9publique et...","og_url":"https:\/\/infos-droitshumains.net\/?p=1617","og_site_name":"Infos Droits Humains","article_published_time":"2022-01-21T19:28:09+00:00","article_modified_time":"2023-04-06T10:11:01+00:00","author":"Jo\u00ebl Diawa","twitter_card":"summary_large_image","twitter_misc":{"\u00c9crit par":"Jo\u00ebl Diawa","Dur\u00e9e de lecture estim\u00e9e":"4 minutes"},"schema":{"@context":"https:\/\/schema.org","@graph":[{"@type":"Article","@id":"https:\/\/infos-droitshumains.net\/?p=1617#article","isPartOf":{"@id":"https:\/\/infos-droitshumains.net\/?p=1617"},"author":{"name":"Jo\u00ebl Diawa","@id":"https:\/\/infos-droitshumains.net\/#\/schema\/person\/3dc5e921c3302172e0ed4362f96faab7"},"headline":"Tous les anciens pr\u00e9sidents de la R\u00e9publique et premiers ministres sont-ils injugeables devant les juridictions congolaises de Droit Commun pour des faits Infractionnels commis dans l\u2019exercice ou \u00e0 l\u2019occasion de l\u2019exercice de leurs fonctions ? (Tribune de Me. Carlos Ngwapitshi Ngwamashi)","datePublished":"2022-01-21T19:28:09+00:00","dateModified":"2023-04-06T10:11:01+00:00","mainEntityOfPage":{"@id":"https:\/\/infos-droitshumains.net\/?p=1617"},"wordCount":781,"publisher":{"@id":"https:\/\/infos-droitshumains.net\/#organization"},"inLanguage":"fr-FR"},{"@type":"WebPage","@id":"https:\/\/infos-droitshumains.net\/?p=1617","url":"https:\/\/infos-droitshumains.net\/?p=1617","name":"Tous les anciens pr\u00e9sidents de la R\u00e9publique et premiers ministres sont-ils injugeables devant les juridictions congolaises de Droit Commun pour des faits Infractionnels commis dans l\u2019exercice ou \u00e0 l\u2019occasion de l\u2019exercice de leurs fonctions ? (Tribune de Me. Carlos Ngwapitshi Ngwamashi) - Infos Droits Humains","isPartOf":{"@id":"https:\/\/infos-droitshumains.net\/#website"},"datePublished":"2022-01-21T19:28:09+00:00","dateModified":"2023-04-06T10:11:01+00:00","breadcrumb":{"@id":"https:\/\/infos-droitshumains.net\/?p=1617#breadcrumb"},"inLanguage":"fr-FR","potentialAction":[{"@type":"ReadAction","target":["https:\/\/infos-droitshumains.net\/?p=1617"]}]},{"@type":"BreadcrumbList","@id":"https:\/\/infos-droitshumains.net\/?p=1617#breadcrumb","itemListElement":[{"@type":"ListItem","position":1,"name":"Accueil","item":"https:\/\/infos-droitshumains.net\/"},{"@type":"ListItem","position":2,"name":"Tous les anciens pr\u00e9sidents de la R\u00e9publique et premiers ministres sont-ils injugeables devant les juridictions congolaises de Droit Commun pour des faits Infractionnels commis dans l\u2019exercice ou \u00e0 l\u2019occasion de l\u2019exercice de leurs fonctions ? (Tribune de Me. Carlos Ngwapitshi Ngwamashi)"}]},{"@type":"WebSite","@id":"https:\/\/infos-droitshumains.net\/#website","url":"https:\/\/infos-droitshumains.net\/","name":"Infos Droits Humains","description":"S&#039;informer est un droit","publisher":{"@id":"https:\/\/infos-droitshumains.net\/#organization"},"potentialAction":[{"@type":"SearchAction","target":{"@type":"EntryPoint","urlTemplate":"https:\/\/infos-droitshumains.net\/?s={search_term_string}"},"query-input":{"@type":"PropertyValueSpecification","valueRequired":true,"valueName":"search_term_string"}}],"inLanguage":"fr-FR"},{"@type":"Organization","@id":"https:\/\/infos-droitshumains.net\/#organization","name":"Infos Droits Humains","url":"https:\/\/infos-droitshumains.net\/","logo":{"@type":"ImageObject","inLanguage":"fr-FR","@id":"https:\/\/infos-droitshumains.net\/#\/schema\/logo\/image\/","url":"https:\/\/i0.wp.com\/infos-droitshumains.net\/wp-content\/uploads\/2022\/05\/Logo.png?fit=333%2C129&ssl=1","contentUrl":"https:\/\/i0.wp.com\/infos-droitshumains.net\/wp-content\/uploads\/2022\/05\/Logo.png?fit=333%2C129&ssl=1","width":333,"height":129,"caption":"Infos Droits Humains"},"image":{"@id":"https:\/\/infos-droitshumains.net\/#\/schema\/logo\/image\/"}},{"@type":"Person","@id":"https:\/\/infos-droitshumains.net\/#\/schema\/person\/3dc5e921c3302172e0ed4362f96faab7","name":"Jo\u00ebl Diawa","image":{"@type":"ImageObject","inLanguage":"fr-FR","@id":"https:\/\/secure.gravatar.com\/avatar\/729bea6ff4604c624417803c477363be8e3c7186deaa65713313f9b4b820f41c?s=96&d=mm&r=g","url":"https:\/\/secure.gravatar.com\/avatar\/729bea6ff4604c624417803c477363be8e3c7186deaa65713313f9b4b820f41c?s=96&d=mm&r=g","contentUrl":"https:\/\/secure.gravatar.com\/avatar\/729bea6ff4604c624417803c477363be8e3c7186deaa65713313f9b4b820f41c?s=96&d=mm&r=g","caption":"Jo\u00ebl Diawa"},"sameAs":["https:\/\/www.infos-droitshumains.net"],"url":"https:\/\/infos-droitshumains.net\/?author=2"}]}},"featured_image_urls":{"full":"","thumbnail":"","medium":"","medium_large":"","large":"","1536x1536":"","2048x2048":"","covernews-slider-full":"","covernews-slider-center":"","covernews-featured":"","covernews-medium":"","covernews-medium-square":""},"author_info":{"display_name":"Jo\u00ebl Diawa","author_link":"https:\/\/infos-droitshumains.net\/?author=2"},"category_info":"<a href=\"https:\/\/infos-droitshumains.net\/?cat=1\" rel=\"category\">Non class\u00e9<\/a>","tag_info":"Non class\u00e9","comment_count":"0","jetpack_featured_media_url":"","jetpack-related-posts":[],"jetpack_sharing_enabled":true,"_links":{"self":[{"href":"https:\/\/infos-droitshumains.net\/index.php?rest_route=\/wp\/v2\/posts\/1617","targetHints":{"allow":["GET"]}}],"collection":[{"href":"https:\/\/infos-droitshumains.net\/index.php?rest_route=\/wp\/v2\/posts"}],"about":[{"href":"https:\/\/infos-droitshumains.net\/index.php?rest_route=\/wp\/v2\/types\/post"}],"author":[{"embeddable":true,"href":"https:\/\/infos-droitshumains.net\/index.php?rest_route=\/wp\/v2\/users\/2"}],"replies":[{"embeddable":true,"href":"https:\/\/infos-droitshumains.net\/index.php?rest_route=%2Fwp%2Fv2%2Fcomments&post=1617"}],"version-history":[{"count":3,"href":"https:\/\/infos-droitshumains.net\/index.php?rest_route=\/wp\/v2\/posts\/1617\/revisions"}],"predecessor-version":[{"id":1621,"href":"https:\/\/infos-droitshumains.net\/index.php?rest_route=\/wp\/v2\/posts\/1617\/revisions\/1621"}],"wp:attachment":[{"href":"https:\/\/infos-droitshumains.net\/index.php?rest_route=%2Fwp%2Fv2%2Fmedia&parent=1617"}],"wp:term":[{"taxonomy":"category","embeddable":true,"href":"https:\/\/infos-droitshumains.net\/index.php?rest_route=%2Fwp%2Fv2%2Fcategories&post=1617"},{"taxonomy":"post_tag","embeddable":true,"href":"https:\/\/infos-droitshumains.net\/index.php?rest_route=%2Fwp%2Fv2%2Ftags&post=1617"}],"curies":[{"name":"wp","href":"https:\/\/api.w.org\/{rel}","templated":true}]}}