{"id":1609,"date":"2022-01-21T00:24:40","date_gmt":"2022-01-20T23:24:40","guid":{"rendered":"https:\/\/infos-droitshumains.net\/?p=1609"},"modified":"2023-04-06T12:11:01","modified_gmt":"2023-04-06T10:11:01","slug":"refus-de-comparution-de-joseph-kabila-au-proces-chebeya-bazana-la-demande-etait-legitime-mais-le-refus-est-rationnel-selon-me-arlette-odia","status":"publish","type":"post","link":"https:\/\/infos-droitshumains.net\/?p=1609","title":{"rendered":"Refus de comparution de Joseph Kabila au proc\u00e8s Chebeya-Bazana : La demande \u00e9tait l\u00e9gitime, mais le refus est rationnel selon Me. Arlette Odia"},"content":{"rendered":"\n<p><strong>R\u00e9daction:+243817406088<\/strong><\/p>\n\n\n\n<p>Le pr\u00e9sident de la haute cour militaire a, par un jugement avant dire droit rendu ce mercredi 19 janvier dans le cadre du proc\u00e8s du double assassinat de Floribert Chebeya et Fid\u00e8le Bazana, rejet\u00e9 la demande de comparution de Joseph Kabila comme renseignant telle que formul\u00e9e par les parties civiles.<\/p>\n\n\n\n<p>Pour Me Arlette Odia, la demande des parties civiles \u00e9tait l\u00e9gitime, mais le refus du pr\u00e9sident de la haute cour militaire est rationnel :<\/p>\n\n\n\n<p><strong><em>\u00ab La demande des parties civiles sollicitant de la cour, la comparution de l&rsquo;ancien pr\u00e9sident de la R\u00e9publique Joseph Kabila est l\u00e9gitime, parce-que, dans un proc\u00e8s, chacune des parties a besoin d&rsquo;exploiter les \u00e9l\u00e9ments en sa disposition en vue de convaincre le juge. Mais pour notre part le rejet de cette demande par la haute cour militaire et aussi rationnel. Elle vient suivre l&rsquo;argumentaire de l&rsquo;officier du minist\u00e8re public. D\u00e9j\u00e0 au moment o\u00f9 Paul Mwilambwe faisait ses d\u00e9positions, l&rsquo;auditeur g\u00e9n\u00e9ral avait relev\u00e9 qu&rsquo;il y avait des incoh\u00e9rences dans la mani\u00e8re de pr\u00e9senter les faits. Cela nous para\u00eet rationnel aussi parce-que, l&rsquo;ancien pr\u00e9sident de la R\u00e9publique Joseph Kabila b\u00e9n\u00e9ficie d&rsquo;une certaine pr\u00e9somption d\u2019homme correct \u00bb.<\/em><\/strong><\/p>\n\n\n\n<p>A la question de savoir si une main noire serait derri\u00e8re cette d\u00e9marche des parties civiles ma\u00eetre Arlette Odia n&rsquo;a pas bronch\u00e9 tout en jetant des fleurs \u00e0 la haute cour pour sa dext\u00e9rit\u00e9:<\/p>\n\n\n\n<p><strong><em>\u00ab Des proc\u00e8s comme celle-l\u00e0 ne peuvent pas manquer de main noire. Il y a toujours des tireurs des ficelles, mais jusqu&rsquo;ici la cour a quand m\u00eame montr\u00e9 sa rationalit\u00e9, non seulement sur la demande la comparution de Joseph Kabila, mais aussi sur le d\u00e9roulement du proc\u00e8s dans son ensemble. Vous avez vu la cour acc\u00e9der \u00e0 chacune des  demandes telles que formul\u00e9es par les parties au proc\u00e8s. Les juges essaie de se mettre au-dessus des intentions des manigances des tireurs des ficelles \u00bb.<\/em><\/strong><\/p>\n\n\n\n<p>En d\u00e9pit de la l\u00e9gitimit\u00e9 de cette demande, la pr\u00e9sidente ex\u00e9cutive du Collectif pour le D\u00e9veloppement et l\u2019Unit\u00e9 du Congo \u00ab <strong><em>CDUC<\/em><\/strong> \u00bb qui soup\u00e7onne certains pesanteurs politiques derri\u00e8re cette d\u00e9marche visant \u00e0 faire compara\u00eetre l&rsquo;ancien pr\u00e9sident, invite en outre les parties civiles \u00e0 ne pas aller au dos de la cuill\u00e8re si elles veulent aller jusqu&rsquo;au bout de leur d\u00e9marche :<\/p>\n\n\n\n<p><em><strong>\u00ab Vous allez voir que les mobiles poursuivi par les parties civiles vise \u00e0 faire juger le pr\u00e9sident Joseph Kabila. Cela para\u00eet l\u00e9gitime. Mais il ne faut pas se servir de la cour pour faire compara\u00eetre l&rsquo;ancien pr\u00e9sident Joseph Kabila. Il faut initier une action principale contre lui. M\u00eame si apr\u00e8s, on se rend compte que tous les \u00e9l\u00e9ments du dossier sont l\u00e0, les incriminations faites contre sa personne ne convainquent m\u00eame pas l&rsquo;auditorat g\u00e9n\u00e9ral \u00bb<\/strong><\/em> a-t-elle indiqu\u00e9.<\/p>\n\n\n\n<p>Le pr\u00e9sident de la haute cour militaire qui a rejet\u00e9 la demande des parties sans en donnant les motivations a dit user de son pouvoir discr\u00e9tionnaire. Il a par ailleurs annonc\u00e9 le d\u00e9but des plaidoiries d\u00e8s le 26 janvier prochain.<\/p>\n\n\n\n<p>Jo\u00ebl Diawa<\/p>\n","protected":false},"excerpt":{"rendered":"<p>R\u00e9daction:+243817406088 Le pr\u00e9sident de la haute cour militaire a, par un jugement avant dire droit&#8230;<\/p>\n","protected":false},"author":2,"featured_media":0,"comment_status":"closed","ping_status":"open","sticky":false,"template":"","format":"standard","meta":{"_jetpack_memberships_contains_paid_content":false,"footnotes":""},"categories":[1],"tags":[],"class_list":["post-1609","post","type-post","status-publish","format-standard","hentry","category-non-classe"],"yoast_head":"<!-- This site is optimized with the Yoast SEO plugin v27.5 - https:\/\/yoast.com\/product\/yoast-seo-wordpress\/ -->\n<title>Refus de comparution de Joseph Kabila au proc\u00e8s Chebeya-Bazana : La demande \u00e9tait l\u00e9gitime, mais le refus est rationnel selon Me. Arlette Odia - Infos Droits Humains<\/title>\n<meta name=\"robots\" content=\"index, follow, max-snippet:-1, max-image-preview:large, max-video-preview:-1\" \/>\n<link rel=\"canonical\" href=\"https:\/\/infos-droitshumains.net\/?p=1609\" \/>\n<meta property=\"og:locale\" content=\"fr_FR\" \/>\n<meta property=\"og:type\" content=\"article\" \/>\n<meta property=\"og:title\" content=\"Refus de comparution de Joseph Kabila au proc\u00e8s Chebeya-Bazana : La demande \u00e9tait l\u00e9gitime, mais le refus est rationnel selon Me. Arlette Odia - Infos Droits Humains\" \/>\n<meta property=\"og:description\" content=\"R\u00e9daction:+243817406088 Le pr\u00e9sident de la haute cour militaire a, par un jugement avant dire droit...\" \/>\n<meta property=\"og:url\" content=\"https:\/\/infos-droitshumains.net\/?p=1609\" \/>\n<meta property=\"og:site_name\" content=\"Infos Droits Humains\" \/>\n<meta property=\"article:published_time\" content=\"2022-01-20T23:24:40+00:00\" \/>\n<meta property=\"article:modified_time\" content=\"2023-04-06T10:11:01+00:00\" \/>\n<meta name=\"author\" content=\"Jo\u00ebl Diawa\" \/>\n<meta name=\"twitter:card\" content=\"summary_large_image\" \/>\n<meta name=\"twitter:label1\" content=\"\u00c9crit par\" \/>\n\t<meta name=\"twitter:data1\" content=\"Jo\u00ebl Diawa\" \/>\n\t<meta name=\"twitter:label2\" content=\"Dur\u00e9e de lecture estim\u00e9e\" \/>\n\t<meta name=\"twitter:data2\" content=\"3 minutes\" \/>\n<script type=\"application\/ld+json\" class=\"yoast-schema-graph\">{\"@context\":\"https:\\\/\\\/schema.org\",\"@graph\":[{\"@type\":\"Article\",\"@id\":\"https:\\\/\\\/infos-droitshumains.net\\\/?p=1609#article\",\"isPartOf\":{\"@id\":\"https:\\\/\\\/infos-droitshumains.net\\\/?p=1609\"},\"author\":{\"name\":\"Jo\u00ebl Diawa\",\"@id\":\"https:\\\/\\\/infos-droitshumains.net\\\/#\\\/schema\\\/person\\\/3dc5e921c3302172e0ed4362f96faab7\"},\"headline\":\"Refus de comparution de Joseph Kabila au proc\u00e8s Chebeya-Bazana : La demande \u00e9tait l\u00e9gitime, mais le refus est rationnel selon Me. Arlette Odia\",\"datePublished\":\"2022-01-20T23:24:40+00:00\",\"dateModified\":\"2023-04-06T10:11:01+00:00\",\"mainEntityOfPage\":{\"@id\":\"https:\\\/\\\/infos-droitshumains.net\\\/?p=1609\"},\"wordCount\":563,\"publisher\":{\"@id\":\"https:\\\/\\\/infos-droitshumains.net\\\/#organization\"},\"inLanguage\":\"fr-FR\"},{\"@type\":\"WebPage\",\"@id\":\"https:\\\/\\\/infos-droitshumains.net\\\/?p=1609\",\"url\":\"https:\\\/\\\/infos-droitshumains.net\\\/?p=1609\",\"name\":\"Refus de comparution de Joseph Kabila au proc\u00e8s Chebeya-Bazana : La demande \u00e9tait l\u00e9gitime, mais le refus est rationnel selon Me. Arlette Odia - Infos Droits Humains\",\"isPartOf\":{\"@id\":\"https:\\\/\\\/infos-droitshumains.net\\\/#website\"},\"datePublished\":\"2022-01-20T23:24:40+00:00\",\"dateModified\":\"2023-04-06T10:11:01+00:00\",\"breadcrumb\":{\"@id\":\"https:\\\/\\\/infos-droitshumains.net\\\/?p=1609#breadcrumb\"},\"inLanguage\":\"fr-FR\",\"potentialAction\":[{\"@type\":\"ReadAction\",\"target\":[\"https:\\\/\\\/infos-droitshumains.net\\\/?p=1609\"]}]},{\"@type\":\"BreadcrumbList\",\"@id\":\"https:\\\/\\\/infos-droitshumains.net\\\/?p=1609#breadcrumb\",\"itemListElement\":[{\"@type\":\"ListItem\",\"position\":1,\"name\":\"Accueil\",\"item\":\"https:\\\/\\\/infos-droitshumains.net\\\/\"},{\"@type\":\"ListItem\",\"position\":2,\"name\":\"Refus de comparution de Joseph Kabila au proc\u00e8s Chebeya-Bazana : La demande \u00e9tait l\u00e9gitime, mais le refus est rationnel selon Me. Arlette Odia\"}]},{\"@type\":\"WebSite\",\"@id\":\"https:\\\/\\\/infos-droitshumains.net\\\/#website\",\"url\":\"https:\\\/\\\/infos-droitshumains.net\\\/\",\"name\":\"Infos Droits Humains\",\"description\":\"S&#039;informer est un droit\",\"publisher\":{\"@id\":\"https:\\\/\\\/infos-droitshumains.net\\\/#organization\"},\"potentialAction\":[{\"@type\":\"SearchAction\",\"target\":{\"@type\":\"EntryPoint\",\"urlTemplate\":\"https:\\\/\\\/infos-droitshumains.net\\\/?s={search_term_string}\"},\"query-input\":{\"@type\":\"PropertyValueSpecification\",\"valueRequired\":true,\"valueName\":\"search_term_string\"}}],\"inLanguage\":\"fr-FR\"},{\"@type\":\"Organization\",\"@id\":\"https:\\\/\\\/infos-droitshumains.net\\\/#organization\",\"name\":\"Infos Droits Humains\",\"url\":\"https:\\\/\\\/infos-droitshumains.net\\\/\",\"logo\":{\"@type\":\"ImageObject\",\"inLanguage\":\"fr-FR\",\"@id\":\"https:\\\/\\\/infos-droitshumains.net\\\/#\\\/schema\\\/logo\\\/image\\\/\",\"url\":\"https:\\\/\\\/i0.wp.com\\\/infos-droitshumains.net\\\/wp-content\\\/uploads\\\/2022\\\/05\\\/Logo.png?fit=333%2C129&ssl=1\",\"contentUrl\":\"https:\\\/\\\/i0.wp.com\\\/infos-droitshumains.net\\\/wp-content\\\/uploads\\\/2022\\\/05\\\/Logo.png?fit=333%2C129&ssl=1\",\"width\":333,\"height\":129,\"caption\":\"Infos Droits Humains\"},\"image\":{\"@id\":\"https:\\\/\\\/infos-droitshumains.net\\\/#\\\/schema\\\/logo\\\/image\\\/\"}},{\"@type\":\"Person\",\"@id\":\"https:\\\/\\\/infos-droitshumains.net\\\/#\\\/schema\\\/person\\\/3dc5e921c3302172e0ed4362f96faab7\",\"name\":\"Jo\u00ebl Diawa\",\"image\":{\"@type\":\"ImageObject\",\"inLanguage\":\"fr-FR\",\"@id\":\"https:\\\/\\\/secure.gravatar.com\\\/avatar\\\/729bea6ff4604c624417803c477363be8e3c7186deaa65713313f9b4b820f41c?s=96&d=mm&r=g\",\"url\":\"https:\\\/\\\/secure.gravatar.com\\\/avatar\\\/729bea6ff4604c624417803c477363be8e3c7186deaa65713313f9b4b820f41c?s=96&d=mm&r=g\",\"contentUrl\":\"https:\\\/\\\/secure.gravatar.com\\\/avatar\\\/729bea6ff4604c624417803c477363be8e3c7186deaa65713313f9b4b820f41c?s=96&d=mm&r=g\",\"caption\":\"Jo\u00ebl Diawa\"},\"sameAs\":[\"https:\\\/\\\/www.infos-droitshumains.net\"],\"url\":\"https:\\\/\\\/infos-droitshumains.net\\\/?author=2\"}]}<\/script>\n<!-- \/ Yoast SEO plugin. -->","yoast_head_json":{"title":"Refus de comparution de Joseph Kabila au proc\u00e8s Chebeya-Bazana : La demande \u00e9tait l\u00e9gitime, mais le refus est rationnel selon Me. Arlette Odia - Infos Droits Humains","robots":{"index":"index","follow":"follow","max-snippet":"max-snippet:-1","max-image-preview":"max-image-preview:large","max-video-preview":"max-video-preview:-1"},"canonical":"https:\/\/infos-droitshumains.net\/?p=1609","og_locale":"fr_FR","og_type":"article","og_title":"Refus de comparution de Joseph Kabila au proc\u00e8s Chebeya-Bazana : La demande \u00e9tait l\u00e9gitime, mais le refus est rationnel selon Me. Arlette Odia - Infos Droits Humains","og_description":"R\u00e9daction:+243817406088 Le pr\u00e9sident de la haute cour militaire a, par un jugement avant dire droit...","og_url":"https:\/\/infos-droitshumains.net\/?p=1609","og_site_name":"Infos Droits Humains","article_published_time":"2022-01-20T23:24:40+00:00","article_modified_time":"2023-04-06T10:11:01+00:00","author":"Jo\u00ebl Diawa","twitter_card":"summary_large_image","twitter_misc":{"\u00c9crit par":"Jo\u00ebl Diawa","Dur\u00e9e de lecture estim\u00e9e":"3 minutes"},"schema":{"@context":"https:\/\/schema.org","@graph":[{"@type":"Article","@id":"https:\/\/infos-droitshumains.net\/?p=1609#article","isPartOf":{"@id":"https:\/\/infos-droitshumains.net\/?p=1609"},"author":{"name":"Jo\u00ebl Diawa","@id":"https:\/\/infos-droitshumains.net\/#\/schema\/person\/3dc5e921c3302172e0ed4362f96faab7"},"headline":"Refus de comparution de Joseph Kabila au proc\u00e8s Chebeya-Bazana : La demande \u00e9tait l\u00e9gitime, mais le refus est rationnel selon Me. Arlette Odia","datePublished":"2022-01-20T23:24:40+00:00","dateModified":"2023-04-06T10:11:01+00:00","mainEntityOfPage":{"@id":"https:\/\/infos-droitshumains.net\/?p=1609"},"wordCount":563,"publisher":{"@id":"https:\/\/infos-droitshumains.net\/#organization"},"inLanguage":"fr-FR"},{"@type":"WebPage","@id":"https:\/\/infos-droitshumains.net\/?p=1609","url":"https:\/\/infos-droitshumains.net\/?p=1609","name":"Refus de comparution de Joseph Kabila au proc\u00e8s Chebeya-Bazana : La demande \u00e9tait l\u00e9gitime, mais le refus est rationnel selon Me. Arlette Odia - Infos Droits Humains","isPartOf":{"@id":"https:\/\/infos-droitshumains.net\/#website"},"datePublished":"2022-01-20T23:24:40+00:00","dateModified":"2023-04-06T10:11:01+00:00","breadcrumb":{"@id":"https:\/\/infos-droitshumains.net\/?p=1609#breadcrumb"},"inLanguage":"fr-FR","potentialAction":[{"@type":"ReadAction","target":["https:\/\/infos-droitshumains.net\/?p=1609"]}]},{"@type":"BreadcrumbList","@id":"https:\/\/infos-droitshumains.net\/?p=1609#breadcrumb","itemListElement":[{"@type":"ListItem","position":1,"name":"Accueil","item":"https:\/\/infos-droitshumains.net\/"},{"@type":"ListItem","position":2,"name":"Refus de comparution de Joseph Kabila au proc\u00e8s Chebeya-Bazana : La demande \u00e9tait l\u00e9gitime, mais le refus est rationnel selon Me. Arlette Odia"}]},{"@type":"WebSite","@id":"https:\/\/infos-droitshumains.net\/#website","url":"https:\/\/infos-droitshumains.net\/","name":"Infos Droits Humains","description":"S&#039;informer est un droit","publisher":{"@id":"https:\/\/infos-droitshumains.net\/#organization"},"potentialAction":[{"@type":"SearchAction","target":{"@type":"EntryPoint","urlTemplate":"https:\/\/infos-droitshumains.net\/?s={search_term_string}"},"query-input":{"@type":"PropertyValueSpecification","valueRequired":true,"valueName":"search_term_string"}}],"inLanguage":"fr-FR"},{"@type":"Organization","@id":"https:\/\/infos-droitshumains.net\/#organization","name":"Infos Droits Humains","url":"https:\/\/infos-droitshumains.net\/","logo":{"@type":"ImageObject","inLanguage":"fr-FR","@id":"https:\/\/infos-droitshumains.net\/#\/schema\/logo\/image\/","url":"https:\/\/i0.wp.com\/infos-droitshumains.net\/wp-content\/uploads\/2022\/05\/Logo.png?fit=333%2C129&ssl=1","contentUrl":"https:\/\/i0.wp.com\/infos-droitshumains.net\/wp-content\/uploads\/2022\/05\/Logo.png?fit=333%2C129&ssl=1","width":333,"height":129,"caption":"Infos Droits Humains"},"image":{"@id":"https:\/\/infos-droitshumains.net\/#\/schema\/logo\/image\/"}},{"@type":"Person","@id":"https:\/\/infos-droitshumains.net\/#\/schema\/person\/3dc5e921c3302172e0ed4362f96faab7","name":"Jo\u00ebl Diawa","image":{"@type":"ImageObject","inLanguage":"fr-FR","@id":"https:\/\/secure.gravatar.com\/avatar\/729bea6ff4604c624417803c477363be8e3c7186deaa65713313f9b4b820f41c?s=96&d=mm&r=g","url":"https:\/\/secure.gravatar.com\/avatar\/729bea6ff4604c624417803c477363be8e3c7186deaa65713313f9b4b820f41c?s=96&d=mm&r=g","contentUrl":"https:\/\/secure.gravatar.com\/avatar\/729bea6ff4604c624417803c477363be8e3c7186deaa65713313f9b4b820f41c?s=96&d=mm&r=g","caption":"Jo\u00ebl Diawa"},"sameAs":["https:\/\/www.infos-droitshumains.net"],"url":"https:\/\/infos-droitshumains.net\/?author=2"}]}},"featured_image_urls":{"full":"","thumbnail":"","medium":"","medium_large":"","large":"","1536x1536":"","2048x2048":"","covernews-slider-full":"","covernews-slider-center":"","covernews-featured":"","covernews-medium":"","covernews-medium-square":""},"author_info":{"display_name":"Jo\u00ebl Diawa","author_link":"https:\/\/infos-droitshumains.net\/?author=2"},"category_info":"<a href=\"https:\/\/infos-droitshumains.net\/?cat=1\" rel=\"category\">Non class\u00e9<\/a>","tag_info":"Non class\u00e9","comment_count":"0","jetpack_featured_media_url":"","jetpack-related-posts":[],"jetpack_sharing_enabled":true,"_links":{"self":[{"href":"https:\/\/infos-droitshumains.net\/index.php?rest_route=\/wp\/v2\/posts\/1609","targetHints":{"allow":["GET"]}}],"collection":[{"href":"https:\/\/infos-droitshumains.net\/index.php?rest_route=\/wp\/v2\/posts"}],"about":[{"href":"https:\/\/infos-droitshumains.net\/index.php?rest_route=\/wp\/v2\/types\/post"}],"author":[{"embeddable":true,"href":"https:\/\/infos-droitshumains.net\/index.php?rest_route=\/wp\/v2\/users\/2"}],"replies":[{"embeddable":true,"href":"https:\/\/infos-droitshumains.net\/index.php?rest_route=%2Fwp%2Fv2%2Fcomments&post=1609"}],"version-history":[{"count":2,"href":"https:\/\/infos-droitshumains.net\/index.php?rest_route=\/wp\/v2\/posts\/1609\/revisions"}],"predecessor-version":[{"id":1611,"href":"https:\/\/infos-droitshumains.net\/index.php?rest_route=\/wp\/v2\/posts\/1609\/revisions\/1611"}],"wp:attachment":[{"href":"https:\/\/infos-droitshumains.net\/index.php?rest_route=%2Fwp%2Fv2%2Fmedia&parent=1609"}],"wp:term":[{"taxonomy":"category","embeddable":true,"href":"https:\/\/infos-droitshumains.net\/index.php?rest_route=%2Fwp%2Fv2%2Fcategories&post=1609"},{"taxonomy":"post_tag","embeddable":true,"href":"https:\/\/infos-droitshumains.net\/index.php?rest_route=%2Fwp%2Fv2%2Ftags&post=1609"}],"curies":[{"name":"wp","href":"https:\/\/api.w.org\/{rel}","templated":true}]}}